{"id":9332,"date":"2025-10-17T21:39:49","date_gmt":"2025-10-17T21:39:49","guid":{"rendered":"https:\/\/www.lejournalci.org\/?p=9332"},"modified":"2025-10-17T21:42:21","modified_gmt":"2025-10-17T21:42:21","slug":"rdc-cinq-nouveaux-ambassadeurs-accredites-ont-ete-presente-leurs-lettres-de-creances-au-president-felix-tshisekedi","status":"publish","type":"post","link":"https:\/\/www.lejournalci.org\/index.php\/2025\/10\/17\/rdc-cinq-nouveaux-ambassadeurs-accredites-ont-ete-presente-leurs-lettres-de-creances-au-president-felix-tshisekedi\/","title":{"rendered":"RDC: Cinq Nouveaux Ambassadeurs Accr\u00e9dit\u00e9s ont \u00e9t\u00e9 pr\u00e9sent\u00e9 leurs lettres de cr\u00e9ances au Pr\u00e9sident F\u00e9lix Tshisekedi"},"content":{"rendered":"\n<p>Le jeudi 16 octobre, \u00e0 sa r\u00e9sidence officielle du Mont Ngaliema, le Pr\u00e9sident de la R\u00e9publique F\u00e9lix Antoine Tshisekedi Tshilombo a re\u00e7u les lettres de cr\u00e9ance de cinq ambassadeurs extraordinaires et pl\u00e9nipotentiaires nouvellement accr\u00e9dit\u00e9s \u00e0 Kinshasa, en R\u00e9publique D\u00e9mocratique du Congo (RDC).<\/p>\n\n\n\n<p>Il s\u2019agit de Messieurs Nacim Gaouaou, Ambassadeur extraordinaire et pl\u00e9nipotentiaire de la R\u00e9publique alg\u00e9rienne d\u00e9mocratique et populaire, L\u00e9o Trembley de la Conf\u00e9d\u00e9ration helv\u00e9tique (Suisse), Bjorn Klouman Bekken du Royaume de Norv\u00e8ge, Sipapela Cletius Sipapela de la Namibie et Abdoulaye Bathily du S\u00e9n\u00e9gal.<\/p>\n\n\n\n<p>N\u00e9 en 1971 \u00e0 Alger, le diplomate alg\u00e9rien est licenci\u00e9 en Sciences \u00e9conomiques \u00e0 l&#8217;Institut de Sciences \u00e9conomiques \u00e0 Alger. En 2005, il a obtenu l&#8217;attestation de formation en Diplomatie \u00e0 l&#8217;Institut diplomatique et Relations internationales. Avant d&#8217;\u00eatre accr\u00e9dit\u00e9 en RDC, il \u00e9tait Ambassadeur, repr\u00e9sentant permanent adjoint pr\u00e8s les Nations-Unies \u00e0 New York, aux \u00c9tats-Unis d\u2019Am\u00e9rique.<\/p>\n\n\n\n<p>Pour ce qui est du nouvel ambassadeur suisse en RDC, Leo Trembley, c\u2019est un exp\u00e9riment\u00e9 qui a occup\u00e9 la fonction de Chef de mission adjoint au sein de l&#8217;ambassade de Suisse en charge de la C\u00f4te d&#8217;ivoire, du Burkina Faso, de la Guin\u00e9e, de la Sierra L\u00e9one et du Liberia.<\/p>\n\n\n\n<p>Bjorn Klouman, le diplomate norv\u00e9gien a \u00e9t\u00e9, avant sa nomination en RDC, Secr\u00e9taire d&#8217;ambassade \u00e0 l&#8217;ambassade de Norv\u00e8ge \u00e0 Kaboul, en Afghanistan et stagiaire au minist\u00e8re des Affaires \u00e9trang\u00e8res \u00e0 Oslo. Il est d\u00e9tenteur d\u2019un master en Sciences politiques.<\/p>\n\n\n\n<p>Pays ami de la RDC, la Norv\u00e8ge a soutenu la candidature congolaise pour un si\u00e8ge non permanent au Conseil de s\u00e9curit\u00e9 de l&#8217;ONU.<\/p>\n\n\n\n<p>Nouvel ambassadeur de la Namibie en RDC, Monsieur Sipapela Cletius a servi son pays dans plusieurs domaines en qualit\u00e9 de Conseiller r\u00e9gional.<\/p>\n\n\n\n<p>La RDC et la Namibie entretiennent des relations de coop\u00e9ration dans plusieurs domaines, notamment l\u2019\u00e9conomie, la s\u00e9curit\u00e9 et la politique.<\/p>\n\n\n\n<p>Enfin, le nouvel ambassadeur extraordinaire et pl\u00e9nipotentiaire de la R\u00e9publique du S\u00e9n\u00e9gal en RDC \u00e9tait, avant sa nomination, Secr\u00e9taire ad int\u00e9rim des organisations internationales et de la mondialisation au minist\u00e8re des Affaires \u00e9trang\u00e8res et des S\u00e9n\u00e9galais de l&#8217;ext\u00e9rieur.<\/p>\n\n\n\n<p>Ces diff\u00e9rentes c\u00e9r\u00e9monies solennelles marquent le d\u00e9but officiel de la mission diplomatique de ces nouveaux ambassadeurs en RDC et t\u00e9moignent de la vitalit\u00e9 des relations d\u2019amiti\u00e9 et de coop\u00e9ration entre la RDC et leurs \u00c9tats respectifs.<\/p>\n\n\n\n<figure class=\"wp-block-image size-large\"><img loading=\"lazy\" decoding=\"async\" width=\"1024\" height=\"576\" src=\"https:\/\/www.lejournalci.org\/wp-content\/uploads\/2025\/10\/1001354474-edited-1024x576.jpg\" alt=\"\" class=\"wp-image-9334\" srcset=\"https:\/\/www.lejournalci.org\/wp-content\/uploads\/2025\/10\/1001354474-edited-1024x576.jpg 1024w, https:\/\/www.lejournalci.org\/wp-content\/uploads\/2025\/10\/1001354474-edited-300x169.jpg 300w, https:\/\/www.lejournalci.org\/wp-content\/uploads\/2025\/10\/1001354474-edited-768x432.jpg 768w, https:\/\/www.lejournalci.org\/wp-content\/uploads\/2025\/10\/1001354474-edited.jpg 1280w\" sizes=\"auto, (max-width: 1024px) 100vw, 1024px\" \/><\/figure>\n\n\n\n<figure class=\"wp-block-image size-full\"><img loading=\"lazy\" decoding=\"async\" width=\"720\" height=\"405\" src=\"https:\/\/www.lejournalci.org\/wp-content\/uploads\/2025\/10\/1001354476-edited.jpg\" alt=\"\" class=\"wp-image-9338\" srcset=\"https:\/\/www.lejournalci.org\/wp-content\/uploads\/2025\/10\/1001354476-edited.jpg 720w, https:\/\/www.lejournalci.org\/wp-content\/uploads\/2025\/10\/1001354476-edited-300x169.jpg 300w\" sizes=\"auto, (max-width: 720px) 100vw, 720px\" \/><\/figure>\n\n\n\n<figure class=\"wp-block-image size-full\"><img loading=\"lazy\" decoding=\"async\" width=\"853\" height=\"480\" src=\"https:\/\/www.lejournalci.org\/wp-content\/uploads\/2025\/10\/1001354473-edited.jpg\" alt=\"\" class=\"wp-image-9340\" srcset=\"https:\/\/www.lejournalci.org\/wp-content\/uploads\/2025\/10\/1001354473-edited.jpg 853w, https:\/\/www.lejournalci.org\/wp-content\/uploads\/2025\/10\/1001354473-edited-300x169.jpg 300w, https:\/\/www.lejournalci.org\/wp-content\/uploads\/2025\/10\/1001354473-edited-768x432.jpg 768w\" sizes=\"auto, (max-width: 853px) 100vw, 853px\" \/><\/figure>\n\n\n\n<figure class=\"wp-block-image size-large\"><img loading=\"lazy\" decoding=\"async\" width=\"1024\" height=\"576\" src=\"https:\/\/www.lejournalci.org\/wp-content\/uploads\/2025\/10\/1001354472-edited-1024x576.jpg\" alt=\"\" class=\"wp-image-9342\" srcset=\"https:\/\/www.lejournalci.org\/wp-content\/uploads\/2025\/10\/1001354472-edited-1024x576.jpg 1024w, https:\/\/www.lejournalci.org\/wp-content\/uploads\/2025\/10\/1001354472-edited-300x169.jpg 300w, https:\/\/www.lejournalci.org\/wp-content\/uploads\/2025\/10\/1001354472-edited-768x432.jpg 768w, https:\/\/www.lejournalci.org\/wp-content\/uploads\/2025\/10\/1001354472-edited.jpg 1280w\" sizes=\"auto, (max-width: 1024px) 100vw, 1024px\" \/><\/figure>\n","protected":false},"excerpt":{"rendered":"<p>Le jeudi 16 octobre, \u00e0 sa r\u00e9sidence officielle du Mont Ngaliema, le Pr\u00e9sident de la R\u00e9publique F\u00e9lix Antoine Tshisekedi Tshilombo a re\u00e7u les lettres de cr\u00e9ance de cinq ambassadeurs extraordinaires et pl\u00e9nipotentiaires nouvellement accr\u00e9dit\u00e9s \u00e0 Kinshasa, en R\u00e9publique D\u00e9mocratique du Congo (RDC). Il s\u2019agit de Messieurs Nacim Gaouaou, Ambassadeur extraordinaire<\/p>\n","protected":false},"author":3,"featured_media":9336,"comment_status":"closed","ping_status":"open","sticky":false,"template":"","format":"standard","meta":{"colormag_page_container_layout":"default_layout","colormag_page_sidebar_layout":"default_layout","_jetpack_memberships_contains_paid_content":false,"footnotes":"","jetpack_publicize_message":"","jetpack_publicize_feature_enabled":true,"jetpack_social_post_already_shared":true,"jetpack_social_options":{"image_generator_settings":{"template":"highway","default_image_id":0,"font":"","enabled":false},"version":2}},"categories":[51],"tags":[],"class_list":["post-9332","post","type-post","status-publish","format-standard","has-post-thumbnail","hentry","category-diplomatie"],"magazineBlocksPostFeaturedMedia":{"thumbnail":"https:\/\/www.lejournalci.org\/wp-content\/uploads\/2025\/10\/1001354475-edited-150x150.jpg","medium":"https:\/\/www.lejournalci.org\/wp-content\/uploads\/2025\/10\/1001354475-edited-300x169.jpg","medium_large":"https:\/\/www.lejournalci.org\/wp-content\/uploads\/2025\/10\/1001354475-edited.jpg","large":"https:\/\/www.lejournalci.org\/wp-content\/uploads\/2025\/10\/1001354475-edited.jpg","1536x1536":"https:\/\/www.lejournalci.org\/wp-content\/uploads\/2025\/10\/1001354475-edited.jpg","2048x2048":"https:\/\/www.lejournalci.org\/wp-content\/uploads\/2025\/10\/1001354475-edited.jpg","colormag-highlighted-post":"https:\/\/www.lejournalci.org\/wp-content\/uploads\/2025\/10\/1001354475-edited-392x272.jpg","colormag-featured-post-medium":"https:\/\/www.lejournalci.org\/wp-content\/uploads\/2025\/10\/1001354475-edited-390x205.jpg","colormag-featured-post-small":"https:\/\/www.lejournalci.org\/wp-content\/uploads\/2025\/10\/1001354475-edited-130x90.jpg","colormag-featured-image":"https:\/\/www.lejournalci.org\/wp-content\/uploads\/2025\/10\/1001354475-edited.jpg","colormag-default-news":"https:\/\/www.lejournalci.org\/wp-content\/uploads\/2025\/10\/1001354475-edited-150x150.jpg","colormag-featured-image-large":"https:\/\/www.lejournalci.org\/wp-content\/uploads\/2025\/10\/1001354475-edited.jpg"},"magazineBlocksPostAuthor":{"name":"La R\u00e9daction CI","avatar":"https:\/\/secure.gravatar.com\/avatar\/e63ab2ab378e283740d8889fbe2ec43fdcee7ac714a480d705f61cb1e5675c4c?s=96&d=mm&r=g"},"magazineBlocksPostCommentsNumber":false,"magazineBlocksPostExcerpt":"Le jeudi 16 octobre, \u00e0 sa r\u00e9sidence officielle du Mont Ngaliema, le Pr\u00e9sident de la R\u00e9publique F\u00e9lix Antoine Tshisekedi Tshilombo a re\u00e7u les lettres de cr\u00e9ance de cinq ambassadeurs extraordinaires et pl\u00e9nipotentiaires nouvellement accr\u00e9dit\u00e9s \u00e0 Kinshasa, en R\u00e9publique D\u00e9mocratique du Congo (RDC). Il s\u2019agit de Messieurs Nacim Gaouaou, Ambassadeur extraordinaire","magazineBlocksPostCategories":["DIPLOMATIE"],"magazineBlocksPostViewCount":271,"magazineBlocksPostReadTime":3,"magazine_blocks_featured_image_url":{"full":["https:\/\/www.lejournalci.org\/wp-content\/uploads\/2025\/10\/1001354475-edited.jpg",719,405,false],"medium":["https:\/\/www.lejournalci.org\/wp-content\/uploads\/2025\/10\/1001354475-edited-300x169.jpg",300,169,true],"thumbnail":["https:\/\/www.lejournalci.org\/wp-content\/uploads\/2025\/10\/1001354475-edited-150x150.jpg",150,150,true]},"magazine_blocks_author":{"display_name":"La R\u00e9daction CI","author_link":"https:\/\/www.lejournalci.org\/index.php\/author\/noebricendongyahoo-fr\/"},"magazine_blocks_comment":0,"magazine_blocks_author_image":"https:\/\/secure.gravatar.com\/avatar\/e63ab2ab378e283740d8889fbe2ec43fdcee7ac714a480d705f61cb1e5675c4c?s=96&d=mm&r=g","magazine_blocks_category":"<a href=\"#\" class=\"category-link category-link-51\">DIPLOMATIE<\/a>","yoast_head":"<!-- This site is optimized with the Yoast SEO plugin v26.2 - https:\/\/yoast.com\/wordpress\/plugins\/seo\/ -->\n<title>RDC: Cinq Nouveaux Ambassadeurs Accr\u00e9dit\u00e9s ont \u00e9t\u00e9 pr\u00e9sent\u00e9 leurs lettres de cr\u00e9ances au Pr\u00e9sident F\u00e9lix Tshisekedi - Cooperation Internationale<\/title>\n<meta name=\"robots\" content=\"index, follow, max-snippet:-1, max-image-preview:large, max-video-preview:-1\" \/>\n<link rel=\"canonical\" href=\"https:\/\/www.lejournalci.org\/index.php\/2025\/10\/17\/rdc-cinq-nouveaux-ambassadeurs-accredites-ont-ete-presente-leurs-lettres-de-creances-au-president-felix-tshisekedi\/\" \/>\n<meta property=\"og:locale\" content=\"fr_FR\" \/>\n<meta property=\"og:type\" content=\"article\" \/>\n<meta property=\"og:title\" content=\"RDC: Cinq Nouveaux Ambassadeurs Accr\u00e9dit\u00e9s ont \u00e9t\u00e9 pr\u00e9sent\u00e9 leurs lettres de cr\u00e9ances au Pr\u00e9sident F\u00e9lix Tshisekedi - Cooperation Internationale\" \/>\n<meta property=\"og:description\" content=\"Le jeudi 16 octobre, \u00e0 sa r\u00e9sidence officielle du Mont Ngaliema, le Pr\u00e9sident de la R\u00e9publique F\u00e9lix Antoine Tshisekedi Tshilombo a re\u00e7u les lettres de cr\u00e9ance de cinq ambassadeurs extraordinaires et pl\u00e9nipotentiaires nouvellement accr\u00e9dit\u00e9s \u00e0 Kinshasa, en R\u00e9publique D\u00e9mocratique du Congo (RDC). Il s\u2019agit de Messieurs Nacim Gaouaou, Ambassadeur extraordinaire\" \/>\n<meta property=\"og:url\" content=\"https:\/\/www.lejournalci.org\/index.php\/2025\/10\/17\/rdc-cinq-nouveaux-ambassadeurs-accredites-ont-ete-presente-leurs-lettres-de-creances-au-president-felix-tshisekedi\/\" \/>\n<meta property=\"og:site_name\" content=\"Cooperation Internationale\" \/>\n<meta property=\"article:publisher\" content=\"https:\/\/www.facebook.com\/journalCI\/\" \/>\n<meta property=\"article:published_time\" content=\"2025-10-17T21:39:49+00:00\" \/>\n<meta property=\"article:modified_time\" content=\"2025-10-17T21:42:21+00:00\" \/>\n<meta property=\"og:image\" content=\"https:\/\/www.lejournalci.org\/wp-content\/uploads\/2025\/10\/1001354475-edited.jpg\" \/>\n\t<meta property=\"og:image:width\" content=\"719\" \/>\n\t<meta property=\"og:image:height\" content=\"405\" \/>\n\t<meta property=\"og:image:type\" content=\"image\/jpeg\" \/>\n<meta name=\"author\" content=\"La R\u00e9daction CI\" \/>\n<meta name=\"twitter:card\" content=\"summary_large_image\" \/>\n<meta name=\"twitter:creator\" content=\"@lejournalc\" \/>\n<meta name=\"twitter:site\" content=\"@lejournalc\" \/>\n<meta name=\"twitter:label1\" content=\"\u00c9crit par\" \/>\n\t<meta name=\"twitter:data1\" content=\"La R\u00e9daction CI\" \/>\n\t<meta name=\"twitter:label2\" content=\"Dur\u00e9e de lecture estim\u00e9e\" \/>\n\t<meta name=\"twitter:data2\" content=\"3 minutes\" \/>\n<script type=\"application\/ld+json\" class=\"yoast-schema-graph\">{\"@context\":\"https:\/\/schema.org\",\"@graph\":[{\"@type\":\"Article\",\"@id\":\"https:\/\/www.lejournalci.org\/index.php\/2025\/10\/17\/rdc-cinq-nouveaux-ambassadeurs-accredites-ont-ete-presente-leurs-lettres-de-creances-au-president-felix-tshisekedi\/#article\",\"isPartOf\":{\"@id\":\"https:\/\/www.lejournalci.org\/index.php\/2025\/10\/17\/rdc-cinq-nouveaux-ambassadeurs-accredites-ont-ete-presente-leurs-lettres-de-creances-au-president-felix-tshisekedi\/\"},\"author\":{\"name\":\"La R\u00e9daction CI\",\"@id\":\"https:\/\/www.lejournalci.org\/#\/schema\/person\/2efe42dc5459aaaf6d89cb27e736002b\"},\"headline\":\"RDC: Cinq Nouveaux Ambassadeurs Accr\u00e9dit\u00e9s ont \u00e9t\u00e9 pr\u00e9sent\u00e9 leurs lettres de cr\u00e9ances au Pr\u00e9sident F\u00e9lix Tshisekedi\",\"datePublished\":\"2025-10-17T21:39:49+00:00\",\"dateModified\":\"2025-10-17T21:42:21+00:00\",\"mainEntityOfPage\":{\"@id\":\"https:\/\/www.lejournalci.org\/index.php\/2025\/10\/17\/rdc-cinq-nouveaux-ambassadeurs-accredites-ont-ete-presente-leurs-lettres-de-creances-au-president-felix-tshisekedi\/\"},\"wordCount\":453,\"publisher\":{\"@id\":\"https:\/\/www.lejournalci.org\/#organization\"},\"image\":{\"@id\":\"https:\/\/www.lejournalci.org\/index.php\/2025\/10\/17\/rdc-cinq-nouveaux-ambassadeurs-accredites-ont-ete-presente-leurs-lettres-de-creances-au-president-felix-tshisekedi\/#primaryimage\"},\"thumbnailUrl\":\"https:\/\/www.lejournalci.org\/wp-content\/uploads\/2025\/10\/1001354475-edited.jpg\",\"articleSection\":[\"DIPLOMATIE\"],\"inLanguage\":\"fr-FR\"},{\"@type\":\"WebPage\",\"@id\":\"https:\/\/www.lejournalci.org\/index.php\/2025\/10\/17\/rdc-cinq-nouveaux-ambassadeurs-accredites-ont-ete-presente-leurs-lettres-de-creances-au-president-felix-tshisekedi\/\",\"url\":\"https:\/\/www.lejournalci.org\/index.php\/2025\/10\/17\/rdc-cinq-nouveaux-ambassadeurs-accredites-ont-ete-presente-leurs-lettres-de-creances-au-president-felix-tshisekedi\/\",\"name\":\"RDC: Cinq Nouveaux Ambassadeurs Accr\u00e9dit\u00e9s ont \u00e9t\u00e9 pr\u00e9sent\u00e9 leurs lettres de cr\u00e9ances au Pr\u00e9sident F\u00e9lix Tshisekedi - Cooperation Internationale\",\"isPartOf\":{\"@id\":\"https:\/\/www.lejournalci.org\/#website\"},\"primaryImageOfPage\":{\"@id\":\"https:\/\/www.lejournalci.org\/index.php\/2025\/10\/17\/rdc-cinq-nouveaux-ambassadeurs-accredites-ont-ete-presente-leurs-lettres-de-creances-au-president-felix-tshisekedi\/#primaryimage\"},\"image\":{\"@id\":\"https:\/\/www.lejournalci.org\/index.php\/2025\/10\/17\/rdc-cinq-nouveaux-ambassadeurs-accredites-ont-ete-presente-leurs-lettres-de-creances-au-president-felix-tshisekedi\/#primaryimage\"},\"thumbnailUrl\":\"https:\/\/www.lejournalci.org\/wp-content\/uploads\/2025\/10\/1001354475-edited.jpg\",\"datePublished\":\"2025-10-17T21:39:49+00:00\",\"dateModified\":\"2025-10-17T21:42:21+00:00\",\"breadcrumb\":{\"@id\":\"https:\/\/www.lejournalci.org\/index.php\/2025\/10\/17\/rdc-cinq-nouveaux-ambassadeurs-accredites-ont-ete-presente-leurs-lettres-de-creances-au-president-felix-tshisekedi\/#breadcrumb\"},\"inLanguage\":\"fr-FR\",\"potentialAction\":[{\"@type\":\"ReadAction\",\"target\":[\"https:\/\/www.lejournalci.org\/index.php\/2025\/10\/17\/rdc-cinq-nouveaux-ambassadeurs-accredites-ont-ete-presente-leurs-lettres-de-creances-au-president-felix-tshisekedi\/\"]}]},{\"@type\":\"ImageObject\",\"inLanguage\":\"fr-FR\",\"@id\":\"https:\/\/www.lejournalci.org\/index.php\/2025\/10\/17\/rdc-cinq-nouveaux-ambassadeurs-accredites-ont-ete-presente-leurs-lettres-de-creances-au-president-felix-tshisekedi\/#primaryimage\",\"url\":\"https:\/\/www.lejournalci.org\/wp-content\/uploads\/2025\/10\/1001354475-edited.jpg\",\"contentUrl\":\"https:\/\/www.lejournalci.org\/wp-content\/uploads\/2025\/10\/1001354475-edited.jpg\",\"width\":719,\"height\":405},{\"@type\":\"BreadcrumbList\",\"@id\":\"https:\/\/www.lejournalci.org\/index.php\/2025\/10\/17\/rdc-cinq-nouveaux-ambassadeurs-accredites-ont-ete-presente-leurs-lettres-de-creances-au-president-felix-tshisekedi\/#breadcrumb\",\"itemListElement\":[{\"@type\":\"ListItem\",\"position\":1,\"name\":\"Accueil\",\"item\":\"https:\/\/www.lejournalci.org\/\"},{\"@type\":\"ListItem\",\"position\":2,\"name\":\"RDC: Cinq Nouveaux Ambassadeurs Accr\u00e9dit\u00e9s ont \u00e9t\u00e9 pr\u00e9sent\u00e9 leurs lettres de cr\u00e9ances au Pr\u00e9sident F\u00e9lix Tshisekedi\"}]},{\"@type\":\"WebSite\",\"@id\":\"https:\/\/www.lejournalci.org\/#website\",\"url\":\"https:\/\/www.lejournalci.org\/\",\"name\":\"Cooperation Internationale\",\"description\":\"Faire de la Coop\u00e9ration un Puissant Instrument de D\u00e9veloppement\",\"publisher\":{\"@id\":\"https:\/\/www.lejournalci.org\/#organization\"},\"potentialAction\":[{\"@type\":\"SearchAction\",\"target\":{\"@type\":\"EntryPoint\",\"urlTemplate\":\"https:\/\/www.lejournalci.org\/?s={search_term_string}\"},\"query-input\":{\"@type\":\"PropertyValueSpecification\",\"valueRequired\":true,\"valueName\":\"search_term_string\"}}],\"inLanguage\":\"fr-FR\"},{\"@type\":\"Organization\",\"@id\":\"https:\/\/www.lejournalci.org\/#organization\",\"name\":\"Cooperation Internationale\",\"url\":\"https:\/\/www.lejournalci.org\/\",\"logo\":{\"@type\":\"ImageObject\",\"inLanguage\":\"fr-FR\",\"@id\":\"https:\/\/www.lejournalci.org\/#\/schema\/logo\/image\/\",\"url\":\"https:\/\/www.lejournalci.org\/wp-content\/uploads\/2024\/12\/logo-coopint_HD_3.jpg\",\"contentUrl\":\"https:\/\/www.lejournalci.org\/wp-content\/uploads\/2024\/12\/logo-coopint_HD_3.jpg\",\"width\":700,\"height\":214,\"caption\":\"Cooperation Internationale\"},\"image\":{\"@id\":\"https:\/\/www.lejournalci.org\/#\/schema\/logo\/image\/\"},\"sameAs\":[\"https:\/\/www.facebook.com\/journalCI\/\",\"https:\/\/x.com\/lejournalc\"]},{\"@type\":\"Person\",\"@id\":\"https:\/\/www.lejournalci.org\/#\/schema\/person\/2efe42dc5459aaaf6d89cb27e736002b\",\"name\":\"La R\u00e9daction CI\",\"image\":{\"@type\":\"ImageObject\",\"inLanguage\":\"fr-FR\",\"@id\":\"https:\/\/www.lejournalci.org\/#\/schema\/person\/image\/\",\"url\":\"https:\/\/secure.gravatar.com\/avatar\/e63ab2ab378e283740d8889fbe2ec43fdcee7ac714a480d705f61cb1e5675c4c?s=96&d=mm&r=g\",\"contentUrl\":\"https:\/\/secure.gravatar.com\/avatar\/e63ab2ab378e283740d8889fbe2ec43fdcee7ac714a480d705f61cb1e5675c4c?s=96&d=mm&r=g\",\"caption\":\"La R\u00e9daction CI\"},\"url\":\"https:\/\/www.lejournalci.org\/index.php\/author\/noebricendongyahoo-fr\/\"}]}<\/script>\n<!-- \/ Yoast SEO plugin. -->","yoast_head_json":{"title":"RDC: Cinq Nouveaux Ambassadeurs Accr\u00e9dit\u00e9s ont \u00e9t\u00e9 pr\u00e9sent\u00e9 leurs lettres de cr\u00e9ances au Pr\u00e9sident F\u00e9lix Tshisekedi - Cooperation Internationale","robots":{"index":"index","follow":"follow","max-snippet":"max-snippet:-1","max-image-preview":"max-image-preview:large","max-video-preview":"max-video-preview:-1"},"canonical":"https:\/\/www.lejournalci.org\/index.php\/2025\/10\/17\/rdc-cinq-nouveaux-ambassadeurs-accredites-ont-ete-presente-leurs-lettres-de-creances-au-president-felix-tshisekedi\/","og_locale":"fr_FR","og_type":"article","og_title":"RDC: Cinq Nouveaux Ambassadeurs Accr\u00e9dit\u00e9s ont \u00e9t\u00e9 pr\u00e9sent\u00e9 leurs lettres de cr\u00e9ances au Pr\u00e9sident F\u00e9lix Tshisekedi - Cooperation Internationale","og_description":"Le jeudi 16 octobre, \u00e0 sa r\u00e9sidence officielle du Mont Ngaliema, le Pr\u00e9sident de la R\u00e9publique F\u00e9lix Antoine Tshisekedi Tshilombo a re\u00e7u les lettres de cr\u00e9ance de cinq ambassadeurs extraordinaires et pl\u00e9nipotentiaires nouvellement accr\u00e9dit\u00e9s \u00e0 Kinshasa, en R\u00e9publique D\u00e9mocratique du Congo (RDC). Il s\u2019agit de Messieurs Nacim Gaouaou, Ambassadeur extraordinaire","og_url":"https:\/\/www.lejournalci.org\/index.php\/2025\/10\/17\/rdc-cinq-nouveaux-ambassadeurs-accredites-ont-ete-presente-leurs-lettres-de-creances-au-president-felix-tshisekedi\/","og_site_name":"Cooperation Internationale","article_publisher":"https:\/\/www.facebook.com\/journalCI\/","article_published_time":"2025-10-17T21:39:49+00:00","article_modified_time":"2025-10-17T21:42:21+00:00","og_image":[{"width":719,"height":405,"url":"https:\/\/www.lejournalci.org\/wp-content\/uploads\/2025\/10\/1001354475-edited.jpg","type":"image\/jpeg"}],"author":"La R\u00e9daction CI","twitter_card":"summary_large_image","twitter_creator":"@lejournalc","twitter_site":"@lejournalc","twitter_misc":{"\u00c9crit par":"La R\u00e9daction CI","Dur\u00e9e de lecture estim\u00e9e":"3 minutes"},"schema":{"@context":"https:\/\/schema.org","@graph":[{"@type":"Article","@id":"https:\/\/www.lejournalci.org\/index.php\/2025\/10\/17\/rdc-cinq-nouveaux-ambassadeurs-accredites-ont-ete-presente-leurs-lettres-de-creances-au-president-felix-tshisekedi\/#article","isPartOf":{"@id":"https:\/\/www.lejournalci.org\/index.php\/2025\/10\/17\/rdc-cinq-nouveaux-ambassadeurs-accredites-ont-ete-presente-leurs-lettres-de-creances-au-president-felix-tshisekedi\/"},"author":{"name":"La R\u00e9daction CI","@id":"https:\/\/www.lejournalci.org\/#\/schema\/person\/2efe42dc5459aaaf6d89cb27e736002b"},"headline":"RDC: Cinq Nouveaux Ambassadeurs Accr\u00e9dit\u00e9s ont \u00e9t\u00e9 pr\u00e9sent\u00e9 leurs lettres de cr\u00e9ances au Pr\u00e9sident F\u00e9lix Tshisekedi","datePublished":"2025-10-17T21:39:49+00:00","dateModified":"2025-10-17T21:42:21+00:00","mainEntityOfPage":{"@id":"https:\/\/www.lejournalci.org\/index.php\/2025\/10\/17\/rdc-cinq-nouveaux-ambassadeurs-accredites-ont-ete-presente-leurs-lettres-de-creances-au-president-felix-tshisekedi\/"},"wordCount":453,"publisher":{"@id":"https:\/\/www.lejournalci.org\/#organization"},"image":{"@id":"https:\/\/www.lejournalci.org\/index.php\/2025\/10\/17\/rdc-cinq-nouveaux-ambassadeurs-accredites-ont-ete-presente-leurs-lettres-de-creances-au-president-felix-tshisekedi\/#primaryimage"},"thumbnailUrl":"https:\/\/www.lejournalci.org\/wp-content\/uploads\/2025\/10\/1001354475-edited.jpg","articleSection":["DIPLOMATIE"],"inLanguage":"fr-FR"},{"@type":"WebPage","@id":"https:\/\/www.lejournalci.org\/index.php\/2025\/10\/17\/rdc-cinq-nouveaux-ambassadeurs-accredites-ont-ete-presente-leurs-lettres-de-creances-au-president-felix-tshisekedi\/","url":"https:\/\/www.lejournalci.org\/index.php\/2025\/10\/17\/rdc-cinq-nouveaux-ambassadeurs-accredites-ont-ete-presente-leurs-lettres-de-creances-au-president-felix-tshisekedi\/","name":"RDC: Cinq Nouveaux Ambassadeurs Accr\u00e9dit\u00e9s ont \u00e9t\u00e9 pr\u00e9sent\u00e9 leurs lettres de cr\u00e9ances au Pr\u00e9sident F\u00e9lix Tshisekedi - Cooperation Internationale","isPartOf":{"@id":"https:\/\/www.lejournalci.org\/#website"},"primaryImageOfPage":{"@id":"https:\/\/www.lejournalci.org\/index.php\/2025\/10\/17\/rdc-cinq-nouveaux-ambassadeurs-accredites-ont-ete-presente-leurs-lettres-de-creances-au-president-felix-tshisekedi\/#primaryimage"},"image":{"@id":"https:\/\/www.lejournalci.org\/index.php\/2025\/10\/17\/rdc-cinq-nouveaux-ambassadeurs-accredites-ont-ete-presente-leurs-lettres-de-creances-au-president-felix-tshisekedi\/#primaryimage"},"thumbnailUrl":"https:\/\/www.lejournalci.org\/wp-content\/uploads\/2025\/10\/1001354475-edited.jpg","datePublished":"2025-10-17T21:39:49+00:00","dateModified":"2025-10-17T21:42:21+00:00","breadcrumb":{"@id":"https:\/\/www.lejournalci.org\/index.php\/2025\/10\/17\/rdc-cinq-nouveaux-ambassadeurs-accredites-ont-ete-presente-leurs-lettres-de-creances-au-president-felix-tshisekedi\/#breadcrumb"},"inLanguage":"fr-FR","potentialAction":[{"@type":"ReadAction","target":["https:\/\/www.lejournalci.org\/index.php\/2025\/10\/17\/rdc-cinq-nouveaux-ambassadeurs-accredites-ont-ete-presente-leurs-lettres-de-creances-au-president-felix-tshisekedi\/"]}]},{"@type":"ImageObject","inLanguage":"fr-FR","@id":"https:\/\/www.lejournalci.org\/index.php\/2025\/10\/17\/rdc-cinq-nouveaux-ambassadeurs-accredites-ont-ete-presente-leurs-lettres-de-creances-au-president-felix-tshisekedi\/#primaryimage","url":"https:\/\/www.lejournalci.org\/wp-content\/uploads\/2025\/10\/1001354475-edited.jpg","contentUrl":"https:\/\/www.lejournalci.org\/wp-content\/uploads\/2025\/10\/1001354475-edited.jpg","width":719,"height":405},{"@type":"BreadcrumbList","@id":"https:\/\/www.lejournalci.org\/index.php\/2025\/10\/17\/rdc-cinq-nouveaux-ambassadeurs-accredites-ont-ete-presente-leurs-lettres-de-creances-au-president-felix-tshisekedi\/#breadcrumb","itemListElement":[{"@type":"ListItem","position":1,"name":"Accueil","item":"https:\/\/www.lejournalci.org\/"},{"@type":"ListItem","position":2,"name":"RDC: Cinq Nouveaux Ambassadeurs Accr\u00e9dit\u00e9s ont \u00e9t\u00e9 pr\u00e9sent\u00e9 leurs lettres de cr\u00e9ances au Pr\u00e9sident F\u00e9lix Tshisekedi"}]},{"@type":"WebSite","@id":"https:\/\/www.lejournalci.org\/#website","url":"https:\/\/www.lejournalci.org\/","name":"Cooperation Internationale","description":"Faire de la Coop\u00e9ration un Puissant Instrument de D\u00e9veloppement","publisher":{"@id":"https:\/\/www.lejournalci.org\/#organization"},"potentialAction":[{"@type":"SearchAction","target":{"@type":"EntryPoint","urlTemplate":"https:\/\/www.lejournalci.org\/?s={search_term_string}"},"query-input":{"@type":"PropertyValueSpecification","valueRequired":true,"valueName":"search_term_string"}}],"inLanguage":"fr-FR"},{"@type":"Organization","@id":"https:\/\/www.lejournalci.org\/#organization","name":"Cooperation Internationale","url":"https:\/\/www.lejournalci.org\/","logo":{"@type":"ImageObject","inLanguage":"fr-FR","@id":"https:\/\/www.lejournalci.org\/#\/schema\/logo\/image\/","url":"https:\/\/www.lejournalci.org\/wp-content\/uploads\/2024\/12\/logo-coopint_HD_3.jpg","contentUrl":"https:\/\/www.lejournalci.org\/wp-content\/uploads\/2024\/12\/logo-coopint_HD_3.jpg","width":700,"height":214,"caption":"Cooperation Internationale"},"image":{"@id":"https:\/\/www.lejournalci.org\/#\/schema\/logo\/image\/"},"sameAs":["https:\/\/www.facebook.com\/journalCI\/","https:\/\/x.com\/lejournalc"]},{"@type":"Person","@id":"https:\/\/www.lejournalci.org\/#\/schema\/person\/2efe42dc5459aaaf6d89cb27e736002b","name":"La R\u00e9daction CI","image":{"@type":"ImageObject","inLanguage":"fr-FR","@id":"https:\/\/www.lejournalci.org\/#\/schema\/person\/image\/","url":"https:\/\/secure.gravatar.com\/avatar\/e63ab2ab378e283740d8889fbe2ec43fdcee7ac714a480d705f61cb1e5675c4c?s=96&d=mm&r=g","contentUrl":"https:\/\/secure.gravatar.com\/avatar\/e63ab2ab378e283740d8889fbe2ec43fdcee7ac714a480d705f61cb1e5675c4c?s=96&d=mm&r=g","caption":"La R\u00e9daction CI"},"url":"https:\/\/www.lejournalci.org\/index.php\/author\/noebricendongyahoo-fr\/"}]}},"jetpack_publicize_connections":[],"jetpack_featured_media_url":"https:\/\/www.lejournalci.org\/wp-content\/uploads\/2025\/10\/1001354475-edited.jpg","jetpack_sharing_enabled":true,"_links":{"self":[{"href":"https:\/\/www.lejournalci.org\/index.php\/wp-json\/wp\/v2\/posts\/9332","targetHints":{"allow":["GET"]}}],"collection":[{"href":"https:\/\/www.lejournalci.org\/index.php\/wp-json\/wp\/v2\/posts"}],"about":[{"href":"https:\/\/www.lejournalci.org\/index.php\/wp-json\/wp\/v2\/types\/post"}],"author":[{"embeddable":true,"href":"https:\/\/www.lejournalci.org\/index.php\/wp-json\/wp\/v2\/users\/3"}],"replies":[{"embeddable":true,"href":"https:\/\/www.lejournalci.org\/index.php\/wp-json\/wp\/v2\/comments?post=9332"}],"version-history":[{"count":2,"href":"https:\/\/www.lejournalci.org\/index.php\/wp-json\/wp\/v2\/posts\/9332\/revisions"}],"predecessor-version":[{"id":9347,"href":"https:\/\/www.lejournalci.org\/index.php\/wp-json\/wp\/v2\/posts\/9332\/revisions\/9347"}],"wp:featuredmedia":[{"embeddable":true,"href":"https:\/\/www.lejournalci.org\/index.php\/wp-json\/wp\/v2\/media\/9336"}],"wp:attachment":[{"href":"https:\/\/www.lejournalci.org\/index.php\/wp-json\/wp\/v2\/media?parent=9332"}],"wp:term":[{"taxonomy":"category","embeddable":true,"href":"https:\/\/www.lejournalci.org\/index.php\/wp-json\/wp\/v2\/categories?post=9332"},{"taxonomy":"post_tag","embeddable":true,"href":"https:\/\/www.lejournalci.org\/index.php\/wp-json\/wp\/v2\/tags?post=9332"}],"curies":[{"name":"wp","href":"https:\/\/api.w.org\/{rel}","templated":true}]}}