{"id":9325,"date":"2025-10-17T08:53:04","date_gmt":"2025-10-17T08:53:04","guid":{"rendered":"https:\/\/www.lejournalci.org\/?p=9325"},"modified":"2025-10-17T08:54:28","modified_gmt":"2025-10-17T08:54:28","slug":"le-tresor-public-gabonais-celebre-ses-60-ans","status":"publish","type":"post","link":"https:\/\/www.lejournalci.org\/index.php\/2025\/10\/17\/le-tresor-public-gabonais-celebre-ses-60-ans\/","title":{"rendered":"Le Tr\u00e9sor Public Gabonais C\u00e9l\u00e8bre ses 60 ans"},"content":{"rendered":"\n<p><strong>Lancement officiel des activit\u00e9s comm\u00e9morant les 60 ans du Tr\u00e9sor Public Gabonais : une c\u00e9l\u00e9bration plac\u00e9e sous le signe de l\u2019excellence et du service \u00e0 la Nation<\/strong><\/p>\n\n\n\n<p>Le Tr\u00e9sor Public Gabonais a officiellement lanc\u00e9, le jeudi 16 octobre 2025, les c\u00e9l\u00e9brations de son 60\u00e8me anniversaire en pr\u00e9sence du Pr\u00e9sident de l\u2019Assembl\u00e9e Nationale et du Vice-Pr\u00e9sident du S\u00e9nat de la Transition, du Ministre d\u2019\u00c9tat en charge de l\u2019\u00c9conomie, des Finances, de la Dette et des Participations charg\u00e9 de la lutte contre la vie ch\u00e8re Monsieur Henri Claude OYIMA, ainsi que de nombreux membres du Gouvernement, partenaires au d\u00e9veloppement et hautes personnalit\u00e9s. Un moment solennel marqu\u00e9 par les discours du jour, les d\u00e9corations de plusieurs agents et le coup d\u2019envoi d\u2019une s\u00e9rie d\u2019ateliers th\u00e9matiques d\u00e9di\u00e9s aux r\u00e9formes qui fa\u00e7onnent le Tr\u00e9sor Public du futur.<\/p>\n\n\n\n<p>Dans son allocution, le Directeur G\u00e9n\u00e9ral de la Comptabilit\u00e9 Publique et du Tr\u00e9sor, Monsieur Luther Steeven Abouna Yangui, a salu\u00e9 les 60 ann\u00e9es d\u2019un engagement collectif et exemplaire au service de la Nation. Il a \u00e9galement r\u00e9affirm\u00e9 la d\u00e9termination du Tr\u00e9sor Public \u00e0 poursuivre sa transformation vers plus de transparence, de rigueur et d\u2019efficacit\u00e9, en coh\u00e9rence avec la vision du Pr\u00e9sident de la R\u00e9publique Brice Clotaire Oligui Nguema, Pr\u00e9sident de la R\u00e9publique.<\/p>\n\n\n\n<figure class=\"wp-block-image size-large\"><img loading=\"lazy\" decoding=\"async\" width=\"1080\" height=\"607\" src=\"https:\/\/www.lejournalci.org\/wp-content\/uploads\/2025\/10\/1001351947-edited.jpg\" alt=\"\" class=\"wp-image-9329\" srcset=\"https:\/\/www.lejournalci.org\/wp-content\/uploads\/2025\/10\/1001351947-edited.jpg 1080w, https:\/\/www.lejournalci.org\/wp-content\/uploads\/2025\/10\/1001351947-edited-300x169.jpg 300w, https:\/\/www.lejournalci.org\/wp-content\/uploads\/2025\/10\/1001351947-edited-1024x576.jpg 1024w, https:\/\/www.lejournalci.org\/wp-content\/uploads\/2025\/10\/1001351947-edited-768x432.jpg 768w\" sizes=\"auto, (max-width: 1080px) 100vw, 1080px\" \/><\/figure>\n\n\n\n<p>Le Ministre d\u2019Etat quant \u00e0 lui a indiqu\u00e9 clairement le chemin \u00e0 suivre pour un meilleur avenir \u00e9conomique et financier de notre pays bas\u00e9 sur des r\u00e9formes structurantes des finances publiques de pays.<br>Cette journ\u00e9e inaugurale, empreinte d\u2019\u00e9motion et de fiert\u00e9 patriotique, ouvre une semaine comm\u00e9morative riche en \u00e9changes, en r\u00e9flexion et en c\u00e9l\u00e9bration, sous le signe de l\u2019excellence et du service \u00e0 la Nation.<\/p>\n\n\n\n<p><strong>SOURCE : Tr\u00e9sor Public Gabonais.<\/strong><\/p>\n","protected":false},"excerpt":{"rendered":"<p>Lancement officiel des activit\u00e9s comm\u00e9morant les 60 ans du Tr\u00e9sor Public Gabonais : une c\u00e9l\u00e9bration plac\u00e9e sous le signe de l\u2019excellence et du service \u00e0 la Nation Le Tr\u00e9sor Public Gabonais a officiellement lanc\u00e9, le jeudi 16 octobre 2025, les c\u00e9l\u00e9brations de son 60\u00e8me anniversaire en pr\u00e9sence du Pr\u00e9sident de<\/p>\n","protected":false},"author":3,"featured_media":9327,"comment_status":"closed","ping_status":"open","sticky":false,"template":"","format":"standard","meta":{"colormag_page_container_layout":"default_layout","colormag_page_sidebar_layout":"default_layout","_jetpack_memberships_contains_paid_content":false,"footnotes":"","jetpack_publicize_message":"","jetpack_publicize_feature_enabled":true,"jetpack_social_post_already_shared":true,"jetpack_social_options":{"image_generator_settings":{"template":"highway","default_image_id":0,"font":"","enabled":false},"version":2}},"categories":[58],"tags":[],"class_list":["post-9325","post","type-post","status-publish","format-standard","has-post-thumbnail","hentry","category-national"],"magazineBlocksPostFeaturedMedia":{"thumbnail":"https:\/\/www.lejournalci.org\/wp-content\/uploads\/2025\/10\/1001351945-edited-150x150.jpg","medium":"https:\/\/www.lejournalci.org\/wp-content\/uploads\/2025\/10\/1001351945-edited-300x169.jpg","medium_large":"https:\/\/www.lejournalci.org\/wp-content\/uploads\/2025\/10\/1001351945-edited-768x432.jpg","large":"https:\/\/www.lejournalci.org\/wp-content\/uploads\/2025\/10\/1001351945-edited-1024x576.jpg","1536x1536":"https:\/\/www.lejournalci.org\/wp-content\/uploads\/2025\/10\/1001351945-edited.jpg","2048x2048":"https:\/\/www.lejournalci.org\/wp-content\/uploads\/2025\/10\/1001351945-edited.jpg","colormag-highlighted-post":"https:\/\/www.lejournalci.org\/wp-content\/uploads\/2025\/10\/1001351945-edited-392x272.jpg","colormag-featured-post-medium":"https:\/\/www.lejournalci.org\/wp-content\/uploads\/2025\/10\/1001351945-edited-390x205.jpg","colormag-featured-post-small":"https:\/\/www.lejournalci.org\/wp-content\/uploads\/2025\/10\/1001351945-edited-130x90.jpg","colormag-featured-image":"https:\/\/www.lejournalci.org\/wp-content\/uploads\/2025\/10\/1001351945-edited-800x445.jpg","colormag-default-news":"https:\/\/www.lejournalci.org\/wp-content\/uploads\/2025\/10\/1001351945-edited-150x150.jpg","colormag-featured-image-large":"https:\/\/www.lejournalci.org\/wp-content\/uploads\/2025\/10\/1001351945-edited-1080x600.jpg"},"magazineBlocksPostAuthor":{"name":"La R\u00e9daction CI","avatar":"https:\/\/secure.gravatar.com\/avatar\/e63ab2ab378e283740d8889fbe2ec43fdcee7ac714a480d705f61cb1e5675c4c?s=96&d=mm&r=g"},"magazineBlocksPostCommentsNumber":false,"magazineBlocksPostExcerpt":"Lancement officiel des activit\u00e9s comm\u00e9morant les 60 ans du Tr\u00e9sor Public Gabonais : une c\u00e9l\u00e9bration plac\u00e9e sous le signe de l\u2019excellence et du service \u00e0 la Nation Le Tr\u00e9sor Public Gabonais a officiellement lanc\u00e9, le jeudi 16 octobre 2025, les c\u00e9l\u00e9brations de son 60\u00e8me anniversaire en pr\u00e9sence du Pr\u00e9sident de","magazineBlocksPostCategories":["NATIONAL"],"magazineBlocksPostViewCount":507,"magazineBlocksPostReadTime":2,"magazine_blocks_featured_image_url":{"full":["https:\/\/www.lejournalci.org\/wp-content\/uploads\/2025\/10\/1001351945-edited.jpg",1080,607,false],"medium":["https:\/\/www.lejournalci.org\/wp-content\/uploads\/2025\/10\/1001351945-edited-300x169.jpg",300,169,true],"thumbnail":["https:\/\/www.lejournalci.org\/wp-content\/uploads\/2025\/10\/1001351945-edited-150x150.jpg",150,150,true]},"magazine_blocks_author":{"display_name":"La R\u00e9daction CI","author_link":"https:\/\/www.lejournalci.org\/index.php\/author\/noebricendongyahoo-fr\/"},"magazine_blocks_comment":0,"magazine_blocks_author_image":"https:\/\/secure.gravatar.com\/avatar\/e63ab2ab378e283740d8889fbe2ec43fdcee7ac714a480d705f61cb1e5675c4c?s=96&d=mm&r=g","magazine_blocks_category":"<a href=\"#\" class=\"category-link category-link-58\">NATIONAL<\/a>","yoast_head":"<!-- This site is optimized with the Yoast SEO plugin v26.2 - https:\/\/yoast.com\/wordpress\/plugins\/seo\/ -->\n<title>Le Tr\u00e9sor Public Gabonais C\u00e9l\u00e8bre ses 60 ans - Cooperation Internationale<\/title>\n<meta name=\"robots\" content=\"index, follow, max-snippet:-1, max-image-preview:large, max-video-preview:-1\" \/>\n<link rel=\"canonical\" href=\"https:\/\/www.lejournalci.org\/index.php\/2025\/10\/17\/le-tresor-public-gabonais-celebre-ses-60-ans\/\" \/>\n<meta property=\"og:locale\" content=\"fr_FR\" \/>\n<meta property=\"og:type\" content=\"article\" \/>\n<meta property=\"og:title\" content=\"Le Tr\u00e9sor Public Gabonais C\u00e9l\u00e8bre ses 60 ans - Cooperation Internationale\" \/>\n<meta property=\"og:description\" content=\"Lancement officiel des activit\u00e9s comm\u00e9morant les 60 ans du Tr\u00e9sor Public Gabonais : une c\u00e9l\u00e9bration plac\u00e9e sous le signe de l\u2019excellence et du service \u00e0 la Nation Le Tr\u00e9sor Public Gabonais a officiellement lanc\u00e9, le jeudi 16 octobre 2025, les c\u00e9l\u00e9brations de son 60\u00e8me anniversaire en pr\u00e9sence du Pr\u00e9sident de\" \/>\n<meta property=\"og:url\" content=\"https:\/\/www.lejournalci.org\/index.php\/2025\/10\/17\/le-tresor-public-gabonais-celebre-ses-60-ans\/\" \/>\n<meta property=\"og:site_name\" content=\"Cooperation Internationale\" \/>\n<meta property=\"article:publisher\" content=\"https:\/\/www.facebook.com\/journalCI\/\" \/>\n<meta property=\"article:published_time\" content=\"2025-10-17T08:53:04+00:00\" \/>\n<meta property=\"article:modified_time\" content=\"2025-10-17T08:54:28+00:00\" \/>\n<meta property=\"og:image\" content=\"https:\/\/www.lejournalci.org\/wp-content\/uploads\/2025\/10\/1001351945-edited.jpg\" \/>\n\t<meta property=\"og:image:width\" content=\"1080\" \/>\n\t<meta property=\"og:image:height\" content=\"607\" \/>\n\t<meta property=\"og:image:type\" content=\"image\/jpeg\" \/>\n<meta name=\"author\" content=\"La R\u00e9daction CI\" \/>\n<meta name=\"twitter:card\" content=\"summary_large_image\" \/>\n<meta name=\"twitter:creator\" content=\"@lejournalc\" \/>\n<meta name=\"twitter:site\" content=\"@lejournalc\" \/>\n<meta name=\"twitter:label1\" content=\"\u00c9crit par\" \/>\n\t<meta name=\"twitter:data1\" content=\"La R\u00e9daction CI\" \/>\n\t<meta name=\"twitter:label2\" content=\"Dur\u00e9e de lecture estim\u00e9e\" \/>\n\t<meta name=\"twitter:data2\" content=\"2 minutes\" \/>\n<script type=\"application\/ld+json\" class=\"yoast-schema-graph\">{\"@context\":\"https:\/\/schema.org\",\"@graph\":[{\"@type\":\"Article\",\"@id\":\"https:\/\/www.lejournalci.org\/index.php\/2025\/10\/17\/le-tresor-public-gabonais-celebre-ses-60-ans\/#article\",\"isPartOf\":{\"@id\":\"https:\/\/www.lejournalci.org\/index.php\/2025\/10\/17\/le-tresor-public-gabonais-celebre-ses-60-ans\/\"},\"author\":{\"name\":\"La R\u00e9daction CI\",\"@id\":\"https:\/\/www.lejournalci.org\/#\/schema\/person\/2efe42dc5459aaaf6d89cb27e736002b\"},\"headline\":\"Le Tr\u00e9sor Public Gabonais C\u00e9l\u00e8bre ses 60 ans\",\"datePublished\":\"2025-10-17T08:53:04+00:00\",\"dateModified\":\"2025-10-17T08:54:28+00:00\",\"mainEntityOfPage\":{\"@id\":\"https:\/\/www.lejournalci.org\/index.php\/2025\/10\/17\/le-tresor-public-gabonais-celebre-ses-60-ans\/\"},\"wordCount\":329,\"publisher\":{\"@id\":\"https:\/\/www.lejournalci.org\/#organization\"},\"image\":{\"@id\":\"https:\/\/www.lejournalci.org\/index.php\/2025\/10\/17\/le-tresor-public-gabonais-celebre-ses-60-ans\/#primaryimage\"},\"thumbnailUrl\":\"https:\/\/www.lejournalci.org\/wp-content\/uploads\/2025\/10\/1001351945-edited.jpg\",\"articleSection\":[\"NATIONAL\"],\"inLanguage\":\"fr-FR\"},{\"@type\":\"WebPage\",\"@id\":\"https:\/\/www.lejournalci.org\/index.php\/2025\/10\/17\/le-tresor-public-gabonais-celebre-ses-60-ans\/\",\"url\":\"https:\/\/www.lejournalci.org\/index.php\/2025\/10\/17\/le-tresor-public-gabonais-celebre-ses-60-ans\/\",\"name\":\"Le Tr\u00e9sor Public Gabonais C\u00e9l\u00e8bre ses 60 ans - Cooperation Internationale\",\"isPartOf\":{\"@id\":\"https:\/\/www.lejournalci.org\/#website\"},\"primaryImageOfPage\":{\"@id\":\"https:\/\/www.lejournalci.org\/index.php\/2025\/10\/17\/le-tresor-public-gabonais-celebre-ses-60-ans\/#primaryimage\"},\"image\":{\"@id\":\"https:\/\/www.lejournalci.org\/index.php\/2025\/10\/17\/le-tresor-public-gabonais-celebre-ses-60-ans\/#primaryimage\"},\"thumbnailUrl\":\"https:\/\/www.lejournalci.org\/wp-content\/uploads\/2025\/10\/1001351945-edited.jpg\",\"datePublished\":\"2025-10-17T08:53:04+00:00\",\"dateModified\":\"2025-10-17T08:54:28+00:00\",\"breadcrumb\":{\"@id\":\"https:\/\/www.lejournalci.org\/index.php\/2025\/10\/17\/le-tresor-public-gabonais-celebre-ses-60-ans\/#breadcrumb\"},\"inLanguage\":\"fr-FR\",\"potentialAction\":[{\"@type\":\"ReadAction\",\"target\":[\"https:\/\/www.lejournalci.org\/index.php\/2025\/10\/17\/le-tresor-public-gabonais-celebre-ses-60-ans\/\"]}]},{\"@type\":\"ImageObject\",\"inLanguage\":\"fr-FR\",\"@id\":\"https:\/\/www.lejournalci.org\/index.php\/2025\/10\/17\/le-tresor-public-gabonais-celebre-ses-60-ans\/#primaryimage\",\"url\":\"https:\/\/www.lejournalci.org\/wp-content\/uploads\/2025\/10\/1001351945-edited.jpg\",\"contentUrl\":\"https:\/\/www.lejournalci.org\/wp-content\/uploads\/2025\/10\/1001351945-edited.jpg\",\"width\":1080,\"height\":607},{\"@type\":\"BreadcrumbList\",\"@id\":\"https:\/\/www.lejournalci.org\/index.php\/2025\/10\/17\/le-tresor-public-gabonais-celebre-ses-60-ans\/#breadcrumb\",\"itemListElement\":[{\"@type\":\"ListItem\",\"position\":1,\"name\":\"Accueil\",\"item\":\"https:\/\/www.lejournalci.org\/\"},{\"@type\":\"ListItem\",\"position\":2,\"name\":\"Le Tr\u00e9sor Public Gabonais C\u00e9l\u00e8bre ses 60 ans\"}]},{\"@type\":\"WebSite\",\"@id\":\"https:\/\/www.lejournalci.org\/#website\",\"url\":\"https:\/\/www.lejournalci.org\/\",\"name\":\"Cooperation Internationale\",\"description\":\"Faire de la Coop\u00e9ration un Puissant Instrument de D\u00e9veloppement\",\"publisher\":{\"@id\":\"https:\/\/www.lejournalci.org\/#organization\"},\"potentialAction\":[{\"@type\":\"SearchAction\",\"target\":{\"@type\":\"EntryPoint\",\"urlTemplate\":\"https:\/\/www.lejournalci.org\/?s={search_term_string}\"},\"query-input\":{\"@type\":\"PropertyValueSpecification\",\"valueRequired\":true,\"valueName\":\"search_term_string\"}}],\"inLanguage\":\"fr-FR\"},{\"@type\":\"Organization\",\"@id\":\"https:\/\/www.lejournalci.org\/#organization\",\"name\":\"Cooperation Internationale\",\"url\":\"https:\/\/www.lejournalci.org\/\",\"logo\":{\"@type\":\"ImageObject\",\"inLanguage\":\"fr-FR\",\"@id\":\"https:\/\/www.lejournalci.org\/#\/schema\/logo\/image\/\",\"url\":\"https:\/\/www.lejournalci.org\/wp-content\/uploads\/2024\/12\/logo-coopint_HD_3.jpg\",\"contentUrl\":\"https:\/\/www.lejournalci.org\/wp-content\/uploads\/2024\/12\/logo-coopint_HD_3.jpg\",\"width\":700,\"height\":214,\"caption\":\"Cooperation Internationale\"},\"image\":{\"@id\":\"https:\/\/www.lejournalci.org\/#\/schema\/logo\/image\/\"},\"sameAs\":[\"https:\/\/www.facebook.com\/journalCI\/\",\"https:\/\/x.com\/lejournalc\"]},{\"@type\":\"Person\",\"@id\":\"https:\/\/www.lejournalci.org\/#\/schema\/person\/2efe42dc5459aaaf6d89cb27e736002b\",\"name\":\"La R\u00e9daction CI\",\"image\":{\"@type\":\"ImageObject\",\"inLanguage\":\"fr-FR\",\"@id\":\"https:\/\/www.lejournalci.org\/#\/schema\/person\/image\/\",\"url\":\"https:\/\/secure.gravatar.com\/avatar\/e63ab2ab378e283740d8889fbe2ec43fdcee7ac714a480d705f61cb1e5675c4c?s=96&d=mm&r=g\",\"contentUrl\":\"https:\/\/secure.gravatar.com\/avatar\/e63ab2ab378e283740d8889fbe2ec43fdcee7ac714a480d705f61cb1e5675c4c?s=96&d=mm&r=g\",\"caption\":\"La R\u00e9daction CI\"},\"url\":\"https:\/\/www.lejournalci.org\/index.php\/author\/noebricendongyahoo-fr\/\"}]}<\/script>\n<!-- \/ Yoast SEO plugin. -->","yoast_head_json":{"title":"Le Tr\u00e9sor Public Gabonais C\u00e9l\u00e8bre ses 60 ans - Cooperation Internationale","robots":{"index":"index","follow":"follow","max-snippet":"max-snippet:-1","max-image-preview":"max-image-preview:large","max-video-preview":"max-video-preview:-1"},"canonical":"https:\/\/www.lejournalci.org\/index.php\/2025\/10\/17\/le-tresor-public-gabonais-celebre-ses-60-ans\/","og_locale":"fr_FR","og_type":"article","og_title":"Le Tr\u00e9sor Public Gabonais C\u00e9l\u00e8bre ses 60 ans - Cooperation Internationale","og_description":"Lancement officiel des activit\u00e9s comm\u00e9morant les 60 ans du Tr\u00e9sor Public Gabonais : une c\u00e9l\u00e9bration plac\u00e9e sous le signe de l\u2019excellence et du service \u00e0 la Nation Le Tr\u00e9sor Public Gabonais a officiellement lanc\u00e9, le jeudi 16 octobre 2025, les c\u00e9l\u00e9brations de son 60\u00e8me anniversaire en pr\u00e9sence du Pr\u00e9sident de","og_url":"https:\/\/www.lejournalci.org\/index.php\/2025\/10\/17\/le-tresor-public-gabonais-celebre-ses-60-ans\/","og_site_name":"Cooperation Internationale","article_publisher":"https:\/\/www.facebook.com\/journalCI\/","article_published_time":"2025-10-17T08:53:04+00:00","article_modified_time":"2025-10-17T08:54:28+00:00","og_image":[{"width":1080,"height":607,"url":"https:\/\/www.lejournalci.org\/wp-content\/uploads\/2025\/10\/1001351945-edited.jpg","type":"image\/jpeg"}],"author":"La R\u00e9daction CI","twitter_card":"summary_large_image","twitter_creator":"@lejournalc","twitter_site":"@lejournalc","twitter_misc":{"\u00c9crit par":"La R\u00e9daction CI","Dur\u00e9e de lecture estim\u00e9e":"2 minutes"},"schema":{"@context":"https:\/\/schema.org","@graph":[{"@type":"Article","@id":"https:\/\/www.lejournalci.org\/index.php\/2025\/10\/17\/le-tresor-public-gabonais-celebre-ses-60-ans\/#article","isPartOf":{"@id":"https:\/\/www.lejournalci.org\/index.php\/2025\/10\/17\/le-tresor-public-gabonais-celebre-ses-60-ans\/"},"author":{"name":"La R\u00e9daction CI","@id":"https:\/\/www.lejournalci.org\/#\/schema\/person\/2efe42dc5459aaaf6d89cb27e736002b"},"headline":"Le Tr\u00e9sor Public Gabonais C\u00e9l\u00e8bre ses 60 ans","datePublished":"2025-10-17T08:53:04+00:00","dateModified":"2025-10-17T08:54:28+00:00","mainEntityOfPage":{"@id":"https:\/\/www.lejournalci.org\/index.php\/2025\/10\/17\/le-tresor-public-gabonais-celebre-ses-60-ans\/"},"wordCount":329,"publisher":{"@id":"https:\/\/www.lejournalci.org\/#organization"},"image":{"@id":"https:\/\/www.lejournalci.org\/index.php\/2025\/10\/17\/le-tresor-public-gabonais-celebre-ses-60-ans\/#primaryimage"},"thumbnailUrl":"https:\/\/www.lejournalci.org\/wp-content\/uploads\/2025\/10\/1001351945-edited.jpg","articleSection":["NATIONAL"],"inLanguage":"fr-FR"},{"@type":"WebPage","@id":"https:\/\/www.lejournalci.org\/index.php\/2025\/10\/17\/le-tresor-public-gabonais-celebre-ses-60-ans\/","url":"https:\/\/www.lejournalci.org\/index.php\/2025\/10\/17\/le-tresor-public-gabonais-celebre-ses-60-ans\/","name":"Le Tr\u00e9sor Public Gabonais C\u00e9l\u00e8bre ses 60 ans - Cooperation Internationale","isPartOf":{"@id":"https:\/\/www.lejournalci.org\/#website"},"primaryImageOfPage":{"@id":"https:\/\/www.lejournalci.org\/index.php\/2025\/10\/17\/le-tresor-public-gabonais-celebre-ses-60-ans\/#primaryimage"},"image":{"@id":"https:\/\/www.lejournalci.org\/index.php\/2025\/10\/17\/le-tresor-public-gabonais-celebre-ses-60-ans\/#primaryimage"},"thumbnailUrl":"https:\/\/www.lejournalci.org\/wp-content\/uploads\/2025\/10\/1001351945-edited.jpg","datePublished":"2025-10-17T08:53:04+00:00","dateModified":"2025-10-17T08:54:28+00:00","breadcrumb":{"@id":"https:\/\/www.lejournalci.org\/index.php\/2025\/10\/17\/le-tresor-public-gabonais-celebre-ses-60-ans\/#breadcrumb"},"inLanguage":"fr-FR","potentialAction":[{"@type":"ReadAction","target":["https:\/\/www.lejournalci.org\/index.php\/2025\/10\/17\/le-tresor-public-gabonais-celebre-ses-60-ans\/"]}]},{"@type":"ImageObject","inLanguage":"fr-FR","@id":"https:\/\/www.lejournalci.org\/index.php\/2025\/10\/17\/le-tresor-public-gabonais-celebre-ses-60-ans\/#primaryimage","url":"https:\/\/www.lejournalci.org\/wp-content\/uploads\/2025\/10\/1001351945-edited.jpg","contentUrl":"https:\/\/www.lejournalci.org\/wp-content\/uploads\/2025\/10\/1001351945-edited.jpg","width":1080,"height":607},{"@type":"BreadcrumbList","@id":"https:\/\/www.lejournalci.org\/index.php\/2025\/10\/17\/le-tresor-public-gabonais-celebre-ses-60-ans\/#breadcrumb","itemListElement":[{"@type":"ListItem","position":1,"name":"Accueil","item":"https:\/\/www.lejournalci.org\/"},{"@type":"ListItem","position":2,"name":"Le Tr\u00e9sor Public Gabonais C\u00e9l\u00e8bre ses 60 ans"}]},{"@type":"WebSite","@id":"https:\/\/www.lejournalci.org\/#website","url":"https:\/\/www.lejournalci.org\/","name":"Cooperation Internationale","description":"Faire de la Coop\u00e9ration un Puissant Instrument de D\u00e9veloppement","publisher":{"@id":"https:\/\/www.lejournalci.org\/#organization"},"potentialAction":[{"@type":"SearchAction","target":{"@type":"EntryPoint","urlTemplate":"https:\/\/www.lejournalci.org\/?s={search_term_string}"},"query-input":{"@type":"PropertyValueSpecification","valueRequired":true,"valueName":"search_term_string"}}],"inLanguage":"fr-FR"},{"@type":"Organization","@id":"https:\/\/www.lejournalci.org\/#organization","name":"Cooperation Internationale","url":"https:\/\/www.lejournalci.org\/","logo":{"@type":"ImageObject","inLanguage":"fr-FR","@id":"https:\/\/www.lejournalci.org\/#\/schema\/logo\/image\/","url":"https:\/\/www.lejournalci.org\/wp-content\/uploads\/2024\/12\/logo-coopint_HD_3.jpg","contentUrl":"https:\/\/www.lejournalci.org\/wp-content\/uploads\/2024\/12\/logo-coopint_HD_3.jpg","width":700,"height":214,"caption":"Cooperation Internationale"},"image":{"@id":"https:\/\/www.lejournalci.org\/#\/schema\/logo\/image\/"},"sameAs":["https:\/\/www.facebook.com\/journalCI\/","https:\/\/x.com\/lejournalc"]},{"@type":"Person","@id":"https:\/\/www.lejournalci.org\/#\/schema\/person\/2efe42dc5459aaaf6d89cb27e736002b","name":"La R\u00e9daction CI","image":{"@type":"ImageObject","inLanguage":"fr-FR","@id":"https:\/\/www.lejournalci.org\/#\/schema\/person\/image\/","url":"https:\/\/secure.gravatar.com\/avatar\/e63ab2ab378e283740d8889fbe2ec43fdcee7ac714a480d705f61cb1e5675c4c?s=96&d=mm&r=g","contentUrl":"https:\/\/secure.gravatar.com\/avatar\/e63ab2ab378e283740d8889fbe2ec43fdcee7ac714a480d705f61cb1e5675c4c?s=96&d=mm&r=g","caption":"La R\u00e9daction CI"},"url":"https:\/\/www.lejournalci.org\/index.php\/author\/noebricendongyahoo-fr\/"}]}},"jetpack_publicize_connections":[],"jetpack_featured_media_url":"https:\/\/www.lejournalci.org\/wp-content\/uploads\/2025\/10\/1001351945-edited.jpg","jetpack_sharing_enabled":true,"_links":{"self":[{"href":"https:\/\/www.lejournalci.org\/index.php\/wp-json\/wp\/v2\/posts\/9325","targetHints":{"allow":["GET"]}}],"collection":[{"href":"https:\/\/www.lejournalci.org\/index.php\/wp-json\/wp\/v2\/posts"}],"about":[{"href":"https:\/\/www.lejournalci.org\/index.php\/wp-json\/wp\/v2\/types\/post"}],"author":[{"embeddable":true,"href":"https:\/\/www.lejournalci.org\/index.php\/wp-json\/wp\/v2\/users\/3"}],"replies":[{"embeddable":true,"href":"https:\/\/www.lejournalci.org\/index.php\/wp-json\/wp\/v2\/comments?post=9325"}],"version-history":[{"count":1,"href":"https:\/\/www.lejournalci.org\/index.php\/wp-json\/wp\/v2\/posts\/9325\/revisions"}],"predecessor-version":[{"id":9330,"href":"https:\/\/www.lejournalci.org\/index.php\/wp-json\/wp\/v2\/posts\/9325\/revisions\/9330"}],"wp:featuredmedia":[{"embeddable":true,"href":"https:\/\/www.lejournalci.org\/index.php\/wp-json\/wp\/v2\/media\/9327"}],"wp:attachment":[{"href":"https:\/\/www.lejournalci.org\/index.php\/wp-json\/wp\/v2\/media?parent=9325"}],"wp:term":[{"taxonomy":"category","embeddable":true,"href":"https:\/\/www.lejournalci.org\/index.php\/wp-json\/wp\/v2\/categories?post=9325"},{"taxonomy":"post_tag","embeddable":true,"href":"https:\/\/www.lejournalci.org\/index.php\/wp-json\/wp\/v2\/tags?post=9325"}],"curies":[{"name":"wp","href":"https:\/\/api.w.org\/{rel}","templated":true}]}}