{"id":9317,"date":"2025-10-16T15:27:48","date_gmt":"2025-10-16T15:27:48","guid":{"rendered":"https:\/\/www.lejournalci.org\/?p=9317"},"modified":"2025-10-16T15:30:34","modified_gmt":"2025-10-16T15:30:34","slug":"gabon-maroc-le-pdg-du-groupe-minier-marocain-managem-reaffirme-son-engagement-daccompagner-le-gabon","status":"publish","type":"post","link":"https:\/\/www.lejournalci.org\/index.php\/2025\/10\/16\/gabon-maroc-le-pdg-du-groupe-minier-marocain-managem-reaffirme-son-engagement-daccompagner-le-gabon\/","title":{"rendered":"Gabon-Maroc:  Le PDG du groupe minier  marocain Managem r\u00e9affirme son engagement d&#8217;accompagner le Gabon dans l&#8217;exploitation des nouveaux projets miniers"},"content":{"rendered":"\n<p><strong>Le Chef de l\u2019\u00c9tat gabonais Brice Clotaire Oligui Nguema, a accord\u00e9 une audience ce Jeudi 16 Octobre \u00e0 Imad Toumi, Pr\u00e9sident-Directeur G\u00e9n\u00e9ral du groupe minier marocain Managem.<\/strong><\/p>\n\n\n\n<p>Cette rencontre s\u2019inscrit dans le cadre du renforcement de la coop\u00e9ration entre le Gabon et le groupe Managem, acteur majeur du secteur minier pr\u00e9sent dans le pays depuis plusieurs ann\u00e9es, notamment \u00e0 travers l\u2019exploitation de la mine d\u2019or de Bakoudou.<\/p>\n\n\n\n<p>Les \u00e9changes ont principalement port\u00e9 sur les perspectives de d\u00e9veloppement et d\u2019exploitation de nouveaux projets miniers, en particulier celui de la mine d\u2019or d\u2019Iteke.<\/p>\n\n\n\n<p>A cette occasion,Imad Toumi a r\u00e9affirm\u00e9 au Chef de l\u2019\u00c9tat l\u2019engagement du groupe Managem \u00e0 accompagner le Gabon dans la mise en oeuvre de ce projet strat\u00e9gique, dont le lancement est pr\u00e9vu dans un avenir proche, \u00e0 l\u2019issue des concertations en cours avec le minist\u00e8re des Mines.<\/p>\n\n\n\n<p>Cette audience intervient dans un contexte marqu\u00e9 par la volont\u00e9 du Pr\u00e9sident de la R\u00e9publique de mieux encadrer le secteur aurif\u00e8re national. Pour rappel, lors de la rencontre tenue le 8 octobre dernier avec les op\u00e9rateurs \u00e9conomiques du secteur, le Chef de l\u2019\u00c9tat avait rappel\u00e9 sa d\u00e9cision d\u2019inscrire d\u00e9sormais les recettes mini\u00e8res au budget de l\u2019\u00c9tat, afin de garantir une plus grande transparence et de veiller \u00e0 ce que les retomb\u00e9es de l\u2019exploitation profitent pleinement \u00e0 la Nation.<\/p>\n\n\n\n<p>Pour Brice Clotaire Oligui Nguema, l\u2019or est l\u2019exclusivit\u00e9 souveraine d\u2019un \u00c9tat et son exploitation doit donc profiter \u00e0 l\u2019\u00c9tat gabonais.<\/p>\n\n\n\n<p><strong>SOURCE: Pr\u00e9sidence de la R\u00e9publique gabonaise.<\/strong><\/p>\n","protected":false},"excerpt":{"rendered":"<p>Le Chef de l\u2019\u00c9tat gabonais Brice Clotaire Oligui Nguema, a accord\u00e9 une audience ce Jeudi 16 Octobre \u00e0 Imad Toumi, Pr\u00e9sident-Directeur G\u00e9n\u00e9ral du groupe minier marocain Managem. Cette rencontre s\u2019inscrit dans le cadre du renforcement de la coop\u00e9ration entre le Gabon et le groupe Managem, acteur majeur du secteur minier<\/p>\n","protected":false},"author":3,"featured_media":9320,"comment_status":"closed","ping_status":"open","sticky":false,"template":"","format":"standard","meta":{"colormag_page_container_layout":"default_layout","colormag_page_sidebar_layout":"default_layout","_jetpack_memberships_contains_paid_content":false,"footnotes":"","jetpack_publicize_message":"","jetpack_publicize_feature_enabled":true,"jetpack_social_post_already_shared":true,"jetpack_social_options":{"image_generator_settings":{"template":"highway","default_image_id":0,"font":"","enabled":false},"version":2}},"categories":[51],"tags":[],"class_list":["post-9317","post","type-post","status-publish","format-standard","has-post-thumbnail","hentry","category-diplomatie"],"magazineBlocksPostFeaturedMedia":{"thumbnail":"https:\/\/www.lejournalci.org\/wp-content\/uploads\/2025\/10\/1001350035-150x150.jpg","medium":"https:\/\/www.lejournalci.org\/wp-content\/uploads\/2025\/10\/1001350035-300x166.jpg","medium_large":"https:\/\/www.lejournalci.org\/wp-content\/uploads\/2025\/10\/1001350035-768x426.jpg","large":"https:\/\/www.lejournalci.org\/wp-content\/uploads\/2025\/10\/1001350035-1024x568.jpg","1536x1536":"https:\/\/www.lejournalci.org\/wp-content\/uploads\/2025\/10\/1001350035.jpg","2048x2048":"https:\/\/www.lejournalci.org\/wp-content\/uploads\/2025\/10\/1001350035.jpg","colormag-highlighted-post":"https:\/\/www.lejournalci.org\/wp-content\/uploads\/2025\/10\/1001350035-392x272.jpg","colormag-featured-post-medium":"https:\/\/www.lejournalci.org\/wp-content\/uploads\/2025\/10\/1001350035-390x205.jpg","colormag-featured-post-small":"https:\/\/www.lejournalci.org\/wp-content\/uploads\/2025\/10\/1001350035-130x90.jpg","colormag-featured-image":"https:\/\/www.lejournalci.org\/wp-content\/uploads\/2025\/10\/1001350035-800x445.jpg","colormag-default-news":"https:\/\/www.lejournalci.org\/wp-content\/uploads\/2025\/10\/1001350035-150x150.jpg","colormag-featured-image-large":"https:\/\/www.lejournalci.org\/wp-content\/uploads\/2025\/10\/1001350035.jpg"},"magazineBlocksPostAuthor":{"name":"La R\u00e9daction CI","avatar":"https:\/\/secure.gravatar.com\/avatar\/e63ab2ab378e283740d8889fbe2ec43fdcee7ac714a480d705f61cb1e5675c4c?s=96&d=mm&r=g"},"magazineBlocksPostCommentsNumber":false,"magazineBlocksPostExcerpt":"Le Chef de l\u2019\u00c9tat gabonais Brice Clotaire Oligui Nguema, a accord\u00e9 une audience ce Jeudi 16 Octobre \u00e0 Imad Toumi, Pr\u00e9sident-Directeur G\u00e9n\u00e9ral du groupe minier marocain Managem. Cette rencontre s\u2019inscrit dans le cadre du renforcement de la coop\u00e9ration entre le Gabon et le groupe Managem, acteur majeur du secteur minier","magazineBlocksPostCategories":["DIPLOMATIE"],"magazineBlocksPostViewCount":500,"magazineBlocksPostReadTime":2,"magazine_blocks_featured_image_url":{"full":["https:\/\/www.lejournalci.org\/wp-content\/uploads\/2025\/10\/1001350035.jpg",1080,599,false],"medium":["https:\/\/www.lejournalci.org\/wp-content\/uploads\/2025\/10\/1001350035-300x166.jpg",300,166,true],"thumbnail":["https:\/\/www.lejournalci.org\/wp-content\/uploads\/2025\/10\/1001350035-150x150.jpg",150,150,true]},"magazine_blocks_author":{"display_name":"La R\u00e9daction CI","author_link":"https:\/\/www.lejournalci.org\/index.php\/author\/noebricendongyahoo-fr\/"},"magazine_blocks_comment":0,"magazine_blocks_author_image":"https:\/\/secure.gravatar.com\/avatar\/e63ab2ab378e283740d8889fbe2ec43fdcee7ac714a480d705f61cb1e5675c4c?s=96&d=mm&r=g","magazine_blocks_category":"<a href=\"#\" class=\"category-link category-link-51\">DIPLOMATIE<\/a>","yoast_head":"<!-- This site is optimized with the Yoast SEO plugin v26.2 - https:\/\/yoast.com\/wordpress\/plugins\/seo\/ -->\n<title>Gabon-Maroc: Le PDG du groupe minier marocain Managem r\u00e9affirme son engagement d&#039;accompagner le Gabon dans l&#039;exploitation des nouveaux projets miniers - Cooperation Internationale<\/title>\n<meta name=\"robots\" content=\"index, follow, max-snippet:-1, max-image-preview:large, max-video-preview:-1\" \/>\n<link rel=\"canonical\" href=\"https:\/\/www.lejournalci.org\/index.php\/2025\/10\/16\/gabon-maroc-le-pdg-du-groupe-minier-marocain-managem-reaffirme-son-engagement-daccompagner-le-gabon\/\" \/>\n<meta property=\"og:locale\" content=\"fr_FR\" \/>\n<meta property=\"og:type\" content=\"article\" \/>\n<meta property=\"og:title\" content=\"Gabon-Maroc: Le PDG du groupe minier marocain Managem r\u00e9affirme son engagement d&#039;accompagner le Gabon dans l&#039;exploitation des nouveaux projets miniers - Cooperation Internationale\" \/>\n<meta property=\"og:description\" content=\"Le Chef de l\u2019\u00c9tat gabonais Brice Clotaire Oligui Nguema, a accord\u00e9 une audience ce Jeudi 16 Octobre \u00e0 Imad Toumi, Pr\u00e9sident-Directeur G\u00e9n\u00e9ral du groupe minier marocain Managem. Cette rencontre s\u2019inscrit dans le cadre du renforcement de la coop\u00e9ration entre le Gabon et le groupe Managem, acteur majeur du secteur minier\" \/>\n<meta property=\"og:url\" content=\"https:\/\/www.lejournalci.org\/index.php\/2025\/10\/16\/gabon-maroc-le-pdg-du-groupe-minier-marocain-managem-reaffirme-son-engagement-daccompagner-le-gabon\/\" \/>\n<meta property=\"og:site_name\" content=\"Cooperation Internationale\" \/>\n<meta property=\"article:publisher\" content=\"https:\/\/www.facebook.com\/journalCI\/\" \/>\n<meta property=\"article:published_time\" content=\"2025-10-16T15:27:48+00:00\" \/>\n<meta property=\"article:modified_time\" content=\"2025-10-16T15:30:34+00:00\" \/>\n<meta property=\"og:image\" content=\"https:\/\/www.lejournalci.org\/wp-content\/uploads\/2025\/10\/1001350035.jpg\" \/>\n\t<meta property=\"og:image:width\" content=\"1080\" \/>\n\t<meta property=\"og:image:height\" content=\"599\" \/>\n\t<meta property=\"og:image:type\" content=\"image\/jpeg\" \/>\n<meta name=\"author\" content=\"La R\u00e9daction CI\" \/>\n<meta name=\"twitter:card\" content=\"summary_large_image\" \/>\n<meta name=\"twitter:creator\" content=\"@lejournalc\" \/>\n<meta name=\"twitter:site\" content=\"@lejournalc\" \/>\n<meta name=\"twitter:label1\" content=\"\u00c9crit par\" \/>\n\t<meta name=\"twitter:data1\" content=\"La R\u00e9daction CI\" \/>\n\t<meta name=\"twitter:label2\" content=\"Dur\u00e9e de lecture estim\u00e9e\" \/>\n\t<meta name=\"twitter:data2\" content=\"2 minutes\" \/>\n<script type=\"application\/ld+json\" class=\"yoast-schema-graph\">{\"@context\":\"https:\/\/schema.org\",\"@graph\":[{\"@type\":\"Article\",\"@id\":\"https:\/\/www.lejournalci.org\/index.php\/2025\/10\/16\/gabon-maroc-le-pdg-du-groupe-minier-marocain-managem-reaffirme-son-engagement-daccompagner-le-gabon\/#article\",\"isPartOf\":{\"@id\":\"https:\/\/www.lejournalci.org\/index.php\/2025\/10\/16\/gabon-maroc-le-pdg-du-groupe-minier-marocain-managem-reaffirme-son-engagement-daccompagner-le-gabon\/\"},\"author\":{\"name\":\"La R\u00e9daction CI\",\"@id\":\"https:\/\/www.lejournalci.org\/#\/schema\/person\/2efe42dc5459aaaf6d89cb27e736002b\"},\"headline\":\"Gabon-Maroc: Le PDG du groupe minier marocain Managem r\u00e9affirme son engagement d&#8217;accompagner le Gabon dans l&#8217;exploitation des nouveaux projets miniers\",\"datePublished\":\"2025-10-16T15:27:48+00:00\",\"dateModified\":\"2025-10-16T15:30:34+00:00\",\"mainEntityOfPage\":{\"@id\":\"https:\/\/www.lejournalci.org\/index.php\/2025\/10\/16\/gabon-maroc-le-pdg-du-groupe-minier-marocain-managem-reaffirme-son-engagement-daccompagner-le-gabon\/\"},\"wordCount\":296,\"publisher\":{\"@id\":\"https:\/\/www.lejournalci.org\/#organization\"},\"image\":{\"@id\":\"https:\/\/www.lejournalci.org\/index.php\/2025\/10\/16\/gabon-maroc-le-pdg-du-groupe-minier-marocain-managem-reaffirme-son-engagement-daccompagner-le-gabon\/#primaryimage\"},\"thumbnailUrl\":\"https:\/\/www.lejournalci.org\/wp-content\/uploads\/2025\/10\/1001350035.jpg\",\"articleSection\":[\"DIPLOMATIE\"],\"inLanguage\":\"fr-FR\"},{\"@type\":\"WebPage\",\"@id\":\"https:\/\/www.lejournalci.org\/index.php\/2025\/10\/16\/gabon-maroc-le-pdg-du-groupe-minier-marocain-managem-reaffirme-son-engagement-daccompagner-le-gabon\/\",\"url\":\"https:\/\/www.lejournalci.org\/index.php\/2025\/10\/16\/gabon-maroc-le-pdg-du-groupe-minier-marocain-managem-reaffirme-son-engagement-daccompagner-le-gabon\/\",\"name\":\"Gabon-Maroc: Le PDG du groupe minier marocain Managem r\u00e9affirme son engagement d'accompagner le Gabon dans l'exploitation des nouveaux projets miniers - Cooperation Internationale\",\"isPartOf\":{\"@id\":\"https:\/\/www.lejournalci.org\/#website\"},\"primaryImageOfPage\":{\"@id\":\"https:\/\/www.lejournalci.org\/index.php\/2025\/10\/16\/gabon-maroc-le-pdg-du-groupe-minier-marocain-managem-reaffirme-son-engagement-daccompagner-le-gabon\/#primaryimage\"},\"image\":{\"@id\":\"https:\/\/www.lejournalci.org\/index.php\/2025\/10\/16\/gabon-maroc-le-pdg-du-groupe-minier-marocain-managem-reaffirme-son-engagement-daccompagner-le-gabon\/#primaryimage\"},\"thumbnailUrl\":\"https:\/\/www.lejournalci.org\/wp-content\/uploads\/2025\/10\/1001350035.jpg\",\"datePublished\":\"2025-10-16T15:27:48+00:00\",\"dateModified\":\"2025-10-16T15:30:34+00:00\",\"breadcrumb\":{\"@id\":\"https:\/\/www.lejournalci.org\/index.php\/2025\/10\/16\/gabon-maroc-le-pdg-du-groupe-minier-marocain-managem-reaffirme-son-engagement-daccompagner-le-gabon\/#breadcrumb\"},\"inLanguage\":\"fr-FR\",\"potentialAction\":[{\"@type\":\"ReadAction\",\"target\":[\"https:\/\/www.lejournalci.org\/index.php\/2025\/10\/16\/gabon-maroc-le-pdg-du-groupe-minier-marocain-managem-reaffirme-son-engagement-daccompagner-le-gabon\/\"]}]},{\"@type\":\"ImageObject\",\"inLanguage\":\"fr-FR\",\"@id\":\"https:\/\/www.lejournalci.org\/index.php\/2025\/10\/16\/gabon-maroc-le-pdg-du-groupe-minier-marocain-managem-reaffirme-son-engagement-daccompagner-le-gabon\/#primaryimage\",\"url\":\"https:\/\/www.lejournalci.org\/wp-content\/uploads\/2025\/10\/1001350035.jpg\",\"contentUrl\":\"https:\/\/www.lejournalci.org\/wp-content\/uploads\/2025\/10\/1001350035.jpg\",\"width\":1080,\"height\":599},{\"@type\":\"BreadcrumbList\",\"@id\":\"https:\/\/www.lejournalci.org\/index.php\/2025\/10\/16\/gabon-maroc-le-pdg-du-groupe-minier-marocain-managem-reaffirme-son-engagement-daccompagner-le-gabon\/#breadcrumb\",\"itemListElement\":[{\"@type\":\"ListItem\",\"position\":1,\"name\":\"Accueil\",\"item\":\"https:\/\/www.lejournalci.org\/\"},{\"@type\":\"ListItem\",\"position\":2,\"name\":\"Gabon-Maroc: Le PDG du groupe minier marocain Managem r\u00e9affirme son engagement d&#8217;accompagner le Gabon dans l&#8217;exploitation des nouveaux projets miniers\"}]},{\"@type\":\"WebSite\",\"@id\":\"https:\/\/www.lejournalci.org\/#website\",\"url\":\"https:\/\/www.lejournalci.org\/\",\"name\":\"Cooperation Internationale\",\"description\":\"Faire de la Coop\u00e9ration un Puissant Instrument de D\u00e9veloppement\",\"publisher\":{\"@id\":\"https:\/\/www.lejournalci.org\/#organization\"},\"potentialAction\":[{\"@type\":\"SearchAction\",\"target\":{\"@type\":\"EntryPoint\",\"urlTemplate\":\"https:\/\/www.lejournalci.org\/?s={search_term_string}\"},\"query-input\":{\"@type\":\"PropertyValueSpecification\",\"valueRequired\":true,\"valueName\":\"search_term_string\"}}],\"inLanguage\":\"fr-FR\"},{\"@type\":\"Organization\",\"@id\":\"https:\/\/www.lejournalci.org\/#organization\",\"name\":\"Cooperation Internationale\",\"url\":\"https:\/\/www.lejournalci.org\/\",\"logo\":{\"@type\":\"ImageObject\",\"inLanguage\":\"fr-FR\",\"@id\":\"https:\/\/www.lejournalci.org\/#\/schema\/logo\/image\/\",\"url\":\"https:\/\/www.lejournalci.org\/wp-content\/uploads\/2024\/12\/logo-coopint_HD_3.jpg\",\"contentUrl\":\"https:\/\/www.lejournalci.org\/wp-content\/uploads\/2024\/12\/logo-coopint_HD_3.jpg\",\"width\":700,\"height\":214,\"caption\":\"Cooperation Internationale\"},\"image\":{\"@id\":\"https:\/\/www.lejournalci.org\/#\/schema\/logo\/image\/\"},\"sameAs\":[\"https:\/\/www.facebook.com\/journalCI\/\",\"https:\/\/x.com\/lejournalc\"]},{\"@type\":\"Person\",\"@id\":\"https:\/\/www.lejournalci.org\/#\/schema\/person\/2efe42dc5459aaaf6d89cb27e736002b\",\"name\":\"La R\u00e9daction CI\",\"image\":{\"@type\":\"ImageObject\",\"inLanguage\":\"fr-FR\",\"@id\":\"https:\/\/www.lejournalci.org\/#\/schema\/person\/image\/\",\"url\":\"https:\/\/secure.gravatar.com\/avatar\/e63ab2ab378e283740d8889fbe2ec43fdcee7ac714a480d705f61cb1e5675c4c?s=96&d=mm&r=g\",\"contentUrl\":\"https:\/\/secure.gravatar.com\/avatar\/e63ab2ab378e283740d8889fbe2ec43fdcee7ac714a480d705f61cb1e5675c4c?s=96&d=mm&r=g\",\"caption\":\"La R\u00e9daction CI\"},\"url\":\"https:\/\/www.lejournalci.org\/index.php\/author\/noebricendongyahoo-fr\/\"}]}<\/script>\n<!-- \/ Yoast SEO plugin. -->","yoast_head_json":{"title":"Gabon-Maroc: Le PDG du groupe minier marocain Managem r\u00e9affirme son engagement d'accompagner le Gabon dans l'exploitation des nouveaux projets miniers - Cooperation Internationale","robots":{"index":"index","follow":"follow","max-snippet":"max-snippet:-1","max-image-preview":"max-image-preview:large","max-video-preview":"max-video-preview:-1"},"canonical":"https:\/\/www.lejournalci.org\/index.php\/2025\/10\/16\/gabon-maroc-le-pdg-du-groupe-minier-marocain-managem-reaffirme-son-engagement-daccompagner-le-gabon\/","og_locale":"fr_FR","og_type":"article","og_title":"Gabon-Maroc: Le PDG du groupe minier marocain Managem r\u00e9affirme son engagement d'accompagner le Gabon dans l'exploitation des nouveaux projets miniers - Cooperation Internationale","og_description":"Le Chef de l\u2019\u00c9tat gabonais Brice Clotaire Oligui Nguema, a accord\u00e9 une audience ce Jeudi 16 Octobre \u00e0 Imad Toumi, Pr\u00e9sident-Directeur G\u00e9n\u00e9ral du groupe minier marocain Managem. Cette rencontre s\u2019inscrit dans le cadre du renforcement de la coop\u00e9ration entre le Gabon et le groupe Managem, acteur majeur du secteur minier","og_url":"https:\/\/www.lejournalci.org\/index.php\/2025\/10\/16\/gabon-maroc-le-pdg-du-groupe-minier-marocain-managem-reaffirme-son-engagement-daccompagner-le-gabon\/","og_site_name":"Cooperation Internationale","article_publisher":"https:\/\/www.facebook.com\/journalCI\/","article_published_time":"2025-10-16T15:27:48+00:00","article_modified_time":"2025-10-16T15:30:34+00:00","og_image":[{"width":1080,"height":599,"url":"https:\/\/www.lejournalci.org\/wp-content\/uploads\/2025\/10\/1001350035.jpg","type":"image\/jpeg"}],"author":"La R\u00e9daction CI","twitter_card":"summary_large_image","twitter_creator":"@lejournalc","twitter_site":"@lejournalc","twitter_misc":{"\u00c9crit par":"La R\u00e9daction CI","Dur\u00e9e de lecture estim\u00e9e":"2 minutes"},"schema":{"@context":"https:\/\/schema.org","@graph":[{"@type":"Article","@id":"https:\/\/www.lejournalci.org\/index.php\/2025\/10\/16\/gabon-maroc-le-pdg-du-groupe-minier-marocain-managem-reaffirme-son-engagement-daccompagner-le-gabon\/#article","isPartOf":{"@id":"https:\/\/www.lejournalci.org\/index.php\/2025\/10\/16\/gabon-maroc-le-pdg-du-groupe-minier-marocain-managem-reaffirme-son-engagement-daccompagner-le-gabon\/"},"author":{"name":"La R\u00e9daction CI","@id":"https:\/\/www.lejournalci.org\/#\/schema\/person\/2efe42dc5459aaaf6d89cb27e736002b"},"headline":"Gabon-Maroc: Le PDG du groupe minier marocain Managem r\u00e9affirme son engagement d&#8217;accompagner le Gabon dans l&#8217;exploitation des nouveaux projets miniers","datePublished":"2025-10-16T15:27:48+00:00","dateModified":"2025-10-16T15:30:34+00:00","mainEntityOfPage":{"@id":"https:\/\/www.lejournalci.org\/index.php\/2025\/10\/16\/gabon-maroc-le-pdg-du-groupe-minier-marocain-managem-reaffirme-son-engagement-daccompagner-le-gabon\/"},"wordCount":296,"publisher":{"@id":"https:\/\/www.lejournalci.org\/#organization"},"image":{"@id":"https:\/\/www.lejournalci.org\/index.php\/2025\/10\/16\/gabon-maroc-le-pdg-du-groupe-minier-marocain-managem-reaffirme-son-engagement-daccompagner-le-gabon\/#primaryimage"},"thumbnailUrl":"https:\/\/www.lejournalci.org\/wp-content\/uploads\/2025\/10\/1001350035.jpg","articleSection":["DIPLOMATIE"],"inLanguage":"fr-FR"},{"@type":"WebPage","@id":"https:\/\/www.lejournalci.org\/index.php\/2025\/10\/16\/gabon-maroc-le-pdg-du-groupe-minier-marocain-managem-reaffirme-son-engagement-daccompagner-le-gabon\/","url":"https:\/\/www.lejournalci.org\/index.php\/2025\/10\/16\/gabon-maroc-le-pdg-du-groupe-minier-marocain-managem-reaffirme-son-engagement-daccompagner-le-gabon\/","name":"Gabon-Maroc: Le PDG du groupe minier marocain Managem r\u00e9affirme son engagement d'accompagner le Gabon dans l'exploitation des nouveaux projets miniers - Cooperation Internationale","isPartOf":{"@id":"https:\/\/www.lejournalci.org\/#website"},"primaryImageOfPage":{"@id":"https:\/\/www.lejournalci.org\/index.php\/2025\/10\/16\/gabon-maroc-le-pdg-du-groupe-minier-marocain-managem-reaffirme-son-engagement-daccompagner-le-gabon\/#primaryimage"},"image":{"@id":"https:\/\/www.lejournalci.org\/index.php\/2025\/10\/16\/gabon-maroc-le-pdg-du-groupe-minier-marocain-managem-reaffirme-son-engagement-daccompagner-le-gabon\/#primaryimage"},"thumbnailUrl":"https:\/\/www.lejournalci.org\/wp-content\/uploads\/2025\/10\/1001350035.jpg","datePublished":"2025-10-16T15:27:48+00:00","dateModified":"2025-10-16T15:30:34+00:00","breadcrumb":{"@id":"https:\/\/www.lejournalci.org\/index.php\/2025\/10\/16\/gabon-maroc-le-pdg-du-groupe-minier-marocain-managem-reaffirme-son-engagement-daccompagner-le-gabon\/#breadcrumb"},"inLanguage":"fr-FR","potentialAction":[{"@type":"ReadAction","target":["https:\/\/www.lejournalci.org\/index.php\/2025\/10\/16\/gabon-maroc-le-pdg-du-groupe-minier-marocain-managem-reaffirme-son-engagement-daccompagner-le-gabon\/"]}]},{"@type":"ImageObject","inLanguage":"fr-FR","@id":"https:\/\/www.lejournalci.org\/index.php\/2025\/10\/16\/gabon-maroc-le-pdg-du-groupe-minier-marocain-managem-reaffirme-son-engagement-daccompagner-le-gabon\/#primaryimage","url":"https:\/\/www.lejournalci.org\/wp-content\/uploads\/2025\/10\/1001350035.jpg","contentUrl":"https:\/\/www.lejournalci.org\/wp-content\/uploads\/2025\/10\/1001350035.jpg","width":1080,"height":599},{"@type":"BreadcrumbList","@id":"https:\/\/www.lejournalci.org\/index.php\/2025\/10\/16\/gabon-maroc-le-pdg-du-groupe-minier-marocain-managem-reaffirme-son-engagement-daccompagner-le-gabon\/#breadcrumb","itemListElement":[{"@type":"ListItem","position":1,"name":"Accueil","item":"https:\/\/www.lejournalci.org\/"},{"@type":"ListItem","position":2,"name":"Gabon-Maroc: Le PDG du groupe minier marocain Managem r\u00e9affirme son engagement d&#8217;accompagner le Gabon dans l&#8217;exploitation des nouveaux projets miniers"}]},{"@type":"WebSite","@id":"https:\/\/www.lejournalci.org\/#website","url":"https:\/\/www.lejournalci.org\/","name":"Cooperation Internationale","description":"Faire de la Coop\u00e9ration un Puissant Instrument de D\u00e9veloppement","publisher":{"@id":"https:\/\/www.lejournalci.org\/#organization"},"potentialAction":[{"@type":"SearchAction","target":{"@type":"EntryPoint","urlTemplate":"https:\/\/www.lejournalci.org\/?s={search_term_string}"},"query-input":{"@type":"PropertyValueSpecification","valueRequired":true,"valueName":"search_term_string"}}],"inLanguage":"fr-FR"},{"@type":"Organization","@id":"https:\/\/www.lejournalci.org\/#organization","name":"Cooperation Internationale","url":"https:\/\/www.lejournalci.org\/","logo":{"@type":"ImageObject","inLanguage":"fr-FR","@id":"https:\/\/www.lejournalci.org\/#\/schema\/logo\/image\/","url":"https:\/\/www.lejournalci.org\/wp-content\/uploads\/2024\/12\/logo-coopint_HD_3.jpg","contentUrl":"https:\/\/www.lejournalci.org\/wp-content\/uploads\/2024\/12\/logo-coopint_HD_3.jpg","width":700,"height":214,"caption":"Cooperation Internationale"},"image":{"@id":"https:\/\/www.lejournalci.org\/#\/schema\/logo\/image\/"},"sameAs":["https:\/\/www.facebook.com\/journalCI\/","https:\/\/x.com\/lejournalc"]},{"@type":"Person","@id":"https:\/\/www.lejournalci.org\/#\/schema\/person\/2efe42dc5459aaaf6d89cb27e736002b","name":"La R\u00e9daction CI","image":{"@type":"ImageObject","inLanguage":"fr-FR","@id":"https:\/\/www.lejournalci.org\/#\/schema\/person\/image\/","url":"https:\/\/secure.gravatar.com\/avatar\/e63ab2ab378e283740d8889fbe2ec43fdcee7ac714a480d705f61cb1e5675c4c?s=96&d=mm&r=g","contentUrl":"https:\/\/secure.gravatar.com\/avatar\/e63ab2ab378e283740d8889fbe2ec43fdcee7ac714a480d705f61cb1e5675c4c?s=96&d=mm&r=g","caption":"La R\u00e9daction CI"},"url":"https:\/\/www.lejournalci.org\/index.php\/author\/noebricendongyahoo-fr\/"}]}},"jetpack_publicize_connections":[],"jetpack_featured_media_url":"https:\/\/www.lejournalci.org\/wp-content\/uploads\/2025\/10\/1001350035.jpg","jetpack_sharing_enabled":true,"_links":{"self":[{"href":"https:\/\/www.lejournalci.org\/index.php\/wp-json\/wp\/v2\/posts\/9317","targetHints":{"allow":["GET"]}}],"collection":[{"href":"https:\/\/www.lejournalci.org\/index.php\/wp-json\/wp\/v2\/posts"}],"about":[{"href":"https:\/\/www.lejournalci.org\/index.php\/wp-json\/wp\/v2\/types\/post"}],"author":[{"embeddable":true,"href":"https:\/\/www.lejournalci.org\/index.php\/wp-json\/wp\/v2\/users\/3"}],"replies":[{"embeddable":true,"href":"https:\/\/www.lejournalci.org\/index.php\/wp-json\/wp\/v2\/comments?post=9317"}],"version-history":[{"count":2,"href":"https:\/\/www.lejournalci.org\/index.php\/wp-json\/wp\/v2\/posts\/9317\/revisions"}],"predecessor-version":[{"id":9323,"href":"https:\/\/www.lejournalci.org\/index.php\/wp-json\/wp\/v2\/posts\/9317\/revisions\/9323"}],"wp:featuredmedia":[{"embeddable":true,"href":"https:\/\/www.lejournalci.org\/index.php\/wp-json\/wp\/v2\/media\/9320"}],"wp:attachment":[{"href":"https:\/\/www.lejournalci.org\/index.php\/wp-json\/wp\/v2\/media?parent=9317"}],"wp:term":[{"taxonomy":"category","embeddable":true,"href":"https:\/\/www.lejournalci.org\/index.php\/wp-json\/wp\/v2\/categories?post=9317"},{"taxonomy":"post_tag","embeddable":true,"href":"https:\/\/www.lejournalci.org\/index.php\/wp-json\/wp\/v2\/tags?post=9317"}],"curies":[{"name":"wp","href":"https:\/\/api.w.org\/{rel}","templated":true}]}}