{"id":9310,"date":"2025-10-16T10:06:42","date_gmt":"2025-10-16T10:06:42","guid":{"rendered":"https:\/\/www.lejournalci.org\/?p=9310"},"modified":"2025-10-16T10:06:44","modified_gmt":"2025-10-16T10:06:44","slug":"gabon-guinee-equatoriale-en-visite-a-libreville-le-vice-president-nguema-obiang-mangue-a-rencontre-le-president-oligui-nguema","status":"publish","type":"post","link":"https:\/\/www.lejournalci.org\/index.php\/2025\/10\/16\/gabon-guinee-equatoriale-en-visite-a-libreville-le-vice-president-nguema-obiang-mangue-a-rencontre-le-president-oligui-nguema\/","title":{"rendered":"Gabon-Guin\u00e9e \u00c9quatoriale : En Visite \u00e0 Libreville, le Vice-pr\u00e9sident Nguema Obiang Mangue a rencontr\u00e9 le Pr\u00e9sident Oligui Nguema"},"content":{"rendered":"\n<p><strong>Le Vice-pr\u00e9sident de la R\u00e9publique de Guin\u00e9e \u00c9quatoriale, M.Teodoro Nguema Obiang Mangue a effectu\u00e9 ce mercredi 15 octobre un voyage officiel \u00e0 Libreville, \u00e0 la t\u00eate d&#8217;une forte d\u00e9l\u00e9gation \u00e9quato-guin\u00e9enne.<br>\u00c0 son arriv\u00e9e \u00e0 l&#8217;a\u00e9roport international L\u00e9on MBA de Libreville,  la capitale gabonaise, le Vice-Pr\u00e9sident Nguema Obiang Mangue a \u00e9t\u00e9 re\u00e7u sur le pied de piste par son homologue,  Seraphin Moudounga, un geste qui refl\u00e8tant la proximit\u00e9 et le respect mutuel qui caract\u00e9risent les relations entre les deux pays.<\/strong><\/p>\n\n\n\n<p>L&#8217;objectif principal de la mission \u00e9tait de transmettre un message personnel du Chef de l&#8217;\u00c9tat, Teodoro Obiang Nguema Mbasogo, \u00e0 son homologue et fr\u00e8re,  Brice Clotaire Oligui Nguema, afin de consolider leur coop\u00e9ration et de promouvoir le d\u00e9veloppement commun.<\/p>\n\n\n\n<p>Lors de la rencontre avec le chef de l&#8217;\u00c9tat gabonais au Palais R\u00e9novation,les deux parties ont dialogu\u00e9 sur la mise en place de nouveaux m\u00e9canismes de diversification de la coop\u00e9ration bilat\u00e9rale, en mettant l&#8217;accent sur les secteurs du commerce, de l&#8217;investissement et des services, pour un mod\u00e8le de collaboration b\u00e9n\u00e9fique pour les deux peuples.<\/p>\n\n\n\n<p>Le vice-pr\u00e9sident \u00e9quato-guin\u00e9en a pr\u00e9sent\u00e9 l&#8217;engagement du gouvernement de Malabo \u00e0 continuer d&#8217;\u00e9tablir des relations solides, transparentes et ax\u00e9es sur l&#8217;int\u00e9r\u00eat commun, soulignant l&#8217;importance d&#8217;aligner les programmes de d\u00e9veloppement des deux pays sur l&#8217;Agenda 2030 des Nations unies et l&#8217;Agenda 2063 de la Union africaine, qui promeuvent la prosp\u00e9rit\u00e9, la paix et l&#8217;int\u00e9gration r\u00e9gionale africaine.<\/p>\n\n\n\n<figure class=\"wp-block-image size-large\"><img loading=\"lazy\" decoding=\"async\" width=\"1024\" height=\"576\" src=\"https:\/\/www.lejournalci.org\/wp-content\/uploads\/2025\/10\/1001349008-edited-1024x576.jpg\" alt=\"\" class=\"wp-image-9314\" srcset=\"https:\/\/www.lejournalci.org\/wp-content\/uploads\/2025\/10\/1001349008-edited-1024x576.jpg 1024w, https:\/\/www.lejournalci.org\/wp-content\/uploads\/2025\/10\/1001349008-edited-300x169.jpg 300w, https:\/\/www.lejournalci.org\/wp-content\/uploads\/2025\/10\/1001349008-edited-768x432.jpg 768w, https:\/\/www.lejournalci.org\/wp-content\/uploads\/2025\/10\/1001349008-edited-1536x863.jpg 1536w, https:\/\/www.lejournalci.org\/wp-content\/uploads\/2025\/10\/1001349008-edited.jpg 2048w\" sizes=\"auto, (max-width: 1024px) 100vw, 1024px\" \/><figcaption class=\"wp-element-caption\"><em>Les Vice-pr\u00e9sidents Nguema Obiang Mangue et S\u00e9raphin MOUNDOUNGA lors de la visite des chantiers le 15\/10\/2025 \u00e0 Libreville \u00a9VPGE<\/em><\/figcaption><\/figure>\n\n\n\n<p>Dans le cadre de son s\u00e9jour \u00e0 Libreville, Nguema Obiang Mangue a \u00e9t\u00e9 invit\u00e9 par le vice-pr\u00e9sident gabonais Seraphin Moudounga \u00e0 effectuer une visite des principaux travaux d&#8217;infrastructure mis en \u0153uvre par le Gouvernement gabonais, notamment la nouvelle Zone administrative, la Cit\u00e9 des conf\u00e9rences internationales et le nouveau Palais Pr\u00e9sidentielle, projets qui refl\u00e8tent la vision de modernisation et de d\u00e9veloppement de l&#8217;\u00c9tat gabonais sous la direction du Pr\u00e9sident Brice Oligui Nguema.<\/p>\n\n\n\n<p>Au cours de la visite, la deuxi\u00e8me personnalit\u00e9 politique de la Guin\u00e9e \u00e9quatoriale a f\u00e9licit\u00e9 l&#8217;ex\u00e9cutif gabonais pour les progr\u00e8s remarquables r\u00e9alis\u00e9s, soulignant que les progr\u00e8s visibles \u00e0 Libreville sont le reflet d&#8217;un engagement envers le bien-\u00eatre de sa population. Il en a profit\u00e9  \u00e9galement pour rencontrer le directeur r\u00e9gional du Groupe FB, avec lequel il a \u00e9chang\u00e9 des exp\u00e9riences sur la construction et le d\u00e9veloppement urbain.<\/p>\n\n\n\n<figure class=\"wp-block-image size-large\"><img loading=\"lazy\" decoding=\"async\" width=\"1024\" height=\"576\" src=\"https:\/\/www.lejournalci.org\/wp-content\/uploads\/2025\/10\/1001349009-1024x576.jpg\" alt=\"\" class=\"wp-image-9315\" srcset=\"https:\/\/www.lejournalci.org\/wp-content\/uploads\/2025\/10\/1001349009-1024x576.jpg 1024w, https:\/\/www.lejournalci.org\/wp-content\/uploads\/2025\/10\/1001349009-300x169.jpg 300w, https:\/\/www.lejournalci.org\/wp-content\/uploads\/2025\/10\/1001349009-768x432.jpg 768w, https:\/\/www.lejournalci.org\/wp-content\/uploads\/2025\/10\/1001349009-1536x864.jpg 1536w, https:\/\/www.lejournalci.org\/wp-content\/uploads\/2025\/10\/1001349009.jpg 2048w\" sizes=\"auto, (max-width: 1024px) 100vw, 1024px\" \/><figcaption class=\"wp-element-caption\"><em>Le Vice-pr\u00e9sident Equatoguin\u00e9en Nguema Obiang Mangue accueilli chaleureusement par la communaut\u00e9 Equatoguin\u00e9enne du Gabon<\/em><\/figcaption><\/figure>\n\n\n\n<p>\u00c0 souligner l&#8217;accueil chaleureux que la colonie \u00e9quato-guin\u00e9enne \u00e0 Libreville a r\u00e9serv\u00e9 \u00e0 la d\u00e9l\u00e9gation du  Vice-Pr\u00e9sident de leur pays pendant son s\u00e9jour dans la capitale du Gabon. Ce voyage officiel s&#8217;inscrit dans la politique \u00e9trang\u00e8re du Pr\u00e9sident de la R\u00e9publique de Guin\u00e9e \u00c9quatoriale Obiang Nguema Mbasogo, et dans la vision du Vice-Pr\u00e9sident de la R\u00e9publique, visant \u00e0 consolider les liens historiques entre la Guin\u00e9e \u00e9quatoriale et le Gabon, deux nations s\u0153urs unies par des liens g\u00e9ographiques, culturels, politiques et engag\u00e9es \u00e0 un avenir commun de paix, de d\u00e9veloppement et de prosp\u00e9rit\u00e9 partag\u00e9e.<\/p>\n\n\n\n<p><strong><em>SOURCE : vice-pr\u00e9sidence de la R\u00e9publique de Guin\u00e9e \u00c9quatoriale.<br><\/em><\/strong><\/p>\n","protected":false},"excerpt":{"rendered":"<p>Le Vice-pr\u00e9sident de la R\u00e9publique de Guin\u00e9e \u00c9quatoriale, M.Teodoro Nguema Obiang Mangue a effectu\u00e9 ce mercredi 15 octobre un voyage officiel \u00e0 Libreville, \u00e0 la t\u00eate d&#8217;une forte d\u00e9l\u00e9gation \u00e9quato-guin\u00e9enne.\u00c0 son arriv\u00e9e \u00e0 l&#8217;a\u00e9roport international L\u00e9on MBA de Libreville, la capitale gabonaise, le Vice-Pr\u00e9sident Nguema Obiang Mangue a \u00e9t\u00e9 re\u00e7u<\/p>\n","protected":false},"author":3,"featured_media":9312,"comment_status":"closed","ping_status":"open","sticky":false,"template":"","format":"standard","meta":{"colormag_page_container_layout":"default_layout","colormag_page_sidebar_layout":"default_layout","_jetpack_memberships_contains_paid_content":false,"footnotes":"","jetpack_publicize_message":"","jetpack_publicize_feature_enabled":true,"jetpack_social_post_already_shared":true,"jetpack_social_options":{"image_generator_settings":{"template":"highway","default_image_id":0,"font":"","enabled":false},"version":2}},"categories":[51],"tags":[],"class_list":["post-9310","post","type-post","status-publish","format-standard","has-post-thumbnail","hentry","category-diplomatie"],"magazineBlocksPostFeaturedMedia":{"thumbnail":"https:\/\/www.lejournalci.org\/wp-content\/uploads\/2025\/10\/1001349003-edited-150x150.jpg","medium":"https:\/\/www.lejournalci.org\/wp-content\/uploads\/2025\/10\/1001349003-edited-300x169.jpg","medium_large":"https:\/\/www.lejournalci.org\/wp-content\/uploads\/2025\/10\/1001349003-edited-768x432.jpg","large":"https:\/\/www.lejournalci.org\/wp-content\/uploads\/2025\/10\/1001349003-edited-1024x576.jpg","1536x1536":"https:\/\/www.lejournalci.org\/wp-content\/uploads\/2025\/10\/1001349003-edited-1536x863.jpg","2048x2048":"https:\/\/www.lejournalci.org\/wp-content\/uploads\/2025\/10\/1001349003-edited.jpg","colormag-highlighted-post":"https:\/\/www.lejournalci.org\/wp-content\/uploads\/2025\/10\/1001349003-edited-392x272.jpg","colormag-featured-post-medium":"https:\/\/www.lejournalci.org\/wp-content\/uploads\/2025\/10\/1001349003-edited-390x205.jpg","colormag-featured-post-small":"https:\/\/www.lejournalci.org\/wp-content\/uploads\/2025\/10\/1001349003-edited-130x90.jpg","colormag-featured-image":"https:\/\/www.lejournalci.org\/wp-content\/uploads\/2025\/10\/1001349003-edited-800x445.jpg","colormag-default-news":"https:\/\/www.lejournalci.org\/wp-content\/uploads\/2025\/10\/1001349003-edited-150x150.jpg","colormag-featured-image-large":"https:\/\/www.lejournalci.org\/wp-content\/uploads\/2025\/10\/1001349003-edited-1400x600.jpg"},"magazineBlocksPostAuthor":{"name":"La R\u00e9daction CI","avatar":"https:\/\/secure.gravatar.com\/avatar\/e63ab2ab378e283740d8889fbe2ec43fdcee7ac714a480d705f61cb1e5675c4c?s=96&d=mm&r=g"},"magazineBlocksPostCommentsNumber":false,"magazineBlocksPostExcerpt":"Le Vice-pr\u00e9sident de la R\u00e9publique de Guin\u00e9e \u00c9quatoriale, M.Teodoro Nguema Obiang Mangue a effectu\u00e9 ce mercredi 15 octobre un voyage officiel \u00e0 Libreville, \u00e0 la t\u00eate d&#8217;une forte d\u00e9l\u00e9gation \u00e9quato-guin\u00e9enne.\u00c0 son arriv\u00e9e \u00e0 l&#8217;a\u00e9roport international L\u00e9on MBA de Libreville, la capitale gabonaise, le Vice-Pr\u00e9sident Nguema Obiang Mangue a \u00e9t\u00e9 re\u00e7u","magazineBlocksPostCategories":["DIPLOMATIE"],"magazineBlocksPostViewCount":757,"magazineBlocksPostReadTime":3,"magazine_blocks_featured_image_url":{"full":["https:\/\/www.lejournalci.org\/wp-content\/uploads\/2025\/10\/1001349003-edited.jpg",2048,1151,false],"medium":["https:\/\/www.lejournalci.org\/wp-content\/uploads\/2025\/10\/1001349003-edited-300x169.jpg",300,169,true],"thumbnail":["https:\/\/www.lejournalci.org\/wp-content\/uploads\/2025\/10\/1001349003-edited-150x150.jpg",150,150,true]},"magazine_blocks_author":{"display_name":"La R\u00e9daction CI","author_link":"https:\/\/www.lejournalci.org\/index.php\/author\/noebricendongyahoo-fr\/"},"magazine_blocks_comment":0,"magazine_blocks_author_image":"https:\/\/secure.gravatar.com\/avatar\/e63ab2ab378e283740d8889fbe2ec43fdcee7ac714a480d705f61cb1e5675c4c?s=96&d=mm&r=g","magazine_blocks_category":"<a href=\"#\" class=\"category-link category-link-51\">DIPLOMATIE<\/a>","yoast_head":"<!-- This site is optimized with the Yoast SEO plugin v26.2 - https:\/\/yoast.com\/wordpress\/plugins\/seo\/ -->\n<title>Gabon-Guin\u00e9e \u00c9quatoriale : En Visite \u00e0 Libreville, le Vice-pr\u00e9sident Nguema Obiang Mangue a rencontr\u00e9 le Pr\u00e9sident Oligui Nguema - Cooperation Internationale<\/title>\n<meta name=\"robots\" content=\"index, follow, max-snippet:-1, max-image-preview:large, max-video-preview:-1\" \/>\n<link rel=\"canonical\" href=\"https:\/\/www.lejournalci.org\/index.php\/2025\/10\/16\/gabon-guinee-equatoriale-en-visite-a-libreville-le-vice-president-nguema-obiang-mangue-a-rencontre-le-president-oligui-nguema\/\" \/>\n<meta property=\"og:locale\" content=\"fr_FR\" \/>\n<meta property=\"og:type\" content=\"article\" \/>\n<meta property=\"og:title\" content=\"Gabon-Guin\u00e9e \u00c9quatoriale : En Visite \u00e0 Libreville, le Vice-pr\u00e9sident Nguema Obiang Mangue a rencontr\u00e9 le Pr\u00e9sident Oligui Nguema - Cooperation Internationale\" \/>\n<meta property=\"og:description\" content=\"Le Vice-pr\u00e9sident de la R\u00e9publique de Guin\u00e9e \u00c9quatoriale, M.Teodoro Nguema Obiang Mangue a effectu\u00e9 ce mercredi 15 octobre un voyage officiel \u00e0 Libreville, \u00e0 la t\u00eate d&#8217;une forte d\u00e9l\u00e9gation \u00e9quato-guin\u00e9enne.\u00c0 son arriv\u00e9e \u00e0 l&#8217;a\u00e9roport international L\u00e9on MBA de Libreville, la capitale gabonaise, le Vice-Pr\u00e9sident Nguema Obiang Mangue a \u00e9t\u00e9 re\u00e7u\" \/>\n<meta property=\"og:url\" content=\"https:\/\/www.lejournalci.org\/index.php\/2025\/10\/16\/gabon-guinee-equatoriale-en-visite-a-libreville-le-vice-president-nguema-obiang-mangue-a-rencontre-le-president-oligui-nguema\/\" \/>\n<meta property=\"og:site_name\" content=\"Cooperation Internationale\" \/>\n<meta property=\"article:publisher\" content=\"https:\/\/www.facebook.com\/journalCI\/\" \/>\n<meta property=\"article:published_time\" content=\"2025-10-16T10:06:42+00:00\" \/>\n<meta property=\"article:modified_time\" content=\"2025-10-16T10:06:44+00:00\" \/>\n<meta property=\"og:image\" content=\"https:\/\/www.lejournalci.org\/wp-content\/uploads\/2025\/10\/1001349003-edited.jpg\" \/>\n\t<meta property=\"og:image:width\" content=\"2048\" \/>\n\t<meta property=\"og:image:height\" content=\"1151\" \/>\n\t<meta property=\"og:image:type\" content=\"image\/jpeg\" \/>\n<meta name=\"author\" content=\"La R\u00e9daction CI\" \/>\n<meta name=\"twitter:card\" content=\"summary_large_image\" \/>\n<meta name=\"twitter:creator\" content=\"@lejournalc\" \/>\n<meta name=\"twitter:site\" content=\"@lejournalc\" \/>\n<meta name=\"twitter:label1\" content=\"\u00c9crit par\" \/>\n\t<meta name=\"twitter:data1\" content=\"La R\u00e9daction CI\" \/>\n\t<meta name=\"twitter:label2\" content=\"Dur\u00e9e de lecture estim\u00e9e\" \/>\n\t<meta name=\"twitter:data2\" content=\"4 minutes\" \/>\n<script type=\"application\/ld+json\" class=\"yoast-schema-graph\">{\"@context\":\"https:\/\/schema.org\",\"@graph\":[{\"@type\":\"Article\",\"@id\":\"https:\/\/www.lejournalci.org\/index.php\/2025\/10\/16\/gabon-guinee-equatoriale-en-visite-a-libreville-le-vice-president-nguema-obiang-mangue-a-rencontre-le-president-oligui-nguema\/#article\",\"isPartOf\":{\"@id\":\"https:\/\/www.lejournalci.org\/index.php\/2025\/10\/16\/gabon-guinee-equatoriale-en-visite-a-libreville-le-vice-president-nguema-obiang-mangue-a-rencontre-le-president-oligui-nguema\/\"},\"author\":{\"name\":\"La R\u00e9daction CI\",\"@id\":\"https:\/\/www.lejournalci.org\/#\/schema\/person\/2efe42dc5459aaaf6d89cb27e736002b\"},\"headline\":\"Gabon-Guin\u00e9e \u00c9quatoriale : En Visite \u00e0 Libreville, le Vice-pr\u00e9sident Nguema Obiang Mangue a rencontr\u00e9 le Pr\u00e9sident Oligui Nguema\",\"datePublished\":\"2025-10-16T10:06:42+00:00\",\"dateModified\":\"2025-10-16T10:06:44+00:00\",\"mainEntityOfPage\":{\"@id\":\"https:\/\/www.lejournalci.org\/index.php\/2025\/10\/16\/gabon-guinee-equatoriale-en-visite-a-libreville-le-vice-president-nguema-obiang-mangue-a-rencontre-le-president-oligui-nguema\/\"},\"wordCount\":602,\"publisher\":{\"@id\":\"https:\/\/www.lejournalci.org\/#organization\"},\"image\":{\"@id\":\"https:\/\/www.lejournalci.org\/index.php\/2025\/10\/16\/gabon-guinee-equatoriale-en-visite-a-libreville-le-vice-president-nguema-obiang-mangue-a-rencontre-le-president-oligui-nguema\/#primaryimage\"},\"thumbnailUrl\":\"https:\/\/www.lejournalci.org\/wp-content\/uploads\/2025\/10\/1001349003-edited.jpg\",\"articleSection\":[\"DIPLOMATIE\"],\"inLanguage\":\"fr-FR\"},{\"@type\":\"WebPage\",\"@id\":\"https:\/\/www.lejournalci.org\/index.php\/2025\/10\/16\/gabon-guinee-equatoriale-en-visite-a-libreville-le-vice-president-nguema-obiang-mangue-a-rencontre-le-president-oligui-nguema\/\",\"url\":\"https:\/\/www.lejournalci.org\/index.php\/2025\/10\/16\/gabon-guinee-equatoriale-en-visite-a-libreville-le-vice-president-nguema-obiang-mangue-a-rencontre-le-president-oligui-nguema\/\",\"name\":\"Gabon-Guin\u00e9e \u00c9quatoriale : En Visite \u00e0 Libreville, le Vice-pr\u00e9sident Nguema Obiang Mangue a rencontr\u00e9 le Pr\u00e9sident Oligui Nguema - Cooperation Internationale\",\"isPartOf\":{\"@id\":\"https:\/\/www.lejournalci.org\/#website\"},\"primaryImageOfPage\":{\"@id\":\"https:\/\/www.lejournalci.org\/index.php\/2025\/10\/16\/gabon-guinee-equatoriale-en-visite-a-libreville-le-vice-president-nguema-obiang-mangue-a-rencontre-le-president-oligui-nguema\/#primaryimage\"},\"image\":{\"@id\":\"https:\/\/www.lejournalci.org\/index.php\/2025\/10\/16\/gabon-guinee-equatoriale-en-visite-a-libreville-le-vice-president-nguema-obiang-mangue-a-rencontre-le-president-oligui-nguema\/#primaryimage\"},\"thumbnailUrl\":\"https:\/\/www.lejournalci.org\/wp-content\/uploads\/2025\/10\/1001349003-edited.jpg\",\"datePublished\":\"2025-10-16T10:06:42+00:00\",\"dateModified\":\"2025-10-16T10:06:44+00:00\",\"breadcrumb\":{\"@id\":\"https:\/\/www.lejournalci.org\/index.php\/2025\/10\/16\/gabon-guinee-equatoriale-en-visite-a-libreville-le-vice-president-nguema-obiang-mangue-a-rencontre-le-president-oligui-nguema\/#breadcrumb\"},\"inLanguage\":\"fr-FR\",\"potentialAction\":[{\"@type\":\"ReadAction\",\"target\":[\"https:\/\/www.lejournalci.org\/index.php\/2025\/10\/16\/gabon-guinee-equatoriale-en-visite-a-libreville-le-vice-president-nguema-obiang-mangue-a-rencontre-le-president-oligui-nguema\/\"]}]},{\"@type\":\"ImageObject\",\"inLanguage\":\"fr-FR\",\"@id\":\"https:\/\/www.lejournalci.org\/index.php\/2025\/10\/16\/gabon-guinee-equatoriale-en-visite-a-libreville-le-vice-president-nguema-obiang-mangue-a-rencontre-le-president-oligui-nguema\/#primaryimage\",\"url\":\"https:\/\/www.lejournalci.org\/wp-content\/uploads\/2025\/10\/1001349003-edited.jpg\",\"contentUrl\":\"https:\/\/www.lejournalci.org\/wp-content\/uploads\/2025\/10\/1001349003-edited.jpg\",\"width\":2048,\"height\":1151},{\"@type\":\"BreadcrumbList\",\"@id\":\"https:\/\/www.lejournalci.org\/index.php\/2025\/10\/16\/gabon-guinee-equatoriale-en-visite-a-libreville-le-vice-president-nguema-obiang-mangue-a-rencontre-le-president-oligui-nguema\/#breadcrumb\",\"itemListElement\":[{\"@type\":\"ListItem\",\"position\":1,\"name\":\"Accueil\",\"item\":\"https:\/\/www.lejournalci.org\/\"},{\"@type\":\"ListItem\",\"position\":2,\"name\":\"Gabon-Guin\u00e9e \u00c9quatoriale : En Visite \u00e0 Libreville, le Vice-pr\u00e9sident Nguema Obiang Mangue a rencontr\u00e9 le Pr\u00e9sident Oligui Nguema\"}]},{\"@type\":\"WebSite\",\"@id\":\"https:\/\/www.lejournalci.org\/#website\",\"url\":\"https:\/\/www.lejournalci.org\/\",\"name\":\"Cooperation Internationale\",\"description\":\"Faire de la Coop\u00e9ration un Puissant Instrument de D\u00e9veloppement\",\"publisher\":{\"@id\":\"https:\/\/www.lejournalci.org\/#organization\"},\"potentialAction\":[{\"@type\":\"SearchAction\",\"target\":{\"@type\":\"EntryPoint\",\"urlTemplate\":\"https:\/\/www.lejournalci.org\/?s={search_term_string}\"},\"query-input\":{\"@type\":\"PropertyValueSpecification\",\"valueRequired\":true,\"valueName\":\"search_term_string\"}}],\"inLanguage\":\"fr-FR\"},{\"@type\":\"Organization\",\"@id\":\"https:\/\/www.lejournalci.org\/#organization\",\"name\":\"Cooperation Internationale\",\"url\":\"https:\/\/www.lejournalci.org\/\",\"logo\":{\"@type\":\"ImageObject\",\"inLanguage\":\"fr-FR\",\"@id\":\"https:\/\/www.lejournalci.org\/#\/schema\/logo\/image\/\",\"url\":\"https:\/\/www.lejournalci.org\/wp-content\/uploads\/2024\/12\/logo-coopint_HD_3.jpg\",\"contentUrl\":\"https:\/\/www.lejournalci.org\/wp-content\/uploads\/2024\/12\/logo-coopint_HD_3.jpg\",\"width\":700,\"height\":214,\"caption\":\"Cooperation Internationale\"},\"image\":{\"@id\":\"https:\/\/www.lejournalci.org\/#\/schema\/logo\/image\/\"},\"sameAs\":[\"https:\/\/www.facebook.com\/journalCI\/\",\"https:\/\/x.com\/lejournalc\"]},{\"@type\":\"Person\",\"@id\":\"https:\/\/www.lejournalci.org\/#\/schema\/person\/2efe42dc5459aaaf6d89cb27e736002b\",\"name\":\"La R\u00e9daction CI\",\"image\":{\"@type\":\"ImageObject\",\"inLanguage\":\"fr-FR\",\"@id\":\"https:\/\/www.lejournalci.org\/#\/schema\/person\/image\/\",\"url\":\"https:\/\/secure.gravatar.com\/avatar\/e63ab2ab378e283740d8889fbe2ec43fdcee7ac714a480d705f61cb1e5675c4c?s=96&d=mm&r=g\",\"contentUrl\":\"https:\/\/secure.gravatar.com\/avatar\/e63ab2ab378e283740d8889fbe2ec43fdcee7ac714a480d705f61cb1e5675c4c?s=96&d=mm&r=g\",\"caption\":\"La R\u00e9daction CI\"},\"url\":\"https:\/\/www.lejournalci.org\/index.php\/author\/noebricendongyahoo-fr\/\"}]}<\/script>\n<!-- \/ Yoast SEO plugin. -->","yoast_head_json":{"title":"Gabon-Guin\u00e9e \u00c9quatoriale : En Visite \u00e0 Libreville, le Vice-pr\u00e9sident Nguema Obiang Mangue a rencontr\u00e9 le Pr\u00e9sident Oligui Nguema - Cooperation Internationale","robots":{"index":"index","follow":"follow","max-snippet":"max-snippet:-1","max-image-preview":"max-image-preview:large","max-video-preview":"max-video-preview:-1"},"canonical":"https:\/\/www.lejournalci.org\/index.php\/2025\/10\/16\/gabon-guinee-equatoriale-en-visite-a-libreville-le-vice-president-nguema-obiang-mangue-a-rencontre-le-president-oligui-nguema\/","og_locale":"fr_FR","og_type":"article","og_title":"Gabon-Guin\u00e9e \u00c9quatoriale : En Visite \u00e0 Libreville, le Vice-pr\u00e9sident Nguema Obiang Mangue a rencontr\u00e9 le Pr\u00e9sident Oligui Nguema - Cooperation Internationale","og_description":"Le Vice-pr\u00e9sident de la R\u00e9publique de Guin\u00e9e \u00c9quatoriale, M.Teodoro Nguema Obiang Mangue a effectu\u00e9 ce mercredi 15 octobre un voyage officiel \u00e0 Libreville, \u00e0 la t\u00eate d&#8217;une forte d\u00e9l\u00e9gation \u00e9quato-guin\u00e9enne.\u00c0 son arriv\u00e9e \u00e0 l&#8217;a\u00e9roport international L\u00e9on MBA de Libreville, la capitale gabonaise, le Vice-Pr\u00e9sident Nguema Obiang Mangue a \u00e9t\u00e9 re\u00e7u","og_url":"https:\/\/www.lejournalci.org\/index.php\/2025\/10\/16\/gabon-guinee-equatoriale-en-visite-a-libreville-le-vice-president-nguema-obiang-mangue-a-rencontre-le-president-oligui-nguema\/","og_site_name":"Cooperation Internationale","article_publisher":"https:\/\/www.facebook.com\/journalCI\/","article_published_time":"2025-10-16T10:06:42+00:00","article_modified_time":"2025-10-16T10:06:44+00:00","og_image":[{"width":2048,"height":1151,"url":"https:\/\/www.lejournalci.org\/wp-content\/uploads\/2025\/10\/1001349003-edited.jpg","type":"image\/jpeg"}],"author":"La R\u00e9daction CI","twitter_card":"summary_large_image","twitter_creator":"@lejournalc","twitter_site":"@lejournalc","twitter_misc":{"\u00c9crit par":"La R\u00e9daction CI","Dur\u00e9e de lecture estim\u00e9e":"4 minutes"},"schema":{"@context":"https:\/\/schema.org","@graph":[{"@type":"Article","@id":"https:\/\/www.lejournalci.org\/index.php\/2025\/10\/16\/gabon-guinee-equatoriale-en-visite-a-libreville-le-vice-president-nguema-obiang-mangue-a-rencontre-le-president-oligui-nguema\/#article","isPartOf":{"@id":"https:\/\/www.lejournalci.org\/index.php\/2025\/10\/16\/gabon-guinee-equatoriale-en-visite-a-libreville-le-vice-president-nguema-obiang-mangue-a-rencontre-le-president-oligui-nguema\/"},"author":{"name":"La R\u00e9daction CI","@id":"https:\/\/www.lejournalci.org\/#\/schema\/person\/2efe42dc5459aaaf6d89cb27e736002b"},"headline":"Gabon-Guin\u00e9e \u00c9quatoriale : En Visite \u00e0 Libreville, le Vice-pr\u00e9sident Nguema Obiang Mangue a rencontr\u00e9 le Pr\u00e9sident Oligui Nguema","datePublished":"2025-10-16T10:06:42+00:00","dateModified":"2025-10-16T10:06:44+00:00","mainEntityOfPage":{"@id":"https:\/\/www.lejournalci.org\/index.php\/2025\/10\/16\/gabon-guinee-equatoriale-en-visite-a-libreville-le-vice-president-nguema-obiang-mangue-a-rencontre-le-president-oligui-nguema\/"},"wordCount":602,"publisher":{"@id":"https:\/\/www.lejournalci.org\/#organization"},"image":{"@id":"https:\/\/www.lejournalci.org\/index.php\/2025\/10\/16\/gabon-guinee-equatoriale-en-visite-a-libreville-le-vice-president-nguema-obiang-mangue-a-rencontre-le-president-oligui-nguema\/#primaryimage"},"thumbnailUrl":"https:\/\/www.lejournalci.org\/wp-content\/uploads\/2025\/10\/1001349003-edited.jpg","articleSection":["DIPLOMATIE"],"inLanguage":"fr-FR"},{"@type":"WebPage","@id":"https:\/\/www.lejournalci.org\/index.php\/2025\/10\/16\/gabon-guinee-equatoriale-en-visite-a-libreville-le-vice-president-nguema-obiang-mangue-a-rencontre-le-president-oligui-nguema\/","url":"https:\/\/www.lejournalci.org\/index.php\/2025\/10\/16\/gabon-guinee-equatoriale-en-visite-a-libreville-le-vice-president-nguema-obiang-mangue-a-rencontre-le-president-oligui-nguema\/","name":"Gabon-Guin\u00e9e \u00c9quatoriale : En Visite \u00e0 Libreville, le Vice-pr\u00e9sident Nguema Obiang Mangue a rencontr\u00e9 le Pr\u00e9sident Oligui Nguema - Cooperation Internationale","isPartOf":{"@id":"https:\/\/www.lejournalci.org\/#website"},"primaryImageOfPage":{"@id":"https:\/\/www.lejournalci.org\/index.php\/2025\/10\/16\/gabon-guinee-equatoriale-en-visite-a-libreville-le-vice-president-nguema-obiang-mangue-a-rencontre-le-president-oligui-nguema\/#primaryimage"},"image":{"@id":"https:\/\/www.lejournalci.org\/index.php\/2025\/10\/16\/gabon-guinee-equatoriale-en-visite-a-libreville-le-vice-president-nguema-obiang-mangue-a-rencontre-le-president-oligui-nguema\/#primaryimage"},"thumbnailUrl":"https:\/\/www.lejournalci.org\/wp-content\/uploads\/2025\/10\/1001349003-edited.jpg","datePublished":"2025-10-16T10:06:42+00:00","dateModified":"2025-10-16T10:06:44+00:00","breadcrumb":{"@id":"https:\/\/www.lejournalci.org\/index.php\/2025\/10\/16\/gabon-guinee-equatoriale-en-visite-a-libreville-le-vice-president-nguema-obiang-mangue-a-rencontre-le-president-oligui-nguema\/#breadcrumb"},"inLanguage":"fr-FR","potentialAction":[{"@type":"ReadAction","target":["https:\/\/www.lejournalci.org\/index.php\/2025\/10\/16\/gabon-guinee-equatoriale-en-visite-a-libreville-le-vice-president-nguema-obiang-mangue-a-rencontre-le-president-oligui-nguema\/"]}]},{"@type":"ImageObject","inLanguage":"fr-FR","@id":"https:\/\/www.lejournalci.org\/index.php\/2025\/10\/16\/gabon-guinee-equatoriale-en-visite-a-libreville-le-vice-president-nguema-obiang-mangue-a-rencontre-le-president-oligui-nguema\/#primaryimage","url":"https:\/\/www.lejournalci.org\/wp-content\/uploads\/2025\/10\/1001349003-edited.jpg","contentUrl":"https:\/\/www.lejournalci.org\/wp-content\/uploads\/2025\/10\/1001349003-edited.jpg","width":2048,"height":1151},{"@type":"BreadcrumbList","@id":"https:\/\/www.lejournalci.org\/index.php\/2025\/10\/16\/gabon-guinee-equatoriale-en-visite-a-libreville-le-vice-president-nguema-obiang-mangue-a-rencontre-le-president-oligui-nguema\/#breadcrumb","itemListElement":[{"@type":"ListItem","position":1,"name":"Accueil","item":"https:\/\/www.lejournalci.org\/"},{"@type":"ListItem","position":2,"name":"Gabon-Guin\u00e9e \u00c9quatoriale : En Visite \u00e0 Libreville, le Vice-pr\u00e9sident Nguema Obiang Mangue a rencontr\u00e9 le Pr\u00e9sident Oligui Nguema"}]},{"@type":"WebSite","@id":"https:\/\/www.lejournalci.org\/#website","url":"https:\/\/www.lejournalci.org\/","name":"Cooperation Internationale","description":"Faire de la Coop\u00e9ration un Puissant Instrument de D\u00e9veloppement","publisher":{"@id":"https:\/\/www.lejournalci.org\/#organization"},"potentialAction":[{"@type":"SearchAction","target":{"@type":"EntryPoint","urlTemplate":"https:\/\/www.lejournalci.org\/?s={search_term_string}"},"query-input":{"@type":"PropertyValueSpecification","valueRequired":true,"valueName":"search_term_string"}}],"inLanguage":"fr-FR"},{"@type":"Organization","@id":"https:\/\/www.lejournalci.org\/#organization","name":"Cooperation Internationale","url":"https:\/\/www.lejournalci.org\/","logo":{"@type":"ImageObject","inLanguage":"fr-FR","@id":"https:\/\/www.lejournalci.org\/#\/schema\/logo\/image\/","url":"https:\/\/www.lejournalci.org\/wp-content\/uploads\/2024\/12\/logo-coopint_HD_3.jpg","contentUrl":"https:\/\/www.lejournalci.org\/wp-content\/uploads\/2024\/12\/logo-coopint_HD_3.jpg","width":700,"height":214,"caption":"Cooperation Internationale"},"image":{"@id":"https:\/\/www.lejournalci.org\/#\/schema\/logo\/image\/"},"sameAs":["https:\/\/www.facebook.com\/journalCI\/","https:\/\/x.com\/lejournalc"]},{"@type":"Person","@id":"https:\/\/www.lejournalci.org\/#\/schema\/person\/2efe42dc5459aaaf6d89cb27e736002b","name":"La R\u00e9daction CI","image":{"@type":"ImageObject","inLanguage":"fr-FR","@id":"https:\/\/www.lejournalci.org\/#\/schema\/person\/image\/","url":"https:\/\/secure.gravatar.com\/avatar\/e63ab2ab378e283740d8889fbe2ec43fdcee7ac714a480d705f61cb1e5675c4c?s=96&d=mm&r=g","contentUrl":"https:\/\/secure.gravatar.com\/avatar\/e63ab2ab378e283740d8889fbe2ec43fdcee7ac714a480d705f61cb1e5675c4c?s=96&d=mm&r=g","caption":"La R\u00e9daction CI"},"url":"https:\/\/www.lejournalci.org\/index.php\/author\/noebricendongyahoo-fr\/"}]}},"jetpack_publicize_connections":[],"jetpack_featured_media_url":"https:\/\/www.lejournalci.org\/wp-content\/uploads\/2025\/10\/1001349003-edited.jpg","jetpack_sharing_enabled":true,"_links":{"self":[{"href":"https:\/\/www.lejournalci.org\/index.php\/wp-json\/wp\/v2\/posts\/9310","targetHints":{"allow":["GET"]}}],"collection":[{"href":"https:\/\/www.lejournalci.org\/index.php\/wp-json\/wp\/v2\/posts"}],"about":[{"href":"https:\/\/www.lejournalci.org\/index.php\/wp-json\/wp\/v2\/types\/post"}],"author":[{"embeddable":true,"href":"https:\/\/www.lejournalci.org\/index.php\/wp-json\/wp\/v2\/users\/3"}],"replies":[{"embeddable":true,"href":"https:\/\/www.lejournalci.org\/index.php\/wp-json\/wp\/v2\/comments?post=9310"}],"version-history":[{"count":1,"href":"https:\/\/www.lejournalci.org\/index.php\/wp-json\/wp\/v2\/posts\/9310\/revisions"}],"predecessor-version":[{"id":9316,"href":"https:\/\/www.lejournalci.org\/index.php\/wp-json\/wp\/v2\/posts\/9310\/revisions\/9316"}],"wp:featuredmedia":[{"embeddable":true,"href":"https:\/\/www.lejournalci.org\/index.php\/wp-json\/wp\/v2\/media\/9312"}],"wp:attachment":[{"href":"https:\/\/www.lejournalci.org\/index.php\/wp-json\/wp\/v2\/media?parent=9310"}],"wp:term":[{"taxonomy":"category","embeddable":true,"href":"https:\/\/www.lejournalci.org\/index.php\/wp-json\/wp\/v2\/categories?post=9310"},{"taxonomy":"post_tag","embeddable":true,"href":"https:\/\/www.lejournalci.org\/index.php\/wp-json\/wp\/v2\/tags?post=9310"}],"curies":[{"name":"wp","href":"https:\/\/api.w.org\/{rel}","templated":true}]}}