{"id":9306,"date":"2025-10-16T07:39:12","date_gmt":"2025-10-16T07:39:12","guid":{"rendered":"https:\/\/www.lejournalci.org\/?p=9306"},"modified":"2025-10-16T07:39:13","modified_gmt":"2025-10-16T07:39:13","slug":"gabon-une-delegation-de-la-bad-recue-au-palais-renovation-par-le-president-oligui-nguema","status":"publish","type":"post","link":"https:\/\/www.lejournalci.org\/index.php\/2025\/10\/16\/gabon-une-delegation-de-la-bad-recue-au-palais-renovation-par-le-president-oligui-nguema\/","title":{"rendered":"Gabon: Une d\u00e9l\u00e9gation de la BAD re\u00e7ue au Palais R\u00e9novation par le Pr\u00e9sident Oligui Nguema"},"content":{"rendered":"\n<p><strong>Le Pr\u00e9sident de la R\u00e9publique gabonaise, Brice Clotaire Oligui Nguema s\u2019est entretenu le mardi 14 Octobre au Palais R\u00e9novation avec une d\u00e9l\u00e9gation de la Banque Africaine de D\u00e9veloppement (BAD) , conduite par madame Marie-Laure Akin, Olugbad\u00e9, vice-pr\u00e9sidente principale de ladite structure.<\/strong><\/p>\n\n\n\n<p>Cette visite s\u2019inscrit dans le cadre d\u2019une mission de dialogue de haut niveau avec le Pr\u00e9sident de la R\u00e9publique. Ce f\u00fbt l\u2019occasion pour la Repr\u00e9sentante de la BAD de porter un message de M. Sidi Ould Tah, Pr\u00e9sident de l\u2019institution, qui a r\u00e9affirm\u00e9 l\u2019engagement du groupe \u00e0 accompagner la vision 50 du plan national de croissance et de d\u00e9veloppement qui vient d\u2019\u00eatre \u00e9labor\u00e9, et \u00e0 consolider cette collaboration qui repose sur une confiance solide.<\/p>\n\n\n\n<p>Il convient de noter que La BAD et le Gabon entretiennent de bonnes relations depuis de longues dates. Une collaboration mat\u00e9rialis\u00e9e par le biais d\u2019un portefeuille de transactions dans plusieurs secteurs tels que l\u2019eau, l\u2019\u00e9nergie, l\u2019assainissement, les infrastructures, qui ont eu un impact palpable sur la vie des gabonaises et des gabonais.<\/p>\n\n\n\n<p>Les questions relatives \u00e0 l\u2019emploi des jeunes, au d\u00e9veloppement d\u2019autres fili\u00e8res telles que l\u2019agriculture ont \u00e9galement \u00e9t\u00e9 \u00e9voqu\u00e9es au cours de cette entrevue.Il s\u2019agit par exemple du d\u00e9cret d\u2019annulation d\u2019importation du poulet de chair en d\u00e9but 2027, et la possibilit\u00e9 de d\u00e9velopper un projet dans le domaine avicole qui pourrait contribuer \u00e0 produire du poulet au Gabon tout en impliquant des jeunes femmes dans la cha\u00eene de production.<\/p>\n\n\n\n<p>En outre, le Chef de l\u2019\u00c9tat gabonais et ses h\u00f4tes ont fait un tour d\u2019horizon sur la coop\u00e9ration ainsi que les engagements qui ont \u00e9t\u00e9 contract\u00e9s, la mobilisation et l\u2019acc\u00e9l\u00e9ration des travaux des grands projets tels que la r\u00e9alisation de la route Ndend\u00e9-Doussala entre autres.<\/p>\n\n\n\n<p><strong><em>SOURCE: Pr\u00e9sidence de la R\u00e9publique gabonaise.<\/em><\/strong><\/p>\n","protected":false},"excerpt":{"rendered":"<p>Le Pr\u00e9sident de la R\u00e9publique gabonaise, Brice Clotaire Oligui Nguema s\u2019est entretenu le mardi 14 Octobre au Palais R\u00e9novation avec une d\u00e9l\u00e9gation de la Banque Africaine de D\u00e9veloppement (BAD) , conduite par madame Marie-Laure Akin, Olugbad\u00e9, vice-pr\u00e9sidente principale de ladite structure. Cette visite s\u2019inscrit dans le cadre d\u2019une mission de<\/p>\n","protected":false},"author":3,"featured_media":9308,"comment_status":"closed","ping_status":"open","sticky":false,"template":"","format":"standard","meta":{"colormag_page_container_layout":"default_layout","colormag_page_sidebar_layout":"default_layout","_jetpack_memberships_contains_paid_content":false,"footnotes":"","jetpack_publicize_message":"","jetpack_publicize_feature_enabled":true,"jetpack_social_post_already_shared":true,"jetpack_social_options":{"image_generator_settings":{"template":"highway","default_image_id":0,"font":"","enabled":false},"version":2}},"categories":[51],"tags":[],"class_list":["post-9306","post","type-post","status-publish","format-standard","has-post-thumbnail","hentry","category-diplomatie"],"magazineBlocksPostFeaturedMedia":{"thumbnail":"https:\/\/www.lejournalci.org\/wp-content\/uploads\/2025\/10\/1001348537-edited-150x150.jpg","medium":"https:\/\/www.lejournalci.org\/wp-content\/uploads\/2025\/10\/1001348537-edited-300x169.jpg","medium_large":"https:\/\/www.lejournalci.org\/wp-content\/uploads\/2025\/10\/1001348537-edited-768x432.jpg","large":"https:\/\/www.lejournalci.org\/wp-content\/uploads\/2025\/10\/1001348537-edited-1024x576.jpg","1536x1536":"https:\/\/www.lejournalci.org\/wp-content\/uploads\/2025\/10\/1001348537-edited.jpg","2048x2048":"https:\/\/www.lejournalci.org\/wp-content\/uploads\/2025\/10\/1001348537-edited.jpg","colormag-highlighted-post":"https:\/\/www.lejournalci.org\/wp-content\/uploads\/2025\/10\/1001348537-edited-392x272.jpg","colormag-featured-post-medium":"https:\/\/www.lejournalci.org\/wp-content\/uploads\/2025\/10\/1001348537-edited-390x205.jpg","colormag-featured-post-small":"https:\/\/www.lejournalci.org\/wp-content\/uploads\/2025\/10\/1001348537-edited-130x90.jpg","colormag-featured-image":"https:\/\/www.lejournalci.org\/wp-content\/uploads\/2025\/10\/1001348537-edited-800x445.jpg","colormag-default-news":"https:\/\/www.lejournalci.org\/wp-content\/uploads\/2025\/10\/1001348537-edited-150x150.jpg","colormag-featured-image-large":"https:\/\/www.lejournalci.org\/wp-content\/uploads\/2025\/10\/1001348537-edited-1280x600.jpg"},"magazineBlocksPostAuthor":{"name":"La R\u00e9daction CI","avatar":"https:\/\/secure.gravatar.com\/avatar\/e63ab2ab378e283740d8889fbe2ec43fdcee7ac714a480d705f61cb1e5675c4c?s=96&d=mm&r=g"},"magazineBlocksPostCommentsNumber":false,"magazineBlocksPostExcerpt":"Le Pr\u00e9sident de la R\u00e9publique gabonaise, Brice Clotaire Oligui Nguema s\u2019est entretenu le mardi 14 Octobre au Palais R\u00e9novation avec une d\u00e9l\u00e9gation de la Banque Africaine de D\u00e9veloppement (BAD) , conduite par madame Marie-Laure Akin, Olugbad\u00e9, vice-pr\u00e9sidente principale de ladite structure. Cette visite s\u2019inscrit dans le cadre d\u2019une mission de","magazineBlocksPostCategories":["DIPLOMATIE"],"magazineBlocksPostViewCount":414,"magazineBlocksPostReadTime":2,"magazine_blocks_featured_image_url":{"full":["https:\/\/www.lejournalci.org\/wp-content\/uploads\/2025\/10\/1001348537-edited.jpg",1280,720,false],"medium":["https:\/\/www.lejournalci.org\/wp-content\/uploads\/2025\/10\/1001348537-edited-300x169.jpg",300,169,true],"thumbnail":["https:\/\/www.lejournalci.org\/wp-content\/uploads\/2025\/10\/1001348537-edited-150x150.jpg",150,150,true]},"magazine_blocks_author":{"display_name":"La R\u00e9daction CI","author_link":"https:\/\/www.lejournalci.org\/index.php\/author\/noebricendongyahoo-fr\/"},"magazine_blocks_comment":0,"magazine_blocks_author_image":"https:\/\/secure.gravatar.com\/avatar\/e63ab2ab378e283740d8889fbe2ec43fdcee7ac714a480d705f61cb1e5675c4c?s=96&d=mm&r=g","magazine_blocks_category":"<a href=\"#\" class=\"category-link category-link-51\">DIPLOMATIE<\/a>","yoast_head":"<!-- This site is optimized with the Yoast SEO plugin v26.2 - https:\/\/yoast.com\/wordpress\/plugins\/seo\/ -->\n<title>Gabon: Une d\u00e9l\u00e9gation de la BAD re\u00e7ue au Palais R\u00e9novation par le Pr\u00e9sident Oligui Nguema - Cooperation Internationale<\/title>\n<meta name=\"robots\" content=\"index, follow, max-snippet:-1, max-image-preview:large, max-video-preview:-1\" \/>\n<link rel=\"canonical\" href=\"https:\/\/www.lejournalci.org\/index.php\/2025\/10\/16\/gabon-une-delegation-de-la-bad-recue-au-palais-renovation-par-le-president-oligui-nguema\/\" \/>\n<meta property=\"og:locale\" content=\"fr_FR\" \/>\n<meta property=\"og:type\" content=\"article\" \/>\n<meta property=\"og:title\" content=\"Gabon: Une d\u00e9l\u00e9gation de la BAD re\u00e7ue au Palais R\u00e9novation par le Pr\u00e9sident Oligui Nguema - Cooperation Internationale\" \/>\n<meta property=\"og:description\" content=\"Le Pr\u00e9sident de la R\u00e9publique gabonaise, Brice Clotaire Oligui Nguema s\u2019est entretenu le mardi 14 Octobre au Palais R\u00e9novation avec une d\u00e9l\u00e9gation de la Banque Africaine de D\u00e9veloppement (BAD) , conduite par madame Marie-Laure Akin, Olugbad\u00e9, vice-pr\u00e9sidente principale de ladite structure. Cette visite s\u2019inscrit dans le cadre d\u2019une mission de\" \/>\n<meta property=\"og:url\" content=\"https:\/\/www.lejournalci.org\/index.php\/2025\/10\/16\/gabon-une-delegation-de-la-bad-recue-au-palais-renovation-par-le-president-oligui-nguema\/\" \/>\n<meta property=\"og:site_name\" content=\"Cooperation Internationale\" \/>\n<meta property=\"article:publisher\" content=\"https:\/\/www.facebook.com\/journalCI\/\" \/>\n<meta property=\"article:published_time\" content=\"2025-10-16T07:39:12+00:00\" \/>\n<meta property=\"article:modified_time\" content=\"2025-10-16T07:39:13+00:00\" \/>\n<meta property=\"og:image\" content=\"https:\/\/www.lejournalci.org\/wp-content\/uploads\/2025\/10\/1001348537-edited.jpg\" \/>\n\t<meta property=\"og:image:width\" content=\"1280\" \/>\n\t<meta property=\"og:image:height\" content=\"720\" \/>\n\t<meta property=\"og:image:type\" content=\"image\/jpeg\" \/>\n<meta name=\"author\" content=\"La R\u00e9daction CI\" \/>\n<meta name=\"twitter:card\" content=\"summary_large_image\" \/>\n<meta name=\"twitter:creator\" content=\"@lejournalc\" \/>\n<meta name=\"twitter:site\" content=\"@lejournalc\" \/>\n<meta name=\"twitter:label1\" content=\"\u00c9crit par\" \/>\n\t<meta name=\"twitter:data1\" content=\"La R\u00e9daction CI\" \/>\n\t<meta name=\"twitter:label2\" content=\"Dur\u00e9e de lecture estim\u00e9e\" \/>\n\t<meta name=\"twitter:data2\" content=\"2 minutes\" \/>\n<script type=\"application\/ld+json\" class=\"yoast-schema-graph\">{\"@context\":\"https:\/\/schema.org\",\"@graph\":[{\"@type\":\"Article\",\"@id\":\"https:\/\/www.lejournalci.org\/index.php\/2025\/10\/16\/gabon-une-delegation-de-la-bad-recue-au-palais-renovation-par-le-president-oligui-nguema\/#article\",\"isPartOf\":{\"@id\":\"https:\/\/www.lejournalci.org\/index.php\/2025\/10\/16\/gabon-une-delegation-de-la-bad-recue-au-palais-renovation-par-le-president-oligui-nguema\/\"},\"author\":{\"name\":\"La R\u00e9daction CI\",\"@id\":\"https:\/\/www.lejournalci.org\/#\/schema\/person\/2efe42dc5459aaaf6d89cb27e736002b\"},\"headline\":\"Gabon: Une d\u00e9l\u00e9gation de la BAD re\u00e7ue au Palais R\u00e9novation par le Pr\u00e9sident Oligui Nguema\",\"datePublished\":\"2025-10-16T07:39:12+00:00\",\"dateModified\":\"2025-10-16T07:39:13+00:00\",\"mainEntityOfPage\":{\"@id\":\"https:\/\/www.lejournalci.org\/index.php\/2025\/10\/16\/gabon-une-delegation-de-la-bad-recue-au-palais-renovation-par-le-president-oligui-nguema\/\"},\"wordCount\":351,\"publisher\":{\"@id\":\"https:\/\/www.lejournalci.org\/#organization\"},\"image\":{\"@id\":\"https:\/\/www.lejournalci.org\/index.php\/2025\/10\/16\/gabon-une-delegation-de-la-bad-recue-au-palais-renovation-par-le-president-oligui-nguema\/#primaryimage\"},\"thumbnailUrl\":\"https:\/\/www.lejournalci.org\/wp-content\/uploads\/2025\/10\/1001348537-edited.jpg\",\"articleSection\":[\"DIPLOMATIE\"],\"inLanguage\":\"fr-FR\"},{\"@type\":\"WebPage\",\"@id\":\"https:\/\/www.lejournalci.org\/index.php\/2025\/10\/16\/gabon-une-delegation-de-la-bad-recue-au-palais-renovation-par-le-president-oligui-nguema\/\",\"url\":\"https:\/\/www.lejournalci.org\/index.php\/2025\/10\/16\/gabon-une-delegation-de-la-bad-recue-au-palais-renovation-par-le-president-oligui-nguema\/\",\"name\":\"Gabon: Une d\u00e9l\u00e9gation de la BAD re\u00e7ue au Palais R\u00e9novation par le Pr\u00e9sident Oligui Nguema - Cooperation Internationale\",\"isPartOf\":{\"@id\":\"https:\/\/www.lejournalci.org\/#website\"},\"primaryImageOfPage\":{\"@id\":\"https:\/\/www.lejournalci.org\/index.php\/2025\/10\/16\/gabon-une-delegation-de-la-bad-recue-au-palais-renovation-par-le-president-oligui-nguema\/#primaryimage\"},\"image\":{\"@id\":\"https:\/\/www.lejournalci.org\/index.php\/2025\/10\/16\/gabon-une-delegation-de-la-bad-recue-au-palais-renovation-par-le-president-oligui-nguema\/#primaryimage\"},\"thumbnailUrl\":\"https:\/\/www.lejournalci.org\/wp-content\/uploads\/2025\/10\/1001348537-edited.jpg\",\"datePublished\":\"2025-10-16T07:39:12+00:00\",\"dateModified\":\"2025-10-16T07:39:13+00:00\",\"breadcrumb\":{\"@id\":\"https:\/\/www.lejournalci.org\/index.php\/2025\/10\/16\/gabon-une-delegation-de-la-bad-recue-au-palais-renovation-par-le-president-oligui-nguema\/#breadcrumb\"},\"inLanguage\":\"fr-FR\",\"potentialAction\":[{\"@type\":\"ReadAction\",\"target\":[\"https:\/\/www.lejournalci.org\/index.php\/2025\/10\/16\/gabon-une-delegation-de-la-bad-recue-au-palais-renovation-par-le-president-oligui-nguema\/\"]}]},{\"@type\":\"ImageObject\",\"inLanguage\":\"fr-FR\",\"@id\":\"https:\/\/www.lejournalci.org\/index.php\/2025\/10\/16\/gabon-une-delegation-de-la-bad-recue-au-palais-renovation-par-le-president-oligui-nguema\/#primaryimage\",\"url\":\"https:\/\/www.lejournalci.org\/wp-content\/uploads\/2025\/10\/1001348537-edited.jpg\",\"contentUrl\":\"https:\/\/www.lejournalci.org\/wp-content\/uploads\/2025\/10\/1001348537-edited.jpg\",\"width\":1280,\"height\":720},{\"@type\":\"BreadcrumbList\",\"@id\":\"https:\/\/www.lejournalci.org\/index.php\/2025\/10\/16\/gabon-une-delegation-de-la-bad-recue-au-palais-renovation-par-le-president-oligui-nguema\/#breadcrumb\",\"itemListElement\":[{\"@type\":\"ListItem\",\"position\":1,\"name\":\"Accueil\",\"item\":\"https:\/\/www.lejournalci.org\/\"},{\"@type\":\"ListItem\",\"position\":2,\"name\":\"Gabon: Une d\u00e9l\u00e9gation de la BAD re\u00e7ue au Palais R\u00e9novation par le Pr\u00e9sident Oligui Nguema\"}]},{\"@type\":\"WebSite\",\"@id\":\"https:\/\/www.lejournalci.org\/#website\",\"url\":\"https:\/\/www.lejournalci.org\/\",\"name\":\"Cooperation Internationale\",\"description\":\"Faire de la Coop\u00e9ration un Puissant Instrument de D\u00e9veloppement\",\"publisher\":{\"@id\":\"https:\/\/www.lejournalci.org\/#organization\"},\"potentialAction\":[{\"@type\":\"SearchAction\",\"target\":{\"@type\":\"EntryPoint\",\"urlTemplate\":\"https:\/\/www.lejournalci.org\/?s={search_term_string}\"},\"query-input\":{\"@type\":\"PropertyValueSpecification\",\"valueRequired\":true,\"valueName\":\"search_term_string\"}}],\"inLanguage\":\"fr-FR\"},{\"@type\":\"Organization\",\"@id\":\"https:\/\/www.lejournalci.org\/#organization\",\"name\":\"Cooperation Internationale\",\"url\":\"https:\/\/www.lejournalci.org\/\",\"logo\":{\"@type\":\"ImageObject\",\"inLanguage\":\"fr-FR\",\"@id\":\"https:\/\/www.lejournalci.org\/#\/schema\/logo\/image\/\",\"url\":\"https:\/\/www.lejournalci.org\/wp-content\/uploads\/2024\/12\/logo-coopint_HD_3.jpg\",\"contentUrl\":\"https:\/\/www.lejournalci.org\/wp-content\/uploads\/2024\/12\/logo-coopint_HD_3.jpg\",\"width\":700,\"height\":214,\"caption\":\"Cooperation Internationale\"},\"image\":{\"@id\":\"https:\/\/www.lejournalci.org\/#\/schema\/logo\/image\/\"},\"sameAs\":[\"https:\/\/www.facebook.com\/journalCI\/\",\"https:\/\/x.com\/lejournalc\"]},{\"@type\":\"Person\",\"@id\":\"https:\/\/www.lejournalci.org\/#\/schema\/person\/2efe42dc5459aaaf6d89cb27e736002b\",\"name\":\"La R\u00e9daction CI\",\"image\":{\"@type\":\"ImageObject\",\"inLanguage\":\"fr-FR\",\"@id\":\"https:\/\/www.lejournalci.org\/#\/schema\/person\/image\/\",\"url\":\"https:\/\/secure.gravatar.com\/avatar\/e63ab2ab378e283740d8889fbe2ec43fdcee7ac714a480d705f61cb1e5675c4c?s=96&d=mm&r=g\",\"contentUrl\":\"https:\/\/secure.gravatar.com\/avatar\/e63ab2ab378e283740d8889fbe2ec43fdcee7ac714a480d705f61cb1e5675c4c?s=96&d=mm&r=g\",\"caption\":\"La R\u00e9daction CI\"},\"url\":\"https:\/\/www.lejournalci.org\/index.php\/author\/noebricendongyahoo-fr\/\"}]}<\/script>\n<!-- \/ Yoast SEO plugin. -->","yoast_head_json":{"title":"Gabon: Une d\u00e9l\u00e9gation de la BAD re\u00e7ue au Palais R\u00e9novation par le Pr\u00e9sident Oligui Nguema - Cooperation Internationale","robots":{"index":"index","follow":"follow","max-snippet":"max-snippet:-1","max-image-preview":"max-image-preview:large","max-video-preview":"max-video-preview:-1"},"canonical":"https:\/\/www.lejournalci.org\/index.php\/2025\/10\/16\/gabon-une-delegation-de-la-bad-recue-au-palais-renovation-par-le-president-oligui-nguema\/","og_locale":"fr_FR","og_type":"article","og_title":"Gabon: Une d\u00e9l\u00e9gation de la BAD re\u00e7ue au Palais R\u00e9novation par le Pr\u00e9sident Oligui Nguema - Cooperation Internationale","og_description":"Le Pr\u00e9sident de la R\u00e9publique gabonaise, Brice Clotaire Oligui Nguema s\u2019est entretenu le mardi 14 Octobre au Palais R\u00e9novation avec une d\u00e9l\u00e9gation de la Banque Africaine de D\u00e9veloppement (BAD) , conduite par madame Marie-Laure Akin, Olugbad\u00e9, vice-pr\u00e9sidente principale de ladite structure. Cette visite s\u2019inscrit dans le cadre d\u2019une mission de","og_url":"https:\/\/www.lejournalci.org\/index.php\/2025\/10\/16\/gabon-une-delegation-de-la-bad-recue-au-palais-renovation-par-le-president-oligui-nguema\/","og_site_name":"Cooperation Internationale","article_publisher":"https:\/\/www.facebook.com\/journalCI\/","article_published_time":"2025-10-16T07:39:12+00:00","article_modified_time":"2025-10-16T07:39:13+00:00","og_image":[{"width":1280,"height":720,"url":"https:\/\/www.lejournalci.org\/wp-content\/uploads\/2025\/10\/1001348537-edited.jpg","type":"image\/jpeg"}],"author":"La R\u00e9daction CI","twitter_card":"summary_large_image","twitter_creator":"@lejournalc","twitter_site":"@lejournalc","twitter_misc":{"\u00c9crit par":"La R\u00e9daction CI","Dur\u00e9e de lecture estim\u00e9e":"2 minutes"},"schema":{"@context":"https:\/\/schema.org","@graph":[{"@type":"Article","@id":"https:\/\/www.lejournalci.org\/index.php\/2025\/10\/16\/gabon-une-delegation-de-la-bad-recue-au-palais-renovation-par-le-president-oligui-nguema\/#article","isPartOf":{"@id":"https:\/\/www.lejournalci.org\/index.php\/2025\/10\/16\/gabon-une-delegation-de-la-bad-recue-au-palais-renovation-par-le-president-oligui-nguema\/"},"author":{"name":"La R\u00e9daction CI","@id":"https:\/\/www.lejournalci.org\/#\/schema\/person\/2efe42dc5459aaaf6d89cb27e736002b"},"headline":"Gabon: Une d\u00e9l\u00e9gation de la BAD re\u00e7ue au Palais R\u00e9novation par le Pr\u00e9sident Oligui Nguema","datePublished":"2025-10-16T07:39:12+00:00","dateModified":"2025-10-16T07:39:13+00:00","mainEntityOfPage":{"@id":"https:\/\/www.lejournalci.org\/index.php\/2025\/10\/16\/gabon-une-delegation-de-la-bad-recue-au-palais-renovation-par-le-president-oligui-nguema\/"},"wordCount":351,"publisher":{"@id":"https:\/\/www.lejournalci.org\/#organization"},"image":{"@id":"https:\/\/www.lejournalci.org\/index.php\/2025\/10\/16\/gabon-une-delegation-de-la-bad-recue-au-palais-renovation-par-le-president-oligui-nguema\/#primaryimage"},"thumbnailUrl":"https:\/\/www.lejournalci.org\/wp-content\/uploads\/2025\/10\/1001348537-edited.jpg","articleSection":["DIPLOMATIE"],"inLanguage":"fr-FR"},{"@type":"WebPage","@id":"https:\/\/www.lejournalci.org\/index.php\/2025\/10\/16\/gabon-une-delegation-de-la-bad-recue-au-palais-renovation-par-le-president-oligui-nguema\/","url":"https:\/\/www.lejournalci.org\/index.php\/2025\/10\/16\/gabon-une-delegation-de-la-bad-recue-au-palais-renovation-par-le-president-oligui-nguema\/","name":"Gabon: Une d\u00e9l\u00e9gation de la BAD re\u00e7ue au Palais R\u00e9novation par le Pr\u00e9sident Oligui Nguema - Cooperation Internationale","isPartOf":{"@id":"https:\/\/www.lejournalci.org\/#website"},"primaryImageOfPage":{"@id":"https:\/\/www.lejournalci.org\/index.php\/2025\/10\/16\/gabon-une-delegation-de-la-bad-recue-au-palais-renovation-par-le-president-oligui-nguema\/#primaryimage"},"image":{"@id":"https:\/\/www.lejournalci.org\/index.php\/2025\/10\/16\/gabon-une-delegation-de-la-bad-recue-au-palais-renovation-par-le-president-oligui-nguema\/#primaryimage"},"thumbnailUrl":"https:\/\/www.lejournalci.org\/wp-content\/uploads\/2025\/10\/1001348537-edited.jpg","datePublished":"2025-10-16T07:39:12+00:00","dateModified":"2025-10-16T07:39:13+00:00","breadcrumb":{"@id":"https:\/\/www.lejournalci.org\/index.php\/2025\/10\/16\/gabon-une-delegation-de-la-bad-recue-au-palais-renovation-par-le-president-oligui-nguema\/#breadcrumb"},"inLanguage":"fr-FR","potentialAction":[{"@type":"ReadAction","target":["https:\/\/www.lejournalci.org\/index.php\/2025\/10\/16\/gabon-une-delegation-de-la-bad-recue-au-palais-renovation-par-le-president-oligui-nguema\/"]}]},{"@type":"ImageObject","inLanguage":"fr-FR","@id":"https:\/\/www.lejournalci.org\/index.php\/2025\/10\/16\/gabon-une-delegation-de-la-bad-recue-au-palais-renovation-par-le-president-oligui-nguema\/#primaryimage","url":"https:\/\/www.lejournalci.org\/wp-content\/uploads\/2025\/10\/1001348537-edited.jpg","contentUrl":"https:\/\/www.lejournalci.org\/wp-content\/uploads\/2025\/10\/1001348537-edited.jpg","width":1280,"height":720},{"@type":"BreadcrumbList","@id":"https:\/\/www.lejournalci.org\/index.php\/2025\/10\/16\/gabon-une-delegation-de-la-bad-recue-au-palais-renovation-par-le-president-oligui-nguema\/#breadcrumb","itemListElement":[{"@type":"ListItem","position":1,"name":"Accueil","item":"https:\/\/www.lejournalci.org\/"},{"@type":"ListItem","position":2,"name":"Gabon: Une d\u00e9l\u00e9gation de la BAD re\u00e7ue au Palais R\u00e9novation par le Pr\u00e9sident Oligui Nguema"}]},{"@type":"WebSite","@id":"https:\/\/www.lejournalci.org\/#website","url":"https:\/\/www.lejournalci.org\/","name":"Cooperation Internationale","description":"Faire de la Coop\u00e9ration un Puissant Instrument de D\u00e9veloppement","publisher":{"@id":"https:\/\/www.lejournalci.org\/#organization"},"potentialAction":[{"@type":"SearchAction","target":{"@type":"EntryPoint","urlTemplate":"https:\/\/www.lejournalci.org\/?s={search_term_string}"},"query-input":{"@type":"PropertyValueSpecification","valueRequired":true,"valueName":"search_term_string"}}],"inLanguage":"fr-FR"},{"@type":"Organization","@id":"https:\/\/www.lejournalci.org\/#organization","name":"Cooperation Internationale","url":"https:\/\/www.lejournalci.org\/","logo":{"@type":"ImageObject","inLanguage":"fr-FR","@id":"https:\/\/www.lejournalci.org\/#\/schema\/logo\/image\/","url":"https:\/\/www.lejournalci.org\/wp-content\/uploads\/2024\/12\/logo-coopint_HD_3.jpg","contentUrl":"https:\/\/www.lejournalci.org\/wp-content\/uploads\/2024\/12\/logo-coopint_HD_3.jpg","width":700,"height":214,"caption":"Cooperation Internationale"},"image":{"@id":"https:\/\/www.lejournalci.org\/#\/schema\/logo\/image\/"},"sameAs":["https:\/\/www.facebook.com\/journalCI\/","https:\/\/x.com\/lejournalc"]},{"@type":"Person","@id":"https:\/\/www.lejournalci.org\/#\/schema\/person\/2efe42dc5459aaaf6d89cb27e736002b","name":"La R\u00e9daction CI","image":{"@type":"ImageObject","inLanguage":"fr-FR","@id":"https:\/\/www.lejournalci.org\/#\/schema\/person\/image\/","url":"https:\/\/secure.gravatar.com\/avatar\/e63ab2ab378e283740d8889fbe2ec43fdcee7ac714a480d705f61cb1e5675c4c?s=96&d=mm&r=g","contentUrl":"https:\/\/secure.gravatar.com\/avatar\/e63ab2ab378e283740d8889fbe2ec43fdcee7ac714a480d705f61cb1e5675c4c?s=96&d=mm&r=g","caption":"La R\u00e9daction CI"},"url":"https:\/\/www.lejournalci.org\/index.php\/author\/noebricendongyahoo-fr\/"}]}},"jetpack_publicize_connections":[],"jetpack_featured_media_url":"https:\/\/www.lejournalci.org\/wp-content\/uploads\/2025\/10\/1001348537-edited.jpg","jetpack_sharing_enabled":true,"_links":{"self":[{"href":"https:\/\/www.lejournalci.org\/index.php\/wp-json\/wp\/v2\/posts\/9306","targetHints":{"allow":["GET"]}}],"collection":[{"href":"https:\/\/www.lejournalci.org\/index.php\/wp-json\/wp\/v2\/posts"}],"about":[{"href":"https:\/\/www.lejournalci.org\/index.php\/wp-json\/wp\/v2\/types\/post"}],"author":[{"embeddable":true,"href":"https:\/\/www.lejournalci.org\/index.php\/wp-json\/wp\/v2\/users\/3"}],"replies":[{"embeddable":true,"href":"https:\/\/www.lejournalci.org\/index.php\/wp-json\/wp\/v2\/comments?post=9306"}],"version-history":[{"count":1,"href":"https:\/\/www.lejournalci.org\/index.php\/wp-json\/wp\/v2\/posts\/9306\/revisions"}],"predecessor-version":[{"id":9309,"href":"https:\/\/www.lejournalci.org\/index.php\/wp-json\/wp\/v2\/posts\/9306\/revisions\/9309"}],"wp:featuredmedia":[{"embeddable":true,"href":"https:\/\/www.lejournalci.org\/index.php\/wp-json\/wp\/v2\/media\/9308"}],"wp:attachment":[{"href":"https:\/\/www.lejournalci.org\/index.php\/wp-json\/wp\/v2\/media?parent=9306"}],"wp:term":[{"taxonomy":"category","embeddable":true,"href":"https:\/\/www.lejournalci.org\/index.php\/wp-json\/wp\/v2\/categories?post=9306"},{"taxonomy":"post_tag","embeddable":true,"href":"https:\/\/www.lejournalci.org\/index.php\/wp-json\/wp\/v2\/tags?post=9306"}],"curies":[{"name":"wp","href":"https:\/\/api.w.org\/{rel}","templated":true}]}}