{"id":9299,"date":"2025-10-16T06:42:41","date_gmt":"2025-10-16T06:42:41","guid":{"rendered":"https:\/\/www.lejournalci.org\/?p=9299"},"modified":"2025-10-16T06:42:42","modified_gmt":"2025-10-16T06:42:42","slug":"rca-fmi-un-partenariat-decisif-a-washington-en-faveur-de-la-relance-du-developpement-de-la-centrafrique","status":"publish","type":"post","link":"https:\/\/www.lejournalci.org\/index.php\/2025\/10\/16\/rca-fmi-un-partenariat-decisif-a-washington-en-faveur-de-la-relance-du-developpement-de-la-centrafrique\/","title":{"rendered":"RCA-FMI : Un Partenariat d\u00e9cisif \u00e0 Washington en faveur de la Relance du D\u00e9veloppement de la Centrafrique"},"content":{"rendered":"\n<p> Une \u00e9tape cruciale dans la relation entre la R\u00e9publique centrafricaine et le Fonds mon\u00e9taire international (FMI) s\u2019est concr\u00e9tis\u00e9e lors d\u2019une r\u00e9union de haut niveau organis\u00e9e le lundi 13 Octobre 2025 dans la capitale am\u00e9ricaine par le Ministre des Finances et du Budget Herv\u00e9 Ndoba de la R\u00e9publique centrafricaine.Ce rendez-vous, marathon dans sa dur\u00e9e, symbolise l\u2019engagement renouvel\u00e9 des deux partenaires en faveur de la stabilit\u00e9 \u00e9conomique et de la relance du d\u00e9veloppement national, dans un contexte marqu\u00e9 par des d\u00e9fis persistants.<\/p>\n\n\n\n<p>Au c\u0153ur de cette rencontre, M. Akamura, repr\u00e9sentant du FMI, a soulign\u00e9 la qualit\u00e9 du partenariat nou\u00e9 avec le gouvernement centrafricain, tout en reconnaissant les obstacles qui entravent encore la marche vers une croissance durable. Il a notamment salu\u00e9 le succ\u00e8s de la table ronde consacr\u00e9e au Plan National de D\u00e9veloppement (PND) 2024-2028, v\u00e9ritable pilier des efforts nationaux pour une relance \u00e9conomique concert\u00e9e et structur\u00e9e.<\/p>\n\n\n\n<p>Cependant, il n\u2019a pas tari d\u2019\u00e9loges pour exprimer ses pr\u00e9occupations concernant le Programme de R\u00e9forme de la gestion de la Dette Publique et du Secteur Financier (FEC), point central des discussions.<\/p>\n\n\n\n<p>De son c\u00f4t\u00e9, le ministre des Finances et du Budget a r\u00e9affirm\u00e9 la solidit\u00e9 de la relation de coop\u00e9ration avec le FMI. Il a salu\u00e9 la r\u00e9ussite des revues combin\u00e9es 3 et 4, r\u00e9alis\u00e9es en juin 2025, malgr\u00e9 un contexte marqu\u00e9 par des r\u00e9sultats jug\u00e9s moyens. Ces \u00e9tapes, essentielles dans la dynamique de r\u00e9forme, t\u00e9moignent de la volont\u00e9 commune de faire avancer la R\u00e9publique centrafricaine, en d\u00e9pit des obstacles. La transition harmonieuse entre l\u2019\u00e9quipe sortante et celle entrante du FMI, notamment du chef de mission et du repr\u00e9sentant r\u00e9sident, a \u00e9galement \u00e9t\u00e9 salu\u00e9e comme un signe fort de confiance renouvel\u00e9e et de continuit\u00e9 dans la gouvernance \u00e9conomique du pays.<\/p>\n\n\n\n<p>Face aux d\u00e9fis que pose le programme FEC, le MFB n\u2019a pas occult\u00e9 les pr\u00e9occupations exprim\u00e9es par le FMI, tout en assurant la ferme d\u00e9termination du Gouvernement \u00e0 respecter ses engagements. Il a insist\u00e9 particuli\u00e8rement sur la r\u00e9forme du secteur du march\u00e9 int\u00e9rieur des carburants, pr\u00e9cisant que les r\u00e9sultats d\u2019un audit ind\u00e9pendant sur la structure des prix des produits p\u00e9troliers permettront de prendre des d\u00e9cisions strat\u00e9giques pour augmenter les revenus de l\u2019\u00c9tat. Ces mesures, cruciales, doivent imp\u00e9rativement \u00eatre finalis\u00e9es pour la revue du FMI pr\u00e9vue \u00e0 la mi-d\u00e9cembre 2025.<\/p>\n\n\n\n<p>Le ministre a \u00e9galement \u00e9voqu\u00e9 les difficult\u00e9s li\u00e9es au service de la dette publique, aggrav\u00e9es par l\u2019incertitude autour des appuis financiers ext\u00e9rieurs et la n\u00e9cessit\u00e9 de mobiliser rapidement un financement efficace pour les \u00e9lections group\u00e9es. Il a lanc\u00e9 un appel vibrant au FMI, sollicitant son appui pour encourager la mobilisation d\u2019autres bailleurs de fonds, notamment la Banque mondiale et la Banque africaine de d\u00e9veloppement (BAD), indispensables pour le redressement \u00e9conomique du pays.<\/p>\n\n\n\n<p>Au-del\u00e0, le MFB a plaid\u00e9 pour un accroissement de l\u2019engagement financier du FMI dans le cadre du programme FEC, insistant sur l\u2019urgence de faire face aux \u00e9ch\u00e9ances de la dette publique afin d\u2019assurer la stabilit\u00e9 \u00e9conomique nationale. En r\u00e9ponse, le repr\u00e9sentant du FMI a r\u00e9affirm\u00e9 la disponibilit\u00e9 de son institution \u00e0 continuer d\u2019appuyer la RCA, tout en encourageant le Gouvernement \u00e0 poursuivre inlassablement ses r\u00e9formes pour valider la 5e revue du programme FEC.<\/p>\n\n\n\n<p>Une \u00e9tape strat\u00e9gique qui conditionne la cr\u00e9dibilit\u00e9 financi\u00e8re et la relance \u00e9conomique de la R\u00e9publique centrafricaine, en qu\u00eate d\u2019un avenir plus stable et prosp\u00e8re.<\/p>\n\n\n\n<p><strong><em>SOURCE: Minist\u00e8re de l&#8217;\u00e9conomie de la Centrafrique.<\/em><\/strong><\/p>\n","protected":false},"excerpt":{"rendered":"<p>Une \u00e9tape cruciale dans la relation entre la R\u00e9publique centrafricaine et le Fonds mon\u00e9taire international (FMI) s\u2019est concr\u00e9tis\u00e9e lors d\u2019une r\u00e9union de haut niveau organis\u00e9e le lundi 13 Octobre 2025 dans la capitale am\u00e9ricaine par le Ministre des Finances et du Budget Herv\u00e9 Ndoba de la R\u00e9publique centrafricaine.Ce rendez-vous, marathon<\/p>\n","protected":false},"author":3,"featured_media":9301,"comment_status":"closed","ping_status":"open","sticky":false,"template":"","format":"standard","meta":{"colormag_page_container_layout":"default_layout","colormag_page_sidebar_layout":"default_layout","_jetpack_memberships_contains_paid_content":false,"footnotes":"","jetpack_publicize_message":"","jetpack_publicize_feature_enabled":true,"jetpack_social_post_already_shared":true,"jetpack_social_options":{"image_generator_settings":{"template":"highway","default_image_id":0,"font":"","enabled":false},"version":2}},"categories":[52],"tags":[],"class_list":["post-9299","post","type-post","status-publish","format-standard","has-post-thumbnail","hentry","category-economie"],"magazineBlocksPostFeaturedMedia":{"thumbnail":"https:\/\/www.lejournalci.org\/wp-content\/uploads\/2025\/10\/1001348345-edited-150x150.jpg","medium":"https:\/\/www.lejournalci.org\/wp-content\/uploads\/2025\/10\/1001348345-edited-300x169.jpg","medium_large":"https:\/\/www.lejournalci.org\/wp-content\/uploads\/2025\/10\/1001348345-edited-768x432.jpg","large":"https:\/\/www.lejournalci.org\/wp-content\/uploads\/2025\/10\/1001348345-edited.jpg","1536x1536":"https:\/\/www.lejournalci.org\/wp-content\/uploads\/2025\/10\/1001348345-edited.jpg","2048x2048":"https:\/\/www.lejournalci.org\/wp-content\/uploads\/2025\/10\/1001348345-edited.jpg","colormag-highlighted-post":"https:\/\/www.lejournalci.org\/wp-content\/uploads\/2025\/10\/1001348345-edited-392x272.jpg","colormag-featured-post-medium":"https:\/\/www.lejournalci.org\/wp-content\/uploads\/2025\/10\/1001348345-edited-390x205.jpg","colormag-featured-post-small":"https:\/\/www.lejournalci.org\/wp-content\/uploads\/2025\/10\/1001348345-edited-130x90.jpg","colormag-featured-image":"https:\/\/www.lejournalci.org\/wp-content\/uploads\/2025\/10\/1001348345-edited.jpg","colormag-default-news":"https:\/\/www.lejournalci.org\/wp-content\/uploads\/2025\/10\/1001348345-edited-150x150.jpg","colormag-featured-image-large":"https:\/\/www.lejournalci.org\/wp-content\/uploads\/2025\/10\/1001348345-edited.jpg"},"magazineBlocksPostAuthor":{"name":"La R\u00e9daction CI","avatar":"https:\/\/secure.gravatar.com\/avatar\/e63ab2ab378e283740d8889fbe2ec43fdcee7ac714a480d705f61cb1e5675c4c?s=96&d=mm&r=g"},"magazineBlocksPostCommentsNumber":false,"magazineBlocksPostExcerpt":"Une \u00e9tape cruciale dans la relation entre la R\u00e9publique centrafricaine et le Fonds mon\u00e9taire international (FMI) s\u2019est concr\u00e9tis\u00e9e lors d\u2019une r\u00e9union de haut niveau organis\u00e9e le lundi 13 Octobre 2025 dans la capitale am\u00e9ricaine par le Ministre des Finances et du Budget Herv\u00e9 Ndoba de la R\u00e9publique centrafricaine.Ce rendez-vous, marathon","magazineBlocksPostCategories":["ECONOMIE"],"magazineBlocksPostViewCount":320,"magazineBlocksPostReadTime":4,"magazine_blocks_featured_image_url":{"full":["https:\/\/www.lejournalci.org\/wp-content\/uploads\/2025\/10\/1001348345-edited.jpg",774,435,false],"medium":["https:\/\/www.lejournalci.org\/wp-content\/uploads\/2025\/10\/1001348345-edited-300x169.jpg",300,169,true],"thumbnail":["https:\/\/www.lejournalci.org\/wp-content\/uploads\/2025\/10\/1001348345-edited-150x150.jpg",150,150,true]},"magazine_blocks_author":{"display_name":"La R\u00e9daction CI","author_link":"https:\/\/www.lejournalci.org\/index.php\/author\/noebricendongyahoo-fr\/"},"magazine_blocks_comment":0,"magazine_blocks_author_image":"https:\/\/secure.gravatar.com\/avatar\/e63ab2ab378e283740d8889fbe2ec43fdcee7ac714a480d705f61cb1e5675c4c?s=96&d=mm&r=g","magazine_blocks_category":"<a href=\"#\" class=\"category-link category-link-52\">ECONOMIE<\/a>","yoast_head":"<!-- This site is optimized with the Yoast SEO plugin v26.2 - https:\/\/yoast.com\/wordpress\/plugins\/seo\/ -->\n<title>RCA-FMI : Un Partenariat d\u00e9cisif \u00e0 Washington en faveur de la Relance du D\u00e9veloppement de la Centrafrique - Cooperation Internationale<\/title>\n<meta name=\"robots\" content=\"index, follow, max-snippet:-1, max-image-preview:large, max-video-preview:-1\" \/>\n<link rel=\"canonical\" href=\"https:\/\/www.lejournalci.org\/index.php\/2025\/10\/16\/rca-fmi-un-partenariat-decisif-a-washington-en-faveur-de-la-relance-du-developpement-de-la-centrafrique\/\" \/>\n<meta property=\"og:locale\" content=\"fr_FR\" \/>\n<meta property=\"og:type\" content=\"article\" \/>\n<meta property=\"og:title\" content=\"RCA-FMI : Un Partenariat d\u00e9cisif \u00e0 Washington en faveur de la Relance du D\u00e9veloppement de la Centrafrique - Cooperation Internationale\" \/>\n<meta property=\"og:description\" content=\"Une \u00e9tape cruciale dans la relation entre la R\u00e9publique centrafricaine et le Fonds mon\u00e9taire international (FMI) s\u2019est concr\u00e9tis\u00e9e lors d\u2019une r\u00e9union de haut niveau organis\u00e9e le lundi 13 Octobre 2025 dans la capitale am\u00e9ricaine par le Ministre des Finances et du Budget Herv\u00e9 Ndoba de la R\u00e9publique centrafricaine.Ce rendez-vous, marathon\" \/>\n<meta property=\"og:url\" content=\"https:\/\/www.lejournalci.org\/index.php\/2025\/10\/16\/rca-fmi-un-partenariat-decisif-a-washington-en-faveur-de-la-relance-du-developpement-de-la-centrafrique\/\" \/>\n<meta property=\"og:site_name\" content=\"Cooperation Internationale\" \/>\n<meta property=\"article:publisher\" content=\"https:\/\/www.facebook.com\/journalCI\/\" \/>\n<meta property=\"article:published_time\" content=\"2025-10-16T06:42:41+00:00\" \/>\n<meta property=\"article:modified_time\" content=\"2025-10-16T06:42:42+00:00\" \/>\n<meta property=\"og:image\" content=\"https:\/\/www.lejournalci.org\/wp-content\/uploads\/2025\/10\/1001348345-edited.jpg\" \/>\n\t<meta property=\"og:image:width\" content=\"774\" \/>\n\t<meta property=\"og:image:height\" content=\"435\" \/>\n\t<meta property=\"og:image:type\" content=\"image\/jpeg\" \/>\n<meta name=\"author\" content=\"La R\u00e9daction CI\" \/>\n<meta name=\"twitter:card\" content=\"summary_large_image\" \/>\n<meta name=\"twitter:creator\" content=\"@lejournalc\" \/>\n<meta name=\"twitter:site\" content=\"@lejournalc\" \/>\n<meta name=\"twitter:label1\" content=\"\u00c9crit par\" \/>\n\t<meta name=\"twitter:data1\" content=\"La R\u00e9daction CI\" \/>\n\t<meta name=\"twitter:label2\" content=\"Dur\u00e9e de lecture estim\u00e9e\" \/>\n\t<meta name=\"twitter:data2\" content=\"4 minutes\" \/>\n<script type=\"application\/ld+json\" class=\"yoast-schema-graph\">{\"@context\":\"https:\/\/schema.org\",\"@graph\":[{\"@type\":\"Article\",\"@id\":\"https:\/\/www.lejournalci.org\/index.php\/2025\/10\/16\/rca-fmi-un-partenariat-decisif-a-washington-en-faveur-de-la-relance-du-developpement-de-la-centrafrique\/#article\",\"isPartOf\":{\"@id\":\"https:\/\/www.lejournalci.org\/index.php\/2025\/10\/16\/rca-fmi-un-partenariat-decisif-a-washington-en-faveur-de-la-relance-du-developpement-de-la-centrafrique\/\"},\"author\":{\"name\":\"La R\u00e9daction CI\",\"@id\":\"https:\/\/www.lejournalci.org\/#\/schema\/person\/2efe42dc5459aaaf6d89cb27e736002b\"},\"headline\":\"RCA-FMI : Un Partenariat d\u00e9cisif \u00e0 Washington en faveur de la Relance du D\u00e9veloppement de la Centrafrique\",\"datePublished\":\"2025-10-16T06:42:41+00:00\",\"dateModified\":\"2025-10-16T06:42:42+00:00\",\"mainEntityOfPage\":{\"@id\":\"https:\/\/www.lejournalci.org\/index.php\/2025\/10\/16\/rca-fmi-un-partenariat-decisif-a-washington-en-faveur-de-la-relance-du-developpement-de-la-centrafrique\/\"},\"wordCount\":649,\"publisher\":{\"@id\":\"https:\/\/www.lejournalci.org\/#organization\"},\"image\":{\"@id\":\"https:\/\/www.lejournalci.org\/index.php\/2025\/10\/16\/rca-fmi-un-partenariat-decisif-a-washington-en-faveur-de-la-relance-du-developpement-de-la-centrafrique\/#primaryimage\"},\"thumbnailUrl\":\"https:\/\/www.lejournalci.org\/wp-content\/uploads\/2025\/10\/1001348345-edited.jpg\",\"articleSection\":[\"ECONOMIE\"],\"inLanguage\":\"fr-FR\"},{\"@type\":\"WebPage\",\"@id\":\"https:\/\/www.lejournalci.org\/index.php\/2025\/10\/16\/rca-fmi-un-partenariat-decisif-a-washington-en-faveur-de-la-relance-du-developpement-de-la-centrafrique\/\",\"url\":\"https:\/\/www.lejournalci.org\/index.php\/2025\/10\/16\/rca-fmi-un-partenariat-decisif-a-washington-en-faveur-de-la-relance-du-developpement-de-la-centrafrique\/\",\"name\":\"RCA-FMI : Un Partenariat d\u00e9cisif \u00e0 Washington en faveur de la Relance du D\u00e9veloppement de la Centrafrique - Cooperation Internationale\",\"isPartOf\":{\"@id\":\"https:\/\/www.lejournalci.org\/#website\"},\"primaryImageOfPage\":{\"@id\":\"https:\/\/www.lejournalci.org\/index.php\/2025\/10\/16\/rca-fmi-un-partenariat-decisif-a-washington-en-faveur-de-la-relance-du-developpement-de-la-centrafrique\/#primaryimage\"},\"image\":{\"@id\":\"https:\/\/www.lejournalci.org\/index.php\/2025\/10\/16\/rca-fmi-un-partenariat-decisif-a-washington-en-faveur-de-la-relance-du-developpement-de-la-centrafrique\/#primaryimage\"},\"thumbnailUrl\":\"https:\/\/www.lejournalci.org\/wp-content\/uploads\/2025\/10\/1001348345-edited.jpg\",\"datePublished\":\"2025-10-16T06:42:41+00:00\",\"dateModified\":\"2025-10-16T06:42:42+00:00\",\"breadcrumb\":{\"@id\":\"https:\/\/www.lejournalci.org\/index.php\/2025\/10\/16\/rca-fmi-un-partenariat-decisif-a-washington-en-faveur-de-la-relance-du-developpement-de-la-centrafrique\/#breadcrumb\"},\"inLanguage\":\"fr-FR\",\"potentialAction\":[{\"@type\":\"ReadAction\",\"target\":[\"https:\/\/www.lejournalci.org\/index.php\/2025\/10\/16\/rca-fmi-un-partenariat-decisif-a-washington-en-faveur-de-la-relance-du-developpement-de-la-centrafrique\/\"]}]},{\"@type\":\"ImageObject\",\"inLanguage\":\"fr-FR\",\"@id\":\"https:\/\/www.lejournalci.org\/index.php\/2025\/10\/16\/rca-fmi-un-partenariat-decisif-a-washington-en-faveur-de-la-relance-du-developpement-de-la-centrafrique\/#primaryimage\",\"url\":\"https:\/\/www.lejournalci.org\/wp-content\/uploads\/2025\/10\/1001348345-edited.jpg\",\"contentUrl\":\"https:\/\/www.lejournalci.org\/wp-content\/uploads\/2025\/10\/1001348345-edited.jpg\",\"width\":774,\"height\":435},{\"@type\":\"BreadcrumbList\",\"@id\":\"https:\/\/www.lejournalci.org\/index.php\/2025\/10\/16\/rca-fmi-un-partenariat-decisif-a-washington-en-faveur-de-la-relance-du-developpement-de-la-centrafrique\/#breadcrumb\",\"itemListElement\":[{\"@type\":\"ListItem\",\"position\":1,\"name\":\"Accueil\",\"item\":\"https:\/\/www.lejournalci.org\/\"},{\"@type\":\"ListItem\",\"position\":2,\"name\":\"RCA-FMI : Un Partenariat d\u00e9cisif \u00e0 Washington en faveur de la Relance du D\u00e9veloppement de la Centrafrique\"}]},{\"@type\":\"WebSite\",\"@id\":\"https:\/\/www.lejournalci.org\/#website\",\"url\":\"https:\/\/www.lejournalci.org\/\",\"name\":\"Cooperation Internationale\",\"description\":\"Faire de la Coop\u00e9ration un Puissant Instrument de D\u00e9veloppement\",\"publisher\":{\"@id\":\"https:\/\/www.lejournalci.org\/#organization\"},\"potentialAction\":[{\"@type\":\"SearchAction\",\"target\":{\"@type\":\"EntryPoint\",\"urlTemplate\":\"https:\/\/www.lejournalci.org\/?s={search_term_string}\"},\"query-input\":{\"@type\":\"PropertyValueSpecification\",\"valueRequired\":true,\"valueName\":\"search_term_string\"}}],\"inLanguage\":\"fr-FR\"},{\"@type\":\"Organization\",\"@id\":\"https:\/\/www.lejournalci.org\/#organization\",\"name\":\"Cooperation Internationale\",\"url\":\"https:\/\/www.lejournalci.org\/\",\"logo\":{\"@type\":\"ImageObject\",\"inLanguage\":\"fr-FR\",\"@id\":\"https:\/\/www.lejournalci.org\/#\/schema\/logo\/image\/\",\"url\":\"https:\/\/www.lejournalci.org\/wp-content\/uploads\/2024\/12\/logo-coopint_HD_3.jpg\",\"contentUrl\":\"https:\/\/www.lejournalci.org\/wp-content\/uploads\/2024\/12\/logo-coopint_HD_3.jpg\",\"width\":700,\"height\":214,\"caption\":\"Cooperation Internationale\"},\"image\":{\"@id\":\"https:\/\/www.lejournalci.org\/#\/schema\/logo\/image\/\"},\"sameAs\":[\"https:\/\/www.facebook.com\/journalCI\/\",\"https:\/\/x.com\/lejournalc\"]},{\"@type\":\"Person\",\"@id\":\"https:\/\/www.lejournalci.org\/#\/schema\/person\/2efe42dc5459aaaf6d89cb27e736002b\",\"name\":\"La R\u00e9daction CI\",\"image\":{\"@type\":\"ImageObject\",\"inLanguage\":\"fr-FR\",\"@id\":\"https:\/\/www.lejournalci.org\/#\/schema\/person\/image\/\",\"url\":\"https:\/\/secure.gravatar.com\/avatar\/e63ab2ab378e283740d8889fbe2ec43fdcee7ac714a480d705f61cb1e5675c4c?s=96&d=mm&r=g\",\"contentUrl\":\"https:\/\/secure.gravatar.com\/avatar\/e63ab2ab378e283740d8889fbe2ec43fdcee7ac714a480d705f61cb1e5675c4c?s=96&d=mm&r=g\",\"caption\":\"La R\u00e9daction CI\"},\"url\":\"https:\/\/www.lejournalci.org\/index.php\/author\/noebricendongyahoo-fr\/\"}]}<\/script>\n<!-- \/ Yoast SEO plugin. -->","yoast_head_json":{"title":"RCA-FMI : Un Partenariat d\u00e9cisif \u00e0 Washington en faveur de la Relance du D\u00e9veloppement de la Centrafrique - Cooperation Internationale","robots":{"index":"index","follow":"follow","max-snippet":"max-snippet:-1","max-image-preview":"max-image-preview:large","max-video-preview":"max-video-preview:-1"},"canonical":"https:\/\/www.lejournalci.org\/index.php\/2025\/10\/16\/rca-fmi-un-partenariat-decisif-a-washington-en-faveur-de-la-relance-du-developpement-de-la-centrafrique\/","og_locale":"fr_FR","og_type":"article","og_title":"RCA-FMI : Un Partenariat d\u00e9cisif \u00e0 Washington en faveur de la Relance du D\u00e9veloppement de la Centrafrique - Cooperation Internationale","og_description":"Une \u00e9tape cruciale dans la relation entre la R\u00e9publique centrafricaine et le Fonds mon\u00e9taire international (FMI) s\u2019est concr\u00e9tis\u00e9e lors d\u2019une r\u00e9union de haut niveau organis\u00e9e le lundi 13 Octobre 2025 dans la capitale am\u00e9ricaine par le Ministre des Finances et du Budget Herv\u00e9 Ndoba de la R\u00e9publique centrafricaine.Ce rendez-vous, marathon","og_url":"https:\/\/www.lejournalci.org\/index.php\/2025\/10\/16\/rca-fmi-un-partenariat-decisif-a-washington-en-faveur-de-la-relance-du-developpement-de-la-centrafrique\/","og_site_name":"Cooperation Internationale","article_publisher":"https:\/\/www.facebook.com\/journalCI\/","article_published_time":"2025-10-16T06:42:41+00:00","article_modified_time":"2025-10-16T06:42:42+00:00","og_image":[{"width":774,"height":435,"url":"https:\/\/www.lejournalci.org\/wp-content\/uploads\/2025\/10\/1001348345-edited.jpg","type":"image\/jpeg"}],"author":"La R\u00e9daction CI","twitter_card":"summary_large_image","twitter_creator":"@lejournalc","twitter_site":"@lejournalc","twitter_misc":{"\u00c9crit par":"La R\u00e9daction CI","Dur\u00e9e de lecture estim\u00e9e":"4 minutes"},"schema":{"@context":"https:\/\/schema.org","@graph":[{"@type":"Article","@id":"https:\/\/www.lejournalci.org\/index.php\/2025\/10\/16\/rca-fmi-un-partenariat-decisif-a-washington-en-faveur-de-la-relance-du-developpement-de-la-centrafrique\/#article","isPartOf":{"@id":"https:\/\/www.lejournalci.org\/index.php\/2025\/10\/16\/rca-fmi-un-partenariat-decisif-a-washington-en-faveur-de-la-relance-du-developpement-de-la-centrafrique\/"},"author":{"name":"La R\u00e9daction CI","@id":"https:\/\/www.lejournalci.org\/#\/schema\/person\/2efe42dc5459aaaf6d89cb27e736002b"},"headline":"RCA-FMI : Un Partenariat d\u00e9cisif \u00e0 Washington en faveur de la Relance du D\u00e9veloppement de la Centrafrique","datePublished":"2025-10-16T06:42:41+00:00","dateModified":"2025-10-16T06:42:42+00:00","mainEntityOfPage":{"@id":"https:\/\/www.lejournalci.org\/index.php\/2025\/10\/16\/rca-fmi-un-partenariat-decisif-a-washington-en-faveur-de-la-relance-du-developpement-de-la-centrafrique\/"},"wordCount":649,"publisher":{"@id":"https:\/\/www.lejournalci.org\/#organization"},"image":{"@id":"https:\/\/www.lejournalci.org\/index.php\/2025\/10\/16\/rca-fmi-un-partenariat-decisif-a-washington-en-faveur-de-la-relance-du-developpement-de-la-centrafrique\/#primaryimage"},"thumbnailUrl":"https:\/\/www.lejournalci.org\/wp-content\/uploads\/2025\/10\/1001348345-edited.jpg","articleSection":["ECONOMIE"],"inLanguage":"fr-FR"},{"@type":"WebPage","@id":"https:\/\/www.lejournalci.org\/index.php\/2025\/10\/16\/rca-fmi-un-partenariat-decisif-a-washington-en-faveur-de-la-relance-du-developpement-de-la-centrafrique\/","url":"https:\/\/www.lejournalci.org\/index.php\/2025\/10\/16\/rca-fmi-un-partenariat-decisif-a-washington-en-faveur-de-la-relance-du-developpement-de-la-centrafrique\/","name":"RCA-FMI : Un Partenariat d\u00e9cisif \u00e0 Washington en faveur de la Relance du D\u00e9veloppement de la Centrafrique - Cooperation Internationale","isPartOf":{"@id":"https:\/\/www.lejournalci.org\/#website"},"primaryImageOfPage":{"@id":"https:\/\/www.lejournalci.org\/index.php\/2025\/10\/16\/rca-fmi-un-partenariat-decisif-a-washington-en-faveur-de-la-relance-du-developpement-de-la-centrafrique\/#primaryimage"},"image":{"@id":"https:\/\/www.lejournalci.org\/index.php\/2025\/10\/16\/rca-fmi-un-partenariat-decisif-a-washington-en-faveur-de-la-relance-du-developpement-de-la-centrafrique\/#primaryimage"},"thumbnailUrl":"https:\/\/www.lejournalci.org\/wp-content\/uploads\/2025\/10\/1001348345-edited.jpg","datePublished":"2025-10-16T06:42:41+00:00","dateModified":"2025-10-16T06:42:42+00:00","breadcrumb":{"@id":"https:\/\/www.lejournalci.org\/index.php\/2025\/10\/16\/rca-fmi-un-partenariat-decisif-a-washington-en-faveur-de-la-relance-du-developpement-de-la-centrafrique\/#breadcrumb"},"inLanguage":"fr-FR","potentialAction":[{"@type":"ReadAction","target":["https:\/\/www.lejournalci.org\/index.php\/2025\/10\/16\/rca-fmi-un-partenariat-decisif-a-washington-en-faveur-de-la-relance-du-developpement-de-la-centrafrique\/"]}]},{"@type":"ImageObject","inLanguage":"fr-FR","@id":"https:\/\/www.lejournalci.org\/index.php\/2025\/10\/16\/rca-fmi-un-partenariat-decisif-a-washington-en-faveur-de-la-relance-du-developpement-de-la-centrafrique\/#primaryimage","url":"https:\/\/www.lejournalci.org\/wp-content\/uploads\/2025\/10\/1001348345-edited.jpg","contentUrl":"https:\/\/www.lejournalci.org\/wp-content\/uploads\/2025\/10\/1001348345-edited.jpg","width":774,"height":435},{"@type":"BreadcrumbList","@id":"https:\/\/www.lejournalci.org\/index.php\/2025\/10\/16\/rca-fmi-un-partenariat-decisif-a-washington-en-faveur-de-la-relance-du-developpement-de-la-centrafrique\/#breadcrumb","itemListElement":[{"@type":"ListItem","position":1,"name":"Accueil","item":"https:\/\/www.lejournalci.org\/"},{"@type":"ListItem","position":2,"name":"RCA-FMI : Un Partenariat d\u00e9cisif \u00e0 Washington en faveur de la Relance du D\u00e9veloppement de la Centrafrique"}]},{"@type":"WebSite","@id":"https:\/\/www.lejournalci.org\/#website","url":"https:\/\/www.lejournalci.org\/","name":"Cooperation Internationale","description":"Faire de la Coop\u00e9ration un Puissant Instrument de D\u00e9veloppement","publisher":{"@id":"https:\/\/www.lejournalci.org\/#organization"},"potentialAction":[{"@type":"SearchAction","target":{"@type":"EntryPoint","urlTemplate":"https:\/\/www.lejournalci.org\/?s={search_term_string}"},"query-input":{"@type":"PropertyValueSpecification","valueRequired":true,"valueName":"search_term_string"}}],"inLanguage":"fr-FR"},{"@type":"Organization","@id":"https:\/\/www.lejournalci.org\/#organization","name":"Cooperation Internationale","url":"https:\/\/www.lejournalci.org\/","logo":{"@type":"ImageObject","inLanguage":"fr-FR","@id":"https:\/\/www.lejournalci.org\/#\/schema\/logo\/image\/","url":"https:\/\/www.lejournalci.org\/wp-content\/uploads\/2024\/12\/logo-coopint_HD_3.jpg","contentUrl":"https:\/\/www.lejournalci.org\/wp-content\/uploads\/2024\/12\/logo-coopint_HD_3.jpg","width":700,"height":214,"caption":"Cooperation Internationale"},"image":{"@id":"https:\/\/www.lejournalci.org\/#\/schema\/logo\/image\/"},"sameAs":["https:\/\/www.facebook.com\/journalCI\/","https:\/\/x.com\/lejournalc"]},{"@type":"Person","@id":"https:\/\/www.lejournalci.org\/#\/schema\/person\/2efe42dc5459aaaf6d89cb27e736002b","name":"La R\u00e9daction CI","image":{"@type":"ImageObject","inLanguage":"fr-FR","@id":"https:\/\/www.lejournalci.org\/#\/schema\/person\/image\/","url":"https:\/\/secure.gravatar.com\/avatar\/e63ab2ab378e283740d8889fbe2ec43fdcee7ac714a480d705f61cb1e5675c4c?s=96&d=mm&r=g","contentUrl":"https:\/\/secure.gravatar.com\/avatar\/e63ab2ab378e283740d8889fbe2ec43fdcee7ac714a480d705f61cb1e5675c4c?s=96&d=mm&r=g","caption":"La R\u00e9daction CI"},"url":"https:\/\/www.lejournalci.org\/index.php\/author\/noebricendongyahoo-fr\/"}]}},"jetpack_publicize_connections":[],"jetpack_featured_media_url":"https:\/\/www.lejournalci.org\/wp-content\/uploads\/2025\/10\/1001348345-edited.jpg","jetpack_sharing_enabled":true,"_links":{"self":[{"href":"https:\/\/www.lejournalci.org\/index.php\/wp-json\/wp\/v2\/posts\/9299","targetHints":{"allow":["GET"]}}],"collection":[{"href":"https:\/\/www.lejournalci.org\/index.php\/wp-json\/wp\/v2\/posts"}],"about":[{"href":"https:\/\/www.lejournalci.org\/index.php\/wp-json\/wp\/v2\/types\/post"}],"author":[{"embeddable":true,"href":"https:\/\/www.lejournalci.org\/index.php\/wp-json\/wp\/v2\/users\/3"}],"replies":[{"embeddable":true,"href":"https:\/\/www.lejournalci.org\/index.php\/wp-json\/wp\/v2\/comments?post=9299"}],"version-history":[{"count":1,"href":"https:\/\/www.lejournalci.org\/index.php\/wp-json\/wp\/v2\/posts\/9299\/revisions"}],"predecessor-version":[{"id":9302,"href":"https:\/\/www.lejournalci.org\/index.php\/wp-json\/wp\/v2\/posts\/9299\/revisions\/9302"}],"wp:featuredmedia":[{"embeddable":true,"href":"https:\/\/www.lejournalci.org\/index.php\/wp-json\/wp\/v2\/media\/9301"}],"wp:attachment":[{"href":"https:\/\/www.lejournalci.org\/index.php\/wp-json\/wp\/v2\/media?parent=9299"}],"wp:term":[{"taxonomy":"category","embeddable":true,"href":"https:\/\/www.lejournalci.org\/index.php\/wp-json\/wp\/v2\/categories?post=9299"},{"taxonomy":"post_tag","embeddable":true,"href":"https:\/\/www.lejournalci.org\/index.php\/wp-json\/wp\/v2\/tags?post=9299"}],"curies":[{"name":"wp","href":"https:\/\/api.w.org\/{rel}","templated":true}]}}