{"id":9285,"date":"2025-10-15T05:01:29","date_gmt":"2025-10-15T05:01:29","guid":{"rendered":"https:\/\/www.lejournalci.org\/?p=9285"},"modified":"2025-10-15T05:02:18","modified_gmt":"2025-10-15T05:02:18","slug":"gabon-le-dg-du-groupe-schiba-cote-divoire-recu-par-le-president-oligui-nguema","status":"publish","type":"post","link":"https:\/\/www.lejournalci.org\/index.php\/2025\/10\/15\/gabon-le-dg-du-groupe-schiba-cote-divoire-recu-par-le-president-oligui-nguema\/","title":{"rendered":"Gabon: Le DG du Groupe Schiba C\u00f4te d\u2019Ivoire re\u00e7u par le Pr\u00e9sident Oligui Nguema"},"content":{"rendered":"\n<p><strong>Le Pr\u00e9sident de la R\u00e9publique gabonaise, Brice Clotaire Oligui Nguema, a le mardi 14 Octobre en audience Monsieur Soro Nidjabedjan, Pr\u00e9sident-directeur g\u00e9n\u00e9ral du Groupe Schiba C\u00f4te d\u2019Ivoire, \u00e0 la t\u00eate d\u2019une d\u00e9l\u00e9gation d\u2019entrepreneurs ivoiriens.<\/strong><\/p>\n\n\n\n<p>Cette rencontre s\u2019inscrit dans le cadre du renforcement de la coop\u00e9ration Sud-Sud, et visait \u00e0 explorer des opportunit\u00e9s de partenariat dans des secteurs strat\u00e9giques pour le d\u00e9veloppement du Gabon.<\/p>\n\n\n\n<p>Au cours des \u00e9changes, le Groupe Schiba a pr\u00e9sent\u00e9 son expertise dans la r\u00e9alisation d\u2019infrastructures routi\u00e8res, en \u00e9cho \u00e0 la vision du Chef de l\u2019\u00c9tat gabonais qui souhaite acc\u00e9l\u00e9rer la modernisation du r\u00e9seau routier national, en particulier dans les zones rurales.<\/p>\n\n\n\n<p>Les discussions ont \u00e9galement port\u00e9 sur des projets de d\u00e9veloppement agro-industriel, notamment la production d\u2019huile de palme et l\u2019installation d\u2019une unit\u00e9 de fabrication de cartons. Ces initiatives t\u00e9moignent de la volont\u00e9 partag\u00e9e d\u2019intensifier la coop\u00e9ration \u00e9conomique entre le Gabon et la C\u00f4te d\u2019Ivoire, au b\u00e9n\u00e9fice mutuel des&nbsp;deux&nbsp;pays.<\/p>\n\n\n\n<p><strong><em>SOURCE: Pr\u00e9sidence de la R\u00e9publique gabonaise.<\/em><\/strong><\/p>\n","protected":false},"excerpt":{"rendered":"<p>Le Pr\u00e9sident de la R\u00e9publique gabonaise, Brice Clotaire Oligui Nguema, a le mardi 14 Octobre en audience Monsieur Soro Nidjabedjan, Pr\u00e9sident-directeur g\u00e9n\u00e9ral du Groupe Schiba C\u00f4te d\u2019Ivoire, \u00e0 la t\u00eate d\u2019une d\u00e9l\u00e9gation d\u2019entrepreneurs ivoiriens. Cette rencontre s\u2019inscrit dans le cadre du renforcement de la coop\u00e9ration Sud-Sud, et visait \u00e0 explorer<\/p>\n","protected":false},"author":3,"featured_media":9289,"comment_status":"closed","ping_status":"open","sticky":false,"template":"","format":"standard","meta":{"colormag_page_container_layout":"default_layout","colormag_page_sidebar_layout":"default_layout","_jetpack_memberships_contains_paid_content":false,"footnotes":"","jetpack_publicize_message":"","jetpack_publicize_feature_enabled":true,"jetpack_social_post_already_shared":true,"jetpack_social_options":{"image_generator_settings":{"template":"highway","default_image_id":0,"font":"","enabled":false},"version":2}},"categories":[51],"tags":[],"class_list":["post-9285","post","type-post","status-publish","format-standard","has-post-thumbnail","hentry","category-diplomatie"],"magazineBlocksPostFeaturedMedia":{"thumbnail":"https:\/\/www.lejournalci.org\/wp-content\/uploads\/2025\/10\/1001344639-edited-1-150x150.jpg","medium":"https:\/\/www.lejournalci.org\/wp-content\/uploads\/2025\/10\/1001344639-edited-1-300x169.jpg","medium_large":"https:\/\/www.lejournalci.org\/wp-content\/uploads\/2025\/10\/1001344639-edited-1-768x432.jpg","large":"https:\/\/www.lejournalci.org\/wp-content\/uploads\/2025\/10\/1001344639-edited-1-1024x576.jpg","1536x1536":"https:\/\/www.lejournalci.org\/wp-content\/uploads\/2025\/10\/1001344639-edited-1.jpg","2048x2048":"https:\/\/www.lejournalci.org\/wp-content\/uploads\/2025\/10\/1001344639-edited-1.jpg","colormag-highlighted-post":"https:\/\/www.lejournalci.org\/wp-content\/uploads\/2025\/10\/1001344639-edited-1-392x272.jpg","colormag-featured-post-medium":"https:\/\/www.lejournalci.org\/wp-content\/uploads\/2025\/10\/1001344639-edited-1-390x205.jpg","colormag-featured-post-small":"https:\/\/www.lejournalci.org\/wp-content\/uploads\/2025\/10\/1001344639-edited-1-130x90.jpg","colormag-featured-image":"https:\/\/www.lejournalci.org\/wp-content\/uploads\/2025\/10\/1001344639-edited-1-800x445.jpg","colormag-default-news":"https:\/\/www.lejournalci.org\/wp-content\/uploads\/2025\/10\/1001344639-edited-1-150x150.jpg","colormag-featured-image-large":"https:\/\/www.lejournalci.org\/wp-content\/uploads\/2025\/10\/1001344639-edited-1-1280x600.jpg"},"magazineBlocksPostAuthor":{"name":"La R\u00e9daction CI","avatar":"https:\/\/secure.gravatar.com\/avatar\/e63ab2ab378e283740d8889fbe2ec43fdcee7ac714a480d705f61cb1e5675c4c?s=96&d=mm&r=g"},"magazineBlocksPostCommentsNumber":false,"magazineBlocksPostExcerpt":"Le Pr\u00e9sident de la R\u00e9publique gabonaise, Brice Clotaire Oligui Nguema, a le mardi 14 Octobre en audience Monsieur Soro Nidjabedjan, Pr\u00e9sident-directeur g\u00e9n\u00e9ral du Groupe Schiba C\u00f4te d\u2019Ivoire, \u00e0 la t\u00eate d\u2019une d\u00e9l\u00e9gation d\u2019entrepreneurs ivoiriens. Cette rencontre s\u2019inscrit dans le cadre du renforcement de la coop\u00e9ration Sud-Sud, et visait \u00e0 explorer","magazineBlocksPostCategories":["DIPLOMATIE"],"magazineBlocksPostViewCount":234,"magazineBlocksPostReadTime":1,"magazine_blocks_featured_image_url":{"full":["https:\/\/www.lejournalci.org\/wp-content\/uploads\/2025\/10\/1001344639-edited-1.jpg",1280,720,false],"medium":["https:\/\/www.lejournalci.org\/wp-content\/uploads\/2025\/10\/1001344639-edited-1-300x169.jpg",300,169,true],"thumbnail":["https:\/\/www.lejournalci.org\/wp-content\/uploads\/2025\/10\/1001344639-edited-1-150x150.jpg",150,150,true]},"magazine_blocks_author":{"display_name":"La R\u00e9daction CI","author_link":"https:\/\/www.lejournalci.org\/index.php\/author\/noebricendongyahoo-fr\/"},"magazine_blocks_comment":0,"magazine_blocks_author_image":"https:\/\/secure.gravatar.com\/avatar\/e63ab2ab378e283740d8889fbe2ec43fdcee7ac714a480d705f61cb1e5675c4c?s=96&d=mm&r=g","magazine_blocks_category":"<a href=\"#\" class=\"category-link category-link-51\">DIPLOMATIE<\/a>","yoast_head":"<!-- This site is optimized with the Yoast SEO plugin v26.2 - https:\/\/yoast.com\/wordpress\/plugins\/seo\/ -->\n<title>Gabon: Le DG du Groupe Schiba C\u00f4te d\u2019Ivoire re\u00e7u par le Pr\u00e9sident Oligui Nguema - Cooperation Internationale<\/title>\n<meta name=\"robots\" content=\"index, follow, max-snippet:-1, max-image-preview:large, max-video-preview:-1\" \/>\n<link rel=\"canonical\" href=\"https:\/\/www.lejournalci.org\/index.php\/2025\/10\/15\/gabon-le-dg-du-groupe-schiba-cote-divoire-recu-par-le-president-oligui-nguema\/\" \/>\n<meta property=\"og:locale\" content=\"fr_FR\" \/>\n<meta property=\"og:type\" content=\"article\" \/>\n<meta property=\"og:title\" content=\"Gabon: Le DG du Groupe Schiba C\u00f4te d\u2019Ivoire re\u00e7u par le Pr\u00e9sident Oligui Nguema - Cooperation Internationale\" \/>\n<meta property=\"og:description\" content=\"Le Pr\u00e9sident de la R\u00e9publique gabonaise, Brice Clotaire Oligui Nguema, a le mardi 14 Octobre en audience Monsieur Soro Nidjabedjan, Pr\u00e9sident-directeur g\u00e9n\u00e9ral du Groupe Schiba C\u00f4te d\u2019Ivoire, \u00e0 la t\u00eate d\u2019une d\u00e9l\u00e9gation d\u2019entrepreneurs ivoiriens. Cette rencontre s\u2019inscrit dans le cadre du renforcement de la coop\u00e9ration Sud-Sud, et visait \u00e0 explorer\" \/>\n<meta property=\"og:url\" content=\"https:\/\/www.lejournalci.org\/index.php\/2025\/10\/15\/gabon-le-dg-du-groupe-schiba-cote-divoire-recu-par-le-president-oligui-nguema\/\" \/>\n<meta property=\"og:site_name\" content=\"Cooperation Internationale\" \/>\n<meta property=\"article:publisher\" content=\"https:\/\/www.facebook.com\/journalCI\/\" \/>\n<meta property=\"article:published_time\" content=\"2025-10-15T05:01:29+00:00\" \/>\n<meta property=\"article:modified_time\" content=\"2025-10-15T05:02:18+00:00\" \/>\n<meta property=\"og:image\" content=\"https:\/\/www.lejournalci.org\/wp-content\/uploads\/2025\/10\/1001344639-edited-1.jpg\" \/>\n\t<meta property=\"og:image:width\" content=\"1280\" \/>\n\t<meta property=\"og:image:height\" content=\"720\" \/>\n\t<meta property=\"og:image:type\" content=\"image\/jpeg\" \/>\n<meta name=\"author\" content=\"La R\u00e9daction CI\" \/>\n<meta name=\"twitter:card\" content=\"summary_large_image\" \/>\n<meta name=\"twitter:creator\" content=\"@lejournalc\" \/>\n<meta name=\"twitter:site\" content=\"@lejournalc\" \/>\n<meta name=\"twitter:label1\" content=\"\u00c9crit par\" \/>\n\t<meta name=\"twitter:data1\" content=\"La R\u00e9daction CI\" \/>\n\t<meta name=\"twitter:label2\" content=\"Dur\u00e9e de lecture estim\u00e9e\" \/>\n\t<meta name=\"twitter:data2\" content=\"2 minutes\" \/>\n<script type=\"application\/ld+json\" class=\"yoast-schema-graph\">{\"@context\":\"https:\/\/schema.org\",\"@graph\":[{\"@type\":\"Article\",\"@id\":\"https:\/\/www.lejournalci.org\/index.php\/2025\/10\/15\/gabon-le-dg-du-groupe-schiba-cote-divoire-recu-par-le-president-oligui-nguema\/#article\",\"isPartOf\":{\"@id\":\"https:\/\/www.lejournalci.org\/index.php\/2025\/10\/15\/gabon-le-dg-du-groupe-schiba-cote-divoire-recu-par-le-president-oligui-nguema\/\"},\"author\":{\"name\":\"La R\u00e9daction CI\",\"@id\":\"https:\/\/www.lejournalci.org\/#\/schema\/person\/2efe42dc5459aaaf6d89cb27e736002b\"},\"headline\":\"Gabon: Le DG du Groupe Schiba C\u00f4te d\u2019Ivoire re\u00e7u par le Pr\u00e9sident Oligui Nguema\",\"datePublished\":\"2025-10-15T05:01:29+00:00\",\"dateModified\":\"2025-10-15T05:02:18+00:00\",\"mainEntityOfPage\":{\"@id\":\"https:\/\/www.lejournalci.org\/index.php\/2025\/10\/15\/gabon-le-dg-du-groupe-schiba-cote-divoire-recu-par-le-president-oligui-nguema\/\"},\"wordCount\":214,\"publisher\":{\"@id\":\"https:\/\/www.lejournalci.org\/#organization\"},\"image\":{\"@id\":\"https:\/\/www.lejournalci.org\/index.php\/2025\/10\/15\/gabon-le-dg-du-groupe-schiba-cote-divoire-recu-par-le-president-oligui-nguema\/#primaryimage\"},\"thumbnailUrl\":\"https:\/\/www.lejournalci.org\/wp-content\/uploads\/2025\/10\/1001344639-edited-1.jpg\",\"articleSection\":[\"DIPLOMATIE\"],\"inLanguage\":\"fr-FR\"},{\"@type\":\"WebPage\",\"@id\":\"https:\/\/www.lejournalci.org\/index.php\/2025\/10\/15\/gabon-le-dg-du-groupe-schiba-cote-divoire-recu-par-le-president-oligui-nguema\/\",\"url\":\"https:\/\/www.lejournalci.org\/index.php\/2025\/10\/15\/gabon-le-dg-du-groupe-schiba-cote-divoire-recu-par-le-president-oligui-nguema\/\",\"name\":\"Gabon: Le DG du Groupe Schiba C\u00f4te d\u2019Ivoire re\u00e7u par le Pr\u00e9sident Oligui Nguema - Cooperation Internationale\",\"isPartOf\":{\"@id\":\"https:\/\/www.lejournalci.org\/#website\"},\"primaryImageOfPage\":{\"@id\":\"https:\/\/www.lejournalci.org\/index.php\/2025\/10\/15\/gabon-le-dg-du-groupe-schiba-cote-divoire-recu-par-le-president-oligui-nguema\/#primaryimage\"},\"image\":{\"@id\":\"https:\/\/www.lejournalci.org\/index.php\/2025\/10\/15\/gabon-le-dg-du-groupe-schiba-cote-divoire-recu-par-le-president-oligui-nguema\/#primaryimage\"},\"thumbnailUrl\":\"https:\/\/www.lejournalci.org\/wp-content\/uploads\/2025\/10\/1001344639-edited-1.jpg\",\"datePublished\":\"2025-10-15T05:01:29+00:00\",\"dateModified\":\"2025-10-15T05:02:18+00:00\",\"breadcrumb\":{\"@id\":\"https:\/\/www.lejournalci.org\/index.php\/2025\/10\/15\/gabon-le-dg-du-groupe-schiba-cote-divoire-recu-par-le-president-oligui-nguema\/#breadcrumb\"},\"inLanguage\":\"fr-FR\",\"potentialAction\":[{\"@type\":\"ReadAction\",\"target\":[\"https:\/\/www.lejournalci.org\/index.php\/2025\/10\/15\/gabon-le-dg-du-groupe-schiba-cote-divoire-recu-par-le-president-oligui-nguema\/\"]}]},{\"@type\":\"ImageObject\",\"inLanguage\":\"fr-FR\",\"@id\":\"https:\/\/www.lejournalci.org\/index.php\/2025\/10\/15\/gabon-le-dg-du-groupe-schiba-cote-divoire-recu-par-le-president-oligui-nguema\/#primaryimage\",\"url\":\"https:\/\/www.lejournalci.org\/wp-content\/uploads\/2025\/10\/1001344639-edited-1.jpg\",\"contentUrl\":\"https:\/\/www.lejournalci.org\/wp-content\/uploads\/2025\/10\/1001344639-edited-1.jpg\",\"width\":1280,\"height\":720},{\"@type\":\"BreadcrumbList\",\"@id\":\"https:\/\/www.lejournalci.org\/index.php\/2025\/10\/15\/gabon-le-dg-du-groupe-schiba-cote-divoire-recu-par-le-president-oligui-nguema\/#breadcrumb\",\"itemListElement\":[{\"@type\":\"ListItem\",\"position\":1,\"name\":\"Accueil\",\"item\":\"https:\/\/www.lejournalci.org\/\"},{\"@type\":\"ListItem\",\"position\":2,\"name\":\"Gabon: Le DG du Groupe Schiba C\u00f4te d\u2019Ivoire re\u00e7u par le Pr\u00e9sident Oligui Nguema\"}]},{\"@type\":\"WebSite\",\"@id\":\"https:\/\/www.lejournalci.org\/#website\",\"url\":\"https:\/\/www.lejournalci.org\/\",\"name\":\"Cooperation Internationale\",\"description\":\"Faire de la Coop\u00e9ration un Puissant Instrument de D\u00e9veloppement\",\"publisher\":{\"@id\":\"https:\/\/www.lejournalci.org\/#organization\"},\"potentialAction\":[{\"@type\":\"SearchAction\",\"target\":{\"@type\":\"EntryPoint\",\"urlTemplate\":\"https:\/\/www.lejournalci.org\/?s={search_term_string}\"},\"query-input\":{\"@type\":\"PropertyValueSpecification\",\"valueRequired\":true,\"valueName\":\"search_term_string\"}}],\"inLanguage\":\"fr-FR\"},{\"@type\":\"Organization\",\"@id\":\"https:\/\/www.lejournalci.org\/#organization\",\"name\":\"Cooperation Internationale\",\"url\":\"https:\/\/www.lejournalci.org\/\",\"logo\":{\"@type\":\"ImageObject\",\"inLanguage\":\"fr-FR\",\"@id\":\"https:\/\/www.lejournalci.org\/#\/schema\/logo\/image\/\",\"url\":\"https:\/\/www.lejournalci.org\/wp-content\/uploads\/2024\/12\/logo-coopint_HD_3.jpg\",\"contentUrl\":\"https:\/\/www.lejournalci.org\/wp-content\/uploads\/2024\/12\/logo-coopint_HD_3.jpg\",\"width\":700,\"height\":214,\"caption\":\"Cooperation Internationale\"},\"image\":{\"@id\":\"https:\/\/www.lejournalci.org\/#\/schema\/logo\/image\/\"},\"sameAs\":[\"https:\/\/www.facebook.com\/journalCI\/\",\"https:\/\/x.com\/lejournalc\"]},{\"@type\":\"Person\",\"@id\":\"https:\/\/www.lejournalci.org\/#\/schema\/person\/2efe42dc5459aaaf6d89cb27e736002b\",\"name\":\"La R\u00e9daction CI\",\"image\":{\"@type\":\"ImageObject\",\"inLanguage\":\"fr-FR\",\"@id\":\"https:\/\/www.lejournalci.org\/#\/schema\/person\/image\/\",\"url\":\"https:\/\/secure.gravatar.com\/avatar\/e63ab2ab378e283740d8889fbe2ec43fdcee7ac714a480d705f61cb1e5675c4c?s=96&d=mm&r=g\",\"contentUrl\":\"https:\/\/secure.gravatar.com\/avatar\/e63ab2ab378e283740d8889fbe2ec43fdcee7ac714a480d705f61cb1e5675c4c?s=96&d=mm&r=g\",\"caption\":\"La R\u00e9daction CI\"},\"url\":\"https:\/\/www.lejournalci.org\/index.php\/author\/noebricendongyahoo-fr\/\"}]}<\/script>\n<!-- \/ Yoast SEO plugin. -->","yoast_head_json":{"title":"Gabon: Le DG du Groupe Schiba C\u00f4te d\u2019Ivoire re\u00e7u par le Pr\u00e9sident Oligui Nguema - Cooperation Internationale","robots":{"index":"index","follow":"follow","max-snippet":"max-snippet:-1","max-image-preview":"max-image-preview:large","max-video-preview":"max-video-preview:-1"},"canonical":"https:\/\/www.lejournalci.org\/index.php\/2025\/10\/15\/gabon-le-dg-du-groupe-schiba-cote-divoire-recu-par-le-president-oligui-nguema\/","og_locale":"fr_FR","og_type":"article","og_title":"Gabon: Le DG du Groupe Schiba C\u00f4te d\u2019Ivoire re\u00e7u par le Pr\u00e9sident Oligui Nguema - Cooperation Internationale","og_description":"Le Pr\u00e9sident de la R\u00e9publique gabonaise, Brice Clotaire Oligui Nguema, a le mardi 14 Octobre en audience Monsieur Soro Nidjabedjan, Pr\u00e9sident-directeur g\u00e9n\u00e9ral du Groupe Schiba C\u00f4te d\u2019Ivoire, \u00e0 la t\u00eate d\u2019une d\u00e9l\u00e9gation d\u2019entrepreneurs ivoiriens. Cette rencontre s\u2019inscrit dans le cadre du renforcement de la coop\u00e9ration Sud-Sud, et visait \u00e0 explorer","og_url":"https:\/\/www.lejournalci.org\/index.php\/2025\/10\/15\/gabon-le-dg-du-groupe-schiba-cote-divoire-recu-par-le-president-oligui-nguema\/","og_site_name":"Cooperation Internationale","article_publisher":"https:\/\/www.facebook.com\/journalCI\/","article_published_time":"2025-10-15T05:01:29+00:00","article_modified_time":"2025-10-15T05:02:18+00:00","og_image":[{"width":1280,"height":720,"url":"https:\/\/www.lejournalci.org\/wp-content\/uploads\/2025\/10\/1001344639-edited-1.jpg","type":"image\/jpeg"}],"author":"La R\u00e9daction CI","twitter_card":"summary_large_image","twitter_creator":"@lejournalc","twitter_site":"@lejournalc","twitter_misc":{"\u00c9crit par":"La R\u00e9daction CI","Dur\u00e9e de lecture estim\u00e9e":"2 minutes"},"schema":{"@context":"https:\/\/schema.org","@graph":[{"@type":"Article","@id":"https:\/\/www.lejournalci.org\/index.php\/2025\/10\/15\/gabon-le-dg-du-groupe-schiba-cote-divoire-recu-par-le-president-oligui-nguema\/#article","isPartOf":{"@id":"https:\/\/www.lejournalci.org\/index.php\/2025\/10\/15\/gabon-le-dg-du-groupe-schiba-cote-divoire-recu-par-le-president-oligui-nguema\/"},"author":{"name":"La R\u00e9daction CI","@id":"https:\/\/www.lejournalci.org\/#\/schema\/person\/2efe42dc5459aaaf6d89cb27e736002b"},"headline":"Gabon: Le DG du Groupe Schiba C\u00f4te d\u2019Ivoire re\u00e7u par le Pr\u00e9sident Oligui Nguema","datePublished":"2025-10-15T05:01:29+00:00","dateModified":"2025-10-15T05:02:18+00:00","mainEntityOfPage":{"@id":"https:\/\/www.lejournalci.org\/index.php\/2025\/10\/15\/gabon-le-dg-du-groupe-schiba-cote-divoire-recu-par-le-president-oligui-nguema\/"},"wordCount":214,"publisher":{"@id":"https:\/\/www.lejournalci.org\/#organization"},"image":{"@id":"https:\/\/www.lejournalci.org\/index.php\/2025\/10\/15\/gabon-le-dg-du-groupe-schiba-cote-divoire-recu-par-le-president-oligui-nguema\/#primaryimage"},"thumbnailUrl":"https:\/\/www.lejournalci.org\/wp-content\/uploads\/2025\/10\/1001344639-edited-1.jpg","articleSection":["DIPLOMATIE"],"inLanguage":"fr-FR"},{"@type":"WebPage","@id":"https:\/\/www.lejournalci.org\/index.php\/2025\/10\/15\/gabon-le-dg-du-groupe-schiba-cote-divoire-recu-par-le-president-oligui-nguema\/","url":"https:\/\/www.lejournalci.org\/index.php\/2025\/10\/15\/gabon-le-dg-du-groupe-schiba-cote-divoire-recu-par-le-president-oligui-nguema\/","name":"Gabon: Le DG du Groupe Schiba C\u00f4te d\u2019Ivoire re\u00e7u par le Pr\u00e9sident Oligui Nguema - Cooperation Internationale","isPartOf":{"@id":"https:\/\/www.lejournalci.org\/#website"},"primaryImageOfPage":{"@id":"https:\/\/www.lejournalci.org\/index.php\/2025\/10\/15\/gabon-le-dg-du-groupe-schiba-cote-divoire-recu-par-le-president-oligui-nguema\/#primaryimage"},"image":{"@id":"https:\/\/www.lejournalci.org\/index.php\/2025\/10\/15\/gabon-le-dg-du-groupe-schiba-cote-divoire-recu-par-le-president-oligui-nguema\/#primaryimage"},"thumbnailUrl":"https:\/\/www.lejournalci.org\/wp-content\/uploads\/2025\/10\/1001344639-edited-1.jpg","datePublished":"2025-10-15T05:01:29+00:00","dateModified":"2025-10-15T05:02:18+00:00","breadcrumb":{"@id":"https:\/\/www.lejournalci.org\/index.php\/2025\/10\/15\/gabon-le-dg-du-groupe-schiba-cote-divoire-recu-par-le-president-oligui-nguema\/#breadcrumb"},"inLanguage":"fr-FR","potentialAction":[{"@type":"ReadAction","target":["https:\/\/www.lejournalci.org\/index.php\/2025\/10\/15\/gabon-le-dg-du-groupe-schiba-cote-divoire-recu-par-le-president-oligui-nguema\/"]}]},{"@type":"ImageObject","inLanguage":"fr-FR","@id":"https:\/\/www.lejournalci.org\/index.php\/2025\/10\/15\/gabon-le-dg-du-groupe-schiba-cote-divoire-recu-par-le-president-oligui-nguema\/#primaryimage","url":"https:\/\/www.lejournalci.org\/wp-content\/uploads\/2025\/10\/1001344639-edited-1.jpg","contentUrl":"https:\/\/www.lejournalci.org\/wp-content\/uploads\/2025\/10\/1001344639-edited-1.jpg","width":1280,"height":720},{"@type":"BreadcrumbList","@id":"https:\/\/www.lejournalci.org\/index.php\/2025\/10\/15\/gabon-le-dg-du-groupe-schiba-cote-divoire-recu-par-le-president-oligui-nguema\/#breadcrumb","itemListElement":[{"@type":"ListItem","position":1,"name":"Accueil","item":"https:\/\/www.lejournalci.org\/"},{"@type":"ListItem","position":2,"name":"Gabon: Le DG du Groupe Schiba C\u00f4te d\u2019Ivoire re\u00e7u par le Pr\u00e9sident Oligui Nguema"}]},{"@type":"WebSite","@id":"https:\/\/www.lejournalci.org\/#website","url":"https:\/\/www.lejournalci.org\/","name":"Cooperation Internationale","description":"Faire de la Coop\u00e9ration un Puissant Instrument de D\u00e9veloppement","publisher":{"@id":"https:\/\/www.lejournalci.org\/#organization"},"potentialAction":[{"@type":"SearchAction","target":{"@type":"EntryPoint","urlTemplate":"https:\/\/www.lejournalci.org\/?s={search_term_string}"},"query-input":{"@type":"PropertyValueSpecification","valueRequired":true,"valueName":"search_term_string"}}],"inLanguage":"fr-FR"},{"@type":"Organization","@id":"https:\/\/www.lejournalci.org\/#organization","name":"Cooperation Internationale","url":"https:\/\/www.lejournalci.org\/","logo":{"@type":"ImageObject","inLanguage":"fr-FR","@id":"https:\/\/www.lejournalci.org\/#\/schema\/logo\/image\/","url":"https:\/\/www.lejournalci.org\/wp-content\/uploads\/2024\/12\/logo-coopint_HD_3.jpg","contentUrl":"https:\/\/www.lejournalci.org\/wp-content\/uploads\/2024\/12\/logo-coopint_HD_3.jpg","width":700,"height":214,"caption":"Cooperation Internationale"},"image":{"@id":"https:\/\/www.lejournalci.org\/#\/schema\/logo\/image\/"},"sameAs":["https:\/\/www.facebook.com\/journalCI\/","https:\/\/x.com\/lejournalc"]},{"@type":"Person","@id":"https:\/\/www.lejournalci.org\/#\/schema\/person\/2efe42dc5459aaaf6d89cb27e736002b","name":"La R\u00e9daction CI","image":{"@type":"ImageObject","inLanguage":"fr-FR","@id":"https:\/\/www.lejournalci.org\/#\/schema\/person\/image\/","url":"https:\/\/secure.gravatar.com\/avatar\/e63ab2ab378e283740d8889fbe2ec43fdcee7ac714a480d705f61cb1e5675c4c?s=96&d=mm&r=g","contentUrl":"https:\/\/secure.gravatar.com\/avatar\/e63ab2ab378e283740d8889fbe2ec43fdcee7ac714a480d705f61cb1e5675c4c?s=96&d=mm&r=g","caption":"La R\u00e9daction CI"},"url":"https:\/\/www.lejournalci.org\/index.php\/author\/noebricendongyahoo-fr\/"}]}},"jetpack_publicize_connections":[],"jetpack_featured_media_url":"https:\/\/www.lejournalci.org\/wp-content\/uploads\/2025\/10\/1001344639-edited-1.jpg","jetpack_sharing_enabled":true,"_links":{"self":[{"href":"https:\/\/www.lejournalci.org\/index.php\/wp-json\/wp\/v2\/posts\/9285","targetHints":{"allow":["GET"]}}],"collection":[{"href":"https:\/\/www.lejournalci.org\/index.php\/wp-json\/wp\/v2\/posts"}],"about":[{"href":"https:\/\/www.lejournalci.org\/index.php\/wp-json\/wp\/v2\/types\/post"}],"author":[{"embeddable":true,"href":"https:\/\/www.lejournalci.org\/index.php\/wp-json\/wp\/v2\/users\/3"}],"replies":[{"embeddable":true,"href":"https:\/\/www.lejournalci.org\/index.php\/wp-json\/wp\/v2\/comments?post=9285"}],"version-history":[{"count":2,"href":"https:\/\/www.lejournalci.org\/index.php\/wp-json\/wp\/v2\/posts\/9285\/revisions"}],"predecessor-version":[{"id":9290,"href":"https:\/\/www.lejournalci.org\/index.php\/wp-json\/wp\/v2\/posts\/9285\/revisions\/9290"}],"wp:featuredmedia":[{"embeddable":true,"href":"https:\/\/www.lejournalci.org\/index.php\/wp-json\/wp\/v2\/media\/9289"}],"wp:attachment":[{"href":"https:\/\/www.lejournalci.org\/index.php\/wp-json\/wp\/v2\/media?parent=9285"}],"wp:term":[{"taxonomy":"category","embeddable":true,"href":"https:\/\/www.lejournalci.org\/index.php\/wp-json\/wp\/v2\/categories?post=9285"},{"taxonomy":"post_tag","embeddable":true,"href":"https:\/\/www.lejournalci.org\/index.php\/wp-json\/wp\/v2\/tags?post=9285"}],"curies":[{"name":"wp","href":"https:\/\/api.w.org\/{rel}","templated":true}]}}