{"id":9280,"date":"2025-10-15T04:53:02","date_gmt":"2025-10-15T04:53:02","guid":{"rendered":"https:\/\/www.lejournalci.org\/?p=9280"},"modified":"2025-10-15T04:53:58","modified_gmt":"2025-10-15T04:53:58","slug":"guinee-equatoriale-maroc-en-visite-a-malabole-president-du-cese-marocain-recu-par-le-president-obiang-nguema","status":"publish","type":"post","link":"https:\/\/www.lejournalci.org\/index.php\/2025\/10\/15\/guinee-equatoriale-maroc-en-visite-a-malabole-president-du-cese-marocain-recu-par-le-president-obiang-nguema\/","title":{"rendered":"Guin\u00e9e \u00c9quatoriale- Maroc : En visite \u00e0 Malabo,le Pr\u00e9sident du CESE Marocain re\u00e7u par le Pr\u00e9sident Obiang Nguema"},"content":{"rendered":"\n<p>Apr\u00e8s la comm\u00e9moration du 57e anniversaire de l&#8217;ind\u00e9pendance nationale, le 12 octobre 2025, le Pr\u00e9sident de la R\u00e9publique de Guin\u00e9e \u00c9quatoriale a accord\u00e9 une audience, \u00e0 Mongomo, \u00e0 une d\u00e9l\u00e9gation du Royaume du Maroc conduite par Abdelkader Amara, Pr\u00e9sident du Conseil \u00e9conomique, social et environnemental (CESE) de ce pays.<\/p>\n\n\n\n<p>Au cours de ce rendez-vous, le chef de l&#8217;\u00c9tat Equatoguin\u00e9en Obiang Nguema Mbasogo, \u00e9tait assist\u00e9 du Pr\u00e9sident du Conseil \u00e9conomique et social de la Guin\u00e9e \u00e9quatoriale, Marcelino Owono Edu et de Sime\u00f3n Oyono Esono Angue, Ministre d&#8217;\u00c9tat aux affaires \u00e9trang\u00e8res, \u00e0 la coop\u00e9ration internationale et \u00e0 la diaspora.<\/p>\n\n\n\n<p>Lors de l&#8217;entretien, les deux parties ont dialogu\u00e9 sur les excellentes relations d&#8217;amiti\u00e9 et de collaboration entre le Maroc et la Guin\u00e9e \u00e9quatoriale, sur des th\u00e8mes sp\u00e9cifiques tels que la coop\u00e9ration entre les CESE des deux pays. Consid\u00e9rant que cet organisme maintient \u00e0 Rabat le si\u00e8ge permanent de l&#8217;Union des conseils \u00e9conomiques et sociaux et des institutions similaires d&#8217;Afrique (UESA), qui regroupe des repr\u00e9sentants de 22 pays africains, Abdelkader Amara a \u00e9galement invit\u00e9 la Guin\u00e9e \u00e9quatoriale \u00e0 participer au sommet de celui-ci; un rencontre qui permettra de travailler sur de nombreux aspects th\u00e9matiques tels que la diversification \u00e9conomique, la transition \u00e9nerg\u00e9tique et le changement climatique, ou la probl\u00e9matique de l&#8217;eau, entre autres.<\/p>\n\n\n\n<p>M. Amara a indiqu\u00e9 les \u00e9changes ont \u00e9galement port\u00e9 sur  l&#8217;int\u00e9r\u00eat mutuel d&#8217;\u00e9largir et de consolider les excellentes relations de coop\u00e9ration entre les deux pays, de renforcer et de prot\u00e9ger les investissements mutuels pour diversifier leurs \u00e9conomies respectives et de faciliter les \u00e9changes de biens et de services.<\/p>\n\n\n\n<p>&#8211;<strong><em>\u00ab Nous avons \u00e9galement demand\u00e9 l&#8217;autorisation et l&#8217;acceptation pour l&#8217;organisation de la cinqui\u00e8me table ronde Afrique-Chine, qui se tiendra en Guin\u00e9e \u00e9quatoriale et c&#8217;est un rendez-vous tr\u00e8s important qui nous permettra de discuter des questions \u00e9conomiques qui nous concernent en tant que nations africaines \u00bb<\/em><\/strong>, a ajout\u00e9 Abdelkader Amara \u00e0 la presse apr\u00e8s la r\u00e9union pr\u00e9sidentielle.<\/p>\n\n\n\n<p><strong><em>SOURCE: Pr\u00e9sidence de Guin\u00e9e \u00c9quatoriale.<\/em><\/strong><\/p>\n","protected":false},"excerpt":{"rendered":"<p>Apr\u00e8s la comm\u00e9moration du 57e anniversaire de l&#8217;ind\u00e9pendance nationale, le 12 octobre 2025, le Pr\u00e9sident de la R\u00e9publique de Guin\u00e9e \u00c9quatoriale a accord\u00e9 une audience, \u00e0 Mongomo, \u00e0 une d\u00e9l\u00e9gation du Royaume du Maroc conduite par Abdelkader Amara, Pr\u00e9sident du Conseil \u00e9conomique, social et environnemental (CESE) de ce pays. Au<\/p>\n","protected":false},"author":3,"featured_media":9282,"comment_status":"closed","ping_status":"open","sticky":false,"template":"","format":"standard","meta":{"colormag_page_container_layout":"default_layout","colormag_page_sidebar_layout":"default_layout","_jetpack_memberships_contains_paid_content":false,"footnotes":"","jetpack_publicize_message":"","jetpack_publicize_feature_enabled":true,"jetpack_social_post_already_shared":true,"jetpack_social_options":{"image_generator_settings":{"template":"highway","default_image_id":0,"font":"","enabled":false},"version":2}},"categories":[51],"tags":[],"class_list":["post-9280","post","type-post","status-publish","format-standard","has-post-thumbnail","hentry","category-diplomatie"],"magazineBlocksPostFeaturedMedia":{"thumbnail":"https:\/\/www.lejournalci.org\/wp-content\/uploads\/2025\/10\/1001344622-edited-150x150.jpg","medium":"https:\/\/www.lejournalci.org\/wp-content\/uploads\/2025\/10\/1001344622-edited-300x169.jpg","medium_large":"https:\/\/www.lejournalci.org\/wp-content\/uploads\/2025\/10\/1001344622-edited-768x432.jpg","large":"https:\/\/www.lejournalci.org\/wp-content\/uploads\/2025\/10\/1001344622-edited-1024x576.jpg","1536x1536":"https:\/\/www.lejournalci.org\/wp-content\/uploads\/2025\/10\/1001344622-edited-1536x864.jpg","2048x2048":"https:\/\/www.lejournalci.org\/wp-content\/uploads\/2025\/10\/1001344622-edited.jpg","colormag-highlighted-post":"https:\/\/www.lejournalci.org\/wp-content\/uploads\/2025\/10\/1001344622-edited-392x272.jpg","colormag-featured-post-medium":"https:\/\/www.lejournalci.org\/wp-content\/uploads\/2025\/10\/1001344622-edited-390x205.jpg","colormag-featured-post-small":"https:\/\/www.lejournalci.org\/wp-content\/uploads\/2025\/10\/1001344622-edited-130x90.jpg","colormag-featured-image":"https:\/\/www.lejournalci.org\/wp-content\/uploads\/2025\/10\/1001344622-edited-800x445.jpg","colormag-default-news":"https:\/\/www.lejournalci.org\/wp-content\/uploads\/2025\/10\/1001344622-edited-150x150.jpg","colormag-featured-image-large":"https:\/\/www.lejournalci.org\/wp-content\/uploads\/2025\/10\/1001344622-edited-1400x600.jpg"},"magazineBlocksPostAuthor":{"name":"La R\u00e9daction CI","avatar":"https:\/\/secure.gravatar.com\/avatar\/e63ab2ab378e283740d8889fbe2ec43fdcee7ac714a480d705f61cb1e5675c4c?s=96&d=mm&r=g"},"magazineBlocksPostCommentsNumber":false,"magazineBlocksPostExcerpt":"Apr\u00e8s la comm\u00e9moration du 57e anniversaire de l&#8217;ind\u00e9pendance nationale, le 12 octobre 2025, le Pr\u00e9sident de la R\u00e9publique de Guin\u00e9e \u00c9quatoriale a accord\u00e9 une audience, \u00e0 Mongomo, \u00e0 une d\u00e9l\u00e9gation du Royaume du Maroc conduite par Abdelkader Amara, Pr\u00e9sident du Conseil \u00e9conomique, social et environnemental (CESE) de ce pays. Au","magazineBlocksPostCategories":["DIPLOMATIE"],"magazineBlocksPostViewCount":337,"magazineBlocksPostReadTime":2,"magazine_blocks_featured_image_url":{"full":["https:\/\/www.lejournalci.org\/wp-content\/uploads\/2025\/10\/1001344622-edited.jpg",2048,1152,false],"medium":["https:\/\/www.lejournalci.org\/wp-content\/uploads\/2025\/10\/1001344622-edited-300x169.jpg",300,169,true],"thumbnail":["https:\/\/www.lejournalci.org\/wp-content\/uploads\/2025\/10\/1001344622-edited-150x150.jpg",150,150,true]},"magazine_blocks_author":{"display_name":"La R\u00e9daction CI","author_link":"https:\/\/www.lejournalci.org\/index.php\/author\/noebricendongyahoo-fr\/"},"magazine_blocks_comment":0,"magazine_blocks_author_image":"https:\/\/secure.gravatar.com\/avatar\/e63ab2ab378e283740d8889fbe2ec43fdcee7ac714a480d705f61cb1e5675c4c?s=96&d=mm&r=g","magazine_blocks_category":"<a href=\"#\" class=\"category-link category-link-51\">DIPLOMATIE<\/a>","yoast_head":"<!-- This site is optimized with the Yoast SEO plugin v26.2 - https:\/\/yoast.com\/wordpress\/plugins\/seo\/ -->\n<title>Guin\u00e9e \u00c9quatoriale- Maroc : En visite \u00e0 Malabo,le Pr\u00e9sident du CESE Marocain re\u00e7u par le Pr\u00e9sident Obiang Nguema - Cooperation Internationale<\/title>\n<meta name=\"robots\" content=\"index, follow, max-snippet:-1, max-image-preview:large, max-video-preview:-1\" \/>\n<link rel=\"canonical\" href=\"https:\/\/www.lejournalci.org\/index.php\/2025\/10\/15\/guinee-equatoriale-maroc-en-visite-a-malabole-president-du-cese-marocain-recu-par-le-president-obiang-nguema\/\" \/>\n<meta property=\"og:locale\" content=\"fr_FR\" \/>\n<meta property=\"og:type\" content=\"article\" \/>\n<meta property=\"og:title\" content=\"Guin\u00e9e \u00c9quatoriale- Maroc : En visite \u00e0 Malabo,le Pr\u00e9sident du CESE Marocain re\u00e7u par le Pr\u00e9sident Obiang Nguema - Cooperation Internationale\" \/>\n<meta property=\"og:description\" content=\"Apr\u00e8s la comm\u00e9moration du 57e anniversaire de l&#8217;ind\u00e9pendance nationale, le 12 octobre 2025, le Pr\u00e9sident de la R\u00e9publique de Guin\u00e9e \u00c9quatoriale a accord\u00e9 une audience, \u00e0 Mongomo, \u00e0 une d\u00e9l\u00e9gation du Royaume du Maroc conduite par Abdelkader Amara, Pr\u00e9sident du Conseil \u00e9conomique, social et environnemental (CESE) de ce pays. Au\" \/>\n<meta property=\"og:url\" content=\"https:\/\/www.lejournalci.org\/index.php\/2025\/10\/15\/guinee-equatoriale-maroc-en-visite-a-malabole-president-du-cese-marocain-recu-par-le-president-obiang-nguema\/\" \/>\n<meta property=\"og:site_name\" content=\"Cooperation Internationale\" \/>\n<meta property=\"article:publisher\" content=\"https:\/\/www.facebook.com\/journalCI\/\" \/>\n<meta property=\"article:published_time\" content=\"2025-10-15T04:53:02+00:00\" \/>\n<meta property=\"article:modified_time\" content=\"2025-10-15T04:53:58+00:00\" \/>\n<meta property=\"og:image\" content=\"https:\/\/www.lejournalci.org\/wp-content\/uploads\/2025\/10\/1001344622-edited.jpg\" \/>\n\t<meta property=\"og:image:width\" content=\"2048\" \/>\n\t<meta property=\"og:image:height\" content=\"1152\" \/>\n\t<meta property=\"og:image:type\" content=\"image\/jpeg\" \/>\n<meta name=\"author\" content=\"La R\u00e9daction CI\" \/>\n<meta name=\"twitter:card\" content=\"summary_large_image\" \/>\n<meta name=\"twitter:creator\" content=\"@lejournalc\" \/>\n<meta name=\"twitter:site\" content=\"@lejournalc\" \/>\n<meta name=\"twitter:label1\" content=\"\u00c9crit par\" \/>\n\t<meta name=\"twitter:data1\" content=\"La R\u00e9daction CI\" \/>\n\t<meta name=\"twitter:label2\" content=\"Dur\u00e9e de lecture estim\u00e9e\" \/>\n\t<meta name=\"twitter:data2\" content=\"2 minutes\" \/>\n<script type=\"application\/ld+json\" class=\"yoast-schema-graph\">{\"@context\":\"https:\/\/schema.org\",\"@graph\":[{\"@type\":\"Article\",\"@id\":\"https:\/\/www.lejournalci.org\/index.php\/2025\/10\/15\/guinee-equatoriale-maroc-en-visite-a-malabole-president-du-cese-marocain-recu-par-le-president-obiang-nguema\/#article\",\"isPartOf\":{\"@id\":\"https:\/\/www.lejournalci.org\/index.php\/2025\/10\/15\/guinee-equatoriale-maroc-en-visite-a-malabole-president-du-cese-marocain-recu-par-le-president-obiang-nguema\/\"},\"author\":{\"name\":\"La R\u00e9daction CI\",\"@id\":\"https:\/\/www.lejournalci.org\/#\/schema\/person\/2efe42dc5459aaaf6d89cb27e736002b\"},\"headline\":\"Guin\u00e9e \u00c9quatoriale- Maroc : En visite \u00e0 Malabo,le Pr\u00e9sident du CESE Marocain re\u00e7u par le Pr\u00e9sident Obiang Nguema\",\"datePublished\":\"2025-10-15T04:53:02+00:00\",\"dateModified\":\"2025-10-15T04:53:58+00:00\",\"mainEntityOfPage\":{\"@id\":\"https:\/\/www.lejournalci.org\/index.php\/2025\/10\/15\/guinee-equatoriale-maroc-en-visite-a-malabole-president-du-cese-marocain-recu-par-le-president-obiang-nguema\/\"},\"wordCount\":380,\"publisher\":{\"@id\":\"https:\/\/www.lejournalci.org\/#organization\"},\"image\":{\"@id\":\"https:\/\/www.lejournalci.org\/index.php\/2025\/10\/15\/guinee-equatoriale-maroc-en-visite-a-malabole-president-du-cese-marocain-recu-par-le-president-obiang-nguema\/#primaryimage\"},\"thumbnailUrl\":\"https:\/\/www.lejournalci.org\/wp-content\/uploads\/2025\/10\/1001344622-edited.jpg\",\"articleSection\":[\"DIPLOMATIE\"],\"inLanguage\":\"fr-FR\"},{\"@type\":\"WebPage\",\"@id\":\"https:\/\/www.lejournalci.org\/index.php\/2025\/10\/15\/guinee-equatoriale-maroc-en-visite-a-malabole-president-du-cese-marocain-recu-par-le-president-obiang-nguema\/\",\"url\":\"https:\/\/www.lejournalci.org\/index.php\/2025\/10\/15\/guinee-equatoriale-maroc-en-visite-a-malabole-president-du-cese-marocain-recu-par-le-president-obiang-nguema\/\",\"name\":\"Guin\u00e9e \u00c9quatoriale- Maroc : En visite \u00e0 Malabo,le Pr\u00e9sident du CESE Marocain re\u00e7u par le Pr\u00e9sident Obiang Nguema - Cooperation Internationale\",\"isPartOf\":{\"@id\":\"https:\/\/www.lejournalci.org\/#website\"},\"primaryImageOfPage\":{\"@id\":\"https:\/\/www.lejournalci.org\/index.php\/2025\/10\/15\/guinee-equatoriale-maroc-en-visite-a-malabole-president-du-cese-marocain-recu-par-le-president-obiang-nguema\/#primaryimage\"},\"image\":{\"@id\":\"https:\/\/www.lejournalci.org\/index.php\/2025\/10\/15\/guinee-equatoriale-maroc-en-visite-a-malabole-president-du-cese-marocain-recu-par-le-president-obiang-nguema\/#primaryimage\"},\"thumbnailUrl\":\"https:\/\/www.lejournalci.org\/wp-content\/uploads\/2025\/10\/1001344622-edited.jpg\",\"datePublished\":\"2025-10-15T04:53:02+00:00\",\"dateModified\":\"2025-10-15T04:53:58+00:00\",\"breadcrumb\":{\"@id\":\"https:\/\/www.lejournalci.org\/index.php\/2025\/10\/15\/guinee-equatoriale-maroc-en-visite-a-malabole-president-du-cese-marocain-recu-par-le-president-obiang-nguema\/#breadcrumb\"},\"inLanguage\":\"fr-FR\",\"potentialAction\":[{\"@type\":\"ReadAction\",\"target\":[\"https:\/\/www.lejournalci.org\/index.php\/2025\/10\/15\/guinee-equatoriale-maroc-en-visite-a-malabole-president-du-cese-marocain-recu-par-le-president-obiang-nguema\/\"]}]},{\"@type\":\"ImageObject\",\"inLanguage\":\"fr-FR\",\"@id\":\"https:\/\/www.lejournalci.org\/index.php\/2025\/10\/15\/guinee-equatoriale-maroc-en-visite-a-malabole-president-du-cese-marocain-recu-par-le-president-obiang-nguema\/#primaryimage\",\"url\":\"https:\/\/www.lejournalci.org\/wp-content\/uploads\/2025\/10\/1001344622-edited.jpg\",\"contentUrl\":\"https:\/\/www.lejournalci.org\/wp-content\/uploads\/2025\/10\/1001344622-edited.jpg\",\"width\":2048,\"height\":1152},{\"@type\":\"BreadcrumbList\",\"@id\":\"https:\/\/www.lejournalci.org\/index.php\/2025\/10\/15\/guinee-equatoriale-maroc-en-visite-a-malabole-president-du-cese-marocain-recu-par-le-president-obiang-nguema\/#breadcrumb\",\"itemListElement\":[{\"@type\":\"ListItem\",\"position\":1,\"name\":\"Accueil\",\"item\":\"https:\/\/www.lejournalci.org\/\"},{\"@type\":\"ListItem\",\"position\":2,\"name\":\"Guin\u00e9e \u00c9quatoriale- Maroc : En visite \u00e0 Malabo,le Pr\u00e9sident du CESE Marocain re\u00e7u par le Pr\u00e9sident Obiang Nguema\"}]},{\"@type\":\"WebSite\",\"@id\":\"https:\/\/www.lejournalci.org\/#website\",\"url\":\"https:\/\/www.lejournalci.org\/\",\"name\":\"Cooperation Internationale\",\"description\":\"Faire de la Coop\u00e9ration un Puissant Instrument de D\u00e9veloppement\",\"publisher\":{\"@id\":\"https:\/\/www.lejournalci.org\/#organization\"},\"potentialAction\":[{\"@type\":\"SearchAction\",\"target\":{\"@type\":\"EntryPoint\",\"urlTemplate\":\"https:\/\/www.lejournalci.org\/?s={search_term_string}\"},\"query-input\":{\"@type\":\"PropertyValueSpecification\",\"valueRequired\":true,\"valueName\":\"search_term_string\"}}],\"inLanguage\":\"fr-FR\"},{\"@type\":\"Organization\",\"@id\":\"https:\/\/www.lejournalci.org\/#organization\",\"name\":\"Cooperation Internationale\",\"url\":\"https:\/\/www.lejournalci.org\/\",\"logo\":{\"@type\":\"ImageObject\",\"inLanguage\":\"fr-FR\",\"@id\":\"https:\/\/www.lejournalci.org\/#\/schema\/logo\/image\/\",\"url\":\"https:\/\/www.lejournalci.org\/wp-content\/uploads\/2024\/12\/logo-coopint_HD_3.jpg\",\"contentUrl\":\"https:\/\/www.lejournalci.org\/wp-content\/uploads\/2024\/12\/logo-coopint_HD_3.jpg\",\"width\":700,\"height\":214,\"caption\":\"Cooperation Internationale\"},\"image\":{\"@id\":\"https:\/\/www.lejournalci.org\/#\/schema\/logo\/image\/\"},\"sameAs\":[\"https:\/\/www.facebook.com\/journalCI\/\",\"https:\/\/x.com\/lejournalc\"]},{\"@type\":\"Person\",\"@id\":\"https:\/\/www.lejournalci.org\/#\/schema\/person\/2efe42dc5459aaaf6d89cb27e736002b\",\"name\":\"La R\u00e9daction CI\",\"image\":{\"@type\":\"ImageObject\",\"inLanguage\":\"fr-FR\",\"@id\":\"https:\/\/www.lejournalci.org\/#\/schema\/person\/image\/\",\"url\":\"https:\/\/secure.gravatar.com\/avatar\/e63ab2ab378e283740d8889fbe2ec43fdcee7ac714a480d705f61cb1e5675c4c?s=96&d=mm&r=g\",\"contentUrl\":\"https:\/\/secure.gravatar.com\/avatar\/e63ab2ab378e283740d8889fbe2ec43fdcee7ac714a480d705f61cb1e5675c4c?s=96&d=mm&r=g\",\"caption\":\"La R\u00e9daction CI\"},\"url\":\"https:\/\/www.lejournalci.org\/index.php\/author\/noebricendongyahoo-fr\/\"}]}<\/script>\n<!-- \/ Yoast SEO plugin. -->","yoast_head_json":{"title":"Guin\u00e9e \u00c9quatoriale- Maroc : En visite \u00e0 Malabo,le Pr\u00e9sident du CESE Marocain re\u00e7u par le Pr\u00e9sident Obiang Nguema - Cooperation Internationale","robots":{"index":"index","follow":"follow","max-snippet":"max-snippet:-1","max-image-preview":"max-image-preview:large","max-video-preview":"max-video-preview:-1"},"canonical":"https:\/\/www.lejournalci.org\/index.php\/2025\/10\/15\/guinee-equatoriale-maroc-en-visite-a-malabole-president-du-cese-marocain-recu-par-le-president-obiang-nguema\/","og_locale":"fr_FR","og_type":"article","og_title":"Guin\u00e9e \u00c9quatoriale- Maroc : En visite \u00e0 Malabo,le Pr\u00e9sident du CESE Marocain re\u00e7u par le Pr\u00e9sident Obiang Nguema - Cooperation Internationale","og_description":"Apr\u00e8s la comm\u00e9moration du 57e anniversaire de l&#8217;ind\u00e9pendance nationale, le 12 octobre 2025, le Pr\u00e9sident de la R\u00e9publique de Guin\u00e9e \u00c9quatoriale a accord\u00e9 une audience, \u00e0 Mongomo, \u00e0 une d\u00e9l\u00e9gation du Royaume du Maroc conduite par Abdelkader Amara, Pr\u00e9sident du Conseil \u00e9conomique, social et environnemental (CESE) de ce pays. Au","og_url":"https:\/\/www.lejournalci.org\/index.php\/2025\/10\/15\/guinee-equatoriale-maroc-en-visite-a-malabole-president-du-cese-marocain-recu-par-le-president-obiang-nguema\/","og_site_name":"Cooperation Internationale","article_publisher":"https:\/\/www.facebook.com\/journalCI\/","article_published_time":"2025-10-15T04:53:02+00:00","article_modified_time":"2025-10-15T04:53:58+00:00","og_image":[{"width":2048,"height":1152,"url":"https:\/\/www.lejournalci.org\/wp-content\/uploads\/2025\/10\/1001344622-edited.jpg","type":"image\/jpeg"}],"author":"La R\u00e9daction CI","twitter_card":"summary_large_image","twitter_creator":"@lejournalc","twitter_site":"@lejournalc","twitter_misc":{"\u00c9crit par":"La R\u00e9daction CI","Dur\u00e9e de lecture estim\u00e9e":"2 minutes"},"schema":{"@context":"https:\/\/schema.org","@graph":[{"@type":"Article","@id":"https:\/\/www.lejournalci.org\/index.php\/2025\/10\/15\/guinee-equatoriale-maroc-en-visite-a-malabole-president-du-cese-marocain-recu-par-le-president-obiang-nguema\/#article","isPartOf":{"@id":"https:\/\/www.lejournalci.org\/index.php\/2025\/10\/15\/guinee-equatoriale-maroc-en-visite-a-malabole-president-du-cese-marocain-recu-par-le-president-obiang-nguema\/"},"author":{"name":"La R\u00e9daction CI","@id":"https:\/\/www.lejournalci.org\/#\/schema\/person\/2efe42dc5459aaaf6d89cb27e736002b"},"headline":"Guin\u00e9e \u00c9quatoriale- Maroc : En visite \u00e0 Malabo,le Pr\u00e9sident du CESE Marocain re\u00e7u par le Pr\u00e9sident Obiang Nguema","datePublished":"2025-10-15T04:53:02+00:00","dateModified":"2025-10-15T04:53:58+00:00","mainEntityOfPage":{"@id":"https:\/\/www.lejournalci.org\/index.php\/2025\/10\/15\/guinee-equatoriale-maroc-en-visite-a-malabole-president-du-cese-marocain-recu-par-le-president-obiang-nguema\/"},"wordCount":380,"publisher":{"@id":"https:\/\/www.lejournalci.org\/#organization"},"image":{"@id":"https:\/\/www.lejournalci.org\/index.php\/2025\/10\/15\/guinee-equatoriale-maroc-en-visite-a-malabole-president-du-cese-marocain-recu-par-le-president-obiang-nguema\/#primaryimage"},"thumbnailUrl":"https:\/\/www.lejournalci.org\/wp-content\/uploads\/2025\/10\/1001344622-edited.jpg","articleSection":["DIPLOMATIE"],"inLanguage":"fr-FR"},{"@type":"WebPage","@id":"https:\/\/www.lejournalci.org\/index.php\/2025\/10\/15\/guinee-equatoriale-maroc-en-visite-a-malabole-president-du-cese-marocain-recu-par-le-president-obiang-nguema\/","url":"https:\/\/www.lejournalci.org\/index.php\/2025\/10\/15\/guinee-equatoriale-maroc-en-visite-a-malabole-president-du-cese-marocain-recu-par-le-president-obiang-nguema\/","name":"Guin\u00e9e \u00c9quatoriale- Maroc : En visite \u00e0 Malabo,le Pr\u00e9sident du CESE Marocain re\u00e7u par le Pr\u00e9sident Obiang Nguema - Cooperation Internationale","isPartOf":{"@id":"https:\/\/www.lejournalci.org\/#website"},"primaryImageOfPage":{"@id":"https:\/\/www.lejournalci.org\/index.php\/2025\/10\/15\/guinee-equatoriale-maroc-en-visite-a-malabole-president-du-cese-marocain-recu-par-le-president-obiang-nguema\/#primaryimage"},"image":{"@id":"https:\/\/www.lejournalci.org\/index.php\/2025\/10\/15\/guinee-equatoriale-maroc-en-visite-a-malabole-president-du-cese-marocain-recu-par-le-president-obiang-nguema\/#primaryimage"},"thumbnailUrl":"https:\/\/www.lejournalci.org\/wp-content\/uploads\/2025\/10\/1001344622-edited.jpg","datePublished":"2025-10-15T04:53:02+00:00","dateModified":"2025-10-15T04:53:58+00:00","breadcrumb":{"@id":"https:\/\/www.lejournalci.org\/index.php\/2025\/10\/15\/guinee-equatoriale-maroc-en-visite-a-malabole-president-du-cese-marocain-recu-par-le-president-obiang-nguema\/#breadcrumb"},"inLanguage":"fr-FR","potentialAction":[{"@type":"ReadAction","target":["https:\/\/www.lejournalci.org\/index.php\/2025\/10\/15\/guinee-equatoriale-maroc-en-visite-a-malabole-president-du-cese-marocain-recu-par-le-president-obiang-nguema\/"]}]},{"@type":"ImageObject","inLanguage":"fr-FR","@id":"https:\/\/www.lejournalci.org\/index.php\/2025\/10\/15\/guinee-equatoriale-maroc-en-visite-a-malabole-president-du-cese-marocain-recu-par-le-president-obiang-nguema\/#primaryimage","url":"https:\/\/www.lejournalci.org\/wp-content\/uploads\/2025\/10\/1001344622-edited.jpg","contentUrl":"https:\/\/www.lejournalci.org\/wp-content\/uploads\/2025\/10\/1001344622-edited.jpg","width":2048,"height":1152},{"@type":"BreadcrumbList","@id":"https:\/\/www.lejournalci.org\/index.php\/2025\/10\/15\/guinee-equatoriale-maroc-en-visite-a-malabole-president-du-cese-marocain-recu-par-le-president-obiang-nguema\/#breadcrumb","itemListElement":[{"@type":"ListItem","position":1,"name":"Accueil","item":"https:\/\/www.lejournalci.org\/"},{"@type":"ListItem","position":2,"name":"Guin\u00e9e \u00c9quatoriale- Maroc : En visite \u00e0 Malabo,le Pr\u00e9sident du CESE Marocain re\u00e7u par le Pr\u00e9sident Obiang Nguema"}]},{"@type":"WebSite","@id":"https:\/\/www.lejournalci.org\/#website","url":"https:\/\/www.lejournalci.org\/","name":"Cooperation Internationale","description":"Faire de la Coop\u00e9ration un Puissant Instrument de D\u00e9veloppement","publisher":{"@id":"https:\/\/www.lejournalci.org\/#organization"},"potentialAction":[{"@type":"SearchAction","target":{"@type":"EntryPoint","urlTemplate":"https:\/\/www.lejournalci.org\/?s={search_term_string}"},"query-input":{"@type":"PropertyValueSpecification","valueRequired":true,"valueName":"search_term_string"}}],"inLanguage":"fr-FR"},{"@type":"Organization","@id":"https:\/\/www.lejournalci.org\/#organization","name":"Cooperation Internationale","url":"https:\/\/www.lejournalci.org\/","logo":{"@type":"ImageObject","inLanguage":"fr-FR","@id":"https:\/\/www.lejournalci.org\/#\/schema\/logo\/image\/","url":"https:\/\/www.lejournalci.org\/wp-content\/uploads\/2024\/12\/logo-coopint_HD_3.jpg","contentUrl":"https:\/\/www.lejournalci.org\/wp-content\/uploads\/2024\/12\/logo-coopint_HD_3.jpg","width":700,"height":214,"caption":"Cooperation Internationale"},"image":{"@id":"https:\/\/www.lejournalci.org\/#\/schema\/logo\/image\/"},"sameAs":["https:\/\/www.facebook.com\/journalCI\/","https:\/\/x.com\/lejournalc"]},{"@type":"Person","@id":"https:\/\/www.lejournalci.org\/#\/schema\/person\/2efe42dc5459aaaf6d89cb27e736002b","name":"La R\u00e9daction CI","image":{"@type":"ImageObject","inLanguage":"fr-FR","@id":"https:\/\/www.lejournalci.org\/#\/schema\/person\/image\/","url":"https:\/\/secure.gravatar.com\/avatar\/e63ab2ab378e283740d8889fbe2ec43fdcee7ac714a480d705f61cb1e5675c4c?s=96&d=mm&r=g","contentUrl":"https:\/\/secure.gravatar.com\/avatar\/e63ab2ab378e283740d8889fbe2ec43fdcee7ac714a480d705f61cb1e5675c4c?s=96&d=mm&r=g","caption":"La R\u00e9daction CI"},"url":"https:\/\/www.lejournalci.org\/index.php\/author\/noebricendongyahoo-fr\/"}]}},"jetpack_publicize_connections":[],"jetpack_featured_media_url":"https:\/\/www.lejournalci.org\/wp-content\/uploads\/2025\/10\/1001344622-edited.jpg","jetpack_sharing_enabled":true,"_links":{"self":[{"href":"https:\/\/www.lejournalci.org\/index.php\/wp-json\/wp\/v2\/posts\/9280","targetHints":{"allow":["GET"]}}],"collection":[{"href":"https:\/\/www.lejournalci.org\/index.php\/wp-json\/wp\/v2\/posts"}],"about":[{"href":"https:\/\/www.lejournalci.org\/index.php\/wp-json\/wp\/v2\/types\/post"}],"author":[{"embeddable":true,"href":"https:\/\/www.lejournalci.org\/index.php\/wp-json\/wp\/v2\/users\/3"}],"replies":[{"embeddable":true,"href":"https:\/\/www.lejournalci.org\/index.php\/wp-json\/wp\/v2\/comments?post=9280"}],"version-history":[{"count":2,"href":"https:\/\/www.lejournalci.org\/index.php\/wp-json\/wp\/v2\/posts\/9280\/revisions"}],"predecessor-version":[{"id":9284,"href":"https:\/\/www.lejournalci.org\/index.php\/wp-json\/wp\/v2\/posts\/9280\/revisions\/9284"}],"wp:featuredmedia":[{"embeddable":true,"href":"https:\/\/www.lejournalci.org\/index.php\/wp-json\/wp\/v2\/media\/9282"}],"wp:attachment":[{"href":"https:\/\/www.lejournalci.org\/index.php\/wp-json\/wp\/v2\/media?parent=9280"}],"wp:term":[{"taxonomy":"category","embeddable":true,"href":"https:\/\/www.lejournalci.org\/index.php\/wp-json\/wp\/v2\/categories?post=9280"},{"taxonomy":"post_tag","embeddable":true,"href":"https:\/\/www.lejournalci.org\/index.php\/wp-json\/wp\/v2\/tags?post=9280"}],"curies":[{"name":"wp","href":"https:\/\/api.w.org\/{rel}","templated":true}]}}