{"id":9274,"date":"2025-10-15T04:33:56","date_gmt":"2025-10-15T04:33:56","guid":{"rendered":"https:\/\/www.lejournalci.org\/?p=9274"},"modified":"2025-10-15T04:35:51","modified_gmt":"2025-10-15T04:35:51","slug":"assemblees-annuelles-fmi-banque-mondiale-dr-nacanabo-aboubacar-defend-les-interets-du-burkina-faso-a-washington","status":"publish","type":"post","link":"https:\/\/www.lejournalci.org\/index.php\/2025\/10\/15\/assemblees-annuelles-fmi-banque-mondiale-dr-nacanabo-aboubacar-defend-les-interets-du-burkina-faso-a-washington\/","title":{"rendered":"Assembl\u00e9es Annuelles FMI-Banque Mondiale: Dr NACANABO Aboubacar d\u00e9fend les int\u00e9r\u00eats du Burkina Faso \u00e0 Washington"},"content":{"rendered":"\n<p> En marge des Assembl\u00e9es annuelles 2025 du Fonds mon\u00e9taire international (FMI) et de la Banque mondiale qui se tiennent du 13 au 18 octobre 2025 \u00e0 Washington, le Ministre de l\u2019\u00c9conomie et des Finances du Burkina Faso, Dr Aboubakar NACANABO, a enchain\u00e9 plusieurs rencontres bilat\u00e9rales visant \u00e0 renforcer la coop\u00e9ration entre le Burkina Faso et ces deux principales institutions financi\u00e8res internationales.<\/p>\n\n\n\n<p>Le ministre NACANABO a \u00e9chang\u00e9 avec l\u2019Administrateur de la Banque mondiale, Harold TAVARES. Les discussions ont port\u00e9 sur les perspectives de la coop\u00e9ration entre le Burkina Faso et le Groupe de la Banque mondiale, ainsi que sur les actions en cours pour optimiser l\u2019impact des projets de d\u00e9veloppement financ\u00e9s par l\u2019institution. Le ministre a salu\u00e9 la disponibilit\u00e9 et l\u2019engagement de l\u2019Administrateur \u00e0 d\u00e9fendre les int\u00e9r\u00eats du Burkina Faso au sein de la Banque.<\/p>\n\n\n\n<p>Dans la m\u00eame dynamique, une s\u00e9ance de travail s\u2019est tenue la d\u00e9l\u00e9gation burkinab\u00e8 et l\u2019\u00e9quipe de la Banque mondiale. Cette rencontre a permis de faire le point sur l\u2019\u00e9tat d\u2019avancement du portefeuille des projets, d\u2019identifier les contraintes et de convenir de solutions concr\u00e8tes pour am\u00e9liorer la performance de la coop\u00e9ration.<\/p>\n\n\n\n<p>Le ministre a \u00e9galement \u00e9t\u00e9 re\u00e7u en audience par l\u2019Administrateur du FMI couvrant la juridiction du Burkina Faso, Wautabouna OUATTARA. Les \u00e9changes ont port\u00e9 sur le suivi du partenariat entre le FMI et le Burkina Faso. L\u2019administrateur OUATTARA a r\u00e9it\u00e9r\u00e9 son engagement \u00e0 d\u00e9fendre les int\u00e9r\u00eats du Burkina Faso aupr\u00e8s du Conseil d\u2019administration du FMI.<\/p>\n\n\n\n<p><em>Photo: Ministre Aboubacar NACANABO ( Gauche) et l&#8217;administrateur Banque Mondiale pour le Burkina Faso, M.Tavarez.<\/em><\/p>\n\n\n\n<p><strong>SOURCE: Minist\u00e8re de l&#8217;\u00e9conomie du Burkina Faso.<\/strong><\/p>\n","protected":false},"excerpt":{"rendered":"<p>En marge des Assembl\u00e9es annuelles 2025 du Fonds mon\u00e9taire international (FMI) et de la Banque mondiale qui se tiennent du 13 au 18 octobre 2025 \u00e0 Washington, le Ministre de l\u2019\u00c9conomie et des Finances du Burkina Faso, Dr Aboubakar NACANABO, a enchain\u00e9 plusieurs rencontres bilat\u00e9rales visant \u00e0 renforcer la coop\u00e9ration<\/p>\n","protected":false},"author":3,"featured_media":9276,"comment_status":"closed","ping_status":"open","sticky":false,"template":"","format":"standard","meta":{"colormag_page_container_layout":"default_layout","colormag_page_sidebar_layout":"default_layout","_jetpack_memberships_contains_paid_content":false,"footnotes":"","jetpack_publicize_message":"","jetpack_publicize_feature_enabled":true,"jetpack_social_post_already_shared":true,"jetpack_social_options":{"image_generator_settings":{"template":"highway","default_image_id":0,"font":"","enabled":false},"version":2}},"categories":[52],"tags":[],"class_list":["post-9274","post","type-post","status-publish","format-standard","has-post-thumbnail","hentry","category-economie"],"magazineBlocksPostFeaturedMedia":{"thumbnail":"https:\/\/www.lejournalci.org\/wp-content\/uploads\/2025\/10\/1001344596-edited-150x150.jpg","medium":"https:\/\/www.lejournalci.org\/wp-content\/uploads\/2025\/10\/1001344596-edited-300x169.jpg","medium_large":"https:\/\/www.lejournalci.org\/wp-content\/uploads\/2025\/10\/1001344596-edited-768x432.jpg","large":"https:\/\/www.lejournalci.org\/wp-content\/uploads\/2025\/10\/1001344596-edited.jpg","1536x1536":"https:\/\/www.lejournalci.org\/wp-content\/uploads\/2025\/10\/1001344596-edited.jpg","2048x2048":"https:\/\/www.lejournalci.org\/wp-content\/uploads\/2025\/10\/1001344596-edited.jpg","colormag-highlighted-post":"https:\/\/www.lejournalci.org\/wp-content\/uploads\/2025\/10\/1001344596-edited-392x272.jpg","colormag-featured-post-medium":"https:\/\/www.lejournalci.org\/wp-content\/uploads\/2025\/10\/1001344596-edited-390x205.jpg","colormag-featured-post-small":"https:\/\/www.lejournalci.org\/wp-content\/uploads\/2025\/10\/1001344596-edited-130x90.jpg","colormag-featured-image":"https:\/\/www.lejournalci.org\/wp-content\/uploads\/2025\/10\/1001344596-edited-800x445.jpg","colormag-default-news":"https:\/\/www.lejournalci.org\/wp-content\/uploads\/2025\/10\/1001344596-edited-150x150.jpg","colormag-featured-image-large":"https:\/\/www.lejournalci.org\/wp-content\/uploads\/2025\/10\/1001344596-edited.jpg"},"magazineBlocksPostAuthor":{"name":"La R\u00e9daction CI","avatar":"https:\/\/secure.gravatar.com\/avatar\/e63ab2ab378e283740d8889fbe2ec43fdcee7ac714a480d705f61cb1e5675c4c?s=96&d=mm&r=g"},"magazineBlocksPostCommentsNumber":false,"magazineBlocksPostExcerpt":"En marge des Assembl\u00e9es annuelles 2025 du Fonds mon\u00e9taire international (FMI) et de la Banque mondiale qui se tiennent du 13 au 18 octobre 2025 \u00e0 Washington, le Ministre de l\u2019\u00c9conomie et des Finances du Burkina Faso, Dr Aboubakar NACANABO, a enchain\u00e9 plusieurs rencontres bilat\u00e9rales visant \u00e0 renforcer la coop\u00e9ration","magazineBlocksPostCategories":["ECONOMIE"],"magazineBlocksPostViewCount":403,"magazineBlocksPostReadTime":2,"magazine_blocks_featured_image_url":{"full":["https:\/\/www.lejournalci.org\/wp-content\/uploads\/2025\/10\/1001344596-edited.jpg",1024,576,false],"medium":["https:\/\/www.lejournalci.org\/wp-content\/uploads\/2025\/10\/1001344596-edited-300x169.jpg",300,169,true],"thumbnail":["https:\/\/www.lejournalci.org\/wp-content\/uploads\/2025\/10\/1001344596-edited-150x150.jpg",150,150,true]},"magazine_blocks_author":{"display_name":"La R\u00e9daction CI","author_link":"https:\/\/www.lejournalci.org\/index.php\/author\/noebricendongyahoo-fr\/"},"magazine_blocks_comment":0,"magazine_blocks_author_image":"https:\/\/secure.gravatar.com\/avatar\/e63ab2ab378e283740d8889fbe2ec43fdcee7ac714a480d705f61cb1e5675c4c?s=96&d=mm&r=g","magazine_blocks_category":"<a href=\"#\" class=\"category-link category-link-52\">ECONOMIE<\/a>","yoast_head":"<!-- This site is optimized with the Yoast SEO plugin v26.2 - https:\/\/yoast.com\/wordpress\/plugins\/seo\/ -->\n<title>Assembl\u00e9es Annuelles FMI-Banque Mondiale: Dr NACANABO Aboubacar d\u00e9fend les int\u00e9r\u00eats du Burkina Faso \u00e0 Washington - Cooperation Internationale<\/title>\n<meta name=\"robots\" content=\"index, follow, max-snippet:-1, max-image-preview:large, max-video-preview:-1\" \/>\n<link rel=\"canonical\" href=\"https:\/\/www.lejournalci.org\/index.php\/2025\/10\/15\/assemblees-annuelles-fmi-banque-mondiale-dr-nacanabo-aboubacar-defend-les-interets-du-burkina-faso-a-washington\/\" \/>\n<meta property=\"og:locale\" content=\"fr_FR\" \/>\n<meta property=\"og:type\" content=\"article\" \/>\n<meta property=\"og:title\" content=\"Assembl\u00e9es Annuelles FMI-Banque Mondiale: Dr NACANABO Aboubacar d\u00e9fend les int\u00e9r\u00eats du Burkina Faso \u00e0 Washington - Cooperation Internationale\" \/>\n<meta property=\"og:description\" content=\"En marge des Assembl\u00e9es annuelles 2025 du Fonds mon\u00e9taire international (FMI) et de la Banque mondiale qui se tiennent du 13 au 18 octobre 2025 \u00e0 Washington, le Ministre de l\u2019\u00c9conomie et des Finances du Burkina Faso, Dr Aboubakar NACANABO, a enchain\u00e9 plusieurs rencontres bilat\u00e9rales visant \u00e0 renforcer la coop\u00e9ration\" \/>\n<meta property=\"og:url\" content=\"https:\/\/www.lejournalci.org\/index.php\/2025\/10\/15\/assemblees-annuelles-fmi-banque-mondiale-dr-nacanabo-aboubacar-defend-les-interets-du-burkina-faso-a-washington\/\" \/>\n<meta property=\"og:site_name\" content=\"Cooperation Internationale\" \/>\n<meta property=\"article:publisher\" content=\"https:\/\/www.facebook.com\/journalCI\/\" \/>\n<meta property=\"article:published_time\" content=\"2025-10-15T04:33:56+00:00\" \/>\n<meta property=\"article:modified_time\" content=\"2025-10-15T04:35:51+00:00\" \/>\n<meta property=\"og:image\" content=\"https:\/\/www.lejournalci.org\/wp-content\/uploads\/2025\/10\/1001344596-edited.jpg\" \/>\n\t<meta property=\"og:image:width\" content=\"1024\" \/>\n\t<meta property=\"og:image:height\" content=\"576\" \/>\n\t<meta property=\"og:image:type\" content=\"image\/jpeg\" \/>\n<meta name=\"author\" content=\"La R\u00e9daction CI\" \/>\n<meta name=\"twitter:card\" content=\"summary_large_image\" \/>\n<meta name=\"twitter:creator\" content=\"@lejournalc\" \/>\n<meta name=\"twitter:site\" content=\"@lejournalc\" \/>\n<meta name=\"twitter:label1\" content=\"\u00c9crit par\" \/>\n\t<meta name=\"twitter:data1\" content=\"La R\u00e9daction CI\" \/>\n\t<meta name=\"twitter:label2\" content=\"Dur\u00e9e de lecture estim\u00e9e\" \/>\n\t<meta name=\"twitter:data2\" content=\"2 minutes\" \/>\n<script type=\"application\/ld+json\" class=\"yoast-schema-graph\">{\"@context\":\"https:\/\/schema.org\",\"@graph\":[{\"@type\":\"Article\",\"@id\":\"https:\/\/www.lejournalci.org\/index.php\/2025\/10\/15\/assemblees-annuelles-fmi-banque-mondiale-dr-nacanabo-aboubacar-defend-les-interets-du-burkina-faso-a-washington\/#article\",\"isPartOf\":{\"@id\":\"https:\/\/www.lejournalci.org\/index.php\/2025\/10\/15\/assemblees-annuelles-fmi-banque-mondiale-dr-nacanabo-aboubacar-defend-les-interets-du-burkina-faso-a-washington\/\"},\"author\":{\"name\":\"La R\u00e9daction CI\",\"@id\":\"https:\/\/www.lejournalci.org\/#\/schema\/person\/2efe42dc5459aaaf6d89cb27e736002b\"},\"headline\":\"Assembl\u00e9es Annuelles FMI-Banque Mondiale: Dr NACANABO Aboubacar d\u00e9fend les int\u00e9r\u00eats du Burkina Faso \u00e0 Washington\",\"datePublished\":\"2025-10-15T04:33:56+00:00\",\"dateModified\":\"2025-10-15T04:35:51+00:00\",\"mainEntityOfPage\":{\"@id\":\"https:\/\/www.lejournalci.org\/index.php\/2025\/10\/15\/assemblees-annuelles-fmi-banque-mondiale-dr-nacanabo-aboubacar-defend-les-interets-du-burkina-faso-a-washington\/\"},\"wordCount\":313,\"publisher\":{\"@id\":\"https:\/\/www.lejournalci.org\/#organization\"},\"image\":{\"@id\":\"https:\/\/www.lejournalci.org\/index.php\/2025\/10\/15\/assemblees-annuelles-fmi-banque-mondiale-dr-nacanabo-aboubacar-defend-les-interets-du-burkina-faso-a-washington\/#primaryimage\"},\"thumbnailUrl\":\"https:\/\/www.lejournalci.org\/wp-content\/uploads\/2025\/10\/1001344596-edited.jpg\",\"articleSection\":[\"ECONOMIE\"],\"inLanguage\":\"fr-FR\"},{\"@type\":\"WebPage\",\"@id\":\"https:\/\/www.lejournalci.org\/index.php\/2025\/10\/15\/assemblees-annuelles-fmi-banque-mondiale-dr-nacanabo-aboubacar-defend-les-interets-du-burkina-faso-a-washington\/\",\"url\":\"https:\/\/www.lejournalci.org\/index.php\/2025\/10\/15\/assemblees-annuelles-fmi-banque-mondiale-dr-nacanabo-aboubacar-defend-les-interets-du-burkina-faso-a-washington\/\",\"name\":\"Assembl\u00e9es Annuelles FMI-Banque Mondiale: Dr NACANABO Aboubacar d\u00e9fend les int\u00e9r\u00eats du Burkina Faso \u00e0 Washington - Cooperation Internationale\",\"isPartOf\":{\"@id\":\"https:\/\/www.lejournalci.org\/#website\"},\"primaryImageOfPage\":{\"@id\":\"https:\/\/www.lejournalci.org\/index.php\/2025\/10\/15\/assemblees-annuelles-fmi-banque-mondiale-dr-nacanabo-aboubacar-defend-les-interets-du-burkina-faso-a-washington\/#primaryimage\"},\"image\":{\"@id\":\"https:\/\/www.lejournalci.org\/index.php\/2025\/10\/15\/assemblees-annuelles-fmi-banque-mondiale-dr-nacanabo-aboubacar-defend-les-interets-du-burkina-faso-a-washington\/#primaryimage\"},\"thumbnailUrl\":\"https:\/\/www.lejournalci.org\/wp-content\/uploads\/2025\/10\/1001344596-edited.jpg\",\"datePublished\":\"2025-10-15T04:33:56+00:00\",\"dateModified\":\"2025-10-15T04:35:51+00:00\",\"breadcrumb\":{\"@id\":\"https:\/\/www.lejournalci.org\/index.php\/2025\/10\/15\/assemblees-annuelles-fmi-banque-mondiale-dr-nacanabo-aboubacar-defend-les-interets-du-burkina-faso-a-washington\/#breadcrumb\"},\"inLanguage\":\"fr-FR\",\"potentialAction\":[{\"@type\":\"ReadAction\",\"target\":[\"https:\/\/www.lejournalci.org\/index.php\/2025\/10\/15\/assemblees-annuelles-fmi-banque-mondiale-dr-nacanabo-aboubacar-defend-les-interets-du-burkina-faso-a-washington\/\"]}]},{\"@type\":\"ImageObject\",\"inLanguage\":\"fr-FR\",\"@id\":\"https:\/\/www.lejournalci.org\/index.php\/2025\/10\/15\/assemblees-annuelles-fmi-banque-mondiale-dr-nacanabo-aboubacar-defend-les-interets-du-burkina-faso-a-washington\/#primaryimage\",\"url\":\"https:\/\/www.lejournalci.org\/wp-content\/uploads\/2025\/10\/1001344596-edited.jpg\",\"contentUrl\":\"https:\/\/www.lejournalci.org\/wp-content\/uploads\/2025\/10\/1001344596-edited.jpg\",\"width\":1024,\"height\":576},{\"@type\":\"BreadcrumbList\",\"@id\":\"https:\/\/www.lejournalci.org\/index.php\/2025\/10\/15\/assemblees-annuelles-fmi-banque-mondiale-dr-nacanabo-aboubacar-defend-les-interets-du-burkina-faso-a-washington\/#breadcrumb\",\"itemListElement\":[{\"@type\":\"ListItem\",\"position\":1,\"name\":\"Accueil\",\"item\":\"https:\/\/www.lejournalci.org\/\"},{\"@type\":\"ListItem\",\"position\":2,\"name\":\"Assembl\u00e9es Annuelles FMI-Banque Mondiale: Dr NACANABO Aboubacar d\u00e9fend les int\u00e9r\u00eats du Burkina Faso \u00e0 Washington\"}]},{\"@type\":\"WebSite\",\"@id\":\"https:\/\/www.lejournalci.org\/#website\",\"url\":\"https:\/\/www.lejournalci.org\/\",\"name\":\"Cooperation Internationale\",\"description\":\"Faire de la Coop\u00e9ration un Puissant Instrument de D\u00e9veloppement\",\"publisher\":{\"@id\":\"https:\/\/www.lejournalci.org\/#organization\"},\"potentialAction\":[{\"@type\":\"SearchAction\",\"target\":{\"@type\":\"EntryPoint\",\"urlTemplate\":\"https:\/\/www.lejournalci.org\/?s={search_term_string}\"},\"query-input\":{\"@type\":\"PropertyValueSpecification\",\"valueRequired\":true,\"valueName\":\"search_term_string\"}}],\"inLanguage\":\"fr-FR\"},{\"@type\":\"Organization\",\"@id\":\"https:\/\/www.lejournalci.org\/#organization\",\"name\":\"Cooperation Internationale\",\"url\":\"https:\/\/www.lejournalci.org\/\",\"logo\":{\"@type\":\"ImageObject\",\"inLanguage\":\"fr-FR\",\"@id\":\"https:\/\/www.lejournalci.org\/#\/schema\/logo\/image\/\",\"url\":\"https:\/\/www.lejournalci.org\/wp-content\/uploads\/2024\/12\/logo-coopint_HD_3.jpg\",\"contentUrl\":\"https:\/\/www.lejournalci.org\/wp-content\/uploads\/2024\/12\/logo-coopint_HD_3.jpg\",\"width\":700,\"height\":214,\"caption\":\"Cooperation Internationale\"},\"image\":{\"@id\":\"https:\/\/www.lejournalci.org\/#\/schema\/logo\/image\/\"},\"sameAs\":[\"https:\/\/www.facebook.com\/journalCI\/\",\"https:\/\/x.com\/lejournalc\"]},{\"@type\":\"Person\",\"@id\":\"https:\/\/www.lejournalci.org\/#\/schema\/person\/2efe42dc5459aaaf6d89cb27e736002b\",\"name\":\"La R\u00e9daction CI\",\"image\":{\"@type\":\"ImageObject\",\"inLanguage\":\"fr-FR\",\"@id\":\"https:\/\/www.lejournalci.org\/#\/schema\/person\/image\/\",\"url\":\"https:\/\/secure.gravatar.com\/avatar\/e63ab2ab378e283740d8889fbe2ec43fdcee7ac714a480d705f61cb1e5675c4c?s=96&d=mm&r=g\",\"contentUrl\":\"https:\/\/secure.gravatar.com\/avatar\/e63ab2ab378e283740d8889fbe2ec43fdcee7ac714a480d705f61cb1e5675c4c?s=96&d=mm&r=g\",\"caption\":\"La R\u00e9daction CI\"},\"url\":\"https:\/\/www.lejournalci.org\/index.php\/author\/noebricendongyahoo-fr\/\"}]}<\/script>\n<!-- \/ Yoast SEO plugin. -->","yoast_head_json":{"title":"Assembl\u00e9es Annuelles FMI-Banque Mondiale: Dr NACANABO Aboubacar d\u00e9fend les int\u00e9r\u00eats du Burkina Faso \u00e0 Washington - Cooperation Internationale","robots":{"index":"index","follow":"follow","max-snippet":"max-snippet:-1","max-image-preview":"max-image-preview:large","max-video-preview":"max-video-preview:-1"},"canonical":"https:\/\/www.lejournalci.org\/index.php\/2025\/10\/15\/assemblees-annuelles-fmi-banque-mondiale-dr-nacanabo-aboubacar-defend-les-interets-du-burkina-faso-a-washington\/","og_locale":"fr_FR","og_type":"article","og_title":"Assembl\u00e9es Annuelles FMI-Banque Mondiale: Dr NACANABO Aboubacar d\u00e9fend les int\u00e9r\u00eats du Burkina Faso \u00e0 Washington - Cooperation Internationale","og_description":"En marge des Assembl\u00e9es annuelles 2025 du Fonds mon\u00e9taire international (FMI) et de la Banque mondiale qui se tiennent du 13 au 18 octobre 2025 \u00e0 Washington, le Ministre de l\u2019\u00c9conomie et des Finances du Burkina Faso, Dr Aboubakar NACANABO, a enchain\u00e9 plusieurs rencontres bilat\u00e9rales visant \u00e0 renforcer la coop\u00e9ration","og_url":"https:\/\/www.lejournalci.org\/index.php\/2025\/10\/15\/assemblees-annuelles-fmi-banque-mondiale-dr-nacanabo-aboubacar-defend-les-interets-du-burkina-faso-a-washington\/","og_site_name":"Cooperation Internationale","article_publisher":"https:\/\/www.facebook.com\/journalCI\/","article_published_time":"2025-10-15T04:33:56+00:00","article_modified_time":"2025-10-15T04:35:51+00:00","og_image":[{"width":1024,"height":576,"url":"https:\/\/www.lejournalci.org\/wp-content\/uploads\/2025\/10\/1001344596-edited.jpg","type":"image\/jpeg"}],"author":"La R\u00e9daction CI","twitter_card":"summary_large_image","twitter_creator":"@lejournalc","twitter_site":"@lejournalc","twitter_misc":{"\u00c9crit par":"La R\u00e9daction CI","Dur\u00e9e de lecture estim\u00e9e":"2 minutes"},"schema":{"@context":"https:\/\/schema.org","@graph":[{"@type":"Article","@id":"https:\/\/www.lejournalci.org\/index.php\/2025\/10\/15\/assemblees-annuelles-fmi-banque-mondiale-dr-nacanabo-aboubacar-defend-les-interets-du-burkina-faso-a-washington\/#article","isPartOf":{"@id":"https:\/\/www.lejournalci.org\/index.php\/2025\/10\/15\/assemblees-annuelles-fmi-banque-mondiale-dr-nacanabo-aboubacar-defend-les-interets-du-burkina-faso-a-washington\/"},"author":{"name":"La R\u00e9daction CI","@id":"https:\/\/www.lejournalci.org\/#\/schema\/person\/2efe42dc5459aaaf6d89cb27e736002b"},"headline":"Assembl\u00e9es Annuelles FMI-Banque Mondiale: Dr NACANABO Aboubacar d\u00e9fend les int\u00e9r\u00eats du Burkina Faso \u00e0 Washington","datePublished":"2025-10-15T04:33:56+00:00","dateModified":"2025-10-15T04:35:51+00:00","mainEntityOfPage":{"@id":"https:\/\/www.lejournalci.org\/index.php\/2025\/10\/15\/assemblees-annuelles-fmi-banque-mondiale-dr-nacanabo-aboubacar-defend-les-interets-du-burkina-faso-a-washington\/"},"wordCount":313,"publisher":{"@id":"https:\/\/www.lejournalci.org\/#organization"},"image":{"@id":"https:\/\/www.lejournalci.org\/index.php\/2025\/10\/15\/assemblees-annuelles-fmi-banque-mondiale-dr-nacanabo-aboubacar-defend-les-interets-du-burkina-faso-a-washington\/#primaryimage"},"thumbnailUrl":"https:\/\/www.lejournalci.org\/wp-content\/uploads\/2025\/10\/1001344596-edited.jpg","articleSection":["ECONOMIE"],"inLanguage":"fr-FR"},{"@type":"WebPage","@id":"https:\/\/www.lejournalci.org\/index.php\/2025\/10\/15\/assemblees-annuelles-fmi-banque-mondiale-dr-nacanabo-aboubacar-defend-les-interets-du-burkina-faso-a-washington\/","url":"https:\/\/www.lejournalci.org\/index.php\/2025\/10\/15\/assemblees-annuelles-fmi-banque-mondiale-dr-nacanabo-aboubacar-defend-les-interets-du-burkina-faso-a-washington\/","name":"Assembl\u00e9es Annuelles FMI-Banque Mondiale: Dr NACANABO Aboubacar d\u00e9fend les int\u00e9r\u00eats du Burkina Faso \u00e0 Washington - Cooperation Internationale","isPartOf":{"@id":"https:\/\/www.lejournalci.org\/#website"},"primaryImageOfPage":{"@id":"https:\/\/www.lejournalci.org\/index.php\/2025\/10\/15\/assemblees-annuelles-fmi-banque-mondiale-dr-nacanabo-aboubacar-defend-les-interets-du-burkina-faso-a-washington\/#primaryimage"},"image":{"@id":"https:\/\/www.lejournalci.org\/index.php\/2025\/10\/15\/assemblees-annuelles-fmi-banque-mondiale-dr-nacanabo-aboubacar-defend-les-interets-du-burkina-faso-a-washington\/#primaryimage"},"thumbnailUrl":"https:\/\/www.lejournalci.org\/wp-content\/uploads\/2025\/10\/1001344596-edited.jpg","datePublished":"2025-10-15T04:33:56+00:00","dateModified":"2025-10-15T04:35:51+00:00","breadcrumb":{"@id":"https:\/\/www.lejournalci.org\/index.php\/2025\/10\/15\/assemblees-annuelles-fmi-banque-mondiale-dr-nacanabo-aboubacar-defend-les-interets-du-burkina-faso-a-washington\/#breadcrumb"},"inLanguage":"fr-FR","potentialAction":[{"@type":"ReadAction","target":["https:\/\/www.lejournalci.org\/index.php\/2025\/10\/15\/assemblees-annuelles-fmi-banque-mondiale-dr-nacanabo-aboubacar-defend-les-interets-du-burkina-faso-a-washington\/"]}]},{"@type":"ImageObject","inLanguage":"fr-FR","@id":"https:\/\/www.lejournalci.org\/index.php\/2025\/10\/15\/assemblees-annuelles-fmi-banque-mondiale-dr-nacanabo-aboubacar-defend-les-interets-du-burkina-faso-a-washington\/#primaryimage","url":"https:\/\/www.lejournalci.org\/wp-content\/uploads\/2025\/10\/1001344596-edited.jpg","contentUrl":"https:\/\/www.lejournalci.org\/wp-content\/uploads\/2025\/10\/1001344596-edited.jpg","width":1024,"height":576},{"@type":"BreadcrumbList","@id":"https:\/\/www.lejournalci.org\/index.php\/2025\/10\/15\/assemblees-annuelles-fmi-banque-mondiale-dr-nacanabo-aboubacar-defend-les-interets-du-burkina-faso-a-washington\/#breadcrumb","itemListElement":[{"@type":"ListItem","position":1,"name":"Accueil","item":"https:\/\/www.lejournalci.org\/"},{"@type":"ListItem","position":2,"name":"Assembl\u00e9es Annuelles FMI-Banque Mondiale: Dr NACANABO Aboubacar d\u00e9fend les int\u00e9r\u00eats du Burkina Faso \u00e0 Washington"}]},{"@type":"WebSite","@id":"https:\/\/www.lejournalci.org\/#website","url":"https:\/\/www.lejournalci.org\/","name":"Cooperation Internationale","description":"Faire de la Coop\u00e9ration un Puissant Instrument de D\u00e9veloppement","publisher":{"@id":"https:\/\/www.lejournalci.org\/#organization"},"potentialAction":[{"@type":"SearchAction","target":{"@type":"EntryPoint","urlTemplate":"https:\/\/www.lejournalci.org\/?s={search_term_string}"},"query-input":{"@type":"PropertyValueSpecification","valueRequired":true,"valueName":"search_term_string"}}],"inLanguage":"fr-FR"},{"@type":"Organization","@id":"https:\/\/www.lejournalci.org\/#organization","name":"Cooperation Internationale","url":"https:\/\/www.lejournalci.org\/","logo":{"@type":"ImageObject","inLanguage":"fr-FR","@id":"https:\/\/www.lejournalci.org\/#\/schema\/logo\/image\/","url":"https:\/\/www.lejournalci.org\/wp-content\/uploads\/2024\/12\/logo-coopint_HD_3.jpg","contentUrl":"https:\/\/www.lejournalci.org\/wp-content\/uploads\/2024\/12\/logo-coopint_HD_3.jpg","width":700,"height":214,"caption":"Cooperation Internationale"},"image":{"@id":"https:\/\/www.lejournalci.org\/#\/schema\/logo\/image\/"},"sameAs":["https:\/\/www.facebook.com\/journalCI\/","https:\/\/x.com\/lejournalc"]},{"@type":"Person","@id":"https:\/\/www.lejournalci.org\/#\/schema\/person\/2efe42dc5459aaaf6d89cb27e736002b","name":"La R\u00e9daction CI","image":{"@type":"ImageObject","inLanguage":"fr-FR","@id":"https:\/\/www.lejournalci.org\/#\/schema\/person\/image\/","url":"https:\/\/secure.gravatar.com\/avatar\/e63ab2ab378e283740d8889fbe2ec43fdcee7ac714a480d705f61cb1e5675c4c?s=96&d=mm&r=g","contentUrl":"https:\/\/secure.gravatar.com\/avatar\/e63ab2ab378e283740d8889fbe2ec43fdcee7ac714a480d705f61cb1e5675c4c?s=96&d=mm&r=g","caption":"La R\u00e9daction CI"},"url":"https:\/\/www.lejournalci.org\/index.php\/author\/noebricendongyahoo-fr\/"}]}},"jetpack_publicize_connections":[],"jetpack_featured_media_url":"https:\/\/www.lejournalci.org\/wp-content\/uploads\/2025\/10\/1001344596-edited.jpg","jetpack_sharing_enabled":true,"_links":{"self":[{"href":"https:\/\/www.lejournalci.org\/index.php\/wp-json\/wp\/v2\/posts\/9274","targetHints":{"allow":["GET"]}}],"collection":[{"href":"https:\/\/www.lejournalci.org\/index.php\/wp-json\/wp\/v2\/posts"}],"about":[{"href":"https:\/\/www.lejournalci.org\/index.php\/wp-json\/wp\/v2\/types\/post"}],"author":[{"embeddable":true,"href":"https:\/\/www.lejournalci.org\/index.php\/wp-json\/wp\/v2\/users\/3"}],"replies":[{"embeddable":true,"href":"https:\/\/www.lejournalci.org\/index.php\/wp-json\/wp\/v2\/comments?post=9274"}],"version-history":[{"count":2,"href":"https:\/\/www.lejournalci.org\/index.php\/wp-json\/wp\/v2\/posts\/9274\/revisions"}],"predecessor-version":[{"id":9279,"href":"https:\/\/www.lejournalci.org\/index.php\/wp-json\/wp\/v2\/posts\/9274\/revisions\/9279"}],"wp:featuredmedia":[{"embeddable":true,"href":"https:\/\/www.lejournalci.org\/index.php\/wp-json\/wp\/v2\/media\/9276"}],"wp:attachment":[{"href":"https:\/\/www.lejournalci.org\/index.php\/wp-json\/wp\/v2\/media?parent=9274"}],"wp:term":[{"taxonomy":"category","embeddable":true,"href":"https:\/\/www.lejournalci.org\/index.php\/wp-json\/wp\/v2\/categories?post=9274"},{"taxonomy":"post_tag","embeddable":true,"href":"https:\/\/www.lejournalci.org\/index.php\/wp-json\/wp\/v2\/tags?post=9274"}],"curies":[{"name":"wp","href":"https:\/\/api.w.org\/{rel}","templated":true}]}}