{"id":9265,"date":"2025-10-14T16:33:17","date_gmt":"2025-10-14T16:33:17","guid":{"rendered":"https:\/\/www.lejournalci.org\/?p=9265"},"modified":"2025-10-14T16:33:19","modified_gmt":"2025-10-14T16:33:19","slug":"ghana-burkina-faso-ouverture-de-la-reunion-preparatoire-de-la-13eme-commission-mixte-de-cooperation","status":"publish","type":"post","link":"https:\/\/www.lejournalci.org\/index.php\/2025\/10\/14\/ghana-burkina-faso-ouverture-de-la-reunion-preparatoire-de-la-13eme-commission-mixte-de-cooperation\/","title":{"rendered":"Ghana &#8211; Burkina Faso : Ouverture de la R\u00e9union Pr\u00e9paratoire de la 13eme Commission Mixte de Coop\u00e9ration"},"content":{"rendered":"\n<p><strong>Une importante r\u00e9union des experts de la R\u00e9publique du Burkina Faso et du Ghana se tient \u00e0 Ouagadougou pour peaufiner les futurs projets d\u2019accords de coop\u00e9ration.<\/strong><\/p>\n\n\n\n<p>La r\u00e9union des experts burkinab\u00e8 et ghan\u00e9ens dans le cadre de la 13e grande Commission mixte de coop\u00e9ration entre le Burkina Faso et la R\u00e9publique du Ghana s\u2019est ouverte ce mardi 14 octobre 2025 \u00e0 Ouagadougou. Les travaux de cette r\u00e9union pr\u00e9paratoire vont se focaliser sp\u00e9cifiquement sur l\u2019examen de la mise en \u0153uvre des recommandations et des accords sign\u00e9s lors de la 12e session tenue Accra en 2018.<\/p>\n\n\n\n<p>Les experts devront \u00e9galement se pencher sur les nouveaux projets d\u2019accords de coop\u00e9ration, ainsi que l\u2019\u00e9laboration et la validation des projets de documents officiels. Dans le fond, ils vont passer en revue les principaux volets de la coop\u00e9ration entre le Ghana et le Burkina Faso, portant sur des domaines tels que la diplomatie, la s\u00e9curit\u00e9, l\u2019\u00e9conomie, les mines, l\u2019urbanisme, le transport, les technologies de l\u2019information et de la communication, la culture et le tourisme, etc.<\/p>\n\n\n\n<p>La r\u00e9union des experts est co-pr\u00e9sid\u00e9e par l\u2019Ambassadeur, Conseiller technique Saidou ZONGO, chef de la d\u00e9l\u00e9gation du Burkina Faso et l\u2019Ambassadeur Alexander Grant NTRAKWA, Directeur g\u00e9n\u00e9ral des Affaires \u00e9trang\u00e8res du Ghana et chef de d\u00e9l\u00e9gation de ce pays.<\/p>\n\n\n\n<p>Dans son allocution introductive, le chef de la d\u00e9l\u00e9gation du Ghana a exprim\u00e9 la gratitude du peuple et des autorit\u00e9s ghan\u00e9ens \u00e0 l\u2019\u00e9gard du Burkina Faso. Il a salu\u00e9 cette grande opportunit\u00e9 offerte aux deux pays pour dynamiser leur coop\u00e9ration.<\/p>\n\n\n\n<p><strong><em>\u00ab La r\u00e9union repr\u00e9sente un tournant d\u00e9cisif pour notre engagement partag\u00e9 pour renforcer nos relations bilat\u00e9rales et permettre une coop\u00e9ration b\u00e9n\u00e9fique pour nous tous \u00bb, a d\u00e9clar\u00e9 l\u2019Ambassadeur Alexander Grant NTRAKWA<\/em><\/strong><\/p>\n\n\n\n<p>Il poursuit en indiquant que \u00ab <strong><em>cette commission conjointe est une plateforme strat\u00e9gique \u00e0 travers laquelle nos deux pays continuent de consolider et d\u2019\u00e9tendre leur coop\u00e9ration dans les domaines cl\u00e9s. <\/em><\/strong>\u00bb<\/p>\n\n\n\n<p>Pronon\u00e7ant le discours d\u2019ouverture de cette r\u00e9union, Monsieur l\u2019Ambassadeur Saidou ZONGO a souhait\u00e9 la bienvenue \u00e0 l\u2019\u00e9quipe des experts ghan\u00e9ens tout en saluant l\u2019engagement du Ghana pour la tenue effective de cette r\u00e9union.<\/p>\n\n\n\n<p>Il a indiqu\u00e9 que ce cadre de travail vient mat\u00e9rialiser la volont\u00e9 affirm\u00e9e de SE le Capitaine Ibrahim TRAORE, Pr\u00e9sident du Faso Chef de l\u2019Etat et de SEM John Dramani MAHAMA, Pr\u00e9sident de la R\u00e9publique du Ghana, qui est d\u2019insuffler une nouvelle dynamique \u00e0 la coop\u00e9ration entre les deux pays.<\/p>\n\n\n\n<figure class=\"wp-block-image size-large\"><img loading=\"lazy\" decoding=\"async\" width=\"2048\" height=\"1151\" src=\"https:\/\/www.lejournalci.org\/wp-content\/uploads\/2025\/10\/1001343058-edited.jpg\" alt=\"\" class=\"wp-image-9271\" srcset=\"https:\/\/www.lejournalci.org\/wp-content\/uploads\/2025\/10\/1001343058-edited.jpg 2048w, https:\/\/www.lejournalci.org\/wp-content\/uploads\/2025\/10\/1001343058-edited-300x169.jpg 300w, https:\/\/www.lejournalci.org\/wp-content\/uploads\/2025\/10\/1001343058-edited-1024x576.jpg 1024w, https:\/\/www.lejournalci.org\/wp-content\/uploads\/2025\/10\/1001343058-edited-768x432.jpg 768w, https:\/\/www.lejournalci.org\/wp-content\/uploads\/2025\/10\/1001343058-edited-1536x863.jpg 1536w\" sizes=\"auto, (max-width: 2048px) 100vw, 2048px\" \/><\/figure>\n\n\n\n<p>\u00ab <strong><em>Pour faire \u00e9cho \u00e0 la volont\u00e9 fortement affich\u00e9e par nos deux Chefs d\u2019Etat et leur vision commune de d\u00e9veloppement solidaire, il nous incombe de travailler pour des relations de coop\u00e9ration plus dynamiques et davantage b\u00e9n\u00e9fiques \u00e0 nos populations respectives \u00bb a <\/em><\/strong>d\u00e9clar\u00e9 le chef de la d\u00e9l\u00e9gation burkinab\u00e8.<\/p>\n\n\n\n<p>Pour terminer, l\u2019Ambassadeur Saidou ZONGO a soutenu que \u00ab <strong><em>nos pays ont les capacit\u00e9s et les ressources pour consolider leur coop\u00e9ration dans tous les domaines au profit de nos deux peuples. L&#8217;heure est donc \u00e0 l&#8217;action et au pragmatisme pour mutualiser nos efforts en vue de faire de la coop\u00e9ration entre le Ghana et le Burkina Faso, un bel exemple de coop\u00e9ration sud-sud. \u00bb<\/em><\/strong><\/p>\n\n\n\n<p>De ces trois journ\u00e9es de discussions, les d\u00e9l\u00e9gations burkinab\u00e8 et ghan\u00e9enne ont exprim\u00e9 de fortes attentes, afin de consolider les liens d\u2019amiti\u00e9 et de coop\u00e9ration entre le Burkina Faso et le Ghana.<\/p>\n\n\n\n<p><strong><em>SOURCE: Minist\u00e8re des Affaires \u00c9trang\u00e8res du Burkina Faso.<\/em><\/strong><\/p>\n","protected":false},"excerpt":{"rendered":"<p>Une importante r\u00e9union des experts de la R\u00e9publique du Burkina Faso et du Ghana se tient \u00e0 Ouagadougou pour peaufiner les futurs projets d\u2019accords de coop\u00e9ration. La r\u00e9union des experts burkinab\u00e8 et ghan\u00e9ens dans le cadre de la 13e grande Commission mixte de coop\u00e9ration entre le Burkina Faso et la<\/p>\n","protected":false},"author":3,"featured_media":9269,"comment_status":"closed","ping_status":"open","sticky":false,"template":"","format":"standard","meta":{"colormag_page_container_layout":"default_layout","colormag_page_sidebar_layout":"default_layout","_jetpack_memberships_contains_paid_content":false,"footnotes":"","jetpack_publicize_message":"","jetpack_publicize_feature_enabled":true,"jetpack_social_post_already_shared":true,"jetpack_social_options":{"image_generator_settings":{"template":"highway","default_image_id":0,"font":"","enabled":false},"version":2}},"categories":[50],"tags":[],"class_list":["post-9265","post","type-post","status-publish","format-standard","has-post-thumbnail","hentry","category-cooperation"],"magazineBlocksPostFeaturedMedia":{"thumbnail":"https:\/\/www.lejournalci.org\/wp-content\/uploads\/2025\/10\/1001343057-edited-150x150.jpg","medium":"https:\/\/www.lejournalci.org\/wp-content\/uploads\/2025\/10\/1001343057-edited-300x169.jpg","medium_large":"https:\/\/www.lejournalci.org\/wp-content\/uploads\/2025\/10\/1001343057-edited-768x432.jpg","large":"https:\/\/www.lejournalci.org\/wp-content\/uploads\/2025\/10\/1001343057-edited-1024x576.jpg","1536x1536":"https:\/\/www.lejournalci.org\/wp-content\/uploads\/2025\/10\/1001343057-edited-1536x863.jpg","2048x2048":"https:\/\/www.lejournalci.org\/wp-content\/uploads\/2025\/10\/1001343057-edited.jpg","colormag-highlighted-post":"https:\/\/www.lejournalci.org\/wp-content\/uploads\/2025\/10\/1001343057-edited-392x272.jpg","colormag-featured-post-medium":"https:\/\/www.lejournalci.org\/wp-content\/uploads\/2025\/10\/1001343057-edited-390x205.jpg","colormag-featured-post-small":"https:\/\/www.lejournalci.org\/wp-content\/uploads\/2025\/10\/1001343057-edited-130x90.jpg","colormag-featured-image":"https:\/\/www.lejournalci.org\/wp-content\/uploads\/2025\/10\/1001343057-edited-800x445.jpg","colormag-default-news":"https:\/\/www.lejournalci.org\/wp-content\/uploads\/2025\/10\/1001343057-edited-150x150.jpg","colormag-featured-image-large":"https:\/\/www.lejournalci.org\/wp-content\/uploads\/2025\/10\/1001343057-edited-1400x600.jpg"},"magazineBlocksPostAuthor":{"name":"La R\u00e9daction CI","avatar":"https:\/\/secure.gravatar.com\/avatar\/e63ab2ab378e283740d8889fbe2ec43fdcee7ac714a480d705f61cb1e5675c4c?s=96&d=mm&r=g"},"magazineBlocksPostCommentsNumber":false,"magazineBlocksPostExcerpt":"Une importante r\u00e9union des experts de la R\u00e9publique du Burkina Faso et du Ghana se tient \u00e0 Ouagadougou pour peaufiner les futurs projets d\u2019accords de coop\u00e9ration. La r\u00e9union des experts burkinab\u00e8 et ghan\u00e9ens dans le cadre de la 13e grande Commission mixte de coop\u00e9ration entre le Burkina Faso et la","magazineBlocksPostCategories":["COOPERATION"],"magazineBlocksPostViewCount":508,"magazineBlocksPostReadTime":4,"magazine_blocks_featured_image_url":{"full":["https:\/\/www.lejournalci.org\/wp-content\/uploads\/2025\/10\/1001343057-edited.jpg",2048,1151,false],"medium":["https:\/\/www.lejournalci.org\/wp-content\/uploads\/2025\/10\/1001343057-edited-300x169.jpg",300,169,true],"thumbnail":["https:\/\/www.lejournalci.org\/wp-content\/uploads\/2025\/10\/1001343057-edited-150x150.jpg",150,150,true]},"magazine_blocks_author":{"display_name":"La R\u00e9daction CI","author_link":"https:\/\/www.lejournalci.org\/index.php\/author\/noebricendongyahoo-fr\/"},"magazine_blocks_comment":0,"magazine_blocks_author_image":"https:\/\/secure.gravatar.com\/avatar\/e63ab2ab378e283740d8889fbe2ec43fdcee7ac714a480d705f61cb1e5675c4c?s=96&d=mm&r=g","magazine_blocks_category":"<a href=\"#\" class=\"category-link category-link-50\">COOPERATION<\/a>","yoast_head":"<!-- This site is optimized with the Yoast SEO plugin v26.2 - https:\/\/yoast.com\/wordpress\/plugins\/seo\/ -->\n<title>Ghana - Burkina Faso : Ouverture de la R\u00e9union Pr\u00e9paratoire de la 13eme Commission Mixte de Coop\u00e9ration - Cooperation Internationale<\/title>\n<meta name=\"robots\" content=\"index, follow, max-snippet:-1, max-image-preview:large, max-video-preview:-1\" \/>\n<link rel=\"canonical\" href=\"https:\/\/www.lejournalci.org\/index.php\/2025\/10\/14\/ghana-burkina-faso-ouverture-de-la-reunion-preparatoire-de-la-13eme-commission-mixte-de-cooperation\/\" \/>\n<meta property=\"og:locale\" content=\"fr_FR\" \/>\n<meta property=\"og:type\" content=\"article\" \/>\n<meta property=\"og:title\" content=\"Ghana - Burkina Faso : Ouverture de la R\u00e9union Pr\u00e9paratoire de la 13eme Commission Mixte de Coop\u00e9ration - Cooperation Internationale\" \/>\n<meta property=\"og:description\" content=\"Une importante r\u00e9union des experts de la R\u00e9publique du Burkina Faso et du Ghana se tient \u00e0 Ouagadougou pour peaufiner les futurs projets d\u2019accords de coop\u00e9ration. La r\u00e9union des experts burkinab\u00e8 et ghan\u00e9ens dans le cadre de la 13e grande Commission mixte de coop\u00e9ration entre le Burkina Faso et la\" \/>\n<meta property=\"og:url\" content=\"https:\/\/www.lejournalci.org\/index.php\/2025\/10\/14\/ghana-burkina-faso-ouverture-de-la-reunion-preparatoire-de-la-13eme-commission-mixte-de-cooperation\/\" \/>\n<meta property=\"og:site_name\" content=\"Cooperation Internationale\" \/>\n<meta property=\"article:publisher\" content=\"https:\/\/www.facebook.com\/journalCI\/\" \/>\n<meta property=\"article:published_time\" content=\"2025-10-14T16:33:17+00:00\" \/>\n<meta property=\"article:modified_time\" content=\"2025-10-14T16:33:19+00:00\" \/>\n<meta property=\"og:image\" content=\"https:\/\/www.lejournalci.org\/wp-content\/uploads\/2025\/10\/1001343057-edited.jpg\" \/>\n\t<meta property=\"og:image:width\" content=\"2048\" \/>\n\t<meta property=\"og:image:height\" content=\"1151\" \/>\n\t<meta property=\"og:image:type\" content=\"image\/jpeg\" \/>\n<meta name=\"author\" content=\"La R\u00e9daction CI\" \/>\n<meta name=\"twitter:card\" content=\"summary_large_image\" \/>\n<meta name=\"twitter:creator\" content=\"@lejournalc\" \/>\n<meta name=\"twitter:site\" content=\"@lejournalc\" \/>\n<meta name=\"twitter:label1\" content=\"\u00c9crit par\" \/>\n\t<meta name=\"twitter:data1\" content=\"La R\u00e9daction CI\" \/>\n\t<meta name=\"twitter:label2\" content=\"Dur\u00e9e de lecture estim\u00e9e\" \/>\n\t<meta name=\"twitter:data2\" content=\"4 minutes\" \/>\n<script type=\"application\/ld+json\" class=\"yoast-schema-graph\">{\"@context\":\"https:\/\/schema.org\",\"@graph\":[{\"@type\":\"Article\",\"@id\":\"https:\/\/www.lejournalci.org\/index.php\/2025\/10\/14\/ghana-burkina-faso-ouverture-de-la-reunion-preparatoire-de-la-13eme-commission-mixte-de-cooperation\/#article\",\"isPartOf\":{\"@id\":\"https:\/\/www.lejournalci.org\/index.php\/2025\/10\/14\/ghana-burkina-faso-ouverture-de-la-reunion-preparatoire-de-la-13eme-commission-mixte-de-cooperation\/\"},\"author\":{\"name\":\"La R\u00e9daction CI\",\"@id\":\"https:\/\/www.lejournalci.org\/#\/schema\/person\/2efe42dc5459aaaf6d89cb27e736002b\"},\"headline\":\"Ghana &#8211; Burkina Faso : Ouverture de la R\u00e9union Pr\u00e9paratoire de la 13eme Commission Mixte de Coop\u00e9ration\",\"datePublished\":\"2025-10-14T16:33:17+00:00\",\"dateModified\":\"2025-10-14T16:33:19+00:00\",\"mainEntityOfPage\":{\"@id\":\"https:\/\/www.lejournalci.org\/index.php\/2025\/10\/14\/ghana-burkina-faso-ouverture-de-la-reunion-preparatoire-de-la-13eme-commission-mixte-de-cooperation\/\"},\"wordCount\":637,\"publisher\":{\"@id\":\"https:\/\/www.lejournalci.org\/#organization\"},\"image\":{\"@id\":\"https:\/\/www.lejournalci.org\/index.php\/2025\/10\/14\/ghana-burkina-faso-ouverture-de-la-reunion-preparatoire-de-la-13eme-commission-mixte-de-cooperation\/#primaryimage\"},\"thumbnailUrl\":\"https:\/\/www.lejournalci.org\/wp-content\/uploads\/2025\/10\/1001343057-edited.jpg\",\"articleSection\":[\"COOPERATION\"],\"inLanguage\":\"fr-FR\"},{\"@type\":\"WebPage\",\"@id\":\"https:\/\/www.lejournalci.org\/index.php\/2025\/10\/14\/ghana-burkina-faso-ouverture-de-la-reunion-preparatoire-de-la-13eme-commission-mixte-de-cooperation\/\",\"url\":\"https:\/\/www.lejournalci.org\/index.php\/2025\/10\/14\/ghana-burkina-faso-ouverture-de-la-reunion-preparatoire-de-la-13eme-commission-mixte-de-cooperation\/\",\"name\":\"Ghana - Burkina Faso : Ouverture de la R\u00e9union Pr\u00e9paratoire de la 13eme Commission Mixte de Coop\u00e9ration - Cooperation Internationale\",\"isPartOf\":{\"@id\":\"https:\/\/www.lejournalci.org\/#website\"},\"primaryImageOfPage\":{\"@id\":\"https:\/\/www.lejournalci.org\/index.php\/2025\/10\/14\/ghana-burkina-faso-ouverture-de-la-reunion-preparatoire-de-la-13eme-commission-mixte-de-cooperation\/#primaryimage\"},\"image\":{\"@id\":\"https:\/\/www.lejournalci.org\/index.php\/2025\/10\/14\/ghana-burkina-faso-ouverture-de-la-reunion-preparatoire-de-la-13eme-commission-mixte-de-cooperation\/#primaryimage\"},\"thumbnailUrl\":\"https:\/\/www.lejournalci.org\/wp-content\/uploads\/2025\/10\/1001343057-edited.jpg\",\"datePublished\":\"2025-10-14T16:33:17+00:00\",\"dateModified\":\"2025-10-14T16:33:19+00:00\",\"breadcrumb\":{\"@id\":\"https:\/\/www.lejournalci.org\/index.php\/2025\/10\/14\/ghana-burkina-faso-ouverture-de-la-reunion-preparatoire-de-la-13eme-commission-mixte-de-cooperation\/#breadcrumb\"},\"inLanguage\":\"fr-FR\",\"potentialAction\":[{\"@type\":\"ReadAction\",\"target\":[\"https:\/\/www.lejournalci.org\/index.php\/2025\/10\/14\/ghana-burkina-faso-ouverture-de-la-reunion-preparatoire-de-la-13eme-commission-mixte-de-cooperation\/\"]}]},{\"@type\":\"ImageObject\",\"inLanguage\":\"fr-FR\",\"@id\":\"https:\/\/www.lejournalci.org\/index.php\/2025\/10\/14\/ghana-burkina-faso-ouverture-de-la-reunion-preparatoire-de-la-13eme-commission-mixte-de-cooperation\/#primaryimage\",\"url\":\"https:\/\/www.lejournalci.org\/wp-content\/uploads\/2025\/10\/1001343057-edited.jpg\",\"contentUrl\":\"https:\/\/www.lejournalci.org\/wp-content\/uploads\/2025\/10\/1001343057-edited.jpg\",\"width\":2048,\"height\":1151},{\"@type\":\"BreadcrumbList\",\"@id\":\"https:\/\/www.lejournalci.org\/index.php\/2025\/10\/14\/ghana-burkina-faso-ouverture-de-la-reunion-preparatoire-de-la-13eme-commission-mixte-de-cooperation\/#breadcrumb\",\"itemListElement\":[{\"@type\":\"ListItem\",\"position\":1,\"name\":\"Accueil\",\"item\":\"https:\/\/www.lejournalci.org\/\"},{\"@type\":\"ListItem\",\"position\":2,\"name\":\"Ghana &#8211; Burkina Faso : Ouverture de la R\u00e9union Pr\u00e9paratoire de la 13eme Commission Mixte de Coop\u00e9ration\"}]},{\"@type\":\"WebSite\",\"@id\":\"https:\/\/www.lejournalci.org\/#website\",\"url\":\"https:\/\/www.lejournalci.org\/\",\"name\":\"Cooperation Internationale\",\"description\":\"Faire de la Coop\u00e9ration un Puissant Instrument de D\u00e9veloppement\",\"publisher\":{\"@id\":\"https:\/\/www.lejournalci.org\/#organization\"},\"potentialAction\":[{\"@type\":\"SearchAction\",\"target\":{\"@type\":\"EntryPoint\",\"urlTemplate\":\"https:\/\/www.lejournalci.org\/?s={search_term_string}\"},\"query-input\":{\"@type\":\"PropertyValueSpecification\",\"valueRequired\":true,\"valueName\":\"search_term_string\"}}],\"inLanguage\":\"fr-FR\"},{\"@type\":\"Organization\",\"@id\":\"https:\/\/www.lejournalci.org\/#organization\",\"name\":\"Cooperation Internationale\",\"url\":\"https:\/\/www.lejournalci.org\/\",\"logo\":{\"@type\":\"ImageObject\",\"inLanguage\":\"fr-FR\",\"@id\":\"https:\/\/www.lejournalci.org\/#\/schema\/logo\/image\/\",\"url\":\"https:\/\/www.lejournalci.org\/wp-content\/uploads\/2024\/12\/logo-coopint_HD_3.jpg\",\"contentUrl\":\"https:\/\/www.lejournalci.org\/wp-content\/uploads\/2024\/12\/logo-coopint_HD_3.jpg\",\"width\":700,\"height\":214,\"caption\":\"Cooperation Internationale\"},\"image\":{\"@id\":\"https:\/\/www.lejournalci.org\/#\/schema\/logo\/image\/\"},\"sameAs\":[\"https:\/\/www.facebook.com\/journalCI\/\",\"https:\/\/x.com\/lejournalc\"]},{\"@type\":\"Person\",\"@id\":\"https:\/\/www.lejournalci.org\/#\/schema\/person\/2efe42dc5459aaaf6d89cb27e736002b\",\"name\":\"La R\u00e9daction CI\",\"image\":{\"@type\":\"ImageObject\",\"inLanguage\":\"fr-FR\",\"@id\":\"https:\/\/www.lejournalci.org\/#\/schema\/person\/image\/\",\"url\":\"https:\/\/secure.gravatar.com\/avatar\/e63ab2ab378e283740d8889fbe2ec43fdcee7ac714a480d705f61cb1e5675c4c?s=96&d=mm&r=g\",\"contentUrl\":\"https:\/\/secure.gravatar.com\/avatar\/e63ab2ab378e283740d8889fbe2ec43fdcee7ac714a480d705f61cb1e5675c4c?s=96&d=mm&r=g\",\"caption\":\"La R\u00e9daction CI\"},\"url\":\"https:\/\/www.lejournalci.org\/index.php\/author\/noebricendongyahoo-fr\/\"}]}<\/script>\n<!-- \/ Yoast SEO plugin. -->","yoast_head_json":{"title":"Ghana - Burkina Faso : Ouverture de la R\u00e9union Pr\u00e9paratoire de la 13eme Commission Mixte de Coop\u00e9ration - Cooperation Internationale","robots":{"index":"index","follow":"follow","max-snippet":"max-snippet:-1","max-image-preview":"max-image-preview:large","max-video-preview":"max-video-preview:-1"},"canonical":"https:\/\/www.lejournalci.org\/index.php\/2025\/10\/14\/ghana-burkina-faso-ouverture-de-la-reunion-preparatoire-de-la-13eme-commission-mixte-de-cooperation\/","og_locale":"fr_FR","og_type":"article","og_title":"Ghana - Burkina Faso : Ouverture de la R\u00e9union Pr\u00e9paratoire de la 13eme Commission Mixte de Coop\u00e9ration - Cooperation Internationale","og_description":"Une importante r\u00e9union des experts de la R\u00e9publique du Burkina Faso et du Ghana se tient \u00e0 Ouagadougou pour peaufiner les futurs projets d\u2019accords de coop\u00e9ration. La r\u00e9union des experts burkinab\u00e8 et ghan\u00e9ens dans le cadre de la 13e grande Commission mixte de coop\u00e9ration entre le Burkina Faso et la","og_url":"https:\/\/www.lejournalci.org\/index.php\/2025\/10\/14\/ghana-burkina-faso-ouverture-de-la-reunion-preparatoire-de-la-13eme-commission-mixte-de-cooperation\/","og_site_name":"Cooperation Internationale","article_publisher":"https:\/\/www.facebook.com\/journalCI\/","article_published_time":"2025-10-14T16:33:17+00:00","article_modified_time":"2025-10-14T16:33:19+00:00","og_image":[{"width":2048,"height":1151,"url":"https:\/\/www.lejournalci.org\/wp-content\/uploads\/2025\/10\/1001343057-edited.jpg","type":"image\/jpeg"}],"author":"La R\u00e9daction CI","twitter_card":"summary_large_image","twitter_creator":"@lejournalc","twitter_site":"@lejournalc","twitter_misc":{"\u00c9crit par":"La R\u00e9daction CI","Dur\u00e9e de lecture estim\u00e9e":"4 minutes"},"schema":{"@context":"https:\/\/schema.org","@graph":[{"@type":"Article","@id":"https:\/\/www.lejournalci.org\/index.php\/2025\/10\/14\/ghana-burkina-faso-ouverture-de-la-reunion-preparatoire-de-la-13eme-commission-mixte-de-cooperation\/#article","isPartOf":{"@id":"https:\/\/www.lejournalci.org\/index.php\/2025\/10\/14\/ghana-burkina-faso-ouverture-de-la-reunion-preparatoire-de-la-13eme-commission-mixte-de-cooperation\/"},"author":{"name":"La R\u00e9daction CI","@id":"https:\/\/www.lejournalci.org\/#\/schema\/person\/2efe42dc5459aaaf6d89cb27e736002b"},"headline":"Ghana &#8211; Burkina Faso : Ouverture de la R\u00e9union Pr\u00e9paratoire de la 13eme Commission Mixte de Coop\u00e9ration","datePublished":"2025-10-14T16:33:17+00:00","dateModified":"2025-10-14T16:33:19+00:00","mainEntityOfPage":{"@id":"https:\/\/www.lejournalci.org\/index.php\/2025\/10\/14\/ghana-burkina-faso-ouverture-de-la-reunion-preparatoire-de-la-13eme-commission-mixte-de-cooperation\/"},"wordCount":637,"publisher":{"@id":"https:\/\/www.lejournalci.org\/#organization"},"image":{"@id":"https:\/\/www.lejournalci.org\/index.php\/2025\/10\/14\/ghana-burkina-faso-ouverture-de-la-reunion-preparatoire-de-la-13eme-commission-mixte-de-cooperation\/#primaryimage"},"thumbnailUrl":"https:\/\/www.lejournalci.org\/wp-content\/uploads\/2025\/10\/1001343057-edited.jpg","articleSection":["COOPERATION"],"inLanguage":"fr-FR"},{"@type":"WebPage","@id":"https:\/\/www.lejournalci.org\/index.php\/2025\/10\/14\/ghana-burkina-faso-ouverture-de-la-reunion-preparatoire-de-la-13eme-commission-mixte-de-cooperation\/","url":"https:\/\/www.lejournalci.org\/index.php\/2025\/10\/14\/ghana-burkina-faso-ouverture-de-la-reunion-preparatoire-de-la-13eme-commission-mixte-de-cooperation\/","name":"Ghana - Burkina Faso : Ouverture de la R\u00e9union Pr\u00e9paratoire de la 13eme Commission Mixte de Coop\u00e9ration - Cooperation Internationale","isPartOf":{"@id":"https:\/\/www.lejournalci.org\/#website"},"primaryImageOfPage":{"@id":"https:\/\/www.lejournalci.org\/index.php\/2025\/10\/14\/ghana-burkina-faso-ouverture-de-la-reunion-preparatoire-de-la-13eme-commission-mixte-de-cooperation\/#primaryimage"},"image":{"@id":"https:\/\/www.lejournalci.org\/index.php\/2025\/10\/14\/ghana-burkina-faso-ouverture-de-la-reunion-preparatoire-de-la-13eme-commission-mixte-de-cooperation\/#primaryimage"},"thumbnailUrl":"https:\/\/www.lejournalci.org\/wp-content\/uploads\/2025\/10\/1001343057-edited.jpg","datePublished":"2025-10-14T16:33:17+00:00","dateModified":"2025-10-14T16:33:19+00:00","breadcrumb":{"@id":"https:\/\/www.lejournalci.org\/index.php\/2025\/10\/14\/ghana-burkina-faso-ouverture-de-la-reunion-preparatoire-de-la-13eme-commission-mixte-de-cooperation\/#breadcrumb"},"inLanguage":"fr-FR","potentialAction":[{"@type":"ReadAction","target":["https:\/\/www.lejournalci.org\/index.php\/2025\/10\/14\/ghana-burkina-faso-ouverture-de-la-reunion-preparatoire-de-la-13eme-commission-mixte-de-cooperation\/"]}]},{"@type":"ImageObject","inLanguage":"fr-FR","@id":"https:\/\/www.lejournalci.org\/index.php\/2025\/10\/14\/ghana-burkina-faso-ouverture-de-la-reunion-preparatoire-de-la-13eme-commission-mixte-de-cooperation\/#primaryimage","url":"https:\/\/www.lejournalci.org\/wp-content\/uploads\/2025\/10\/1001343057-edited.jpg","contentUrl":"https:\/\/www.lejournalci.org\/wp-content\/uploads\/2025\/10\/1001343057-edited.jpg","width":2048,"height":1151},{"@type":"BreadcrumbList","@id":"https:\/\/www.lejournalci.org\/index.php\/2025\/10\/14\/ghana-burkina-faso-ouverture-de-la-reunion-preparatoire-de-la-13eme-commission-mixte-de-cooperation\/#breadcrumb","itemListElement":[{"@type":"ListItem","position":1,"name":"Accueil","item":"https:\/\/www.lejournalci.org\/"},{"@type":"ListItem","position":2,"name":"Ghana &#8211; Burkina Faso : Ouverture de la R\u00e9union Pr\u00e9paratoire de la 13eme Commission Mixte de Coop\u00e9ration"}]},{"@type":"WebSite","@id":"https:\/\/www.lejournalci.org\/#website","url":"https:\/\/www.lejournalci.org\/","name":"Cooperation Internationale","description":"Faire de la Coop\u00e9ration un Puissant Instrument de D\u00e9veloppement","publisher":{"@id":"https:\/\/www.lejournalci.org\/#organization"},"potentialAction":[{"@type":"SearchAction","target":{"@type":"EntryPoint","urlTemplate":"https:\/\/www.lejournalci.org\/?s={search_term_string}"},"query-input":{"@type":"PropertyValueSpecification","valueRequired":true,"valueName":"search_term_string"}}],"inLanguage":"fr-FR"},{"@type":"Organization","@id":"https:\/\/www.lejournalci.org\/#organization","name":"Cooperation Internationale","url":"https:\/\/www.lejournalci.org\/","logo":{"@type":"ImageObject","inLanguage":"fr-FR","@id":"https:\/\/www.lejournalci.org\/#\/schema\/logo\/image\/","url":"https:\/\/www.lejournalci.org\/wp-content\/uploads\/2024\/12\/logo-coopint_HD_3.jpg","contentUrl":"https:\/\/www.lejournalci.org\/wp-content\/uploads\/2024\/12\/logo-coopint_HD_3.jpg","width":700,"height":214,"caption":"Cooperation Internationale"},"image":{"@id":"https:\/\/www.lejournalci.org\/#\/schema\/logo\/image\/"},"sameAs":["https:\/\/www.facebook.com\/journalCI\/","https:\/\/x.com\/lejournalc"]},{"@type":"Person","@id":"https:\/\/www.lejournalci.org\/#\/schema\/person\/2efe42dc5459aaaf6d89cb27e736002b","name":"La R\u00e9daction CI","image":{"@type":"ImageObject","inLanguage":"fr-FR","@id":"https:\/\/www.lejournalci.org\/#\/schema\/person\/image\/","url":"https:\/\/secure.gravatar.com\/avatar\/e63ab2ab378e283740d8889fbe2ec43fdcee7ac714a480d705f61cb1e5675c4c?s=96&d=mm&r=g","contentUrl":"https:\/\/secure.gravatar.com\/avatar\/e63ab2ab378e283740d8889fbe2ec43fdcee7ac714a480d705f61cb1e5675c4c?s=96&d=mm&r=g","caption":"La R\u00e9daction CI"},"url":"https:\/\/www.lejournalci.org\/index.php\/author\/noebricendongyahoo-fr\/"}]}},"jetpack_publicize_connections":[],"jetpack_featured_media_url":"https:\/\/www.lejournalci.org\/wp-content\/uploads\/2025\/10\/1001343057-edited.jpg","jetpack_sharing_enabled":true,"_links":{"self":[{"href":"https:\/\/www.lejournalci.org\/index.php\/wp-json\/wp\/v2\/posts\/9265","targetHints":{"allow":["GET"]}}],"collection":[{"href":"https:\/\/www.lejournalci.org\/index.php\/wp-json\/wp\/v2\/posts"}],"about":[{"href":"https:\/\/www.lejournalci.org\/index.php\/wp-json\/wp\/v2\/types\/post"}],"author":[{"embeddable":true,"href":"https:\/\/www.lejournalci.org\/index.php\/wp-json\/wp\/v2\/users\/3"}],"replies":[{"embeddable":true,"href":"https:\/\/www.lejournalci.org\/index.php\/wp-json\/wp\/v2\/comments?post=9265"}],"version-history":[{"count":1,"href":"https:\/\/www.lejournalci.org\/index.php\/wp-json\/wp\/v2\/posts\/9265\/revisions"}],"predecessor-version":[{"id":9272,"href":"https:\/\/www.lejournalci.org\/index.php\/wp-json\/wp\/v2\/posts\/9265\/revisions\/9272"}],"wp:featuredmedia":[{"embeddable":true,"href":"https:\/\/www.lejournalci.org\/index.php\/wp-json\/wp\/v2\/media\/9269"}],"wp:attachment":[{"href":"https:\/\/www.lejournalci.org\/index.php\/wp-json\/wp\/v2\/media?parent=9265"}],"wp:term":[{"taxonomy":"category","embeddable":true,"href":"https:\/\/www.lejournalci.org\/index.php\/wp-json\/wp\/v2\/categories?post=9265"},{"taxonomy":"post_tag","embeddable":true,"href":"https:\/\/www.lejournalci.org\/index.php\/wp-json\/wp\/v2\/tags?post=9265"}],"curies":[{"name":"wp","href":"https:\/\/api.w.org\/{rel}","templated":true}]}}