{"id":9252,"date":"2025-10-14T09:33:57","date_gmt":"2025-10-14T09:33:57","guid":{"rendered":"https:\/\/www.lejournalci.org\/?p=9252"},"modified":"2025-10-14T09:33:58","modified_gmt":"2025-10-14T09:33:58","slug":"guinee-equatoriale-independance-an57-discours-integral-du-president-de-la-republique-teodoro-obiang-nguema-mbasogo","status":"publish","type":"post","link":"https:\/\/www.lejournalci.org\/index.php\/2025\/10\/14\/guinee-equatoriale-independance-an57-discours-integral-du-president-de-la-republique-teodoro-obiang-nguema-mbasogo\/","title":{"rendered":"Guin\u00e9e \u00c9quatoriale\/Ind\u00e9pendance An57: Discours Int\u00e9gral du Pr\u00e9sident de la R\u00e9publique Teodoro Obiang Nguema Mbasogo"},"content":{"rendered":"\n<p><strong>Nous Publions ci-dessous l&#8217;int\u00e9gralit\u00e9 du Discours Prononc\u00e9 par le Chef de l&#8217;Etat de Guin\u00e9e \u00c9quatoriale, Obiang Nguema Mbasogo \u00e0 l&#8217;occasion de la Communication du 57e Anniversaire de l&#8217;ind\u00e9pendance du pays , le 12 Octobre 2025 \u00e0 Djibloho.<\/strong><\/p>\n\n\n\n<p>Chers compatriotes,<br>En cette journ\u00e9e d&#8217;une profonde signification historique, j&#8217;ai l&#8217;honneur de partager avec tout le peuple de Guin\u00e9e \u00e9quatoriale la fiert\u00e9 et l&#8217;euphorie d\u00e9bordantes qui nous enivrent \u00e0 l&#8217;occasion du cinquante-septi\u00e8me anniversaire de notre ind\u00e9pendance nationale, le 12 octobre 1968, qui fut la fin de la domination \u00e9trang\u00e8re et le d\u00e9but d&#8217;un serment solennel que nous avons fait avec notre nation la Guin\u00e9e \u00e9quatoriale.<\/p>\n\n\n\n<p>Il y a 57 ans, les habitants de ce pays ont non seulement conquis la libert\u00e9, mais ils ont assum\u00e9 de mani\u00e8re irr\u00e9vocable une immense responsabilit\u00e9 envers leur destin. \u00c0 l&#8217;\u00e9poque, nos compatriotes se sont engag\u00e9s \u00e0 forger l&#8217;avenir de notre nation. Ce pacte nous le renouvelons tous les 12 octobre de chaque ann\u00e9e.<br>En tant que fr\u00e8res et s\u0153urs, nous devons \u00eatre fiers de cette libert\u00e9, qui est l&#8217;h\u00e9ritage le plus pr\u00e9cieux que nous ayons et r\u00e9affirmer la souverainet\u00e9 inali\u00e9nable du peuple de Guin\u00e9e \u00e9quatoriale.<\/p>\n\n\n\n<p>Je profite donc de cette occasion pour saluer chaleureusement le peuple de Guin\u00e9e \u00e9quatoriale et le f\u00e9liciter pour cette victoire historique, en esp\u00e9rant que tous nos compatriotes, tant ceux qui sont sur le territoire national que ceux de la diaspora, le c\u00e9l\u00e9breront avec l&#8217;euphorie et la solennit\u00e9 qu&#8217;il m\u00e9rite.<br>D\u00e9fendre l&#8217;ind\u00e9pendance nationale, c&#8217;est reconna\u00eetre notre capacit\u00e9 \u00e0 maintenir l&#8217;unit\u00e9 nationale et la solidarit\u00e9 de la Patrie, \u00e0 travers le travail collectif et la pr\u00e9servation de la paix, de l&#8217;unit\u00e9 et de la justice.<\/p>\n\n\n\n<p>Chers compatriotes,<br>Je ne peux continuer ce message sans faire un exercice de m\u00e9moire sur l&#8217;\u00e9poque o\u00f9 notre peuple a v\u00e9cu sous le manteau colonial, alors que certains int\u00e9r\u00eats insistent pour embellir la colonisation en la qualifiant d&#8217;acte de civilisation; cependant, pour nous cette p\u00e9riode a \u00e9t\u00e9 la plus cruelle et humiliante de notre histoire.<\/p>\n\n\n\n<p>Le colonisateur a chang\u00e9 notre identit\u00e9 culturelle et nos modes de vie, \u00e0 la fois exploit\u00e9 et enrichi de nos ressources et de la sueur du front de nos p\u00e8res et grands-parents, nous a condamn\u00e9s \u00e0 un \u00e9tat de mis\u00e8re et d&#8217;inculture permanente, dans la seule intention de germer le retard, le sous-d\u00e9veloppement et la destruction du tissu social de notre peuple.<\/p>\n\n\n\n<p>Le combat des p\u00e8res de l&#8217;ind\u00e9pendance n&#8217;est pas encore termin\u00e9. Pour nous, cela doit constituer une guerre intelligente pour que le souvenir de cette souffrance devienne la force qui nous pousse \u00e0 \u00eatre des citoyens conscients, qui appr\u00e9cient le sang vers\u00e9 pour atteindre cette souverainet\u00e9.<br>Cette lutte intelligente n\u00e9cessite une nation qui d\u00e9fende et maintient les principes et les valeurs de la libert\u00e9 conquise.<\/p>\n\n\n\n<p>Chers compatriotes,<br>Il est imp\u00e9ratif que tout le monde, et surtout la jeunesse, ne tombe pas dans l&#8217;oubli des motivations de cette lutte pour la conqu\u00eate de notre ind\u00e9pendance et de la libert\u00e9 qui ne nous a pas \u00e9t\u00e9 offerte.<\/p>\n\n\n\n<p>Malheureusement, lorsque nous observons aujourd&#8217;hui au-del\u00e0 de nos fronti\u00e8res, la sc\u00e8ne politique et sociale est douloureuse, avec les affrontements de guerre, le terrorisme, les r\u00e9bellions et le manque d&#8217;unit\u00e9 et de compr\u00e9hension entre les enfants d&#8217;une m\u00eame nation, ce qui d\u00e9truit les id\u00e9aux du panafricanisme de nos luttes.<\/p>\n\n\n\n<p>En effet, nous ne devons pas oublier les motivations de cette lutte, qui a \u00e9t\u00e9 la recherche de la libert\u00e9, de la paix, de la justice et de la souverainet\u00e9 \u00e9conomique; cela risque de perdre tout ce qui a \u00e9t\u00e9 la lutte de nos lib\u00e9rateurs. Nous ne pouvons pas nous laisser convaincre par les tromperies pr\u00each\u00e9es par ceux qui, par des discours et des faux messages, cherchent \u00e0 reprendre le contr\u00f4le et \u00e0 configurer \u00e0 leur guise les nations africaines.<\/p>\n\n\n\n<p>Cette menace nous interpelle \u00e0 regarder les convulsions qui frappent le continent, en extrait un message vital. La d\u00e9fense de notre libert\u00e9 et de notre souverainet\u00e9 est incompatible avec le d\u00e9sordre et la perte des principes et valeurs de la souverainet\u00e9 et de la stabilit\u00e9 de nos nations.<\/p>\n\n\n\n<p>Chers compatriotes,<br>Sans aucun doute, nous pouvons affirmer que la jouissance de la paix est l&#8217;acquis le plus important de la R\u00e9publique de Guin\u00e9e \u00e9quatoriale, car notre nation est \u00e9rig\u00e9e comme l&#8217;une des nations les plus pacifiques du monde.<\/p>\n\n\n\n<p>Cette tranquillit\u00e9 que nous respirons aujourd&#8217;hui n&#8217;est pas accidentelle; elle est le fruit du travail constant de notre gouvernement qui a mis\u00e9 sur la stabilit\u00e9 politique et le consensus national.<br>C&#8217;est pourquoi les jeunes doivent \u00eatre fiers de la date du 12 octobre car c&#8217;est le jour qui les identifie comme de v\u00e9ritables \u00c9quato-guin\u00e9ens, vivant en paix et en libert\u00e9.<\/p>\n\n\n\n<p>C&#8217;est pourquoi je vous invite \u00e0 regarder au-del\u00e0 des actes comm\u00e9moratifs, au-del\u00e0 de la joie de la libert\u00e9, au-del\u00e0 des dommages d&#8217;autrui de la colonisation; c&#8217;est pourquoi nous devons aussi analyser les faux pas et les d\u00e9viations commises \u00e0 n&#8217;importe quelle \u00e9tape de notre histoire. La libert\u00e9 n&#8217;\u00e9tait pas la fin du chemin, mais une ouverture aux succ\u00e8s qui nous attendent dans le pr\u00e9sent et dans le futur.<\/p>\n\n\n\n<p>Cependant, nous devons \u00eatre honn\u00eates et nous poser la question : avons-nous honor\u00e9 le serment national d&#8217;ind\u00e9pendance ? J&#8217;ai peur que certains l&#8217;aient oubli\u00e9 lorsque nous les voyons commettre des actes de corruption id\u00e9ologique lorsqu&#8217;ils s&#8217;alignent sur nos d\u00e9tracteurs pour entraver le progr\u00e8s et la paix de cette nation.<\/p>\n\n\n\n<p><br>Mes chers compatriotes, nous sommes un petit pays, donc il n&#8217;y a pas de place dans notre g\u00e9ographie pou l&#8217;\u00e9go\u00efsme et les pratiques antipatriotes. Si la prosp\u00e9rit\u00e9 a atteint la vie du citoyen, elle a le devoir et l&#8217;obligation d&#8217;\u00eatre une source de progr\u00e8s et non un mur qui entrave notre progr\u00e8s.<br>Les progr\u00e8s de la Guin\u00e9e \u00e9quatoriale ne se mesurent pas aux millions qu&#8217;un citoyen ch\u00e9rit ou d\u00e9pense, mais aux actions qu&#8217;il m\u00e8ne en faveur du peuple et qui refl\u00e8tent l&#8217;engagement pris il y a 57 ans.<\/p>\n\n\n\n<p>Chers jeunes de Guin\u00e9e \u00e9quatoriale;<br>Vous \u00eates les propulseurs de notre destin, les garants de l&#8217;histoire et de la paix que nous vous laissons en h\u00e9ritage. Mon message pour vous est clair. Vous devez \u00eatre meilleurs que vos pr\u00e9d\u00e9cesseurs \u00e0 tous \u00e9gards, car prendre les r\u00eanes d&#8217;un pays n&#8217;est pas une t\u00e2che facile. La d\u00e9fense de notre paix et de notre stabilit\u00e9 exige que l&#8217;unit\u00e9 nationale, l&#8217;\u00e9tat de droit, la coexistence pacifique et d\u00e9mocratique soit assum\u00e9e de mani\u00e8re responsable.<\/p>\n\n\n\n<p>Ainsi, je vous conseille de d\u00e9tourner vos esprits des tentations de la corruption id\u00e9ologique, du sabotage et du conformisme. Aucune nation ne survit si ses enfants ne marchent pas ensemble sous le m\u00eame drapeau. L&#8217;ind\u00e9pendance que nous comm\u00e9morons aujourd&#8217;hui serait inutile si nous ne parvenons pas \u00e0 pr\u00e9server l&#8217;unit\u00e9 nationale, la paix et la stabilit\u00e9 dans le cadre du m\u00eame projet de d\u00e9veloppement national.<br>Eh bien, vous devez \u00eatre fiers de servir cette nation avec des buts et des convictions ; la paix et la libert\u00e9 ne sont pas n\u00e9gociables.<\/p>\n\n\n\n<p>Chers compatriotes,<br>En ces 57 ans que nous c\u00e9l\u00e9brons en tant que nation ind\u00e9pendante, nous devons contempler notre parcours avec une profonde gratitude, sans oublier de rendre un hommage solennel aux Fils et Filles qui ont r\u00e9pondu avec d\u00e9termination \u00e0 l&#8217;appel du destin en 1968 et 1979 pour les victoires de l&#8217;ind\u00e9pendance et du coup d&#8217;\u00c9tat de Libert\u00e9.<\/p>\n\n\n\n<p>Des dates m\u00e9morables, que nous sommes debout depuis plus de cinq d\u00e9cennies sur les piliers fondateurs de l&#8217;unit\u00e9 nationale, de la paix et de la justice, parce que notre parcours politique a toujours \u00e9t\u00e9 d\u00e9fini par notre devise nationale \u00ab Unit\u00e9, paix et justice \u00bb.<\/p>\n\n\n\n<p>Chers compatriotes,<br>Dans un monde de plus en plus troubl\u00e9, les \u00c9quato-guin\u00e9ens doivent montrer que la v\u00e9ritable force de notre peuple r\u00e9side dans sa capacit\u00e9 \u00e0 vivre ensemble, \u00e0 dialoguer et \u00e0 rejeter fermement la violence et l&#8217;usage des armes. Notre outil politique est et sera toujours la paix.<\/p>\n\n\n\n<p>Depuis sa cr\u00e9ation, le gouvernement actuel a mis\u00e9 sur la paix qui est un investissement plus rentable. Sans la coexistence pacifique, notre d\u00e9veloppement n&#8217;aurait pas \u00e9t\u00e9 possible. Ce n&#8217;est qu&#8217;avec notre vision pacifique que nous avons jet\u00e9 les fondations qui nous permettent de r\u00eaver et de construire notre projet commun pour une Guin\u00e9e meilleure.<\/p>\n\n\n\n<p>Compatriotes \u00e9quato-guin\u00e9ens ;<br>Je voudrais terminer en vous rappelant de ne pas vous \u00e9carter du chemin trac\u00e9 il y a 57 ans \u00e0 la date historique du 12 octobre 1968, car entre vos mains, il y a de ne pas briser ou d\u00e9truire ce que nous avons accompli avec tant de d\u00e9sir et d&#8217;efforts.Nous r\u00e9affirmons que la Guin\u00e9e \u00e9quatoriale est une nation consciente et responsable, souveraine et pacifique qui ne se pliera pas aux d\u00e9sirs exog\u00e8nes de nos d\u00e9tracteurs.<\/p>\n\n\n\n<p>VIVE LA F\u00caTE DU 12 OCTOBRE !<\/p>\n\n\n\n<p>HAUTE! LA R\u00c9PUBLIQUE DE GUIN\u00c9E \u00c9QUATORIALE .<\/p>\n\n\n\n<p><strong><em>SOURCE : Pr\u00e9sidence de la R\u00e9publique de Guin\u00e9e \u00c9quatoriale.<\/em><\/strong><\/p>\n","protected":false},"excerpt":{"rendered":"<p>Nous Publions ci-dessous l&#8217;int\u00e9gralit\u00e9 du Discours Prononc\u00e9 par le Chef de l&#8217;Etat de Guin\u00e9e \u00c9quatoriale, Obiang Nguema Mbasogo \u00e0 l&#8217;occasion de la Communication du 57e Anniversaire de l&#8217;ind\u00e9pendance du pays , le 12 Octobre 2025 \u00e0 Djibloho. Chers compatriotes,En cette journ\u00e9e d&#8217;une profonde signification historique, j&#8217;ai l&#8217;honneur de partager avec<\/p>\n","protected":false},"author":3,"featured_media":9255,"comment_status":"closed","ping_status":"open","sticky":false,"template":"","format":"standard","meta":{"colormag_page_container_layout":"default_layout","colormag_page_sidebar_layout":"default_layout","_jetpack_memberships_contains_paid_content":false,"footnotes":"","jetpack_publicize_message":"","jetpack_publicize_feature_enabled":true,"jetpack_social_post_already_shared":true,"jetpack_social_options":{"image_generator_settings":{"template":"highway","default_image_id":0,"font":"","enabled":false},"version":2}},"categories":[51],"tags":[],"class_list":["post-9252","post","type-post","status-publish","format-standard","has-post-thumbnail","hentry","category-diplomatie"],"magazineBlocksPostFeaturedMedia":{"thumbnail":"https:\/\/www.lejournalci.org\/wp-content\/uploads\/2025\/10\/1001341709-edited-150x150.jpg","medium":"https:\/\/www.lejournalci.org\/wp-content\/uploads\/2025\/10\/1001341709-edited-300x169.jpg","medium_large":"https:\/\/www.lejournalci.org\/wp-content\/uploads\/2025\/10\/1001341709-edited-768x432.jpg","large":"https:\/\/www.lejournalci.org\/wp-content\/uploads\/2025\/10\/1001341709-edited-1024x576.jpg","1536x1536":"https:\/\/www.lejournalci.org\/wp-content\/uploads\/2025\/10\/1001341709-edited-1536x864.jpg","2048x2048":"https:\/\/www.lejournalci.org\/wp-content\/uploads\/2025\/10\/1001341709-edited.jpg","colormag-highlighted-post":"https:\/\/www.lejournalci.org\/wp-content\/uploads\/2025\/10\/1001341709-edited-392x272.jpg","colormag-featured-post-medium":"https:\/\/www.lejournalci.org\/wp-content\/uploads\/2025\/10\/1001341709-edited-390x205.jpg","colormag-featured-post-small":"https:\/\/www.lejournalci.org\/wp-content\/uploads\/2025\/10\/1001341709-edited-130x90.jpg","colormag-featured-image":"https:\/\/www.lejournalci.org\/wp-content\/uploads\/2025\/10\/1001341709-edited-800x445.jpg","colormag-default-news":"https:\/\/www.lejournalci.org\/wp-content\/uploads\/2025\/10\/1001341709-edited-150x150.jpg","colormag-featured-image-large":"https:\/\/www.lejournalci.org\/wp-content\/uploads\/2025\/10\/1001341709-edited-1400x600.jpg"},"magazineBlocksPostAuthor":{"name":"La R\u00e9daction CI","avatar":"https:\/\/secure.gravatar.com\/avatar\/e63ab2ab378e283740d8889fbe2ec43fdcee7ac714a480d705f61cb1e5675c4c?s=96&d=mm&r=g"},"magazineBlocksPostCommentsNumber":false,"magazineBlocksPostExcerpt":"Nous Publions ci-dessous l&#8217;int\u00e9gralit\u00e9 du Discours Prononc\u00e9 par le Chef de l&#8217;Etat de Guin\u00e9e \u00c9quatoriale, Obiang Nguema Mbasogo \u00e0 l&#8217;occasion de la Communication du 57e Anniversaire de l&#8217;ind\u00e9pendance du pays , le 12 Octobre 2025 \u00e0 Djibloho. Chers compatriotes,En cette journ\u00e9e d&#8217;une profonde signification historique, j&#8217;ai l&#8217;honneur de partager avec","magazineBlocksPostCategories":["DIPLOMATIE"],"magazineBlocksPostViewCount":777,"magazineBlocksPostReadTime":8,"magazine_blocks_featured_image_url":{"full":["https:\/\/www.lejournalci.org\/wp-content\/uploads\/2025\/10\/1001341709-edited.jpg",2048,1152,false],"medium":["https:\/\/www.lejournalci.org\/wp-content\/uploads\/2025\/10\/1001341709-edited-300x169.jpg",300,169,true],"thumbnail":["https:\/\/www.lejournalci.org\/wp-content\/uploads\/2025\/10\/1001341709-edited-150x150.jpg",150,150,true]},"magazine_blocks_author":{"display_name":"La R\u00e9daction CI","author_link":"https:\/\/www.lejournalci.org\/index.php\/author\/noebricendongyahoo-fr\/"},"magazine_blocks_comment":0,"magazine_blocks_author_image":"https:\/\/secure.gravatar.com\/avatar\/e63ab2ab378e283740d8889fbe2ec43fdcee7ac714a480d705f61cb1e5675c4c?s=96&d=mm&r=g","magazine_blocks_category":"<a href=\"#\" class=\"category-link category-link-51\">DIPLOMATIE<\/a>","yoast_head":"<!-- This site is optimized with the Yoast SEO plugin v26.2 - https:\/\/yoast.com\/wordpress\/plugins\/seo\/ -->\n<title>Guin\u00e9e \u00c9quatoriale\/Ind\u00e9pendance An57: Discours Int\u00e9gral du Pr\u00e9sident de la R\u00e9publique Teodoro Obiang Nguema Mbasogo - Cooperation Internationale<\/title>\n<meta name=\"robots\" content=\"index, follow, max-snippet:-1, max-image-preview:large, max-video-preview:-1\" \/>\n<link rel=\"canonical\" href=\"https:\/\/www.lejournalci.org\/index.php\/2025\/10\/14\/guinee-equatoriale-independance-an57-discours-integral-du-president-de-la-republique-teodoro-obiang-nguema-mbasogo\/\" \/>\n<meta property=\"og:locale\" content=\"fr_FR\" \/>\n<meta property=\"og:type\" content=\"article\" \/>\n<meta property=\"og:title\" content=\"Guin\u00e9e \u00c9quatoriale\/Ind\u00e9pendance An57: Discours Int\u00e9gral du Pr\u00e9sident de la R\u00e9publique Teodoro Obiang Nguema Mbasogo - Cooperation Internationale\" \/>\n<meta property=\"og:description\" content=\"Nous Publions ci-dessous l&#8217;int\u00e9gralit\u00e9 du Discours Prononc\u00e9 par le Chef de l&#8217;Etat de Guin\u00e9e \u00c9quatoriale, Obiang Nguema Mbasogo \u00e0 l&#8217;occasion de la Communication du 57e Anniversaire de l&#8217;ind\u00e9pendance du pays , le 12 Octobre 2025 \u00e0 Djibloho. Chers compatriotes,En cette journ\u00e9e d&#8217;une profonde signification historique, j&#8217;ai l&#8217;honneur de partager avec\" \/>\n<meta property=\"og:url\" content=\"https:\/\/www.lejournalci.org\/index.php\/2025\/10\/14\/guinee-equatoriale-independance-an57-discours-integral-du-president-de-la-republique-teodoro-obiang-nguema-mbasogo\/\" \/>\n<meta property=\"og:site_name\" content=\"Cooperation Internationale\" \/>\n<meta property=\"article:publisher\" content=\"https:\/\/www.facebook.com\/journalCI\/\" \/>\n<meta property=\"article:published_time\" content=\"2025-10-14T09:33:57+00:00\" \/>\n<meta property=\"article:modified_time\" content=\"2025-10-14T09:33:58+00:00\" \/>\n<meta property=\"og:image\" content=\"https:\/\/www.lejournalci.org\/wp-content\/uploads\/2025\/10\/1001341709-edited.jpg\" \/>\n\t<meta property=\"og:image:width\" content=\"2048\" \/>\n\t<meta property=\"og:image:height\" content=\"1152\" \/>\n\t<meta property=\"og:image:type\" content=\"image\/jpeg\" \/>\n<meta name=\"author\" content=\"La R\u00e9daction CI\" \/>\n<meta name=\"twitter:card\" content=\"summary_large_image\" \/>\n<meta name=\"twitter:creator\" content=\"@lejournalc\" \/>\n<meta name=\"twitter:site\" content=\"@lejournalc\" \/>\n<meta name=\"twitter:label1\" content=\"\u00c9crit par\" \/>\n\t<meta name=\"twitter:data1\" content=\"La R\u00e9daction CI\" \/>\n\t<meta name=\"twitter:label2\" content=\"Dur\u00e9e de lecture estim\u00e9e\" \/>\n\t<meta name=\"twitter:data2\" content=\"8 minutes\" \/>\n<script type=\"application\/ld+json\" class=\"yoast-schema-graph\">{\"@context\":\"https:\/\/schema.org\",\"@graph\":[{\"@type\":\"Article\",\"@id\":\"https:\/\/www.lejournalci.org\/index.php\/2025\/10\/14\/guinee-equatoriale-independance-an57-discours-integral-du-president-de-la-republique-teodoro-obiang-nguema-mbasogo\/#article\",\"isPartOf\":{\"@id\":\"https:\/\/www.lejournalci.org\/index.php\/2025\/10\/14\/guinee-equatoriale-independance-an57-discours-integral-du-president-de-la-republique-teodoro-obiang-nguema-mbasogo\/\"},\"author\":{\"name\":\"La R\u00e9daction CI\",\"@id\":\"https:\/\/www.lejournalci.org\/#\/schema\/person\/2efe42dc5459aaaf6d89cb27e736002b\"},\"headline\":\"Guin\u00e9e \u00c9quatoriale\/Ind\u00e9pendance An57: Discours Int\u00e9gral du Pr\u00e9sident de la R\u00e9publique Teodoro Obiang Nguema Mbasogo\",\"datePublished\":\"2025-10-14T09:33:57+00:00\",\"dateModified\":\"2025-10-14T09:33:58+00:00\",\"mainEntityOfPage\":{\"@id\":\"https:\/\/www.lejournalci.org\/index.php\/2025\/10\/14\/guinee-equatoriale-independance-an57-discours-integral-du-president-de-la-republique-teodoro-obiang-nguema-mbasogo\/\"},\"wordCount\":1626,\"publisher\":{\"@id\":\"https:\/\/www.lejournalci.org\/#organization\"},\"image\":{\"@id\":\"https:\/\/www.lejournalci.org\/index.php\/2025\/10\/14\/guinee-equatoriale-independance-an57-discours-integral-du-president-de-la-republique-teodoro-obiang-nguema-mbasogo\/#primaryimage\"},\"thumbnailUrl\":\"https:\/\/www.lejournalci.org\/wp-content\/uploads\/2025\/10\/1001341709-edited.jpg\",\"articleSection\":[\"DIPLOMATIE\"],\"inLanguage\":\"fr-FR\"},{\"@type\":\"WebPage\",\"@id\":\"https:\/\/www.lejournalci.org\/index.php\/2025\/10\/14\/guinee-equatoriale-independance-an57-discours-integral-du-president-de-la-republique-teodoro-obiang-nguema-mbasogo\/\",\"url\":\"https:\/\/www.lejournalci.org\/index.php\/2025\/10\/14\/guinee-equatoriale-independance-an57-discours-integral-du-president-de-la-republique-teodoro-obiang-nguema-mbasogo\/\",\"name\":\"Guin\u00e9e \u00c9quatoriale\/Ind\u00e9pendance An57: Discours Int\u00e9gral du Pr\u00e9sident de la R\u00e9publique Teodoro Obiang Nguema Mbasogo - Cooperation Internationale\",\"isPartOf\":{\"@id\":\"https:\/\/www.lejournalci.org\/#website\"},\"primaryImageOfPage\":{\"@id\":\"https:\/\/www.lejournalci.org\/index.php\/2025\/10\/14\/guinee-equatoriale-independance-an57-discours-integral-du-president-de-la-republique-teodoro-obiang-nguema-mbasogo\/#primaryimage\"},\"image\":{\"@id\":\"https:\/\/www.lejournalci.org\/index.php\/2025\/10\/14\/guinee-equatoriale-independance-an57-discours-integral-du-president-de-la-republique-teodoro-obiang-nguema-mbasogo\/#primaryimage\"},\"thumbnailUrl\":\"https:\/\/www.lejournalci.org\/wp-content\/uploads\/2025\/10\/1001341709-edited.jpg\",\"datePublished\":\"2025-10-14T09:33:57+00:00\",\"dateModified\":\"2025-10-14T09:33:58+00:00\",\"breadcrumb\":{\"@id\":\"https:\/\/www.lejournalci.org\/index.php\/2025\/10\/14\/guinee-equatoriale-independance-an57-discours-integral-du-president-de-la-republique-teodoro-obiang-nguema-mbasogo\/#breadcrumb\"},\"inLanguage\":\"fr-FR\",\"potentialAction\":[{\"@type\":\"ReadAction\",\"target\":[\"https:\/\/www.lejournalci.org\/index.php\/2025\/10\/14\/guinee-equatoriale-independance-an57-discours-integral-du-president-de-la-republique-teodoro-obiang-nguema-mbasogo\/\"]}]},{\"@type\":\"ImageObject\",\"inLanguage\":\"fr-FR\",\"@id\":\"https:\/\/www.lejournalci.org\/index.php\/2025\/10\/14\/guinee-equatoriale-independance-an57-discours-integral-du-president-de-la-republique-teodoro-obiang-nguema-mbasogo\/#primaryimage\",\"url\":\"https:\/\/www.lejournalci.org\/wp-content\/uploads\/2025\/10\/1001341709-edited.jpg\",\"contentUrl\":\"https:\/\/www.lejournalci.org\/wp-content\/uploads\/2025\/10\/1001341709-edited.jpg\",\"width\":2048,\"height\":1152},{\"@type\":\"BreadcrumbList\",\"@id\":\"https:\/\/www.lejournalci.org\/index.php\/2025\/10\/14\/guinee-equatoriale-independance-an57-discours-integral-du-president-de-la-republique-teodoro-obiang-nguema-mbasogo\/#breadcrumb\",\"itemListElement\":[{\"@type\":\"ListItem\",\"position\":1,\"name\":\"Accueil\",\"item\":\"https:\/\/www.lejournalci.org\/\"},{\"@type\":\"ListItem\",\"position\":2,\"name\":\"Guin\u00e9e \u00c9quatoriale\/Ind\u00e9pendance An57: Discours Int\u00e9gral du Pr\u00e9sident de la R\u00e9publique Teodoro Obiang Nguema Mbasogo\"}]},{\"@type\":\"WebSite\",\"@id\":\"https:\/\/www.lejournalci.org\/#website\",\"url\":\"https:\/\/www.lejournalci.org\/\",\"name\":\"Cooperation Internationale\",\"description\":\"Faire de la Coop\u00e9ration un Puissant Instrument de D\u00e9veloppement\",\"publisher\":{\"@id\":\"https:\/\/www.lejournalci.org\/#organization\"},\"potentialAction\":[{\"@type\":\"SearchAction\",\"target\":{\"@type\":\"EntryPoint\",\"urlTemplate\":\"https:\/\/www.lejournalci.org\/?s={search_term_string}\"},\"query-input\":{\"@type\":\"PropertyValueSpecification\",\"valueRequired\":true,\"valueName\":\"search_term_string\"}}],\"inLanguage\":\"fr-FR\"},{\"@type\":\"Organization\",\"@id\":\"https:\/\/www.lejournalci.org\/#organization\",\"name\":\"Cooperation Internationale\",\"url\":\"https:\/\/www.lejournalci.org\/\",\"logo\":{\"@type\":\"ImageObject\",\"inLanguage\":\"fr-FR\",\"@id\":\"https:\/\/www.lejournalci.org\/#\/schema\/logo\/image\/\",\"url\":\"https:\/\/www.lejournalci.org\/wp-content\/uploads\/2024\/12\/logo-coopint_HD_3.jpg\",\"contentUrl\":\"https:\/\/www.lejournalci.org\/wp-content\/uploads\/2024\/12\/logo-coopint_HD_3.jpg\",\"width\":700,\"height\":214,\"caption\":\"Cooperation Internationale\"},\"image\":{\"@id\":\"https:\/\/www.lejournalci.org\/#\/schema\/logo\/image\/\"},\"sameAs\":[\"https:\/\/www.facebook.com\/journalCI\/\",\"https:\/\/x.com\/lejournalc\"]},{\"@type\":\"Person\",\"@id\":\"https:\/\/www.lejournalci.org\/#\/schema\/person\/2efe42dc5459aaaf6d89cb27e736002b\",\"name\":\"La R\u00e9daction CI\",\"image\":{\"@type\":\"ImageObject\",\"inLanguage\":\"fr-FR\",\"@id\":\"https:\/\/www.lejournalci.org\/#\/schema\/person\/image\/\",\"url\":\"https:\/\/secure.gravatar.com\/avatar\/e63ab2ab378e283740d8889fbe2ec43fdcee7ac714a480d705f61cb1e5675c4c?s=96&d=mm&r=g\",\"contentUrl\":\"https:\/\/secure.gravatar.com\/avatar\/e63ab2ab378e283740d8889fbe2ec43fdcee7ac714a480d705f61cb1e5675c4c?s=96&d=mm&r=g\",\"caption\":\"La R\u00e9daction CI\"},\"url\":\"https:\/\/www.lejournalci.org\/index.php\/author\/noebricendongyahoo-fr\/\"}]}<\/script>\n<!-- \/ Yoast SEO plugin. -->","yoast_head_json":{"title":"Guin\u00e9e \u00c9quatoriale\/Ind\u00e9pendance An57: Discours Int\u00e9gral du Pr\u00e9sident de la R\u00e9publique Teodoro Obiang Nguema Mbasogo - Cooperation Internationale","robots":{"index":"index","follow":"follow","max-snippet":"max-snippet:-1","max-image-preview":"max-image-preview:large","max-video-preview":"max-video-preview:-1"},"canonical":"https:\/\/www.lejournalci.org\/index.php\/2025\/10\/14\/guinee-equatoriale-independance-an57-discours-integral-du-president-de-la-republique-teodoro-obiang-nguema-mbasogo\/","og_locale":"fr_FR","og_type":"article","og_title":"Guin\u00e9e \u00c9quatoriale\/Ind\u00e9pendance An57: Discours Int\u00e9gral du Pr\u00e9sident de la R\u00e9publique Teodoro Obiang Nguema Mbasogo - Cooperation Internationale","og_description":"Nous Publions ci-dessous l&#8217;int\u00e9gralit\u00e9 du Discours Prononc\u00e9 par le Chef de l&#8217;Etat de Guin\u00e9e \u00c9quatoriale, Obiang Nguema Mbasogo \u00e0 l&#8217;occasion de la Communication du 57e Anniversaire de l&#8217;ind\u00e9pendance du pays , le 12 Octobre 2025 \u00e0 Djibloho. Chers compatriotes,En cette journ\u00e9e d&#8217;une profonde signification historique, j&#8217;ai l&#8217;honneur de partager avec","og_url":"https:\/\/www.lejournalci.org\/index.php\/2025\/10\/14\/guinee-equatoriale-independance-an57-discours-integral-du-president-de-la-republique-teodoro-obiang-nguema-mbasogo\/","og_site_name":"Cooperation Internationale","article_publisher":"https:\/\/www.facebook.com\/journalCI\/","article_published_time":"2025-10-14T09:33:57+00:00","article_modified_time":"2025-10-14T09:33:58+00:00","og_image":[{"width":2048,"height":1152,"url":"https:\/\/www.lejournalci.org\/wp-content\/uploads\/2025\/10\/1001341709-edited.jpg","type":"image\/jpeg"}],"author":"La R\u00e9daction CI","twitter_card":"summary_large_image","twitter_creator":"@lejournalc","twitter_site":"@lejournalc","twitter_misc":{"\u00c9crit par":"La R\u00e9daction CI","Dur\u00e9e de lecture estim\u00e9e":"8 minutes"},"schema":{"@context":"https:\/\/schema.org","@graph":[{"@type":"Article","@id":"https:\/\/www.lejournalci.org\/index.php\/2025\/10\/14\/guinee-equatoriale-independance-an57-discours-integral-du-president-de-la-republique-teodoro-obiang-nguema-mbasogo\/#article","isPartOf":{"@id":"https:\/\/www.lejournalci.org\/index.php\/2025\/10\/14\/guinee-equatoriale-independance-an57-discours-integral-du-president-de-la-republique-teodoro-obiang-nguema-mbasogo\/"},"author":{"name":"La R\u00e9daction CI","@id":"https:\/\/www.lejournalci.org\/#\/schema\/person\/2efe42dc5459aaaf6d89cb27e736002b"},"headline":"Guin\u00e9e \u00c9quatoriale\/Ind\u00e9pendance An57: Discours Int\u00e9gral du Pr\u00e9sident de la R\u00e9publique Teodoro Obiang Nguema Mbasogo","datePublished":"2025-10-14T09:33:57+00:00","dateModified":"2025-10-14T09:33:58+00:00","mainEntityOfPage":{"@id":"https:\/\/www.lejournalci.org\/index.php\/2025\/10\/14\/guinee-equatoriale-independance-an57-discours-integral-du-president-de-la-republique-teodoro-obiang-nguema-mbasogo\/"},"wordCount":1626,"publisher":{"@id":"https:\/\/www.lejournalci.org\/#organization"},"image":{"@id":"https:\/\/www.lejournalci.org\/index.php\/2025\/10\/14\/guinee-equatoriale-independance-an57-discours-integral-du-president-de-la-republique-teodoro-obiang-nguema-mbasogo\/#primaryimage"},"thumbnailUrl":"https:\/\/www.lejournalci.org\/wp-content\/uploads\/2025\/10\/1001341709-edited.jpg","articleSection":["DIPLOMATIE"],"inLanguage":"fr-FR"},{"@type":"WebPage","@id":"https:\/\/www.lejournalci.org\/index.php\/2025\/10\/14\/guinee-equatoriale-independance-an57-discours-integral-du-president-de-la-republique-teodoro-obiang-nguema-mbasogo\/","url":"https:\/\/www.lejournalci.org\/index.php\/2025\/10\/14\/guinee-equatoriale-independance-an57-discours-integral-du-president-de-la-republique-teodoro-obiang-nguema-mbasogo\/","name":"Guin\u00e9e \u00c9quatoriale\/Ind\u00e9pendance An57: Discours Int\u00e9gral du Pr\u00e9sident de la R\u00e9publique Teodoro Obiang Nguema Mbasogo - Cooperation Internationale","isPartOf":{"@id":"https:\/\/www.lejournalci.org\/#website"},"primaryImageOfPage":{"@id":"https:\/\/www.lejournalci.org\/index.php\/2025\/10\/14\/guinee-equatoriale-independance-an57-discours-integral-du-president-de-la-republique-teodoro-obiang-nguema-mbasogo\/#primaryimage"},"image":{"@id":"https:\/\/www.lejournalci.org\/index.php\/2025\/10\/14\/guinee-equatoriale-independance-an57-discours-integral-du-president-de-la-republique-teodoro-obiang-nguema-mbasogo\/#primaryimage"},"thumbnailUrl":"https:\/\/www.lejournalci.org\/wp-content\/uploads\/2025\/10\/1001341709-edited.jpg","datePublished":"2025-10-14T09:33:57+00:00","dateModified":"2025-10-14T09:33:58+00:00","breadcrumb":{"@id":"https:\/\/www.lejournalci.org\/index.php\/2025\/10\/14\/guinee-equatoriale-independance-an57-discours-integral-du-president-de-la-republique-teodoro-obiang-nguema-mbasogo\/#breadcrumb"},"inLanguage":"fr-FR","potentialAction":[{"@type":"ReadAction","target":["https:\/\/www.lejournalci.org\/index.php\/2025\/10\/14\/guinee-equatoriale-independance-an57-discours-integral-du-president-de-la-republique-teodoro-obiang-nguema-mbasogo\/"]}]},{"@type":"ImageObject","inLanguage":"fr-FR","@id":"https:\/\/www.lejournalci.org\/index.php\/2025\/10\/14\/guinee-equatoriale-independance-an57-discours-integral-du-president-de-la-republique-teodoro-obiang-nguema-mbasogo\/#primaryimage","url":"https:\/\/www.lejournalci.org\/wp-content\/uploads\/2025\/10\/1001341709-edited.jpg","contentUrl":"https:\/\/www.lejournalci.org\/wp-content\/uploads\/2025\/10\/1001341709-edited.jpg","width":2048,"height":1152},{"@type":"BreadcrumbList","@id":"https:\/\/www.lejournalci.org\/index.php\/2025\/10\/14\/guinee-equatoriale-independance-an57-discours-integral-du-president-de-la-republique-teodoro-obiang-nguema-mbasogo\/#breadcrumb","itemListElement":[{"@type":"ListItem","position":1,"name":"Accueil","item":"https:\/\/www.lejournalci.org\/"},{"@type":"ListItem","position":2,"name":"Guin\u00e9e \u00c9quatoriale\/Ind\u00e9pendance An57: Discours Int\u00e9gral du Pr\u00e9sident de la R\u00e9publique Teodoro Obiang Nguema Mbasogo"}]},{"@type":"WebSite","@id":"https:\/\/www.lejournalci.org\/#website","url":"https:\/\/www.lejournalci.org\/","name":"Cooperation Internationale","description":"Faire de la Coop\u00e9ration un Puissant Instrument de D\u00e9veloppement","publisher":{"@id":"https:\/\/www.lejournalci.org\/#organization"},"potentialAction":[{"@type":"SearchAction","target":{"@type":"EntryPoint","urlTemplate":"https:\/\/www.lejournalci.org\/?s={search_term_string}"},"query-input":{"@type":"PropertyValueSpecification","valueRequired":true,"valueName":"search_term_string"}}],"inLanguage":"fr-FR"},{"@type":"Organization","@id":"https:\/\/www.lejournalci.org\/#organization","name":"Cooperation Internationale","url":"https:\/\/www.lejournalci.org\/","logo":{"@type":"ImageObject","inLanguage":"fr-FR","@id":"https:\/\/www.lejournalci.org\/#\/schema\/logo\/image\/","url":"https:\/\/www.lejournalci.org\/wp-content\/uploads\/2024\/12\/logo-coopint_HD_3.jpg","contentUrl":"https:\/\/www.lejournalci.org\/wp-content\/uploads\/2024\/12\/logo-coopint_HD_3.jpg","width":700,"height":214,"caption":"Cooperation Internationale"},"image":{"@id":"https:\/\/www.lejournalci.org\/#\/schema\/logo\/image\/"},"sameAs":["https:\/\/www.facebook.com\/journalCI\/","https:\/\/x.com\/lejournalc"]},{"@type":"Person","@id":"https:\/\/www.lejournalci.org\/#\/schema\/person\/2efe42dc5459aaaf6d89cb27e736002b","name":"La R\u00e9daction CI","image":{"@type":"ImageObject","inLanguage":"fr-FR","@id":"https:\/\/www.lejournalci.org\/#\/schema\/person\/image\/","url":"https:\/\/secure.gravatar.com\/avatar\/e63ab2ab378e283740d8889fbe2ec43fdcee7ac714a480d705f61cb1e5675c4c?s=96&d=mm&r=g","contentUrl":"https:\/\/secure.gravatar.com\/avatar\/e63ab2ab378e283740d8889fbe2ec43fdcee7ac714a480d705f61cb1e5675c4c?s=96&d=mm&r=g","caption":"La R\u00e9daction CI"},"url":"https:\/\/www.lejournalci.org\/index.php\/author\/noebricendongyahoo-fr\/"}]}},"jetpack_publicize_connections":[],"jetpack_featured_media_url":"https:\/\/www.lejournalci.org\/wp-content\/uploads\/2025\/10\/1001341709-edited.jpg","jetpack_sharing_enabled":true,"_links":{"self":[{"href":"https:\/\/www.lejournalci.org\/index.php\/wp-json\/wp\/v2\/posts\/9252","targetHints":{"allow":["GET"]}}],"collection":[{"href":"https:\/\/www.lejournalci.org\/index.php\/wp-json\/wp\/v2\/posts"}],"about":[{"href":"https:\/\/www.lejournalci.org\/index.php\/wp-json\/wp\/v2\/types\/post"}],"author":[{"embeddable":true,"href":"https:\/\/www.lejournalci.org\/index.php\/wp-json\/wp\/v2\/users\/3"}],"replies":[{"embeddable":true,"href":"https:\/\/www.lejournalci.org\/index.php\/wp-json\/wp\/v2\/comments?post=9252"}],"version-history":[{"count":1,"href":"https:\/\/www.lejournalci.org\/index.php\/wp-json\/wp\/v2\/posts\/9252\/revisions"}],"predecessor-version":[{"id":9256,"href":"https:\/\/www.lejournalci.org\/index.php\/wp-json\/wp\/v2\/posts\/9252\/revisions\/9256"}],"wp:featuredmedia":[{"embeddable":true,"href":"https:\/\/www.lejournalci.org\/index.php\/wp-json\/wp\/v2\/media\/9255"}],"wp:attachment":[{"href":"https:\/\/www.lejournalci.org\/index.php\/wp-json\/wp\/v2\/media?parent=9252"}],"wp:term":[{"taxonomy":"category","embeddable":true,"href":"https:\/\/www.lejournalci.org\/index.php\/wp-json\/wp\/v2\/categories?post=9252"},{"taxonomy":"post_tag","embeddable":true,"href":"https:\/\/www.lejournalci.org\/index.php\/wp-json\/wp\/v2\/tags?post=9252"}],"curies":[{"name":"wp","href":"https:\/\/api.w.org\/{rel}","templated":true}]}}