{"id":7415,"date":"2025-07-04T17:34:41","date_gmt":"2025-07-04T17:34:41","guid":{"rendered":"https:\/\/www.lejournalci.org\/?p=7415"},"modified":"2025-07-04T17:34:43","modified_gmt":"2025-07-04T17:34:43","slug":"gabon-oligui-nguema-maintient-la-transparence-de-laction-publique","status":"publish","type":"post","link":"https:\/\/www.lejournalci.org\/index.php\/2025\/07\/04\/gabon-oligui-nguema-maintient-la-transparence-de-laction-publique\/","title":{"rendered":"Gabon : Oligui Nguema maintient la Transparence de l&#8217;Action Publique"},"content":{"rendered":"\n<p><strong>Ce vendredi 4 juillet 2025, le Porte-parole de la Pr\u00e9sidence de la R\u00e9publique, M. Th\u00e9ophane Junior Nzame-Nze Biyoghe , a anim\u00e9 une conf\u00e9rence de presse au Palais R\u00e9novation.m, la deuxi\u00e8me du genre depuis sa nomination.Cette initiative s\u2019inscrit dans la volont\u00e9 du Chef de l\u2019\u00c9tat, de maintenir un dialogue r\u00e9gulier avec les citoyens et d\u2019assurer la transparence de l\u2019action publique.<br>Lors des \u00e9changes plusieurs sujets d\u2019actualit\u00e9 ont \u00e9t\u00e9 abord\u00e9s, ainsi que l\u2019avancement des priorit\u00e9s pr\u00e9sidentielles et gouvernementales pour r\u00e9pondre aux attentes du peuple gabonais. Ci-dessous l&#8217;int\u00e9gralit\u00e9 de son intervention pr\u00e9liminaires devant la presse nationale et internationale<\/strong><\/p>\n\n\n\n<p><strong>Mesdames et Messieurs, repr\u00e9sentants de la presse nationale et internationale,<\/strong><\/p>\n\n\n\n<p>Merci d\u2019avoir r\u00e9pondu pr\u00e9sents \u00e0 cette conf\u00e9rence de presse tenue ce jour au Palais de la Pr\u00e9sidence de la R\u00e9publique. Cet exercice r\u00e9publicain s\u2019inscrit, comme vous le savez, dans la volont\u00e9 de maintenir un dialogue r\u00e9gulier et transparent avec vous, afin d\u2019\u00e9clairer l\u2019opinion publique sur les grandes questions d\u2019actualit\u00e9, tant au niveau national qu\u2019international.<\/p>\n\n\n\n<p>Le Pr\u00e9sident de la R\u00e9publique, Chef de l\u2019\u00c9tat, Chef du Gouvernement, S.E.M. Brice Clotaire Oligui Nguema, nourrit une ambition profonde : transformer notre pays, le Gabon, et mettre r\u00e9solument l\u2019\u00c9tat au service de chaque Gabonaise et de chaque Gabonais, dans un esprit d\u2019\u00e9quit\u00e9, de progr\u00e8s et de d\u00e9veloppement partag\u00e9. Cette ambition passe par des d\u00e9cisions audacieuses et porteuses d\u2019espoir, qui ouvrent de nouvelles perspectives pour notre Nation.<\/p>\n\n\n\n<p>Dans cette dynamique, et au cours des derni\u00e8res semaines, le Chef de l\u2019\u00c9tat a initi\u00e9 de nombreuses actions structurantes, parmi lesquelles la signature r\u00e9cente d\u2019une convention entre l\u2019\u00c9tat gabonais et le groupe Cybastion pour la cr\u00e9ation d\u2019un Data Center national. Ce projet strat\u00e9gique, soutenu par des partenaires internationaux, vise \u00e0 b\u00e2tir des infrastructures num\u00e9riques ind\u00e9pendantes et s\u00e9curis\u00e9es. Il pr\u00e9voit \u00e9galement la formation gratuite de 1 000 jeunes Gabonais aux m\u00e9tiers du digital, afin que ces derniers portent et incarnent les ambitions nationales en mati\u00e8re d\u2019\u00e9conomie num\u00e9rique.<\/p>\n\n\n\n<p>En mati\u00e8re d\u2019infrastructures, le Pr\u00e9sident de la R\u00e9publique a pr\u00e9sid\u00e9 la signature d\u2019une convention tripartite entre l\u2019\u00c9tat gabonais, le groupe EBOMAF et BGFIBank, pour le projet de construction de la route reliant Ntoum \u00e0 Cocobeach, longue de 83 kilom\u00e8tres. Cet axe comprendra une chauss\u00e9e \u00e0 deux voies, int\u00e9grant 9 ponts et 133 ouvrages hydrauliques, afin de garantir une circulation s\u00e9curis\u00e9e et fluide toute l\u2019ann\u00e9e.<\/p>\n\n\n\n<figure class=\"wp-block-image size-large\"><img loading=\"lazy\" decoding=\"async\" width=\"2048\" height=\"1152\" src=\"https:\/\/www.lejournalci.org\/wp-content\/uploads\/2025\/07\/1000978786-edited.jpg\" alt=\"\" class=\"wp-image-7420\" srcset=\"https:\/\/www.lejournalci.org\/wp-content\/uploads\/2025\/07\/1000978786-edited.jpg 2048w, https:\/\/www.lejournalci.org\/wp-content\/uploads\/2025\/07\/1000978786-edited-300x169.jpg 300w, https:\/\/www.lejournalci.org\/wp-content\/uploads\/2025\/07\/1000978786-edited-1024x576.jpg 1024w, https:\/\/www.lejournalci.org\/wp-content\/uploads\/2025\/07\/1000978786-edited-768x432.jpg 768w, https:\/\/www.lejournalci.org\/wp-content\/uploads\/2025\/07\/1000978786-edited-1536x864.jpg 1536w\" sizes=\"auto, (max-width: 2048px) 100vw, 2048px\" \/><figcaption class=\"wp-element-caption\"><em>Une vue de la presse nationale et internationale le 04\/07\/2025 , au Palais R\u00e9novation.<\/em><\/figcaption><\/figure>\n\n\n\n<p>Ce chantier, d\u2019une valeur de plus de 100 milliards de FCFA illustre la volont\u00e9 du Chef de l\u2019\u00c9tat de d\u00e9senclaver Cocobeach et en faire une ville baln\u00e9aire attractive. Cette infrastructure stimulera l\u2019\u00e9conomie locale, am\u00e9liorera la qualit\u00e9 de vie des habitants et facilitera l\u2019acc\u00e8s aux services essentiels.<\/p>\n\n\n\n<p>Toujours dans la m\u00eame vision, la route Alemb\u00e9\u2013Mikouyi, d\u2019un lin\u00e9aire de 300 kilom\u00e8tres, reliera les provinces du Moyen-Ogoou\u00e9, de l\u2019Ogoou\u00e9-Ivindo, de l\u2019Ogoou\u00e9-Lolo, du Haut-Ogoou\u00e9 et de la Ngouni\u00e9. Ce chantier, confi\u00e9 \u00e0 Porteo BTP avec le soutien financier de BGFIBank, vise \u00e0 offrir une alternative durable au transport ferroviaire, principal canal d\u2019approvisionnement \u00e0 l\u2019int\u00e9rieur du pays, mais aujourd\u2019hui fortement affect\u00e9 par l\u2019\u00e9tat v\u00e9tuste du r\u00e9seau.<\/p>\n\n\n\n<p>De plus, cet axe traverse un parc prot\u00e9g\u00e9 inscrit au patrimoine mondial de l\u2019UNESCO, ce qui impose des mesures strictes pour pr\u00e9server la biodiversit\u00e9 et minimiser l\u2019impact environnemental. Le projet pr\u00e9voit 26 ouvrages d\u2019art et pr\u00e8s de 6 000 m\u00e8tres lin\u00e9aires d\u2019ouvrages hydrauliques, t\u00e9moignant du soin apport\u00e9 \u00e0 la robustesse et \u00e0 la durabilit\u00e9 de l\u2019infrastructure.<\/p>\n\n\n\n<p>Abordons \u00e0 pr\u00e9sent l\u2019op\u00e9ration de r\u00e9am\u00e9nagement urbain et de lib\u00e9ration des espaces d\u2019utilit\u00e9 publique, notamment dans la zone de Plaine Orety et ses alentours. Le Pr\u00e9sident de la R\u00e9publique continue de suivre personnellement l\u2019\u00e9volution du dossier, conscient de son impact direct sur le bien-\u00eatre des populations concern\u00e9es.<\/p>\n\n\n\n<p>C\u2019est pourquoi, comme vous le savez, une commission sp\u00e9ciale, pr\u00e9sid\u00e9e par le Vice-Pr\u00e9sident de la R\u00e9publique, Docteur S\u00e9raphin Moundounga, a \u00e9t\u00e9 mise en place. Elle incarne la volont\u00e9 d\u2019agir avec rigueur, responsabilit\u00e9 et surtout avec transparence sur cette question. Sa mission : collecter, analyser et valider toutes les informations n\u00e9cessaires avant toute d\u00e9cision finale.<\/p>\n\n\n\n<p>\u00c0 ce jour, trois r\u00e9unions majeures de ladite commission ont d\u00e9j\u00e0 eu lieu. Une quatri\u00e8me rencontre est pr\u00e9vue prochainement, illustrant la d\u00e9marche progressive et inclusive adopt\u00e9e par l\u2019\u00c9tat.<\/p>\n\n\n\n<p>Il est essentiel de rappeler que la zone concern\u00e9e est class\u00e9e d\u2019utilit\u00e9 publique depuis 1976, pour la r\u00e9alisation de grands projets d\u2019infrastructures, notamment la construction du boulevard Triomphal. L\u2019op\u00e9ration en cours s\u2019inscrit \u00e9galement dans une logique de rationalisation des finances publiques : chaque ann\u00e9e, l\u2019\u00c9tat d\u00e9pense entre 25 et 30 milliards de FCFA en baux administratifs. La construction d\u2019\u00e9difices publics sur des terrains domaniaux permettra de r\u00e9duire ces charges et de renforcer notre souverainet\u00e9 immobili\u00e8re.<\/p>\n\n\n\n<p>Enfin, au sujet de la d\u00e9claration publique et conjointe de Mme Sylvia Bongo Ondimba et de M. Noureddin Bongo Valentin, diffus\u00e9e le jeudi 3 juillet 2025, d\u00e9non\u00e7ant des actes de torture et des traitements inhumains qui auraient \u00e9t\u00e9 perp\u00e9tr\u00e9s \u00e0 leur encontre, la Pr\u00e9sidence de la R\u00e9publique prend acte de ladite d\u00e9claration. Elle constate par ailleurs, avec \u00e9tonnement, qu\u2019alors que, b\u00e9n\u00e9ficiant d\u2019une libert\u00e9 provisoire accord\u00e9e le 16 mai dernier, les deux inculp\u00e9s auraient pu employer leur temps \u00e0 la pr\u00e9paration de leur d\u00e9fense dans l\u2019attente de leur proc\u00e8s devant la justice gabonaise, ils ont choisi de s\u2019illustrer par ce qui pourrait s\u2019apparenter \u00e0 une strat\u00e9gie de diversion et de brouillage judiciaire.<\/p>\n\n\n\n<p>Il convient, \u00e0 toutes fins utiles, de rappeler ici les chefs d\u2019inculpation retenus contre Mme Sylvia Bongo et M. Noureddin Bongo Valentin : haute trahison contre les institutions de l\u2019\u00c9tat, d\u00e9tournement massif de deniers publics, malversations financi\u00e8res internationales en bande organis\u00e9e, faux et usage de faux, falsification de la signature du Pr\u00e9sident de la R\u00e9publique, corruption active, entre autres.<\/p>\n\n\n\n<p>Ces chefs d\u2019inculpation sont suffisamment graves pour m\u00e9riter des r\u00e9ponses. Car les Gabonais ont droit \u00e0 la v\u00e9rit\u00e9 sur la gestion qui a \u00e9t\u00e9 faite de l\u2019\u00c9tat et de ses ressources sous l\u2019ancien r\u00e9gime.<\/p>\n\n\n\n<p>L\u2019ensemble des proc\u00e9dures en cours respecte le cadre l\u00e9gal, sous l\u2019autorit\u00e9 exclusive des juridictions comp\u00e9tentes. Ces proc\u00e9dures se poursuivent, et la justice sera rendue au nom du peuple gabonais. Pas sur les r\u00e9seaux sociaux, ni dans les m\u00e9dias, mais bien dans les pr\u00e9toires de notre pays.<br>L\u2019\u00c9tat gabonais reste donc fermement engag\u00e9 \u00e0 d\u00e9fendre la v\u00e9rit\u00e9, la justice et la stabilit\u00e9, dans le respect des droits humains et des principes r\u00e9publicains.<\/p>\n\n\n\n<figure class=\"wp-block-image size-large\"><img loading=\"lazy\" decoding=\"async\" width=\"1600\" height=\"900\" src=\"https:\/\/www.lejournalci.org\/wp-content\/uploads\/2025\/07\/1000978790-edited.jpg\" alt=\"\" class=\"wp-image-7422\" srcset=\"https:\/\/www.lejournalci.org\/wp-content\/uploads\/2025\/07\/1000978790-edited.jpg 1600w, https:\/\/www.lejournalci.org\/wp-content\/uploads\/2025\/07\/1000978790-edited-300x169.jpg 300w, https:\/\/www.lejournalci.org\/wp-content\/uploads\/2025\/07\/1000978790-edited-1024x576.jpg 1024w, https:\/\/www.lejournalci.org\/wp-content\/uploads\/2025\/07\/1000978790-edited-768x432.jpg 768w, https:\/\/www.lejournalci.org\/wp-content\/uploads\/2025\/07\/1000978790-edited-1536x864.jpg 1536w\" sizes=\"auto, (max-width: 1600px) 100vw, 1600px\" \/><figcaption class=\"wp-element-caption\"><em>Une vie de l&#8217;ensemble de la presse nationale et internationale au palais r\u00e9novation le 04\/07\/2025<\/em><\/figcaption><\/figure>\n\n\n\n<p><strong>Abordons \u00e0 pr\u00e9sent les r\u00e9cents d\u00e9placements internationaux du Chef de l\u2019\u00c9tat.<\/strong><\/p>\n\n\n\n<p>Comme vous le savez, Son Excellence le Pr\u00e9sident de la R\u00e9publique a pris part au 17\u1d49 Sommet des affaires \u00c9tats-Unis \u2013 Afrique, qui s\u2019est tenu en Angola. La participation du Chef de l\u2019\u00c9tat \u00e0 cet \u00e9v\u00e9nement d\u2019envergure a constitu\u00e9 une occasion majeure de promouvoir les initiatives en cours visant la transformation structurelle de l\u2019\u00e9conomie nationale.<\/p>\n\n\n\n<p>Ce d\u00e9placement a \u00e9galement permis de mettre en avant les projets porteurs, con\u00e7us pour attirer davantage d\u2019investissements directs \u00e9trangers au Gabon, et de renforcer la visibilit\u00e9 du pays sur la sc\u00e8ne \u00e9conomique continentale.<\/p>\n\n\n\n<p>Dans la continuit\u00e9 de cette dynamique, le Pr\u00e9sident de la R\u00e9publique a \u00e9galement pris part \u00e0 la 32\u1d49 Assembl\u00e9e annuelle de la Banque Africaine d\u2019Import-Export (Afreximbank). Cette rencontre de haut niveau, qui a r\u00e9uni plusieurs chefs d\u2019\u00c9tat et de gouvernement, t\u00e9moigne de la volont\u00e9 du Gabon de s\u2019inscrire pleinement dans les dynamiques \u00e9conomiques r\u00e9gionales et de consolider sa place en tant qu\u2019acteur strat\u00e9gique et cr\u00e9dible. En marge de cet \u00e9v\u00e9nement, deux conventions majeures ont \u00e9t\u00e9 sign\u00e9. La premi\u00e8re d\u2019une valeur de 1600 milliards de FCFA pour les infrastructures strat\u00e9giques inh\u00e9rentes \u00e0 la transformation locale du mangan\u00e8se. La deuxi\u00e8me d\u2019une valeur de 112 milliards de F CFA pour la construction de trois centrales \u00e9nerg\u00e9tiques \u00e0 Libreville, Port-Gentil et Lambar\u00e9n\u00e9.<\/p>\n\n\n\n<p>Pour conclure, vous l\u2019avez sans doute relay\u00e9 dans vos diff\u00e9rents canaux de communication : le Chef de l\u2019\u00c9tat a re\u00e7u une invitation officielle de Son Excellence Donald Trump, Pr\u00e9sident des \u00c9tats-Unis d\u2019Am\u00e9rique, pour participer \u00e0 une rencontre multilat\u00e9rale pr\u00e9vue \u00e0 la Maison-Blanche, du 9 au 11 juillet prochain.<\/p>\n\n\n\n<p>Cette rencontre d\u2019envergure, \u00e0 laquelle ne participeront que cinq pays africains tri\u00e9s sur le volet, vise \u00e0 explorer de nouvelles opportunit\u00e9s de coop\u00e9ration entre les \u00c9tats-Unis et le continent africain. Le choix port\u00e9 sur le Gabon refl\u00e8te l\u2019excellence des relations bilat\u00e9rales entre Libreville et Washington, ainsi que la reconnaissance de la vision et des r\u00e9formes impuls\u00e9es par le Chef de l\u2019\u00c9tat.<br>Je vous remercie pour votre attention et me tiens \u00e0 votre disposition pour r\u00e9pondre \u00e0 vos questions.<\/p>\n\n\n\n<p><strong><em>Source : Pr\u00e9sidence de la R\u00e9publique gabonaise.<\/em><\/strong><\/p>\n","protected":false},"excerpt":{"rendered":"<p>Ce vendredi 4 juillet 2025, le Porte-parole de la Pr\u00e9sidence de la R\u00e9publique, M. Th\u00e9ophane Junior Nzame-Nze Biyoghe , a anim\u00e9 une conf\u00e9rence de presse au Palais R\u00e9novation.m, la deuxi\u00e8me du genre depuis sa nomination.Cette initiative s\u2019inscrit dans la volont\u00e9 du Chef de l\u2019\u00c9tat, de maintenir un dialogue r\u00e9gulier avec<\/p>\n","protected":false},"author":3,"featured_media":7418,"comment_status":"closed","ping_status":"open","sticky":false,"template":"","format":"standard","meta":{"colormag_page_container_layout":"default_layout","colormag_page_sidebar_layout":"default_layout","_jetpack_memberships_contains_paid_content":false,"footnotes":"","jetpack_publicize_message":"","jetpack_publicize_feature_enabled":true,"jetpack_social_post_already_shared":true,"jetpack_social_options":{"image_generator_settings":{"template":"highway","default_image_id":0,"font":"","enabled":false},"version":2}},"categories":[58],"tags":[],"class_list":["post-7415","post","type-post","status-publish","format-standard","has-post-thumbnail","hentry","category-national"],"magazineBlocksPostFeaturedMedia":{"thumbnail":"https:\/\/www.lejournalci.org\/wp-content\/uploads\/2025\/07\/1000978754-edited-150x150.jpg","medium":"https:\/\/www.lejournalci.org\/wp-content\/uploads\/2025\/07\/1000978754-edited-300x169.jpg","medium_large":"https:\/\/www.lejournalci.org\/wp-content\/uploads\/2025\/07\/1000978754-edited-768x432.jpg","large":"https:\/\/www.lejournalci.org\/wp-content\/uploads\/2025\/07\/1000978754-edited-1024x576.jpg","1536x1536":"https:\/\/www.lejournalci.org\/wp-content\/uploads\/2025\/07\/1000978754-edited-1536x864.jpg","2048x2048":"https:\/\/www.lejournalci.org\/wp-content\/uploads\/2025\/07\/1000978754-edited.jpg","colormag-highlighted-post":"https:\/\/www.lejournalci.org\/wp-content\/uploads\/2025\/07\/1000978754-edited-392x272.jpg","colormag-featured-post-medium":"https:\/\/www.lejournalci.org\/wp-content\/uploads\/2025\/07\/1000978754-edited-390x205.jpg","colormag-featured-post-small":"https:\/\/www.lejournalci.org\/wp-content\/uploads\/2025\/07\/1000978754-edited-130x90.jpg","colormag-featured-image":"https:\/\/www.lejournalci.org\/wp-content\/uploads\/2025\/07\/1000978754-edited-800x445.jpg","colormag-default-news":"https:\/\/www.lejournalci.org\/wp-content\/uploads\/2025\/07\/1000978754-edited-150x150.jpg","colormag-featured-image-large":"https:\/\/www.lejournalci.org\/wp-content\/uploads\/2025\/07\/1000978754-edited-1400x600.jpg"},"magazineBlocksPostAuthor":{"name":"La R\u00e9daction CI","avatar":"https:\/\/secure.gravatar.com\/avatar\/e63ab2ab378e283740d8889fbe2ec43fdcee7ac714a480d705f61cb1e5675c4c?s=96&d=mm&r=g"},"magazineBlocksPostCommentsNumber":false,"magazineBlocksPostExcerpt":"Ce vendredi 4 juillet 2025, le Porte-parole de la Pr\u00e9sidence de la R\u00e9publique, M. Th\u00e9ophane Junior Nzame-Nze Biyoghe , a anim\u00e9 une conf\u00e9rence de presse au Palais R\u00e9novation.m, la deuxi\u00e8me du genre depuis sa nomination.Cette initiative s\u2019inscrit dans la volont\u00e9 du Chef de l\u2019\u00c9tat, de maintenir un dialogue r\u00e9gulier avec","magazineBlocksPostCategories":["NATIONAL"],"magazineBlocksPostViewCount":735,"magazineBlocksPostReadTime":9,"magazine_blocks_featured_image_url":{"full":["https:\/\/www.lejournalci.org\/wp-content\/uploads\/2025\/07\/1000978754-edited.jpg",1600,900,false],"medium":["https:\/\/www.lejournalci.org\/wp-content\/uploads\/2025\/07\/1000978754-edited-300x169.jpg",300,169,true],"thumbnail":["https:\/\/www.lejournalci.org\/wp-content\/uploads\/2025\/07\/1000978754-edited-150x150.jpg",150,150,true]},"magazine_blocks_author":{"display_name":"La R\u00e9daction CI","author_link":"https:\/\/www.lejournalci.org\/index.php\/author\/noebricendongyahoo-fr\/"},"magazine_blocks_comment":0,"magazine_blocks_author_image":"https:\/\/secure.gravatar.com\/avatar\/e63ab2ab378e283740d8889fbe2ec43fdcee7ac714a480d705f61cb1e5675c4c?s=96&d=mm&r=g","magazine_blocks_category":"<a href=\"#\" class=\"category-link category-link-58\">NATIONAL<\/a>","yoast_head":"<!-- This site is optimized with the Yoast SEO plugin v26.2 - https:\/\/yoast.com\/wordpress\/plugins\/seo\/ -->\n<title>Gabon : Oligui Nguema maintient la Transparence de l&#039;Action Publique - Cooperation Internationale<\/title>\n<meta name=\"robots\" content=\"index, follow, max-snippet:-1, max-image-preview:large, max-video-preview:-1\" \/>\n<link rel=\"canonical\" href=\"https:\/\/www.lejournalci.org\/index.php\/2025\/07\/04\/gabon-oligui-nguema-maintient-la-transparence-de-laction-publique\/\" \/>\n<meta property=\"og:locale\" content=\"fr_FR\" \/>\n<meta property=\"og:type\" content=\"article\" \/>\n<meta property=\"og:title\" content=\"Gabon : Oligui Nguema maintient la Transparence de l&#039;Action Publique - Cooperation Internationale\" \/>\n<meta property=\"og:description\" content=\"Ce vendredi 4 juillet 2025, le Porte-parole de la Pr\u00e9sidence de la R\u00e9publique, M. Th\u00e9ophane Junior Nzame-Nze Biyoghe , a anim\u00e9 une conf\u00e9rence de presse au Palais R\u00e9novation.m, la deuxi\u00e8me du genre depuis sa nomination.Cette initiative s\u2019inscrit dans la volont\u00e9 du Chef de l\u2019\u00c9tat, de maintenir un dialogue r\u00e9gulier avec\" \/>\n<meta property=\"og:url\" content=\"https:\/\/www.lejournalci.org\/index.php\/2025\/07\/04\/gabon-oligui-nguema-maintient-la-transparence-de-laction-publique\/\" \/>\n<meta property=\"og:site_name\" content=\"Cooperation Internationale\" \/>\n<meta property=\"article:publisher\" content=\"https:\/\/www.facebook.com\/journalCI\/\" \/>\n<meta property=\"article:published_time\" content=\"2025-07-04T17:34:41+00:00\" \/>\n<meta property=\"article:modified_time\" content=\"2025-07-04T17:34:43+00:00\" \/>\n<meta property=\"og:image\" content=\"https:\/\/www.lejournalci.org\/wp-content\/uploads\/2025\/07\/1000978754-edited.jpg\" \/>\n\t<meta property=\"og:image:width\" content=\"1600\" \/>\n\t<meta property=\"og:image:height\" content=\"900\" \/>\n\t<meta property=\"og:image:type\" content=\"image\/jpeg\" \/>\n<meta name=\"author\" content=\"La R\u00e9daction CI\" \/>\n<meta name=\"twitter:card\" content=\"summary_large_image\" \/>\n<meta name=\"twitter:creator\" content=\"@lejournalc\" \/>\n<meta name=\"twitter:site\" content=\"@lejournalc\" \/>\n<meta name=\"twitter:label1\" content=\"\u00c9crit par\" \/>\n\t<meta name=\"twitter:data1\" content=\"La R\u00e9daction CI\" \/>\n\t<meta name=\"twitter:label2\" content=\"Dur\u00e9e de lecture estim\u00e9e\" \/>\n\t<meta name=\"twitter:data2\" content=\"8 minutes\" \/>\n<script type=\"application\/ld+json\" class=\"yoast-schema-graph\">{\"@context\":\"https:\/\/schema.org\",\"@graph\":[{\"@type\":\"Article\",\"@id\":\"https:\/\/www.lejournalci.org\/index.php\/2025\/07\/04\/gabon-oligui-nguema-maintient-la-transparence-de-laction-publique\/#article\",\"isPartOf\":{\"@id\":\"https:\/\/www.lejournalci.org\/index.php\/2025\/07\/04\/gabon-oligui-nguema-maintient-la-transparence-de-laction-publique\/\"},\"author\":{\"name\":\"La R\u00e9daction CI\",\"@id\":\"https:\/\/www.lejournalci.org\/#\/schema\/person\/2efe42dc5459aaaf6d89cb27e736002b\"},\"headline\":\"Gabon : Oligui Nguema maintient la Transparence de l&#8217;Action Publique\",\"datePublished\":\"2025-07-04T17:34:41+00:00\",\"dateModified\":\"2025-07-04T17:34:43+00:00\",\"mainEntityOfPage\":{\"@id\":\"https:\/\/www.lejournalci.org\/index.php\/2025\/07\/04\/gabon-oligui-nguema-maintient-la-transparence-de-laction-publique\/\"},\"wordCount\":1618,\"publisher\":{\"@id\":\"https:\/\/www.lejournalci.org\/#organization\"},\"image\":{\"@id\":\"https:\/\/www.lejournalci.org\/index.php\/2025\/07\/04\/gabon-oligui-nguema-maintient-la-transparence-de-laction-publique\/#primaryimage\"},\"thumbnailUrl\":\"https:\/\/www.lejournalci.org\/wp-content\/uploads\/2025\/07\/1000978754-edited.jpg\",\"articleSection\":[\"NATIONAL\"],\"inLanguage\":\"fr-FR\"},{\"@type\":\"WebPage\",\"@id\":\"https:\/\/www.lejournalci.org\/index.php\/2025\/07\/04\/gabon-oligui-nguema-maintient-la-transparence-de-laction-publique\/\",\"url\":\"https:\/\/www.lejournalci.org\/index.php\/2025\/07\/04\/gabon-oligui-nguema-maintient-la-transparence-de-laction-publique\/\",\"name\":\"Gabon : Oligui Nguema maintient la Transparence de l'Action Publique - Cooperation Internationale\",\"isPartOf\":{\"@id\":\"https:\/\/www.lejournalci.org\/#website\"},\"primaryImageOfPage\":{\"@id\":\"https:\/\/www.lejournalci.org\/index.php\/2025\/07\/04\/gabon-oligui-nguema-maintient-la-transparence-de-laction-publique\/#primaryimage\"},\"image\":{\"@id\":\"https:\/\/www.lejournalci.org\/index.php\/2025\/07\/04\/gabon-oligui-nguema-maintient-la-transparence-de-laction-publique\/#primaryimage\"},\"thumbnailUrl\":\"https:\/\/www.lejournalci.org\/wp-content\/uploads\/2025\/07\/1000978754-edited.jpg\",\"datePublished\":\"2025-07-04T17:34:41+00:00\",\"dateModified\":\"2025-07-04T17:34:43+00:00\",\"breadcrumb\":{\"@id\":\"https:\/\/www.lejournalci.org\/index.php\/2025\/07\/04\/gabon-oligui-nguema-maintient-la-transparence-de-laction-publique\/#breadcrumb\"},\"inLanguage\":\"fr-FR\",\"potentialAction\":[{\"@type\":\"ReadAction\",\"target\":[\"https:\/\/www.lejournalci.org\/index.php\/2025\/07\/04\/gabon-oligui-nguema-maintient-la-transparence-de-laction-publique\/\"]}]},{\"@type\":\"ImageObject\",\"inLanguage\":\"fr-FR\",\"@id\":\"https:\/\/www.lejournalci.org\/index.php\/2025\/07\/04\/gabon-oligui-nguema-maintient-la-transparence-de-laction-publique\/#primaryimage\",\"url\":\"https:\/\/www.lejournalci.org\/wp-content\/uploads\/2025\/07\/1000978754-edited.jpg\",\"contentUrl\":\"https:\/\/www.lejournalci.org\/wp-content\/uploads\/2025\/07\/1000978754-edited.jpg\",\"width\":1600,\"height\":900},{\"@type\":\"BreadcrumbList\",\"@id\":\"https:\/\/www.lejournalci.org\/index.php\/2025\/07\/04\/gabon-oligui-nguema-maintient-la-transparence-de-laction-publique\/#breadcrumb\",\"itemListElement\":[{\"@type\":\"ListItem\",\"position\":1,\"name\":\"Accueil\",\"item\":\"https:\/\/www.lejournalci.org\/\"},{\"@type\":\"ListItem\",\"position\":2,\"name\":\"Gabon : Oligui Nguema maintient la Transparence de l&#8217;Action Publique\"}]},{\"@type\":\"WebSite\",\"@id\":\"https:\/\/www.lejournalci.org\/#website\",\"url\":\"https:\/\/www.lejournalci.org\/\",\"name\":\"Cooperation Internationale\",\"description\":\"Faire de la Coop\u00e9ration un Puissant Instrument de D\u00e9veloppement\",\"publisher\":{\"@id\":\"https:\/\/www.lejournalci.org\/#organization\"},\"potentialAction\":[{\"@type\":\"SearchAction\",\"target\":{\"@type\":\"EntryPoint\",\"urlTemplate\":\"https:\/\/www.lejournalci.org\/?s={search_term_string}\"},\"query-input\":{\"@type\":\"PropertyValueSpecification\",\"valueRequired\":true,\"valueName\":\"search_term_string\"}}],\"inLanguage\":\"fr-FR\"},{\"@type\":\"Organization\",\"@id\":\"https:\/\/www.lejournalci.org\/#organization\",\"name\":\"Cooperation Internationale\",\"url\":\"https:\/\/www.lejournalci.org\/\",\"logo\":{\"@type\":\"ImageObject\",\"inLanguage\":\"fr-FR\",\"@id\":\"https:\/\/www.lejournalci.org\/#\/schema\/logo\/image\/\",\"url\":\"https:\/\/www.lejournalci.org\/wp-content\/uploads\/2024\/12\/logo-coopint_HD_3.jpg\",\"contentUrl\":\"https:\/\/www.lejournalci.org\/wp-content\/uploads\/2024\/12\/logo-coopint_HD_3.jpg\",\"width\":700,\"height\":214,\"caption\":\"Cooperation Internationale\"},\"image\":{\"@id\":\"https:\/\/www.lejournalci.org\/#\/schema\/logo\/image\/\"},\"sameAs\":[\"https:\/\/www.facebook.com\/journalCI\/\",\"https:\/\/x.com\/lejournalc\"]},{\"@type\":\"Person\",\"@id\":\"https:\/\/www.lejournalci.org\/#\/schema\/person\/2efe42dc5459aaaf6d89cb27e736002b\",\"name\":\"La R\u00e9daction CI\",\"image\":{\"@type\":\"ImageObject\",\"inLanguage\":\"fr-FR\",\"@id\":\"https:\/\/www.lejournalci.org\/#\/schema\/person\/image\/\",\"url\":\"https:\/\/secure.gravatar.com\/avatar\/e63ab2ab378e283740d8889fbe2ec43fdcee7ac714a480d705f61cb1e5675c4c?s=96&d=mm&r=g\",\"contentUrl\":\"https:\/\/secure.gravatar.com\/avatar\/e63ab2ab378e283740d8889fbe2ec43fdcee7ac714a480d705f61cb1e5675c4c?s=96&d=mm&r=g\",\"caption\":\"La R\u00e9daction CI\"},\"url\":\"https:\/\/www.lejournalci.org\/index.php\/author\/noebricendongyahoo-fr\/\"}]}<\/script>\n<!-- \/ Yoast SEO plugin. -->","yoast_head_json":{"title":"Gabon : Oligui Nguema maintient la Transparence de l'Action Publique - Cooperation Internationale","robots":{"index":"index","follow":"follow","max-snippet":"max-snippet:-1","max-image-preview":"max-image-preview:large","max-video-preview":"max-video-preview:-1"},"canonical":"https:\/\/www.lejournalci.org\/index.php\/2025\/07\/04\/gabon-oligui-nguema-maintient-la-transparence-de-laction-publique\/","og_locale":"fr_FR","og_type":"article","og_title":"Gabon : Oligui Nguema maintient la Transparence de l'Action Publique - Cooperation Internationale","og_description":"Ce vendredi 4 juillet 2025, le Porte-parole de la Pr\u00e9sidence de la R\u00e9publique, M. Th\u00e9ophane Junior Nzame-Nze Biyoghe , a anim\u00e9 une conf\u00e9rence de presse au Palais R\u00e9novation.m, la deuxi\u00e8me du genre depuis sa nomination.Cette initiative s\u2019inscrit dans la volont\u00e9 du Chef de l\u2019\u00c9tat, de maintenir un dialogue r\u00e9gulier avec","og_url":"https:\/\/www.lejournalci.org\/index.php\/2025\/07\/04\/gabon-oligui-nguema-maintient-la-transparence-de-laction-publique\/","og_site_name":"Cooperation Internationale","article_publisher":"https:\/\/www.facebook.com\/journalCI\/","article_published_time":"2025-07-04T17:34:41+00:00","article_modified_time":"2025-07-04T17:34:43+00:00","og_image":[{"width":1600,"height":900,"url":"https:\/\/www.lejournalci.org\/wp-content\/uploads\/2025\/07\/1000978754-edited.jpg","type":"image\/jpeg"}],"author":"La R\u00e9daction CI","twitter_card":"summary_large_image","twitter_creator":"@lejournalc","twitter_site":"@lejournalc","twitter_misc":{"\u00c9crit par":"La R\u00e9daction CI","Dur\u00e9e de lecture estim\u00e9e":"8 minutes"},"schema":{"@context":"https:\/\/schema.org","@graph":[{"@type":"Article","@id":"https:\/\/www.lejournalci.org\/index.php\/2025\/07\/04\/gabon-oligui-nguema-maintient-la-transparence-de-laction-publique\/#article","isPartOf":{"@id":"https:\/\/www.lejournalci.org\/index.php\/2025\/07\/04\/gabon-oligui-nguema-maintient-la-transparence-de-laction-publique\/"},"author":{"name":"La R\u00e9daction CI","@id":"https:\/\/www.lejournalci.org\/#\/schema\/person\/2efe42dc5459aaaf6d89cb27e736002b"},"headline":"Gabon : Oligui Nguema maintient la Transparence de l&#8217;Action Publique","datePublished":"2025-07-04T17:34:41+00:00","dateModified":"2025-07-04T17:34:43+00:00","mainEntityOfPage":{"@id":"https:\/\/www.lejournalci.org\/index.php\/2025\/07\/04\/gabon-oligui-nguema-maintient-la-transparence-de-laction-publique\/"},"wordCount":1618,"publisher":{"@id":"https:\/\/www.lejournalci.org\/#organization"},"image":{"@id":"https:\/\/www.lejournalci.org\/index.php\/2025\/07\/04\/gabon-oligui-nguema-maintient-la-transparence-de-laction-publique\/#primaryimage"},"thumbnailUrl":"https:\/\/www.lejournalci.org\/wp-content\/uploads\/2025\/07\/1000978754-edited.jpg","articleSection":["NATIONAL"],"inLanguage":"fr-FR"},{"@type":"WebPage","@id":"https:\/\/www.lejournalci.org\/index.php\/2025\/07\/04\/gabon-oligui-nguema-maintient-la-transparence-de-laction-publique\/","url":"https:\/\/www.lejournalci.org\/index.php\/2025\/07\/04\/gabon-oligui-nguema-maintient-la-transparence-de-laction-publique\/","name":"Gabon : Oligui Nguema maintient la Transparence de l'Action Publique - Cooperation Internationale","isPartOf":{"@id":"https:\/\/www.lejournalci.org\/#website"},"primaryImageOfPage":{"@id":"https:\/\/www.lejournalci.org\/index.php\/2025\/07\/04\/gabon-oligui-nguema-maintient-la-transparence-de-laction-publique\/#primaryimage"},"image":{"@id":"https:\/\/www.lejournalci.org\/index.php\/2025\/07\/04\/gabon-oligui-nguema-maintient-la-transparence-de-laction-publique\/#primaryimage"},"thumbnailUrl":"https:\/\/www.lejournalci.org\/wp-content\/uploads\/2025\/07\/1000978754-edited.jpg","datePublished":"2025-07-04T17:34:41+00:00","dateModified":"2025-07-04T17:34:43+00:00","breadcrumb":{"@id":"https:\/\/www.lejournalci.org\/index.php\/2025\/07\/04\/gabon-oligui-nguema-maintient-la-transparence-de-laction-publique\/#breadcrumb"},"inLanguage":"fr-FR","potentialAction":[{"@type":"ReadAction","target":["https:\/\/www.lejournalci.org\/index.php\/2025\/07\/04\/gabon-oligui-nguema-maintient-la-transparence-de-laction-publique\/"]}]},{"@type":"ImageObject","inLanguage":"fr-FR","@id":"https:\/\/www.lejournalci.org\/index.php\/2025\/07\/04\/gabon-oligui-nguema-maintient-la-transparence-de-laction-publique\/#primaryimage","url":"https:\/\/www.lejournalci.org\/wp-content\/uploads\/2025\/07\/1000978754-edited.jpg","contentUrl":"https:\/\/www.lejournalci.org\/wp-content\/uploads\/2025\/07\/1000978754-edited.jpg","width":1600,"height":900},{"@type":"BreadcrumbList","@id":"https:\/\/www.lejournalci.org\/index.php\/2025\/07\/04\/gabon-oligui-nguema-maintient-la-transparence-de-laction-publique\/#breadcrumb","itemListElement":[{"@type":"ListItem","position":1,"name":"Accueil","item":"https:\/\/www.lejournalci.org\/"},{"@type":"ListItem","position":2,"name":"Gabon : Oligui Nguema maintient la Transparence de l&#8217;Action Publique"}]},{"@type":"WebSite","@id":"https:\/\/www.lejournalci.org\/#website","url":"https:\/\/www.lejournalci.org\/","name":"Cooperation Internationale","description":"Faire de la Coop\u00e9ration un Puissant Instrument de D\u00e9veloppement","publisher":{"@id":"https:\/\/www.lejournalci.org\/#organization"},"potentialAction":[{"@type":"SearchAction","target":{"@type":"EntryPoint","urlTemplate":"https:\/\/www.lejournalci.org\/?s={search_term_string}"},"query-input":{"@type":"PropertyValueSpecification","valueRequired":true,"valueName":"search_term_string"}}],"inLanguage":"fr-FR"},{"@type":"Organization","@id":"https:\/\/www.lejournalci.org\/#organization","name":"Cooperation Internationale","url":"https:\/\/www.lejournalci.org\/","logo":{"@type":"ImageObject","inLanguage":"fr-FR","@id":"https:\/\/www.lejournalci.org\/#\/schema\/logo\/image\/","url":"https:\/\/www.lejournalci.org\/wp-content\/uploads\/2024\/12\/logo-coopint_HD_3.jpg","contentUrl":"https:\/\/www.lejournalci.org\/wp-content\/uploads\/2024\/12\/logo-coopint_HD_3.jpg","width":700,"height":214,"caption":"Cooperation Internationale"},"image":{"@id":"https:\/\/www.lejournalci.org\/#\/schema\/logo\/image\/"},"sameAs":["https:\/\/www.facebook.com\/journalCI\/","https:\/\/x.com\/lejournalc"]},{"@type":"Person","@id":"https:\/\/www.lejournalci.org\/#\/schema\/person\/2efe42dc5459aaaf6d89cb27e736002b","name":"La R\u00e9daction CI","image":{"@type":"ImageObject","inLanguage":"fr-FR","@id":"https:\/\/www.lejournalci.org\/#\/schema\/person\/image\/","url":"https:\/\/secure.gravatar.com\/avatar\/e63ab2ab378e283740d8889fbe2ec43fdcee7ac714a480d705f61cb1e5675c4c?s=96&d=mm&r=g","contentUrl":"https:\/\/secure.gravatar.com\/avatar\/e63ab2ab378e283740d8889fbe2ec43fdcee7ac714a480d705f61cb1e5675c4c?s=96&d=mm&r=g","caption":"La R\u00e9daction CI"},"url":"https:\/\/www.lejournalci.org\/index.php\/author\/noebricendongyahoo-fr\/"}]}},"jetpack_publicize_connections":[],"jetpack_featured_media_url":"https:\/\/www.lejournalci.org\/wp-content\/uploads\/2025\/07\/1000978754-edited.jpg","jetpack_sharing_enabled":true,"_links":{"self":[{"href":"https:\/\/www.lejournalci.org\/index.php\/wp-json\/wp\/v2\/posts\/7415","targetHints":{"allow":["GET"]}}],"collection":[{"href":"https:\/\/www.lejournalci.org\/index.php\/wp-json\/wp\/v2\/posts"}],"about":[{"href":"https:\/\/www.lejournalci.org\/index.php\/wp-json\/wp\/v2\/types\/post"}],"author":[{"embeddable":true,"href":"https:\/\/www.lejournalci.org\/index.php\/wp-json\/wp\/v2\/users\/3"}],"replies":[{"embeddable":true,"href":"https:\/\/www.lejournalci.org\/index.php\/wp-json\/wp\/v2\/comments?post=7415"}],"version-history":[{"count":1,"href":"https:\/\/www.lejournalci.org\/index.php\/wp-json\/wp\/v2\/posts\/7415\/revisions"}],"predecessor-version":[{"id":7423,"href":"https:\/\/www.lejournalci.org\/index.php\/wp-json\/wp\/v2\/posts\/7415\/revisions\/7423"}],"wp:featuredmedia":[{"embeddable":true,"href":"https:\/\/www.lejournalci.org\/index.php\/wp-json\/wp\/v2\/media\/7418"}],"wp:attachment":[{"href":"https:\/\/www.lejournalci.org\/index.php\/wp-json\/wp\/v2\/media?parent=7415"}],"wp:term":[{"taxonomy":"category","embeddable":true,"href":"https:\/\/www.lejournalci.org\/index.php\/wp-json\/wp\/v2\/categories?post=7415"},{"taxonomy":"post_tag","embeddable":true,"href":"https:\/\/www.lejournalci.org\/index.php\/wp-json\/wp\/v2\/tags?post=7415"}],"curies":[{"name":"wp","href":"https:\/\/api.w.org\/{rel}","templated":true}]}}