{"id":7404,"date":"2025-07-04T08:44:23","date_gmt":"2025-07-04T08:44:23","guid":{"rendered":"https:\/\/www.lejournalci.org\/?p=7404"},"modified":"2025-07-04T08:44:25","modified_gmt":"2025-07-04T08:44:25","slug":"tchad-afreximbank-mobilise-un-financement-de-15-milliards-de-dollars-en-faveur-du-secteur-prive","status":"publish","type":"post","link":"https:\/\/www.lejournalci.org\/index.php\/2025\/07\/04\/tchad-afreximbank-mobilise-un-financement-de-15-milliards-de-dollars-en-faveur-du-secteur-prive\/","title":{"rendered":"Tchad:  Afreximbank mobilise un financement de 1,5 Milliards de dollars en faveur du secteur priv\u00e9"},"content":{"rendered":"\n<p><strong>Le Tchad et Afreximbank scellent un partenariat strat\u00e9gique \u00e0 Abuja<\/strong><\/p>\n\n\n\n<p>Abuja (Nig\u00e9ria), le 28 juin 2025 \u2013 En marge de la 32\u1d49 Assembl\u00e9e G\u00e9n\u00e9rale annuelle de la Banque Africaine d\u2019Import-Export (Afreximbank), le Gouvernement de la R\u00e9publique du Tchad, repr\u00e9sent\u00e9 par le Ministre d\u2019\u00c9tat, Ministre des Finances, du Budget, de l\u2019\u00c9conomie, du Plan et de la Coop\u00e9ration internationale, M. Tahir Hamid Nguilin, a sign\u00e9 un protocole d\u2019accord (MoU) avec Afreximbank, repr\u00e9sent\u00e9e par Dr Georges Elombi, ancien Vice-Pr\u00e9sident Ex\u00e9cutif et r\u00e9cemment \u00e9lu Pr\u00e9sident de l\u2019institution.<\/p>\n\n\n\n<figure class=\"wp-block-image size-large\"><img loading=\"lazy\" decoding=\"async\" width=\"2048\" height=\"1152\" src=\"https:\/\/www.lejournalci.org\/wp-content\/uploads\/2025\/07\/1000977529-edited.jpg\" alt=\"\" class=\"wp-image-7409\" srcset=\"https:\/\/www.lejournalci.org\/wp-content\/uploads\/2025\/07\/1000977529-edited.jpg 2048w, https:\/\/www.lejournalci.org\/wp-content\/uploads\/2025\/07\/1000977529-edited-300x169.jpg 300w, https:\/\/www.lejournalci.org\/wp-content\/uploads\/2025\/07\/1000977529-edited-1024x576.jpg 1024w, https:\/\/www.lejournalci.org\/wp-content\/uploads\/2025\/07\/1000977529-edited-768x432.jpg 768w, https:\/\/www.lejournalci.org\/wp-content\/uploads\/2025\/07\/1000977529-edited-1536x864.jpg 1536w\" sizes=\"auto, (max-width: 2048px) 100vw, 2048px\" \/><\/figure>\n\n\n\n<p>Ce protocole marque une \u00e9tape importante dans le renforcement des relations entre le Tchad et Afreximbank, et \u00e9tablit un cadre de coop\u00e9ration couvrant plusieurs secteurs prioritaires pour le d\u00e9veloppement \u00e9conomique du pays. Parmi les domaines identifi\u00e9s figurent :<\/p>\n\n\n\n<ul class=\"wp-block-list\">\n<li>le d\u00e9veloppement du potentiel agropastoral,<\/li>\n\n\n\n<li> l\u2019agriculture d\u2019exportation,<\/li>\n\n\n\n<li> le commerce de l\u2019or,<\/li>\n\n\n\n<li> la navigabilit\u00e9 du Lac Tchad,<\/li>\n\n\n\n<li> et le raffinage du p\u00e9trole brut.<\/li>\n<\/ul>\n\n\n\n<p>Dans cette dynamique, Afreximbank s\u2019est engag\u00e9e \u00e0 mobiliser un programme de financement pouvant atteindre 1,5 milliard de dollars en faveur du secteur priv\u00e9 tchadien. Cette initiative s\u2019inscrit dans l\u2019alignement strat\u00e9gique sur les priorit\u00e9s nationales d\u00e9finies dans le Plan National de D\u00e9veloppement \u201cTchad Connexion 2030\u201d.<\/p>\n\n\n\n<p>La signature de cet accord illustre la volont\u00e9 commune d\u2019acc\u00e9l\u00e9rer la transformation \u00e9conomique du Tchad en s\u2019appuyant sur des investissements structurants et un partenariat renforc\u00e9 avec les institutions panafricaines de d\u00e9veloppement.<\/p>\n\n\n\n<p><strong>Source : Minist\u00e8re des Finances du Tchad.<\/strong><\/p>\n","protected":false},"excerpt":{"rendered":"<p>Le Tchad et Afreximbank scellent un partenariat strat\u00e9gique \u00e0 Abuja Abuja (Nig\u00e9ria), le 28 juin 2025 \u2013 En marge de la 32\u1d49 Assembl\u00e9e G\u00e9n\u00e9rale annuelle de la Banque Africaine d\u2019Import-Export (Afreximbank), le Gouvernement de la R\u00e9publique du Tchad, repr\u00e9sent\u00e9 par le Ministre d\u2019\u00c9tat, Ministre des Finances, du Budget, de l\u2019\u00c9conomie,<\/p>\n","protected":false},"author":3,"featured_media":7407,"comment_status":"closed","ping_status":"open","sticky":false,"template":"","format":"standard","meta":{"colormag_page_container_layout":"default_layout","colormag_page_sidebar_layout":"default_layout","_jetpack_memberships_contains_paid_content":false,"footnotes":"","jetpack_publicize_message":"","jetpack_publicize_feature_enabled":true,"jetpack_social_post_already_shared":true,"jetpack_social_options":{"image_generator_settings":{"template":"highway","default_image_id":0,"font":"","enabled":false},"version":2}},"categories":[52],"tags":[],"class_list":["post-7404","post","type-post","status-publish","format-standard","has-post-thumbnail","hentry","category-economie"],"magazineBlocksPostFeaturedMedia":{"thumbnail":"https:\/\/www.lejournalci.org\/wp-content\/uploads\/2025\/07\/1000977530-edited-150x150.jpg","medium":"https:\/\/www.lejournalci.org\/wp-content\/uploads\/2025\/07\/1000977530-edited-300x169.jpg","medium_large":"https:\/\/www.lejournalci.org\/wp-content\/uploads\/2025\/07\/1000977530-edited-768x432.jpg","large":"https:\/\/www.lejournalci.org\/wp-content\/uploads\/2025\/07\/1000977530-edited-1024x576.jpg","1536x1536":"https:\/\/www.lejournalci.org\/wp-content\/uploads\/2025\/07\/1000977530-edited-1536x864.jpg","2048x2048":"https:\/\/www.lejournalci.org\/wp-content\/uploads\/2025\/07\/1000977530-edited.jpg","colormag-highlighted-post":"https:\/\/www.lejournalci.org\/wp-content\/uploads\/2025\/07\/1000977530-edited-392x272.jpg","colormag-featured-post-medium":"https:\/\/www.lejournalci.org\/wp-content\/uploads\/2025\/07\/1000977530-edited-390x205.jpg","colormag-featured-post-small":"https:\/\/www.lejournalci.org\/wp-content\/uploads\/2025\/07\/1000977530-edited-130x90.jpg","colormag-featured-image":"https:\/\/www.lejournalci.org\/wp-content\/uploads\/2025\/07\/1000977530-edited-800x445.jpg","colormag-default-news":"https:\/\/www.lejournalci.org\/wp-content\/uploads\/2025\/07\/1000977530-edited-150x150.jpg","colormag-featured-image-large":"https:\/\/www.lejournalci.org\/wp-content\/uploads\/2025\/07\/1000977530-edited-1400x600.jpg"},"magazineBlocksPostAuthor":{"name":"La R\u00e9daction CI","avatar":"https:\/\/secure.gravatar.com\/avatar\/e63ab2ab378e283740d8889fbe2ec43fdcee7ac714a480d705f61cb1e5675c4c?s=96&d=mm&r=g"},"magazineBlocksPostCommentsNumber":false,"magazineBlocksPostExcerpt":"Le Tchad et Afreximbank scellent un partenariat strat\u00e9gique \u00e0 Abuja Abuja (Nig\u00e9ria), le 28 juin 2025 \u2013 En marge de la 32\u1d49 Assembl\u00e9e G\u00e9n\u00e9rale annuelle de la Banque Africaine d\u2019Import-Export (Afreximbank), le Gouvernement de la R\u00e9publique du Tchad, repr\u00e9sent\u00e9 par le Ministre d\u2019\u00c9tat, Ministre des Finances, du Budget, de l\u2019\u00c9conomie,","magazineBlocksPostCategories":["ECONOMIE"],"magazineBlocksPostViewCount":409,"magazineBlocksPostReadTime":2,"magazine_blocks_featured_image_url":{"full":["https:\/\/www.lejournalci.org\/wp-content\/uploads\/2025\/07\/1000977530-edited.jpg",2048,1152,false],"medium":["https:\/\/www.lejournalci.org\/wp-content\/uploads\/2025\/07\/1000977530-edited-300x169.jpg",300,169,true],"thumbnail":["https:\/\/www.lejournalci.org\/wp-content\/uploads\/2025\/07\/1000977530-edited-150x150.jpg",150,150,true]},"magazine_blocks_author":{"display_name":"La R\u00e9daction CI","author_link":"https:\/\/www.lejournalci.org\/index.php\/author\/noebricendongyahoo-fr\/"},"magazine_blocks_comment":0,"magazine_blocks_author_image":"https:\/\/secure.gravatar.com\/avatar\/e63ab2ab378e283740d8889fbe2ec43fdcee7ac714a480d705f61cb1e5675c4c?s=96&d=mm&r=g","magazine_blocks_category":"<a href=\"#\" class=\"category-link category-link-52\">ECONOMIE<\/a>","yoast_head":"<!-- This site is optimized with the Yoast SEO plugin v26.2 - https:\/\/yoast.com\/wordpress\/plugins\/seo\/ -->\n<title>Tchad: Afreximbank mobilise un financement de 1,5 Milliards de dollars en faveur du secteur priv\u00e9 - Cooperation Internationale<\/title>\n<meta name=\"robots\" content=\"index, follow, max-snippet:-1, max-image-preview:large, max-video-preview:-1\" \/>\n<link rel=\"canonical\" href=\"https:\/\/www.lejournalci.org\/index.php\/2025\/07\/04\/tchad-afreximbank-mobilise-un-financement-de-15-milliards-de-dollars-en-faveur-du-secteur-prive\/\" \/>\n<meta property=\"og:locale\" content=\"fr_FR\" \/>\n<meta property=\"og:type\" content=\"article\" \/>\n<meta property=\"og:title\" content=\"Tchad: Afreximbank mobilise un financement de 1,5 Milliards de dollars en faveur du secteur priv\u00e9 - Cooperation Internationale\" \/>\n<meta property=\"og:description\" content=\"Le Tchad et Afreximbank scellent un partenariat strat\u00e9gique \u00e0 Abuja Abuja (Nig\u00e9ria), le 28 juin 2025 \u2013 En marge de la 32\u1d49 Assembl\u00e9e G\u00e9n\u00e9rale annuelle de la Banque Africaine d\u2019Import-Export (Afreximbank), le Gouvernement de la R\u00e9publique du Tchad, repr\u00e9sent\u00e9 par le Ministre d\u2019\u00c9tat, Ministre des Finances, du Budget, de l\u2019\u00c9conomie,\" \/>\n<meta property=\"og:url\" content=\"https:\/\/www.lejournalci.org\/index.php\/2025\/07\/04\/tchad-afreximbank-mobilise-un-financement-de-15-milliards-de-dollars-en-faveur-du-secteur-prive\/\" \/>\n<meta property=\"og:site_name\" content=\"Cooperation Internationale\" \/>\n<meta property=\"article:publisher\" content=\"https:\/\/www.facebook.com\/journalCI\/\" \/>\n<meta property=\"article:published_time\" content=\"2025-07-04T08:44:23+00:00\" \/>\n<meta property=\"article:modified_time\" content=\"2025-07-04T08:44:25+00:00\" \/>\n<meta property=\"og:image\" content=\"https:\/\/www.lejournalci.org\/wp-content\/uploads\/2025\/07\/1000977530-edited.jpg\" \/>\n\t<meta property=\"og:image:width\" content=\"2048\" \/>\n\t<meta property=\"og:image:height\" content=\"1152\" \/>\n\t<meta property=\"og:image:type\" content=\"image\/jpeg\" \/>\n<meta name=\"author\" content=\"La R\u00e9daction CI\" \/>\n<meta name=\"twitter:card\" content=\"summary_large_image\" \/>\n<meta name=\"twitter:creator\" content=\"@lejournalc\" \/>\n<meta name=\"twitter:site\" content=\"@lejournalc\" \/>\n<meta name=\"twitter:label1\" content=\"\u00c9crit par\" \/>\n\t<meta name=\"twitter:data1\" content=\"La R\u00e9daction CI\" \/>\n\t<meta name=\"twitter:label2\" content=\"Dur\u00e9e de lecture estim\u00e9e\" \/>\n\t<meta name=\"twitter:data2\" content=\"2 minutes\" \/>\n<script type=\"application\/ld+json\" class=\"yoast-schema-graph\">{\"@context\":\"https:\/\/schema.org\",\"@graph\":[{\"@type\":\"Article\",\"@id\":\"https:\/\/www.lejournalci.org\/index.php\/2025\/07\/04\/tchad-afreximbank-mobilise-un-financement-de-15-milliards-de-dollars-en-faveur-du-secteur-prive\/#article\",\"isPartOf\":{\"@id\":\"https:\/\/www.lejournalci.org\/index.php\/2025\/07\/04\/tchad-afreximbank-mobilise-un-financement-de-15-milliards-de-dollars-en-faveur-du-secteur-prive\/\"},\"author\":{\"name\":\"La R\u00e9daction CI\",\"@id\":\"https:\/\/www.lejournalci.org\/#\/schema\/person\/2efe42dc5459aaaf6d89cb27e736002b\"},\"headline\":\"Tchad: Afreximbank mobilise un financement de 1,5 Milliards de dollars en faveur du secteur priv\u00e9\",\"datePublished\":\"2025-07-04T08:44:23+00:00\",\"dateModified\":\"2025-07-04T08:44:25+00:00\",\"mainEntityOfPage\":{\"@id\":\"https:\/\/www.lejournalci.org\/index.php\/2025\/07\/04\/tchad-afreximbank-mobilise-un-financement-de-15-milliards-de-dollars-en-faveur-du-secteur-prive\/\"},\"wordCount\":270,\"publisher\":{\"@id\":\"https:\/\/www.lejournalci.org\/#organization\"},\"image\":{\"@id\":\"https:\/\/www.lejournalci.org\/index.php\/2025\/07\/04\/tchad-afreximbank-mobilise-un-financement-de-15-milliards-de-dollars-en-faveur-du-secteur-prive\/#primaryimage\"},\"thumbnailUrl\":\"https:\/\/www.lejournalci.org\/wp-content\/uploads\/2025\/07\/1000977530-edited.jpg\",\"articleSection\":[\"ECONOMIE\"],\"inLanguage\":\"fr-FR\"},{\"@type\":\"WebPage\",\"@id\":\"https:\/\/www.lejournalci.org\/index.php\/2025\/07\/04\/tchad-afreximbank-mobilise-un-financement-de-15-milliards-de-dollars-en-faveur-du-secteur-prive\/\",\"url\":\"https:\/\/www.lejournalci.org\/index.php\/2025\/07\/04\/tchad-afreximbank-mobilise-un-financement-de-15-milliards-de-dollars-en-faveur-du-secteur-prive\/\",\"name\":\"Tchad: Afreximbank mobilise un financement de 1,5 Milliards de dollars en faveur du secteur priv\u00e9 - Cooperation Internationale\",\"isPartOf\":{\"@id\":\"https:\/\/www.lejournalci.org\/#website\"},\"primaryImageOfPage\":{\"@id\":\"https:\/\/www.lejournalci.org\/index.php\/2025\/07\/04\/tchad-afreximbank-mobilise-un-financement-de-15-milliards-de-dollars-en-faveur-du-secteur-prive\/#primaryimage\"},\"image\":{\"@id\":\"https:\/\/www.lejournalci.org\/index.php\/2025\/07\/04\/tchad-afreximbank-mobilise-un-financement-de-15-milliards-de-dollars-en-faveur-du-secteur-prive\/#primaryimage\"},\"thumbnailUrl\":\"https:\/\/www.lejournalci.org\/wp-content\/uploads\/2025\/07\/1000977530-edited.jpg\",\"datePublished\":\"2025-07-04T08:44:23+00:00\",\"dateModified\":\"2025-07-04T08:44:25+00:00\",\"breadcrumb\":{\"@id\":\"https:\/\/www.lejournalci.org\/index.php\/2025\/07\/04\/tchad-afreximbank-mobilise-un-financement-de-15-milliards-de-dollars-en-faveur-du-secteur-prive\/#breadcrumb\"},\"inLanguage\":\"fr-FR\",\"potentialAction\":[{\"@type\":\"ReadAction\",\"target\":[\"https:\/\/www.lejournalci.org\/index.php\/2025\/07\/04\/tchad-afreximbank-mobilise-un-financement-de-15-milliards-de-dollars-en-faveur-du-secteur-prive\/\"]}]},{\"@type\":\"ImageObject\",\"inLanguage\":\"fr-FR\",\"@id\":\"https:\/\/www.lejournalci.org\/index.php\/2025\/07\/04\/tchad-afreximbank-mobilise-un-financement-de-15-milliards-de-dollars-en-faveur-du-secteur-prive\/#primaryimage\",\"url\":\"https:\/\/www.lejournalci.org\/wp-content\/uploads\/2025\/07\/1000977530-edited.jpg\",\"contentUrl\":\"https:\/\/www.lejournalci.org\/wp-content\/uploads\/2025\/07\/1000977530-edited.jpg\",\"width\":2048,\"height\":1152},{\"@type\":\"BreadcrumbList\",\"@id\":\"https:\/\/www.lejournalci.org\/index.php\/2025\/07\/04\/tchad-afreximbank-mobilise-un-financement-de-15-milliards-de-dollars-en-faveur-du-secteur-prive\/#breadcrumb\",\"itemListElement\":[{\"@type\":\"ListItem\",\"position\":1,\"name\":\"Accueil\",\"item\":\"https:\/\/www.lejournalci.org\/\"},{\"@type\":\"ListItem\",\"position\":2,\"name\":\"Tchad: Afreximbank mobilise un financement de 1,5 Milliards de dollars en faveur du secteur priv\u00e9\"}]},{\"@type\":\"WebSite\",\"@id\":\"https:\/\/www.lejournalci.org\/#website\",\"url\":\"https:\/\/www.lejournalci.org\/\",\"name\":\"Cooperation Internationale\",\"description\":\"Faire de la Coop\u00e9ration un Puissant Instrument de D\u00e9veloppement\",\"publisher\":{\"@id\":\"https:\/\/www.lejournalci.org\/#organization\"},\"potentialAction\":[{\"@type\":\"SearchAction\",\"target\":{\"@type\":\"EntryPoint\",\"urlTemplate\":\"https:\/\/www.lejournalci.org\/?s={search_term_string}\"},\"query-input\":{\"@type\":\"PropertyValueSpecification\",\"valueRequired\":true,\"valueName\":\"search_term_string\"}}],\"inLanguage\":\"fr-FR\"},{\"@type\":\"Organization\",\"@id\":\"https:\/\/www.lejournalci.org\/#organization\",\"name\":\"Cooperation Internationale\",\"url\":\"https:\/\/www.lejournalci.org\/\",\"logo\":{\"@type\":\"ImageObject\",\"inLanguage\":\"fr-FR\",\"@id\":\"https:\/\/www.lejournalci.org\/#\/schema\/logo\/image\/\",\"url\":\"https:\/\/www.lejournalci.org\/wp-content\/uploads\/2024\/12\/logo-coopint_HD_3.jpg\",\"contentUrl\":\"https:\/\/www.lejournalci.org\/wp-content\/uploads\/2024\/12\/logo-coopint_HD_3.jpg\",\"width\":700,\"height\":214,\"caption\":\"Cooperation Internationale\"},\"image\":{\"@id\":\"https:\/\/www.lejournalci.org\/#\/schema\/logo\/image\/\"},\"sameAs\":[\"https:\/\/www.facebook.com\/journalCI\/\",\"https:\/\/x.com\/lejournalc\"]},{\"@type\":\"Person\",\"@id\":\"https:\/\/www.lejournalci.org\/#\/schema\/person\/2efe42dc5459aaaf6d89cb27e736002b\",\"name\":\"La R\u00e9daction CI\",\"image\":{\"@type\":\"ImageObject\",\"inLanguage\":\"fr-FR\",\"@id\":\"https:\/\/www.lejournalci.org\/#\/schema\/person\/image\/\",\"url\":\"https:\/\/secure.gravatar.com\/avatar\/e63ab2ab378e283740d8889fbe2ec43fdcee7ac714a480d705f61cb1e5675c4c?s=96&d=mm&r=g\",\"contentUrl\":\"https:\/\/secure.gravatar.com\/avatar\/e63ab2ab378e283740d8889fbe2ec43fdcee7ac714a480d705f61cb1e5675c4c?s=96&d=mm&r=g\",\"caption\":\"La R\u00e9daction CI\"},\"url\":\"https:\/\/www.lejournalci.org\/index.php\/author\/noebricendongyahoo-fr\/\"}]}<\/script>\n<!-- \/ Yoast SEO plugin. -->","yoast_head_json":{"title":"Tchad: Afreximbank mobilise un financement de 1,5 Milliards de dollars en faveur du secteur priv\u00e9 - Cooperation Internationale","robots":{"index":"index","follow":"follow","max-snippet":"max-snippet:-1","max-image-preview":"max-image-preview:large","max-video-preview":"max-video-preview:-1"},"canonical":"https:\/\/www.lejournalci.org\/index.php\/2025\/07\/04\/tchad-afreximbank-mobilise-un-financement-de-15-milliards-de-dollars-en-faveur-du-secteur-prive\/","og_locale":"fr_FR","og_type":"article","og_title":"Tchad: Afreximbank mobilise un financement de 1,5 Milliards de dollars en faveur du secteur priv\u00e9 - Cooperation Internationale","og_description":"Le Tchad et Afreximbank scellent un partenariat strat\u00e9gique \u00e0 Abuja Abuja (Nig\u00e9ria), le 28 juin 2025 \u2013 En marge de la 32\u1d49 Assembl\u00e9e G\u00e9n\u00e9rale annuelle de la Banque Africaine d\u2019Import-Export (Afreximbank), le Gouvernement de la R\u00e9publique du Tchad, repr\u00e9sent\u00e9 par le Ministre d\u2019\u00c9tat, Ministre des Finances, du Budget, de l\u2019\u00c9conomie,","og_url":"https:\/\/www.lejournalci.org\/index.php\/2025\/07\/04\/tchad-afreximbank-mobilise-un-financement-de-15-milliards-de-dollars-en-faveur-du-secteur-prive\/","og_site_name":"Cooperation Internationale","article_publisher":"https:\/\/www.facebook.com\/journalCI\/","article_published_time":"2025-07-04T08:44:23+00:00","article_modified_time":"2025-07-04T08:44:25+00:00","og_image":[{"width":2048,"height":1152,"url":"https:\/\/www.lejournalci.org\/wp-content\/uploads\/2025\/07\/1000977530-edited.jpg","type":"image\/jpeg"}],"author":"La R\u00e9daction CI","twitter_card":"summary_large_image","twitter_creator":"@lejournalc","twitter_site":"@lejournalc","twitter_misc":{"\u00c9crit par":"La R\u00e9daction CI","Dur\u00e9e de lecture estim\u00e9e":"2 minutes"},"schema":{"@context":"https:\/\/schema.org","@graph":[{"@type":"Article","@id":"https:\/\/www.lejournalci.org\/index.php\/2025\/07\/04\/tchad-afreximbank-mobilise-un-financement-de-15-milliards-de-dollars-en-faveur-du-secteur-prive\/#article","isPartOf":{"@id":"https:\/\/www.lejournalci.org\/index.php\/2025\/07\/04\/tchad-afreximbank-mobilise-un-financement-de-15-milliards-de-dollars-en-faveur-du-secteur-prive\/"},"author":{"name":"La R\u00e9daction CI","@id":"https:\/\/www.lejournalci.org\/#\/schema\/person\/2efe42dc5459aaaf6d89cb27e736002b"},"headline":"Tchad: Afreximbank mobilise un financement de 1,5 Milliards de dollars en faveur du secteur priv\u00e9","datePublished":"2025-07-04T08:44:23+00:00","dateModified":"2025-07-04T08:44:25+00:00","mainEntityOfPage":{"@id":"https:\/\/www.lejournalci.org\/index.php\/2025\/07\/04\/tchad-afreximbank-mobilise-un-financement-de-15-milliards-de-dollars-en-faveur-du-secteur-prive\/"},"wordCount":270,"publisher":{"@id":"https:\/\/www.lejournalci.org\/#organization"},"image":{"@id":"https:\/\/www.lejournalci.org\/index.php\/2025\/07\/04\/tchad-afreximbank-mobilise-un-financement-de-15-milliards-de-dollars-en-faveur-du-secteur-prive\/#primaryimage"},"thumbnailUrl":"https:\/\/www.lejournalci.org\/wp-content\/uploads\/2025\/07\/1000977530-edited.jpg","articleSection":["ECONOMIE"],"inLanguage":"fr-FR"},{"@type":"WebPage","@id":"https:\/\/www.lejournalci.org\/index.php\/2025\/07\/04\/tchad-afreximbank-mobilise-un-financement-de-15-milliards-de-dollars-en-faveur-du-secteur-prive\/","url":"https:\/\/www.lejournalci.org\/index.php\/2025\/07\/04\/tchad-afreximbank-mobilise-un-financement-de-15-milliards-de-dollars-en-faveur-du-secteur-prive\/","name":"Tchad: Afreximbank mobilise un financement de 1,5 Milliards de dollars en faveur du secteur priv\u00e9 - Cooperation Internationale","isPartOf":{"@id":"https:\/\/www.lejournalci.org\/#website"},"primaryImageOfPage":{"@id":"https:\/\/www.lejournalci.org\/index.php\/2025\/07\/04\/tchad-afreximbank-mobilise-un-financement-de-15-milliards-de-dollars-en-faveur-du-secteur-prive\/#primaryimage"},"image":{"@id":"https:\/\/www.lejournalci.org\/index.php\/2025\/07\/04\/tchad-afreximbank-mobilise-un-financement-de-15-milliards-de-dollars-en-faveur-du-secteur-prive\/#primaryimage"},"thumbnailUrl":"https:\/\/www.lejournalci.org\/wp-content\/uploads\/2025\/07\/1000977530-edited.jpg","datePublished":"2025-07-04T08:44:23+00:00","dateModified":"2025-07-04T08:44:25+00:00","breadcrumb":{"@id":"https:\/\/www.lejournalci.org\/index.php\/2025\/07\/04\/tchad-afreximbank-mobilise-un-financement-de-15-milliards-de-dollars-en-faveur-du-secteur-prive\/#breadcrumb"},"inLanguage":"fr-FR","potentialAction":[{"@type":"ReadAction","target":["https:\/\/www.lejournalci.org\/index.php\/2025\/07\/04\/tchad-afreximbank-mobilise-un-financement-de-15-milliards-de-dollars-en-faveur-du-secteur-prive\/"]}]},{"@type":"ImageObject","inLanguage":"fr-FR","@id":"https:\/\/www.lejournalci.org\/index.php\/2025\/07\/04\/tchad-afreximbank-mobilise-un-financement-de-15-milliards-de-dollars-en-faveur-du-secteur-prive\/#primaryimage","url":"https:\/\/www.lejournalci.org\/wp-content\/uploads\/2025\/07\/1000977530-edited.jpg","contentUrl":"https:\/\/www.lejournalci.org\/wp-content\/uploads\/2025\/07\/1000977530-edited.jpg","width":2048,"height":1152},{"@type":"BreadcrumbList","@id":"https:\/\/www.lejournalci.org\/index.php\/2025\/07\/04\/tchad-afreximbank-mobilise-un-financement-de-15-milliards-de-dollars-en-faveur-du-secteur-prive\/#breadcrumb","itemListElement":[{"@type":"ListItem","position":1,"name":"Accueil","item":"https:\/\/www.lejournalci.org\/"},{"@type":"ListItem","position":2,"name":"Tchad: Afreximbank mobilise un financement de 1,5 Milliards de dollars en faveur du secteur priv\u00e9"}]},{"@type":"WebSite","@id":"https:\/\/www.lejournalci.org\/#website","url":"https:\/\/www.lejournalci.org\/","name":"Cooperation Internationale","description":"Faire de la Coop\u00e9ration un Puissant Instrument de D\u00e9veloppement","publisher":{"@id":"https:\/\/www.lejournalci.org\/#organization"},"potentialAction":[{"@type":"SearchAction","target":{"@type":"EntryPoint","urlTemplate":"https:\/\/www.lejournalci.org\/?s={search_term_string}"},"query-input":{"@type":"PropertyValueSpecification","valueRequired":true,"valueName":"search_term_string"}}],"inLanguage":"fr-FR"},{"@type":"Organization","@id":"https:\/\/www.lejournalci.org\/#organization","name":"Cooperation Internationale","url":"https:\/\/www.lejournalci.org\/","logo":{"@type":"ImageObject","inLanguage":"fr-FR","@id":"https:\/\/www.lejournalci.org\/#\/schema\/logo\/image\/","url":"https:\/\/www.lejournalci.org\/wp-content\/uploads\/2024\/12\/logo-coopint_HD_3.jpg","contentUrl":"https:\/\/www.lejournalci.org\/wp-content\/uploads\/2024\/12\/logo-coopint_HD_3.jpg","width":700,"height":214,"caption":"Cooperation Internationale"},"image":{"@id":"https:\/\/www.lejournalci.org\/#\/schema\/logo\/image\/"},"sameAs":["https:\/\/www.facebook.com\/journalCI\/","https:\/\/x.com\/lejournalc"]},{"@type":"Person","@id":"https:\/\/www.lejournalci.org\/#\/schema\/person\/2efe42dc5459aaaf6d89cb27e736002b","name":"La R\u00e9daction CI","image":{"@type":"ImageObject","inLanguage":"fr-FR","@id":"https:\/\/www.lejournalci.org\/#\/schema\/person\/image\/","url":"https:\/\/secure.gravatar.com\/avatar\/e63ab2ab378e283740d8889fbe2ec43fdcee7ac714a480d705f61cb1e5675c4c?s=96&d=mm&r=g","contentUrl":"https:\/\/secure.gravatar.com\/avatar\/e63ab2ab378e283740d8889fbe2ec43fdcee7ac714a480d705f61cb1e5675c4c?s=96&d=mm&r=g","caption":"La R\u00e9daction CI"},"url":"https:\/\/www.lejournalci.org\/index.php\/author\/noebricendongyahoo-fr\/"}]}},"jetpack_publicize_connections":[],"jetpack_featured_media_url":"https:\/\/www.lejournalci.org\/wp-content\/uploads\/2025\/07\/1000977530-edited.jpg","jetpack_sharing_enabled":true,"_links":{"self":[{"href":"https:\/\/www.lejournalci.org\/index.php\/wp-json\/wp\/v2\/posts\/7404","targetHints":{"allow":["GET"]}}],"collection":[{"href":"https:\/\/www.lejournalci.org\/index.php\/wp-json\/wp\/v2\/posts"}],"about":[{"href":"https:\/\/www.lejournalci.org\/index.php\/wp-json\/wp\/v2\/types\/post"}],"author":[{"embeddable":true,"href":"https:\/\/www.lejournalci.org\/index.php\/wp-json\/wp\/v2\/users\/3"}],"replies":[{"embeddable":true,"href":"https:\/\/www.lejournalci.org\/index.php\/wp-json\/wp\/v2\/comments?post=7404"}],"version-history":[{"count":1,"href":"https:\/\/www.lejournalci.org\/index.php\/wp-json\/wp\/v2\/posts\/7404\/revisions"}],"predecessor-version":[{"id":7410,"href":"https:\/\/www.lejournalci.org\/index.php\/wp-json\/wp\/v2\/posts\/7404\/revisions\/7410"}],"wp:featuredmedia":[{"embeddable":true,"href":"https:\/\/www.lejournalci.org\/index.php\/wp-json\/wp\/v2\/media\/7407"}],"wp:attachment":[{"href":"https:\/\/www.lejournalci.org\/index.php\/wp-json\/wp\/v2\/media?parent=7404"}],"wp:term":[{"taxonomy":"category","embeddable":true,"href":"https:\/\/www.lejournalci.org\/index.php\/wp-json\/wp\/v2\/categories?post=7404"},{"taxonomy":"post_tag","embeddable":true,"href":"https:\/\/www.lejournalci.org\/index.php\/wp-json\/wp\/v2\/tags?post=7404"}],"curies":[{"name":"wp","href":"https:\/\/api.w.org\/{rel}","templated":true}]}}