{"id":7400,"date":"2025-07-04T08:35:04","date_gmt":"2025-07-04T08:35:04","guid":{"rendered":"https:\/\/www.lejournalci.org\/?p=7400"},"modified":"2025-07-04T08:35:05","modified_gmt":"2025-07-04T08:35:05","slug":"developpement-a-seville-le-tchad-determine-a-poursuivre-les-efforts-de-developpement-socio-economique","status":"publish","type":"post","link":"https:\/\/www.lejournalci.org\/index.php\/2025\/07\/04\/developpement-a-seville-le-tchad-determine-a-poursuivre-les-efforts-de-developpement-socio-economique\/","title":{"rendered":"D\u00e9veloppement : \u00c0 S\u00e9ville, le Tchad d\u00e9termin\u00e9 \u00e0 poursuivre les efforts de d\u00e9veloppement socio-\u00e9conomique"},"content":{"rendered":"\n<p><strong>Le Tchad prend une part active \u00e0 la 4e Conf\u00e9rence Internationale sur le Financement du D\u00e9veloppement<\/strong><\/p>\n\n\n\n<p>Mme Fatima Haram Acyl, Ministre d\u00e9l\u00e9gu\u00e9e aupr\u00e8s du Ministre des Finances, charg\u00e9e de l\u2019\u00c9conomie, du Plan et de la Coop\u00e9ration internationale, repr\u00e9sente le Tchad \u00e0 la Quatri\u00e8me Conf\u00e9rence internationale sur le Financement du D\u00e9veloppement (FfD4), qui se tient du 30 juin au 3 juillet 2025 \u00e0 S\u00e9ville.<\/p>\n\n\n\n<p>Organis\u00e9e dans un contexte mondial marqu\u00e9 par des tensions g\u00e9opolitiques croissantes, des in\u00e9galit\u00e9s persistantes et une baisse de l\u2019aide internationale, cette conf\u00e9rence offre une plateforme strat\u00e9gique pour repenser le financement du d\u00e9veloppement \u00e0 l\u2019\u00e9chelle mondiale et renforcer les engagements multilat\u00e9raux en faveur des Objectifs de D\u00e9veloppement Durable (ODD).<\/p>\n\n\n\n<p>Prenant la parole au nom du Tchad, Mme la Ministre d\u00e9l\u00e9gu\u00e9e a soulign\u00e9 la d\u00e9termination du Gouvernement \u00e0 poursuivre les efforts de d\u00e9veloppement socio-\u00e9conomique, conform\u00e9ment \u00e0 la vision du Mar\u00e9chal du Tchad, Pr\u00e9sident de la R\u00e9publique, Chef de l\u2019\u00c9tat, Mahamat Idriss Deby Itno. Elle a mis en avant l\u2019adoption r\u00e9cente du Plan National de D\u00e9veloppement 2025\u20132030 \u201cTchad Connexion 2030\u201d, un cadre strat\u00e9gique align\u00e9 sur l\u2019Agenda 2030 des Nations Unies, l\u2019Agenda 2063 de l\u2019Union africaine et le Document de S\u00e9ville.<\/p>\n\n\n\n<p>Elle a \u00e9galement lanc\u00e9 un appel aux partenaires techniques et financiers \u00e0 participer activement \u00e0 la Table ronde de mobilisation des ressources, pr\u00e9vue en septembre 2025 \u00e0 Abou Dhabi, en soutien \u00e0 la mise en \u0153uvre du PND. Enfin, elle a port\u00e9 la voix du continent africain lors des sessions d\u00e9di\u00e9es aux Pays les Moins Avanc\u00e9s (PMA) et aux Pays en D\u00e9veloppement sans Littoral (PDL), plaidant pour une mobilisation accrue des ressources en leur faveur.<\/p>\n\n\n\n<p><strong>Source: Minist\u00e8re des Finances su Tchad.<\/strong><\/p>\n","protected":false},"excerpt":{"rendered":"<p>Le Tchad prend une part active \u00e0 la 4e Conf\u00e9rence Internationale sur le Financement du D\u00e9veloppement Mme Fatima Haram Acyl, Ministre d\u00e9l\u00e9gu\u00e9e aupr\u00e8s du Ministre des Finances, charg\u00e9e de l\u2019\u00c9conomie, du Plan et de la Coop\u00e9ration internationale, repr\u00e9sente le Tchad \u00e0 la Quatri\u00e8me Conf\u00e9rence internationale sur le Financement du D\u00e9veloppement<\/p>\n","protected":false},"author":3,"featured_media":7402,"comment_status":"closed","ping_status":"open","sticky":false,"template":"","format":"standard","meta":{"colormag_page_container_layout":"default_layout","colormag_page_sidebar_layout":"default_layout","_jetpack_memberships_contains_paid_content":false,"footnotes":"","jetpack_publicize_message":"","jetpack_publicize_feature_enabled":true,"jetpack_social_post_already_shared":true,"jetpack_social_options":{"image_generator_settings":{"template":"highway","default_image_id":0,"font":"","enabled":false},"version":2}},"categories":[50],"tags":[],"class_list":["post-7400","post","type-post","status-publish","format-standard","has-post-thumbnail","hentry","category-cooperation"],"magazineBlocksPostFeaturedMedia":{"thumbnail":"https:\/\/www.lejournalci.org\/wp-content\/uploads\/2025\/07\/1000977523-edited-150x150.jpg","medium":"https:\/\/www.lejournalci.org\/wp-content\/uploads\/2025\/07\/1000977523-edited-300x169.jpg","medium_large":"https:\/\/www.lejournalci.org\/wp-content\/uploads\/2025\/07\/1000977523-edited-768x432.jpg","large":"https:\/\/www.lejournalci.org\/wp-content\/uploads\/2025\/07\/1000977523-edited-1024x576.jpg","1536x1536":"https:\/\/www.lejournalci.org\/wp-content\/uploads\/2025\/07\/1000977523-edited-1536x864.jpg","2048x2048":"https:\/\/www.lejournalci.org\/wp-content\/uploads\/2025\/07\/1000977523-edited.jpg","colormag-highlighted-post":"https:\/\/www.lejournalci.org\/wp-content\/uploads\/2025\/07\/1000977523-edited-392x272.jpg","colormag-featured-post-medium":"https:\/\/www.lejournalci.org\/wp-content\/uploads\/2025\/07\/1000977523-edited-390x205.jpg","colormag-featured-post-small":"https:\/\/www.lejournalci.org\/wp-content\/uploads\/2025\/07\/1000977523-edited-130x90.jpg","colormag-featured-image":"https:\/\/www.lejournalci.org\/wp-content\/uploads\/2025\/07\/1000977523-edited-800x445.jpg","colormag-default-news":"https:\/\/www.lejournalci.org\/wp-content\/uploads\/2025\/07\/1000977523-edited-150x150.jpg","colormag-featured-image-large":"https:\/\/www.lejournalci.org\/wp-content\/uploads\/2025\/07\/1000977523-edited-1400x600.jpg"},"magazineBlocksPostAuthor":{"name":"La R\u00e9daction CI","avatar":"https:\/\/secure.gravatar.com\/avatar\/e63ab2ab378e283740d8889fbe2ec43fdcee7ac714a480d705f61cb1e5675c4c?s=96&d=mm&r=g"},"magazineBlocksPostCommentsNumber":false,"magazineBlocksPostExcerpt":"Le Tchad prend une part active \u00e0 la 4e Conf\u00e9rence Internationale sur le Financement du D\u00e9veloppement Mme Fatima Haram Acyl, Ministre d\u00e9l\u00e9gu\u00e9e aupr\u00e8s du Ministre des Finances, charg\u00e9e de l\u2019\u00c9conomie, du Plan et de la Coop\u00e9ration internationale, repr\u00e9sente le Tchad \u00e0 la Quatri\u00e8me Conf\u00e9rence internationale sur le Financement du D\u00e9veloppement","magazineBlocksPostCategories":["COOPERATION"],"magazineBlocksPostViewCount":354,"magazineBlocksPostReadTime":2,"magazine_blocks_featured_image_url":{"full":["https:\/\/www.lejournalci.org\/wp-content\/uploads\/2025\/07\/1000977523-edited.jpg",1600,900,false],"medium":["https:\/\/www.lejournalci.org\/wp-content\/uploads\/2025\/07\/1000977523-edited-300x169.jpg",300,169,true],"thumbnail":["https:\/\/www.lejournalci.org\/wp-content\/uploads\/2025\/07\/1000977523-edited-150x150.jpg",150,150,true]},"magazine_blocks_author":{"display_name":"La R\u00e9daction CI","author_link":"https:\/\/www.lejournalci.org\/index.php\/author\/noebricendongyahoo-fr\/"},"magazine_blocks_comment":0,"magazine_blocks_author_image":"https:\/\/secure.gravatar.com\/avatar\/e63ab2ab378e283740d8889fbe2ec43fdcee7ac714a480d705f61cb1e5675c4c?s=96&d=mm&r=g","magazine_blocks_category":"<a href=\"#\" class=\"category-link category-link-50\">COOPERATION<\/a>","yoast_head":"<!-- This site is optimized with the Yoast SEO plugin v26.2 - https:\/\/yoast.com\/wordpress\/plugins\/seo\/ -->\n<title>D\u00e9veloppement : \u00c0 S\u00e9ville, le Tchad d\u00e9termin\u00e9 \u00e0 poursuivre les efforts de d\u00e9veloppement socio-\u00e9conomique - Cooperation Internationale<\/title>\n<meta name=\"robots\" content=\"index, follow, max-snippet:-1, max-image-preview:large, max-video-preview:-1\" \/>\n<link rel=\"canonical\" href=\"https:\/\/www.lejournalci.org\/index.php\/2025\/07\/04\/developpement-a-seville-le-tchad-determine-a-poursuivre-les-efforts-de-developpement-socio-economique\/\" \/>\n<meta property=\"og:locale\" content=\"fr_FR\" \/>\n<meta property=\"og:type\" content=\"article\" \/>\n<meta property=\"og:title\" content=\"D\u00e9veloppement : \u00c0 S\u00e9ville, le Tchad d\u00e9termin\u00e9 \u00e0 poursuivre les efforts de d\u00e9veloppement socio-\u00e9conomique - Cooperation Internationale\" \/>\n<meta property=\"og:description\" content=\"Le Tchad prend une part active \u00e0 la 4e Conf\u00e9rence Internationale sur le Financement du D\u00e9veloppement Mme Fatima Haram Acyl, Ministre d\u00e9l\u00e9gu\u00e9e aupr\u00e8s du Ministre des Finances, charg\u00e9e de l\u2019\u00c9conomie, du Plan et de la Coop\u00e9ration internationale, repr\u00e9sente le Tchad \u00e0 la Quatri\u00e8me Conf\u00e9rence internationale sur le Financement du D\u00e9veloppement\" \/>\n<meta property=\"og:url\" content=\"https:\/\/www.lejournalci.org\/index.php\/2025\/07\/04\/developpement-a-seville-le-tchad-determine-a-poursuivre-les-efforts-de-developpement-socio-economique\/\" \/>\n<meta property=\"og:site_name\" content=\"Cooperation Internationale\" \/>\n<meta property=\"article:publisher\" content=\"https:\/\/www.facebook.com\/journalCI\/\" \/>\n<meta property=\"article:published_time\" content=\"2025-07-04T08:35:04+00:00\" \/>\n<meta property=\"article:modified_time\" content=\"2025-07-04T08:35:05+00:00\" \/>\n<meta property=\"og:image\" content=\"https:\/\/www.lejournalci.org\/wp-content\/uploads\/2025\/07\/1000977523-edited.jpg\" \/>\n\t<meta property=\"og:image:width\" content=\"1600\" \/>\n\t<meta property=\"og:image:height\" content=\"900\" \/>\n\t<meta property=\"og:image:type\" content=\"image\/jpeg\" \/>\n<meta name=\"author\" content=\"La R\u00e9daction CI\" \/>\n<meta name=\"twitter:card\" content=\"summary_large_image\" \/>\n<meta name=\"twitter:creator\" content=\"@lejournalc\" \/>\n<meta name=\"twitter:site\" content=\"@lejournalc\" \/>\n<meta name=\"twitter:label1\" content=\"\u00c9crit par\" \/>\n\t<meta name=\"twitter:data1\" content=\"La R\u00e9daction CI\" \/>\n\t<meta name=\"twitter:label2\" content=\"Dur\u00e9e de lecture estim\u00e9e\" \/>\n\t<meta name=\"twitter:data2\" content=\"2 minutes\" \/>\n<script type=\"application\/ld+json\" class=\"yoast-schema-graph\">{\"@context\":\"https:\/\/schema.org\",\"@graph\":[{\"@type\":\"Article\",\"@id\":\"https:\/\/www.lejournalci.org\/index.php\/2025\/07\/04\/developpement-a-seville-le-tchad-determine-a-poursuivre-les-efforts-de-developpement-socio-economique\/#article\",\"isPartOf\":{\"@id\":\"https:\/\/www.lejournalci.org\/index.php\/2025\/07\/04\/developpement-a-seville-le-tchad-determine-a-poursuivre-les-efforts-de-developpement-socio-economique\/\"},\"author\":{\"name\":\"La R\u00e9daction CI\",\"@id\":\"https:\/\/www.lejournalci.org\/#\/schema\/person\/2efe42dc5459aaaf6d89cb27e736002b\"},\"headline\":\"D\u00e9veloppement : \u00c0 S\u00e9ville, le Tchad d\u00e9termin\u00e9 \u00e0 poursuivre les efforts de d\u00e9veloppement socio-\u00e9conomique\",\"datePublished\":\"2025-07-04T08:35:04+00:00\",\"dateModified\":\"2025-07-04T08:35:05+00:00\",\"mainEntityOfPage\":{\"@id\":\"https:\/\/www.lejournalci.org\/index.php\/2025\/07\/04\/developpement-a-seville-le-tchad-determine-a-poursuivre-les-efforts-de-developpement-socio-economique\/\"},\"wordCount\":319,\"publisher\":{\"@id\":\"https:\/\/www.lejournalci.org\/#organization\"},\"image\":{\"@id\":\"https:\/\/www.lejournalci.org\/index.php\/2025\/07\/04\/developpement-a-seville-le-tchad-determine-a-poursuivre-les-efforts-de-developpement-socio-economique\/#primaryimage\"},\"thumbnailUrl\":\"https:\/\/www.lejournalci.org\/wp-content\/uploads\/2025\/07\/1000977523-edited.jpg\",\"articleSection\":[\"COOPERATION\"],\"inLanguage\":\"fr-FR\"},{\"@type\":\"WebPage\",\"@id\":\"https:\/\/www.lejournalci.org\/index.php\/2025\/07\/04\/developpement-a-seville-le-tchad-determine-a-poursuivre-les-efforts-de-developpement-socio-economique\/\",\"url\":\"https:\/\/www.lejournalci.org\/index.php\/2025\/07\/04\/developpement-a-seville-le-tchad-determine-a-poursuivre-les-efforts-de-developpement-socio-economique\/\",\"name\":\"D\u00e9veloppement : \u00c0 S\u00e9ville, le Tchad d\u00e9termin\u00e9 \u00e0 poursuivre les efforts de d\u00e9veloppement socio-\u00e9conomique - Cooperation Internationale\",\"isPartOf\":{\"@id\":\"https:\/\/www.lejournalci.org\/#website\"},\"primaryImageOfPage\":{\"@id\":\"https:\/\/www.lejournalci.org\/index.php\/2025\/07\/04\/developpement-a-seville-le-tchad-determine-a-poursuivre-les-efforts-de-developpement-socio-economique\/#primaryimage\"},\"image\":{\"@id\":\"https:\/\/www.lejournalci.org\/index.php\/2025\/07\/04\/developpement-a-seville-le-tchad-determine-a-poursuivre-les-efforts-de-developpement-socio-economique\/#primaryimage\"},\"thumbnailUrl\":\"https:\/\/www.lejournalci.org\/wp-content\/uploads\/2025\/07\/1000977523-edited.jpg\",\"datePublished\":\"2025-07-04T08:35:04+00:00\",\"dateModified\":\"2025-07-04T08:35:05+00:00\",\"breadcrumb\":{\"@id\":\"https:\/\/www.lejournalci.org\/index.php\/2025\/07\/04\/developpement-a-seville-le-tchad-determine-a-poursuivre-les-efforts-de-developpement-socio-economique\/#breadcrumb\"},\"inLanguage\":\"fr-FR\",\"potentialAction\":[{\"@type\":\"ReadAction\",\"target\":[\"https:\/\/www.lejournalci.org\/index.php\/2025\/07\/04\/developpement-a-seville-le-tchad-determine-a-poursuivre-les-efforts-de-developpement-socio-economique\/\"]}]},{\"@type\":\"ImageObject\",\"inLanguage\":\"fr-FR\",\"@id\":\"https:\/\/www.lejournalci.org\/index.php\/2025\/07\/04\/developpement-a-seville-le-tchad-determine-a-poursuivre-les-efforts-de-developpement-socio-economique\/#primaryimage\",\"url\":\"https:\/\/www.lejournalci.org\/wp-content\/uploads\/2025\/07\/1000977523-edited.jpg\",\"contentUrl\":\"https:\/\/www.lejournalci.org\/wp-content\/uploads\/2025\/07\/1000977523-edited.jpg\",\"width\":1600,\"height\":900},{\"@type\":\"BreadcrumbList\",\"@id\":\"https:\/\/www.lejournalci.org\/index.php\/2025\/07\/04\/developpement-a-seville-le-tchad-determine-a-poursuivre-les-efforts-de-developpement-socio-economique\/#breadcrumb\",\"itemListElement\":[{\"@type\":\"ListItem\",\"position\":1,\"name\":\"Accueil\",\"item\":\"https:\/\/www.lejournalci.org\/\"},{\"@type\":\"ListItem\",\"position\":2,\"name\":\"D\u00e9veloppement : \u00c0 S\u00e9ville, le Tchad d\u00e9termin\u00e9 \u00e0 poursuivre les efforts de d\u00e9veloppement socio-\u00e9conomique\"}]},{\"@type\":\"WebSite\",\"@id\":\"https:\/\/www.lejournalci.org\/#website\",\"url\":\"https:\/\/www.lejournalci.org\/\",\"name\":\"Cooperation Internationale\",\"description\":\"Faire de la Coop\u00e9ration un Puissant Instrument de D\u00e9veloppement\",\"publisher\":{\"@id\":\"https:\/\/www.lejournalci.org\/#organization\"},\"potentialAction\":[{\"@type\":\"SearchAction\",\"target\":{\"@type\":\"EntryPoint\",\"urlTemplate\":\"https:\/\/www.lejournalci.org\/?s={search_term_string}\"},\"query-input\":{\"@type\":\"PropertyValueSpecification\",\"valueRequired\":true,\"valueName\":\"search_term_string\"}}],\"inLanguage\":\"fr-FR\"},{\"@type\":\"Organization\",\"@id\":\"https:\/\/www.lejournalci.org\/#organization\",\"name\":\"Cooperation Internationale\",\"url\":\"https:\/\/www.lejournalci.org\/\",\"logo\":{\"@type\":\"ImageObject\",\"inLanguage\":\"fr-FR\",\"@id\":\"https:\/\/www.lejournalci.org\/#\/schema\/logo\/image\/\",\"url\":\"https:\/\/www.lejournalci.org\/wp-content\/uploads\/2024\/12\/logo-coopint_HD_3.jpg\",\"contentUrl\":\"https:\/\/www.lejournalci.org\/wp-content\/uploads\/2024\/12\/logo-coopint_HD_3.jpg\",\"width\":700,\"height\":214,\"caption\":\"Cooperation Internationale\"},\"image\":{\"@id\":\"https:\/\/www.lejournalci.org\/#\/schema\/logo\/image\/\"},\"sameAs\":[\"https:\/\/www.facebook.com\/journalCI\/\",\"https:\/\/x.com\/lejournalc\"]},{\"@type\":\"Person\",\"@id\":\"https:\/\/www.lejournalci.org\/#\/schema\/person\/2efe42dc5459aaaf6d89cb27e736002b\",\"name\":\"La R\u00e9daction CI\",\"image\":{\"@type\":\"ImageObject\",\"inLanguage\":\"fr-FR\",\"@id\":\"https:\/\/www.lejournalci.org\/#\/schema\/person\/image\/\",\"url\":\"https:\/\/secure.gravatar.com\/avatar\/e63ab2ab378e283740d8889fbe2ec43fdcee7ac714a480d705f61cb1e5675c4c?s=96&d=mm&r=g\",\"contentUrl\":\"https:\/\/secure.gravatar.com\/avatar\/e63ab2ab378e283740d8889fbe2ec43fdcee7ac714a480d705f61cb1e5675c4c?s=96&d=mm&r=g\",\"caption\":\"La R\u00e9daction CI\"},\"url\":\"https:\/\/www.lejournalci.org\/index.php\/author\/noebricendongyahoo-fr\/\"}]}<\/script>\n<!-- \/ Yoast SEO plugin. -->","yoast_head_json":{"title":"D\u00e9veloppement : \u00c0 S\u00e9ville, le Tchad d\u00e9termin\u00e9 \u00e0 poursuivre les efforts de d\u00e9veloppement socio-\u00e9conomique - Cooperation Internationale","robots":{"index":"index","follow":"follow","max-snippet":"max-snippet:-1","max-image-preview":"max-image-preview:large","max-video-preview":"max-video-preview:-1"},"canonical":"https:\/\/www.lejournalci.org\/index.php\/2025\/07\/04\/developpement-a-seville-le-tchad-determine-a-poursuivre-les-efforts-de-developpement-socio-economique\/","og_locale":"fr_FR","og_type":"article","og_title":"D\u00e9veloppement : \u00c0 S\u00e9ville, le Tchad d\u00e9termin\u00e9 \u00e0 poursuivre les efforts de d\u00e9veloppement socio-\u00e9conomique - Cooperation Internationale","og_description":"Le Tchad prend une part active \u00e0 la 4e Conf\u00e9rence Internationale sur le Financement du D\u00e9veloppement Mme Fatima Haram Acyl, Ministre d\u00e9l\u00e9gu\u00e9e aupr\u00e8s du Ministre des Finances, charg\u00e9e de l\u2019\u00c9conomie, du Plan et de la Coop\u00e9ration internationale, repr\u00e9sente le Tchad \u00e0 la Quatri\u00e8me Conf\u00e9rence internationale sur le Financement du D\u00e9veloppement","og_url":"https:\/\/www.lejournalci.org\/index.php\/2025\/07\/04\/developpement-a-seville-le-tchad-determine-a-poursuivre-les-efforts-de-developpement-socio-economique\/","og_site_name":"Cooperation Internationale","article_publisher":"https:\/\/www.facebook.com\/journalCI\/","article_published_time":"2025-07-04T08:35:04+00:00","article_modified_time":"2025-07-04T08:35:05+00:00","og_image":[{"width":1600,"height":900,"url":"https:\/\/www.lejournalci.org\/wp-content\/uploads\/2025\/07\/1000977523-edited.jpg","type":"image\/jpeg"}],"author":"La R\u00e9daction CI","twitter_card":"summary_large_image","twitter_creator":"@lejournalc","twitter_site":"@lejournalc","twitter_misc":{"\u00c9crit par":"La R\u00e9daction CI","Dur\u00e9e de lecture estim\u00e9e":"2 minutes"},"schema":{"@context":"https:\/\/schema.org","@graph":[{"@type":"Article","@id":"https:\/\/www.lejournalci.org\/index.php\/2025\/07\/04\/developpement-a-seville-le-tchad-determine-a-poursuivre-les-efforts-de-developpement-socio-economique\/#article","isPartOf":{"@id":"https:\/\/www.lejournalci.org\/index.php\/2025\/07\/04\/developpement-a-seville-le-tchad-determine-a-poursuivre-les-efforts-de-developpement-socio-economique\/"},"author":{"name":"La R\u00e9daction CI","@id":"https:\/\/www.lejournalci.org\/#\/schema\/person\/2efe42dc5459aaaf6d89cb27e736002b"},"headline":"D\u00e9veloppement : \u00c0 S\u00e9ville, le Tchad d\u00e9termin\u00e9 \u00e0 poursuivre les efforts de d\u00e9veloppement socio-\u00e9conomique","datePublished":"2025-07-04T08:35:04+00:00","dateModified":"2025-07-04T08:35:05+00:00","mainEntityOfPage":{"@id":"https:\/\/www.lejournalci.org\/index.php\/2025\/07\/04\/developpement-a-seville-le-tchad-determine-a-poursuivre-les-efforts-de-developpement-socio-economique\/"},"wordCount":319,"publisher":{"@id":"https:\/\/www.lejournalci.org\/#organization"},"image":{"@id":"https:\/\/www.lejournalci.org\/index.php\/2025\/07\/04\/developpement-a-seville-le-tchad-determine-a-poursuivre-les-efforts-de-developpement-socio-economique\/#primaryimage"},"thumbnailUrl":"https:\/\/www.lejournalci.org\/wp-content\/uploads\/2025\/07\/1000977523-edited.jpg","articleSection":["COOPERATION"],"inLanguage":"fr-FR"},{"@type":"WebPage","@id":"https:\/\/www.lejournalci.org\/index.php\/2025\/07\/04\/developpement-a-seville-le-tchad-determine-a-poursuivre-les-efforts-de-developpement-socio-economique\/","url":"https:\/\/www.lejournalci.org\/index.php\/2025\/07\/04\/developpement-a-seville-le-tchad-determine-a-poursuivre-les-efforts-de-developpement-socio-economique\/","name":"D\u00e9veloppement : \u00c0 S\u00e9ville, le Tchad d\u00e9termin\u00e9 \u00e0 poursuivre les efforts de d\u00e9veloppement socio-\u00e9conomique - Cooperation Internationale","isPartOf":{"@id":"https:\/\/www.lejournalci.org\/#website"},"primaryImageOfPage":{"@id":"https:\/\/www.lejournalci.org\/index.php\/2025\/07\/04\/developpement-a-seville-le-tchad-determine-a-poursuivre-les-efforts-de-developpement-socio-economique\/#primaryimage"},"image":{"@id":"https:\/\/www.lejournalci.org\/index.php\/2025\/07\/04\/developpement-a-seville-le-tchad-determine-a-poursuivre-les-efforts-de-developpement-socio-economique\/#primaryimage"},"thumbnailUrl":"https:\/\/www.lejournalci.org\/wp-content\/uploads\/2025\/07\/1000977523-edited.jpg","datePublished":"2025-07-04T08:35:04+00:00","dateModified":"2025-07-04T08:35:05+00:00","breadcrumb":{"@id":"https:\/\/www.lejournalci.org\/index.php\/2025\/07\/04\/developpement-a-seville-le-tchad-determine-a-poursuivre-les-efforts-de-developpement-socio-economique\/#breadcrumb"},"inLanguage":"fr-FR","potentialAction":[{"@type":"ReadAction","target":["https:\/\/www.lejournalci.org\/index.php\/2025\/07\/04\/developpement-a-seville-le-tchad-determine-a-poursuivre-les-efforts-de-developpement-socio-economique\/"]}]},{"@type":"ImageObject","inLanguage":"fr-FR","@id":"https:\/\/www.lejournalci.org\/index.php\/2025\/07\/04\/developpement-a-seville-le-tchad-determine-a-poursuivre-les-efforts-de-developpement-socio-economique\/#primaryimage","url":"https:\/\/www.lejournalci.org\/wp-content\/uploads\/2025\/07\/1000977523-edited.jpg","contentUrl":"https:\/\/www.lejournalci.org\/wp-content\/uploads\/2025\/07\/1000977523-edited.jpg","width":1600,"height":900},{"@type":"BreadcrumbList","@id":"https:\/\/www.lejournalci.org\/index.php\/2025\/07\/04\/developpement-a-seville-le-tchad-determine-a-poursuivre-les-efforts-de-developpement-socio-economique\/#breadcrumb","itemListElement":[{"@type":"ListItem","position":1,"name":"Accueil","item":"https:\/\/www.lejournalci.org\/"},{"@type":"ListItem","position":2,"name":"D\u00e9veloppement : \u00c0 S\u00e9ville, le Tchad d\u00e9termin\u00e9 \u00e0 poursuivre les efforts de d\u00e9veloppement socio-\u00e9conomique"}]},{"@type":"WebSite","@id":"https:\/\/www.lejournalci.org\/#website","url":"https:\/\/www.lejournalci.org\/","name":"Cooperation Internationale","description":"Faire de la Coop\u00e9ration un Puissant Instrument de D\u00e9veloppement","publisher":{"@id":"https:\/\/www.lejournalci.org\/#organization"},"potentialAction":[{"@type":"SearchAction","target":{"@type":"EntryPoint","urlTemplate":"https:\/\/www.lejournalci.org\/?s={search_term_string}"},"query-input":{"@type":"PropertyValueSpecification","valueRequired":true,"valueName":"search_term_string"}}],"inLanguage":"fr-FR"},{"@type":"Organization","@id":"https:\/\/www.lejournalci.org\/#organization","name":"Cooperation Internationale","url":"https:\/\/www.lejournalci.org\/","logo":{"@type":"ImageObject","inLanguage":"fr-FR","@id":"https:\/\/www.lejournalci.org\/#\/schema\/logo\/image\/","url":"https:\/\/www.lejournalci.org\/wp-content\/uploads\/2024\/12\/logo-coopint_HD_3.jpg","contentUrl":"https:\/\/www.lejournalci.org\/wp-content\/uploads\/2024\/12\/logo-coopint_HD_3.jpg","width":700,"height":214,"caption":"Cooperation Internationale"},"image":{"@id":"https:\/\/www.lejournalci.org\/#\/schema\/logo\/image\/"},"sameAs":["https:\/\/www.facebook.com\/journalCI\/","https:\/\/x.com\/lejournalc"]},{"@type":"Person","@id":"https:\/\/www.lejournalci.org\/#\/schema\/person\/2efe42dc5459aaaf6d89cb27e736002b","name":"La R\u00e9daction CI","image":{"@type":"ImageObject","inLanguage":"fr-FR","@id":"https:\/\/www.lejournalci.org\/#\/schema\/person\/image\/","url":"https:\/\/secure.gravatar.com\/avatar\/e63ab2ab378e283740d8889fbe2ec43fdcee7ac714a480d705f61cb1e5675c4c?s=96&d=mm&r=g","contentUrl":"https:\/\/secure.gravatar.com\/avatar\/e63ab2ab378e283740d8889fbe2ec43fdcee7ac714a480d705f61cb1e5675c4c?s=96&d=mm&r=g","caption":"La R\u00e9daction CI"},"url":"https:\/\/www.lejournalci.org\/index.php\/author\/noebricendongyahoo-fr\/"}]}},"jetpack_publicize_connections":[],"jetpack_featured_media_url":"https:\/\/www.lejournalci.org\/wp-content\/uploads\/2025\/07\/1000977523-edited.jpg","jetpack_sharing_enabled":true,"_links":{"self":[{"href":"https:\/\/www.lejournalci.org\/index.php\/wp-json\/wp\/v2\/posts\/7400","targetHints":{"allow":["GET"]}}],"collection":[{"href":"https:\/\/www.lejournalci.org\/index.php\/wp-json\/wp\/v2\/posts"}],"about":[{"href":"https:\/\/www.lejournalci.org\/index.php\/wp-json\/wp\/v2\/types\/post"}],"author":[{"embeddable":true,"href":"https:\/\/www.lejournalci.org\/index.php\/wp-json\/wp\/v2\/users\/3"}],"replies":[{"embeddable":true,"href":"https:\/\/www.lejournalci.org\/index.php\/wp-json\/wp\/v2\/comments?post=7400"}],"version-history":[{"count":1,"href":"https:\/\/www.lejournalci.org\/index.php\/wp-json\/wp\/v2\/posts\/7400\/revisions"}],"predecessor-version":[{"id":7403,"href":"https:\/\/www.lejournalci.org\/index.php\/wp-json\/wp\/v2\/posts\/7400\/revisions\/7403"}],"wp:featuredmedia":[{"embeddable":true,"href":"https:\/\/www.lejournalci.org\/index.php\/wp-json\/wp\/v2\/media\/7402"}],"wp:attachment":[{"href":"https:\/\/www.lejournalci.org\/index.php\/wp-json\/wp\/v2\/media?parent=7400"}],"wp:term":[{"taxonomy":"category","embeddable":true,"href":"https:\/\/www.lejournalci.org\/index.php\/wp-json\/wp\/v2\/categories?post=7400"},{"taxonomy":"post_tag","embeddable":true,"href":"https:\/\/www.lejournalci.org\/index.php\/wp-json\/wp\/v2\/tags?post=7400"}],"curies":[{"name":"wp","href":"https:\/\/api.w.org\/{rel}","templated":true}]}}