{"id":7168,"date":"2025-06-21T07:37:48","date_gmt":"2025-06-21T07:37:48","guid":{"rendered":"https:\/\/www.lejournalci.org\/?p=7168"},"modified":"2025-06-21T07:40:30","modified_gmt":"2025-06-21T07:40:30","slug":"tp-le-ministre-moukoumbi-echange-avec-les-representants-de-la-banque-mondiale-les-projets-padig-et-infrasap","status":"publish","type":"post","link":"https:\/\/www.lejournalci.org\/index.php\/2025\/06\/21\/tp-le-ministre-moukoumbi-echange-avec-les-representants-de-la-banque-mondiale-les-projets-padig-et-infrasap\/","title":{"rendered":"TP: Le Ministre Moukoumbi \u00e9change avec les Repr\u00e9sentants de la Banque Mondiale les Projets PADIG et INFRASAP"},"content":{"rendered":"\n<p><br>Lee vendredi 20 juin 2025, le Ministre des Travaux Publics et de la Construction, Edgard MOUKOUMBI, a rencontr\u00e9 une d\u00e9l\u00e9gation de la Banque Mondiale, conduite par Franz Drees Gross, Directeur R\u00e9gional Infrastructure pour l&#8217;Afrique de l&#8217;Ouest et du Centre, ainsi qu&#8217;A\u00efssatou Diallo, Repr\u00e9sentante r\u00e9sidente au Gabon. Le Projet d&#8217;Am\u00e9nagement et de D\u00e9veloppement des Infrastructures du Gabon (PADIG), a re\u00e7u un financement de 91,5 milliards de FCFA le 11 juin dernier, a constitu\u00e9 le sujet principal des \u00e9changes.<\/p>\n\n\n\n<p>Le PADIG vise \u00e0 moderniser les villes secondaires du Gabon en menant \u00e0 bien des projets d&#8217;assainissement, de voirie et d\u2019infrastructures sociales. Cela vise \u00e0 am\u00e9liorer les conditions de vie des populations de ces zones et \u00e0 stimuler l\u2019\u00e9conomie locale. Dans le but de d\u00e9marrer rapidement les travaux, les deux parties ont d\u00e9cid\u00e9 de prendre des mesures imm\u00e9diates, y compris l&#8217;engagement des entreprises locales et un suivi attentif des \u00e9ch\u00e9anciers.<\/p>\n\n\n\n<p>Les \u00e9changes entre le Ministre MOUKOUMBI et les repr\u00e9sentants de l\u2019institution financi\u00e8re ont \u00e9galement port\u00e9 sur l\u2019\u00e9tude INFRASAP, r\u00e9alis\u00e9e par la Banque Mondiale en vue d&#8217;examiner les syst\u00e8mes de transport en Afrique centrale. Ses conclusions guideront les prochaines d\u00e9penses en infrastructures routi\u00e8res et logistiques, favorisant une connectivit\u00e9 r\u00e9gionale am\u00e9lior\u00e9e.<\/p>\n\n\n\n<p>Cette rencontre vient consolider le partenariat entre le Gabon et la Banque mondiale. Franz Drees Gross a salu\u00e9 \u00ab la d\u00e9termination des autorit\u00e9s gabonaises \u00bb, tandis qu\u2019A\u00efssatou Diallo a r\u00e9affirm\u00e9 le soutien de l\u2019institution d\u2019accompagner le Gabon sur le plan des r\u00e9formes structurelles.<\/p>\n\n\n\n<p><strong>Source : Gouvernement <\/strong>\/\u00a9 Photo : Ministre des Travaux publics Edgard Moukoumbi et le directeur r\u00e9gional infrastructures Afrique de la BM, Hans Drees Gross<\/p>\n\n\n\n<p><\/p>\n","protected":false},"excerpt":{"rendered":"<p>Lee vendredi 20 juin 2025, le Ministre des Travaux Publics et de la Construction, Edgard MOUKOUMBI, a rencontr\u00e9 une d\u00e9l\u00e9gation de la Banque Mondiale, conduite par Franz Drees Gross, Directeur R\u00e9gional Infrastructure pour l&#8217;Afrique de l&#8217;Ouest et du Centre, ainsi qu&#8217;A\u00efssatou Diallo, Repr\u00e9sentante r\u00e9sidente au Gabon. Le Projet d&#8217;Am\u00e9nagement et<\/p>\n","protected":false},"author":3,"featured_media":7169,"comment_status":"closed","ping_status":"open","sticky":false,"template":"","format":"standard","meta":{"colormag_page_container_layout":"default_layout","colormag_page_sidebar_layout":"default_layout","_jetpack_memberships_contains_paid_content":false,"footnotes":"","jetpack_publicize_message":"","jetpack_publicize_feature_enabled":true,"jetpack_social_post_already_shared":true,"jetpack_social_options":{"image_generator_settings":{"template":"highway","default_image_id":0,"font":"","enabled":false},"version":2}},"categories":[58],"tags":[],"class_list":["post-7168","post","type-post","status-publish","format-standard","has-post-thumbnail","hentry","category-national"],"magazineBlocksPostFeaturedMedia":{"thumbnail":"https:\/\/www.lejournalci.org\/wp-content\/uploads\/2025\/06\/FB_IMG_1750491051516-150x150.jpg","medium":"https:\/\/www.lejournalci.org\/wp-content\/uploads\/2025\/06\/FB_IMG_1750491051516-300x170.jpg","medium_large":"https:\/\/www.lejournalci.org\/wp-content\/uploads\/2025\/06\/FB_IMG_1750491051516-768x436.jpg","large":"https:\/\/www.lejournalci.org\/wp-content\/uploads\/2025\/06\/FB_IMG_1750491051516-1024x582.jpg","1536x1536":"https:\/\/www.lejournalci.org\/wp-content\/uploads\/2025\/06\/FB_IMG_1750491051516.jpg","2048x2048":"https:\/\/www.lejournalci.org\/wp-content\/uploads\/2025\/06\/FB_IMG_1750491051516.jpg","colormag-highlighted-post":"https:\/\/www.lejournalci.org\/wp-content\/uploads\/2025\/06\/FB_IMG_1750491051516-392x272.jpg","colormag-featured-post-medium":"https:\/\/www.lejournalci.org\/wp-content\/uploads\/2025\/06\/FB_IMG_1750491051516-390x205.jpg","colormag-featured-post-small":"https:\/\/www.lejournalci.org\/wp-content\/uploads\/2025\/06\/FB_IMG_1750491051516-130x90.jpg","colormag-featured-image":"https:\/\/www.lejournalci.org\/wp-content\/uploads\/2025\/06\/FB_IMG_1750491051516-800x445.jpg","colormag-default-news":"https:\/\/www.lejournalci.org\/wp-content\/uploads\/2025\/06\/FB_IMG_1750491051516-150x150.jpg","colormag-featured-image-large":"https:\/\/www.lejournalci.org\/wp-content\/uploads\/2025\/06\/FB_IMG_1750491051516-1280x600.jpg"},"magazineBlocksPostAuthor":{"name":"La R\u00e9daction CI","avatar":"https:\/\/secure.gravatar.com\/avatar\/e63ab2ab378e283740d8889fbe2ec43fdcee7ac714a480d705f61cb1e5675c4c?s=96&d=mm&r=g"},"magazineBlocksPostCommentsNumber":false,"magazineBlocksPostExcerpt":"Lee vendredi 20 juin 2025, le Ministre des Travaux Publics et de la Construction, Edgard MOUKOUMBI, a rencontr\u00e9 une d\u00e9l\u00e9gation de la Banque Mondiale, conduite par Franz Drees Gross, Directeur R\u00e9gional Infrastructure pour l&#8217;Afrique de l&#8217;Ouest et du Centre, ainsi qu&#8217;A\u00efssatou Diallo, Repr\u00e9sentante r\u00e9sidente au Gabon. Le Projet d&#8217;Am\u00e9nagement et","magazineBlocksPostCategories":["NATIONAL"],"magazineBlocksPostViewCount":856,"magazineBlocksPostReadTime":2,"magazine_blocks_featured_image_url":{"full":["https:\/\/www.lejournalci.org\/wp-content\/uploads\/2025\/06\/FB_IMG_1750491051516.jpg",1280,727,false],"medium":["https:\/\/www.lejournalci.org\/wp-content\/uploads\/2025\/06\/FB_IMG_1750491051516-300x170.jpg",300,170,true],"thumbnail":["https:\/\/www.lejournalci.org\/wp-content\/uploads\/2025\/06\/FB_IMG_1750491051516-150x150.jpg",150,150,true]},"magazine_blocks_author":{"display_name":"La R\u00e9daction CI","author_link":"https:\/\/www.lejournalci.org\/index.php\/author\/noebricendongyahoo-fr\/"},"magazine_blocks_comment":0,"magazine_blocks_author_image":"https:\/\/secure.gravatar.com\/avatar\/e63ab2ab378e283740d8889fbe2ec43fdcee7ac714a480d705f61cb1e5675c4c?s=96&d=mm&r=g","magazine_blocks_category":"<a href=\"#\" class=\"category-link category-link-58\">NATIONAL<\/a>","yoast_head":"<!-- This site is optimized with the Yoast SEO plugin v26.2 - https:\/\/yoast.com\/wordpress\/plugins\/seo\/ -->\n<title>TP: Le Ministre Moukoumbi \u00e9change avec les Repr\u00e9sentants de la Banque Mondiale les Projets PADIG et INFRASAP - Cooperation Internationale<\/title>\n<meta name=\"robots\" content=\"index, follow, max-snippet:-1, max-image-preview:large, max-video-preview:-1\" \/>\n<link rel=\"canonical\" href=\"https:\/\/www.lejournalci.org\/index.php\/2025\/06\/21\/tp-le-ministre-moukoumbi-echange-avec-les-representants-de-la-banque-mondiale-les-projets-padig-et-infrasap\/\" \/>\n<meta property=\"og:locale\" content=\"fr_FR\" \/>\n<meta property=\"og:type\" content=\"article\" \/>\n<meta property=\"og:title\" content=\"TP: Le Ministre Moukoumbi \u00e9change avec les Repr\u00e9sentants de la Banque Mondiale les Projets PADIG et INFRASAP - Cooperation Internationale\" \/>\n<meta property=\"og:description\" content=\"Lee vendredi 20 juin 2025, le Ministre des Travaux Publics et de la Construction, Edgard MOUKOUMBI, a rencontr\u00e9 une d\u00e9l\u00e9gation de la Banque Mondiale, conduite par Franz Drees Gross, Directeur R\u00e9gional Infrastructure pour l&#8217;Afrique de l&#8217;Ouest et du Centre, ainsi qu&#8217;A\u00efssatou Diallo, Repr\u00e9sentante r\u00e9sidente au Gabon. Le Projet d&#8217;Am\u00e9nagement et\" \/>\n<meta property=\"og:url\" content=\"https:\/\/www.lejournalci.org\/index.php\/2025\/06\/21\/tp-le-ministre-moukoumbi-echange-avec-les-representants-de-la-banque-mondiale-les-projets-padig-et-infrasap\/\" \/>\n<meta property=\"og:site_name\" content=\"Cooperation Internationale\" \/>\n<meta property=\"article:publisher\" content=\"https:\/\/www.facebook.com\/journalCI\/\" \/>\n<meta property=\"article:published_time\" content=\"2025-06-21T07:37:48+00:00\" \/>\n<meta property=\"article:modified_time\" content=\"2025-06-21T07:40:30+00:00\" \/>\n<meta property=\"og:image\" content=\"https:\/\/www.lejournalci.org\/wp-content\/uploads\/2025\/06\/FB_IMG_1750491051516.jpg\" \/>\n\t<meta property=\"og:image:width\" content=\"1280\" \/>\n\t<meta property=\"og:image:height\" content=\"727\" \/>\n\t<meta property=\"og:image:type\" content=\"image\/jpeg\" \/>\n<meta name=\"author\" content=\"La R\u00e9daction CI\" \/>\n<meta name=\"twitter:card\" content=\"summary_large_image\" \/>\n<meta name=\"twitter:creator\" content=\"@lejournalc\" \/>\n<meta name=\"twitter:site\" content=\"@lejournalc\" \/>\n<meta name=\"twitter:label1\" content=\"\u00c9crit par\" \/>\n\t<meta name=\"twitter:data1\" content=\"La R\u00e9daction CI\" \/>\n\t<meta name=\"twitter:label2\" content=\"Dur\u00e9e de lecture estim\u00e9e\" \/>\n\t<meta name=\"twitter:data2\" content=\"2 minutes\" \/>\n<script type=\"application\/ld+json\" class=\"yoast-schema-graph\">{\"@context\":\"https:\/\/schema.org\",\"@graph\":[{\"@type\":\"Article\",\"@id\":\"https:\/\/www.lejournalci.org\/index.php\/2025\/06\/21\/tp-le-ministre-moukoumbi-echange-avec-les-representants-de-la-banque-mondiale-les-projets-padig-et-infrasap\/#article\",\"isPartOf\":{\"@id\":\"https:\/\/www.lejournalci.org\/index.php\/2025\/06\/21\/tp-le-ministre-moukoumbi-echange-avec-les-representants-de-la-banque-mondiale-les-projets-padig-et-infrasap\/\"},\"author\":{\"name\":\"La R\u00e9daction CI\",\"@id\":\"https:\/\/www.lejournalci.org\/#\/schema\/person\/2efe42dc5459aaaf6d89cb27e736002b\"},\"headline\":\"TP: Le Ministre Moukoumbi \u00e9change avec les Repr\u00e9sentants de la Banque Mondiale les Projets PADIG et INFRASAP\",\"datePublished\":\"2025-06-21T07:37:48+00:00\",\"dateModified\":\"2025-06-21T07:40:30+00:00\",\"mainEntityOfPage\":{\"@id\":\"https:\/\/www.lejournalci.org\/index.php\/2025\/06\/21\/tp-le-ministre-moukoumbi-echange-avec-les-representants-de-la-banque-mondiale-les-projets-padig-et-infrasap\/\"},\"wordCount\":312,\"publisher\":{\"@id\":\"https:\/\/www.lejournalci.org\/#organization\"},\"image\":{\"@id\":\"https:\/\/www.lejournalci.org\/index.php\/2025\/06\/21\/tp-le-ministre-moukoumbi-echange-avec-les-representants-de-la-banque-mondiale-les-projets-padig-et-infrasap\/#primaryimage\"},\"thumbnailUrl\":\"https:\/\/www.lejournalci.org\/wp-content\/uploads\/2025\/06\/FB_IMG_1750491051516.jpg\",\"articleSection\":[\"NATIONAL\"],\"inLanguage\":\"fr-FR\"},{\"@type\":\"WebPage\",\"@id\":\"https:\/\/www.lejournalci.org\/index.php\/2025\/06\/21\/tp-le-ministre-moukoumbi-echange-avec-les-representants-de-la-banque-mondiale-les-projets-padig-et-infrasap\/\",\"url\":\"https:\/\/www.lejournalci.org\/index.php\/2025\/06\/21\/tp-le-ministre-moukoumbi-echange-avec-les-representants-de-la-banque-mondiale-les-projets-padig-et-infrasap\/\",\"name\":\"TP: Le Ministre Moukoumbi \u00e9change avec les Repr\u00e9sentants de la Banque Mondiale les Projets PADIG et INFRASAP - Cooperation Internationale\",\"isPartOf\":{\"@id\":\"https:\/\/www.lejournalci.org\/#website\"},\"primaryImageOfPage\":{\"@id\":\"https:\/\/www.lejournalci.org\/index.php\/2025\/06\/21\/tp-le-ministre-moukoumbi-echange-avec-les-representants-de-la-banque-mondiale-les-projets-padig-et-infrasap\/#primaryimage\"},\"image\":{\"@id\":\"https:\/\/www.lejournalci.org\/index.php\/2025\/06\/21\/tp-le-ministre-moukoumbi-echange-avec-les-representants-de-la-banque-mondiale-les-projets-padig-et-infrasap\/#primaryimage\"},\"thumbnailUrl\":\"https:\/\/www.lejournalci.org\/wp-content\/uploads\/2025\/06\/FB_IMG_1750491051516.jpg\",\"datePublished\":\"2025-06-21T07:37:48+00:00\",\"dateModified\":\"2025-06-21T07:40:30+00:00\",\"breadcrumb\":{\"@id\":\"https:\/\/www.lejournalci.org\/index.php\/2025\/06\/21\/tp-le-ministre-moukoumbi-echange-avec-les-representants-de-la-banque-mondiale-les-projets-padig-et-infrasap\/#breadcrumb\"},\"inLanguage\":\"fr-FR\",\"potentialAction\":[{\"@type\":\"ReadAction\",\"target\":[\"https:\/\/www.lejournalci.org\/index.php\/2025\/06\/21\/tp-le-ministre-moukoumbi-echange-avec-les-representants-de-la-banque-mondiale-les-projets-padig-et-infrasap\/\"]}]},{\"@type\":\"ImageObject\",\"inLanguage\":\"fr-FR\",\"@id\":\"https:\/\/www.lejournalci.org\/index.php\/2025\/06\/21\/tp-le-ministre-moukoumbi-echange-avec-les-representants-de-la-banque-mondiale-les-projets-padig-et-infrasap\/#primaryimage\",\"url\":\"https:\/\/www.lejournalci.org\/wp-content\/uploads\/2025\/06\/FB_IMG_1750491051516.jpg\",\"contentUrl\":\"https:\/\/www.lejournalci.org\/wp-content\/uploads\/2025\/06\/FB_IMG_1750491051516.jpg\",\"width\":1280,\"height\":727},{\"@type\":\"BreadcrumbList\",\"@id\":\"https:\/\/www.lejournalci.org\/index.php\/2025\/06\/21\/tp-le-ministre-moukoumbi-echange-avec-les-representants-de-la-banque-mondiale-les-projets-padig-et-infrasap\/#breadcrumb\",\"itemListElement\":[{\"@type\":\"ListItem\",\"position\":1,\"name\":\"Accueil\",\"item\":\"https:\/\/www.lejournalci.org\/\"},{\"@type\":\"ListItem\",\"position\":2,\"name\":\"TP: Le Ministre Moukoumbi \u00e9change avec les Repr\u00e9sentants de la Banque Mondiale les Projets PADIG et INFRASAP\"}]},{\"@type\":\"WebSite\",\"@id\":\"https:\/\/www.lejournalci.org\/#website\",\"url\":\"https:\/\/www.lejournalci.org\/\",\"name\":\"Cooperation Internationale\",\"description\":\"Faire de la Coop\u00e9ration un Puissant Instrument de D\u00e9veloppement\",\"publisher\":{\"@id\":\"https:\/\/www.lejournalci.org\/#organization\"},\"potentialAction\":[{\"@type\":\"SearchAction\",\"target\":{\"@type\":\"EntryPoint\",\"urlTemplate\":\"https:\/\/www.lejournalci.org\/?s={search_term_string}\"},\"query-input\":{\"@type\":\"PropertyValueSpecification\",\"valueRequired\":true,\"valueName\":\"search_term_string\"}}],\"inLanguage\":\"fr-FR\"},{\"@type\":\"Organization\",\"@id\":\"https:\/\/www.lejournalci.org\/#organization\",\"name\":\"Cooperation Internationale\",\"url\":\"https:\/\/www.lejournalci.org\/\",\"logo\":{\"@type\":\"ImageObject\",\"inLanguage\":\"fr-FR\",\"@id\":\"https:\/\/www.lejournalci.org\/#\/schema\/logo\/image\/\",\"url\":\"https:\/\/www.lejournalci.org\/wp-content\/uploads\/2024\/12\/logo-coopint_HD_3.jpg\",\"contentUrl\":\"https:\/\/www.lejournalci.org\/wp-content\/uploads\/2024\/12\/logo-coopint_HD_3.jpg\",\"width\":700,\"height\":214,\"caption\":\"Cooperation Internationale\"},\"image\":{\"@id\":\"https:\/\/www.lejournalci.org\/#\/schema\/logo\/image\/\"},\"sameAs\":[\"https:\/\/www.facebook.com\/journalCI\/\",\"https:\/\/x.com\/lejournalc\"]},{\"@type\":\"Person\",\"@id\":\"https:\/\/www.lejournalci.org\/#\/schema\/person\/2efe42dc5459aaaf6d89cb27e736002b\",\"name\":\"La R\u00e9daction CI\",\"image\":{\"@type\":\"ImageObject\",\"inLanguage\":\"fr-FR\",\"@id\":\"https:\/\/www.lejournalci.org\/#\/schema\/person\/image\/\",\"url\":\"https:\/\/secure.gravatar.com\/avatar\/e63ab2ab378e283740d8889fbe2ec43fdcee7ac714a480d705f61cb1e5675c4c?s=96&d=mm&r=g\",\"contentUrl\":\"https:\/\/secure.gravatar.com\/avatar\/e63ab2ab378e283740d8889fbe2ec43fdcee7ac714a480d705f61cb1e5675c4c?s=96&d=mm&r=g\",\"caption\":\"La R\u00e9daction CI\"},\"url\":\"https:\/\/www.lejournalci.org\/index.php\/author\/noebricendongyahoo-fr\/\"}]}<\/script>\n<!-- \/ Yoast SEO plugin. -->","yoast_head_json":{"title":"TP: Le Ministre Moukoumbi \u00e9change avec les Repr\u00e9sentants de la Banque Mondiale les Projets PADIG et INFRASAP - Cooperation Internationale","robots":{"index":"index","follow":"follow","max-snippet":"max-snippet:-1","max-image-preview":"max-image-preview:large","max-video-preview":"max-video-preview:-1"},"canonical":"https:\/\/www.lejournalci.org\/index.php\/2025\/06\/21\/tp-le-ministre-moukoumbi-echange-avec-les-representants-de-la-banque-mondiale-les-projets-padig-et-infrasap\/","og_locale":"fr_FR","og_type":"article","og_title":"TP: Le Ministre Moukoumbi \u00e9change avec les Repr\u00e9sentants de la Banque Mondiale les Projets PADIG et INFRASAP - Cooperation Internationale","og_description":"Lee vendredi 20 juin 2025, le Ministre des Travaux Publics et de la Construction, Edgard MOUKOUMBI, a rencontr\u00e9 une d\u00e9l\u00e9gation de la Banque Mondiale, conduite par Franz Drees Gross, Directeur R\u00e9gional Infrastructure pour l&#8217;Afrique de l&#8217;Ouest et du Centre, ainsi qu&#8217;A\u00efssatou Diallo, Repr\u00e9sentante r\u00e9sidente au Gabon. Le Projet d&#8217;Am\u00e9nagement et","og_url":"https:\/\/www.lejournalci.org\/index.php\/2025\/06\/21\/tp-le-ministre-moukoumbi-echange-avec-les-representants-de-la-banque-mondiale-les-projets-padig-et-infrasap\/","og_site_name":"Cooperation Internationale","article_publisher":"https:\/\/www.facebook.com\/journalCI\/","article_published_time":"2025-06-21T07:37:48+00:00","article_modified_time":"2025-06-21T07:40:30+00:00","og_image":[{"width":1280,"height":727,"url":"https:\/\/www.lejournalci.org\/wp-content\/uploads\/2025\/06\/FB_IMG_1750491051516.jpg","type":"image\/jpeg"}],"author":"La R\u00e9daction CI","twitter_card":"summary_large_image","twitter_creator":"@lejournalc","twitter_site":"@lejournalc","twitter_misc":{"\u00c9crit par":"La R\u00e9daction CI","Dur\u00e9e de lecture estim\u00e9e":"2 minutes"},"schema":{"@context":"https:\/\/schema.org","@graph":[{"@type":"Article","@id":"https:\/\/www.lejournalci.org\/index.php\/2025\/06\/21\/tp-le-ministre-moukoumbi-echange-avec-les-representants-de-la-banque-mondiale-les-projets-padig-et-infrasap\/#article","isPartOf":{"@id":"https:\/\/www.lejournalci.org\/index.php\/2025\/06\/21\/tp-le-ministre-moukoumbi-echange-avec-les-representants-de-la-banque-mondiale-les-projets-padig-et-infrasap\/"},"author":{"name":"La R\u00e9daction CI","@id":"https:\/\/www.lejournalci.org\/#\/schema\/person\/2efe42dc5459aaaf6d89cb27e736002b"},"headline":"TP: Le Ministre Moukoumbi \u00e9change avec les Repr\u00e9sentants de la Banque Mondiale les Projets PADIG et INFRASAP","datePublished":"2025-06-21T07:37:48+00:00","dateModified":"2025-06-21T07:40:30+00:00","mainEntityOfPage":{"@id":"https:\/\/www.lejournalci.org\/index.php\/2025\/06\/21\/tp-le-ministre-moukoumbi-echange-avec-les-representants-de-la-banque-mondiale-les-projets-padig-et-infrasap\/"},"wordCount":312,"publisher":{"@id":"https:\/\/www.lejournalci.org\/#organization"},"image":{"@id":"https:\/\/www.lejournalci.org\/index.php\/2025\/06\/21\/tp-le-ministre-moukoumbi-echange-avec-les-representants-de-la-banque-mondiale-les-projets-padig-et-infrasap\/#primaryimage"},"thumbnailUrl":"https:\/\/www.lejournalci.org\/wp-content\/uploads\/2025\/06\/FB_IMG_1750491051516.jpg","articleSection":["NATIONAL"],"inLanguage":"fr-FR"},{"@type":"WebPage","@id":"https:\/\/www.lejournalci.org\/index.php\/2025\/06\/21\/tp-le-ministre-moukoumbi-echange-avec-les-representants-de-la-banque-mondiale-les-projets-padig-et-infrasap\/","url":"https:\/\/www.lejournalci.org\/index.php\/2025\/06\/21\/tp-le-ministre-moukoumbi-echange-avec-les-representants-de-la-banque-mondiale-les-projets-padig-et-infrasap\/","name":"TP: Le Ministre Moukoumbi \u00e9change avec les Repr\u00e9sentants de la Banque Mondiale les Projets PADIG et INFRASAP - Cooperation Internationale","isPartOf":{"@id":"https:\/\/www.lejournalci.org\/#website"},"primaryImageOfPage":{"@id":"https:\/\/www.lejournalci.org\/index.php\/2025\/06\/21\/tp-le-ministre-moukoumbi-echange-avec-les-representants-de-la-banque-mondiale-les-projets-padig-et-infrasap\/#primaryimage"},"image":{"@id":"https:\/\/www.lejournalci.org\/index.php\/2025\/06\/21\/tp-le-ministre-moukoumbi-echange-avec-les-representants-de-la-banque-mondiale-les-projets-padig-et-infrasap\/#primaryimage"},"thumbnailUrl":"https:\/\/www.lejournalci.org\/wp-content\/uploads\/2025\/06\/FB_IMG_1750491051516.jpg","datePublished":"2025-06-21T07:37:48+00:00","dateModified":"2025-06-21T07:40:30+00:00","breadcrumb":{"@id":"https:\/\/www.lejournalci.org\/index.php\/2025\/06\/21\/tp-le-ministre-moukoumbi-echange-avec-les-representants-de-la-banque-mondiale-les-projets-padig-et-infrasap\/#breadcrumb"},"inLanguage":"fr-FR","potentialAction":[{"@type":"ReadAction","target":["https:\/\/www.lejournalci.org\/index.php\/2025\/06\/21\/tp-le-ministre-moukoumbi-echange-avec-les-representants-de-la-banque-mondiale-les-projets-padig-et-infrasap\/"]}]},{"@type":"ImageObject","inLanguage":"fr-FR","@id":"https:\/\/www.lejournalci.org\/index.php\/2025\/06\/21\/tp-le-ministre-moukoumbi-echange-avec-les-representants-de-la-banque-mondiale-les-projets-padig-et-infrasap\/#primaryimage","url":"https:\/\/www.lejournalci.org\/wp-content\/uploads\/2025\/06\/FB_IMG_1750491051516.jpg","contentUrl":"https:\/\/www.lejournalci.org\/wp-content\/uploads\/2025\/06\/FB_IMG_1750491051516.jpg","width":1280,"height":727},{"@type":"BreadcrumbList","@id":"https:\/\/www.lejournalci.org\/index.php\/2025\/06\/21\/tp-le-ministre-moukoumbi-echange-avec-les-representants-de-la-banque-mondiale-les-projets-padig-et-infrasap\/#breadcrumb","itemListElement":[{"@type":"ListItem","position":1,"name":"Accueil","item":"https:\/\/www.lejournalci.org\/"},{"@type":"ListItem","position":2,"name":"TP: Le Ministre Moukoumbi \u00e9change avec les Repr\u00e9sentants de la Banque Mondiale les Projets PADIG et INFRASAP"}]},{"@type":"WebSite","@id":"https:\/\/www.lejournalci.org\/#website","url":"https:\/\/www.lejournalci.org\/","name":"Cooperation Internationale","description":"Faire de la Coop\u00e9ration un Puissant Instrument de D\u00e9veloppement","publisher":{"@id":"https:\/\/www.lejournalci.org\/#organization"},"potentialAction":[{"@type":"SearchAction","target":{"@type":"EntryPoint","urlTemplate":"https:\/\/www.lejournalci.org\/?s={search_term_string}"},"query-input":{"@type":"PropertyValueSpecification","valueRequired":true,"valueName":"search_term_string"}}],"inLanguage":"fr-FR"},{"@type":"Organization","@id":"https:\/\/www.lejournalci.org\/#organization","name":"Cooperation Internationale","url":"https:\/\/www.lejournalci.org\/","logo":{"@type":"ImageObject","inLanguage":"fr-FR","@id":"https:\/\/www.lejournalci.org\/#\/schema\/logo\/image\/","url":"https:\/\/www.lejournalci.org\/wp-content\/uploads\/2024\/12\/logo-coopint_HD_3.jpg","contentUrl":"https:\/\/www.lejournalci.org\/wp-content\/uploads\/2024\/12\/logo-coopint_HD_3.jpg","width":700,"height":214,"caption":"Cooperation Internationale"},"image":{"@id":"https:\/\/www.lejournalci.org\/#\/schema\/logo\/image\/"},"sameAs":["https:\/\/www.facebook.com\/journalCI\/","https:\/\/x.com\/lejournalc"]},{"@type":"Person","@id":"https:\/\/www.lejournalci.org\/#\/schema\/person\/2efe42dc5459aaaf6d89cb27e736002b","name":"La R\u00e9daction CI","image":{"@type":"ImageObject","inLanguage":"fr-FR","@id":"https:\/\/www.lejournalci.org\/#\/schema\/person\/image\/","url":"https:\/\/secure.gravatar.com\/avatar\/e63ab2ab378e283740d8889fbe2ec43fdcee7ac714a480d705f61cb1e5675c4c?s=96&d=mm&r=g","contentUrl":"https:\/\/secure.gravatar.com\/avatar\/e63ab2ab378e283740d8889fbe2ec43fdcee7ac714a480d705f61cb1e5675c4c?s=96&d=mm&r=g","caption":"La R\u00e9daction CI"},"url":"https:\/\/www.lejournalci.org\/index.php\/author\/noebricendongyahoo-fr\/"}]}},"jetpack_publicize_connections":[],"jetpack_featured_media_url":"https:\/\/www.lejournalci.org\/wp-content\/uploads\/2025\/06\/FB_IMG_1750491051516.jpg","jetpack_sharing_enabled":true,"_links":{"self":[{"href":"https:\/\/www.lejournalci.org\/index.php\/wp-json\/wp\/v2\/posts\/7168","targetHints":{"allow":["GET"]}}],"collection":[{"href":"https:\/\/www.lejournalci.org\/index.php\/wp-json\/wp\/v2\/posts"}],"about":[{"href":"https:\/\/www.lejournalci.org\/index.php\/wp-json\/wp\/v2\/types\/post"}],"author":[{"embeddable":true,"href":"https:\/\/www.lejournalci.org\/index.php\/wp-json\/wp\/v2\/users\/3"}],"replies":[{"embeddable":true,"href":"https:\/\/www.lejournalci.org\/index.php\/wp-json\/wp\/v2\/comments?post=7168"}],"version-history":[{"count":2,"href":"https:\/\/www.lejournalci.org\/index.php\/wp-json\/wp\/v2\/posts\/7168\/revisions"}],"predecessor-version":[{"id":7173,"href":"https:\/\/www.lejournalci.org\/index.php\/wp-json\/wp\/v2\/posts\/7168\/revisions\/7173"}],"wp:featuredmedia":[{"embeddable":true,"href":"https:\/\/www.lejournalci.org\/index.php\/wp-json\/wp\/v2\/media\/7169"}],"wp:attachment":[{"href":"https:\/\/www.lejournalci.org\/index.php\/wp-json\/wp\/v2\/media?parent=7168"}],"wp:term":[{"taxonomy":"category","embeddable":true,"href":"https:\/\/www.lejournalci.org\/index.php\/wp-json\/wp\/v2\/categories?post=7168"},{"taxonomy":"post_tag","embeddable":true,"href":"https:\/\/www.lejournalci.org\/index.php\/wp-json\/wp\/v2\/tags?post=7168"}],"curies":[{"name":"wp","href":"https:\/\/api.w.org\/{rel}","templated":true}]}}