{"id":7155,"date":"2025-06-20T15:07:56","date_gmt":"2025-06-20T15:07:56","guid":{"rendered":"https:\/\/www.lejournalci.org\/?p=7155"},"modified":"2025-06-20T15:07:58","modified_gmt":"2025-06-20T15:07:58","slug":"senegal-letat-lance-un-emprunt-obligataire-de-300-milliards-de-fcfa-sur-le-marche-financier-regional-de-luemoa","status":"publish","type":"post","link":"https:\/\/www.lejournalci.org\/index.php\/2025\/06\/20\/senegal-letat-lance-un-emprunt-obligataire-de-300-milliards-de-fcfa-sur-le-marche-financier-regional-de-luemoa\/","title":{"rendered":"S\u00e9n\u00e9gal: l&#8217;\u00c9tat lance un Emprunt Obligataire de 300 Milliards de FCFA sur le March\u00e9 Financier R\u00e9gional de l&#8217;UEMOA"},"content":{"rendered":"\n<p><\/p>\n\n\n\n<p>L\u2019\u00c9tat du S\u00e9n\u00e9gal a proc\u00e9d\u00e9 le jeudi 19 juin 2025, au Mus\u00e9e des Civilisations Noires de Dakar, au lancement officiel d\u2019un emprunt obligataire par appel public \u00e0 l\u2019\u00e9pargne pour un montant de 300 milliards de FCFA, sur le March\u00e9 Financier R\u00e9gional de l\u2019Union \u00c9conomique et Mon\u00e9taire Ouest-Africaine (UEMOA).<\/p>\n\n\n\n<p>La c\u00e9r\u00e9monie s\u2019est tenue sous la pr\u00e9sidence effective de Monsieur Amadou Tidiane GAYE, Directeur G\u00e9n\u00e9ral de la Comptabilit\u00e9 Publique et du Tr\u00e9sor, en pr\u00e9sence de Monsieur Alioune DIOUF, Directeur de la Dette Publique, Monsieur Kalidou DIALLO, Directeur G\u00e9n\u00e9ral de CGF Bourse, Monsieur Nicolas TAUVEL, Directeur G\u00e9n\u00e9ral Adjoint Client\u00e8le Entreprises et Paiements de Soci\u00e9t\u00e9 G\u00e9n\u00e9rale S\u00e9n\u00e9gal, ainsi que Monsieur Oumar DEME, Directeur de l\u2019Antenne Nationale de Bourse (ANB) du S\u00e9n\u00e9gal, repr\u00e9sentant le Directeur G\u00e9n\u00e9ral de la BRVM.<\/p>\n\n\n\n<figure class=\"wp-block-image size-large\"><img loading=\"lazy\" decoding=\"async\" width=\"1772\" height=\"997\" src=\"https:\/\/www.lejournalci.org\/wp-content\/uploads\/2025\/06\/1000937174-edited.jpg\" alt=\"\" class=\"wp-image-7157\" srcset=\"https:\/\/www.lejournalci.org\/wp-content\/uploads\/2025\/06\/1000937174-edited.jpg 1772w, https:\/\/www.lejournalci.org\/wp-content\/uploads\/2025\/06\/1000937174-edited-300x169.jpg 300w, https:\/\/www.lejournalci.org\/wp-content\/uploads\/2025\/06\/1000937174-edited-1024x576.jpg 1024w, https:\/\/www.lejournalci.org\/wp-content\/uploads\/2025\/06\/1000937174-edited-768x432.jpg 768w, https:\/\/www.lejournalci.org\/wp-content\/uploads\/2025\/06\/1000937174-edited-1536x864.jpg 1536w\" sizes=\"auto, (max-width: 1772px) 100vw, 1772px\" \/><\/figure>\n\n\n\n<p>Structur\u00e9e en quatre tranches aux conditions attractives, cette op\u00e9ration obligataire se d\u00e9cline comme suit :<\/p>\n\n\n\n<ul class=\"wp-block-list\">\n<li>6,40% sur 3 ans<\/li>\n\n\n\n<li>6,60% sur 5 ans<\/li>\n\n\n\n<li>6,75% sur 7 ans<\/li>\n\n\n\n<li>6,95% sur 10 ans<br>Mandat\u00e9e pour conduire cette op\u00e9ration, CGF Bourse a \u00e9t\u00e9 chaleureusement f\u00e9licit\u00e9e par le Directeur de l\u2019ANB du S\u00e9n\u00e9gal, qui a salu\u00e9 la confiance renouvel\u00e9e de l\u2019\u00c9tat dans la qualit\u00e9 de ses partenaires et du march\u00e9 financier r\u00e9gional. Il a soulign\u00e9 que ce recours \u00e0 l\u2019appel public \u00e0 l\u2019\u00e9pargne incarne la volont\u00e9 strat\u00e9gique du S\u00e9n\u00e9gal de diversifier ses sources de financement, \u00e0 travers des instruments innovants, transparents et inclusifs.<\/li>\n<\/ul>\n\n\n\n<p>Ce nouvel emprunt s\u2019inscrit dans une dynamique de mobilisation de l\u2019\u00e9pargne locale et r\u00e9gionale, au service du financement de projets structurants, \u00e0 fort impact \u00e9conomique et social. C\u2019est aussi un signal fort adress\u00e9 aux investisseurs : le S\u00e9n\u00e9gal demeure une signature souveraine de qualit\u00e9, stable, cr\u00e9dible et port\u00e9e par une strat\u00e9gie rigoureuse de gestion de la dette publique.<\/p>\n\n\n\n<p>Au nom du Directeur G\u00e9n\u00e9ral de la BRVM, le Directeur de l\u2019ANB du S\u00e9n\u00e9gal a r\u00e9affirm\u00e9 l\u2019engagement de la BRVM \u00e0 jouer pleinement son r\u00f4le de catalyseur du financement du d\u00e9veloppement dans l\u2019espace UEMOA. Il a rappel\u00e9 que depuis 1998, le March\u00e9 Financier R\u00e9gional a permis de lever plus de 18 730 milliards de FCFA, dont 15 885,65 milliards de FCFA par les \u00c9tats de l\u2019Union. \u00c0 lui seul, le S\u00e9n\u00e9gal a mobilis\u00e9 1 301,73 milliards de FCFA, soit 8,19% de l\u2019enveloppe globale.<\/p>\n\n\n\n<p>Enfin, un appel solennel a \u00e9t\u00e9 lanc\u00e9 \u00e0 l\u2019ensemble des investisseurs \u2013 institutionnels, corporatifs et particuliers \u2013 pour une participation massive \u00e0 cette op\u00e9ration, afin de soutenir les ambitions \u00e9conomiques du S\u00e9n\u00e9gal dans un cadre de transparence, de performance et de souverainet\u00e9 financi\u00e8re renforc\u00e9e.<\/p>\n\n\n\n<p>Source: la BVRM<\/p>\n","protected":false},"excerpt":{"rendered":"<p>L\u2019\u00c9tat du S\u00e9n\u00e9gal a proc\u00e9d\u00e9 le jeudi 19 juin 2025, au Mus\u00e9e des Civilisations Noires de Dakar, au lancement officiel d\u2019un emprunt obligataire par appel public \u00e0 l\u2019\u00e9pargne pour un montant de 300 milliards de FCFA, sur le March\u00e9 Financier R\u00e9gional de l\u2019Union \u00c9conomique et Mon\u00e9taire Ouest-Africaine (UEMOA). La c\u00e9r\u00e9monie<\/p>\n","protected":false},"author":3,"featured_media":7159,"comment_status":"closed","ping_status":"open","sticky":false,"template":"","format":"standard","meta":{"colormag_page_container_layout":"default_layout","colormag_page_sidebar_layout":"default_layout","_jetpack_memberships_contains_paid_content":false,"footnotes":"","jetpack_publicize_message":"","jetpack_publicize_feature_enabled":true,"jetpack_social_post_already_shared":true,"jetpack_social_options":{"image_generator_settings":{"template":"highway","default_image_id":0,"font":"","enabled":false},"version":2}},"categories":[52],"tags":[],"class_list":["post-7155","post","type-post","status-publish","format-standard","has-post-thumbnail","hentry","category-economie"],"magazineBlocksPostFeaturedMedia":{"thumbnail":"https:\/\/www.lejournalci.org\/wp-content\/uploads\/2025\/06\/1000937170-edited-150x150.jpg","medium":"https:\/\/www.lejournalci.org\/wp-content\/uploads\/2025\/06\/1000937170-edited-300x169.jpg","medium_large":"https:\/\/www.lejournalci.org\/wp-content\/uploads\/2025\/06\/1000937170-edited-768x432.jpg","large":"https:\/\/www.lejournalci.org\/wp-content\/uploads\/2025\/06\/1000937170-edited-1024x576.jpg","1536x1536":"https:\/\/www.lejournalci.org\/wp-content\/uploads\/2025\/06\/1000937170-edited-1536x864.jpg","2048x2048":"https:\/\/www.lejournalci.org\/wp-content\/uploads\/2025\/06\/1000937170-edited.jpg","colormag-highlighted-post":"https:\/\/www.lejournalci.org\/wp-content\/uploads\/2025\/06\/1000937170-edited-392x272.jpg","colormag-featured-post-medium":"https:\/\/www.lejournalci.org\/wp-content\/uploads\/2025\/06\/1000937170-edited-390x205.jpg","colormag-featured-post-small":"https:\/\/www.lejournalci.org\/wp-content\/uploads\/2025\/06\/1000937170-edited-130x90.jpg","colormag-featured-image":"https:\/\/www.lejournalci.org\/wp-content\/uploads\/2025\/06\/1000937170-edited-800x445.jpg","colormag-default-news":"https:\/\/www.lejournalci.org\/wp-content\/uploads\/2025\/06\/1000937170-edited-150x150.jpg","colormag-featured-image-large":"https:\/\/www.lejournalci.org\/wp-content\/uploads\/2025\/06\/1000937170-edited-1400x600.jpg"},"magazineBlocksPostAuthor":{"name":"La R\u00e9daction CI","avatar":"https:\/\/secure.gravatar.com\/avatar\/e63ab2ab378e283740d8889fbe2ec43fdcee7ac714a480d705f61cb1e5675c4c?s=96&d=mm&r=g"},"magazineBlocksPostCommentsNumber":false,"magazineBlocksPostExcerpt":"L\u2019\u00c9tat du S\u00e9n\u00e9gal a proc\u00e9d\u00e9 le jeudi 19 juin 2025, au Mus\u00e9e des Civilisations Noires de Dakar, au lancement officiel d\u2019un emprunt obligataire par appel public \u00e0 l\u2019\u00e9pargne pour un montant de 300 milliards de FCFA, sur le March\u00e9 Financier R\u00e9gional de l\u2019Union \u00c9conomique et Mon\u00e9taire Ouest-Africaine (UEMOA). La c\u00e9r\u00e9monie","magazineBlocksPostCategories":["ECONOMIE"],"magazineBlocksPostViewCount":896,"magazineBlocksPostReadTime":3,"magazine_blocks_featured_image_url":{"full":["https:\/\/www.lejournalci.org\/wp-content\/uploads\/2025\/06\/1000937170-edited.jpg",1772,997,false],"medium":["https:\/\/www.lejournalci.org\/wp-content\/uploads\/2025\/06\/1000937170-edited-300x169.jpg",300,169,true],"thumbnail":["https:\/\/www.lejournalci.org\/wp-content\/uploads\/2025\/06\/1000937170-edited-150x150.jpg",150,150,true]},"magazine_blocks_author":{"display_name":"La R\u00e9daction CI","author_link":"https:\/\/www.lejournalci.org\/index.php\/author\/noebricendongyahoo-fr\/"},"magazine_blocks_comment":0,"magazine_blocks_author_image":"https:\/\/secure.gravatar.com\/avatar\/e63ab2ab378e283740d8889fbe2ec43fdcee7ac714a480d705f61cb1e5675c4c?s=96&d=mm&r=g","magazine_blocks_category":"<a href=\"#\" class=\"category-link category-link-52\">ECONOMIE<\/a>","yoast_head":"<!-- This site is optimized with the Yoast SEO plugin v26.2 - https:\/\/yoast.com\/wordpress\/plugins\/seo\/ -->\n<title>S\u00e9n\u00e9gal: l&#039;\u00c9tat lance un Emprunt Obligataire de 300 Milliards de FCFA sur le March\u00e9 Financier R\u00e9gional de l&#039;UEMOA - Cooperation Internationale<\/title>\n<meta name=\"robots\" content=\"index, follow, max-snippet:-1, max-image-preview:large, max-video-preview:-1\" \/>\n<link rel=\"canonical\" href=\"https:\/\/www.lejournalci.org\/index.php\/2025\/06\/20\/senegal-letat-lance-un-emprunt-obligataire-de-300-milliards-de-fcfa-sur-le-marche-financier-regional-de-luemoa\/\" \/>\n<meta property=\"og:locale\" content=\"fr_FR\" \/>\n<meta property=\"og:type\" content=\"article\" \/>\n<meta property=\"og:title\" content=\"S\u00e9n\u00e9gal: l&#039;\u00c9tat lance un Emprunt Obligataire de 300 Milliards de FCFA sur le March\u00e9 Financier R\u00e9gional de l&#039;UEMOA - Cooperation Internationale\" \/>\n<meta property=\"og:description\" content=\"L\u2019\u00c9tat du S\u00e9n\u00e9gal a proc\u00e9d\u00e9 le jeudi 19 juin 2025, au Mus\u00e9e des Civilisations Noires de Dakar, au lancement officiel d\u2019un emprunt obligataire par appel public \u00e0 l\u2019\u00e9pargne pour un montant de 300 milliards de FCFA, sur le March\u00e9 Financier R\u00e9gional de l\u2019Union \u00c9conomique et Mon\u00e9taire Ouest-Africaine (UEMOA). La c\u00e9r\u00e9monie\" \/>\n<meta property=\"og:url\" content=\"https:\/\/www.lejournalci.org\/index.php\/2025\/06\/20\/senegal-letat-lance-un-emprunt-obligataire-de-300-milliards-de-fcfa-sur-le-marche-financier-regional-de-luemoa\/\" \/>\n<meta property=\"og:site_name\" content=\"Cooperation Internationale\" \/>\n<meta property=\"article:publisher\" content=\"https:\/\/www.facebook.com\/journalCI\/\" \/>\n<meta property=\"article:published_time\" content=\"2025-06-20T15:07:56+00:00\" \/>\n<meta property=\"article:modified_time\" content=\"2025-06-20T15:07:58+00:00\" \/>\n<meta property=\"og:image\" content=\"https:\/\/www.lejournalci.org\/wp-content\/uploads\/2025\/06\/1000937170-edited.jpg\" \/>\n\t<meta property=\"og:image:width\" content=\"1772\" \/>\n\t<meta property=\"og:image:height\" content=\"997\" \/>\n\t<meta property=\"og:image:type\" content=\"image\/jpeg\" \/>\n<meta name=\"author\" content=\"La R\u00e9daction CI\" \/>\n<meta name=\"twitter:card\" content=\"summary_large_image\" \/>\n<meta name=\"twitter:creator\" content=\"@lejournalc\" \/>\n<meta name=\"twitter:site\" content=\"@lejournalc\" \/>\n<meta name=\"twitter:label1\" content=\"\u00c9crit par\" \/>\n\t<meta name=\"twitter:data1\" content=\"La R\u00e9daction CI\" \/>\n\t<meta name=\"twitter:label2\" content=\"Dur\u00e9e de lecture estim\u00e9e\" \/>\n\t<meta name=\"twitter:data2\" content=\"3 minutes\" \/>\n<script type=\"application\/ld+json\" class=\"yoast-schema-graph\">{\"@context\":\"https:\/\/schema.org\",\"@graph\":[{\"@type\":\"Article\",\"@id\":\"https:\/\/www.lejournalci.org\/index.php\/2025\/06\/20\/senegal-letat-lance-un-emprunt-obligataire-de-300-milliards-de-fcfa-sur-le-marche-financier-regional-de-luemoa\/#article\",\"isPartOf\":{\"@id\":\"https:\/\/www.lejournalci.org\/index.php\/2025\/06\/20\/senegal-letat-lance-un-emprunt-obligataire-de-300-milliards-de-fcfa-sur-le-marche-financier-regional-de-luemoa\/\"},\"author\":{\"name\":\"La R\u00e9daction CI\",\"@id\":\"https:\/\/www.lejournalci.org\/#\/schema\/person\/2efe42dc5459aaaf6d89cb27e736002b\"},\"headline\":\"S\u00e9n\u00e9gal: l&#8217;\u00c9tat lance un Emprunt Obligataire de 300 Milliards de FCFA sur le March\u00e9 Financier R\u00e9gional de l&#8217;UEMOA\",\"datePublished\":\"2025-06-20T15:07:56+00:00\",\"dateModified\":\"2025-06-20T15:07:58+00:00\",\"mainEntityOfPage\":{\"@id\":\"https:\/\/www.lejournalci.org\/index.php\/2025\/06\/20\/senegal-letat-lance-un-emprunt-obligataire-de-300-milliards-de-fcfa-sur-le-marche-financier-regional-de-luemoa\/\"},\"wordCount\":482,\"publisher\":{\"@id\":\"https:\/\/www.lejournalci.org\/#organization\"},\"image\":{\"@id\":\"https:\/\/www.lejournalci.org\/index.php\/2025\/06\/20\/senegal-letat-lance-un-emprunt-obligataire-de-300-milliards-de-fcfa-sur-le-marche-financier-regional-de-luemoa\/#primaryimage\"},\"thumbnailUrl\":\"https:\/\/www.lejournalci.org\/wp-content\/uploads\/2025\/06\/1000937170-edited.jpg\",\"articleSection\":[\"ECONOMIE\"],\"inLanguage\":\"fr-FR\"},{\"@type\":\"WebPage\",\"@id\":\"https:\/\/www.lejournalci.org\/index.php\/2025\/06\/20\/senegal-letat-lance-un-emprunt-obligataire-de-300-milliards-de-fcfa-sur-le-marche-financier-regional-de-luemoa\/\",\"url\":\"https:\/\/www.lejournalci.org\/index.php\/2025\/06\/20\/senegal-letat-lance-un-emprunt-obligataire-de-300-milliards-de-fcfa-sur-le-marche-financier-regional-de-luemoa\/\",\"name\":\"S\u00e9n\u00e9gal: l'\u00c9tat lance un Emprunt Obligataire de 300 Milliards de FCFA sur le March\u00e9 Financier R\u00e9gional de l'UEMOA - Cooperation Internationale\",\"isPartOf\":{\"@id\":\"https:\/\/www.lejournalci.org\/#website\"},\"primaryImageOfPage\":{\"@id\":\"https:\/\/www.lejournalci.org\/index.php\/2025\/06\/20\/senegal-letat-lance-un-emprunt-obligataire-de-300-milliards-de-fcfa-sur-le-marche-financier-regional-de-luemoa\/#primaryimage\"},\"image\":{\"@id\":\"https:\/\/www.lejournalci.org\/index.php\/2025\/06\/20\/senegal-letat-lance-un-emprunt-obligataire-de-300-milliards-de-fcfa-sur-le-marche-financier-regional-de-luemoa\/#primaryimage\"},\"thumbnailUrl\":\"https:\/\/www.lejournalci.org\/wp-content\/uploads\/2025\/06\/1000937170-edited.jpg\",\"datePublished\":\"2025-06-20T15:07:56+00:00\",\"dateModified\":\"2025-06-20T15:07:58+00:00\",\"breadcrumb\":{\"@id\":\"https:\/\/www.lejournalci.org\/index.php\/2025\/06\/20\/senegal-letat-lance-un-emprunt-obligataire-de-300-milliards-de-fcfa-sur-le-marche-financier-regional-de-luemoa\/#breadcrumb\"},\"inLanguage\":\"fr-FR\",\"potentialAction\":[{\"@type\":\"ReadAction\",\"target\":[\"https:\/\/www.lejournalci.org\/index.php\/2025\/06\/20\/senegal-letat-lance-un-emprunt-obligataire-de-300-milliards-de-fcfa-sur-le-marche-financier-regional-de-luemoa\/\"]}]},{\"@type\":\"ImageObject\",\"inLanguage\":\"fr-FR\",\"@id\":\"https:\/\/www.lejournalci.org\/index.php\/2025\/06\/20\/senegal-letat-lance-un-emprunt-obligataire-de-300-milliards-de-fcfa-sur-le-marche-financier-regional-de-luemoa\/#primaryimage\",\"url\":\"https:\/\/www.lejournalci.org\/wp-content\/uploads\/2025\/06\/1000937170-edited.jpg\",\"contentUrl\":\"https:\/\/www.lejournalci.org\/wp-content\/uploads\/2025\/06\/1000937170-edited.jpg\",\"width\":1772,\"height\":997},{\"@type\":\"BreadcrumbList\",\"@id\":\"https:\/\/www.lejournalci.org\/index.php\/2025\/06\/20\/senegal-letat-lance-un-emprunt-obligataire-de-300-milliards-de-fcfa-sur-le-marche-financier-regional-de-luemoa\/#breadcrumb\",\"itemListElement\":[{\"@type\":\"ListItem\",\"position\":1,\"name\":\"Accueil\",\"item\":\"https:\/\/www.lejournalci.org\/\"},{\"@type\":\"ListItem\",\"position\":2,\"name\":\"S\u00e9n\u00e9gal: l&#8217;\u00c9tat lance un Emprunt Obligataire de 300 Milliards de FCFA sur le March\u00e9 Financier R\u00e9gional de l&#8217;UEMOA\"}]},{\"@type\":\"WebSite\",\"@id\":\"https:\/\/www.lejournalci.org\/#website\",\"url\":\"https:\/\/www.lejournalci.org\/\",\"name\":\"Cooperation Internationale\",\"description\":\"Faire de la Coop\u00e9ration un Puissant Instrument de D\u00e9veloppement\",\"publisher\":{\"@id\":\"https:\/\/www.lejournalci.org\/#organization\"},\"potentialAction\":[{\"@type\":\"SearchAction\",\"target\":{\"@type\":\"EntryPoint\",\"urlTemplate\":\"https:\/\/www.lejournalci.org\/?s={search_term_string}\"},\"query-input\":{\"@type\":\"PropertyValueSpecification\",\"valueRequired\":true,\"valueName\":\"search_term_string\"}}],\"inLanguage\":\"fr-FR\"},{\"@type\":\"Organization\",\"@id\":\"https:\/\/www.lejournalci.org\/#organization\",\"name\":\"Cooperation Internationale\",\"url\":\"https:\/\/www.lejournalci.org\/\",\"logo\":{\"@type\":\"ImageObject\",\"inLanguage\":\"fr-FR\",\"@id\":\"https:\/\/www.lejournalci.org\/#\/schema\/logo\/image\/\",\"url\":\"https:\/\/www.lejournalci.org\/wp-content\/uploads\/2024\/12\/logo-coopint_HD_3.jpg\",\"contentUrl\":\"https:\/\/www.lejournalci.org\/wp-content\/uploads\/2024\/12\/logo-coopint_HD_3.jpg\",\"width\":700,\"height\":214,\"caption\":\"Cooperation Internationale\"},\"image\":{\"@id\":\"https:\/\/www.lejournalci.org\/#\/schema\/logo\/image\/\"},\"sameAs\":[\"https:\/\/www.facebook.com\/journalCI\/\",\"https:\/\/x.com\/lejournalc\"]},{\"@type\":\"Person\",\"@id\":\"https:\/\/www.lejournalci.org\/#\/schema\/person\/2efe42dc5459aaaf6d89cb27e736002b\",\"name\":\"La R\u00e9daction CI\",\"image\":{\"@type\":\"ImageObject\",\"inLanguage\":\"fr-FR\",\"@id\":\"https:\/\/www.lejournalci.org\/#\/schema\/person\/image\/\",\"url\":\"https:\/\/secure.gravatar.com\/avatar\/e63ab2ab378e283740d8889fbe2ec43fdcee7ac714a480d705f61cb1e5675c4c?s=96&d=mm&r=g\",\"contentUrl\":\"https:\/\/secure.gravatar.com\/avatar\/e63ab2ab378e283740d8889fbe2ec43fdcee7ac714a480d705f61cb1e5675c4c?s=96&d=mm&r=g\",\"caption\":\"La R\u00e9daction CI\"},\"url\":\"https:\/\/www.lejournalci.org\/index.php\/author\/noebricendongyahoo-fr\/\"}]}<\/script>\n<!-- \/ Yoast SEO plugin. -->","yoast_head_json":{"title":"S\u00e9n\u00e9gal: l'\u00c9tat lance un Emprunt Obligataire de 300 Milliards de FCFA sur le March\u00e9 Financier R\u00e9gional de l'UEMOA - Cooperation Internationale","robots":{"index":"index","follow":"follow","max-snippet":"max-snippet:-1","max-image-preview":"max-image-preview:large","max-video-preview":"max-video-preview:-1"},"canonical":"https:\/\/www.lejournalci.org\/index.php\/2025\/06\/20\/senegal-letat-lance-un-emprunt-obligataire-de-300-milliards-de-fcfa-sur-le-marche-financier-regional-de-luemoa\/","og_locale":"fr_FR","og_type":"article","og_title":"S\u00e9n\u00e9gal: l'\u00c9tat lance un Emprunt Obligataire de 300 Milliards de FCFA sur le March\u00e9 Financier R\u00e9gional de l'UEMOA - Cooperation Internationale","og_description":"L\u2019\u00c9tat du S\u00e9n\u00e9gal a proc\u00e9d\u00e9 le jeudi 19 juin 2025, au Mus\u00e9e des Civilisations Noires de Dakar, au lancement officiel d\u2019un emprunt obligataire par appel public \u00e0 l\u2019\u00e9pargne pour un montant de 300 milliards de FCFA, sur le March\u00e9 Financier R\u00e9gional de l\u2019Union \u00c9conomique et Mon\u00e9taire Ouest-Africaine (UEMOA). La c\u00e9r\u00e9monie","og_url":"https:\/\/www.lejournalci.org\/index.php\/2025\/06\/20\/senegal-letat-lance-un-emprunt-obligataire-de-300-milliards-de-fcfa-sur-le-marche-financier-regional-de-luemoa\/","og_site_name":"Cooperation Internationale","article_publisher":"https:\/\/www.facebook.com\/journalCI\/","article_published_time":"2025-06-20T15:07:56+00:00","article_modified_time":"2025-06-20T15:07:58+00:00","og_image":[{"width":1772,"height":997,"url":"https:\/\/www.lejournalci.org\/wp-content\/uploads\/2025\/06\/1000937170-edited.jpg","type":"image\/jpeg"}],"author":"La R\u00e9daction CI","twitter_card":"summary_large_image","twitter_creator":"@lejournalc","twitter_site":"@lejournalc","twitter_misc":{"\u00c9crit par":"La R\u00e9daction CI","Dur\u00e9e de lecture estim\u00e9e":"3 minutes"},"schema":{"@context":"https:\/\/schema.org","@graph":[{"@type":"Article","@id":"https:\/\/www.lejournalci.org\/index.php\/2025\/06\/20\/senegal-letat-lance-un-emprunt-obligataire-de-300-milliards-de-fcfa-sur-le-marche-financier-regional-de-luemoa\/#article","isPartOf":{"@id":"https:\/\/www.lejournalci.org\/index.php\/2025\/06\/20\/senegal-letat-lance-un-emprunt-obligataire-de-300-milliards-de-fcfa-sur-le-marche-financier-regional-de-luemoa\/"},"author":{"name":"La R\u00e9daction CI","@id":"https:\/\/www.lejournalci.org\/#\/schema\/person\/2efe42dc5459aaaf6d89cb27e736002b"},"headline":"S\u00e9n\u00e9gal: l&#8217;\u00c9tat lance un Emprunt Obligataire de 300 Milliards de FCFA sur le March\u00e9 Financier R\u00e9gional de l&#8217;UEMOA","datePublished":"2025-06-20T15:07:56+00:00","dateModified":"2025-06-20T15:07:58+00:00","mainEntityOfPage":{"@id":"https:\/\/www.lejournalci.org\/index.php\/2025\/06\/20\/senegal-letat-lance-un-emprunt-obligataire-de-300-milliards-de-fcfa-sur-le-marche-financier-regional-de-luemoa\/"},"wordCount":482,"publisher":{"@id":"https:\/\/www.lejournalci.org\/#organization"},"image":{"@id":"https:\/\/www.lejournalci.org\/index.php\/2025\/06\/20\/senegal-letat-lance-un-emprunt-obligataire-de-300-milliards-de-fcfa-sur-le-marche-financier-regional-de-luemoa\/#primaryimage"},"thumbnailUrl":"https:\/\/www.lejournalci.org\/wp-content\/uploads\/2025\/06\/1000937170-edited.jpg","articleSection":["ECONOMIE"],"inLanguage":"fr-FR"},{"@type":"WebPage","@id":"https:\/\/www.lejournalci.org\/index.php\/2025\/06\/20\/senegal-letat-lance-un-emprunt-obligataire-de-300-milliards-de-fcfa-sur-le-marche-financier-regional-de-luemoa\/","url":"https:\/\/www.lejournalci.org\/index.php\/2025\/06\/20\/senegal-letat-lance-un-emprunt-obligataire-de-300-milliards-de-fcfa-sur-le-marche-financier-regional-de-luemoa\/","name":"S\u00e9n\u00e9gal: l'\u00c9tat lance un Emprunt Obligataire de 300 Milliards de FCFA sur le March\u00e9 Financier R\u00e9gional de l'UEMOA - Cooperation Internationale","isPartOf":{"@id":"https:\/\/www.lejournalci.org\/#website"},"primaryImageOfPage":{"@id":"https:\/\/www.lejournalci.org\/index.php\/2025\/06\/20\/senegal-letat-lance-un-emprunt-obligataire-de-300-milliards-de-fcfa-sur-le-marche-financier-regional-de-luemoa\/#primaryimage"},"image":{"@id":"https:\/\/www.lejournalci.org\/index.php\/2025\/06\/20\/senegal-letat-lance-un-emprunt-obligataire-de-300-milliards-de-fcfa-sur-le-marche-financier-regional-de-luemoa\/#primaryimage"},"thumbnailUrl":"https:\/\/www.lejournalci.org\/wp-content\/uploads\/2025\/06\/1000937170-edited.jpg","datePublished":"2025-06-20T15:07:56+00:00","dateModified":"2025-06-20T15:07:58+00:00","breadcrumb":{"@id":"https:\/\/www.lejournalci.org\/index.php\/2025\/06\/20\/senegal-letat-lance-un-emprunt-obligataire-de-300-milliards-de-fcfa-sur-le-marche-financier-regional-de-luemoa\/#breadcrumb"},"inLanguage":"fr-FR","potentialAction":[{"@type":"ReadAction","target":["https:\/\/www.lejournalci.org\/index.php\/2025\/06\/20\/senegal-letat-lance-un-emprunt-obligataire-de-300-milliards-de-fcfa-sur-le-marche-financier-regional-de-luemoa\/"]}]},{"@type":"ImageObject","inLanguage":"fr-FR","@id":"https:\/\/www.lejournalci.org\/index.php\/2025\/06\/20\/senegal-letat-lance-un-emprunt-obligataire-de-300-milliards-de-fcfa-sur-le-marche-financier-regional-de-luemoa\/#primaryimage","url":"https:\/\/www.lejournalci.org\/wp-content\/uploads\/2025\/06\/1000937170-edited.jpg","contentUrl":"https:\/\/www.lejournalci.org\/wp-content\/uploads\/2025\/06\/1000937170-edited.jpg","width":1772,"height":997},{"@type":"BreadcrumbList","@id":"https:\/\/www.lejournalci.org\/index.php\/2025\/06\/20\/senegal-letat-lance-un-emprunt-obligataire-de-300-milliards-de-fcfa-sur-le-marche-financier-regional-de-luemoa\/#breadcrumb","itemListElement":[{"@type":"ListItem","position":1,"name":"Accueil","item":"https:\/\/www.lejournalci.org\/"},{"@type":"ListItem","position":2,"name":"S\u00e9n\u00e9gal: l&#8217;\u00c9tat lance un Emprunt Obligataire de 300 Milliards de FCFA sur le March\u00e9 Financier R\u00e9gional de l&#8217;UEMOA"}]},{"@type":"WebSite","@id":"https:\/\/www.lejournalci.org\/#website","url":"https:\/\/www.lejournalci.org\/","name":"Cooperation Internationale","description":"Faire de la Coop\u00e9ration un Puissant Instrument de D\u00e9veloppement","publisher":{"@id":"https:\/\/www.lejournalci.org\/#organization"},"potentialAction":[{"@type":"SearchAction","target":{"@type":"EntryPoint","urlTemplate":"https:\/\/www.lejournalci.org\/?s={search_term_string}"},"query-input":{"@type":"PropertyValueSpecification","valueRequired":true,"valueName":"search_term_string"}}],"inLanguage":"fr-FR"},{"@type":"Organization","@id":"https:\/\/www.lejournalci.org\/#organization","name":"Cooperation Internationale","url":"https:\/\/www.lejournalci.org\/","logo":{"@type":"ImageObject","inLanguage":"fr-FR","@id":"https:\/\/www.lejournalci.org\/#\/schema\/logo\/image\/","url":"https:\/\/www.lejournalci.org\/wp-content\/uploads\/2024\/12\/logo-coopint_HD_3.jpg","contentUrl":"https:\/\/www.lejournalci.org\/wp-content\/uploads\/2024\/12\/logo-coopint_HD_3.jpg","width":700,"height":214,"caption":"Cooperation Internationale"},"image":{"@id":"https:\/\/www.lejournalci.org\/#\/schema\/logo\/image\/"},"sameAs":["https:\/\/www.facebook.com\/journalCI\/","https:\/\/x.com\/lejournalc"]},{"@type":"Person","@id":"https:\/\/www.lejournalci.org\/#\/schema\/person\/2efe42dc5459aaaf6d89cb27e736002b","name":"La R\u00e9daction CI","image":{"@type":"ImageObject","inLanguage":"fr-FR","@id":"https:\/\/www.lejournalci.org\/#\/schema\/person\/image\/","url":"https:\/\/secure.gravatar.com\/avatar\/e63ab2ab378e283740d8889fbe2ec43fdcee7ac714a480d705f61cb1e5675c4c?s=96&d=mm&r=g","contentUrl":"https:\/\/secure.gravatar.com\/avatar\/e63ab2ab378e283740d8889fbe2ec43fdcee7ac714a480d705f61cb1e5675c4c?s=96&d=mm&r=g","caption":"La R\u00e9daction CI"},"url":"https:\/\/www.lejournalci.org\/index.php\/author\/noebricendongyahoo-fr\/"}]}},"jetpack_publicize_connections":[],"jetpack_featured_media_url":"https:\/\/www.lejournalci.org\/wp-content\/uploads\/2025\/06\/1000937170-edited.jpg","jetpack_sharing_enabled":true,"_links":{"self":[{"href":"https:\/\/www.lejournalci.org\/index.php\/wp-json\/wp\/v2\/posts\/7155","targetHints":{"allow":["GET"]}}],"collection":[{"href":"https:\/\/www.lejournalci.org\/index.php\/wp-json\/wp\/v2\/posts"}],"about":[{"href":"https:\/\/www.lejournalci.org\/index.php\/wp-json\/wp\/v2\/types\/post"}],"author":[{"embeddable":true,"href":"https:\/\/www.lejournalci.org\/index.php\/wp-json\/wp\/v2\/users\/3"}],"replies":[{"embeddable":true,"href":"https:\/\/www.lejournalci.org\/index.php\/wp-json\/wp\/v2\/comments?post=7155"}],"version-history":[{"count":1,"href":"https:\/\/www.lejournalci.org\/index.php\/wp-json\/wp\/v2\/posts\/7155\/revisions"}],"predecessor-version":[{"id":7160,"href":"https:\/\/www.lejournalci.org\/index.php\/wp-json\/wp\/v2\/posts\/7155\/revisions\/7160"}],"wp:featuredmedia":[{"embeddable":true,"href":"https:\/\/www.lejournalci.org\/index.php\/wp-json\/wp\/v2\/media\/7159"}],"wp:attachment":[{"href":"https:\/\/www.lejournalci.org\/index.php\/wp-json\/wp\/v2\/media?parent=7155"}],"wp:term":[{"taxonomy":"category","embeddable":true,"href":"https:\/\/www.lejournalci.org\/index.php\/wp-json\/wp\/v2\/categories?post=7155"},{"taxonomy":"post_tag","embeddable":true,"href":"https:\/\/www.lejournalci.org\/index.php\/wp-json\/wp\/v2\/tags?post=7155"}],"curies":[{"name":"wp","href":"https:\/\/api.w.org\/{rel}","templated":true}]}}