{"id":7142,"date":"2025-06-20T13:57:16","date_gmt":"2025-06-20T13:57:16","guid":{"rendered":"https:\/\/www.lejournalci.org\/?p=7142"},"modified":"2025-06-20T14:10:44","modified_gmt":"2025-06-20T14:10:44","slug":"rdc-le-president-tshisekedi-sest-entretenu-avec-le-president-de-la-commission-de-la-ceeac","status":"publish","type":"post","link":"https:\/\/www.lejournalci.org\/index.php\/2025\/06\/20\/rdc-le-president-tshisekedi-sest-entretenu-avec-le-president-de-la-commission-de-la-ceeac\/","title":{"rendered":"RDC: Le Pr\u00e9sident Tshisekedi s\u2019est entretenu avec le Pr\u00e9sident de la commission de la CEEAC"},"content":{"rendered":"\n<p>Le mardi 17 juin 2025 \u00e0 la Cit\u00e9 de l\u2019Union africaine, \u00e0 Kinshasa, le Pr\u00e9sident de la R\u00e9publique d\u00e9mocratique du Congo (RDC), F\u00e9lix-Antoine Tshisekedi Tshilombo, a re\u00e7u monsieur Gilberto da Piedade Verissimo, Pr\u00e9sident de la Commission de la Communaut\u00e9 \u00e9conomique des \u00c9tats de l&#8217;Afrique centrale (CEEAC).\u00a0<\/p>\n\n\n\n<p>Accompagn\u00e9 du ministre congolais de l\u2019Int\u00e9gration r\u00e9gionale, Didier Mazenga, M. Da Piedade a indiqu\u00e9 que \u00ab cette s\u00e9ance de travail d\u00e9coule de la volont\u00e9 des Chefs d\u2019\u00c9tat et de gouvernement de la CEEAC d\u2019organiser une r\u00e9union de haut niveau en RDC pour trouver une solution idoine \u00e0 la situation de la transhumance en Afrique centrale \u00bb.<\/p>\n\n\n\n<figure class=\"wp-block-image size-large\"><img loading=\"lazy\" decoding=\"async\" width=\"1002\" height=\"563\" src=\"https:\/\/www.lejournalci.org\/wp-content\/uploads\/2025\/06\/1000937007-edited.jpg\" alt=\"\" class=\"wp-image-7146\" srcset=\"https:\/\/www.lejournalci.org\/wp-content\/uploads\/2025\/06\/1000937007-edited.jpg 1002w, https:\/\/www.lejournalci.org\/wp-content\/uploads\/2025\/06\/1000937007-edited-300x169.jpg 300w, https:\/\/www.lejournalci.org\/wp-content\/uploads\/2025\/06\/1000937007-edited-768x432.jpg 768w\" sizes=\"auto, (max-width: 1002px) 100vw, 1002px\" \/><figcaption class=\"wp-element-caption\"><em>M.Da Piedade, Pr\u00e9sident de la Commission de la CEEAC \u00e0 Kinshasa le 17\/06\/2025\u00a9 Photo Pr\u00e9sidence de la RDC <\/em><\/figcaption><\/figure>\n\n\n\n<p>\u00ab Depuis quelques temps, la transhumance est utilis\u00e9e dans notre sous-r\u00e9gion \u00e0 des fins criminelles, notamment le trafic d\u2019armes \u00bb, &nbsp;a-t-il rench\u00e9ri.<\/p>\n\n\n\n<p>Dans la perspective de rem\u00e9dier \u00e0 cette gangr\u00e8ne r\u00e9gionale, le Pr\u00e9sident de la Commission de la CEEAC a rencontr\u00e9 quelques autorit\u00e9s congolaises, parmi lesquelles des ministres, avant de venir pr\u00e9senter le rapport de sa d\u00e9marche au Chef de l\u2019\u00c9tat .<\/p>\n\n\n\n<p>Convaincu de la n\u00e9cessit\u00e9 d\u2019organiser ces travaux en RDC, le Pr\u00e9sident F\u00e9lix Tshisekedi a insist\u00e9 pour que se poursuivent les travaux pr\u00e9paratoires en vue d\u2019une meilleure organisation.&nbsp;<\/p>\n\n\n\n<p>Pour sa part, le ministre Mazenga a fait savoir que trois jours de r\u00e9union seront organis\u00e9s avec le Pr\u00e9sident de la Commission et les experts de diff\u00e9rents minist\u00e8res sectoriels des pays membres de la CEEAC ou non concern\u00e9s par la transhumance. L\u2019issue de ces assises sera soumise aux Chefs d\u2019\u00c9tat et de gouvernement de la CEEAC.<\/p>\n\n\n\n<p><strong><em>Source : Pr\u00e9sidence de la CEEAC<\/em><\/strong><\/p>\n","protected":false},"excerpt":{"rendered":"<p>Le mardi 17 juin 2025 \u00e0 la Cit\u00e9 de l\u2019Union africaine, \u00e0 Kinshasa, le Pr\u00e9sident de la R\u00e9publique d\u00e9mocratique du Congo (RDC), F\u00e9lix-Antoine Tshisekedi Tshilombo, a re\u00e7u monsieur Gilberto da Piedade Verissimo, Pr\u00e9sident de la Commission de la Communaut\u00e9 \u00e9conomique des \u00c9tats de l&#8217;Afrique centrale (CEEAC).\u00a0 Accompagn\u00e9 du ministre congolais<\/p>\n","protected":false},"author":3,"featured_media":7144,"comment_status":"closed","ping_status":"open","sticky":false,"template":"","format":"standard","meta":{"colormag_page_container_layout":"default_layout","colormag_page_sidebar_layout":"default_layout","_jetpack_memberships_contains_paid_content":false,"footnotes":"","jetpack_publicize_message":"","jetpack_publicize_feature_enabled":true,"jetpack_social_post_already_shared":true,"jetpack_social_options":{"image_generator_settings":{"template":"highway","default_image_id":0,"font":"","enabled":false},"version":2}},"categories":[51],"tags":[],"class_list":["post-7142","post","type-post","status-publish","format-standard","has-post-thumbnail","hentry","category-diplomatie"],"magazineBlocksPostFeaturedMedia":{"thumbnail":"https:\/\/www.lejournalci.org\/wp-content\/uploads\/2025\/06\/1000936924-edited-150x150.jpg","medium":"https:\/\/www.lejournalci.org\/wp-content\/uploads\/2025\/06\/1000936924-edited-300x169.jpg","medium_large":"https:\/\/www.lejournalci.org\/wp-content\/uploads\/2025\/06\/1000936924-edited-768x432.jpg","large":"https:\/\/www.lejournalci.org\/wp-content\/uploads\/2025\/06\/1000936924-edited-1024x576.jpg","1536x1536":"https:\/\/www.lejournalci.org\/wp-content\/uploads\/2025\/06\/1000936924-edited.jpg","2048x2048":"https:\/\/www.lejournalci.org\/wp-content\/uploads\/2025\/06\/1000936924-edited.jpg","colormag-highlighted-post":"https:\/\/www.lejournalci.org\/wp-content\/uploads\/2025\/06\/1000936924-edited-392x272.jpg","colormag-featured-post-medium":"https:\/\/www.lejournalci.org\/wp-content\/uploads\/2025\/06\/1000936924-edited-390x205.jpg","colormag-featured-post-small":"https:\/\/www.lejournalci.org\/wp-content\/uploads\/2025\/06\/1000936924-edited-130x90.jpg","colormag-featured-image":"https:\/\/www.lejournalci.org\/wp-content\/uploads\/2025\/06\/1000936924-edited-800x445.jpg","colormag-default-news":"https:\/\/www.lejournalci.org\/wp-content\/uploads\/2025\/06\/1000936924-edited-150x150.jpg","colormag-featured-image-large":"https:\/\/www.lejournalci.org\/wp-content\/uploads\/2025\/06\/1000936924-edited.jpg"},"magazineBlocksPostAuthor":{"name":"La R\u00e9daction CI","avatar":"https:\/\/secure.gravatar.com\/avatar\/e63ab2ab378e283740d8889fbe2ec43fdcee7ac714a480d705f61cb1e5675c4c?s=96&d=mm&r=g"},"magazineBlocksPostCommentsNumber":false,"magazineBlocksPostExcerpt":"Le mardi 17 juin 2025 \u00e0 la Cit\u00e9 de l\u2019Union africaine, \u00e0 Kinshasa, le Pr\u00e9sident de la R\u00e9publique d\u00e9mocratique du Congo (RDC), F\u00e9lix-Antoine Tshisekedi Tshilombo, a re\u00e7u monsieur Gilberto da Piedade Verissimo, Pr\u00e9sident de la Commission de la Communaut\u00e9 \u00e9conomique des \u00c9tats de l&#8217;Afrique centrale (CEEAC).\u00a0 Accompagn\u00e9 du ministre congolais","magazineBlocksPostCategories":["DIPLOMATIE"],"magazineBlocksPostViewCount":780,"magazineBlocksPostReadTime":2,"magazine_blocks_featured_image_url":{"full":["https:\/\/www.lejournalci.org\/wp-content\/uploads\/2025\/06\/1000936924-edited.jpg",1067,600,false],"medium":["https:\/\/www.lejournalci.org\/wp-content\/uploads\/2025\/06\/1000936924-edited-300x169.jpg",300,169,true],"thumbnail":["https:\/\/www.lejournalci.org\/wp-content\/uploads\/2025\/06\/1000936924-edited-150x150.jpg",150,150,true]},"magazine_blocks_author":{"display_name":"La R\u00e9daction CI","author_link":"https:\/\/www.lejournalci.org\/index.php\/author\/noebricendongyahoo-fr\/"},"magazine_blocks_comment":0,"magazine_blocks_author_image":"https:\/\/secure.gravatar.com\/avatar\/e63ab2ab378e283740d8889fbe2ec43fdcee7ac714a480d705f61cb1e5675c4c?s=96&d=mm&r=g","magazine_blocks_category":"<a href=\"#\" class=\"category-link category-link-51\">DIPLOMATIE<\/a>","yoast_head":"<!-- This site is optimized with the Yoast SEO plugin v26.2 - https:\/\/yoast.com\/wordpress\/plugins\/seo\/ -->\n<title>RDC: Le Pr\u00e9sident Tshisekedi s\u2019est entretenu avec le Pr\u00e9sident de la commission de la CEEAC - Cooperation Internationale<\/title>\n<meta name=\"robots\" content=\"index, follow, max-snippet:-1, max-image-preview:large, max-video-preview:-1\" \/>\n<link rel=\"canonical\" href=\"https:\/\/www.lejournalci.org\/index.php\/2025\/06\/20\/rdc-le-president-tshisekedi-sest-entretenu-avec-le-president-de-la-commission-de-la-ceeac\/\" \/>\n<meta property=\"og:locale\" content=\"fr_FR\" \/>\n<meta property=\"og:type\" content=\"article\" \/>\n<meta property=\"og:title\" content=\"RDC: Le Pr\u00e9sident Tshisekedi s\u2019est entretenu avec le Pr\u00e9sident de la commission de la CEEAC - Cooperation Internationale\" \/>\n<meta property=\"og:description\" content=\"Le mardi 17 juin 2025 \u00e0 la Cit\u00e9 de l\u2019Union africaine, \u00e0 Kinshasa, le Pr\u00e9sident de la R\u00e9publique d\u00e9mocratique du Congo (RDC), F\u00e9lix-Antoine Tshisekedi Tshilombo, a re\u00e7u monsieur Gilberto da Piedade Verissimo, Pr\u00e9sident de la Commission de la Communaut\u00e9 \u00e9conomique des \u00c9tats de l&#8217;Afrique centrale (CEEAC).\u00a0 Accompagn\u00e9 du ministre congolais\" \/>\n<meta property=\"og:url\" content=\"https:\/\/www.lejournalci.org\/index.php\/2025\/06\/20\/rdc-le-president-tshisekedi-sest-entretenu-avec-le-president-de-la-commission-de-la-ceeac\/\" \/>\n<meta property=\"og:site_name\" content=\"Cooperation Internationale\" \/>\n<meta property=\"article:publisher\" content=\"https:\/\/www.facebook.com\/journalCI\/\" \/>\n<meta property=\"article:published_time\" content=\"2025-06-20T13:57:16+00:00\" \/>\n<meta property=\"article:modified_time\" content=\"2025-06-20T14:10:44+00:00\" \/>\n<meta property=\"og:image\" content=\"https:\/\/www.lejournalci.org\/wp-content\/uploads\/2025\/06\/1000936924-edited.jpg\" \/>\n\t<meta property=\"og:image:width\" content=\"1067\" \/>\n\t<meta property=\"og:image:height\" content=\"600\" \/>\n\t<meta property=\"og:image:type\" content=\"image\/jpeg\" \/>\n<meta name=\"author\" content=\"La R\u00e9daction CI\" \/>\n<meta name=\"twitter:card\" content=\"summary_large_image\" \/>\n<meta name=\"twitter:creator\" content=\"@lejournalc\" \/>\n<meta name=\"twitter:site\" content=\"@lejournalc\" \/>\n<meta name=\"twitter:label1\" content=\"\u00c9crit par\" \/>\n\t<meta name=\"twitter:data1\" content=\"La R\u00e9daction CI\" \/>\n\t<meta name=\"twitter:label2\" content=\"Dur\u00e9e de lecture estim\u00e9e\" \/>\n\t<meta name=\"twitter:data2\" content=\"2 minutes\" \/>\n<script type=\"application\/ld+json\" class=\"yoast-schema-graph\">{\"@context\":\"https:\/\/schema.org\",\"@graph\":[{\"@type\":\"Article\",\"@id\":\"https:\/\/www.lejournalci.org\/index.php\/2025\/06\/20\/rdc-le-president-tshisekedi-sest-entretenu-avec-le-president-de-la-commission-de-la-ceeac\/#article\",\"isPartOf\":{\"@id\":\"https:\/\/www.lejournalci.org\/index.php\/2025\/06\/20\/rdc-le-president-tshisekedi-sest-entretenu-avec-le-president-de-la-commission-de-la-ceeac\/\"},\"author\":{\"name\":\"La R\u00e9daction CI\",\"@id\":\"https:\/\/www.lejournalci.org\/#\/schema\/person\/2efe42dc5459aaaf6d89cb27e736002b\"},\"headline\":\"RDC: Le Pr\u00e9sident Tshisekedi s\u2019est entretenu avec le Pr\u00e9sident de la commission de la CEEAC\",\"datePublished\":\"2025-06-20T13:57:16+00:00\",\"dateModified\":\"2025-06-20T14:10:44+00:00\",\"mainEntityOfPage\":{\"@id\":\"https:\/\/www.lejournalci.org\/index.php\/2025\/06\/20\/rdc-le-president-tshisekedi-sest-entretenu-avec-le-president-de-la-commission-de-la-ceeac\/\"},\"wordCount\":322,\"publisher\":{\"@id\":\"https:\/\/www.lejournalci.org\/#organization\"},\"image\":{\"@id\":\"https:\/\/www.lejournalci.org\/index.php\/2025\/06\/20\/rdc-le-president-tshisekedi-sest-entretenu-avec-le-president-de-la-commission-de-la-ceeac\/#primaryimage\"},\"thumbnailUrl\":\"https:\/\/www.lejournalci.org\/wp-content\/uploads\/2025\/06\/1000936924-edited.jpg\",\"articleSection\":[\"DIPLOMATIE\"],\"inLanguage\":\"fr-FR\"},{\"@type\":\"WebPage\",\"@id\":\"https:\/\/www.lejournalci.org\/index.php\/2025\/06\/20\/rdc-le-president-tshisekedi-sest-entretenu-avec-le-president-de-la-commission-de-la-ceeac\/\",\"url\":\"https:\/\/www.lejournalci.org\/index.php\/2025\/06\/20\/rdc-le-president-tshisekedi-sest-entretenu-avec-le-president-de-la-commission-de-la-ceeac\/\",\"name\":\"RDC: Le Pr\u00e9sident Tshisekedi s\u2019est entretenu avec le Pr\u00e9sident de la commission de la CEEAC - Cooperation Internationale\",\"isPartOf\":{\"@id\":\"https:\/\/www.lejournalci.org\/#website\"},\"primaryImageOfPage\":{\"@id\":\"https:\/\/www.lejournalci.org\/index.php\/2025\/06\/20\/rdc-le-president-tshisekedi-sest-entretenu-avec-le-president-de-la-commission-de-la-ceeac\/#primaryimage\"},\"image\":{\"@id\":\"https:\/\/www.lejournalci.org\/index.php\/2025\/06\/20\/rdc-le-president-tshisekedi-sest-entretenu-avec-le-president-de-la-commission-de-la-ceeac\/#primaryimage\"},\"thumbnailUrl\":\"https:\/\/www.lejournalci.org\/wp-content\/uploads\/2025\/06\/1000936924-edited.jpg\",\"datePublished\":\"2025-06-20T13:57:16+00:00\",\"dateModified\":\"2025-06-20T14:10:44+00:00\",\"breadcrumb\":{\"@id\":\"https:\/\/www.lejournalci.org\/index.php\/2025\/06\/20\/rdc-le-president-tshisekedi-sest-entretenu-avec-le-president-de-la-commission-de-la-ceeac\/#breadcrumb\"},\"inLanguage\":\"fr-FR\",\"potentialAction\":[{\"@type\":\"ReadAction\",\"target\":[\"https:\/\/www.lejournalci.org\/index.php\/2025\/06\/20\/rdc-le-president-tshisekedi-sest-entretenu-avec-le-president-de-la-commission-de-la-ceeac\/\"]}]},{\"@type\":\"ImageObject\",\"inLanguage\":\"fr-FR\",\"@id\":\"https:\/\/www.lejournalci.org\/index.php\/2025\/06\/20\/rdc-le-president-tshisekedi-sest-entretenu-avec-le-president-de-la-commission-de-la-ceeac\/#primaryimage\",\"url\":\"https:\/\/www.lejournalci.org\/wp-content\/uploads\/2025\/06\/1000936924-edited.jpg\",\"contentUrl\":\"https:\/\/www.lejournalci.org\/wp-content\/uploads\/2025\/06\/1000936924-edited.jpg\",\"width\":1067,\"height\":600},{\"@type\":\"BreadcrumbList\",\"@id\":\"https:\/\/www.lejournalci.org\/index.php\/2025\/06\/20\/rdc-le-president-tshisekedi-sest-entretenu-avec-le-president-de-la-commission-de-la-ceeac\/#breadcrumb\",\"itemListElement\":[{\"@type\":\"ListItem\",\"position\":1,\"name\":\"Accueil\",\"item\":\"https:\/\/www.lejournalci.org\/\"},{\"@type\":\"ListItem\",\"position\":2,\"name\":\"RDC: Le Pr\u00e9sident Tshisekedi s\u2019est entretenu avec le Pr\u00e9sident de la commission de la CEEAC\"}]},{\"@type\":\"WebSite\",\"@id\":\"https:\/\/www.lejournalci.org\/#website\",\"url\":\"https:\/\/www.lejournalci.org\/\",\"name\":\"Cooperation Internationale\",\"description\":\"Faire de la Coop\u00e9ration un Puissant Instrument de D\u00e9veloppement\",\"publisher\":{\"@id\":\"https:\/\/www.lejournalci.org\/#organization\"},\"potentialAction\":[{\"@type\":\"SearchAction\",\"target\":{\"@type\":\"EntryPoint\",\"urlTemplate\":\"https:\/\/www.lejournalci.org\/?s={search_term_string}\"},\"query-input\":{\"@type\":\"PropertyValueSpecification\",\"valueRequired\":true,\"valueName\":\"search_term_string\"}}],\"inLanguage\":\"fr-FR\"},{\"@type\":\"Organization\",\"@id\":\"https:\/\/www.lejournalci.org\/#organization\",\"name\":\"Cooperation Internationale\",\"url\":\"https:\/\/www.lejournalci.org\/\",\"logo\":{\"@type\":\"ImageObject\",\"inLanguage\":\"fr-FR\",\"@id\":\"https:\/\/www.lejournalci.org\/#\/schema\/logo\/image\/\",\"url\":\"https:\/\/www.lejournalci.org\/wp-content\/uploads\/2024\/12\/logo-coopint_HD_3.jpg\",\"contentUrl\":\"https:\/\/www.lejournalci.org\/wp-content\/uploads\/2024\/12\/logo-coopint_HD_3.jpg\",\"width\":700,\"height\":214,\"caption\":\"Cooperation Internationale\"},\"image\":{\"@id\":\"https:\/\/www.lejournalci.org\/#\/schema\/logo\/image\/\"},\"sameAs\":[\"https:\/\/www.facebook.com\/journalCI\/\",\"https:\/\/x.com\/lejournalc\"]},{\"@type\":\"Person\",\"@id\":\"https:\/\/www.lejournalci.org\/#\/schema\/person\/2efe42dc5459aaaf6d89cb27e736002b\",\"name\":\"La R\u00e9daction CI\",\"image\":{\"@type\":\"ImageObject\",\"inLanguage\":\"fr-FR\",\"@id\":\"https:\/\/www.lejournalci.org\/#\/schema\/person\/image\/\",\"url\":\"https:\/\/secure.gravatar.com\/avatar\/e63ab2ab378e283740d8889fbe2ec43fdcee7ac714a480d705f61cb1e5675c4c?s=96&d=mm&r=g\",\"contentUrl\":\"https:\/\/secure.gravatar.com\/avatar\/e63ab2ab378e283740d8889fbe2ec43fdcee7ac714a480d705f61cb1e5675c4c?s=96&d=mm&r=g\",\"caption\":\"La R\u00e9daction CI\"},\"url\":\"https:\/\/www.lejournalci.org\/index.php\/author\/noebricendongyahoo-fr\/\"}]}<\/script>\n<!-- \/ Yoast SEO plugin. -->","yoast_head_json":{"title":"RDC: Le Pr\u00e9sident Tshisekedi s\u2019est entretenu avec le Pr\u00e9sident de la commission de la CEEAC - Cooperation Internationale","robots":{"index":"index","follow":"follow","max-snippet":"max-snippet:-1","max-image-preview":"max-image-preview:large","max-video-preview":"max-video-preview:-1"},"canonical":"https:\/\/www.lejournalci.org\/index.php\/2025\/06\/20\/rdc-le-president-tshisekedi-sest-entretenu-avec-le-president-de-la-commission-de-la-ceeac\/","og_locale":"fr_FR","og_type":"article","og_title":"RDC: Le Pr\u00e9sident Tshisekedi s\u2019est entretenu avec le Pr\u00e9sident de la commission de la CEEAC - Cooperation Internationale","og_description":"Le mardi 17 juin 2025 \u00e0 la Cit\u00e9 de l\u2019Union africaine, \u00e0 Kinshasa, le Pr\u00e9sident de la R\u00e9publique d\u00e9mocratique du Congo (RDC), F\u00e9lix-Antoine Tshisekedi Tshilombo, a re\u00e7u monsieur Gilberto da Piedade Verissimo, Pr\u00e9sident de la Commission de la Communaut\u00e9 \u00e9conomique des \u00c9tats de l&#8217;Afrique centrale (CEEAC).\u00a0 Accompagn\u00e9 du ministre congolais","og_url":"https:\/\/www.lejournalci.org\/index.php\/2025\/06\/20\/rdc-le-president-tshisekedi-sest-entretenu-avec-le-president-de-la-commission-de-la-ceeac\/","og_site_name":"Cooperation Internationale","article_publisher":"https:\/\/www.facebook.com\/journalCI\/","article_published_time":"2025-06-20T13:57:16+00:00","article_modified_time":"2025-06-20T14:10:44+00:00","og_image":[{"width":1067,"height":600,"url":"https:\/\/www.lejournalci.org\/wp-content\/uploads\/2025\/06\/1000936924-edited.jpg","type":"image\/jpeg"}],"author":"La R\u00e9daction CI","twitter_card":"summary_large_image","twitter_creator":"@lejournalc","twitter_site":"@lejournalc","twitter_misc":{"\u00c9crit par":"La R\u00e9daction CI","Dur\u00e9e de lecture estim\u00e9e":"2 minutes"},"schema":{"@context":"https:\/\/schema.org","@graph":[{"@type":"Article","@id":"https:\/\/www.lejournalci.org\/index.php\/2025\/06\/20\/rdc-le-president-tshisekedi-sest-entretenu-avec-le-president-de-la-commission-de-la-ceeac\/#article","isPartOf":{"@id":"https:\/\/www.lejournalci.org\/index.php\/2025\/06\/20\/rdc-le-president-tshisekedi-sest-entretenu-avec-le-president-de-la-commission-de-la-ceeac\/"},"author":{"name":"La R\u00e9daction CI","@id":"https:\/\/www.lejournalci.org\/#\/schema\/person\/2efe42dc5459aaaf6d89cb27e736002b"},"headline":"RDC: Le Pr\u00e9sident Tshisekedi s\u2019est entretenu avec le Pr\u00e9sident de la commission de la CEEAC","datePublished":"2025-06-20T13:57:16+00:00","dateModified":"2025-06-20T14:10:44+00:00","mainEntityOfPage":{"@id":"https:\/\/www.lejournalci.org\/index.php\/2025\/06\/20\/rdc-le-president-tshisekedi-sest-entretenu-avec-le-president-de-la-commission-de-la-ceeac\/"},"wordCount":322,"publisher":{"@id":"https:\/\/www.lejournalci.org\/#organization"},"image":{"@id":"https:\/\/www.lejournalci.org\/index.php\/2025\/06\/20\/rdc-le-president-tshisekedi-sest-entretenu-avec-le-president-de-la-commission-de-la-ceeac\/#primaryimage"},"thumbnailUrl":"https:\/\/www.lejournalci.org\/wp-content\/uploads\/2025\/06\/1000936924-edited.jpg","articleSection":["DIPLOMATIE"],"inLanguage":"fr-FR"},{"@type":"WebPage","@id":"https:\/\/www.lejournalci.org\/index.php\/2025\/06\/20\/rdc-le-president-tshisekedi-sest-entretenu-avec-le-president-de-la-commission-de-la-ceeac\/","url":"https:\/\/www.lejournalci.org\/index.php\/2025\/06\/20\/rdc-le-president-tshisekedi-sest-entretenu-avec-le-president-de-la-commission-de-la-ceeac\/","name":"RDC: Le Pr\u00e9sident Tshisekedi s\u2019est entretenu avec le Pr\u00e9sident de la commission de la CEEAC - Cooperation Internationale","isPartOf":{"@id":"https:\/\/www.lejournalci.org\/#website"},"primaryImageOfPage":{"@id":"https:\/\/www.lejournalci.org\/index.php\/2025\/06\/20\/rdc-le-president-tshisekedi-sest-entretenu-avec-le-president-de-la-commission-de-la-ceeac\/#primaryimage"},"image":{"@id":"https:\/\/www.lejournalci.org\/index.php\/2025\/06\/20\/rdc-le-president-tshisekedi-sest-entretenu-avec-le-president-de-la-commission-de-la-ceeac\/#primaryimage"},"thumbnailUrl":"https:\/\/www.lejournalci.org\/wp-content\/uploads\/2025\/06\/1000936924-edited.jpg","datePublished":"2025-06-20T13:57:16+00:00","dateModified":"2025-06-20T14:10:44+00:00","breadcrumb":{"@id":"https:\/\/www.lejournalci.org\/index.php\/2025\/06\/20\/rdc-le-president-tshisekedi-sest-entretenu-avec-le-president-de-la-commission-de-la-ceeac\/#breadcrumb"},"inLanguage":"fr-FR","potentialAction":[{"@type":"ReadAction","target":["https:\/\/www.lejournalci.org\/index.php\/2025\/06\/20\/rdc-le-president-tshisekedi-sest-entretenu-avec-le-president-de-la-commission-de-la-ceeac\/"]}]},{"@type":"ImageObject","inLanguage":"fr-FR","@id":"https:\/\/www.lejournalci.org\/index.php\/2025\/06\/20\/rdc-le-president-tshisekedi-sest-entretenu-avec-le-president-de-la-commission-de-la-ceeac\/#primaryimage","url":"https:\/\/www.lejournalci.org\/wp-content\/uploads\/2025\/06\/1000936924-edited.jpg","contentUrl":"https:\/\/www.lejournalci.org\/wp-content\/uploads\/2025\/06\/1000936924-edited.jpg","width":1067,"height":600},{"@type":"BreadcrumbList","@id":"https:\/\/www.lejournalci.org\/index.php\/2025\/06\/20\/rdc-le-president-tshisekedi-sest-entretenu-avec-le-president-de-la-commission-de-la-ceeac\/#breadcrumb","itemListElement":[{"@type":"ListItem","position":1,"name":"Accueil","item":"https:\/\/www.lejournalci.org\/"},{"@type":"ListItem","position":2,"name":"RDC: Le Pr\u00e9sident Tshisekedi s\u2019est entretenu avec le Pr\u00e9sident de la commission de la CEEAC"}]},{"@type":"WebSite","@id":"https:\/\/www.lejournalci.org\/#website","url":"https:\/\/www.lejournalci.org\/","name":"Cooperation Internationale","description":"Faire de la Coop\u00e9ration un Puissant Instrument de D\u00e9veloppement","publisher":{"@id":"https:\/\/www.lejournalci.org\/#organization"},"potentialAction":[{"@type":"SearchAction","target":{"@type":"EntryPoint","urlTemplate":"https:\/\/www.lejournalci.org\/?s={search_term_string}"},"query-input":{"@type":"PropertyValueSpecification","valueRequired":true,"valueName":"search_term_string"}}],"inLanguage":"fr-FR"},{"@type":"Organization","@id":"https:\/\/www.lejournalci.org\/#organization","name":"Cooperation Internationale","url":"https:\/\/www.lejournalci.org\/","logo":{"@type":"ImageObject","inLanguage":"fr-FR","@id":"https:\/\/www.lejournalci.org\/#\/schema\/logo\/image\/","url":"https:\/\/www.lejournalci.org\/wp-content\/uploads\/2024\/12\/logo-coopint_HD_3.jpg","contentUrl":"https:\/\/www.lejournalci.org\/wp-content\/uploads\/2024\/12\/logo-coopint_HD_3.jpg","width":700,"height":214,"caption":"Cooperation Internationale"},"image":{"@id":"https:\/\/www.lejournalci.org\/#\/schema\/logo\/image\/"},"sameAs":["https:\/\/www.facebook.com\/journalCI\/","https:\/\/x.com\/lejournalc"]},{"@type":"Person","@id":"https:\/\/www.lejournalci.org\/#\/schema\/person\/2efe42dc5459aaaf6d89cb27e736002b","name":"La R\u00e9daction CI","image":{"@type":"ImageObject","inLanguage":"fr-FR","@id":"https:\/\/www.lejournalci.org\/#\/schema\/person\/image\/","url":"https:\/\/secure.gravatar.com\/avatar\/e63ab2ab378e283740d8889fbe2ec43fdcee7ac714a480d705f61cb1e5675c4c?s=96&d=mm&r=g","contentUrl":"https:\/\/secure.gravatar.com\/avatar\/e63ab2ab378e283740d8889fbe2ec43fdcee7ac714a480d705f61cb1e5675c4c?s=96&d=mm&r=g","caption":"La R\u00e9daction CI"},"url":"https:\/\/www.lejournalci.org\/index.php\/author\/noebricendongyahoo-fr\/"}]}},"jetpack_publicize_connections":[],"jetpack_featured_media_url":"https:\/\/www.lejournalci.org\/wp-content\/uploads\/2025\/06\/1000936924-edited.jpg","jetpack_sharing_enabled":true,"_links":{"self":[{"href":"https:\/\/www.lejournalci.org\/index.php\/wp-json\/wp\/v2\/posts\/7142","targetHints":{"allow":["GET"]}}],"collection":[{"href":"https:\/\/www.lejournalci.org\/index.php\/wp-json\/wp\/v2\/posts"}],"about":[{"href":"https:\/\/www.lejournalci.org\/index.php\/wp-json\/wp\/v2\/types\/post"}],"author":[{"embeddable":true,"href":"https:\/\/www.lejournalci.org\/index.php\/wp-json\/wp\/v2\/users\/3"}],"replies":[{"embeddable":true,"href":"https:\/\/www.lejournalci.org\/index.php\/wp-json\/wp\/v2\/comments?post=7142"}],"version-history":[{"count":2,"href":"https:\/\/www.lejournalci.org\/index.php\/wp-json\/wp\/v2\/posts\/7142\/revisions"}],"predecessor-version":[{"id":7152,"href":"https:\/\/www.lejournalci.org\/index.php\/wp-json\/wp\/v2\/posts\/7142\/revisions\/7152"}],"wp:featuredmedia":[{"embeddable":true,"href":"https:\/\/www.lejournalci.org\/index.php\/wp-json\/wp\/v2\/media\/7144"}],"wp:attachment":[{"href":"https:\/\/www.lejournalci.org\/index.php\/wp-json\/wp\/v2\/media?parent=7142"}],"wp:term":[{"taxonomy":"category","embeddable":true,"href":"https:\/\/www.lejournalci.org\/index.php\/wp-json\/wp\/v2\/categories?post=7142"},{"taxonomy":"post_tag","embeddable":true,"href":"https:\/\/www.lejournalci.org\/index.php\/wp-json\/wp\/v2\/tags?post=7142"}],"curies":[{"name":"wp","href":"https:\/\/api.w.org\/{rel}","templated":true}]}}