{"id":7134,"date":"2025-06-20T00:09:59","date_gmt":"2025-06-20T00:09:59","guid":{"rendered":"https:\/\/www.lejournalci.org\/?p=7134"},"modified":"2025-06-20T00:12:16","modified_gmt":"2025-06-20T00:12:16","slug":"gabon-une-journee-daudience-du-president-oligui-nguema-avec-plusieurs-dirigeants-de-societes-de-construction","status":"publish","type":"post","link":"https:\/\/www.lejournalci.org\/index.php\/2025\/06\/20\/gabon-une-journee-daudience-du-president-oligui-nguema-avec-plusieurs-dirigeants-de-societes-de-construction\/","title":{"rendered":"Gabon: Une Journ\u00e9e d&#8217;audience du Pr\u00e9sident Oligui Nguema avec plusieurs dirigeants de soci\u00e9t\u00e9s de Construction."},"content":{"rendered":"\n<p><strong>Le Pr\u00e9sident de la R\u00e9publique, Chef de l\u2019\u00c9tat, Brice Clotaire OLIGUI NGUEMA, a accord\u00e9 une audience le Jeudi 19 Juin 2025 \u00e0 Monsieur Envar SAYAN, Directeur G\u00e9n\u00e9ral du Groupe Summa Construction.<\/strong><\/p>\n\n\n\n<p>Cette rencontre a \u00e9t\u00e9 l\u2019occasion de faire un point d\u2019\u00e9tape sur les projets en cours men\u00e9s par le groupe \u00e0 travers le pays. Parmi les principales r\u00e9alisations figurent les villas pr\u00e9sidentielles, le Zoo et le Centre des Congr\u00e8s de la cit\u00e9 de la D\u00e9mocratie, des infrastructures strat\u00e9giques destin\u00e9es \u00e0 revaloriser l\u2019image et l\u2019attractivit\u00e9 de ce site embl\u00e9matique. \u00c0 ce jour, le taux d\u2019ex\u00e9cution global des travaux est estim\u00e9 \u00e0 45 %, selon les indications du Directeur G\u00e9n\u00e9ral.<\/p>\n\n\n\n<p>Saluant les avanc\u00e9es enregistr\u00e9es, le Chef de l\u2019\u00c9tat gabonais a exprim\u00e9 sa volont\u00e9 de renforcer davantage cette coop\u00e9ration. Il a notamment \u00e9voqu\u00e9 la possibilit\u00e9 d\u2019\u00e9tendre le partenariat \u00e0 d\u2019autres projets, tels que la construction d\u2019un h\u00f4tel au bord de mer baptis\u00e9 Corniche, ainsi que d\u2019une future cit\u00e9 administrative visant \u00e0 regrouper les services centraux de l\u2019\u00c9tat.<\/p>\n\n\n\n<p>Par ailleurs, le Pr\u00e9sident de la R\u00e9publique a \u00e9galement accord\u00e9 une audience conjointe \u00e0 Monsieur Didier PAGNOUX, Pr\u00e9sident Directeur G\u00e9n\u00e9ral de la soci\u00e9t\u00e9 KATIM-EDGE, sp\u00e9cialis\u00e9e dans les t\u00e9l\u00e9communications s\u00e9curis\u00e9es, et Monsieur Shimon Dadon, Directeur de Infrabox Apollo.<\/p>\n\n\n\n<p>Pr\u00e9sent dans plusieurs pays et fort de plus de 14 000 employ\u00e9s, le groupe KATIM-EDGE dispose d\u2019une expertise reconnue et d\u2019une solidit\u00e9 financi\u00e8re qui en font un acteur de r\u00e9f\u00e9rence dans son domaine.<\/p>\n\n\n\n<p>La possibilit\u00e9 d\u2019un partenariat strat\u00e9gique en faveur de l\u2019inclusion num\u00e9rique au Gabon a ainsi \u00e9t\u00e9 au centre des discussions. Le projet pr\u00e9sent\u00e9 pr\u00e9voit la mise en place d\u2019un r\u00e9seau int\u00e9gr\u00e9 et s\u00e9curis\u00e9 qui permettrait aux populations d\u2019acc\u00e9der aux services digitaux essentiels, tels que la d\u00e9livrance de permis de conduire, de cartes d\u2019identit\u00e9 et de visas. Ce dispositif inclurait \u00e9galement le d\u00e9ploiement d\u2019un r\u00e9seau 5G \u00e0 l\u2019\u00e9chelle nationale, afin de garantir un acc\u00e8s \u00e9quitable et s\u00e9curis\u00e9 \u00e0 Internet et aux services num\u00e9riques.<\/p>\n\n\n\n<p>Avec monsieur Shimon DADON, responsable de la soci\u00e9t\u00e9 Infrabox Apollo, sp\u00e9cialis\u00e9e dans le traitement des eaux us\u00e9es, l\u2019\u00e9nergie et l\u2019agro-industrie, les \u00e9changes ont port\u00e9 essentiellement sur la mise en \u0153uvre des projets agricoles au sein des forces arm\u00e9es, en vue de renforcer leur autonomie alimentaire, et de valoriser les productions exc\u00e9dentaires, dans une perspective de souverainet\u00e9 \u00e9conomique.<\/p>\n\n\n\n<p><strong><em>Source: Pr\u00e9sidence de la R\u00e9publique gabonaise.<\/em><\/strong><\/p>\n","protected":false},"excerpt":{"rendered":"<p>Le Pr\u00e9sident de la R\u00e9publique, Chef de l\u2019\u00c9tat, Brice Clotaire OLIGUI NGUEMA, a accord\u00e9 une audience le Jeudi 19 Juin 2025 \u00e0 Monsieur Envar SAYAN, Directeur G\u00e9n\u00e9ral du Groupe Summa Construction. Cette rencontre a \u00e9t\u00e9 l\u2019occasion de faire un point d\u2019\u00e9tape sur les projets en cours men\u00e9s par le groupe<\/p>\n","protected":false},"author":3,"featured_media":7139,"comment_status":"closed","ping_status":"open","sticky":false,"template":"","format":"standard","meta":{"colormag_page_container_layout":"default_layout","colormag_page_sidebar_layout":"default_layout","_jetpack_memberships_contains_paid_content":false,"footnotes":"","jetpack_publicize_message":"","jetpack_publicize_feature_enabled":true,"jetpack_social_post_already_shared":true,"jetpack_social_options":{"image_generator_settings":{"template":"highway","default_image_id":0,"font":"","enabled":false},"version":2}},"categories":[51],"tags":[],"class_list":["post-7134","post","type-post","status-publish","format-standard","has-post-thumbnail","hentry","category-diplomatie"],"magazineBlocksPostFeaturedMedia":{"thumbnail":"https:\/\/www.lejournalci.org\/wp-content\/uploads\/2025\/06\/1000935605-edited-150x150.jpg","medium":"https:\/\/www.lejournalci.org\/wp-content\/uploads\/2025\/06\/1000935605-edited-300x169.jpg","medium_large":"https:\/\/www.lejournalci.org\/wp-content\/uploads\/2025\/06\/1000935605-edited-768x432.jpg","large":"https:\/\/www.lejournalci.org\/wp-content\/uploads\/2025\/06\/1000935605-edited.jpg","1536x1536":"https:\/\/www.lejournalci.org\/wp-content\/uploads\/2025\/06\/1000935605-edited.jpg","2048x2048":"https:\/\/www.lejournalci.org\/wp-content\/uploads\/2025\/06\/1000935605-edited.jpg","colormag-highlighted-post":"https:\/\/www.lejournalci.org\/wp-content\/uploads\/2025\/06\/1000935605-edited-392x272.jpg","colormag-featured-post-medium":"https:\/\/www.lejournalci.org\/wp-content\/uploads\/2025\/06\/1000935605-edited-390x205.jpg","colormag-featured-post-small":"https:\/\/www.lejournalci.org\/wp-content\/uploads\/2025\/06\/1000935605-edited-130x90.jpg","colormag-featured-image":"https:\/\/www.lejournalci.org\/wp-content\/uploads\/2025\/06\/1000935605-edited-800x445.jpg","colormag-default-news":"https:\/\/www.lejournalci.org\/wp-content\/uploads\/2025\/06\/1000935605-edited-150x150.jpg","colormag-featured-image-large":"https:\/\/www.lejournalci.org\/wp-content\/uploads\/2025\/06\/1000935605-edited.jpg"},"magazineBlocksPostAuthor":{"name":"La R\u00e9daction CI","avatar":"https:\/\/secure.gravatar.com\/avatar\/e63ab2ab378e283740d8889fbe2ec43fdcee7ac714a480d705f61cb1e5675c4c?s=96&d=mm&r=g"},"magazineBlocksPostCommentsNumber":false,"magazineBlocksPostExcerpt":"Le Pr\u00e9sident de la R\u00e9publique, Chef de l\u2019\u00c9tat, Brice Clotaire OLIGUI NGUEMA, a accord\u00e9 une audience le Jeudi 19 Juin 2025 \u00e0 Monsieur Envar SAYAN, Directeur G\u00e9n\u00e9ral du Groupe Summa Construction. Cette rencontre a \u00e9t\u00e9 l\u2019occasion de faire un point d\u2019\u00e9tape sur les projets en cours men\u00e9s par le groupe","magazineBlocksPostCategories":["DIPLOMATIE"],"magazineBlocksPostViewCount":370,"magazineBlocksPostReadTime":3,"magazine_blocks_featured_image_url":{"full":["https:\/\/www.lejournalci.org\/wp-content\/uploads\/2025\/06\/1000935605-edited.jpg",855,481,false],"medium":["https:\/\/www.lejournalci.org\/wp-content\/uploads\/2025\/06\/1000935605-edited-300x169.jpg",300,169,true],"thumbnail":["https:\/\/www.lejournalci.org\/wp-content\/uploads\/2025\/06\/1000935605-edited-150x150.jpg",150,150,true]},"magazine_blocks_author":{"display_name":"La R\u00e9daction CI","author_link":"https:\/\/www.lejournalci.org\/index.php\/author\/noebricendongyahoo-fr\/"},"magazine_blocks_comment":0,"magazine_blocks_author_image":"https:\/\/secure.gravatar.com\/avatar\/e63ab2ab378e283740d8889fbe2ec43fdcee7ac714a480d705f61cb1e5675c4c?s=96&d=mm&r=g","magazine_blocks_category":"<a href=\"#\" class=\"category-link category-link-51\">DIPLOMATIE<\/a>","yoast_head":"<!-- This site is optimized with the Yoast SEO plugin v26.2 - https:\/\/yoast.com\/wordpress\/plugins\/seo\/ -->\n<title>Gabon: Une Journ\u00e9e d&#039;audience du Pr\u00e9sident Oligui Nguema avec plusieurs dirigeants de soci\u00e9t\u00e9s de Construction. - Cooperation Internationale<\/title>\n<meta name=\"robots\" content=\"index, follow, max-snippet:-1, max-image-preview:large, max-video-preview:-1\" \/>\n<link rel=\"canonical\" href=\"https:\/\/www.lejournalci.org\/index.php\/2025\/06\/20\/gabon-une-journee-daudience-du-president-oligui-nguema-avec-plusieurs-dirigeants-de-societes-de-construction\/\" \/>\n<meta property=\"og:locale\" content=\"fr_FR\" \/>\n<meta property=\"og:type\" content=\"article\" \/>\n<meta property=\"og:title\" content=\"Gabon: Une Journ\u00e9e d&#039;audience du Pr\u00e9sident Oligui Nguema avec plusieurs dirigeants de soci\u00e9t\u00e9s de Construction. - Cooperation Internationale\" \/>\n<meta property=\"og:description\" content=\"Le Pr\u00e9sident de la R\u00e9publique, Chef de l\u2019\u00c9tat, Brice Clotaire OLIGUI NGUEMA, a accord\u00e9 une audience le Jeudi 19 Juin 2025 \u00e0 Monsieur Envar SAYAN, Directeur G\u00e9n\u00e9ral du Groupe Summa Construction. Cette rencontre a \u00e9t\u00e9 l\u2019occasion de faire un point d\u2019\u00e9tape sur les projets en cours men\u00e9s par le groupe\" \/>\n<meta property=\"og:url\" content=\"https:\/\/www.lejournalci.org\/index.php\/2025\/06\/20\/gabon-une-journee-daudience-du-president-oligui-nguema-avec-plusieurs-dirigeants-de-societes-de-construction\/\" \/>\n<meta property=\"og:site_name\" content=\"Cooperation Internationale\" \/>\n<meta property=\"article:publisher\" content=\"https:\/\/www.facebook.com\/journalCI\/\" \/>\n<meta property=\"article:published_time\" content=\"2025-06-20T00:09:59+00:00\" \/>\n<meta property=\"article:modified_time\" content=\"2025-06-20T00:12:16+00:00\" \/>\n<meta property=\"og:image\" content=\"https:\/\/www.lejournalci.org\/wp-content\/uploads\/2025\/06\/1000935605-edited.jpg\" \/>\n\t<meta property=\"og:image:width\" content=\"855\" \/>\n\t<meta property=\"og:image:height\" content=\"481\" \/>\n\t<meta property=\"og:image:type\" content=\"image\/jpeg\" \/>\n<meta name=\"author\" content=\"La R\u00e9daction CI\" \/>\n<meta name=\"twitter:card\" content=\"summary_large_image\" \/>\n<meta name=\"twitter:creator\" content=\"@lejournalc\" \/>\n<meta name=\"twitter:site\" content=\"@lejournalc\" \/>\n<meta name=\"twitter:label1\" content=\"\u00c9crit par\" \/>\n\t<meta name=\"twitter:data1\" content=\"La R\u00e9daction CI\" \/>\n\t<meta name=\"twitter:label2\" content=\"Dur\u00e9e de lecture estim\u00e9e\" \/>\n\t<meta name=\"twitter:data2\" content=\"3 minutes\" \/>\n<script type=\"application\/ld+json\" class=\"yoast-schema-graph\">{\"@context\":\"https:\/\/schema.org\",\"@graph\":[{\"@type\":\"Article\",\"@id\":\"https:\/\/www.lejournalci.org\/index.php\/2025\/06\/20\/gabon-une-journee-daudience-du-president-oligui-nguema-avec-plusieurs-dirigeants-de-societes-de-construction\/#article\",\"isPartOf\":{\"@id\":\"https:\/\/www.lejournalci.org\/index.php\/2025\/06\/20\/gabon-une-journee-daudience-du-president-oligui-nguema-avec-plusieurs-dirigeants-de-societes-de-construction\/\"},\"author\":{\"name\":\"La R\u00e9daction CI\",\"@id\":\"https:\/\/www.lejournalci.org\/#\/schema\/person\/2efe42dc5459aaaf6d89cb27e736002b\"},\"headline\":\"Gabon: Une Journ\u00e9e d&#8217;audience du Pr\u00e9sident Oligui Nguema avec plusieurs dirigeants de soci\u00e9t\u00e9s de Construction.\",\"datePublished\":\"2025-06-20T00:09:59+00:00\",\"dateModified\":\"2025-06-20T00:12:16+00:00\",\"mainEntityOfPage\":{\"@id\":\"https:\/\/www.lejournalci.org\/index.php\/2025\/06\/20\/gabon-une-journee-daudience-du-president-oligui-nguema-avec-plusieurs-dirigeants-de-societes-de-construction\/\"},\"wordCount\":463,\"publisher\":{\"@id\":\"https:\/\/www.lejournalci.org\/#organization\"},\"image\":{\"@id\":\"https:\/\/www.lejournalci.org\/index.php\/2025\/06\/20\/gabon-une-journee-daudience-du-president-oligui-nguema-avec-plusieurs-dirigeants-de-societes-de-construction\/#primaryimage\"},\"thumbnailUrl\":\"https:\/\/www.lejournalci.org\/wp-content\/uploads\/2025\/06\/1000935605-edited.jpg\",\"articleSection\":[\"DIPLOMATIE\"],\"inLanguage\":\"fr-FR\"},{\"@type\":\"WebPage\",\"@id\":\"https:\/\/www.lejournalci.org\/index.php\/2025\/06\/20\/gabon-une-journee-daudience-du-president-oligui-nguema-avec-plusieurs-dirigeants-de-societes-de-construction\/\",\"url\":\"https:\/\/www.lejournalci.org\/index.php\/2025\/06\/20\/gabon-une-journee-daudience-du-president-oligui-nguema-avec-plusieurs-dirigeants-de-societes-de-construction\/\",\"name\":\"Gabon: Une Journ\u00e9e d'audience du Pr\u00e9sident Oligui Nguema avec plusieurs dirigeants de soci\u00e9t\u00e9s de Construction. - Cooperation Internationale\",\"isPartOf\":{\"@id\":\"https:\/\/www.lejournalci.org\/#website\"},\"primaryImageOfPage\":{\"@id\":\"https:\/\/www.lejournalci.org\/index.php\/2025\/06\/20\/gabon-une-journee-daudience-du-president-oligui-nguema-avec-plusieurs-dirigeants-de-societes-de-construction\/#primaryimage\"},\"image\":{\"@id\":\"https:\/\/www.lejournalci.org\/index.php\/2025\/06\/20\/gabon-une-journee-daudience-du-president-oligui-nguema-avec-plusieurs-dirigeants-de-societes-de-construction\/#primaryimage\"},\"thumbnailUrl\":\"https:\/\/www.lejournalci.org\/wp-content\/uploads\/2025\/06\/1000935605-edited.jpg\",\"datePublished\":\"2025-06-20T00:09:59+00:00\",\"dateModified\":\"2025-06-20T00:12:16+00:00\",\"breadcrumb\":{\"@id\":\"https:\/\/www.lejournalci.org\/index.php\/2025\/06\/20\/gabon-une-journee-daudience-du-president-oligui-nguema-avec-plusieurs-dirigeants-de-societes-de-construction\/#breadcrumb\"},\"inLanguage\":\"fr-FR\",\"potentialAction\":[{\"@type\":\"ReadAction\",\"target\":[\"https:\/\/www.lejournalci.org\/index.php\/2025\/06\/20\/gabon-une-journee-daudience-du-president-oligui-nguema-avec-plusieurs-dirigeants-de-societes-de-construction\/\"]}]},{\"@type\":\"ImageObject\",\"inLanguage\":\"fr-FR\",\"@id\":\"https:\/\/www.lejournalci.org\/index.php\/2025\/06\/20\/gabon-une-journee-daudience-du-president-oligui-nguema-avec-plusieurs-dirigeants-de-societes-de-construction\/#primaryimage\",\"url\":\"https:\/\/www.lejournalci.org\/wp-content\/uploads\/2025\/06\/1000935605-edited.jpg\",\"contentUrl\":\"https:\/\/www.lejournalci.org\/wp-content\/uploads\/2025\/06\/1000935605-edited.jpg\",\"width\":855,\"height\":481},{\"@type\":\"BreadcrumbList\",\"@id\":\"https:\/\/www.lejournalci.org\/index.php\/2025\/06\/20\/gabon-une-journee-daudience-du-president-oligui-nguema-avec-plusieurs-dirigeants-de-societes-de-construction\/#breadcrumb\",\"itemListElement\":[{\"@type\":\"ListItem\",\"position\":1,\"name\":\"Accueil\",\"item\":\"https:\/\/www.lejournalci.org\/\"},{\"@type\":\"ListItem\",\"position\":2,\"name\":\"Gabon: Une Journ\u00e9e d&#8217;audience du Pr\u00e9sident Oligui Nguema avec plusieurs dirigeants de soci\u00e9t\u00e9s de Construction.\"}]},{\"@type\":\"WebSite\",\"@id\":\"https:\/\/www.lejournalci.org\/#website\",\"url\":\"https:\/\/www.lejournalci.org\/\",\"name\":\"Cooperation Internationale\",\"description\":\"Faire de la Coop\u00e9ration un Puissant Instrument de D\u00e9veloppement\",\"publisher\":{\"@id\":\"https:\/\/www.lejournalci.org\/#organization\"},\"potentialAction\":[{\"@type\":\"SearchAction\",\"target\":{\"@type\":\"EntryPoint\",\"urlTemplate\":\"https:\/\/www.lejournalci.org\/?s={search_term_string}\"},\"query-input\":{\"@type\":\"PropertyValueSpecification\",\"valueRequired\":true,\"valueName\":\"search_term_string\"}}],\"inLanguage\":\"fr-FR\"},{\"@type\":\"Organization\",\"@id\":\"https:\/\/www.lejournalci.org\/#organization\",\"name\":\"Cooperation Internationale\",\"url\":\"https:\/\/www.lejournalci.org\/\",\"logo\":{\"@type\":\"ImageObject\",\"inLanguage\":\"fr-FR\",\"@id\":\"https:\/\/www.lejournalci.org\/#\/schema\/logo\/image\/\",\"url\":\"https:\/\/www.lejournalci.org\/wp-content\/uploads\/2024\/12\/logo-coopint_HD_3.jpg\",\"contentUrl\":\"https:\/\/www.lejournalci.org\/wp-content\/uploads\/2024\/12\/logo-coopint_HD_3.jpg\",\"width\":700,\"height\":214,\"caption\":\"Cooperation Internationale\"},\"image\":{\"@id\":\"https:\/\/www.lejournalci.org\/#\/schema\/logo\/image\/\"},\"sameAs\":[\"https:\/\/www.facebook.com\/journalCI\/\",\"https:\/\/x.com\/lejournalc\"]},{\"@type\":\"Person\",\"@id\":\"https:\/\/www.lejournalci.org\/#\/schema\/person\/2efe42dc5459aaaf6d89cb27e736002b\",\"name\":\"La R\u00e9daction CI\",\"image\":{\"@type\":\"ImageObject\",\"inLanguage\":\"fr-FR\",\"@id\":\"https:\/\/www.lejournalci.org\/#\/schema\/person\/image\/\",\"url\":\"https:\/\/secure.gravatar.com\/avatar\/e63ab2ab378e283740d8889fbe2ec43fdcee7ac714a480d705f61cb1e5675c4c?s=96&d=mm&r=g\",\"contentUrl\":\"https:\/\/secure.gravatar.com\/avatar\/e63ab2ab378e283740d8889fbe2ec43fdcee7ac714a480d705f61cb1e5675c4c?s=96&d=mm&r=g\",\"caption\":\"La R\u00e9daction CI\"},\"url\":\"https:\/\/www.lejournalci.org\/index.php\/author\/noebricendongyahoo-fr\/\"}]}<\/script>\n<!-- \/ Yoast SEO plugin. -->","yoast_head_json":{"title":"Gabon: Une Journ\u00e9e d'audience du Pr\u00e9sident Oligui Nguema avec plusieurs dirigeants de soci\u00e9t\u00e9s de Construction. - Cooperation Internationale","robots":{"index":"index","follow":"follow","max-snippet":"max-snippet:-1","max-image-preview":"max-image-preview:large","max-video-preview":"max-video-preview:-1"},"canonical":"https:\/\/www.lejournalci.org\/index.php\/2025\/06\/20\/gabon-une-journee-daudience-du-president-oligui-nguema-avec-plusieurs-dirigeants-de-societes-de-construction\/","og_locale":"fr_FR","og_type":"article","og_title":"Gabon: Une Journ\u00e9e d'audience du Pr\u00e9sident Oligui Nguema avec plusieurs dirigeants de soci\u00e9t\u00e9s de Construction. - Cooperation Internationale","og_description":"Le Pr\u00e9sident de la R\u00e9publique, Chef de l\u2019\u00c9tat, Brice Clotaire OLIGUI NGUEMA, a accord\u00e9 une audience le Jeudi 19 Juin 2025 \u00e0 Monsieur Envar SAYAN, Directeur G\u00e9n\u00e9ral du Groupe Summa Construction. Cette rencontre a \u00e9t\u00e9 l\u2019occasion de faire un point d\u2019\u00e9tape sur les projets en cours men\u00e9s par le groupe","og_url":"https:\/\/www.lejournalci.org\/index.php\/2025\/06\/20\/gabon-une-journee-daudience-du-president-oligui-nguema-avec-plusieurs-dirigeants-de-societes-de-construction\/","og_site_name":"Cooperation Internationale","article_publisher":"https:\/\/www.facebook.com\/journalCI\/","article_published_time":"2025-06-20T00:09:59+00:00","article_modified_time":"2025-06-20T00:12:16+00:00","og_image":[{"width":855,"height":481,"url":"https:\/\/www.lejournalci.org\/wp-content\/uploads\/2025\/06\/1000935605-edited.jpg","type":"image\/jpeg"}],"author":"La R\u00e9daction CI","twitter_card":"summary_large_image","twitter_creator":"@lejournalc","twitter_site":"@lejournalc","twitter_misc":{"\u00c9crit par":"La R\u00e9daction CI","Dur\u00e9e de lecture estim\u00e9e":"3 minutes"},"schema":{"@context":"https:\/\/schema.org","@graph":[{"@type":"Article","@id":"https:\/\/www.lejournalci.org\/index.php\/2025\/06\/20\/gabon-une-journee-daudience-du-president-oligui-nguema-avec-plusieurs-dirigeants-de-societes-de-construction\/#article","isPartOf":{"@id":"https:\/\/www.lejournalci.org\/index.php\/2025\/06\/20\/gabon-une-journee-daudience-du-president-oligui-nguema-avec-plusieurs-dirigeants-de-societes-de-construction\/"},"author":{"name":"La R\u00e9daction CI","@id":"https:\/\/www.lejournalci.org\/#\/schema\/person\/2efe42dc5459aaaf6d89cb27e736002b"},"headline":"Gabon: Une Journ\u00e9e d&#8217;audience du Pr\u00e9sident Oligui Nguema avec plusieurs dirigeants de soci\u00e9t\u00e9s de Construction.","datePublished":"2025-06-20T00:09:59+00:00","dateModified":"2025-06-20T00:12:16+00:00","mainEntityOfPage":{"@id":"https:\/\/www.lejournalci.org\/index.php\/2025\/06\/20\/gabon-une-journee-daudience-du-president-oligui-nguema-avec-plusieurs-dirigeants-de-societes-de-construction\/"},"wordCount":463,"publisher":{"@id":"https:\/\/www.lejournalci.org\/#organization"},"image":{"@id":"https:\/\/www.lejournalci.org\/index.php\/2025\/06\/20\/gabon-une-journee-daudience-du-president-oligui-nguema-avec-plusieurs-dirigeants-de-societes-de-construction\/#primaryimage"},"thumbnailUrl":"https:\/\/www.lejournalci.org\/wp-content\/uploads\/2025\/06\/1000935605-edited.jpg","articleSection":["DIPLOMATIE"],"inLanguage":"fr-FR"},{"@type":"WebPage","@id":"https:\/\/www.lejournalci.org\/index.php\/2025\/06\/20\/gabon-une-journee-daudience-du-president-oligui-nguema-avec-plusieurs-dirigeants-de-societes-de-construction\/","url":"https:\/\/www.lejournalci.org\/index.php\/2025\/06\/20\/gabon-une-journee-daudience-du-president-oligui-nguema-avec-plusieurs-dirigeants-de-societes-de-construction\/","name":"Gabon: Une Journ\u00e9e d'audience du Pr\u00e9sident Oligui Nguema avec plusieurs dirigeants de soci\u00e9t\u00e9s de Construction. - Cooperation Internationale","isPartOf":{"@id":"https:\/\/www.lejournalci.org\/#website"},"primaryImageOfPage":{"@id":"https:\/\/www.lejournalci.org\/index.php\/2025\/06\/20\/gabon-une-journee-daudience-du-president-oligui-nguema-avec-plusieurs-dirigeants-de-societes-de-construction\/#primaryimage"},"image":{"@id":"https:\/\/www.lejournalci.org\/index.php\/2025\/06\/20\/gabon-une-journee-daudience-du-president-oligui-nguema-avec-plusieurs-dirigeants-de-societes-de-construction\/#primaryimage"},"thumbnailUrl":"https:\/\/www.lejournalci.org\/wp-content\/uploads\/2025\/06\/1000935605-edited.jpg","datePublished":"2025-06-20T00:09:59+00:00","dateModified":"2025-06-20T00:12:16+00:00","breadcrumb":{"@id":"https:\/\/www.lejournalci.org\/index.php\/2025\/06\/20\/gabon-une-journee-daudience-du-president-oligui-nguema-avec-plusieurs-dirigeants-de-societes-de-construction\/#breadcrumb"},"inLanguage":"fr-FR","potentialAction":[{"@type":"ReadAction","target":["https:\/\/www.lejournalci.org\/index.php\/2025\/06\/20\/gabon-une-journee-daudience-du-president-oligui-nguema-avec-plusieurs-dirigeants-de-societes-de-construction\/"]}]},{"@type":"ImageObject","inLanguage":"fr-FR","@id":"https:\/\/www.lejournalci.org\/index.php\/2025\/06\/20\/gabon-une-journee-daudience-du-president-oligui-nguema-avec-plusieurs-dirigeants-de-societes-de-construction\/#primaryimage","url":"https:\/\/www.lejournalci.org\/wp-content\/uploads\/2025\/06\/1000935605-edited.jpg","contentUrl":"https:\/\/www.lejournalci.org\/wp-content\/uploads\/2025\/06\/1000935605-edited.jpg","width":855,"height":481},{"@type":"BreadcrumbList","@id":"https:\/\/www.lejournalci.org\/index.php\/2025\/06\/20\/gabon-une-journee-daudience-du-president-oligui-nguema-avec-plusieurs-dirigeants-de-societes-de-construction\/#breadcrumb","itemListElement":[{"@type":"ListItem","position":1,"name":"Accueil","item":"https:\/\/www.lejournalci.org\/"},{"@type":"ListItem","position":2,"name":"Gabon: Une Journ\u00e9e d&#8217;audience du Pr\u00e9sident Oligui Nguema avec plusieurs dirigeants de soci\u00e9t\u00e9s de Construction."}]},{"@type":"WebSite","@id":"https:\/\/www.lejournalci.org\/#website","url":"https:\/\/www.lejournalci.org\/","name":"Cooperation Internationale","description":"Faire de la Coop\u00e9ration un Puissant Instrument de D\u00e9veloppement","publisher":{"@id":"https:\/\/www.lejournalci.org\/#organization"},"potentialAction":[{"@type":"SearchAction","target":{"@type":"EntryPoint","urlTemplate":"https:\/\/www.lejournalci.org\/?s={search_term_string}"},"query-input":{"@type":"PropertyValueSpecification","valueRequired":true,"valueName":"search_term_string"}}],"inLanguage":"fr-FR"},{"@type":"Organization","@id":"https:\/\/www.lejournalci.org\/#organization","name":"Cooperation Internationale","url":"https:\/\/www.lejournalci.org\/","logo":{"@type":"ImageObject","inLanguage":"fr-FR","@id":"https:\/\/www.lejournalci.org\/#\/schema\/logo\/image\/","url":"https:\/\/www.lejournalci.org\/wp-content\/uploads\/2024\/12\/logo-coopint_HD_3.jpg","contentUrl":"https:\/\/www.lejournalci.org\/wp-content\/uploads\/2024\/12\/logo-coopint_HD_3.jpg","width":700,"height":214,"caption":"Cooperation Internationale"},"image":{"@id":"https:\/\/www.lejournalci.org\/#\/schema\/logo\/image\/"},"sameAs":["https:\/\/www.facebook.com\/journalCI\/","https:\/\/x.com\/lejournalc"]},{"@type":"Person","@id":"https:\/\/www.lejournalci.org\/#\/schema\/person\/2efe42dc5459aaaf6d89cb27e736002b","name":"La R\u00e9daction CI","image":{"@type":"ImageObject","inLanguage":"fr-FR","@id":"https:\/\/www.lejournalci.org\/#\/schema\/person\/image\/","url":"https:\/\/secure.gravatar.com\/avatar\/e63ab2ab378e283740d8889fbe2ec43fdcee7ac714a480d705f61cb1e5675c4c?s=96&d=mm&r=g","contentUrl":"https:\/\/secure.gravatar.com\/avatar\/e63ab2ab378e283740d8889fbe2ec43fdcee7ac714a480d705f61cb1e5675c4c?s=96&d=mm&r=g","caption":"La R\u00e9daction CI"},"url":"https:\/\/www.lejournalci.org\/index.php\/author\/noebricendongyahoo-fr\/"}]}},"jetpack_publicize_connections":[],"jetpack_featured_media_url":"https:\/\/www.lejournalci.org\/wp-content\/uploads\/2025\/06\/1000935605-edited.jpg","jetpack_sharing_enabled":true,"_links":{"self":[{"href":"https:\/\/www.lejournalci.org\/index.php\/wp-json\/wp\/v2\/posts\/7134","targetHints":{"allow":["GET"]}}],"collection":[{"href":"https:\/\/www.lejournalci.org\/index.php\/wp-json\/wp\/v2\/posts"}],"about":[{"href":"https:\/\/www.lejournalci.org\/index.php\/wp-json\/wp\/v2\/types\/post"}],"author":[{"embeddable":true,"href":"https:\/\/www.lejournalci.org\/index.php\/wp-json\/wp\/v2\/users\/3"}],"replies":[{"embeddable":true,"href":"https:\/\/www.lejournalci.org\/index.php\/wp-json\/wp\/v2\/comments?post=7134"}],"version-history":[{"count":1,"href":"https:\/\/www.lejournalci.org\/index.php\/wp-json\/wp\/v2\/posts\/7134\/revisions"}],"predecessor-version":[{"id":7140,"href":"https:\/\/www.lejournalci.org\/index.php\/wp-json\/wp\/v2\/posts\/7134\/revisions\/7140"}],"wp:featuredmedia":[{"embeddable":true,"href":"https:\/\/www.lejournalci.org\/index.php\/wp-json\/wp\/v2\/media\/7139"}],"wp:attachment":[{"href":"https:\/\/www.lejournalci.org\/index.php\/wp-json\/wp\/v2\/media?parent=7134"}],"wp:term":[{"taxonomy":"category","embeddable":true,"href":"https:\/\/www.lejournalci.org\/index.php\/wp-json\/wp\/v2\/categories?post=7134"},{"taxonomy":"post_tag","embeddable":true,"href":"https:\/\/www.lejournalci.org\/index.php\/wp-json\/wp\/v2\/tags?post=7134"}],"curies":[{"name":"wp","href":"https:\/\/api.w.org\/{rel}","templated":true}]}}