{"id":7130,"date":"2025-06-19T23:32:34","date_gmt":"2025-06-19T23:32:34","guid":{"rendered":"https:\/\/www.lejournalci.org\/?p=7130"},"modified":"2025-06-19T23:32:36","modified_gmt":"2025-06-19T23:32:36","slug":"cemac-a-kinshasa-la-commission-a-la-38eme-conference-annuelle-du-credaf-pour-relever-les-nouveaux-defis-fiscaux","status":"publish","type":"post","link":"https:\/\/www.lejournalci.org\/index.php\/2025\/06\/19\/cemac-a-kinshasa-la-commission-a-la-38eme-conference-annuelle-du-credaf-pour-relever-les-nouveaux-defis-fiscaux\/","title":{"rendered":"CEMAC: A Kinshasa, la Commission \u00e0 la 38\u00e8me Conf\u00e9rence Annuelle du CREDAF pour Relever les Nouveaux D\u00e9fis Fiscaux"},"content":{"rendered":"\n<p><\/p>\n\n\n\n<p>La Commission de la CEMAC participe du 17 au 20 juin 2025 \u00e0 Kinshasa (R\u00e9publique d\u00e9mocratique du Congo) \u00e0 la 38i\u00e8me conf\u00e9rence annuelle du Cercle de R\u00e9flexion et d\u2019Echange des Dirigeants des Administrations Fiscales (CREDAF) plac\u00e9e sous le th\u00e8me : \u00ab les nouveaux d\u00e9fis fiscaux : fiscalit\u00e9 environnementale et des ressources naturelles, fiscalit\u00e9 et genre et fiscalit\u00e9 environnementale \u00bb.<\/p>\n\n\n\n<p>L\u2019objectif principal de la conf\u00e9rence annuelle est d\u2019accompagner les pays membres du CREDAF dans leurs projets de r\u00e9forme, le renforcement de leurs capacit\u00e9s, l\u2019\u00e9change d\u2019exp\u00e9riences et la mutualisation des meilleures pratiques, ainsi que le d\u00e9veloppement de la coop\u00e9ration r\u00e9gionale et internationale au regard des nouveaux d\u00e9fis fiscaux. De fa\u00e7on sp\u00e9cifique, il s\u2019agira d\u2019identifier les meilleures pratiques actuelles ainsi que les meilleures perspectives pour faire \u00e9voluer les syst\u00e8mes fiscaux de nos membres vers des pratiques de standard international.<\/p>\n\n\n\n<p>Les travaux de la conf\u00e9rence comportent une table ronde introductive pour pr\u00e9senter un panorama global des enjeux et perspectives li\u00e9s aux nouveaux d\u00e9fis fiscaux trait\u00e9s. Celle-ci est suivie de trois sessions pl\u00e9ni\u00e8res et deux ateliers anim\u00e9s par des experts issus des administrations fiscales ou d\u2019organisations internationales, en vue d\u2019approfondir les travaux qui seront ensuite cl\u00f4tur\u00e9s par des sessions de restitution et d\u2019\u00e9changes.<\/p>\n\n\n\n<p>Intervenant d\u00e8s la premi\u00e8re pl\u00e9ni\u00e8re, la Commission de la CEMAC pr\u00e9sentera les politiques misent en \u0153uvre au sein de la CEMAC en mati\u00e8re de la fiscalit\u00e9 foresti\u00e8re. Elle rencontrera par la suite, les diff\u00e9rents partenaires technique et financier (OCDE, Forum mondial pour la transparence et Expertise France) afin de discuter sur les sujets d\u2019int\u00e9r\u00eat commun.<\/p>\n\n\n\n<p><strong><em>Source: CEMAC<\/em><\/strong><\/p>\n","protected":false},"excerpt":{"rendered":"<p>La Commission de la CEMAC participe du 17 au 20 juin 2025 \u00e0 Kinshasa (R\u00e9publique d\u00e9mocratique du Congo) \u00e0 la 38i\u00e8me conf\u00e9rence annuelle du Cercle de R\u00e9flexion et d\u2019Echange des Dirigeants des Administrations Fiscales (CREDAF) plac\u00e9e sous le th\u00e8me : \u00ab les nouveaux d\u00e9fis fiscaux : fiscalit\u00e9 environnementale et des<\/p>\n","protected":false},"author":3,"featured_media":7132,"comment_status":"closed","ping_status":"open","sticky":false,"template":"","format":"standard","meta":{"colormag_page_container_layout":"default_layout","colormag_page_sidebar_layout":"default_layout","_jetpack_memberships_contains_paid_content":false,"footnotes":"","jetpack_publicize_message":"","jetpack_publicize_feature_enabled":true,"jetpack_social_post_already_shared":true,"jetpack_social_options":{"image_generator_settings":{"template":"highway","default_image_id":0,"font":"","enabled":false},"version":2}},"categories":[50],"tags":[],"class_list":["post-7130","post","type-post","status-publish","format-standard","has-post-thumbnail","hentry","category-cooperation"],"magazineBlocksPostFeaturedMedia":{"thumbnail":"https:\/\/www.lejournalci.org\/wp-content\/uploads\/2025\/06\/1000935588-edited-150x150.jpg","medium":"https:\/\/www.lejournalci.org\/wp-content\/uploads\/2025\/06\/1000935588-edited-300x169.jpg","medium_large":"https:\/\/www.lejournalci.org\/wp-content\/uploads\/2025\/06\/1000935588-edited-768x432.jpg","large":"https:\/\/www.lejournalci.org\/wp-content\/uploads\/2025\/06\/1000935588-edited-1024x576.jpg","1536x1536":"https:\/\/www.lejournalci.org\/wp-content\/uploads\/2025\/06\/1000935588-edited-1536x864.jpg","2048x2048":"https:\/\/www.lejournalci.org\/wp-content\/uploads\/2025\/06\/1000935588-edited.jpg","colormag-highlighted-post":"https:\/\/www.lejournalci.org\/wp-content\/uploads\/2025\/06\/1000935588-edited-392x272.jpg","colormag-featured-post-medium":"https:\/\/www.lejournalci.org\/wp-content\/uploads\/2025\/06\/1000935588-edited-390x205.jpg","colormag-featured-post-small":"https:\/\/www.lejournalci.org\/wp-content\/uploads\/2025\/06\/1000935588-edited-130x90.jpg","colormag-featured-image":"https:\/\/www.lejournalci.org\/wp-content\/uploads\/2025\/06\/1000935588-edited-800x445.jpg","colormag-default-news":"https:\/\/www.lejournalci.org\/wp-content\/uploads\/2025\/06\/1000935588-edited-150x150.jpg","colormag-featured-image-large":"https:\/\/www.lejournalci.org\/wp-content\/uploads\/2025\/06\/1000935588-edited-1400x600.jpg"},"magazineBlocksPostAuthor":{"name":"La R\u00e9daction CI","avatar":"https:\/\/secure.gravatar.com\/avatar\/e63ab2ab378e283740d8889fbe2ec43fdcee7ac714a480d705f61cb1e5675c4c?s=96&d=mm&r=g"},"magazineBlocksPostCommentsNumber":false,"magazineBlocksPostExcerpt":"La Commission de la CEMAC participe du 17 au 20 juin 2025 \u00e0 Kinshasa (R\u00e9publique d\u00e9mocratique du Congo) \u00e0 la 38i\u00e8me conf\u00e9rence annuelle du Cercle de R\u00e9flexion et d\u2019Echange des Dirigeants des Administrations Fiscales (CREDAF) plac\u00e9e sous le th\u00e8me : \u00ab les nouveaux d\u00e9fis fiscaux : fiscalit\u00e9 environnementale et des","magazineBlocksPostCategories":["COOPERATION"],"magazineBlocksPostViewCount":766,"magazineBlocksPostReadTime":2,"magazine_blocks_featured_image_url":{"full":["https:\/\/www.lejournalci.org\/wp-content\/uploads\/2025\/06\/1000935588-edited.jpg",1600,900,false],"medium":["https:\/\/www.lejournalci.org\/wp-content\/uploads\/2025\/06\/1000935588-edited-300x169.jpg",300,169,true],"thumbnail":["https:\/\/www.lejournalci.org\/wp-content\/uploads\/2025\/06\/1000935588-edited-150x150.jpg",150,150,true]},"magazine_blocks_author":{"display_name":"La R\u00e9daction CI","author_link":"https:\/\/www.lejournalci.org\/index.php\/author\/noebricendongyahoo-fr\/"},"magazine_blocks_comment":0,"magazine_blocks_author_image":"https:\/\/secure.gravatar.com\/avatar\/e63ab2ab378e283740d8889fbe2ec43fdcee7ac714a480d705f61cb1e5675c4c?s=96&d=mm&r=g","magazine_blocks_category":"<a href=\"#\" class=\"category-link category-link-50\">COOPERATION<\/a>","yoast_head":"<!-- This site is optimized with the Yoast SEO plugin v26.2 - https:\/\/yoast.com\/wordpress\/plugins\/seo\/ -->\n<title>CEMAC: A Kinshasa, la Commission \u00e0 la 38\u00e8me Conf\u00e9rence Annuelle du CREDAF pour Relever les Nouveaux D\u00e9fis Fiscaux - Cooperation Internationale<\/title>\n<meta name=\"robots\" content=\"index, follow, max-snippet:-1, max-image-preview:large, max-video-preview:-1\" \/>\n<link rel=\"canonical\" href=\"https:\/\/www.lejournalci.org\/index.php\/2025\/06\/19\/cemac-a-kinshasa-la-commission-a-la-38eme-conference-annuelle-du-credaf-pour-relever-les-nouveaux-defis-fiscaux\/\" \/>\n<meta property=\"og:locale\" content=\"fr_FR\" \/>\n<meta property=\"og:type\" content=\"article\" \/>\n<meta property=\"og:title\" content=\"CEMAC: A Kinshasa, la Commission \u00e0 la 38\u00e8me Conf\u00e9rence Annuelle du CREDAF pour Relever les Nouveaux D\u00e9fis Fiscaux - Cooperation Internationale\" \/>\n<meta property=\"og:description\" content=\"La Commission de la CEMAC participe du 17 au 20 juin 2025 \u00e0 Kinshasa (R\u00e9publique d\u00e9mocratique du Congo) \u00e0 la 38i\u00e8me conf\u00e9rence annuelle du Cercle de R\u00e9flexion et d\u2019Echange des Dirigeants des Administrations Fiscales (CREDAF) plac\u00e9e sous le th\u00e8me : \u00ab les nouveaux d\u00e9fis fiscaux : fiscalit\u00e9 environnementale et des\" \/>\n<meta property=\"og:url\" content=\"https:\/\/www.lejournalci.org\/index.php\/2025\/06\/19\/cemac-a-kinshasa-la-commission-a-la-38eme-conference-annuelle-du-credaf-pour-relever-les-nouveaux-defis-fiscaux\/\" \/>\n<meta property=\"og:site_name\" content=\"Cooperation Internationale\" \/>\n<meta property=\"article:publisher\" content=\"https:\/\/www.facebook.com\/journalCI\/\" \/>\n<meta property=\"article:published_time\" content=\"2025-06-19T23:32:34+00:00\" \/>\n<meta property=\"article:modified_time\" content=\"2025-06-19T23:32:36+00:00\" \/>\n<meta property=\"og:image\" content=\"https:\/\/www.lejournalci.org\/wp-content\/uploads\/2025\/06\/1000935588-edited.jpg\" \/>\n\t<meta property=\"og:image:width\" content=\"1600\" \/>\n\t<meta property=\"og:image:height\" content=\"900\" \/>\n\t<meta property=\"og:image:type\" content=\"image\/jpeg\" \/>\n<meta name=\"author\" content=\"La R\u00e9daction CI\" \/>\n<meta name=\"twitter:card\" content=\"summary_large_image\" \/>\n<meta name=\"twitter:creator\" content=\"@lejournalc\" \/>\n<meta name=\"twitter:site\" content=\"@lejournalc\" \/>\n<meta name=\"twitter:label1\" content=\"\u00c9crit par\" \/>\n\t<meta name=\"twitter:data1\" content=\"La R\u00e9daction CI\" \/>\n\t<meta name=\"twitter:label2\" content=\"Dur\u00e9e de lecture estim\u00e9e\" \/>\n\t<meta name=\"twitter:data2\" content=\"2 minutes\" \/>\n<script type=\"application\/ld+json\" class=\"yoast-schema-graph\">{\"@context\":\"https:\/\/schema.org\",\"@graph\":[{\"@type\":\"Article\",\"@id\":\"https:\/\/www.lejournalci.org\/index.php\/2025\/06\/19\/cemac-a-kinshasa-la-commission-a-la-38eme-conference-annuelle-du-credaf-pour-relever-les-nouveaux-defis-fiscaux\/#article\",\"isPartOf\":{\"@id\":\"https:\/\/www.lejournalci.org\/index.php\/2025\/06\/19\/cemac-a-kinshasa-la-commission-a-la-38eme-conference-annuelle-du-credaf-pour-relever-les-nouveaux-defis-fiscaux\/\"},\"author\":{\"name\":\"La R\u00e9daction CI\",\"@id\":\"https:\/\/www.lejournalci.org\/#\/schema\/person\/2efe42dc5459aaaf6d89cb27e736002b\"},\"headline\":\"CEMAC: A Kinshasa, la Commission \u00e0 la 38\u00e8me Conf\u00e9rence Annuelle du CREDAF pour Relever les Nouveaux D\u00e9fis Fiscaux\",\"datePublished\":\"2025-06-19T23:32:34+00:00\",\"dateModified\":\"2025-06-19T23:32:36+00:00\",\"mainEntityOfPage\":{\"@id\":\"https:\/\/www.lejournalci.org\/index.php\/2025\/06\/19\/cemac-a-kinshasa-la-commission-a-la-38eme-conference-annuelle-du-credaf-pour-relever-les-nouveaux-defis-fiscaux\/\"},\"wordCount\":315,\"publisher\":{\"@id\":\"https:\/\/www.lejournalci.org\/#organization\"},\"image\":{\"@id\":\"https:\/\/www.lejournalci.org\/index.php\/2025\/06\/19\/cemac-a-kinshasa-la-commission-a-la-38eme-conference-annuelle-du-credaf-pour-relever-les-nouveaux-defis-fiscaux\/#primaryimage\"},\"thumbnailUrl\":\"https:\/\/www.lejournalci.org\/wp-content\/uploads\/2025\/06\/1000935588-edited.jpg\",\"articleSection\":[\"COOPERATION\"],\"inLanguage\":\"fr-FR\"},{\"@type\":\"WebPage\",\"@id\":\"https:\/\/www.lejournalci.org\/index.php\/2025\/06\/19\/cemac-a-kinshasa-la-commission-a-la-38eme-conference-annuelle-du-credaf-pour-relever-les-nouveaux-defis-fiscaux\/\",\"url\":\"https:\/\/www.lejournalci.org\/index.php\/2025\/06\/19\/cemac-a-kinshasa-la-commission-a-la-38eme-conference-annuelle-du-credaf-pour-relever-les-nouveaux-defis-fiscaux\/\",\"name\":\"CEMAC: A Kinshasa, la Commission \u00e0 la 38\u00e8me Conf\u00e9rence Annuelle du CREDAF pour Relever les Nouveaux D\u00e9fis Fiscaux - Cooperation Internationale\",\"isPartOf\":{\"@id\":\"https:\/\/www.lejournalci.org\/#website\"},\"primaryImageOfPage\":{\"@id\":\"https:\/\/www.lejournalci.org\/index.php\/2025\/06\/19\/cemac-a-kinshasa-la-commission-a-la-38eme-conference-annuelle-du-credaf-pour-relever-les-nouveaux-defis-fiscaux\/#primaryimage\"},\"image\":{\"@id\":\"https:\/\/www.lejournalci.org\/index.php\/2025\/06\/19\/cemac-a-kinshasa-la-commission-a-la-38eme-conference-annuelle-du-credaf-pour-relever-les-nouveaux-defis-fiscaux\/#primaryimage\"},\"thumbnailUrl\":\"https:\/\/www.lejournalci.org\/wp-content\/uploads\/2025\/06\/1000935588-edited.jpg\",\"datePublished\":\"2025-06-19T23:32:34+00:00\",\"dateModified\":\"2025-06-19T23:32:36+00:00\",\"breadcrumb\":{\"@id\":\"https:\/\/www.lejournalci.org\/index.php\/2025\/06\/19\/cemac-a-kinshasa-la-commission-a-la-38eme-conference-annuelle-du-credaf-pour-relever-les-nouveaux-defis-fiscaux\/#breadcrumb\"},\"inLanguage\":\"fr-FR\",\"potentialAction\":[{\"@type\":\"ReadAction\",\"target\":[\"https:\/\/www.lejournalci.org\/index.php\/2025\/06\/19\/cemac-a-kinshasa-la-commission-a-la-38eme-conference-annuelle-du-credaf-pour-relever-les-nouveaux-defis-fiscaux\/\"]}]},{\"@type\":\"ImageObject\",\"inLanguage\":\"fr-FR\",\"@id\":\"https:\/\/www.lejournalci.org\/index.php\/2025\/06\/19\/cemac-a-kinshasa-la-commission-a-la-38eme-conference-annuelle-du-credaf-pour-relever-les-nouveaux-defis-fiscaux\/#primaryimage\",\"url\":\"https:\/\/www.lejournalci.org\/wp-content\/uploads\/2025\/06\/1000935588-edited.jpg\",\"contentUrl\":\"https:\/\/www.lejournalci.org\/wp-content\/uploads\/2025\/06\/1000935588-edited.jpg\",\"width\":1600,\"height\":900},{\"@type\":\"BreadcrumbList\",\"@id\":\"https:\/\/www.lejournalci.org\/index.php\/2025\/06\/19\/cemac-a-kinshasa-la-commission-a-la-38eme-conference-annuelle-du-credaf-pour-relever-les-nouveaux-defis-fiscaux\/#breadcrumb\",\"itemListElement\":[{\"@type\":\"ListItem\",\"position\":1,\"name\":\"Accueil\",\"item\":\"https:\/\/www.lejournalci.org\/\"},{\"@type\":\"ListItem\",\"position\":2,\"name\":\"CEMAC: A Kinshasa, la Commission \u00e0 la 38\u00e8me Conf\u00e9rence Annuelle du CREDAF pour Relever les Nouveaux D\u00e9fis Fiscaux\"}]},{\"@type\":\"WebSite\",\"@id\":\"https:\/\/www.lejournalci.org\/#website\",\"url\":\"https:\/\/www.lejournalci.org\/\",\"name\":\"Cooperation Internationale\",\"description\":\"Faire de la Coop\u00e9ration un Puissant Instrument de D\u00e9veloppement\",\"publisher\":{\"@id\":\"https:\/\/www.lejournalci.org\/#organization\"},\"potentialAction\":[{\"@type\":\"SearchAction\",\"target\":{\"@type\":\"EntryPoint\",\"urlTemplate\":\"https:\/\/www.lejournalci.org\/?s={search_term_string}\"},\"query-input\":{\"@type\":\"PropertyValueSpecification\",\"valueRequired\":true,\"valueName\":\"search_term_string\"}}],\"inLanguage\":\"fr-FR\"},{\"@type\":\"Organization\",\"@id\":\"https:\/\/www.lejournalci.org\/#organization\",\"name\":\"Cooperation Internationale\",\"url\":\"https:\/\/www.lejournalci.org\/\",\"logo\":{\"@type\":\"ImageObject\",\"inLanguage\":\"fr-FR\",\"@id\":\"https:\/\/www.lejournalci.org\/#\/schema\/logo\/image\/\",\"url\":\"https:\/\/www.lejournalci.org\/wp-content\/uploads\/2024\/12\/logo-coopint_HD_3.jpg\",\"contentUrl\":\"https:\/\/www.lejournalci.org\/wp-content\/uploads\/2024\/12\/logo-coopint_HD_3.jpg\",\"width\":700,\"height\":214,\"caption\":\"Cooperation Internationale\"},\"image\":{\"@id\":\"https:\/\/www.lejournalci.org\/#\/schema\/logo\/image\/\"},\"sameAs\":[\"https:\/\/www.facebook.com\/journalCI\/\",\"https:\/\/x.com\/lejournalc\"]},{\"@type\":\"Person\",\"@id\":\"https:\/\/www.lejournalci.org\/#\/schema\/person\/2efe42dc5459aaaf6d89cb27e736002b\",\"name\":\"La R\u00e9daction CI\",\"image\":{\"@type\":\"ImageObject\",\"inLanguage\":\"fr-FR\",\"@id\":\"https:\/\/www.lejournalci.org\/#\/schema\/person\/image\/\",\"url\":\"https:\/\/secure.gravatar.com\/avatar\/e63ab2ab378e283740d8889fbe2ec43fdcee7ac714a480d705f61cb1e5675c4c?s=96&d=mm&r=g\",\"contentUrl\":\"https:\/\/secure.gravatar.com\/avatar\/e63ab2ab378e283740d8889fbe2ec43fdcee7ac714a480d705f61cb1e5675c4c?s=96&d=mm&r=g\",\"caption\":\"La R\u00e9daction CI\"},\"url\":\"https:\/\/www.lejournalci.org\/index.php\/author\/noebricendongyahoo-fr\/\"}]}<\/script>\n<!-- \/ Yoast SEO plugin. -->","yoast_head_json":{"title":"CEMAC: A Kinshasa, la Commission \u00e0 la 38\u00e8me Conf\u00e9rence Annuelle du CREDAF pour Relever les Nouveaux D\u00e9fis Fiscaux - Cooperation Internationale","robots":{"index":"index","follow":"follow","max-snippet":"max-snippet:-1","max-image-preview":"max-image-preview:large","max-video-preview":"max-video-preview:-1"},"canonical":"https:\/\/www.lejournalci.org\/index.php\/2025\/06\/19\/cemac-a-kinshasa-la-commission-a-la-38eme-conference-annuelle-du-credaf-pour-relever-les-nouveaux-defis-fiscaux\/","og_locale":"fr_FR","og_type":"article","og_title":"CEMAC: A Kinshasa, la Commission \u00e0 la 38\u00e8me Conf\u00e9rence Annuelle du CREDAF pour Relever les Nouveaux D\u00e9fis Fiscaux - Cooperation Internationale","og_description":"La Commission de la CEMAC participe du 17 au 20 juin 2025 \u00e0 Kinshasa (R\u00e9publique d\u00e9mocratique du Congo) \u00e0 la 38i\u00e8me conf\u00e9rence annuelle du Cercle de R\u00e9flexion et d\u2019Echange des Dirigeants des Administrations Fiscales (CREDAF) plac\u00e9e sous le th\u00e8me : \u00ab les nouveaux d\u00e9fis fiscaux : fiscalit\u00e9 environnementale et des","og_url":"https:\/\/www.lejournalci.org\/index.php\/2025\/06\/19\/cemac-a-kinshasa-la-commission-a-la-38eme-conference-annuelle-du-credaf-pour-relever-les-nouveaux-defis-fiscaux\/","og_site_name":"Cooperation Internationale","article_publisher":"https:\/\/www.facebook.com\/journalCI\/","article_published_time":"2025-06-19T23:32:34+00:00","article_modified_time":"2025-06-19T23:32:36+00:00","og_image":[{"width":1600,"height":900,"url":"https:\/\/www.lejournalci.org\/wp-content\/uploads\/2025\/06\/1000935588-edited.jpg","type":"image\/jpeg"}],"author":"La R\u00e9daction CI","twitter_card":"summary_large_image","twitter_creator":"@lejournalc","twitter_site":"@lejournalc","twitter_misc":{"\u00c9crit par":"La R\u00e9daction CI","Dur\u00e9e de lecture estim\u00e9e":"2 minutes"},"schema":{"@context":"https:\/\/schema.org","@graph":[{"@type":"Article","@id":"https:\/\/www.lejournalci.org\/index.php\/2025\/06\/19\/cemac-a-kinshasa-la-commission-a-la-38eme-conference-annuelle-du-credaf-pour-relever-les-nouveaux-defis-fiscaux\/#article","isPartOf":{"@id":"https:\/\/www.lejournalci.org\/index.php\/2025\/06\/19\/cemac-a-kinshasa-la-commission-a-la-38eme-conference-annuelle-du-credaf-pour-relever-les-nouveaux-defis-fiscaux\/"},"author":{"name":"La R\u00e9daction CI","@id":"https:\/\/www.lejournalci.org\/#\/schema\/person\/2efe42dc5459aaaf6d89cb27e736002b"},"headline":"CEMAC: A Kinshasa, la Commission \u00e0 la 38\u00e8me Conf\u00e9rence Annuelle du CREDAF pour Relever les Nouveaux D\u00e9fis Fiscaux","datePublished":"2025-06-19T23:32:34+00:00","dateModified":"2025-06-19T23:32:36+00:00","mainEntityOfPage":{"@id":"https:\/\/www.lejournalci.org\/index.php\/2025\/06\/19\/cemac-a-kinshasa-la-commission-a-la-38eme-conference-annuelle-du-credaf-pour-relever-les-nouveaux-defis-fiscaux\/"},"wordCount":315,"publisher":{"@id":"https:\/\/www.lejournalci.org\/#organization"},"image":{"@id":"https:\/\/www.lejournalci.org\/index.php\/2025\/06\/19\/cemac-a-kinshasa-la-commission-a-la-38eme-conference-annuelle-du-credaf-pour-relever-les-nouveaux-defis-fiscaux\/#primaryimage"},"thumbnailUrl":"https:\/\/www.lejournalci.org\/wp-content\/uploads\/2025\/06\/1000935588-edited.jpg","articleSection":["COOPERATION"],"inLanguage":"fr-FR"},{"@type":"WebPage","@id":"https:\/\/www.lejournalci.org\/index.php\/2025\/06\/19\/cemac-a-kinshasa-la-commission-a-la-38eme-conference-annuelle-du-credaf-pour-relever-les-nouveaux-defis-fiscaux\/","url":"https:\/\/www.lejournalci.org\/index.php\/2025\/06\/19\/cemac-a-kinshasa-la-commission-a-la-38eme-conference-annuelle-du-credaf-pour-relever-les-nouveaux-defis-fiscaux\/","name":"CEMAC: A Kinshasa, la Commission \u00e0 la 38\u00e8me Conf\u00e9rence Annuelle du CREDAF pour Relever les Nouveaux D\u00e9fis Fiscaux - Cooperation Internationale","isPartOf":{"@id":"https:\/\/www.lejournalci.org\/#website"},"primaryImageOfPage":{"@id":"https:\/\/www.lejournalci.org\/index.php\/2025\/06\/19\/cemac-a-kinshasa-la-commission-a-la-38eme-conference-annuelle-du-credaf-pour-relever-les-nouveaux-defis-fiscaux\/#primaryimage"},"image":{"@id":"https:\/\/www.lejournalci.org\/index.php\/2025\/06\/19\/cemac-a-kinshasa-la-commission-a-la-38eme-conference-annuelle-du-credaf-pour-relever-les-nouveaux-defis-fiscaux\/#primaryimage"},"thumbnailUrl":"https:\/\/www.lejournalci.org\/wp-content\/uploads\/2025\/06\/1000935588-edited.jpg","datePublished":"2025-06-19T23:32:34+00:00","dateModified":"2025-06-19T23:32:36+00:00","breadcrumb":{"@id":"https:\/\/www.lejournalci.org\/index.php\/2025\/06\/19\/cemac-a-kinshasa-la-commission-a-la-38eme-conference-annuelle-du-credaf-pour-relever-les-nouveaux-defis-fiscaux\/#breadcrumb"},"inLanguage":"fr-FR","potentialAction":[{"@type":"ReadAction","target":["https:\/\/www.lejournalci.org\/index.php\/2025\/06\/19\/cemac-a-kinshasa-la-commission-a-la-38eme-conference-annuelle-du-credaf-pour-relever-les-nouveaux-defis-fiscaux\/"]}]},{"@type":"ImageObject","inLanguage":"fr-FR","@id":"https:\/\/www.lejournalci.org\/index.php\/2025\/06\/19\/cemac-a-kinshasa-la-commission-a-la-38eme-conference-annuelle-du-credaf-pour-relever-les-nouveaux-defis-fiscaux\/#primaryimage","url":"https:\/\/www.lejournalci.org\/wp-content\/uploads\/2025\/06\/1000935588-edited.jpg","contentUrl":"https:\/\/www.lejournalci.org\/wp-content\/uploads\/2025\/06\/1000935588-edited.jpg","width":1600,"height":900},{"@type":"BreadcrumbList","@id":"https:\/\/www.lejournalci.org\/index.php\/2025\/06\/19\/cemac-a-kinshasa-la-commission-a-la-38eme-conference-annuelle-du-credaf-pour-relever-les-nouveaux-defis-fiscaux\/#breadcrumb","itemListElement":[{"@type":"ListItem","position":1,"name":"Accueil","item":"https:\/\/www.lejournalci.org\/"},{"@type":"ListItem","position":2,"name":"CEMAC: A Kinshasa, la Commission \u00e0 la 38\u00e8me Conf\u00e9rence Annuelle du CREDAF pour Relever les Nouveaux D\u00e9fis Fiscaux"}]},{"@type":"WebSite","@id":"https:\/\/www.lejournalci.org\/#website","url":"https:\/\/www.lejournalci.org\/","name":"Cooperation Internationale","description":"Faire de la Coop\u00e9ration un Puissant Instrument de D\u00e9veloppement","publisher":{"@id":"https:\/\/www.lejournalci.org\/#organization"},"potentialAction":[{"@type":"SearchAction","target":{"@type":"EntryPoint","urlTemplate":"https:\/\/www.lejournalci.org\/?s={search_term_string}"},"query-input":{"@type":"PropertyValueSpecification","valueRequired":true,"valueName":"search_term_string"}}],"inLanguage":"fr-FR"},{"@type":"Organization","@id":"https:\/\/www.lejournalci.org\/#organization","name":"Cooperation Internationale","url":"https:\/\/www.lejournalci.org\/","logo":{"@type":"ImageObject","inLanguage":"fr-FR","@id":"https:\/\/www.lejournalci.org\/#\/schema\/logo\/image\/","url":"https:\/\/www.lejournalci.org\/wp-content\/uploads\/2024\/12\/logo-coopint_HD_3.jpg","contentUrl":"https:\/\/www.lejournalci.org\/wp-content\/uploads\/2024\/12\/logo-coopint_HD_3.jpg","width":700,"height":214,"caption":"Cooperation Internationale"},"image":{"@id":"https:\/\/www.lejournalci.org\/#\/schema\/logo\/image\/"},"sameAs":["https:\/\/www.facebook.com\/journalCI\/","https:\/\/x.com\/lejournalc"]},{"@type":"Person","@id":"https:\/\/www.lejournalci.org\/#\/schema\/person\/2efe42dc5459aaaf6d89cb27e736002b","name":"La R\u00e9daction CI","image":{"@type":"ImageObject","inLanguage":"fr-FR","@id":"https:\/\/www.lejournalci.org\/#\/schema\/person\/image\/","url":"https:\/\/secure.gravatar.com\/avatar\/e63ab2ab378e283740d8889fbe2ec43fdcee7ac714a480d705f61cb1e5675c4c?s=96&d=mm&r=g","contentUrl":"https:\/\/secure.gravatar.com\/avatar\/e63ab2ab378e283740d8889fbe2ec43fdcee7ac714a480d705f61cb1e5675c4c?s=96&d=mm&r=g","caption":"La R\u00e9daction CI"},"url":"https:\/\/www.lejournalci.org\/index.php\/author\/noebricendongyahoo-fr\/"}]}},"jetpack_publicize_connections":[],"jetpack_featured_media_url":"https:\/\/www.lejournalci.org\/wp-content\/uploads\/2025\/06\/1000935588-edited.jpg","jetpack_sharing_enabled":true,"_links":{"self":[{"href":"https:\/\/www.lejournalci.org\/index.php\/wp-json\/wp\/v2\/posts\/7130","targetHints":{"allow":["GET"]}}],"collection":[{"href":"https:\/\/www.lejournalci.org\/index.php\/wp-json\/wp\/v2\/posts"}],"about":[{"href":"https:\/\/www.lejournalci.org\/index.php\/wp-json\/wp\/v2\/types\/post"}],"author":[{"embeddable":true,"href":"https:\/\/www.lejournalci.org\/index.php\/wp-json\/wp\/v2\/users\/3"}],"replies":[{"embeddable":true,"href":"https:\/\/www.lejournalci.org\/index.php\/wp-json\/wp\/v2\/comments?post=7130"}],"version-history":[{"count":1,"href":"https:\/\/www.lejournalci.org\/index.php\/wp-json\/wp\/v2\/posts\/7130\/revisions"}],"predecessor-version":[{"id":7133,"href":"https:\/\/www.lejournalci.org\/index.php\/wp-json\/wp\/v2\/posts\/7130\/revisions\/7133"}],"wp:featuredmedia":[{"embeddable":true,"href":"https:\/\/www.lejournalci.org\/index.php\/wp-json\/wp\/v2\/media\/7132"}],"wp:attachment":[{"href":"https:\/\/www.lejournalci.org\/index.php\/wp-json\/wp\/v2\/media?parent=7130"}],"wp:term":[{"taxonomy":"category","embeddable":true,"href":"https:\/\/www.lejournalci.org\/index.php\/wp-json\/wp\/v2\/categories?post=7130"},{"taxonomy":"post_tag","embeddable":true,"href":"https:\/\/www.lejournalci.org\/index.php\/wp-json\/wp\/v2\/tags?post=7130"}],"curies":[{"name":"wp","href":"https:\/\/api.w.org\/{rel}","templated":true}]}}