{"id":7126,"date":"2025-06-19T23:19:51","date_gmt":"2025-06-19T23:19:51","guid":{"rendered":"https:\/\/www.lejournalci.org\/?p=7126"},"modified":"2025-06-19T23:19:54","modified_gmt":"2025-06-19T23:19:54","slug":"cemac-14e-session-du-cpc-tp-a-libreville","status":"publish","type":"post","link":"https:\/\/www.lejournalci.org\/index.php\/2025\/06\/19\/cemac-14e-session-du-cpc-tp-a-libreville\/","title":{"rendered":"CEMAC: 14e Session du CPC-TP \u00e0 Libreville"},"content":{"rendered":"\n<p><strong>Gouvernance financi\u00e8re sous-r\u00e9gionale : le Gabon \u00e0 la man\u0153uvre.<\/strong><\/p>\n\n\n\n<p>Le Ministre d \u2019\u00c9tat , en charge de l\u2019\u00c9conomie, des Finances, de la Dette et des Participations, charg\u00e9 de la Lutte contre la Vie Ch\u00e8re, Monsieur Henry-Claude OYIMA, a proc\u00e9d\u00e9 lundi 16 juin 2025 \u00e0 Libreville au lancement officiel des travaux de la 14e session du Cadre Permanent de Concertation des Tr\u00e9sors Publics (CPC-TP) de la CEMAC.<\/p>\n\n\n\n<p>Cette session, plac\u00e9e sous le th\u00e8me : \u00ab R\u00e9formes fiscales et p\u00e9rennit\u00e9 du march\u00e9 des valeurs du Tr\u00e9sor de la CEMAC \u00bb , r\u00e9unit les acteurs cl\u00e9s du secteur financier, des Tr\u00e9sors publics, ainsi que les partenaires r\u00e9gionaux autour des enjeux strat\u00e9giques de gouvernance budg\u00e9taire et de financement durable.<\/p>\n\n\n\n<p>Dans son discours d\u2019ouverture, le Ministre d&#8217; \u00c9tat a salu\u00e9 l\u2019engagement du Gouverneur de la BEAC, des institutions partenaires et des experts pr\u00e9sents, rappelant l\u2019importance de ce cadre d\u2019\u00e9change pour moderniser et consolider le march\u00e9 des valeurs du Tr\u00e9sor en Afrique centrale. Il a insist\u00e9 sur la n\u00e9cessit\u00e9 d\u2019optimiser la mobilisation des ressources internes, d\u2019\u00e9largir l\u2019assiette fiscale et d\u2019acc\u00e9l\u00e9rer la digitalisation des administrations fiscales pour renforcer la confiance des investisseurs et la transparence budg\u00e9taire.<\/p>\n\n\n\n<p>Sous l\u2019impulsion du Pr\u00e9sident de la R\u00e9publique, Chef de l&#8217; Etat, Chef du Gouvernement Brice Clotaire OLIGUI NGUEMA , le Gabon s\u2019engage r\u00e9solument \u00e0 faire de la gouvernance des finances publiques et de l\u2019am\u00e9lioration de la qualit\u00e9 de la d\u00e9pense un axe strat\u00e9gique de d\u00e9veloppement. L\u2019objectif est clair : b\u00e2tir un march\u00e9 financier r\u00e9gional robuste, attractif et durable, au service de la croissance, de la stabilit\u00e9 et de la souverainet\u00e9 \u00e9conomique.<\/p>\n\n\n\n<p>Cette 14e session permettra \u00e9galement d\u2019aborder des sujets cl\u00e9s tels que la valorisation des portefeuilles titres, la diversification des bases d\u2019investisseurs, les op\u00e9rations de rachat ou d\u2019\u00e9change, ainsi que la r\u00e9gulation du march\u00e9 des changes. Des \u00e9changes riches sont attendus pour identifier des pistes concr\u00e8tes d\u2019am\u00e9lioration du financement des \u00c9tats membres de la CEMAC.<\/p>\n\n\n\n<p><strong><em>Source: Minist\u00e8re de l&#8217;\u00e9conomie du Gabon <\/em><\/strong><\/p>\n\n\n\n<p><br><\/p>\n","protected":false},"excerpt":{"rendered":"<p>Gouvernance financi\u00e8re sous-r\u00e9gionale : le Gabon \u00e0 la man\u0153uvre. Le Ministre d \u2019\u00c9tat , en charge de l\u2019\u00c9conomie, des Finances, de la Dette et des Participations, charg\u00e9 de la Lutte contre la Vie Ch\u00e8re, Monsieur Henry-Claude OYIMA, a proc\u00e9d\u00e9 lundi 16 juin 2025 \u00e0 Libreville au lancement officiel des travaux<\/p>\n","protected":false},"author":3,"featured_media":7128,"comment_status":"closed","ping_status":"open","sticky":false,"template":"","format":"standard","meta":{"colormag_page_container_layout":"default_layout","colormag_page_sidebar_layout":"default_layout","_jetpack_memberships_contains_paid_content":false,"footnotes":"","jetpack_publicize_message":"","jetpack_publicize_feature_enabled":true,"jetpack_social_post_already_shared":true,"jetpack_social_options":{"image_generator_settings":{"template":"highway","default_image_id":0,"font":"","enabled":false},"version":2}},"categories":[52],"tags":[],"class_list":["post-7126","post","type-post","status-publish","format-standard","has-post-thumbnail","hentry","category-economie"],"magazineBlocksPostFeaturedMedia":{"thumbnail":"https:\/\/www.lejournalci.org\/wp-content\/uploads\/2025\/06\/1000935583-edited-150x150.jpg","medium":"https:\/\/www.lejournalci.org\/wp-content\/uploads\/2025\/06\/1000935583-edited-300x169.jpg","medium_large":"https:\/\/www.lejournalci.org\/wp-content\/uploads\/2025\/06\/1000935583-edited-768x432.jpg","large":"https:\/\/www.lejournalci.org\/wp-content\/uploads\/2025\/06\/1000935583-edited-1024x576.jpg","1536x1536":"https:\/\/www.lejournalci.org\/wp-content\/uploads\/2025\/06\/1000935583-edited-1536x864.jpg","2048x2048":"https:\/\/www.lejournalci.org\/wp-content\/uploads\/2025\/06\/1000935583-edited.jpg","colormag-highlighted-post":"https:\/\/www.lejournalci.org\/wp-content\/uploads\/2025\/06\/1000935583-edited-392x272.jpg","colormag-featured-post-medium":"https:\/\/www.lejournalci.org\/wp-content\/uploads\/2025\/06\/1000935583-edited-390x205.jpg","colormag-featured-post-small":"https:\/\/www.lejournalci.org\/wp-content\/uploads\/2025\/06\/1000935583-edited-130x90.jpg","colormag-featured-image":"https:\/\/www.lejournalci.org\/wp-content\/uploads\/2025\/06\/1000935583-edited-800x445.jpg","colormag-default-news":"https:\/\/www.lejournalci.org\/wp-content\/uploads\/2025\/06\/1000935583-edited-150x150.jpg","colormag-featured-image-large":"https:\/\/www.lejournalci.org\/wp-content\/uploads\/2025\/06\/1000935583-edited-1400x600.jpg"},"magazineBlocksPostAuthor":{"name":"La R\u00e9daction CI","avatar":"https:\/\/secure.gravatar.com\/avatar\/e63ab2ab378e283740d8889fbe2ec43fdcee7ac714a480d705f61cb1e5675c4c?s=96&d=mm&r=g"},"magazineBlocksPostCommentsNumber":false,"magazineBlocksPostExcerpt":"Gouvernance financi\u00e8re sous-r\u00e9gionale : le Gabon \u00e0 la man\u0153uvre. Le Ministre d \u2019\u00c9tat , en charge de l\u2019\u00c9conomie, des Finances, de la Dette et des Participations, charg\u00e9 de la Lutte contre la Vie Ch\u00e8re, Monsieur Henry-Claude OYIMA, a proc\u00e9d\u00e9 lundi 16 juin 2025 \u00e0 Libreville au lancement officiel des travaux","magazineBlocksPostCategories":["ECONOMIE"],"magazineBlocksPostViewCount":772,"magazineBlocksPostReadTime":2,"magazine_blocks_featured_image_url":{"full":["https:\/\/www.lejournalci.org\/wp-content\/uploads\/2025\/06\/1000935583-edited.jpg",2048,1152,false],"medium":["https:\/\/www.lejournalci.org\/wp-content\/uploads\/2025\/06\/1000935583-edited-300x169.jpg",300,169,true],"thumbnail":["https:\/\/www.lejournalci.org\/wp-content\/uploads\/2025\/06\/1000935583-edited-150x150.jpg",150,150,true]},"magazine_blocks_author":{"display_name":"La R\u00e9daction CI","author_link":"https:\/\/www.lejournalci.org\/index.php\/author\/noebricendongyahoo-fr\/"},"magazine_blocks_comment":0,"magazine_blocks_author_image":"https:\/\/secure.gravatar.com\/avatar\/e63ab2ab378e283740d8889fbe2ec43fdcee7ac714a480d705f61cb1e5675c4c?s=96&d=mm&r=g","magazine_blocks_category":"<a href=\"#\" class=\"category-link category-link-52\">ECONOMIE<\/a>","yoast_head":"<!-- This site is optimized with the Yoast SEO plugin v26.2 - https:\/\/yoast.com\/wordpress\/plugins\/seo\/ -->\n<title>CEMAC: 14e Session du CPC-TP \u00e0 Libreville - Cooperation Internationale<\/title>\n<meta name=\"robots\" content=\"index, follow, max-snippet:-1, max-image-preview:large, max-video-preview:-1\" \/>\n<link rel=\"canonical\" href=\"https:\/\/www.lejournalci.org\/index.php\/2025\/06\/19\/cemac-14e-session-du-cpc-tp-a-libreville\/\" \/>\n<meta property=\"og:locale\" content=\"fr_FR\" \/>\n<meta property=\"og:type\" content=\"article\" \/>\n<meta property=\"og:title\" content=\"CEMAC: 14e Session du CPC-TP \u00e0 Libreville - Cooperation Internationale\" \/>\n<meta property=\"og:description\" content=\"Gouvernance financi\u00e8re sous-r\u00e9gionale : le Gabon \u00e0 la man\u0153uvre. Le Ministre d \u2019\u00c9tat , en charge de l\u2019\u00c9conomie, des Finances, de la Dette et des Participations, charg\u00e9 de la Lutte contre la Vie Ch\u00e8re, Monsieur Henry-Claude OYIMA, a proc\u00e9d\u00e9 lundi 16 juin 2025 \u00e0 Libreville au lancement officiel des travaux\" \/>\n<meta property=\"og:url\" content=\"https:\/\/www.lejournalci.org\/index.php\/2025\/06\/19\/cemac-14e-session-du-cpc-tp-a-libreville\/\" \/>\n<meta property=\"og:site_name\" content=\"Cooperation Internationale\" \/>\n<meta property=\"article:publisher\" content=\"https:\/\/www.facebook.com\/journalCI\/\" \/>\n<meta property=\"article:published_time\" content=\"2025-06-19T23:19:51+00:00\" \/>\n<meta property=\"article:modified_time\" content=\"2025-06-19T23:19:54+00:00\" \/>\n<meta property=\"og:image\" content=\"https:\/\/www.lejournalci.org\/wp-content\/uploads\/2025\/06\/1000935583-edited.jpg\" \/>\n\t<meta property=\"og:image:width\" content=\"2048\" \/>\n\t<meta property=\"og:image:height\" content=\"1152\" \/>\n\t<meta property=\"og:image:type\" content=\"image\/jpeg\" \/>\n<meta name=\"author\" content=\"La R\u00e9daction CI\" \/>\n<meta name=\"twitter:card\" content=\"summary_large_image\" \/>\n<meta name=\"twitter:creator\" content=\"@lejournalc\" \/>\n<meta name=\"twitter:site\" content=\"@lejournalc\" \/>\n<meta name=\"twitter:label1\" content=\"\u00c9crit par\" \/>\n\t<meta name=\"twitter:data1\" content=\"La R\u00e9daction CI\" \/>\n\t<meta name=\"twitter:label2\" content=\"Dur\u00e9e de lecture estim\u00e9e\" \/>\n\t<meta name=\"twitter:data2\" content=\"2 minutes\" \/>\n<script type=\"application\/ld+json\" class=\"yoast-schema-graph\">{\"@context\":\"https:\/\/schema.org\",\"@graph\":[{\"@type\":\"Article\",\"@id\":\"https:\/\/www.lejournalci.org\/index.php\/2025\/06\/19\/cemac-14e-session-du-cpc-tp-a-libreville\/#article\",\"isPartOf\":{\"@id\":\"https:\/\/www.lejournalci.org\/index.php\/2025\/06\/19\/cemac-14e-session-du-cpc-tp-a-libreville\/\"},\"author\":{\"name\":\"La R\u00e9daction CI\",\"@id\":\"https:\/\/www.lejournalci.org\/#\/schema\/person\/2efe42dc5459aaaf6d89cb27e736002b\"},\"headline\":\"CEMAC: 14e Session du CPC-TP \u00e0 Libreville\",\"datePublished\":\"2025-06-19T23:19:51+00:00\",\"dateModified\":\"2025-06-19T23:19:54+00:00\",\"mainEntityOfPage\":{\"@id\":\"https:\/\/www.lejournalci.org\/index.php\/2025\/06\/19\/cemac-14e-session-du-cpc-tp-a-libreville\/\"},\"wordCount\":369,\"publisher\":{\"@id\":\"https:\/\/www.lejournalci.org\/#organization\"},\"image\":{\"@id\":\"https:\/\/www.lejournalci.org\/index.php\/2025\/06\/19\/cemac-14e-session-du-cpc-tp-a-libreville\/#primaryimage\"},\"thumbnailUrl\":\"https:\/\/www.lejournalci.org\/wp-content\/uploads\/2025\/06\/1000935583-edited.jpg\",\"articleSection\":[\"ECONOMIE\"],\"inLanguage\":\"fr-FR\"},{\"@type\":\"WebPage\",\"@id\":\"https:\/\/www.lejournalci.org\/index.php\/2025\/06\/19\/cemac-14e-session-du-cpc-tp-a-libreville\/\",\"url\":\"https:\/\/www.lejournalci.org\/index.php\/2025\/06\/19\/cemac-14e-session-du-cpc-tp-a-libreville\/\",\"name\":\"CEMAC: 14e Session du CPC-TP \u00e0 Libreville - Cooperation Internationale\",\"isPartOf\":{\"@id\":\"https:\/\/www.lejournalci.org\/#website\"},\"primaryImageOfPage\":{\"@id\":\"https:\/\/www.lejournalci.org\/index.php\/2025\/06\/19\/cemac-14e-session-du-cpc-tp-a-libreville\/#primaryimage\"},\"image\":{\"@id\":\"https:\/\/www.lejournalci.org\/index.php\/2025\/06\/19\/cemac-14e-session-du-cpc-tp-a-libreville\/#primaryimage\"},\"thumbnailUrl\":\"https:\/\/www.lejournalci.org\/wp-content\/uploads\/2025\/06\/1000935583-edited.jpg\",\"datePublished\":\"2025-06-19T23:19:51+00:00\",\"dateModified\":\"2025-06-19T23:19:54+00:00\",\"breadcrumb\":{\"@id\":\"https:\/\/www.lejournalci.org\/index.php\/2025\/06\/19\/cemac-14e-session-du-cpc-tp-a-libreville\/#breadcrumb\"},\"inLanguage\":\"fr-FR\",\"potentialAction\":[{\"@type\":\"ReadAction\",\"target\":[\"https:\/\/www.lejournalci.org\/index.php\/2025\/06\/19\/cemac-14e-session-du-cpc-tp-a-libreville\/\"]}]},{\"@type\":\"ImageObject\",\"inLanguage\":\"fr-FR\",\"@id\":\"https:\/\/www.lejournalci.org\/index.php\/2025\/06\/19\/cemac-14e-session-du-cpc-tp-a-libreville\/#primaryimage\",\"url\":\"https:\/\/www.lejournalci.org\/wp-content\/uploads\/2025\/06\/1000935583-edited.jpg\",\"contentUrl\":\"https:\/\/www.lejournalci.org\/wp-content\/uploads\/2025\/06\/1000935583-edited.jpg\",\"width\":2048,\"height\":1152},{\"@type\":\"BreadcrumbList\",\"@id\":\"https:\/\/www.lejournalci.org\/index.php\/2025\/06\/19\/cemac-14e-session-du-cpc-tp-a-libreville\/#breadcrumb\",\"itemListElement\":[{\"@type\":\"ListItem\",\"position\":1,\"name\":\"Accueil\",\"item\":\"https:\/\/www.lejournalci.org\/\"},{\"@type\":\"ListItem\",\"position\":2,\"name\":\"CEMAC: 14e Session du CPC-TP \u00e0 Libreville\"}]},{\"@type\":\"WebSite\",\"@id\":\"https:\/\/www.lejournalci.org\/#website\",\"url\":\"https:\/\/www.lejournalci.org\/\",\"name\":\"Cooperation Internationale\",\"description\":\"Faire de la Coop\u00e9ration un Puissant Instrument de D\u00e9veloppement\",\"publisher\":{\"@id\":\"https:\/\/www.lejournalci.org\/#organization\"},\"potentialAction\":[{\"@type\":\"SearchAction\",\"target\":{\"@type\":\"EntryPoint\",\"urlTemplate\":\"https:\/\/www.lejournalci.org\/?s={search_term_string}\"},\"query-input\":{\"@type\":\"PropertyValueSpecification\",\"valueRequired\":true,\"valueName\":\"search_term_string\"}}],\"inLanguage\":\"fr-FR\"},{\"@type\":\"Organization\",\"@id\":\"https:\/\/www.lejournalci.org\/#organization\",\"name\":\"Cooperation Internationale\",\"url\":\"https:\/\/www.lejournalci.org\/\",\"logo\":{\"@type\":\"ImageObject\",\"inLanguage\":\"fr-FR\",\"@id\":\"https:\/\/www.lejournalci.org\/#\/schema\/logo\/image\/\",\"url\":\"https:\/\/www.lejournalci.org\/wp-content\/uploads\/2024\/12\/logo-coopint_HD_3.jpg\",\"contentUrl\":\"https:\/\/www.lejournalci.org\/wp-content\/uploads\/2024\/12\/logo-coopint_HD_3.jpg\",\"width\":700,\"height\":214,\"caption\":\"Cooperation Internationale\"},\"image\":{\"@id\":\"https:\/\/www.lejournalci.org\/#\/schema\/logo\/image\/\"},\"sameAs\":[\"https:\/\/www.facebook.com\/journalCI\/\",\"https:\/\/x.com\/lejournalc\"]},{\"@type\":\"Person\",\"@id\":\"https:\/\/www.lejournalci.org\/#\/schema\/person\/2efe42dc5459aaaf6d89cb27e736002b\",\"name\":\"La R\u00e9daction CI\",\"image\":{\"@type\":\"ImageObject\",\"inLanguage\":\"fr-FR\",\"@id\":\"https:\/\/www.lejournalci.org\/#\/schema\/person\/image\/\",\"url\":\"https:\/\/secure.gravatar.com\/avatar\/e63ab2ab378e283740d8889fbe2ec43fdcee7ac714a480d705f61cb1e5675c4c?s=96&d=mm&r=g\",\"contentUrl\":\"https:\/\/secure.gravatar.com\/avatar\/e63ab2ab378e283740d8889fbe2ec43fdcee7ac714a480d705f61cb1e5675c4c?s=96&d=mm&r=g\",\"caption\":\"La R\u00e9daction CI\"},\"url\":\"https:\/\/www.lejournalci.org\/index.php\/author\/noebricendongyahoo-fr\/\"}]}<\/script>\n<!-- \/ Yoast SEO plugin. -->","yoast_head_json":{"title":"CEMAC: 14e Session du CPC-TP \u00e0 Libreville - Cooperation Internationale","robots":{"index":"index","follow":"follow","max-snippet":"max-snippet:-1","max-image-preview":"max-image-preview:large","max-video-preview":"max-video-preview:-1"},"canonical":"https:\/\/www.lejournalci.org\/index.php\/2025\/06\/19\/cemac-14e-session-du-cpc-tp-a-libreville\/","og_locale":"fr_FR","og_type":"article","og_title":"CEMAC: 14e Session du CPC-TP \u00e0 Libreville - Cooperation Internationale","og_description":"Gouvernance financi\u00e8re sous-r\u00e9gionale : le Gabon \u00e0 la man\u0153uvre. Le Ministre d \u2019\u00c9tat , en charge de l\u2019\u00c9conomie, des Finances, de la Dette et des Participations, charg\u00e9 de la Lutte contre la Vie Ch\u00e8re, Monsieur Henry-Claude OYIMA, a proc\u00e9d\u00e9 lundi 16 juin 2025 \u00e0 Libreville au lancement officiel des travaux","og_url":"https:\/\/www.lejournalci.org\/index.php\/2025\/06\/19\/cemac-14e-session-du-cpc-tp-a-libreville\/","og_site_name":"Cooperation Internationale","article_publisher":"https:\/\/www.facebook.com\/journalCI\/","article_published_time":"2025-06-19T23:19:51+00:00","article_modified_time":"2025-06-19T23:19:54+00:00","og_image":[{"width":2048,"height":1152,"url":"https:\/\/www.lejournalci.org\/wp-content\/uploads\/2025\/06\/1000935583-edited.jpg","type":"image\/jpeg"}],"author":"La R\u00e9daction CI","twitter_card":"summary_large_image","twitter_creator":"@lejournalc","twitter_site":"@lejournalc","twitter_misc":{"\u00c9crit par":"La R\u00e9daction CI","Dur\u00e9e de lecture estim\u00e9e":"2 minutes"},"schema":{"@context":"https:\/\/schema.org","@graph":[{"@type":"Article","@id":"https:\/\/www.lejournalci.org\/index.php\/2025\/06\/19\/cemac-14e-session-du-cpc-tp-a-libreville\/#article","isPartOf":{"@id":"https:\/\/www.lejournalci.org\/index.php\/2025\/06\/19\/cemac-14e-session-du-cpc-tp-a-libreville\/"},"author":{"name":"La R\u00e9daction CI","@id":"https:\/\/www.lejournalci.org\/#\/schema\/person\/2efe42dc5459aaaf6d89cb27e736002b"},"headline":"CEMAC: 14e Session du CPC-TP \u00e0 Libreville","datePublished":"2025-06-19T23:19:51+00:00","dateModified":"2025-06-19T23:19:54+00:00","mainEntityOfPage":{"@id":"https:\/\/www.lejournalci.org\/index.php\/2025\/06\/19\/cemac-14e-session-du-cpc-tp-a-libreville\/"},"wordCount":369,"publisher":{"@id":"https:\/\/www.lejournalci.org\/#organization"},"image":{"@id":"https:\/\/www.lejournalci.org\/index.php\/2025\/06\/19\/cemac-14e-session-du-cpc-tp-a-libreville\/#primaryimage"},"thumbnailUrl":"https:\/\/www.lejournalci.org\/wp-content\/uploads\/2025\/06\/1000935583-edited.jpg","articleSection":["ECONOMIE"],"inLanguage":"fr-FR"},{"@type":"WebPage","@id":"https:\/\/www.lejournalci.org\/index.php\/2025\/06\/19\/cemac-14e-session-du-cpc-tp-a-libreville\/","url":"https:\/\/www.lejournalci.org\/index.php\/2025\/06\/19\/cemac-14e-session-du-cpc-tp-a-libreville\/","name":"CEMAC: 14e Session du CPC-TP \u00e0 Libreville - Cooperation Internationale","isPartOf":{"@id":"https:\/\/www.lejournalci.org\/#website"},"primaryImageOfPage":{"@id":"https:\/\/www.lejournalci.org\/index.php\/2025\/06\/19\/cemac-14e-session-du-cpc-tp-a-libreville\/#primaryimage"},"image":{"@id":"https:\/\/www.lejournalci.org\/index.php\/2025\/06\/19\/cemac-14e-session-du-cpc-tp-a-libreville\/#primaryimage"},"thumbnailUrl":"https:\/\/www.lejournalci.org\/wp-content\/uploads\/2025\/06\/1000935583-edited.jpg","datePublished":"2025-06-19T23:19:51+00:00","dateModified":"2025-06-19T23:19:54+00:00","breadcrumb":{"@id":"https:\/\/www.lejournalci.org\/index.php\/2025\/06\/19\/cemac-14e-session-du-cpc-tp-a-libreville\/#breadcrumb"},"inLanguage":"fr-FR","potentialAction":[{"@type":"ReadAction","target":["https:\/\/www.lejournalci.org\/index.php\/2025\/06\/19\/cemac-14e-session-du-cpc-tp-a-libreville\/"]}]},{"@type":"ImageObject","inLanguage":"fr-FR","@id":"https:\/\/www.lejournalci.org\/index.php\/2025\/06\/19\/cemac-14e-session-du-cpc-tp-a-libreville\/#primaryimage","url":"https:\/\/www.lejournalci.org\/wp-content\/uploads\/2025\/06\/1000935583-edited.jpg","contentUrl":"https:\/\/www.lejournalci.org\/wp-content\/uploads\/2025\/06\/1000935583-edited.jpg","width":2048,"height":1152},{"@type":"BreadcrumbList","@id":"https:\/\/www.lejournalci.org\/index.php\/2025\/06\/19\/cemac-14e-session-du-cpc-tp-a-libreville\/#breadcrumb","itemListElement":[{"@type":"ListItem","position":1,"name":"Accueil","item":"https:\/\/www.lejournalci.org\/"},{"@type":"ListItem","position":2,"name":"CEMAC: 14e Session du CPC-TP \u00e0 Libreville"}]},{"@type":"WebSite","@id":"https:\/\/www.lejournalci.org\/#website","url":"https:\/\/www.lejournalci.org\/","name":"Cooperation Internationale","description":"Faire de la Coop\u00e9ration un Puissant Instrument de D\u00e9veloppement","publisher":{"@id":"https:\/\/www.lejournalci.org\/#organization"},"potentialAction":[{"@type":"SearchAction","target":{"@type":"EntryPoint","urlTemplate":"https:\/\/www.lejournalci.org\/?s={search_term_string}"},"query-input":{"@type":"PropertyValueSpecification","valueRequired":true,"valueName":"search_term_string"}}],"inLanguage":"fr-FR"},{"@type":"Organization","@id":"https:\/\/www.lejournalci.org\/#organization","name":"Cooperation Internationale","url":"https:\/\/www.lejournalci.org\/","logo":{"@type":"ImageObject","inLanguage":"fr-FR","@id":"https:\/\/www.lejournalci.org\/#\/schema\/logo\/image\/","url":"https:\/\/www.lejournalci.org\/wp-content\/uploads\/2024\/12\/logo-coopint_HD_3.jpg","contentUrl":"https:\/\/www.lejournalci.org\/wp-content\/uploads\/2024\/12\/logo-coopint_HD_3.jpg","width":700,"height":214,"caption":"Cooperation Internationale"},"image":{"@id":"https:\/\/www.lejournalci.org\/#\/schema\/logo\/image\/"},"sameAs":["https:\/\/www.facebook.com\/journalCI\/","https:\/\/x.com\/lejournalc"]},{"@type":"Person","@id":"https:\/\/www.lejournalci.org\/#\/schema\/person\/2efe42dc5459aaaf6d89cb27e736002b","name":"La R\u00e9daction CI","image":{"@type":"ImageObject","inLanguage":"fr-FR","@id":"https:\/\/www.lejournalci.org\/#\/schema\/person\/image\/","url":"https:\/\/secure.gravatar.com\/avatar\/e63ab2ab378e283740d8889fbe2ec43fdcee7ac714a480d705f61cb1e5675c4c?s=96&d=mm&r=g","contentUrl":"https:\/\/secure.gravatar.com\/avatar\/e63ab2ab378e283740d8889fbe2ec43fdcee7ac714a480d705f61cb1e5675c4c?s=96&d=mm&r=g","caption":"La R\u00e9daction CI"},"url":"https:\/\/www.lejournalci.org\/index.php\/author\/noebricendongyahoo-fr\/"}]}},"jetpack_publicize_connections":[],"jetpack_featured_media_url":"https:\/\/www.lejournalci.org\/wp-content\/uploads\/2025\/06\/1000935583-edited.jpg","jetpack_sharing_enabled":true,"_links":{"self":[{"href":"https:\/\/www.lejournalci.org\/index.php\/wp-json\/wp\/v2\/posts\/7126","targetHints":{"allow":["GET"]}}],"collection":[{"href":"https:\/\/www.lejournalci.org\/index.php\/wp-json\/wp\/v2\/posts"}],"about":[{"href":"https:\/\/www.lejournalci.org\/index.php\/wp-json\/wp\/v2\/types\/post"}],"author":[{"embeddable":true,"href":"https:\/\/www.lejournalci.org\/index.php\/wp-json\/wp\/v2\/users\/3"}],"replies":[{"embeddable":true,"href":"https:\/\/www.lejournalci.org\/index.php\/wp-json\/wp\/v2\/comments?post=7126"}],"version-history":[{"count":1,"href":"https:\/\/www.lejournalci.org\/index.php\/wp-json\/wp\/v2\/posts\/7126\/revisions"}],"predecessor-version":[{"id":7129,"href":"https:\/\/www.lejournalci.org\/index.php\/wp-json\/wp\/v2\/posts\/7126\/revisions\/7129"}],"wp:featuredmedia":[{"embeddable":true,"href":"https:\/\/www.lejournalci.org\/index.php\/wp-json\/wp\/v2\/media\/7128"}],"wp:attachment":[{"href":"https:\/\/www.lejournalci.org\/index.php\/wp-json\/wp\/v2\/media?parent=7126"}],"wp:term":[{"taxonomy":"category","embeddable":true,"href":"https:\/\/www.lejournalci.org\/index.php\/wp-json\/wp\/v2\/categories?post=7126"},{"taxonomy":"post_tag","embeddable":true,"href":"https:\/\/www.lejournalci.org\/index.php\/wp-json\/wp\/v2\/tags?post=7126"}],"curies":[{"name":"wp","href":"https:\/\/api.w.org\/{rel}","templated":true}]}}