{"id":6564,"date":"2025-05-19T09:51:38","date_gmt":"2025-05-19T09:51:38","guid":{"rendered":"https:\/\/www.lejournalci.org\/?p=6564"},"modified":"2025-05-19T09:51:39","modified_gmt":"2025-05-19T09:51:39","slug":"uemoa-le-mali-et-le-senegal-encaissent-77-milliards-fcfa-sur-le-marche-regional-de-la-dette-publique","status":"publish","type":"post","link":"https:\/\/www.lejournalci.org\/index.php\/2025\/05\/19\/uemoa-le-mali-et-le-senegal-encaissent-77-milliards-fcfa-sur-le-marche-regional-de-la-dette-publique\/","title":{"rendered":"UEMOA : le Mali et le S\u00e9n\u00e9gal encaissent 77 milliards FCFA sur le march\u00e9 r\u00e9gional de la dette publique"},"content":{"rendered":"\n<p>Au cours de la semaine du 13 au 16 mai 2025, le march\u00e9 r\u00e9gional de la dette publique de l\u2019Union \u00e9conomique et mon\u00e9taire Ouest-africaine (UEMOA) a \u00e9t\u00e9 moins anim\u00e9 que la semaine ant\u00e9rieure, enregistrant la sortie de deux Etats membres.<\/p>\n\n\n\n<p>Le Mali et le S\u00e9n\u00e9gal qui sollicitaient au total 70 milliards FCFA, ont encaiss\u00e9 \u00e0 eux deux 77 milliards FCFA, face \u00e0 une proposition de 101,38 milliards FCFA des investisseurs qui se sont fortement mobilis\u00e9s sur les titres maliens et s\u00e9n\u00e9galais.<\/p>\n\n\n\n<p>Le taux de couverture de couverture est ressorti \u00e0 144,83%, tandis que le taux d\u2019absorption s\u2019\u00e9l\u00e8ve \u00e0 75,95%, illustrant la s\u00e9lectivit\u00e9 des offres pour ma\u00eetriser le co\u00fbt de l\u2019endettement. Les Bons du Tr\u00e9sor (BAT), \u00e0 savoir les instruments \u00e0 court terme, ont \u00e9t\u00e9 les plus sollicit\u00e9s par les souscripteurs, t\u00e9moignant de la pr\u00e9f\u00e9rence pour cet instrument.<\/p>\n\n\n\n<p>Mali : le Mali s\u00e9duit gr\u00e2ce \u00e0 un rendement attractif de 9%<\/p>\n\n\n\n<p>Le Mali a lev\u00e9 33 milliards FCFA le 14 mai 2025 sur le march\u00e9 r\u00e9gional de l\u2019UEMOA, gr\u00e2ce \u00e0 une forte demande pour ses bons du Tr\u00e9sor \u00e0 un an (BAT), au d\u00e9triment des obligations \u00e0 plus long terme. Sur les trois instruments propos\u00e9s (BAT \u00e0 364 jours, OAT \u00e0 3 et 5 ans), seuls les BAT ont s\u00e9duit, attirant 28 milliards FCFA. L\u2019OAT \u00e0 cinq ans n\u2019a re\u00e7u aucune offre.<\/p>\n\n\n\n<p>Cette pr\u00e9f\u00e9rence pour le court terme refl\u00e8te la prudence des investisseurs face au contexte \u00e9conomique et politique du pays. Le BAT offrait un rendement moyen de 9,47 %, sup\u00e9rieur \u00e0 celui de l\u2019OAT \u00e0 3 ans (9,31 %).<\/p>\n\n\n\n<p>L\u2019op\u00e9ration a mobilis\u00e9 17 investisseurs, avec 39,4 milliards FCFA de soumissions, pour un taux de couverture de 131,49 % sur un objectif initial de 30 milliards. Les principaux souscripteurs sont maliens, suivis de ceux du B\u00e9nin, Burkina Faso, S\u00e9n\u00e9gal et C\u00f4te d\u2019Ivoire.<\/p>\n\n\n\n<p>S\u00e9n\u00e9gal: Une \u00e9mission domin\u00e9e par les investisseurs ivoiriens<\/p>\n\n\n\n<p>La C\u00f4te d\u2019Ivoire a repr\u00e9sent\u00e9 81 % des souscriptions retenues lors de l\u2019\u00e9mission simultan\u00e9e de BAT et OAT du S\u00e9n\u00e9gal le 16 mai 2025 sur le march\u00e9 r\u00e9gional de l\u2019UEMOA. Le Tr\u00e9sor s\u00e9n\u00e9galais a mobilis\u00e9 44 milliards FCFA, d\u00e9passant son objectif initial de 40 milliards, gr\u00e2ce \u00e0 une forte demande (62,93 milliards FCFA), soit un taux de couverture de 157,34 %.<\/p>\n\n\n\n<p>Le BAT \u00e0 364 jours a concentr\u00e9 l\u2019essentiel des lev\u00e9es (34,25 milliards FCFA), tandis que les OAT \u00e0 3 ans (8,99 milliards) et \u00e0 5 ans (760 millions) ont suscit\u00e9 un int\u00e9r\u00eat plus limit\u00e9. Les rendements s\u2019\u00e9tablissent \u00e0 7,22 % pour le BAT, 7,95 % pour l\u2019OAT \u00e0 3 ans et 7,58 % pour celle \u00e0 5 ans.<\/p>\n\n\n\n<p>Les investisseurs ivoiriens ont propos\u00e9 50,91 milliards FCFA, devant ceux du B\u00e9nin (7,42 milliards), du Mali (3 milliards) et du S\u00e9n\u00e9gal (1,6 milliard). Au final, 34,41 milliards FCFA d\u2019offres ivoiriennes ont \u00e9t\u00e9 retenues.<\/p>\n\n\n\n<p><strong><em>Source: UEMOA Titres <\/em><\/strong><\/p>\n","protected":false},"excerpt":{"rendered":"<p>Au cours de la semaine du 13 au 16 mai 2025, le march\u00e9 r\u00e9gional de la dette publique de l\u2019Union \u00e9conomique et mon\u00e9taire Ouest-africaine (UEMOA) a \u00e9t\u00e9 moins anim\u00e9 que la semaine ant\u00e9rieure, enregistrant la sortie de deux Etats membres. Le Mali et le S\u00e9n\u00e9gal qui sollicitaient au total 70<\/p>\n","protected":false},"author":3,"featured_media":6566,"comment_status":"closed","ping_status":"open","sticky":false,"template":"","format":"standard","meta":{"colormag_page_container_layout":"default_layout","colormag_page_sidebar_layout":"default_layout","_jetpack_memberships_contains_paid_content":false,"footnotes":"","jetpack_publicize_message":"","jetpack_publicize_feature_enabled":true,"jetpack_social_post_already_shared":true,"jetpack_social_options":{"image_generator_settings":{"template":"highway","default_image_id":0,"font":"","enabled":false},"version":2}},"categories":[52],"tags":[],"class_list":["post-6564","post","type-post","status-publish","format-standard","has-post-thumbnail","hentry","category-economie"],"magazineBlocksPostFeaturedMedia":{"thumbnail":"https:\/\/www.lejournalci.org\/wp-content\/uploads\/2025\/05\/1000844016-edited-150x150.jpg","medium":"https:\/\/www.lejournalci.org\/wp-content\/uploads\/2025\/05\/1000844016-edited-300x169.jpg","medium_large":"https:\/\/www.lejournalci.org\/wp-content\/uploads\/2025\/05\/1000844016-edited-768x432.jpg","large":"https:\/\/www.lejournalci.org\/wp-content\/uploads\/2025\/05\/1000844016-edited.jpg","1536x1536":"https:\/\/www.lejournalci.org\/wp-content\/uploads\/2025\/05\/1000844016-edited.jpg","2048x2048":"https:\/\/www.lejournalci.org\/wp-content\/uploads\/2025\/05\/1000844016-edited.jpg","colormag-highlighted-post":"https:\/\/www.lejournalci.org\/wp-content\/uploads\/2025\/05\/1000844016-edited-392x272.jpg","colormag-featured-post-medium":"https:\/\/www.lejournalci.org\/wp-content\/uploads\/2025\/05\/1000844016-edited-390x205.jpg","colormag-featured-post-small":"https:\/\/www.lejournalci.org\/wp-content\/uploads\/2025\/05\/1000844016-edited-130x90.jpg","colormag-featured-image":"https:\/\/www.lejournalci.org\/wp-content\/uploads\/2025\/05\/1000844016-edited-800x445.jpg","colormag-default-news":"https:\/\/www.lejournalci.org\/wp-content\/uploads\/2025\/05\/1000844016-edited-150x150.jpg","colormag-featured-image-large":"https:\/\/www.lejournalci.org\/wp-content\/uploads\/2025\/05\/1000844016-edited.jpg"},"magazineBlocksPostAuthor":{"name":"La R\u00e9daction CI","avatar":"https:\/\/secure.gravatar.com\/avatar\/e63ab2ab378e283740d8889fbe2ec43fdcee7ac714a480d705f61cb1e5675c4c?s=96&d=mm&r=g"},"magazineBlocksPostCommentsNumber":false,"magazineBlocksPostExcerpt":"Au cours de la semaine du 13 au 16 mai 2025, le march\u00e9 r\u00e9gional de la dette publique de l\u2019Union \u00e9conomique et mon\u00e9taire Ouest-africaine (UEMOA) a \u00e9t\u00e9 moins anim\u00e9 que la semaine ant\u00e9rieure, enregistrant la sortie de deux Etats membres. Le Mali et le S\u00e9n\u00e9gal qui sollicitaient au total 70","magazineBlocksPostCategories":["ECONOMIE"],"magazineBlocksPostViewCount":793,"magazineBlocksPostReadTime":3,"magazine_blocks_featured_image_url":{"full":["https:\/\/www.lejournalci.org\/wp-content\/uploads\/2025\/05\/1000844016-edited.jpg",991,557,false],"medium":["https:\/\/www.lejournalci.org\/wp-content\/uploads\/2025\/05\/1000844016-edited-300x169.jpg",300,169,true],"thumbnail":["https:\/\/www.lejournalci.org\/wp-content\/uploads\/2025\/05\/1000844016-edited-150x150.jpg",150,150,true]},"magazine_blocks_author":{"display_name":"La R\u00e9daction CI","author_link":"https:\/\/www.lejournalci.org\/index.php\/author\/noebricendongyahoo-fr\/"},"magazine_blocks_comment":0,"magazine_blocks_author_image":"https:\/\/secure.gravatar.com\/avatar\/e63ab2ab378e283740d8889fbe2ec43fdcee7ac714a480d705f61cb1e5675c4c?s=96&d=mm&r=g","magazine_blocks_category":"<a href=\"#\" class=\"category-link category-link-52\">ECONOMIE<\/a>","yoast_head":"<!-- This site is optimized with the Yoast SEO plugin v26.2 - https:\/\/yoast.com\/wordpress\/plugins\/seo\/ -->\n<title>UEMOA : le Mali et le S\u00e9n\u00e9gal encaissent 77 milliards FCFA sur le march\u00e9 r\u00e9gional de la dette publique - Cooperation Internationale<\/title>\n<meta name=\"robots\" content=\"index, follow, max-snippet:-1, max-image-preview:large, max-video-preview:-1\" \/>\n<link rel=\"canonical\" href=\"https:\/\/www.lejournalci.org\/index.php\/2025\/05\/19\/uemoa-le-mali-et-le-senegal-encaissent-77-milliards-fcfa-sur-le-marche-regional-de-la-dette-publique\/\" \/>\n<meta property=\"og:locale\" content=\"fr_FR\" \/>\n<meta property=\"og:type\" content=\"article\" \/>\n<meta property=\"og:title\" content=\"UEMOA : le Mali et le S\u00e9n\u00e9gal encaissent 77 milliards FCFA sur le march\u00e9 r\u00e9gional de la dette publique - Cooperation Internationale\" \/>\n<meta property=\"og:description\" content=\"Au cours de la semaine du 13 au 16 mai 2025, le march\u00e9 r\u00e9gional de la dette publique de l\u2019Union \u00e9conomique et mon\u00e9taire Ouest-africaine (UEMOA) a \u00e9t\u00e9 moins anim\u00e9 que la semaine ant\u00e9rieure, enregistrant la sortie de deux Etats membres. Le Mali et le S\u00e9n\u00e9gal qui sollicitaient au total 70\" \/>\n<meta property=\"og:url\" content=\"https:\/\/www.lejournalci.org\/index.php\/2025\/05\/19\/uemoa-le-mali-et-le-senegal-encaissent-77-milliards-fcfa-sur-le-marche-regional-de-la-dette-publique\/\" \/>\n<meta property=\"og:site_name\" content=\"Cooperation Internationale\" \/>\n<meta property=\"article:publisher\" content=\"https:\/\/www.facebook.com\/journalCI\/\" \/>\n<meta property=\"article:published_time\" content=\"2025-05-19T09:51:38+00:00\" \/>\n<meta property=\"article:modified_time\" content=\"2025-05-19T09:51:39+00:00\" \/>\n<meta property=\"og:image\" content=\"https:\/\/www.lejournalci.org\/wp-content\/uploads\/2025\/05\/1000844016-edited.jpg\" \/>\n\t<meta property=\"og:image:width\" content=\"991\" \/>\n\t<meta property=\"og:image:height\" content=\"557\" \/>\n\t<meta property=\"og:image:type\" content=\"image\/jpeg\" \/>\n<meta name=\"author\" content=\"La R\u00e9daction CI\" \/>\n<meta name=\"twitter:card\" content=\"summary_large_image\" \/>\n<meta name=\"twitter:creator\" content=\"@lejournalc\" \/>\n<meta name=\"twitter:site\" content=\"@lejournalc\" \/>\n<meta name=\"twitter:label1\" content=\"\u00c9crit par\" \/>\n\t<meta name=\"twitter:data1\" content=\"La R\u00e9daction CI\" \/>\n\t<meta name=\"twitter:label2\" content=\"Dur\u00e9e de lecture estim\u00e9e\" \/>\n\t<meta name=\"twitter:data2\" content=\"3 minutes\" \/>\n<script type=\"application\/ld+json\" class=\"yoast-schema-graph\">{\"@context\":\"https:\/\/schema.org\",\"@graph\":[{\"@type\":\"Article\",\"@id\":\"https:\/\/www.lejournalci.org\/index.php\/2025\/05\/19\/uemoa-le-mali-et-le-senegal-encaissent-77-milliards-fcfa-sur-le-marche-regional-de-la-dette-publique\/#article\",\"isPartOf\":{\"@id\":\"https:\/\/www.lejournalci.org\/index.php\/2025\/05\/19\/uemoa-le-mali-et-le-senegal-encaissent-77-milliards-fcfa-sur-le-marche-regional-de-la-dette-publique\/\"},\"author\":{\"name\":\"La R\u00e9daction CI\",\"@id\":\"https:\/\/www.lejournalci.org\/#\/schema\/person\/2efe42dc5459aaaf6d89cb27e736002b\"},\"headline\":\"UEMOA : le Mali et le S\u00e9n\u00e9gal encaissent 77 milliards FCFA sur le march\u00e9 r\u00e9gional de la dette publique\",\"datePublished\":\"2025-05-19T09:51:38+00:00\",\"dateModified\":\"2025-05-19T09:51:39+00:00\",\"mainEntityOfPage\":{\"@id\":\"https:\/\/www.lejournalci.org\/index.php\/2025\/05\/19\/uemoa-le-mali-et-le-senegal-encaissent-77-milliards-fcfa-sur-le-marche-regional-de-la-dette-publique\/\"},\"wordCount\":478,\"publisher\":{\"@id\":\"https:\/\/www.lejournalci.org\/#organization\"},\"image\":{\"@id\":\"https:\/\/www.lejournalci.org\/index.php\/2025\/05\/19\/uemoa-le-mali-et-le-senegal-encaissent-77-milliards-fcfa-sur-le-marche-regional-de-la-dette-publique\/#primaryimage\"},\"thumbnailUrl\":\"https:\/\/www.lejournalci.org\/wp-content\/uploads\/2025\/05\/1000844016-edited.jpg\",\"articleSection\":[\"ECONOMIE\"],\"inLanguage\":\"fr-FR\"},{\"@type\":\"WebPage\",\"@id\":\"https:\/\/www.lejournalci.org\/index.php\/2025\/05\/19\/uemoa-le-mali-et-le-senegal-encaissent-77-milliards-fcfa-sur-le-marche-regional-de-la-dette-publique\/\",\"url\":\"https:\/\/www.lejournalci.org\/index.php\/2025\/05\/19\/uemoa-le-mali-et-le-senegal-encaissent-77-milliards-fcfa-sur-le-marche-regional-de-la-dette-publique\/\",\"name\":\"UEMOA : le Mali et le S\u00e9n\u00e9gal encaissent 77 milliards FCFA sur le march\u00e9 r\u00e9gional de la dette publique - Cooperation Internationale\",\"isPartOf\":{\"@id\":\"https:\/\/www.lejournalci.org\/#website\"},\"primaryImageOfPage\":{\"@id\":\"https:\/\/www.lejournalci.org\/index.php\/2025\/05\/19\/uemoa-le-mali-et-le-senegal-encaissent-77-milliards-fcfa-sur-le-marche-regional-de-la-dette-publique\/#primaryimage\"},\"image\":{\"@id\":\"https:\/\/www.lejournalci.org\/index.php\/2025\/05\/19\/uemoa-le-mali-et-le-senegal-encaissent-77-milliards-fcfa-sur-le-marche-regional-de-la-dette-publique\/#primaryimage\"},\"thumbnailUrl\":\"https:\/\/www.lejournalci.org\/wp-content\/uploads\/2025\/05\/1000844016-edited.jpg\",\"datePublished\":\"2025-05-19T09:51:38+00:00\",\"dateModified\":\"2025-05-19T09:51:39+00:00\",\"breadcrumb\":{\"@id\":\"https:\/\/www.lejournalci.org\/index.php\/2025\/05\/19\/uemoa-le-mali-et-le-senegal-encaissent-77-milliards-fcfa-sur-le-marche-regional-de-la-dette-publique\/#breadcrumb\"},\"inLanguage\":\"fr-FR\",\"potentialAction\":[{\"@type\":\"ReadAction\",\"target\":[\"https:\/\/www.lejournalci.org\/index.php\/2025\/05\/19\/uemoa-le-mali-et-le-senegal-encaissent-77-milliards-fcfa-sur-le-marche-regional-de-la-dette-publique\/\"]}]},{\"@type\":\"ImageObject\",\"inLanguage\":\"fr-FR\",\"@id\":\"https:\/\/www.lejournalci.org\/index.php\/2025\/05\/19\/uemoa-le-mali-et-le-senegal-encaissent-77-milliards-fcfa-sur-le-marche-regional-de-la-dette-publique\/#primaryimage\",\"url\":\"https:\/\/www.lejournalci.org\/wp-content\/uploads\/2025\/05\/1000844016-edited.jpg\",\"contentUrl\":\"https:\/\/www.lejournalci.org\/wp-content\/uploads\/2025\/05\/1000844016-edited.jpg\",\"width\":991,\"height\":557},{\"@type\":\"BreadcrumbList\",\"@id\":\"https:\/\/www.lejournalci.org\/index.php\/2025\/05\/19\/uemoa-le-mali-et-le-senegal-encaissent-77-milliards-fcfa-sur-le-marche-regional-de-la-dette-publique\/#breadcrumb\",\"itemListElement\":[{\"@type\":\"ListItem\",\"position\":1,\"name\":\"Accueil\",\"item\":\"https:\/\/www.lejournalci.org\/\"},{\"@type\":\"ListItem\",\"position\":2,\"name\":\"UEMOA : le Mali et le S\u00e9n\u00e9gal encaissent 77 milliards FCFA sur le march\u00e9 r\u00e9gional de la dette publique\"}]},{\"@type\":\"WebSite\",\"@id\":\"https:\/\/www.lejournalci.org\/#website\",\"url\":\"https:\/\/www.lejournalci.org\/\",\"name\":\"Cooperation Internationale\",\"description\":\"Faire de la Coop\u00e9ration un Puissant Instrument de D\u00e9veloppement\",\"publisher\":{\"@id\":\"https:\/\/www.lejournalci.org\/#organization\"},\"potentialAction\":[{\"@type\":\"SearchAction\",\"target\":{\"@type\":\"EntryPoint\",\"urlTemplate\":\"https:\/\/www.lejournalci.org\/?s={search_term_string}\"},\"query-input\":{\"@type\":\"PropertyValueSpecification\",\"valueRequired\":true,\"valueName\":\"search_term_string\"}}],\"inLanguage\":\"fr-FR\"},{\"@type\":\"Organization\",\"@id\":\"https:\/\/www.lejournalci.org\/#organization\",\"name\":\"Cooperation Internationale\",\"url\":\"https:\/\/www.lejournalci.org\/\",\"logo\":{\"@type\":\"ImageObject\",\"inLanguage\":\"fr-FR\",\"@id\":\"https:\/\/www.lejournalci.org\/#\/schema\/logo\/image\/\",\"url\":\"https:\/\/www.lejournalci.org\/wp-content\/uploads\/2024\/12\/logo-coopint_HD_3.jpg\",\"contentUrl\":\"https:\/\/www.lejournalci.org\/wp-content\/uploads\/2024\/12\/logo-coopint_HD_3.jpg\",\"width\":700,\"height\":214,\"caption\":\"Cooperation Internationale\"},\"image\":{\"@id\":\"https:\/\/www.lejournalci.org\/#\/schema\/logo\/image\/\"},\"sameAs\":[\"https:\/\/www.facebook.com\/journalCI\/\",\"https:\/\/x.com\/lejournalc\"]},{\"@type\":\"Person\",\"@id\":\"https:\/\/www.lejournalci.org\/#\/schema\/person\/2efe42dc5459aaaf6d89cb27e736002b\",\"name\":\"La R\u00e9daction CI\",\"image\":{\"@type\":\"ImageObject\",\"inLanguage\":\"fr-FR\",\"@id\":\"https:\/\/www.lejournalci.org\/#\/schema\/person\/image\/\",\"url\":\"https:\/\/secure.gravatar.com\/avatar\/e63ab2ab378e283740d8889fbe2ec43fdcee7ac714a480d705f61cb1e5675c4c?s=96&d=mm&r=g\",\"contentUrl\":\"https:\/\/secure.gravatar.com\/avatar\/e63ab2ab378e283740d8889fbe2ec43fdcee7ac714a480d705f61cb1e5675c4c?s=96&d=mm&r=g\",\"caption\":\"La R\u00e9daction CI\"},\"url\":\"https:\/\/www.lejournalci.org\/index.php\/author\/noebricendongyahoo-fr\/\"}]}<\/script>\n<!-- \/ Yoast SEO plugin. -->","yoast_head_json":{"title":"UEMOA : le Mali et le S\u00e9n\u00e9gal encaissent 77 milliards FCFA sur le march\u00e9 r\u00e9gional de la dette publique - Cooperation Internationale","robots":{"index":"index","follow":"follow","max-snippet":"max-snippet:-1","max-image-preview":"max-image-preview:large","max-video-preview":"max-video-preview:-1"},"canonical":"https:\/\/www.lejournalci.org\/index.php\/2025\/05\/19\/uemoa-le-mali-et-le-senegal-encaissent-77-milliards-fcfa-sur-le-marche-regional-de-la-dette-publique\/","og_locale":"fr_FR","og_type":"article","og_title":"UEMOA : le Mali et le S\u00e9n\u00e9gal encaissent 77 milliards FCFA sur le march\u00e9 r\u00e9gional de la dette publique - Cooperation Internationale","og_description":"Au cours de la semaine du 13 au 16 mai 2025, le march\u00e9 r\u00e9gional de la dette publique de l\u2019Union \u00e9conomique et mon\u00e9taire Ouest-africaine (UEMOA) a \u00e9t\u00e9 moins anim\u00e9 que la semaine ant\u00e9rieure, enregistrant la sortie de deux Etats membres. Le Mali et le S\u00e9n\u00e9gal qui sollicitaient au total 70","og_url":"https:\/\/www.lejournalci.org\/index.php\/2025\/05\/19\/uemoa-le-mali-et-le-senegal-encaissent-77-milliards-fcfa-sur-le-marche-regional-de-la-dette-publique\/","og_site_name":"Cooperation Internationale","article_publisher":"https:\/\/www.facebook.com\/journalCI\/","article_published_time":"2025-05-19T09:51:38+00:00","article_modified_time":"2025-05-19T09:51:39+00:00","og_image":[{"width":991,"height":557,"url":"https:\/\/www.lejournalci.org\/wp-content\/uploads\/2025\/05\/1000844016-edited.jpg","type":"image\/jpeg"}],"author":"La R\u00e9daction CI","twitter_card":"summary_large_image","twitter_creator":"@lejournalc","twitter_site":"@lejournalc","twitter_misc":{"\u00c9crit par":"La R\u00e9daction CI","Dur\u00e9e de lecture estim\u00e9e":"3 minutes"},"schema":{"@context":"https:\/\/schema.org","@graph":[{"@type":"Article","@id":"https:\/\/www.lejournalci.org\/index.php\/2025\/05\/19\/uemoa-le-mali-et-le-senegal-encaissent-77-milliards-fcfa-sur-le-marche-regional-de-la-dette-publique\/#article","isPartOf":{"@id":"https:\/\/www.lejournalci.org\/index.php\/2025\/05\/19\/uemoa-le-mali-et-le-senegal-encaissent-77-milliards-fcfa-sur-le-marche-regional-de-la-dette-publique\/"},"author":{"name":"La R\u00e9daction CI","@id":"https:\/\/www.lejournalci.org\/#\/schema\/person\/2efe42dc5459aaaf6d89cb27e736002b"},"headline":"UEMOA : le Mali et le S\u00e9n\u00e9gal encaissent 77 milliards FCFA sur le march\u00e9 r\u00e9gional de la dette publique","datePublished":"2025-05-19T09:51:38+00:00","dateModified":"2025-05-19T09:51:39+00:00","mainEntityOfPage":{"@id":"https:\/\/www.lejournalci.org\/index.php\/2025\/05\/19\/uemoa-le-mali-et-le-senegal-encaissent-77-milliards-fcfa-sur-le-marche-regional-de-la-dette-publique\/"},"wordCount":478,"publisher":{"@id":"https:\/\/www.lejournalci.org\/#organization"},"image":{"@id":"https:\/\/www.lejournalci.org\/index.php\/2025\/05\/19\/uemoa-le-mali-et-le-senegal-encaissent-77-milliards-fcfa-sur-le-marche-regional-de-la-dette-publique\/#primaryimage"},"thumbnailUrl":"https:\/\/www.lejournalci.org\/wp-content\/uploads\/2025\/05\/1000844016-edited.jpg","articleSection":["ECONOMIE"],"inLanguage":"fr-FR"},{"@type":"WebPage","@id":"https:\/\/www.lejournalci.org\/index.php\/2025\/05\/19\/uemoa-le-mali-et-le-senegal-encaissent-77-milliards-fcfa-sur-le-marche-regional-de-la-dette-publique\/","url":"https:\/\/www.lejournalci.org\/index.php\/2025\/05\/19\/uemoa-le-mali-et-le-senegal-encaissent-77-milliards-fcfa-sur-le-marche-regional-de-la-dette-publique\/","name":"UEMOA : le Mali et le S\u00e9n\u00e9gal encaissent 77 milliards FCFA sur le march\u00e9 r\u00e9gional de la dette publique - Cooperation Internationale","isPartOf":{"@id":"https:\/\/www.lejournalci.org\/#website"},"primaryImageOfPage":{"@id":"https:\/\/www.lejournalci.org\/index.php\/2025\/05\/19\/uemoa-le-mali-et-le-senegal-encaissent-77-milliards-fcfa-sur-le-marche-regional-de-la-dette-publique\/#primaryimage"},"image":{"@id":"https:\/\/www.lejournalci.org\/index.php\/2025\/05\/19\/uemoa-le-mali-et-le-senegal-encaissent-77-milliards-fcfa-sur-le-marche-regional-de-la-dette-publique\/#primaryimage"},"thumbnailUrl":"https:\/\/www.lejournalci.org\/wp-content\/uploads\/2025\/05\/1000844016-edited.jpg","datePublished":"2025-05-19T09:51:38+00:00","dateModified":"2025-05-19T09:51:39+00:00","breadcrumb":{"@id":"https:\/\/www.lejournalci.org\/index.php\/2025\/05\/19\/uemoa-le-mali-et-le-senegal-encaissent-77-milliards-fcfa-sur-le-marche-regional-de-la-dette-publique\/#breadcrumb"},"inLanguage":"fr-FR","potentialAction":[{"@type":"ReadAction","target":["https:\/\/www.lejournalci.org\/index.php\/2025\/05\/19\/uemoa-le-mali-et-le-senegal-encaissent-77-milliards-fcfa-sur-le-marche-regional-de-la-dette-publique\/"]}]},{"@type":"ImageObject","inLanguage":"fr-FR","@id":"https:\/\/www.lejournalci.org\/index.php\/2025\/05\/19\/uemoa-le-mali-et-le-senegal-encaissent-77-milliards-fcfa-sur-le-marche-regional-de-la-dette-publique\/#primaryimage","url":"https:\/\/www.lejournalci.org\/wp-content\/uploads\/2025\/05\/1000844016-edited.jpg","contentUrl":"https:\/\/www.lejournalci.org\/wp-content\/uploads\/2025\/05\/1000844016-edited.jpg","width":991,"height":557},{"@type":"BreadcrumbList","@id":"https:\/\/www.lejournalci.org\/index.php\/2025\/05\/19\/uemoa-le-mali-et-le-senegal-encaissent-77-milliards-fcfa-sur-le-marche-regional-de-la-dette-publique\/#breadcrumb","itemListElement":[{"@type":"ListItem","position":1,"name":"Accueil","item":"https:\/\/www.lejournalci.org\/"},{"@type":"ListItem","position":2,"name":"UEMOA : le Mali et le S\u00e9n\u00e9gal encaissent 77 milliards FCFA sur le march\u00e9 r\u00e9gional de la dette publique"}]},{"@type":"WebSite","@id":"https:\/\/www.lejournalci.org\/#website","url":"https:\/\/www.lejournalci.org\/","name":"Cooperation Internationale","description":"Faire de la Coop\u00e9ration un Puissant Instrument de D\u00e9veloppement","publisher":{"@id":"https:\/\/www.lejournalci.org\/#organization"},"potentialAction":[{"@type":"SearchAction","target":{"@type":"EntryPoint","urlTemplate":"https:\/\/www.lejournalci.org\/?s={search_term_string}"},"query-input":{"@type":"PropertyValueSpecification","valueRequired":true,"valueName":"search_term_string"}}],"inLanguage":"fr-FR"},{"@type":"Organization","@id":"https:\/\/www.lejournalci.org\/#organization","name":"Cooperation Internationale","url":"https:\/\/www.lejournalci.org\/","logo":{"@type":"ImageObject","inLanguage":"fr-FR","@id":"https:\/\/www.lejournalci.org\/#\/schema\/logo\/image\/","url":"https:\/\/www.lejournalci.org\/wp-content\/uploads\/2024\/12\/logo-coopint_HD_3.jpg","contentUrl":"https:\/\/www.lejournalci.org\/wp-content\/uploads\/2024\/12\/logo-coopint_HD_3.jpg","width":700,"height":214,"caption":"Cooperation Internationale"},"image":{"@id":"https:\/\/www.lejournalci.org\/#\/schema\/logo\/image\/"},"sameAs":["https:\/\/www.facebook.com\/journalCI\/","https:\/\/x.com\/lejournalc"]},{"@type":"Person","@id":"https:\/\/www.lejournalci.org\/#\/schema\/person\/2efe42dc5459aaaf6d89cb27e736002b","name":"La R\u00e9daction CI","image":{"@type":"ImageObject","inLanguage":"fr-FR","@id":"https:\/\/www.lejournalci.org\/#\/schema\/person\/image\/","url":"https:\/\/secure.gravatar.com\/avatar\/e63ab2ab378e283740d8889fbe2ec43fdcee7ac714a480d705f61cb1e5675c4c?s=96&d=mm&r=g","contentUrl":"https:\/\/secure.gravatar.com\/avatar\/e63ab2ab378e283740d8889fbe2ec43fdcee7ac714a480d705f61cb1e5675c4c?s=96&d=mm&r=g","caption":"La R\u00e9daction CI"},"url":"https:\/\/www.lejournalci.org\/index.php\/author\/noebricendongyahoo-fr\/"}]}},"jetpack_publicize_connections":[],"jetpack_featured_media_url":"https:\/\/www.lejournalci.org\/wp-content\/uploads\/2025\/05\/1000844016-edited.jpg","jetpack_sharing_enabled":true,"_links":{"self":[{"href":"https:\/\/www.lejournalci.org\/index.php\/wp-json\/wp\/v2\/posts\/6564","targetHints":{"allow":["GET"]}}],"collection":[{"href":"https:\/\/www.lejournalci.org\/index.php\/wp-json\/wp\/v2\/posts"}],"about":[{"href":"https:\/\/www.lejournalci.org\/index.php\/wp-json\/wp\/v2\/types\/post"}],"author":[{"embeddable":true,"href":"https:\/\/www.lejournalci.org\/index.php\/wp-json\/wp\/v2\/users\/3"}],"replies":[{"embeddable":true,"href":"https:\/\/www.lejournalci.org\/index.php\/wp-json\/wp\/v2\/comments?post=6564"}],"version-history":[{"count":1,"href":"https:\/\/www.lejournalci.org\/index.php\/wp-json\/wp\/v2\/posts\/6564\/revisions"}],"predecessor-version":[{"id":6567,"href":"https:\/\/www.lejournalci.org\/index.php\/wp-json\/wp\/v2\/posts\/6564\/revisions\/6567"}],"wp:featuredmedia":[{"embeddable":true,"href":"https:\/\/www.lejournalci.org\/index.php\/wp-json\/wp\/v2\/media\/6566"}],"wp:attachment":[{"href":"https:\/\/www.lejournalci.org\/index.php\/wp-json\/wp\/v2\/media?parent=6564"}],"wp:term":[{"taxonomy":"category","embeddable":true,"href":"https:\/\/www.lejournalci.org\/index.php\/wp-json\/wp\/v2\/categories?post=6564"},{"taxonomy":"post_tag","embeddable":true,"href":"https:\/\/www.lejournalci.org\/index.php\/wp-json\/wp\/v2\/tags?post=6564"}],"curies":[{"name":"wp","href":"https:\/\/api.w.org\/{rel}","templated":true}]}}