{"id":6554,"date":"2025-05-19T09:40:59","date_gmt":"2025-05-19T09:40:59","guid":{"rendered":"https:\/\/www.lejournalci.org\/?p=6554"},"modified":"2025-05-19T11:09:39","modified_gmt":"2025-05-19T11:09:39","slug":"credaf-grouprachete-les-filiales-dalios-finance","status":"publish","type":"post","link":"https:\/\/www.lejournalci.org\/index.php\/2025\/05\/19\/credaf-grouprachete-les-filiales-dalios-finance\/","title":{"rendered":"CREDAF GROUP<div>rach\u00e8te les filiales d\u2019Alios Finance<\/div>"},"content":{"rendered":"\n<p><strong>CREDAF GROUP<\/strong>, Holding Financi\u00e8re de l&#8217;industriel et homme d&#8217;affaires ivoirien&nbsp;<strong>Serge-Aim\u00e9 BILE<\/strong>, annonce avoir finalis\u00e9, le 30 avril 2025, l&#8217;acquisition des entit\u00e9s du Groupe&nbsp;<strong>ALIOS FINANCE<\/strong>&nbsp;en Afrique Centrale (Cameroun et Gabon) et en Afrique de l&#8217;Ouest (C\u00f4te d&#8217;Ivoire et ses succursales au Burkina Faso, Mali et S\u00e9n\u00e9gal), apr\u00e8s l&#8217;obtention de l&#8217;ensemble des autorisations r\u00e9glementaires requises.<\/p>\n\n\n\n<p>R\u00e9alis\u00e9e avec l&#8217;appui de ses  partenaires financiers et cabinets conseils&nbsp;<strong>LEX WAYS<\/strong>&nbsp;et&nbsp;<strong>ISF Conseils<\/strong>, cette op\u00e9ration marque une \u00e9tape majeure dans le d\u00e9veloppement de&nbsp;<strong>CREDAF GROUP<\/strong>&nbsp;sur le march\u00e9 panafricain des services financiers. \u00c0 travers cette acquisition,&nbsp;<strong>CREDAF GROUP<\/strong>&nbsp;devient l&#8217;actionnaire principal des entit\u00e9s d&#8217;<strong>ALIOS FINANCE<\/strong>&nbsp;dans leurs pays de pr\u00e9sences respectifs en zones&nbsp;<strong>CEMAC<\/strong>&nbsp;et&nbsp;<strong>UEMOA<\/strong>.<\/p>\n\n\n\n<p><strong>Une op\u00e9ration strat\u00e9gique cr\u00e9atrice de valeur<\/strong><\/p>\n\n\n\n<p>En capitalisant sur l&#8217;expertise des \u00e9quipes d&#8217;<strong>ALIOS FINANCE<\/strong>&nbsp;et sur l&#8217;\u00e9lan strat\u00e9gique de&nbsp;<strong>CREDAF GROUP<\/strong>, cette acquisition vise \u00e0 :<\/p>\n\n\n\n<ul class=\"wp-block-list\">\n<li><strong>Enrichir l&#8217;offre client<\/strong>&nbsp;avec des solutions de cr\u00e9dit-bail diversifi\u00e9es et \u00e9largies aux innovations digitales ;<\/li>\n\n\n\n<li>&nbsp;<strong>D\u00e9ployer de nouveaux produits<\/strong>&nbsp;adapt\u00e9s aux besoins sp\u00e9cifiques des clients avec une attention particuli\u00e8re port\u00e9e \u00e0 la qualit\u00e9 de service et \u00e0 la c\u00e9l\u00e9rit\u00e9 dans l&#8217;ex\u00e9cution ;<\/li>\n\n\n\n<li>&nbsp;<strong>Consolider et diversifier<\/strong>&nbsp;les partenariats financiers et institutionnels ;<\/li>\n\n\n\n<li>&nbsp;<strong>Offrir de nouvelles perspectives<\/strong>&nbsp;de d\u00e9veloppement aux collaborateurs dans le cadre d&#8217;un projet ambitieux et f\u00e9d\u00e9rateur;<\/li>\n<\/ul>\n\n\n\n<p><strong>Un engagement fort pour l&#8217;avenir<\/strong><\/p>\n\n\n\n<p><strong>CREDAF GROUP<\/strong>&nbsp;et les \u00e9quipes d&#8217;<strong>ALIOS FINANCE<\/strong>&nbsp;s&#8217;engagent dans une int\u00e9gration progressive et harmonieuse, visant la continuit\u00e9 des activit\u00e9s, l&#8217;am\u00e9lioration constante de la qualit\u00e9 de service, la valorisation des talents, la fid\u00e9lisation de l&#8217;ensemble des portefeuilles clients, ainsi que l&#8217;int\u00e9gration de nouvelles niches de d\u00e9veloppement.<\/p>\n\n\n\n<p><strong>Concernant CREDAF GROUPE <\/strong><\/p>\n\n\n\n<p>CREDAF GROUP, Holding Financi\u00e8re tourn\u00e9e vers l\u2019excellence et l\u2019innovation, cr\u00e9\u00e9 par l\u2019industriel et homme d\u2019affaires&nbsp;<strong>Serge Aim\u00e9 BILE<\/strong>&nbsp;se positionne comme un acteur majeur des services financiers sur le march\u00e9 panafricain. Avec des solutions innovantes, CREDAF GROUP entend d\u00e9ployer dans ses filiales de nouveaux produits adapt\u00e9s au besoin des clients avec un accent particulier sur la qualit\u00e9 de service et la c\u00e9l\u00e9rit\u00e9 dans l\u2019accompagnement et le financement des diff\u00e9rents op\u00e9rateurs \u00e9conomiques.<\/p>\n\n\n\n<figure class=\"wp-block-image size-large\"><img loading=\"lazy\" decoding=\"async\" width=\"1024\" height=\"680\" src=\"https:\/\/www.lejournalci.org\/wp-content\/uploads\/2025\/05\/1000843946-1-1024x680.jpg\" alt=\"\" class=\"wp-image-6562\" srcset=\"https:\/\/www.lejournalci.org\/wp-content\/uploads\/2025\/05\/1000843946-1-1024x680.jpg 1024w, https:\/\/www.lejournalci.org\/wp-content\/uploads\/2025\/05\/1000843946-1-300x199.jpg 300w, https:\/\/www.lejournalci.org\/wp-content\/uploads\/2025\/05\/1000843946-1-768x510.jpg 768w, https:\/\/www.lejournalci.org\/wp-content\/uploads\/2025\/05\/1000843946-1.jpg 1280w\" sizes=\"auto, (max-width: 1024px) 100vw, 1024px\" \/><\/figure>\n\n\n\n<p><\/p>\n","protected":false},"excerpt":{"rendered":"<p>CREDAF GROUP, Holding Financi\u00e8re de l&#8217;industriel et homme d&#8217;affaires ivoirien&nbsp;Serge-Aim\u00e9 BILE, annonce avoir finalis\u00e9, le 30 avril 2025, l&#8217;acquisition des entit\u00e9s du Groupe&nbsp;ALIOS FINANCE&nbsp;en Afrique Centrale (Cameroun et Gabon) et en Afrique de l&#8217;Ouest (C\u00f4te d&#8217;Ivoire et ses succursales au Burkina Faso, Mali et S\u00e9n\u00e9gal), apr\u00e8s l&#8217;obtention de l&#8217;ensemble des<\/p>\n","protected":false},"author":3,"featured_media":6572,"comment_status":"closed","ping_status":"open","sticky":false,"template":"","format":"standard","meta":{"colormag_page_container_layout":"default_layout","colormag_page_sidebar_layout":"default_layout","_jetpack_memberships_contains_paid_content":false,"footnotes":"","jetpack_publicize_message":"","jetpack_publicize_feature_enabled":true,"jetpack_social_post_already_shared":true,"jetpack_social_options":{"image_generator_settings":{"template":"highway","default_image_id":0,"font":"","enabled":false},"version":2}},"categories":[52],"tags":[],"class_list":["post-6554","post","type-post","status-publish","format-standard","has-post-thumbnail","hentry","category-economie"],"magazineBlocksPostFeaturedMedia":{"thumbnail":"https:\/\/www.lejournalci.org\/wp-content\/uploads\/2025\/05\/1000844371-edited-150x150.jpg","medium":"https:\/\/www.lejournalci.org\/wp-content\/uploads\/2025\/05\/1000844371-edited-300x169.jpg","medium_large":"https:\/\/www.lejournalci.org\/wp-content\/uploads\/2025\/05\/1000844371-edited-768x432.jpg","large":"https:\/\/www.lejournalci.org\/wp-content\/uploads\/2025\/05\/1000844371-edited.jpg","1536x1536":"https:\/\/www.lejournalci.org\/wp-content\/uploads\/2025\/05\/1000844371-edited.jpg","2048x2048":"https:\/\/www.lejournalci.org\/wp-content\/uploads\/2025\/05\/1000844371-edited.jpg","colormag-highlighted-post":"https:\/\/www.lejournalci.org\/wp-content\/uploads\/2025\/05\/1000844371-edited-392x272.jpg","colormag-featured-post-medium":"https:\/\/www.lejournalci.org\/wp-content\/uploads\/2025\/05\/1000844371-edited-390x205.jpg","colormag-featured-post-small":"https:\/\/www.lejournalci.org\/wp-content\/uploads\/2025\/05\/1000844371-edited-130x90.jpg","colormag-featured-image":"https:\/\/www.lejournalci.org\/wp-content\/uploads\/2025\/05\/1000844371-edited-800x445.jpg","colormag-default-news":"https:\/\/www.lejournalci.org\/wp-content\/uploads\/2025\/05\/1000844371-edited-150x150.jpg","colormag-featured-image-large":"https:\/\/www.lejournalci.org\/wp-content\/uploads\/2025\/05\/1000844371-edited.jpg"},"magazineBlocksPostAuthor":{"name":"La R\u00e9daction CI","avatar":"https:\/\/secure.gravatar.com\/avatar\/e63ab2ab378e283740d8889fbe2ec43fdcee7ac714a480d705f61cb1e5675c4c?s=96&d=mm&r=g"},"magazineBlocksPostCommentsNumber":false,"magazineBlocksPostExcerpt":"CREDAF GROUP, Holding Financi\u00e8re de l&#8217;industriel et homme d&#8217;affaires ivoirien&nbsp;Serge-Aim\u00e9 BILE, annonce avoir finalis\u00e9, le 30 avril 2025, l&#8217;acquisition des entit\u00e9s du Groupe&nbsp;ALIOS FINANCE&nbsp;en Afrique Centrale (Cameroun et Gabon) et en Afrique de l&#8217;Ouest (C\u00f4te d&#8217;Ivoire et ses succursales au Burkina Faso, Mali et S\u00e9n\u00e9gal), apr\u00e8s l&#8217;obtention de l&#8217;ensemble des","magazineBlocksPostCategories":["ECONOMIE"],"magazineBlocksPostViewCount":1016,"magazineBlocksPostReadTime":2,"magazine_blocks_featured_image_url":{"full":["https:\/\/www.lejournalci.org\/wp-content\/uploads\/2025\/05\/1000844371-edited.jpg",958,539,false],"medium":["https:\/\/www.lejournalci.org\/wp-content\/uploads\/2025\/05\/1000844371-edited-300x169.jpg",300,169,true],"thumbnail":["https:\/\/www.lejournalci.org\/wp-content\/uploads\/2025\/05\/1000844371-edited-150x150.jpg",150,150,true]},"magazine_blocks_author":{"display_name":"La R\u00e9daction CI","author_link":"https:\/\/www.lejournalci.org\/index.php\/author\/noebricendongyahoo-fr\/"},"magazine_blocks_comment":0,"magazine_blocks_author_image":"https:\/\/secure.gravatar.com\/avatar\/e63ab2ab378e283740d8889fbe2ec43fdcee7ac714a480d705f61cb1e5675c4c?s=96&d=mm&r=g","magazine_blocks_category":"<a href=\"#\" class=\"category-link category-link-52\">ECONOMIE<\/a>","yoast_head":"<!-- This site is optimized with the Yoast SEO plugin v26.2 - https:\/\/yoast.com\/wordpress\/plugins\/seo\/ -->\n<title>CREDAF GROUPrach\u00e8te les filiales d\u2019Alios Finance - Cooperation Internationale<\/title>\n<meta name=\"robots\" content=\"index, follow, max-snippet:-1, max-image-preview:large, max-video-preview:-1\" \/>\n<link rel=\"canonical\" href=\"https:\/\/www.lejournalci.org\/index.php\/2025\/05\/19\/credaf-grouprachete-les-filiales-dalios-finance\/\" \/>\n<meta property=\"og:locale\" content=\"fr_FR\" \/>\n<meta property=\"og:type\" content=\"article\" \/>\n<meta property=\"og:title\" content=\"CREDAF GROUPrach\u00e8te les filiales d\u2019Alios Finance - Cooperation Internationale\" \/>\n<meta property=\"og:description\" content=\"CREDAF GROUP, Holding Financi\u00e8re de l&#8217;industriel et homme d&#8217;affaires ivoirien&nbsp;Serge-Aim\u00e9 BILE, annonce avoir finalis\u00e9, le 30 avril 2025, l&#8217;acquisition des entit\u00e9s du Groupe&nbsp;ALIOS FINANCE&nbsp;en Afrique Centrale (Cameroun et Gabon) et en Afrique de l&#8217;Ouest (C\u00f4te d&#8217;Ivoire et ses succursales au Burkina Faso, Mali et S\u00e9n\u00e9gal), apr\u00e8s l&#8217;obtention de l&#8217;ensemble des\" \/>\n<meta property=\"og:url\" content=\"https:\/\/www.lejournalci.org\/index.php\/2025\/05\/19\/credaf-grouprachete-les-filiales-dalios-finance\/\" \/>\n<meta property=\"og:site_name\" content=\"Cooperation Internationale\" \/>\n<meta property=\"article:publisher\" content=\"https:\/\/www.facebook.com\/journalCI\/\" \/>\n<meta property=\"article:published_time\" content=\"2025-05-19T09:40:59+00:00\" \/>\n<meta property=\"article:modified_time\" content=\"2025-05-19T11:09:39+00:00\" \/>\n<meta property=\"og:image\" content=\"https:\/\/www.lejournalci.org\/wp-content\/uploads\/2025\/05\/1000844371-edited.jpg\" \/>\n\t<meta property=\"og:image:width\" content=\"958\" \/>\n\t<meta property=\"og:image:height\" content=\"539\" \/>\n\t<meta property=\"og:image:type\" content=\"image\/jpeg\" \/>\n<meta name=\"author\" content=\"La R\u00e9daction CI\" \/>\n<meta name=\"twitter:card\" content=\"summary_large_image\" \/>\n<meta name=\"twitter:creator\" content=\"@lejournalc\" \/>\n<meta name=\"twitter:site\" content=\"@lejournalc\" \/>\n<meta name=\"twitter:label1\" content=\"\u00c9crit par\" \/>\n\t<meta name=\"twitter:data1\" content=\"La R\u00e9daction CI\" \/>\n\t<meta name=\"twitter:label2\" content=\"Dur\u00e9e de lecture estim\u00e9e\" \/>\n\t<meta name=\"twitter:data2\" content=\"3 minutes\" \/>\n<script type=\"application\/ld+json\" class=\"yoast-schema-graph\">{\"@context\":\"https:\/\/schema.org\",\"@graph\":[{\"@type\":\"Article\",\"@id\":\"https:\/\/www.lejournalci.org\/index.php\/2025\/05\/19\/credaf-grouprachete-les-filiales-dalios-finance\/#article\",\"isPartOf\":{\"@id\":\"https:\/\/www.lejournalci.org\/index.php\/2025\/05\/19\/credaf-grouprachete-les-filiales-dalios-finance\/\"},\"author\":{\"name\":\"La R\u00e9daction CI\",\"@id\":\"https:\/\/www.lejournalci.org\/#\/schema\/person\/2efe42dc5459aaaf6d89cb27e736002b\"},\"headline\":\"CREDAF GROUPrach\u00e8te les filiales d\u2019Alios Finance\",\"datePublished\":\"2025-05-19T09:40:59+00:00\",\"dateModified\":\"2025-05-19T11:09:39+00:00\",\"mainEntityOfPage\":{\"@id\":\"https:\/\/www.lejournalci.org\/index.php\/2025\/05\/19\/credaf-grouprachete-les-filiales-dalios-finance\/\"},\"wordCount\":427,\"publisher\":{\"@id\":\"https:\/\/www.lejournalci.org\/#organization\"},\"image\":{\"@id\":\"https:\/\/www.lejournalci.org\/index.php\/2025\/05\/19\/credaf-grouprachete-les-filiales-dalios-finance\/#primaryimage\"},\"thumbnailUrl\":\"https:\/\/www.lejournalci.org\/wp-content\/uploads\/2025\/05\/1000844371-edited.jpg\",\"articleSection\":[\"ECONOMIE\"],\"inLanguage\":\"fr-FR\"},{\"@type\":\"WebPage\",\"@id\":\"https:\/\/www.lejournalci.org\/index.php\/2025\/05\/19\/credaf-grouprachete-les-filiales-dalios-finance\/\",\"url\":\"https:\/\/www.lejournalci.org\/index.php\/2025\/05\/19\/credaf-grouprachete-les-filiales-dalios-finance\/\",\"name\":\"CREDAF GROUPrach\u00e8te les filiales d\u2019Alios Finance - Cooperation Internationale\",\"isPartOf\":{\"@id\":\"https:\/\/www.lejournalci.org\/#website\"},\"primaryImageOfPage\":{\"@id\":\"https:\/\/www.lejournalci.org\/index.php\/2025\/05\/19\/credaf-grouprachete-les-filiales-dalios-finance\/#primaryimage\"},\"image\":{\"@id\":\"https:\/\/www.lejournalci.org\/index.php\/2025\/05\/19\/credaf-grouprachete-les-filiales-dalios-finance\/#primaryimage\"},\"thumbnailUrl\":\"https:\/\/www.lejournalci.org\/wp-content\/uploads\/2025\/05\/1000844371-edited.jpg\",\"datePublished\":\"2025-05-19T09:40:59+00:00\",\"dateModified\":\"2025-05-19T11:09:39+00:00\",\"breadcrumb\":{\"@id\":\"https:\/\/www.lejournalci.org\/index.php\/2025\/05\/19\/credaf-grouprachete-les-filiales-dalios-finance\/#breadcrumb\"},\"inLanguage\":\"fr-FR\",\"potentialAction\":[{\"@type\":\"ReadAction\",\"target\":[\"https:\/\/www.lejournalci.org\/index.php\/2025\/05\/19\/credaf-grouprachete-les-filiales-dalios-finance\/\"]}]},{\"@type\":\"ImageObject\",\"inLanguage\":\"fr-FR\",\"@id\":\"https:\/\/www.lejournalci.org\/index.php\/2025\/05\/19\/credaf-grouprachete-les-filiales-dalios-finance\/#primaryimage\",\"url\":\"https:\/\/www.lejournalci.org\/wp-content\/uploads\/2025\/05\/1000844371-edited.jpg\",\"contentUrl\":\"https:\/\/www.lejournalci.org\/wp-content\/uploads\/2025\/05\/1000844371-edited.jpg\",\"width\":958,\"height\":539},{\"@type\":\"BreadcrumbList\",\"@id\":\"https:\/\/www.lejournalci.org\/index.php\/2025\/05\/19\/credaf-grouprachete-les-filiales-dalios-finance\/#breadcrumb\",\"itemListElement\":[{\"@type\":\"ListItem\",\"position\":1,\"name\":\"Accueil\",\"item\":\"https:\/\/www.lejournalci.org\/\"},{\"@type\":\"ListItem\",\"position\":2,\"name\":\"CREDAF GROUPrach\u00e8te les filiales d\u2019Alios Finance\"}]},{\"@type\":\"WebSite\",\"@id\":\"https:\/\/www.lejournalci.org\/#website\",\"url\":\"https:\/\/www.lejournalci.org\/\",\"name\":\"Cooperation Internationale\",\"description\":\"Faire de la Coop\u00e9ration un Puissant Instrument de D\u00e9veloppement\",\"publisher\":{\"@id\":\"https:\/\/www.lejournalci.org\/#organization\"},\"potentialAction\":[{\"@type\":\"SearchAction\",\"target\":{\"@type\":\"EntryPoint\",\"urlTemplate\":\"https:\/\/www.lejournalci.org\/?s={search_term_string}\"},\"query-input\":{\"@type\":\"PropertyValueSpecification\",\"valueRequired\":true,\"valueName\":\"search_term_string\"}}],\"inLanguage\":\"fr-FR\"},{\"@type\":\"Organization\",\"@id\":\"https:\/\/www.lejournalci.org\/#organization\",\"name\":\"Cooperation Internationale\",\"url\":\"https:\/\/www.lejournalci.org\/\",\"logo\":{\"@type\":\"ImageObject\",\"inLanguage\":\"fr-FR\",\"@id\":\"https:\/\/www.lejournalci.org\/#\/schema\/logo\/image\/\",\"url\":\"https:\/\/www.lejournalci.org\/wp-content\/uploads\/2024\/12\/logo-coopint_HD_3.jpg\",\"contentUrl\":\"https:\/\/www.lejournalci.org\/wp-content\/uploads\/2024\/12\/logo-coopint_HD_3.jpg\",\"width\":700,\"height\":214,\"caption\":\"Cooperation Internationale\"},\"image\":{\"@id\":\"https:\/\/www.lejournalci.org\/#\/schema\/logo\/image\/\"},\"sameAs\":[\"https:\/\/www.facebook.com\/journalCI\/\",\"https:\/\/x.com\/lejournalc\"]},{\"@type\":\"Person\",\"@id\":\"https:\/\/www.lejournalci.org\/#\/schema\/person\/2efe42dc5459aaaf6d89cb27e736002b\",\"name\":\"La R\u00e9daction CI\",\"image\":{\"@type\":\"ImageObject\",\"inLanguage\":\"fr-FR\",\"@id\":\"https:\/\/www.lejournalci.org\/#\/schema\/person\/image\/\",\"url\":\"https:\/\/secure.gravatar.com\/avatar\/e63ab2ab378e283740d8889fbe2ec43fdcee7ac714a480d705f61cb1e5675c4c?s=96&d=mm&r=g\",\"contentUrl\":\"https:\/\/secure.gravatar.com\/avatar\/e63ab2ab378e283740d8889fbe2ec43fdcee7ac714a480d705f61cb1e5675c4c?s=96&d=mm&r=g\",\"caption\":\"La R\u00e9daction CI\"},\"url\":\"https:\/\/www.lejournalci.org\/index.php\/author\/noebricendongyahoo-fr\/\"}]}<\/script>\n<!-- \/ Yoast SEO plugin. -->","yoast_head_json":{"title":"CREDAF GROUPrach\u00e8te les filiales d\u2019Alios Finance - Cooperation Internationale","robots":{"index":"index","follow":"follow","max-snippet":"max-snippet:-1","max-image-preview":"max-image-preview:large","max-video-preview":"max-video-preview:-1"},"canonical":"https:\/\/www.lejournalci.org\/index.php\/2025\/05\/19\/credaf-grouprachete-les-filiales-dalios-finance\/","og_locale":"fr_FR","og_type":"article","og_title":"CREDAF GROUPrach\u00e8te les filiales d\u2019Alios Finance - Cooperation Internationale","og_description":"CREDAF GROUP, Holding Financi\u00e8re de l&#8217;industriel et homme d&#8217;affaires ivoirien&nbsp;Serge-Aim\u00e9 BILE, annonce avoir finalis\u00e9, le 30 avril 2025, l&#8217;acquisition des entit\u00e9s du Groupe&nbsp;ALIOS FINANCE&nbsp;en Afrique Centrale (Cameroun et Gabon) et en Afrique de l&#8217;Ouest (C\u00f4te d&#8217;Ivoire et ses succursales au Burkina Faso, Mali et S\u00e9n\u00e9gal), apr\u00e8s l&#8217;obtention de l&#8217;ensemble des","og_url":"https:\/\/www.lejournalci.org\/index.php\/2025\/05\/19\/credaf-grouprachete-les-filiales-dalios-finance\/","og_site_name":"Cooperation Internationale","article_publisher":"https:\/\/www.facebook.com\/journalCI\/","article_published_time":"2025-05-19T09:40:59+00:00","article_modified_time":"2025-05-19T11:09:39+00:00","og_image":[{"width":958,"height":539,"url":"https:\/\/www.lejournalci.org\/wp-content\/uploads\/2025\/05\/1000844371-edited.jpg","type":"image\/jpeg"}],"author":"La R\u00e9daction CI","twitter_card":"summary_large_image","twitter_creator":"@lejournalc","twitter_site":"@lejournalc","twitter_misc":{"\u00c9crit par":"La R\u00e9daction CI","Dur\u00e9e de lecture estim\u00e9e":"3 minutes"},"schema":{"@context":"https:\/\/schema.org","@graph":[{"@type":"Article","@id":"https:\/\/www.lejournalci.org\/index.php\/2025\/05\/19\/credaf-grouprachete-les-filiales-dalios-finance\/#article","isPartOf":{"@id":"https:\/\/www.lejournalci.org\/index.php\/2025\/05\/19\/credaf-grouprachete-les-filiales-dalios-finance\/"},"author":{"name":"La R\u00e9daction CI","@id":"https:\/\/www.lejournalci.org\/#\/schema\/person\/2efe42dc5459aaaf6d89cb27e736002b"},"headline":"CREDAF GROUPrach\u00e8te les filiales d\u2019Alios Finance","datePublished":"2025-05-19T09:40:59+00:00","dateModified":"2025-05-19T11:09:39+00:00","mainEntityOfPage":{"@id":"https:\/\/www.lejournalci.org\/index.php\/2025\/05\/19\/credaf-grouprachete-les-filiales-dalios-finance\/"},"wordCount":427,"publisher":{"@id":"https:\/\/www.lejournalci.org\/#organization"},"image":{"@id":"https:\/\/www.lejournalci.org\/index.php\/2025\/05\/19\/credaf-grouprachete-les-filiales-dalios-finance\/#primaryimage"},"thumbnailUrl":"https:\/\/www.lejournalci.org\/wp-content\/uploads\/2025\/05\/1000844371-edited.jpg","articleSection":["ECONOMIE"],"inLanguage":"fr-FR"},{"@type":"WebPage","@id":"https:\/\/www.lejournalci.org\/index.php\/2025\/05\/19\/credaf-grouprachete-les-filiales-dalios-finance\/","url":"https:\/\/www.lejournalci.org\/index.php\/2025\/05\/19\/credaf-grouprachete-les-filiales-dalios-finance\/","name":"CREDAF GROUPrach\u00e8te les filiales d\u2019Alios Finance - Cooperation Internationale","isPartOf":{"@id":"https:\/\/www.lejournalci.org\/#website"},"primaryImageOfPage":{"@id":"https:\/\/www.lejournalci.org\/index.php\/2025\/05\/19\/credaf-grouprachete-les-filiales-dalios-finance\/#primaryimage"},"image":{"@id":"https:\/\/www.lejournalci.org\/index.php\/2025\/05\/19\/credaf-grouprachete-les-filiales-dalios-finance\/#primaryimage"},"thumbnailUrl":"https:\/\/www.lejournalci.org\/wp-content\/uploads\/2025\/05\/1000844371-edited.jpg","datePublished":"2025-05-19T09:40:59+00:00","dateModified":"2025-05-19T11:09:39+00:00","breadcrumb":{"@id":"https:\/\/www.lejournalci.org\/index.php\/2025\/05\/19\/credaf-grouprachete-les-filiales-dalios-finance\/#breadcrumb"},"inLanguage":"fr-FR","potentialAction":[{"@type":"ReadAction","target":["https:\/\/www.lejournalci.org\/index.php\/2025\/05\/19\/credaf-grouprachete-les-filiales-dalios-finance\/"]}]},{"@type":"ImageObject","inLanguage":"fr-FR","@id":"https:\/\/www.lejournalci.org\/index.php\/2025\/05\/19\/credaf-grouprachete-les-filiales-dalios-finance\/#primaryimage","url":"https:\/\/www.lejournalci.org\/wp-content\/uploads\/2025\/05\/1000844371-edited.jpg","contentUrl":"https:\/\/www.lejournalci.org\/wp-content\/uploads\/2025\/05\/1000844371-edited.jpg","width":958,"height":539},{"@type":"BreadcrumbList","@id":"https:\/\/www.lejournalci.org\/index.php\/2025\/05\/19\/credaf-grouprachete-les-filiales-dalios-finance\/#breadcrumb","itemListElement":[{"@type":"ListItem","position":1,"name":"Accueil","item":"https:\/\/www.lejournalci.org\/"},{"@type":"ListItem","position":2,"name":"CREDAF GROUPrach\u00e8te les filiales d\u2019Alios Finance"}]},{"@type":"WebSite","@id":"https:\/\/www.lejournalci.org\/#website","url":"https:\/\/www.lejournalci.org\/","name":"Cooperation Internationale","description":"Faire de la Coop\u00e9ration un Puissant Instrument de D\u00e9veloppement","publisher":{"@id":"https:\/\/www.lejournalci.org\/#organization"},"potentialAction":[{"@type":"SearchAction","target":{"@type":"EntryPoint","urlTemplate":"https:\/\/www.lejournalci.org\/?s={search_term_string}"},"query-input":{"@type":"PropertyValueSpecification","valueRequired":true,"valueName":"search_term_string"}}],"inLanguage":"fr-FR"},{"@type":"Organization","@id":"https:\/\/www.lejournalci.org\/#organization","name":"Cooperation Internationale","url":"https:\/\/www.lejournalci.org\/","logo":{"@type":"ImageObject","inLanguage":"fr-FR","@id":"https:\/\/www.lejournalci.org\/#\/schema\/logo\/image\/","url":"https:\/\/www.lejournalci.org\/wp-content\/uploads\/2024\/12\/logo-coopint_HD_3.jpg","contentUrl":"https:\/\/www.lejournalci.org\/wp-content\/uploads\/2024\/12\/logo-coopint_HD_3.jpg","width":700,"height":214,"caption":"Cooperation Internationale"},"image":{"@id":"https:\/\/www.lejournalci.org\/#\/schema\/logo\/image\/"},"sameAs":["https:\/\/www.facebook.com\/journalCI\/","https:\/\/x.com\/lejournalc"]},{"@type":"Person","@id":"https:\/\/www.lejournalci.org\/#\/schema\/person\/2efe42dc5459aaaf6d89cb27e736002b","name":"La R\u00e9daction CI","image":{"@type":"ImageObject","inLanguage":"fr-FR","@id":"https:\/\/www.lejournalci.org\/#\/schema\/person\/image\/","url":"https:\/\/secure.gravatar.com\/avatar\/e63ab2ab378e283740d8889fbe2ec43fdcee7ac714a480d705f61cb1e5675c4c?s=96&d=mm&r=g","contentUrl":"https:\/\/secure.gravatar.com\/avatar\/e63ab2ab378e283740d8889fbe2ec43fdcee7ac714a480d705f61cb1e5675c4c?s=96&d=mm&r=g","caption":"La R\u00e9daction CI"},"url":"https:\/\/www.lejournalci.org\/index.php\/author\/noebricendongyahoo-fr\/"}]}},"jetpack_publicize_connections":[],"jetpack_featured_media_url":"https:\/\/www.lejournalci.org\/wp-content\/uploads\/2025\/05\/1000844371-edited.jpg","jetpack_sharing_enabled":true,"_links":{"self":[{"href":"https:\/\/www.lejournalci.org\/index.php\/wp-json\/wp\/v2\/posts\/6554","targetHints":{"allow":["GET"]}}],"collection":[{"href":"https:\/\/www.lejournalci.org\/index.php\/wp-json\/wp\/v2\/posts"}],"about":[{"href":"https:\/\/www.lejournalci.org\/index.php\/wp-json\/wp\/v2\/types\/post"}],"author":[{"embeddable":true,"href":"https:\/\/www.lejournalci.org\/index.php\/wp-json\/wp\/v2\/users\/3"}],"replies":[{"embeddable":true,"href":"https:\/\/www.lejournalci.org\/index.php\/wp-json\/wp\/v2\/comments?post=6554"}],"version-history":[{"count":2,"href":"https:\/\/www.lejournalci.org\/index.php\/wp-json\/wp\/v2\/posts\/6554\/revisions"}],"predecessor-version":[{"id":6563,"href":"https:\/\/www.lejournalci.org\/index.php\/wp-json\/wp\/v2\/posts\/6554\/revisions\/6563"}],"wp:featuredmedia":[{"embeddable":true,"href":"https:\/\/www.lejournalci.org\/index.php\/wp-json\/wp\/v2\/media\/6572"}],"wp:attachment":[{"href":"https:\/\/www.lejournalci.org\/index.php\/wp-json\/wp\/v2\/media?parent=6554"}],"wp:term":[{"taxonomy":"category","embeddable":true,"href":"https:\/\/www.lejournalci.org\/index.php\/wp-json\/wp\/v2\/categories?post=6554"},{"taxonomy":"post_tag","embeddable":true,"href":"https:\/\/www.lejournalci.org\/index.php\/wp-json\/wp\/v2\/tags?post=6554"}],"curies":[{"name":"wp","href":"https:\/\/api.w.org\/{rel}","templated":true}]}}