{"id":6532,"date":"2025-05-17T12:53:26","date_gmt":"2025-05-17T12:53:26","guid":{"rendered":"https:\/\/www.lejournalci.org\/?p=6532"},"modified":"2025-05-17T12:55:32","modified_gmt":"2025-05-17T12:55:32","slug":"burkina-faso-les-ambassadeurs-de-cuba-et-du-nicaragua-recus-au-mae","status":"publish","type":"post","link":"https:\/\/www.lejournalci.org\/index.php\/2025\/05\/17\/burkina-faso-les-ambassadeurs-de-cuba-et-du-nicaragua-recus-au-mae\/","title":{"rendered":"Burkina Faso : Les Ambassadeurs de Cuba et du Nicaragua re\u00e7us au MAE"},"content":{"rendered":"\n<p>M.Karamoko Jean Marie TRAORE, ministre des Affaires \u00e9trang\u00e8res, de la Coop\u00e9ration r\u00e9gionale et des Burkinab\u00e8 de l\u2019Ext\u00e9rieur a re\u00e7u tour \u00e0 tour le vendredi 16 mai, l\u2019ambassadeur de la R\u00e9publique de Cuba et celui de la R\u00e9publique du Nicaragua.<\/p>\n\n\n\n<p>L\u2019ambassadeur de Cuba  Madame Enith P\u00e9rez RETURETA est nouvellement accr\u00e9dit\u00e9e au Burkina Faso, et comme le veut la pratique diplomatique, elle venue pr\u00e9senter les Copies figur\u00e9es de ses Lettres de cr\u00e9ance au ministre en charge des Affaires \u00e9trang\u00e8res.<\/p>\n\n\n\n<p>A l\u2019occasion, elle a indiqu\u00e9 que c\u2019est avec \u00e9motion, joie et fiert\u00e9 qu\u2019elle entame sa mission au pays de Thomas SANKARA, et a rassur\u00e9 de son engagement \u00e0 \u0153uvrer pour faire briller davantage les liens d\u2019amiti\u00e9 et de solidarit\u00e9 entre Ouagadougou et La Havane, au moment o\u00f9 le Burkina Faso et Cuba s\u2019appr\u00eatent \u00e0 c\u00e9l\u00e9brer le 50e anniversaire de l\u2019\u00e9tablissement de leurs relations diplomatiques.<\/p>\n\n\n\n<p>Le Ministre Karamoko Jean Marie TRAORE, tout en f\u00e9licitant le nouvel ambassadeur, lui a souhait\u00e9 la bienvenue et un plein succ\u00e8s dans sa mission au Burkina Faso.<\/p>\n\n\n\n<p><em>\u00ab Entre le Burkina Faso et Cuba, les relations diplomatiques sont exemplaires, et elles le seront davantage avec la vision impuls\u00e9e par le Pr\u00e9sident du Faso Chef de l\u2019Etat le Capitaine Ibrahim TRAORE \u00bb,<\/em> a laiss\u00e9 entendre le Chef de la diplomatie burkinab\u00e8 \u00e0 la diplomate cubaine, tout en affirmant l\u2019ouverture et la disponibilit\u00e9 de son d\u00e9partement, \u00e0 bien collaborer avec l\u2019ambassade de Cuba \u00e0 Ouagadougou.<\/p>\n\n\n\n<figure class=\"wp-block-image size-large\"><img loading=\"lazy\" decoding=\"async\" width=\"1080\" height=\"607\" src=\"https:\/\/www.lejournalci.org\/wp-content\/uploads\/2025\/05\/1000838539-edited.jpg\" alt=\"\" class=\"wp-image-6536\" srcset=\"https:\/\/www.lejournalci.org\/wp-content\/uploads\/2025\/05\/1000838539-edited.jpg 1080w, https:\/\/www.lejournalci.org\/wp-content\/uploads\/2025\/05\/1000838539-edited-300x169.jpg 300w, https:\/\/www.lejournalci.org\/wp-content\/uploads\/2025\/05\/1000838539-edited-1024x576.jpg 1024w, https:\/\/www.lejournalci.org\/wp-content\/uploads\/2025\/05\/1000838539-edited-768x432.jpg 768w\" sizes=\"auto, (max-width: 1080px) 100vw, 1080px\" \/><figcaption class=\"wp-element-caption\"><em>Le Ministre des Affaires \u00e9trang\u00e8res, Jean Marie TRAOR\u00c9 et l&#8217;Ambassadeur du Nicaragua Luis Manuel ANDINOPAIZ , le 16\/05\/2025 \u00e0 Ouagadougou \u00a9 Photo MAE<\/em><\/figcaption><\/figure>\n\n\n\n<p>A la suite de l\u2019ambassadeur de Cuba, le ministre des Affaires \u00e9trang\u00e8res a re\u00e7u en audience l\u2019ambassadeur du Nicaragua, un autre pays ami du Burkina Faso.<\/p>\n\n\n\n<p>M. Luis Manuel ANDINOPAIZ est venu r\u00e9affirmer la volont\u00e9 de son pays \u00e0 approfondir les liens d\u2019amiti\u00e9 et de coop\u00e9ration avec le pays des Hommes int\u00e8gres.<\/p>\n\n\n\n<p>A l\u2019occasion, il a transmis une invitation aux autorit\u00e9s burkinab\u00e8 au 46e anniversaire de la r\u00e9volution sandiniste, c\u00e9l\u00e9br\u00e9e le 19 juillet de chaque ann\u00e9e.<\/p>\n\n\n\n<p>Le Ministre Karamoko Jean Marie TRAORE a saisi l\u2019occasion pour saluer le \u2018\u2019grand travail\u2019\u2019 abattu par le diplomate nicaraguayen dans le cadre du raffermissement de la coop\u00e9ration entre son pays et le Burkina Faso.<\/p>\n\n\n\n<p>Source : DCRP\/MAECR-BE<\/p>\n","protected":false},"excerpt":{"rendered":"<p>M.Karamoko Jean Marie TRAORE, ministre des Affaires \u00e9trang\u00e8res, de la Coop\u00e9ration r\u00e9gionale et des Burkinab\u00e8 de l\u2019Ext\u00e9rieur a re\u00e7u tour \u00e0 tour le vendredi 16 mai, l\u2019ambassadeur de la R\u00e9publique de Cuba et celui de la R\u00e9publique du Nicaragua. L\u2019ambassadeur de Cuba Madame Enith P\u00e9rez RETURETA est nouvellement accr\u00e9dit\u00e9e au<\/p>\n","protected":false},"author":3,"featured_media":6539,"comment_status":"closed","ping_status":"open","sticky":false,"template":"","format":"standard","meta":{"colormag_page_container_layout":"default_layout","colormag_page_sidebar_layout":"default_layout","_jetpack_memberships_contains_paid_content":false,"footnotes":"","jetpack_publicize_message":"","jetpack_publicize_feature_enabled":true,"jetpack_social_post_already_shared":true,"jetpack_social_options":{"image_generator_settings":{"template":"highway","default_image_id":0,"font":"","enabled":false},"version":2}},"categories":[51],"tags":[],"class_list":["post-6532","post","type-post","status-publish","format-standard","has-post-thumbnail","hentry","category-diplomatie"],"magazineBlocksPostFeaturedMedia":{"thumbnail":"https:\/\/www.lejournalci.org\/wp-content\/uploads\/2025\/05\/1000838538-1-edited-150x150.jpg","medium":"https:\/\/www.lejournalci.org\/wp-content\/uploads\/2025\/05\/1000838538-1-edited-300x169.jpg","medium_large":"https:\/\/www.lejournalci.org\/wp-content\/uploads\/2025\/05\/1000838538-1-edited-768x432.jpg","large":"https:\/\/www.lejournalci.org\/wp-content\/uploads\/2025\/05\/1000838538-1-edited-1024x576.jpg","1536x1536":"https:\/\/www.lejournalci.org\/wp-content\/uploads\/2025\/05\/1000838538-1-edited.jpg","2048x2048":"https:\/\/www.lejournalci.org\/wp-content\/uploads\/2025\/05\/1000838538-1-edited.jpg","colormag-highlighted-post":"https:\/\/www.lejournalci.org\/wp-content\/uploads\/2025\/05\/1000838538-1-edited-392x272.jpg","colormag-featured-post-medium":"https:\/\/www.lejournalci.org\/wp-content\/uploads\/2025\/05\/1000838538-1-edited-390x205.jpg","colormag-featured-post-small":"https:\/\/www.lejournalci.org\/wp-content\/uploads\/2025\/05\/1000838538-1-edited-130x90.jpg","colormag-featured-image":"https:\/\/www.lejournalci.org\/wp-content\/uploads\/2025\/05\/1000838538-1-edited-800x445.jpg","colormag-default-news":"https:\/\/www.lejournalci.org\/wp-content\/uploads\/2025\/05\/1000838538-1-edited-150x150.jpg","colormag-featured-image-large":"https:\/\/www.lejournalci.org\/wp-content\/uploads\/2025\/05\/1000838538-1-edited-1080x600.jpg"},"magazineBlocksPostAuthor":{"name":"La R\u00e9daction CI","avatar":"https:\/\/secure.gravatar.com\/avatar\/e63ab2ab378e283740d8889fbe2ec43fdcee7ac714a480d705f61cb1e5675c4c?s=96&d=mm&r=g"},"magazineBlocksPostCommentsNumber":false,"magazineBlocksPostExcerpt":"M.Karamoko Jean Marie TRAORE, ministre des Affaires \u00e9trang\u00e8res, de la Coop\u00e9ration r\u00e9gionale et des Burkinab\u00e8 de l\u2019Ext\u00e9rieur a re\u00e7u tour \u00e0 tour le vendredi 16 mai, l\u2019ambassadeur de la R\u00e9publique de Cuba et celui de la R\u00e9publique du Nicaragua. L\u2019ambassadeur de Cuba Madame Enith P\u00e9rez RETURETA est nouvellement accr\u00e9dit\u00e9e au","magazineBlocksPostCategories":["DIPLOMATIE"],"magazineBlocksPostViewCount":454,"magazineBlocksPostReadTime":3,"magazine_blocks_featured_image_url":{"full":["https:\/\/www.lejournalci.org\/wp-content\/uploads\/2025\/05\/1000838538-1-edited.jpg",1080,607,false],"medium":["https:\/\/www.lejournalci.org\/wp-content\/uploads\/2025\/05\/1000838538-1-edited-300x169.jpg",300,169,true],"thumbnail":["https:\/\/www.lejournalci.org\/wp-content\/uploads\/2025\/05\/1000838538-1-edited-150x150.jpg",150,150,true]},"magazine_blocks_author":{"display_name":"La R\u00e9daction CI","author_link":"https:\/\/www.lejournalci.org\/index.php\/author\/noebricendongyahoo-fr\/"},"magazine_blocks_comment":0,"magazine_blocks_author_image":"https:\/\/secure.gravatar.com\/avatar\/e63ab2ab378e283740d8889fbe2ec43fdcee7ac714a480d705f61cb1e5675c4c?s=96&d=mm&r=g","magazine_blocks_category":"<a href=\"#\" class=\"category-link category-link-51\">DIPLOMATIE<\/a>","yoast_head":"<!-- This site is optimized with the Yoast SEO plugin v26.2 - https:\/\/yoast.com\/wordpress\/plugins\/seo\/ -->\n<title>Burkina Faso : Les Ambassadeurs de Cuba et du Nicaragua re\u00e7us au MAE - Cooperation Internationale<\/title>\n<meta name=\"robots\" content=\"index, follow, max-snippet:-1, max-image-preview:large, max-video-preview:-1\" \/>\n<link rel=\"canonical\" href=\"https:\/\/www.lejournalci.org\/index.php\/2025\/05\/17\/burkina-faso-les-ambassadeurs-de-cuba-et-du-nicaragua-recus-au-mae\/\" \/>\n<meta property=\"og:locale\" content=\"fr_FR\" \/>\n<meta property=\"og:type\" content=\"article\" \/>\n<meta property=\"og:title\" content=\"Burkina Faso : Les Ambassadeurs de Cuba et du Nicaragua re\u00e7us au MAE - Cooperation Internationale\" \/>\n<meta property=\"og:description\" content=\"M.Karamoko Jean Marie TRAORE, ministre des Affaires \u00e9trang\u00e8res, de la Coop\u00e9ration r\u00e9gionale et des Burkinab\u00e8 de l\u2019Ext\u00e9rieur a re\u00e7u tour \u00e0 tour le vendredi 16 mai, l\u2019ambassadeur de la R\u00e9publique de Cuba et celui de la R\u00e9publique du Nicaragua. L\u2019ambassadeur de Cuba Madame Enith P\u00e9rez RETURETA est nouvellement accr\u00e9dit\u00e9e au\" \/>\n<meta property=\"og:url\" content=\"https:\/\/www.lejournalci.org\/index.php\/2025\/05\/17\/burkina-faso-les-ambassadeurs-de-cuba-et-du-nicaragua-recus-au-mae\/\" \/>\n<meta property=\"og:site_name\" content=\"Cooperation Internationale\" \/>\n<meta property=\"article:publisher\" content=\"https:\/\/www.facebook.com\/journalCI\/\" \/>\n<meta property=\"article:published_time\" content=\"2025-05-17T12:53:26+00:00\" \/>\n<meta property=\"article:modified_time\" content=\"2025-05-17T12:55:32+00:00\" \/>\n<meta property=\"og:image\" content=\"https:\/\/www.lejournalci.org\/wp-content\/uploads\/2025\/05\/1000838538-1-edited.jpg\" \/>\n\t<meta property=\"og:image:width\" content=\"1080\" \/>\n\t<meta property=\"og:image:height\" content=\"607\" \/>\n\t<meta property=\"og:image:type\" content=\"image\/jpeg\" \/>\n<meta name=\"author\" content=\"La R\u00e9daction CI\" \/>\n<meta name=\"twitter:card\" content=\"summary_large_image\" \/>\n<meta name=\"twitter:creator\" content=\"@lejournalc\" \/>\n<meta name=\"twitter:site\" content=\"@lejournalc\" \/>\n<meta name=\"twitter:label1\" content=\"\u00c9crit par\" \/>\n\t<meta name=\"twitter:data1\" content=\"La R\u00e9daction CI\" \/>\n\t<meta name=\"twitter:label2\" content=\"Dur\u00e9e de lecture estim\u00e9e\" \/>\n\t<meta name=\"twitter:data2\" content=\"3 minutes\" \/>\n<script type=\"application\/ld+json\" class=\"yoast-schema-graph\">{\"@context\":\"https:\/\/schema.org\",\"@graph\":[{\"@type\":\"Article\",\"@id\":\"https:\/\/www.lejournalci.org\/index.php\/2025\/05\/17\/burkina-faso-les-ambassadeurs-de-cuba-et-du-nicaragua-recus-au-mae\/#article\",\"isPartOf\":{\"@id\":\"https:\/\/www.lejournalci.org\/index.php\/2025\/05\/17\/burkina-faso-les-ambassadeurs-de-cuba-et-du-nicaragua-recus-au-mae\/\"},\"author\":{\"name\":\"La R\u00e9daction CI\",\"@id\":\"https:\/\/www.lejournalci.org\/#\/schema\/person\/2efe42dc5459aaaf6d89cb27e736002b\"},\"headline\":\"Burkina Faso : Les Ambassadeurs de Cuba et du Nicaragua re\u00e7us au MAE\",\"datePublished\":\"2025-05-17T12:53:26+00:00\",\"dateModified\":\"2025-05-17T12:55:32+00:00\",\"mainEntityOfPage\":{\"@id\":\"https:\/\/www.lejournalci.org\/index.php\/2025\/05\/17\/burkina-faso-les-ambassadeurs-de-cuba-et-du-nicaragua-recus-au-mae\/\"},\"wordCount\":422,\"publisher\":{\"@id\":\"https:\/\/www.lejournalci.org\/#organization\"},\"image\":{\"@id\":\"https:\/\/www.lejournalci.org\/index.php\/2025\/05\/17\/burkina-faso-les-ambassadeurs-de-cuba-et-du-nicaragua-recus-au-mae\/#primaryimage\"},\"thumbnailUrl\":\"https:\/\/www.lejournalci.org\/wp-content\/uploads\/2025\/05\/1000838538-1-edited.jpg\",\"articleSection\":[\"DIPLOMATIE\"],\"inLanguage\":\"fr-FR\"},{\"@type\":\"WebPage\",\"@id\":\"https:\/\/www.lejournalci.org\/index.php\/2025\/05\/17\/burkina-faso-les-ambassadeurs-de-cuba-et-du-nicaragua-recus-au-mae\/\",\"url\":\"https:\/\/www.lejournalci.org\/index.php\/2025\/05\/17\/burkina-faso-les-ambassadeurs-de-cuba-et-du-nicaragua-recus-au-mae\/\",\"name\":\"Burkina Faso : Les Ambassadeurs de Cuba et du Nicaragua re\u00e7us au MAE - Cooperation Internationale\",\"isPartOf\":{\"@id\":\"https:\/\/www.lejournalci.org\/#website\"},\"primaryImageOfPage\":{\"@id\":\"https:\/\/www.lejournalci.org\/index.php\/2025\/05\/17\/burkina-faso-les-ambassadeurs-de-cuba-et-du-nicaragua-recus-au-mae\/#primaryimage\"},\"image\":{\"@id\":\"https:\/\/www.lejournalci.org\/index.php\/2025\/05\/17\/burkina-faso-les-ambassadeurs-de-cuba-et-du-nicaragua-recus-au-mae\/#primaryimage\"},\"thumbnailUrl\":\"https:\/\/www.lejournalci.org\/wp-content\/uploads\/2025\/05\/1000838538-1-edited.jpg\",\"datePublished\":\"2025-05-17T12:53:26+00:00\",\"dateModified\":\"2025-05-17T12:55:32+00:00\",\"breadcrumb\":{\"@id\":\"https:\/\/www.lejournalci.org\/index.php\/2025\/05\/17\/burkina-faso-les-ambassadeurs-de-cuba-et-du-nicaragua-recus-au-mae\/#breadcrumb\"},\"inLanguage\":\"fr-FR\",\"potentialAction\":[{\"@type\":\"ReadAction\",\"target\":[\"https:\/\/www.lejournalci.org\/index.php\/2025\/05\/17\/burkina-faso-les-ambassadeurs-de-cuba-et-du-nicaragua-recus-au-mae\/\"]}]},{\"@type\":\"ImageObject\",\"inLanguage\":\"fr-FR\",\"@id\":\"https:\/\/www.lejournalci.org\/index.php\/2025\/05\/17\/burkina-faso-les-ambassadeurs-de-cuba-et-du-nicaragua-recus-au-mae\/#primaryimage\",\"url\":\"https:\/\/www.lejournalci.org\/wp-content\/uploads\/2025\/05\/1000838538-1-edited.jpg\",\"contentUrl\":\"https:\/\/www.lejournalci.org\/wp-content\/uploads\/2025\/05\/1000838538-1-edited.jpg\",\"width\":1080,\"height\":607},{\"@type\":\"BreadcrumbList\",\"@id\":\"https:\/\/www.lejournalci.org\/index.php\/2025\/05\/17\/burkina-faso-les-ambassadeurs-de-cuba-et-du-nicaragua-recus-au-mae\/#breadcrumb\",\"itemListElement\":[{\"@type\":\"ListItem\",\"position\":1,\"name\":\"Accueil\",\"item\":\"https:\/\/www.lejournalci.org\/\"},{\"@type\":\"ListItem\",\"position\":2,\"name\":\"Burkina Faso : Les Ambassadeurs de Cuba et du Nicaragua re\u00e7us au MAE\"}]},{\"@type\":\"WebSite\",\"@id\":\"https:\/\/www.lejournalci.org\/#website\",\"url\":\"https:\/\/www.lejournalci.org\/\",\"name\":\"Cooperation Internationale\",\"description\":\"Faire de la Coop\u00e9ration un Puissant Instrument de D\u00e9veloppement\",\"publisher\":{\"@id\":\"https:\/\/www.lejournalci.org\/#organization\"},\"potentialAction\":[{\"@type\":\"SearchAction\",\"target\":{\"@type\":\"EntryPoint\",\"urlTemplate\":\"https:\/\/www.lejournalci.org\/?s={search_term_string}\"},\"query-input\":{\"@type\":\"PropertyValueSpecification\",\"valueRequired\":true,\"valueName\":\"search_term_string\"}}],\"inLanguage\":\"fr-FR\"},{\"@type\":\"Organization\",\"@id\":\"https:\/\/www.lejournalci.org\/#organization\",\"name\":\"Cooperation Internationale\",\"url\":\"https:\/\/www.lejournalci.org\/\",\"logo\":{\"@type\":\"ImageObject\",\"inLanguage\":\"fr-FR\",\"@id\":\"https:\/\/www.lejournalci.org\/#\/schema\/logo\/image\/\",\"url\":\"https:\/\/www.lejournalci.org\/wp-content\/uploads\/2024\/12\/logo-coopint_HD_3.jpg\",\"contentUrl\":\"https:\/\/www.lejournalci.org\/wp-content\/uploads\/2024\/12\/logo-coopint_HD_3.jpg\",\"width\":700,\"height\":214,\"caption\":\"Cooperation Internationale\"},\"image\":{\"@id\":\"https:\/\/www.lejournalci.org\/#\/schema\/logo\/image\/\"},\"sameAs\":[\"https:\/\/www.facebook.com\/journalCI\/\",\"https:\/\/x.com\/lejournalc\"]},{\"@type\":\"Person\",\"@id\":\"https:\/\/www.lejournalci.org\/#\/schema\/person\/2efe42dc5459aaaf6d89cb27e736002b\",\"name\":\"La R\u00e9daction CI\",\"image\":{\"@type\":\"ImageObject\",\"inLanguage\":\"fr-FR\",\"@id\":\"https:\/\/www.lejournalci.org\/#\/schema\/person\/image\/\",\"url\":\"https:\/\/secure.gravatar.com\/avatar\/e63ab2ab378e283740d8889fbe2ec43fdcee7ac714a480d705f61cb1e5675c4c?s=96&d=mm&r=g\",\"contentUrl\":\"https:\/\/secure.gravatar.com\/avatar\/e63ab2ab378e283740d8889fbe2ec43fdcee7ac714a480d705f61cb1e5675c4c?s=96&d=mm&r=g\",\"caption\":\"La R\u00e9daction CI\"},\"url\":\"https:\/\/www.lejournalci.org\/index.php\/author\/noebricendongyahoo-fr\/\"}]}<\/script>\n<!-- \/ Yoast SEO plugin. -->","yoast_head_json":{"title":"Burkina Faso : Les Ambassadeurs de Cuba et du Nicaragua re\u00e7us au MAE - Cooperation Internationale","robots":{"index":"index","follow":"follow","max-snippet":"max-snippet:-1","max-image-preview":"max-image-preview:large","max-video-preview":"max-video-preview:-1"},"canonical":"https:\/\/www.lejournalci.org\/index.php\/2025\/05\/17\/burkina-faso-les-ambassadeurs-de-cuba-et-du-nicaragua-recus-au-mae\/","og_locale":"fr_FR","og_type":"article","og_title":"Burkina Faso : Les Ambassadeurs de Cuba et du Nicaragua re\u00e7us au MAE - Cooperation Internationale","og_description":"M.Karamoko Jean Marie TRAORE, ministre des Affaires \u00e9trang\u00e8res, de la Coop\u00e9ration r\u00e9gionale et des Burkinab\u00e8 de l\u2019Ext\u00e9rieur a re\u00e7u tour \u00e0 tour le vendredi 16 mai, l\u2019ambassadeur de la R\u00e9publique de Cuba et celui de la R\u00e9publique du Nicaragua. L\u2019ambassadeur de Cuba Madame Enith P\u00e9rez RETURETA est nouvellement accr\u00e9dit\u00e9e au","og_url":"https:\/\/www.lejournalci.org\/index.php\/2025\/05\/17\/burkina-faso-les-ambassadeurs-de-cuba-et-du-nicaragua-recus-au-mae\/","og_site_name":"Cooperation Internationale","article_publisher":"https:\/\/www.facebook.com\/journalCI\/","article_published_time":"2025-05-17T12:53:26+00:00","article_modified_time":"2025-05-17T12:55:32+00:00","og_image":[{"width":1080,"height":607,"url":"https:\/\/www.lejournalci.org\/wp-content\/uploads\/2025\/05\/1000838538-1-edited.jpg","type":"image\/jpeg"}],"author":"La R\u00e9daction CI","twitter_card":"summary_large_image","twitter_creator":"@lejournalc","twitter_site":"@lejournalc","twitter_misc":{"\u00c9crit par":"La R\u00e9daction CI","Dur\u00e9e de lecture estim\u00e9e":"3 minutes"},"schema":{"@context":"https:\/\/schema.org","@graph":[{"@type":"Article","@id":"https:\/\/www.lejournalci.org\/index.php\/2025\/05\/17\/burkina-faso-les-ambassadeurs-de-cuba-et-du-nicaragua-recus-au-mae\/#article","isPartOf":{"@id":"https:\/\/www.lejournalci.org\/index.php\/2025\/05\/17\/burkina-faso-les-ambassadeurs-de-cuba-et-du-nicaragua-recus-au-mae\/"},"author":{"name":"La R\u00e9daction CI","@id":"https:\/\/www.lejournalci.org\/#\/schema\/person\/2efe42dc5459aaaf6d89cb27e736002b"},"headline":"Burkina Faso : Les Ambassadeurs de Cuba et du Nicaragua re\u00e7us au MAE","datePublished":"2025-05-17T12:53:26+00:00","dateModified":"2025-05-17T12:55:32+00:00","mainEntityOfPage":{"@id":"https:\/\/www.lejournalci.org\/index.php\/2025\/05\/17\/burkina-faso-les-ambassadeurs-de-cuba-et-du-nicaragua-recus-au-mae\/"},"wordCount":422,"publisher":{"@id":"https:\/\/www.lejournalci.org\/#organization"},"image":{"@id":"https:\/\/www.lejournalci.org\/index.php\/2025\/05\/17\/burkina-faso-les-ambassadeurs-de-cuba-et-du-nicaragua-recus-au-mae\/#primaryimage"},"thumbnailUrl":"https:\/\/www.lejournalci.org\/wp-content\/uploads\/2025\/05\/1000838538-1-edited.jpg","articleSection":["DIPLOMATIE"],"inLanguage":"fr-FR"},{"@type":"WebPage","@id":"https:\/\/www.lejournalci.org\/index.php\/2025\/05\/17\/burkina-faso-les-ambassadeurs-de-cuba-et-du-nicaragua-recus-au-mae\/","url":"https:\/\/www.lejournalci.org\/index.php\/2025\/05\/17\/burkina-faso-les-ambassadeurs-de-cuba-et-du-nicaragua-recus-au-mae\/","name":"Burkina Faso : Les Ambassadeurs de Cuba et du Nicaragua re\u00e7us au MAE - Cooperation Internationale","isPartOf":{"@id":"https:\/\/www.lejournalci.org\/#website"},"primaryImageOfPage":{"@id":"https:\/\/www.lejournalci.org\/index.php\/2025\/05\/17\/burkina-faso-les-ambassadeurs-de-cuba-et-du-nicaragua-recus-au-mae\/#primaryimage"},"image":{"@id":"https:\/\/www.lejournalci.org\/index.php\/2025\/05\/17\/burkina-faso-les-ambassadeurs-de-cuba-et-du-nicaragua-recus-au-mae\/#primaryimage"},"thumbnailUrl":"https:\/\/www.lejournalci.org\/wp-content\/uploads\/2025\/05\/1000838538-1-edited.jpg","datePublished":"2025-05-17T12:53:26+00:00","dateModified":"2025-05-17T12:55:32+00:00","breadcrumb":{"@id":"https:\/\/www.lejournalci.org\/index.php\/2025\/05\/17\/burkina-faso-les-ambassadeurs-de-cuba-et-du-nicaragua-recus-au-mae\/#breadcrumb"},"inLanguage":"fr-FR","potentialAction":[{"@type":"ReadAction","target":["https:\/\/www.lejournalci.org\/index.php\/2025\/05\/17\/burkina-faso-les-ambassadeurs-de-cuba-et-du-nicaragua-recus-au-mae\/"]}]},{"@type":"ImageObject","inLanguage":"fr-FR","@id":"https:\/\/www.lejournalci.org\/index.php\/2025\/05\/17\/burkina-faso-les-ambassadeurs-de-cuba-et-du-nicaragua-recus-au-mae\/#primaryimage","url":"https:\/\/www.lejournalci.org\/wp-content\/uploads\/2025\/05\/1000838538-1-edited.jpg","contentUrl":"https:\/\/www.lejournalci.org\/wp-content\/uploads\/2025\/05\/1000838538-1-edited.jpg","width":1080,"height":607},{"@type":"BreadcrumbList","@id":"https:\/\/www.lejournalci.org\/index.php\/2025\/05\/17\/burkina-faso-les-ambassadeurs-de-cuba-et-du-nicaragua-recus-au-mae\/#breadcrumb","itemListElement":[{"@type":"ListItem","position":1,"name":"Accueil","item":"https:\/\/www.lejournalci.org\/"},{"@type":"ListItem","position":2,"name":"Burkina Faso : Les Ambassadeurs de Cuba et du Nicaragua re\u00e7us au MAE"}]},{"@type":"WebSite","@id":"https:\/\/www.lejournalci.org\/#website","url":"https:\/\/www.lejournalci.org\/","name":"Cooperation Internationale","description":"Faire de la Coop\u00e9ration un Puissant Instrument de D\u00e9veloppement","publisher":{"@id":"https:\/\/www.lejournalci.org\/#organization"},"potentialAction":[{"@type":"SearchAction","target":{"@type":"EntryPoint","urlTemplate":"https:\/\/www.lejournalci.org\/?s={search_term_string}"},"query-input":{"@type":"PropertyValueSpecification","valueRequired":true,"valueName":"search_term_string"}}],"inLanguage":"fr-FR"},{"@type":"Organization","@id":"https:\/\/www.lejournalci.org\/#organization","name":"Cooperation Internationale","url":"https:\/\/www.lejournalci.org\/","logo":{"@type":"ImageObject","inLanguage":"fr-FR","@id":"https:\/\/www.lejournalci.org\/#\/schema\/logo\/image\/","url":"https:\/\/www.lejournalci.org\/wp-content\/uploads\/2024\/12\/logo-coopint_HD_3.jpg","contentUrl":"https:\/\/www.lejournalci.org\/wp-content\/uploads\/2024\/12\/logo-coopint_HD_3.jpg","width":700,"height":214,"caption":"Cooperation Internationale"},"image":{"@id":"https:\/\/www.lejournalci.org\/#\/schema\/logo\/image\/"},"sameAs":["https:\/\/www.facebook.com\/journalCI\/","https:\/\/x.com\/lejournalc"]},{"@type":"Person","@id":"https:\/\/www.lejournalci.org\/#\/schema\/person\/2efe42dc5459aaaf6d89cb27e736002b","name":"La R\u00e9daction CI","image":{"@type":"ImageObject","inLanguage":"fr-FR","@id":"https:\/\/www.lejournalci.org\/#\/schema\/person\/image\/","url":"https:\/\/secure.gravatar.com\/avatar\/e63ab2ab378e283740d8889fbe2ec43fdcee7ac714a480d705f61cb1e5675c4c?s=96&d=mm&r=g","contentUrl":"https:\/\/secure.gravatar.com\/avatar\/e63ab2ab378e283740d8889fbe2ec43fdcee7ac714a480d705f61cb1e5675c4c?s=96&d=mm&r=g","caption":"La R\u00e9daction CI"},"url":"https:\/\/www.lejournalci.org\/index.php\/author\/noebricendongyahoo-fr\/"}]}},"jetpack_publicize_connections":[],"jetpack_featured_media_url":"https:\/\/www.lejournalci.org\/wp-content\/uploads\/2025\/05\/1000838538-1-edited.jpg","jetpack_sharing_enabled":true,"_links":{"self":[{"href":"https:\/\/www.lejournalci.org\/index.php\/wp-json\/wp\/v2\/posts\/6532","targetHints":{"allow":["GET"]}}],"collection":[{"href":"https:\/\/www.lejournalci.org\/index.php\/wp-json\/wp\/v2\/posts"}],"about":[{"href":"https:\/\/www.lejournalci.org\/index.php\/wp-json\/wp\/v2\/types\/post"}],"author":[{"embeddable":true,"href":"https:\/\/www.lejournalci.org\/index.php\/wp-json\/wp\/v2\/users\/3"}],"replies":[{"embeddable":true,"href":"https:\/\/www.lejournalci.org\/index.php\/wp-json\/wp\/v2\/comments?post=6532"}],"version-history":[{"count":2,"href":"https:\/\/www.lejournalci.org\/index.php\/wp-json\/wp\/v2\/posts\/6532\/revisions"}],"predecessor-version":[{"id":6541,"href":"https:\/\/www.lejournalci.org\/index.php\/wp-json\/wp\/v2\/posts\/6532\/revisions\/6541"}],"wp:featuredmedia":[{"embeddable":true,"href":"https:\/\/www.lejournalci.org\/index.php\/wp-json\/wp\/v2\/media\/6539"}],"wp:attachment":[{"href":"https:\/\/www.lejournalci.org\/index.php\/wp-json\/wp\/v2\/media?parent=6532"}],"wp:term":[{"taxonomy":"category","embeddable":true,"href":"https:\/\/www.lejournalci.org\/index.php\/wp-json\/wp\/v2\/categories?post=6532"},{"taxonomy":"post_tag","embeddable":true,"href":"https:\/\/www.lejournalci.org\/index.php\/wp-json\/wp\/v2\/tags?post=6532"}],"curies":[{"name":"wp","href":"https:\/\/api.w.org\/{rel}","templated":true}]}}