{"id":6525,"date":"2025-05-17T12:10:28","date_gmt":"2025-05-17T12:10:28","guid":{"rendered":"https:\/\/www.lejournalci.org\/?p=6525"},"modified":"2025-05-17T12:10:30","modified_gmt":"2025-05-17T12:10:30","slug":"aes-les-douanes-harmonisent-leurs-procedures-en-vue-dun-commerce-fluide-et-securise","status":"publish","type":"post","link":"https:\/\/www.lejournalci.org\/index.php\/2025\/05\/17\/aes-les-douanes-harmonisent-leurs-procedures-en-vue-dun-commerce-fluide-et-securise\/","title":{"rendered":"AES: Les Douanes harmonisent leurs Proc\u00e9dures en vue d&#8217;un Commerce Fluide et S\u00e9curis\u00e9"},"content":{"rendered":"\n<p>L\u2019h\u00f4tel Radisson Collection de Bamako a servi de cadre  jeudi 15 mai 2025 pour le d\u00e9but de la r\u00e9union des directeurs g\u00e9n\u00e9raux des douanes de la Conf\u00e9d\u00e9ration de l\u2019Alliance des Etats du Sahel (AES). Avec comme th\u00e8me, <strong><em>\u00ab harmonisation des proc\u00e9dures douani\u00e8res pour un commerce fluide et s\u00e9curis\u00e9 dans l\u2019espace AES \u00bb.<\/em><\/strong><\/p>\n\n\n\n<p>La c\u00e9r\u00e9monie a \u00e9t\u00e9 plac\u00e9e sous la pr\u00e9sidence du ministre malien de l\u2019Economie et des Finances, Monsieur Alousseni SANOU accompagn\u00e9 de l\u2019Inspecteur g\u00e9n\u00e9ral Amadou KONATE, Directeur G\u00e9n\u00e9ral des Douanes du Mali, de ceux du Niger et du Burkina Faso.<\/p>\n\n\n\n<p>Dans son discours, le ministre SANOU a indiqu\u00e9 que cette r\u00e9union vise \u00e0 \u00e9valuer l\u2019\u00e9tat d\u2019ex\u00e9cution des recommandations formul\u00e9es lors des pr\u00e9c\u00e9dentes rencontres, de plancher sur les orientations de la rencontre des ministres de l\u2019AES, tenue \u00e0 Bamako sur l\u2019harmonisation des textes juridiques en mati\u00e8re de libre circulation des personnes et des biens au sein de la Conf\u00e9d\u00e9ration, d\u2019aborder toutes les questions s\u00e9curitaires relatives aux fronti\u00e8res, d\u2019analyser et d\u2019adopter les conclusions de la r\u00e9union des experts, d\u2019examiner les avant-projets de textes douaniers.<\/p>\n\n\n\n<p>Parlant de l\u2019harmonisation des textes et proc\u00e9dures, l\u2019assistance administrative mutuelle, la lutte contre les trafics et la criminalit\u00e9 transfrontali\u00e8re, \u00ab Les d\u00e9fis sont certes immenses, a-t-il reconnu\u00bb, mais il a invit\u00e9 les directeurs g\u00e9n\u00e9raux \u00e0 plus d\u2019engagement pour acc\u00e9l\u00e9rer la r\u00e9alisation de l\u2019architecture juridique n\u00e9cessaire en vue de l\u2019harmonisation des proc\u00e9dures douani\u00e8res.<\/p>\n\n\n\n<figure class=\"wp-block-image size-large\"><img loading=\"lazy\" decoding=\"async\" width=\"1024\" height=\"768\" src=\"https:\/\/www.lejournalci.org\/wp-content\/uploads\/2025\/05\/1000838479-1024x768.jpg\" alt=\"\" class=\"wp-image-6526\" srcset=\"https:\/\/www.lejournalci.org\/wp-content\/uploads\/2025\/05\/1000838479-1024x768.jpg 1024w, https:\/\/www.lejournalci.org\/wp-content\/uploads\/2025\/05\/1000838479-300x225.jpg 300w, https:\/\/www.lejournalci.org\/wp-content\/uploads\/2025\/05\/1000838479-768x576.jpg 768w, https:\/\/www.lejournalci.org\/wp-content\/uploads\/2025\/05\/1000838479.jpg 1080w\" sizes=\"auto, (max-width: 1024px) 100vw, 1024px\" \/><\/figure>\n\n\n\n<p>Dans la m\u00eame veine que ses homologues du Mali et du Niger, le Directeur G\u00e9n\u00e9ral des Douanes du Burkina Faso, l&#8217;Inspecteur divisionnaire Adama ILBOUDO estime que les travaux de cette rencontre permettront \u00e0 la Conf\u00e9d\u00e9ration d\u2019avancer vers une v\u00e9ritable harmonisation des proc\u00e9dures, de renforcer la s\u00e9curisation des fronti\u00e8res et de garantir la mobilisation efficace des recettes publiques indispensables au d\u00e9veloppement. \u00ab C\u2019est la preuve que notre Conf\u00e9d\u00e9ration n\u2019est pas simplement une Alliance, mais bien une vision partag\u00e9e, une volont\u00e9 commune de surmonter les d\u00e9fis de notre \u00e9poque \u00bb, a-t-il affirm\u00e9, pr\u00e9cisant que cette rencontre marque une \u00e9tape nouvelle, celle d\u2019un engagement mutuel et renforc\u00e9 entre les administrations douani\u00e8res.<\/p>\n\n\n\n<p>Les travaux de ces deux jours d&#8217;\u00e9changes, pr\u00e9vus du 15 au 16 mai 2025, feront l&#8217;objet d&#8217;une s\u00e9rie de recommandations \u00e0 l&#8217;endroit des \u00c9tats membres de l\u2019AES.<\/p>\n\n\n\n<p><strong><em>Source: Minist\u00e8re de l&#8217;Economie du Burkina Faso.<\/em><\/strong><\/p>\n","protected":false},"excerpt":{"rendered":"<p>L\u2019h\u00f4tel Radisson Collection de Bamako a servi de cadre jeudi 15 mai 2025 pour le d\u00e9but de la r\u00e9union des directeurs g\u00e9n\u00e9raux des douanes de la Conf\u00e9d\u00e9ration de l\u2019Alliance des Etats du Sahel (AES). Avec comme th\u00e8me, \u00ab harmonisation des proc\u00e9dures douani\u00e8res pour un commerce fluide et s\u00e9curis\u00e9 dans l\u2019espace<\/p>\n","protected":false},"author":3,"featured_media":6530,"comment_status":"closed","ping_status":"open","sticky":false,"template":"","format":"standard","meta":{"colormag_page_container_layout":"default_layout","colormag_page_sidebar_layout":"default_layout","_jetpack_memberships_contains_paid_content":false,"footnotes":"","jetpack_publicize_message":"","jetpack_publicize_feature_enabled":true,"jetpack_social_post_already_shared":true,"jetpack_social_options":{"image_generator_settings":{"template":"highway","default_image_id":0,"font":"","enabled":false},"version":2}},"categories":[52],"tags":[],"class_list":["post-6525","post","type-post","status-publish","format-standard","has-post-thumbnail","hentry","category-economie"],"magazineBlocksPostFeaturedMedia":{"thumbnail":"https:\/\/www.lejournalci.org\/wp-content\/uploads\/2025\/05\/1000838477-edited-150x150.jpg","medium":"https:\/\/www.lejournalci.org\/wp-content\/uploads\/2025\/05\/1000838477-edited-300x169.jpg","medium_large":"https:\/\/www.lejournalci.org\/wp-content\/uploads\/2025\/05\/1000838477-edited-768x432.jpg","large":"https:\/\/www.lejournalci.org\/wp-content\/uploads\/2025\/05\/1000838477-edited.jpg","1536x1536":"https:\/\/www.lejournalci.org\/wp-content\/uploads\/2025\/05\/1000838477-edited.jpg","2048x2048":"https:\/\/www.lejournalci.org\/wp-content\/uploads\/2025\/05\/1000838477-edited.jpg","colormag-highlighted-post":"https:\/\/www.lejournalci.org\/wp-content\/uploads\/2025\/05\/1000838477-edited-392x272.jpg","colormag-featured-post-medium":"https:\/\/www.lejournalci.org\/wp-content\/uploads\/2025\/05\/1000838477-edited-390x205.jpg","colormag-featured-post-small":"https:\/\/www.lejournalci.org\/wp-content\/uploads\/2025\/05\/1000838477-edited-130x90.jpg","colormag-featured-image":"https:\/\/www.lejournalci.org\/wp-content\/uploads\/2025\/05\/1000838477-edited-800x445.jpg","colormag-default-news":"https:\/\/www.lejournalci.org\/wp-content\/uploads\/2025\/05\/1000838477-edited-150x150.jpg","colormag-featured-image-large":"https:\/\/www.lejournalci.org\/wp-content\/uploads\/2025\/05\/1000838477-edited.jpg"},"magazineBlocksPostAuthor":{"name":"La R\u00e9daction CI","avatar":"https:\/\/secure.gravatar.com\/avatar\/e63ab2ab378e283740d8889fbe2ec43fdcee7ac714a480d705f61cb1e5675c4c?s=96&d=mm&r=g"},"magazineBlocksPostCommentsNumber":false,"magazineBlocksPostExcerpt":"L\u2019h\u00f4tel Radisson Collection de Bamako a servi de cadre jeudi 15 mai 2025 pour le d\u00e9but de la r\u00e9union des directeurs g\u00e9n\u00e9raux des douanes de la Conf\u00e9d\u00e9ration de l\u2019Alliance des Etats du Sahel (AES). Avec comme th\u00e8me, \u00ab harmonisation des proc\u00e9dures douani\u00e8res pour un commerce fluide et s\u00e9curis\u00e9 dans l\u2019espace","magazineBlocksPostCategories":["ECONOMIE"],"magazineBlocksPostViewCount":645,"magazineBlocksPostReadTime":3,"magazine_blocks_featured_image_url":{"full":["https:\/\/www.lejournalci.org\/wp-content\/uploads\/2025\/05\/1000838477-edited.jpg",960,540,false],"medium":["https:\/\/www.lejournalci.org\/wp-content\/uploads\/2025\/05\/1000838477-edited-300x169.jpg",300,169,true],"thumbnail":["https:\/\/www.lejournalci.org\/wp-content\/uploads\/2025\/05\/1000838477-edited-150x150.jpg",150,150,true]},"magazine_blocks_author":{"display_name":"La R\u00e9daction CI","author_link":"https:\/\/www.lejournalci.org\/index.php\/author\/noebricendongyahoo-fr\/"},"magazine_blocks_comment":0,"magazine_blocks_author_image":"https:\/\/secure.gravatar.com\/avatar\/e63ab2ab378e283740d8889fbe2ec43fdcee7ac714a480d705f61cb1e5675c4c?s=96&d=mm&r=g","magazine_blocks_category":"<a href=\"#\" class=\"category-link category-link-52\">ECONOMIE<\/a>","yoast_head":"<!-- This site is optimized with the Yoast SEO plugin v26.2 - https:\/\/yoast.com\/wordpress\/plugins\/seo\/ -->\n<title>AES: Les Douanes harmonisent leurs Proc\u00e9dures en vue d&#039;un Commerce Fluide et S\u00e9curis\u00e9 - Cooperation Internationale<\/title>\n<meta name=\"robots\" content=\"index, follow, max-snippet:-1, max-image-preview:large, max-video-preview:-1\" \/>\n<link rel=\"canonical\" href=\"https:\/\/www.lejournalci.org\/index.php\/2025\/05\/17\/aes-les-douanes-harmonisent-leurs-procedures-en-vue-dun-commerce-fluide-et-securise\/\" \/>\n<meta property=\"og:locale\" content=\"fr_FR\" \/>\n<meta property=\"og:type\" content=\"article\" \/>\n<meta property=\"og:title\" content=\"AES: Les Douanes harmonisent leurs Proc\u00e9dures en vue d&#039;un Commerce Fluide et S\u00e9curis\u00e9 - Cooperation Internationale\" \/>\n<meta property=\"og:description\" content=\"L\u2019h\u00f4tel Radisson Collection de Bamako a servi de cadre jeudi 15 mai 2025 pour le d\u00e9but de la r\u00e9union des directeurs g\u00e9n\u00e9raux des douanes de la Conf\u00e9d\u00e9ration de l\u2019Alliance des Etats du Sahel (AES). Avec comme th\u00e8me, \u00ab harmonisation des proc\u00e9dures douani\u00e8res pour un commerce fluide et s\u00e9curis\u00e9 dans l\u2019espace\" \/>\n<meta property=\"og:url\" content=\"https:\/\/www.lejournalci.org\/index.php\/2025\/05\/17\/aes-les-douanes-harmonisent-leurs-procedures-en-vue-dun-commerce-fluide-et-securise\/\" \/>\n<meta property=\"og:site_name\" content=\"Cooperation Internationale\" \/>\n<meta property=\"article:publisher\" content=\"https:\/\/www.facebook.com\/journalCI\/\" \/>\n<meta property=\"article:published_time\" content=\"2025-05-17T12:10:28+00:00\" \/>\n<meta property=\"article:modified_time\" content=\"2025-05-17T12:10:30+00:00\" \/>\n<meta property=\"og:image\" content=\"https:\/\/www.lejournalci.org\/wp-content\/uploads\/2025\/05\/1000838477-edited.jpg\" \/>\n\t<meta property=\"og:image:width\" content=\"960\" \/>\n\t<meta property=\"og:image:height\" content=\"540\" \/>\n\t<meta property=\"og:image:type\" content=\"image\/jpeg\" \/>\n<meta name=\"author\" content=\"La R\u00e9daction CI\" \/>\n<meta name=\"twitter:card\" content=\"summary_large_image\" \/>\n<meta name=\"twitter:creator\" content=\"@lejournalc\" \/>\n<meta name=\"twitter:site\" content=\"@lejournalc\" \/>\n<meta name=\"twitter:label1\" content=\"\u00c9crit par\" \/>\n\t<meta name=\"twitter:data1\" content=\"La R\u00e9daction CI\" \/>\n\t<meta name=\"twitter:label2\" content=\"Dur\u00e9e de lecture estim\u00e9e\" \/>\n\t<meta name=\"twitter:data2\" content=\"3 minutes\" \/>\n<script type=\"application\/ld+json\" class=\"yoast-schema-graph\">{\"@context\":\"https:\/\/schema.org\",\"@graph\":[{\"@type\":\"Article\",\"@id\":\"https:\/\/www.lejournalci.org\/index.php\/2025\/05\/17\/aes-les-douanes-harmonisent-leurs-procedures-en-vue-dun-commerce-fluide-et-securise\/#article\",\"isPartOf\":{\"@id\":\"https:\/\/www.lejournalci.org\/index.php\/2025\/05\/17\/aes-les-douanes-harmonisent-leurs-procedures-en-vue-dun-commerce-fluide-et-securise\/\"},\"author\":{\"name\":\"La R\u00e9daction CI\",\"@id\":\"https:\/\/www.lejournalci.org\/#\/schema\/person\/2efe42dc5459aaaf6d89cb27e736002b\"},\"headline\":\"AES: Les Douanes harmonisent leurs Proc\u00e9dures en vue d&#8217;un Commerce Fluide et S\u00e9curis\u00e9\",\"datePublished\":\"2025-05-17T12:10:28+00:00\",\"dateModified\":\"2025-05-17T12:10:30+00:00\",\"mainEntityOfPage\":{\"@id\":\"https:\/\/www.lejournalci.org\/index.php\/2025\/05\/17\/aes-les-douanes-harmonisent-leurs-procedures-en-vue-dun-commerce-fluide-et-securise\/\"},\"wordCount\":457,\"publisher\":{\"@id\":\"https:\/\/www.lejournalci.org\/#organization\"},\"image\":{\"@id\":\"https:\/\/www.lejournalci.org\/index.php\/2025\/05\/17\/aes-les-douanes-harmonisent-leurs-procedures-en-vue-dun-commerce-fluide-et-securise\/#primaryimage\"},\"thumbnailUrl\":\"https:\/\/www.lejournalci.org\/wp-content\/uploads\/2025\/05\/1000838477-edited.jpg\",\"articleSection\":[\"ECONOMIE\"],\"inLanguage\":\"fr-FR\"},{\"@type\":\"WebPage\",\"@id\":\"https:\/\/www.lejournalci.org\/index.php\/2025\/05\/17\/aes-les-douanes-harmonisent-leurs-procedures-en-vue-dun-commerce-fluide-et-securise\/\",\"url\":\"https:\/\/www.lejournalci.org\/index.php\/2025\/05\/17\/aes-les-douanes-harmonisent-leurs-procedures-en-vue-dun-commerce-fluide-et-securise\/\",\"name\":\"AES: Les Douanes harmonisent leurs Proc\u00e9dures en vue d'un Commerce Fluide et S\u00e9curis\u00e9 - Cooperation Internationale\",\"isPartOf\":{\"@id\":\"https:\/\/www.lejournalci.org\/#website\"},\"primaryImageOfPage\":{\"@id\":\"https:\/\/www.lejournalci.org\/index.php\/2025\/05\/17\/aes-les-douanes-harmonisent-leurs-procedures-en-vue-dun-commerce-fluide-et-securise\/#primaryimage\"},\"image\":{\"@id\":\"https:\/\/www.lejournalci.org\/index.php\/2025\/05\/17\/aes-les-douanes-harmonisent-leurs-procedures-en-vue-dun-commerce-fluide-et-securise\/#primaryimage\"},\"thumbnailUrl\":\"https:\/\/www.lejournalci.org\/wp-content\/uploads\/2025\/05\/1000838477-edited.jpg\",\"datePublished\":\"2025-05-17T12:10:28+00:00\",\"dateModified\":\"2025-05-17T12:10:30+00:00\",\"breadcrumb\":{\"@id\":\"https:\/\/www.lejournalci.org\/index.php\/2025\/05\/17\/aes-les-douanes-harmonisent-leurs-procedures-en-vue-dun-commerce-fluide-et-securise\/#breadcrumb\"},\"inLanguage\":\"fr-FR\",\"potentialAction\":[{\"@type\":\"ReadAction\",\"target\":[\"https:\/\/www.lejournalci.org\/index.php\/2025\/05\/17\/aes-les-douanes-harmonisent-leurs-procedures-en-vue-dun-commerce-fluide-et-securise\/\"]}]},{\"@type\":\"ImageObject\",\"inLanguage\":\"fr-FR\",\"@id\":\"https:\/\/www.lejournalci.org\/index.php\/2025\/05\/17\/aes-les-douanes-harmonisent-leurs-procedures-en-vue-dun-commerce-fluide-et-securise\/#primaryimage\",\"url\":\"https:\/\/www.lejournalci.org\/wp-content\/uploads\/2025\/05\/1000838477-edited.jpg\",\"contentUrl\":\"https:\/\/www.lejournalci.org\/wp-content\/uploads\/2025\/05\/1000838477-edited.jpg\",\"width\":960,\"height\":540},{\"@type\":\"BreadcrumbList\",\"@id\":\"https:\/\/www.lejournalci.org\/index.php\/2025\/05\/17\/aes-les-douanes-harmonisent-leurs-procedures-en-vue-dun-commerce-fluide-et-securise\/#breadcrumb\",\"itemListElement\":[{\"@type\":\"ListItem\",\"position\":1,\"name\":\"Accueil\",\"item\":\"https:\/\/www.lejournalci.org\/\"},{\"@type\":\"ListItem\",\"position\":2,\"name\":\"AES: Les Douanes harmonisent leurs Proc\u00e9dures en vue d&#8217;un Commerce Fluide et S\u00e9curis\u00e9\"}]},{\"@type\":\"WebSite\",\"@id\":\"https:\/\/www.lejournalci.org\/#website\",\"url\":\"https:\/\/www.lejournalci.org\/\",\"name\":\"Cooperation Internationale\",\"description\":\"Faire de la Coop\u00e9ration un Puissant Instrument de D\u00e9veloppement\",\"publisher\":{\"@id\":\"https:\/\/www.lejournalci.org\/#organization\"},\"potentialAction\":[{\"@type\":\"SearchAction\",\"target\":{\"@type\":\"EntryPoint\",\"urlTemplate\":\"https:\/\/www.lejournalci.org\/?s={search_term_string}\"},\"query-input\":{\"@type\":\"PropertyValueSpecification\",\"valueRequired\":true,\"valueName\":\"search_term_string\"}}],\"inLanguage\":\"fr-FR\"},{\"@type\":\"Organization\",\"@id\":\"https:\/\/www.lejournalci.org\/#organization\",\"name\":\"Cooperation Internationale\",\"url\":\"https:\/\/www.lejournalci.org\/\",\"logo\":{\"@type\":\"ImageObject\",\"inLanguage\":\"fr-FR\",\"@id\":\"https:\/\/www.lejournalci.org\/#\/schema\/logo\/image\/\",\"url\":\"https:\/\/www.lejournalci.org\/wp-content\/uploads\/2024\/12\/logo-coopint_HD_3.jpg\",\"contentUrl\":\"https:\/\/www.lejournalci.org\/wp-content\/uploads\/2024\/12\/logo-coopint_HD_3.jpg\",\"width\":700,\"height\":214,\"caption\":\"Cooperation Internationale\"},\"image\":{\"@id\":\"https:\/\/www.lejournalci.org\/#\/schema\/logo\/image\/\"},\"sameAs\":[\"https:\/\/www.facebook.com\/journalCI\/\",\"https:\/\/x.com\/lejournalc\"]},{\"@type\":\"Person\",\"@id\":\"https:\/\/www.lejournalci.org\/#\/schema\/person\/2efe42dc5459aaaf6d89cb27e736002b\",\"name\":\"La R\u00e9daction CI\",\"image\":{\"@type\":\"ImageObject\",\"inLanguage\":\"fr-FR\",\"@id\":\"https:\/\/www.lejournalci.org\/#\/schema\/person\/image\/\",\"url\":\"https:\/\/secure.gravatar.com\/avatar\/e63ab2ab378e283740d8889fbe2ec43fdcee7ac714a480d705f61cb1e5675c4c?s=96&d=mm&r=g\",\"contentUrl\":\"https:\/\/secure.gravatar.com\/avatar\/e63ab2ab378e283740d8889fbe2ec43fdcee7ac714a480d705f61cb1e5675c4c?s=96&d=mm&r=g\",\"caption\":\"La R\u00e9daction CI\"},\"url\":\"https:\/\/www.lejournalci.org\/index.php\/author\/noebricendongyahoo-fr\/\"}]}<\/script>\n<!-- \/ Yoast SEO plugin. -->","yoast_head_json":{"title":"AES: Les Douanes harmonisent leurs Proc\u00e9dures en vue d'un Commerce Fluide et S\u00e9curis\u00e9 - Cooperation Internationale","robots":{"index":"index","follow":"follow","max-snippet":"max-snippet:-1","max-image-preview":"max-image-preview:large","max-video-preview":"max-video-preview:-1"},"canonical":"https:\/\/www.lejournalci.org\/index.php\/2025\/05\/17\/aes-les-douanes-harmonisent-leurs-procedures-en-vue-dun-commerce-fluide-et-securise\/","og_locale":"fr_FR","og_type":"article","og_title":"AES: Les Douanes harmonisent leurs Proc\u00e9dures en vue d'un Commerce Fluide et S\u00e9curis\u00e9 - Cooperation Internationale","og_description":"L\u2019h\u00f4tel Radisson Collection de Bamako a servi de cadre jeudi 15 mai 2025 pour le d\u00e9but de la r\u00e9union des directeurs g\u00e9n\u00e9raux des douanes de la Conf\u00e9d\u00e9ration de l\u2019Alliance des Etats du Sahel (AES). Avec comme th\u00e8me, \u00ab harmonisation des proc\u00e9dures douani\u00e8res pour un commerce fluide et s\u00e9curis\u00e9 dans l\u2019espace","og_url":"https:\/\/www.lejournalci.org\/index.php\/2025\/05\/17\/aes-les-douanes-harmonisent-leurs-procedures-en-vue-dun-commerce-fluide-et-securise\/","og_site_name":"Cooperation Internationale","article_publisher":"https:\/\/www.facebook.com\/journalCI\/","article_published_time":"2025-05-17T12:10:28+00:00","article_modified_time":"2025-05-17T12:10:30+00:00","og_image":[{"width":960,"height":540,"url":"https:\/\/www.lejournalci.org\/wp-content\/uploads\/2025\/05\/1000838477-edited.jpg","type":"image\/jpeg"}],"author":"La R\u00e9daction CI","twitter_card":"summary_large_image","twitter_creator":"@lejournalc","twitter_site":"@lejournalc","twitter_misc":{"\u00c9crit par":"La R\u00e9daction CI","Dur\u00e9e de lecture estim\u00e9e":"3 minutes"},"schema":{"@context":"https:\/\/schema.org","@graph":[{"@type":"Article","@id":"https:\/\/www.lejournalci.org\/index.php\/2025\/05\/17\/aes-les-douanes-harmonisent-leurs-procedures-en-vue-dun-commerce-fluide-et-securise\/#article","isPartOf":{"@id":"https:\/\/www.lejournalci.org\/index.php\/2025\/05\/17\/aes-les-douanes-harmonisent-leurs-procedures-en-vue-dun-commerce-fluide-et-securise\/"},"author":{"name":"La R\u00e9daction CI","@id":"https:\/\/www.lejournalci.org\/#\/schema\/person\/2efe42dc5459aaaf6d89cb27e736002b"},"headline":"AES: Les Douanes harmonisent leurs Proc\u00e9dures en vue d&#8217;un Commerce Fluide et S\u00e9curis\u00e9","datePublished":"2025-05-17T12:10:28+00:00","dateModified":"2025-05-17T12:10:30+00:00","mainEntityOfPage":{"@id":"https:\/\/www.lejournalci.org\/index.php\/2025\/05\/17\/aes-les-douanes-harmonisent-leurs-procedures-en-vue-dun-commerce-fluide-et-securise\/"},"wordCount":457,"publisher":{"@id":"https:\/\/www.lejournalci.org\/#organization"},"image":{"@id":"https:\/\/www.lejournalci.org\/index.php\/2025\/05\/17\/aes-les-douanes-harmonisent-leurs-procedures-en-vue-dun-commerce-fluide-et-securise\/#primaryimage"},"thumbnailUrl":"https:\/\/www.lejournalci.org\/wp-content\/uploads\/2025\/05\/1000838477-edited.jpg","articleSection":["ECONOMIE"],"inLanguage":"fr-FR"},{"@type":"WebPage","@id":"https:\/\/www.lejournalci.org\/index.php\/2025\/05\/17\/aes-les-douanes-harmonisent-leurs-procedures-en-vue-dun-commerce-fluide-et-securise\/","url":"https:\/\/www.lejournalci.org\/index.php\/2025\/05\/17\/aes-les-douanes-harmonisent-leurs-procedures-en-vue-dun-commerce-fluide-et-securise\/","name":"AES: Les Douanes harmonisent leurs Proc\u00e9dures en vue d'un Commerce Fluide et S\u00e9curis\u00e9 - Cooperation Internationale","isPartOf":{"@id":"https:\/\/www.lejournalci.org\/#website"},"primaryImageOfPage":{"@id":"https:\/\/www.lejournalci.org\/index.php\/2025\/05\/17\/aes-les-douanes-harmonisent-leurs-procedures-en-vue-dun-commerce-fluide-et-securise\/#primaryimage"},"image":{"@id":"https:\/\/www.lejournalci.org\/index.php\/2025\/05\/17\/aes-les-douanes-harmonisent-leurs-procedures-en-vue-dun-commerce-fluide-et-securise\/#primaryimage"},"thumbnailUrl":"https:\/\/www.lejournalci.org\/wp-content\/uploads\/2025\/05\/1000838477-edited.jpg","datePublished":"2025-05-17T12:10:28+00:00","dateModified":"2025-05-17T12:10:30+00:00","breadcrumb":{"@id":"https:\/\/www.lejournalci.org\/index.php\/2025\/05\/17\/aes-les-douanes-harmonisent-leurs-procedures-en-vue-dun-commerce-fluide-et-securise\/#breadcrumb"},"inLanguage":"fr-FR","potentialAction":[{"@type":"ReadAction","target":["https:\/\/www.lejournalci.org\/index.php\/2025\/05\/17\/aes-les-douanes-harmonisent-leurs-procedures-en-vue-dun-commerce-fluide-et-securise\/"]}]},{"@type":"ImageObject","inLanguage":"fr-FR","@id":"https:\/\/www.lejournalci.org\/index.php\/2025\/05\/17\/aes-les-douanes-harmonisent-leurs-procedures-en-vue-dun-commerce-fluide-et-securise\/#primaryimage","url":"https:\/\/www.lejournalci.org\/wp-content\/uploads\/2025\/05\/1000838477-edited.jpg","contentUrl":"https:\/\/www.lejournalci.org\/wp-content\/uploads\/2025\/05\/1000838477-edited.jpg","width":960,"height":540},{"@type":"BreadcrumbList","@id":"https:\/\/www.lejournalci.org\/index.php\/2025\/05\/17\/aes-les-douanes-harmonisent-leurs-procedures-en-vue-dun-commerce-fluide-et-securise\/#breadcrumb","itemListElement":[{"@type":"ListItem","position":1,"name":"Accueil","item":"https:\/\/www.lejournalci.org\/"},{"@type":"ListItem","position":2,"name":"AES: Les Douanes harmonisent leurs Proc\u00e9dures en vue d&#8217;un Commerce Fluide et S\u00e9curis\u00e9"}]},{"@type":"WebSite","@id":"https:\/\/www.lejournalci.org\/#website","url":"https:\/\/www.lejournalci.org\/","name":"Cooperation Internationale","description":"Faire de la Coop\u00e9ration un Puissant Instrument de D\u00e9veloppement","publisher":{"@id":"https:\/\/www.lejournalci.org\/#organization"},"potentialAction":[{"@type":"SearchAction","target":{"@type":"EntryPoint","urlTemplate":"https:\/\/www.lejournalci.org\/?s={search_term_string}"},"query-input":{"@type":"PropertyValueSpecification","valueRequired":true,"valueName":"search_term_string"}}],"inLanguage":"fr-FR"},{"@type":"Organization","@id":"https:\/\/www.lejournalci.org\/#organization","name":"Cooperation Internationale","url":"https:\/\/www.lejournalci.org\/","logo":{"@type":"ImageObject","inLanguage":"fr-FR","@id":"https:\/\/www.lejournalci.org\/#\/schema\/logo\/image\/","url":"https:\/\/www.lejournalci.org\/wp-content\/uploads\/2024\/12\/logo-coopint_HD_3.jpg","contentUrl":"https:\/\/www.lejournalci.org\/wp-content\/uploads\/2024\/12\/logo-coopint_HD_3.jpg","width":700,"height":214,"caption":"Cooperation Internationale"},"image":{"@id":"https:\/\/www.lejournalci.org\/#\/schema\/logo\/image\/"},"sameAs":["https:\/\/www.facebook.com\/journalCI\/","https:\/\/x.com\/lejournalc"]},{"@type":"Person","@id":"https:\/\/www.lejournalci.org\/#\/schema\/person\/2efe42dc5459aaaf6d89cb27e736002b","name":"La R\u00e9daction CI","image":{"@type":"ImageObject","inLanguage":"fr-FR","@id":"https:\/\/www.lejournalci.org\/#\/schema\/person\/image\/","url":"https:\/\/secure.gravatar.com\/avatar\/e63ab2ab378e283740d8889fbe2ec43fdcee7ac714a480d705f61cb1e5675c4c?s=96&d=mm&r=g","contentUrl":"https:\/\/secure.gravatar.com\/avatar\/e63ab2ab378e283740d8889fbe2ec43fdcee7ac714a480d705f61cb1e5675c4c?s=96&d=mm&r=g","caption":"La R\u00e9daction CI"},"url":"https:\/\/www.lejournalci.org\/index.php\/author\/noebricendongyahoo-fr\/"}]}},"jetpack_publicize_connections":[],"jetpack_featured_media_url":"https:\/\/www.lejournalci.org\/wp-content\/uploads\/2025\/05\/1000838477-edited.jpg","jetpack_sharing_enabled":true,"_links":{"self":[{"href":"https:\/\/www.lejournalci.org\/index.php\/wp-json\/wp\/v2\/posts\/6525","targetHints":{"allow":["GET"]}}],"collection":[{"href":"https:\/\/www.lejournalci.org\/index.php\/wp-json\/wp\/v2\/posts"}],"about":[{"href":"https:\/\/www.lejournalci.org\/index.php\/wp-json\/wp\/v2\/types\/post"}],"author":[{"embeddable":true,"href":"https:\/\/www.lejournalci.org\/index.php\/wp-json\/wp\/v2\/users\/3"}],"replies":[{"embeddable":true,"href":"https:\/\/www.lejournalci.org\/index.php\/wp-json\/wp\/v2\/comments?post=6525"}],"version-history":[{"count":1,"href":"https:\/\/www.lejournalci.org\/index.php\/wp-json\/wp\/v2\/posts\/6525\/revisions"}],"predecessor-version":[{"id":6531,"href":"https:\/\/www.lejournalci.org\/index.php\/wp-json\/wp\/v2\/posts\/6525\/revisions\/6531"}],"wp:featuredmedia":[{"embeddable":true,"href":"https:\/\/www.lejournalci.org\/index.php\/wp-json\/wp\/v2\/media\/6530"}],"wp:attachment":[{"href":"https:\/\/www.lejournalci.org\/index.php\/wp-json\/wp\/v2\/media?parent=6525"}],"wp:term":[{"taxonomy":"category","embeddable":true,"href":"https:\/\/www.lejournalci.org\/index.php\/wp-json\/wp\/v2\/categories?post=6525"},{"taxonomy":"post_tag","embeddable":true,"href":"https:\/\/www.lejournalci.org\/index.php\/wp-json\/wp\/v2\/tags?post=6525"}],"curies":[{"name":"wp","href":"https:\/\/api.w.org\/{rel}","templated":true}]}}