{"id":6517,"date":"2025-05-17T11:36:05","date_gmt":"2025-05-17T11:36:05","guid":{"rendered":"https:\/\/www.lejournalci.org\/?p=6517"},"modified":"2025-05-17T11:36:07","modified_gmt":"2025-05-17T11:36:07","slug":"rdc-lhommage-de-felix-tshisekedi-a-g-a-forrest-pour-son-livre-lafrique-peut-nourrir-le-monde","status":"publish","type":"post","link":"https:\/\/www.lejournalci.org\/index.php\/2025\/05\/17\/rdc-lhommage-de-felix-tshisekedi-a-g-a-forrest-pour-son-livre-lafrique-peut-nourrir-le-monde\/","title":{"rendered":"RDC: L&#8217;hommage de F\u00e9lix Tshisekedi \u00e0 G.A Forrest pour son  livre \u00ab L\u2019Afrique peut nourrir le monde \u00bb"},"content":{"rendered":"\n<p>Le mercredi 14 mai 2025 au Fleuve Congo H\u00f4tel, le Chef de l\u2019\u00c9tat F\u00e9lix Tshisekedi a pr\u00e9sid\u00e9 la c\u00e9r\u00e9monie de vernissage de l\u2019ouvrage intitul\u00e9 \u00ab <em>l\u2019Afrique peut nourrir le monde \u00bb. <\/em>Cette \u0153uvre litt\u00e9raire est une production de l\u2019entrepreneur belge George Arthur Forrest pour qui la souverainet\u00e9 alimentaire est un sujet crucial et d\u00e9terminant pour le futur.<\/p>\n\n\n\n<blockquote class=\"wp-block-quote is-layout-flow wp-block-quote-is-layout-flow\">\n<p> Merci George pour cette contribution tr\u00e8s importante \u00e0 la R\u00e9publique D\u00e9mocratique du Congo, mais aussi \u00e0 l\u2019Afrique, car cela va vraiment \u00eatre une sorte de bible pour ceux qui vont se lancer avec nous dans ce r\u00eave de faire \u00a0la revanche de l\u2019agriculture sur les mines \u00bb, a d\u00e9clar\u00e9 le Pr\u00e9sident de la R\u00e9publique en baptisant cet ouvrage.<\/p>\n<\/blockquote>\n\n\n\n<p>Dans son allocution, &nbsp;George Arthur Forrest a indiqu\u00e9 que \u00ab par son importance vitale, l\u2019agriculture est au c\u0153ur de la vie et doit de ce fait \u00eatre hiss\u00e9e comme une priorit\u00e9 dans la d\u00e9finition et la mise en \u0153uvre de nos politiques publiques. \u00bb<\/p>\n\n\n\n<figure class=\"wp-block-image size-full\"><img loading=\"lazy\" decoding=\"async\" width=\"720\" height=\"405\" src=\"https:\/\/www.lejournalci.org\/wp-content\/uploads\/2025\/05\/1000838354-edited.jpg\" alt=\"\" class=\"wp-image-6519\" srcset=\"https:\/\/www.lejournalci.org\/wp-content\/uploads\/2025\/05\/1000838354-edited.jpg 720w, https:\/\/www.lejournalci.org\/wp-content\/uploads\/2025\/05\/1000838354-edited-300x169.jpg 300w\" sizes=\"auto, (max-width: 720px) 100vw, 720px\" \/><figcaption class=\"wp-element-caption\"><em>Georges Arthur Forrest, auteur du livre &#8221; l&#8217;Afrique peut nourrir le monde&#8221; lors de sa pr\u00e9sentation le 14\/05\/2025 \u00e0 Kinshasa \u00a9 Photo Pr\u00e9sidence de la RDC<\/em><\/figcaption><\/figure>\n\n\n\n<p>\u00ab Dans un contexte o\u00f9 le continent demeure d\u00e9pendant des importations pour nourrir sa population, il ne saurait y avoir de doute sur notre volont\u00e9 d\u2019inculquer une r\u00e9volution agricole, afin de permettre aux citoyens africains de consommer ce que l\u2019Afrique, notre terre-m\u00e8re, est capable de produire \u00bb, a-t-il affirm\u00e9.&nbsp;<\/p>\n\n\n\n<p>Intervenu plus t\u00f4t, le po\u00e8te s\u00e9n\u00e9galais Amidou Sall qui d\u00e9crit l\u2019auteur comme \u00ab un enfant du risque \u00bb a fait savoir que ce \u00ab livre est un culte, un plaidoyer, une expression poignante d\u2019une douleur qui se mue en esp\u00e9rance : un hymne pour une Afrique debout, souveraine et conqu\u00e9rante. \u00bb<\/p>\n\n\n\n<figure class=\"wp-block-image size-full\"><img loading=\"lazy\" decoding=\"async\" width=\"688\" height=\"387\" src=\"https:\/\/www.lejournalci.org\/wp-content\/uploads\/2025\/05\/1000838369-edited.jpg\" alt=\"\" class=\"wp-image-6521\" srcset=\"https:\/\/www.lejournalci.org\/wp-content\/uploads\/2025\/05\/1000838369-edited.jpg 688w, https:\/\/www.lejournalci.org\/wp-content\/uploads\/2025\/05\/1000838369-edited-300x169.jpg 300w\" sizes=\"auto, (max-width: 688px) 100vw, 688px\" \/><figcaption class=\"wp-element-caption\">Photo de famille avec le Pr\u00e9sident F\u00e9lix Tshisekedi<\/figcaption><\/figure>\n\n\n\n<p>George Arthur Forrest est un entrepreneur belge, d\u2019origine n\u00e9o-z\u00e9landaise, essentiellement actif en Afrique centrale dans les domaines des \u00e9nergies renouvelables (\u00e9olienne et hydro\u00e9lectrique), des travaux publics, de la m\u00e9tallurgie, de l\u2019agroalimentaire et de l\u2019aviation. Il est \u00e9galement connu pour ses initiatives philanthropiques.<\/p>\n\n\n\n<p>L\u2019homme est \u00e0 la t\u00eate du Groupe Forrest, un groupe de soci\u00e9t\u00e9s parmi lesquelles Congo Energy, Entreprise G\u00e9n\u00e9rale Malta Forrest, Grands \u00c9levages de Katongola, Grelka EGMF Kenya, NBLIA, etc.<\/p>\n\n\n\n<p><em>Source: Presidence de la RDC<\/em><\/p>\n","protected":false},"excerpt":{"rendered":"<p>Le mercredi 14 mai 2025 au Fleuve Congo H\u00f4tel, le Chef de l\u2019\u00c9tat F\u00e9lix Tshisekedi a pr\u00e9sid\u00e9 la c\u00e9r\u00e9monie de vernissage de l\u2019ouvrage intitul\u00e9 \u00ab l\u2019Afrique peut nourrir le monde \u00bb. Cette \u0153uvre litt\u00e9raire est une production de l\u2019entrepreneur belge George Arthur Forrest pour qui la souverainet\u00e9 alimentaire est un<\/p>\n","protected":false},"author":3,"featured_media":6523,"comment_status":"closed","ping_status":"open","sticky":false,"template":"","format":"standard","meta":{"colormag_page_container_layout":"default_layout","colormag_page_sidebar_layout":"default_layout","_jetpack_memberships_contains_paid_content":false,"footnotes":"","jetpack_publicize_message":"","jetpack_publicize_feature_enabled":true,"jetpack_social_post_already_shared":true,"jetpack_social_options":{"image_generator_settings":{"template":"highway","default_image_id":0,"font":"","enabled":false},"version":2}},"categories":[51],"tags":[],"class_list":["post-6517","post","type-post","status-publish","format-standard","has-post-thumbnail","hentry","category-diplomatie"],"magazineBlocksPostFeaturedMedia":{"thumbnail":"https:\/\/www.lejournalci.org\/wp-content\/uploads\/2025\/05\/1000838365-edited-150x150.jpg","medium":"https:\/\/www.lejournalci.org\/wp-content\/uploads\/2025\/05\/1000838365-edited-300x169.jpg","medium_large":"https:\/\/www.lejournalci.org\/wp-content\/uploads\/2025\/05\/1000838365-edited-768x432.jpg","large":"https:\/\/www.lejournalci.org\/wp-content\/uploads\/2025\/05\/1000838365-edited.jpg","1536x1536":"https:\/\/www.lejournalci.org\/wp-content\/uploads\/2025\/05\/1000838365-edited.jpg","2048x2048":"https:\/\/www.lejournalci.org\/wp-content\/uploads\/2025\/05\/1000838365-edited.jpg","colormag-highlighted-post":"https:\/\/www.lejournalci.org\/wp-content\/uploads\/2025\/05\/1000838365-edited-392x272.jpg","colormag-featured-post-medium":"https:\/\/www.lejournalci.org\/wp-content\/uploads\/2025\/05\/1000838365-edited-390x205.jpg","colormag-featured-post-small":"https:\/\/www.lejournalci.org\/wp-content\/uploads\/2025\/05\/1000838365-edited-130x90.jpg","colormag-featured-image":"https:\/\/www.lejournalci.org\/wp-content\/uploads\/2025\/05\/1000838365-edited-800x445.jpg","colormag-default-news":"https:\/\/www.lejournalci.org\/wp-content\/uploads\/2025\/05\/1000838365-edited-150x150.jpg","colormag-featured-image-large":"https:\/\/www.lejournalci.org\/wp-content\/uploads\/2025\/05\/1000838365-edited.jpg"},"magazineBlocksPostAuthor":{"name":"La R\u00e9daction CI","avatar":"https:\/\/secure.gravatar.com\/avatar\/e63ab2ab378e283740d8889fbe2ec43fdcee7ac714a480d705f61cb1e5675c4c?s=96&d=mm&r=g"},"magazineBlocksPostCommentsNumber":false,"magazineBlocksPostExcerpt":"Le mercredi 14 mai 2025 au Fleuve Congo H\u00f4tel, le Chef de l\u2019\u00c9tat F\u00e9lix Tshisekedi a pr\u00e9sid\u00e9 la c\u00e9r\u00e9monie de vernissage de l\u2019ouvrage intitul\u00e9 \u00ab l\u2019Afrique peut nourrir le monde \u00bb. Cette \u0153uvre litt\u00e9raire est une production de l\u2019entrepreneur belge George Arthur Forrest pour qui la souverainet\u00e9 alimentaire est un","magazineBlocksPostCategories":["DIPLOMATIE"],"magazineBlocksPostViewCount":627,"magazineBlocksPostReadTime":3,"magazine_blocks_featured_image_url":{"full":["https:\/\/www.lejournalci.org\/wp-content\/uploads\/2025\/05\/1000838365-edited.jpg",976,549,false],"medium":["https:\/\/www.lejournalci.org\/wp-content\/uploads\/2025\/05\/1000838365-edited-300x169.jpg",300,169,true],"thumbnail":["https:\/\/www.lejournalci.org\/wp-content\/uploads\/2025\/05\/1000838365-edited-150x150.jpg",150,150,true]},"magazine_blocks_author":{"display_name":"La R\u00e9daction CI","author_link":"https:\/\/www.lejournalci.org\/index.php\/author\/noebricendongyahoo-fr\/"},"magazine_blocks_comment":0,"magazine_blocks_author_image":"https:\/\/secure.gravatar.com\/avatar\/e63ab2ab378e283740d8889fbe2ec43fdcee7ac714a480d705f61cb1e5675c4c?s=96&d=mm&r=g","magazine_blocks_category":"<a href=\"#\" class=\"category-link category-link-51\">DIPLOMATIE<\/a>","yoast_head":"<!-- This site is optimized with the Yoast SEO plugin v26.2 - https:\/\/yoast.com\/wordpress\/plugins\/seo\/ -->\n<title>RDC: L&#039;hommage de F\u00e9lix Tshisekedi \u00e0 G.A Forrest pour son livre \u00ab L\u2019Afrique peut nourrir le monde \u00bb - Cooperation Internationale<\/title>\n<meta name=\"robots\" content=\"index, follow, max-snippet:-1, max-image-preview:large, max-video-preview:-1\" \/>\n<link rel=\"canonical\" href=\"https:\/\/www.lejournalci.org\/index.php\/2025\/05\/17\/rdc-lhommage-de-felix-tshisekedi-a-g-a-forrest-pour-son-livre-lafrique-peut-nourrir-le-monde\/\" \/>\n<meta property=\"og:locale\" content=\"fr_FR\" \/>\n<meta property=\"og:type\" content=\"article\" \/>\n<meta property=\"og:title\" content=\"RDC: L&#039;hommage de F\u00e9lix Tshisekedi \u00e0 G.A Forrest pour son livre \u00ab L\u2019Afrique peut nourrir le monde \u00bb - Cooperation Internationale\" \/>\n<meta property=\"og:description\" content=\"Le mercredi 14 mai 2025 au Fleuve Congo H\u00f4tel, le Chef de l\u2019\u00c9tat F\u00e9lix Tshisekedi a pr\u00e9sid\u00e9 la c\u00e9r\u00e9monie de vernissage de l\u2019ouvrage intitul\u00e9 \u00ab l\u2019Afrique peut nourrir le monde \u00bb. Cette \u0153uvre litt\u00e9raire est une production de l\u2019entrepreneur belge George Arthur Forrest pour qui la souverainet\u00e9 alimentaire est un\" \/>\n<meta property=\"og:url\" content=\"https:\/\/www.lejournalci.org\/index.php\/2025\/05\/17\/rdc-lhommage-de-felix-tshisekedi-a-g-a-forrest-pour-son-livre-lafrique-peut-nourrir-le-monde\/\" \/>\n<meta property=\"og:site_name\" content=\"Cooperation Internationale\" \/>\n<meta property=\"article:publisher\" content=\"https:\/\/www.facebook.com\/journalCI\/\" \/>\n<meta property=\"article:published_time\" content=\"2025-05-17T11:36:05+00:00\" \/>\n<meta property=\"article:modified_time\" content=\"2025-05-17T11:36:07+00:00\" \/>\n<meta property=\"og:image\" content=\"https:\/\/www.lejournalci.org\/wp-content\/uploads\/2025\/05\/1000838365-edited.jpg\" \/>\n\t<meta property=\"og:image:width\" content=\"976\" \/>\n\t<meta property=\"og:image:height\" content=\"549\" \/>\n\t<meta property=\"og:image:type\" content=\"image\/jpeg\" \/>\n<meta name=\"author\" content=\"La R\u00e9daction CI\" \/>\n<meta name=\"twitter:card\" content=\"summary_large_image\" \/>\n<meta name=\"twitter:creator\" content=\"@lejournalc\" \/>\n<meta name=\"twitter:site\" content=\"@lejournalc\" \/>\n<meta name=\"twitter:label1\" content=\"\u00c9crit par\" \/>\n\t<meta name=\"twitter:data1\" content=\"La R\u00e9daction CI\" \/>\n\t<meta name=\"twitter:label2\" content=\"Dur\u00e9e de lecture estim\u00e9e\" \/>\n\t<meta name=\"twitter:data2\" content=\"3 minutes\" \/>\n<script type=\"application\/ld+json\" class=\"yoast-schema-graph\">{\"@context\":\"https:\/\/schema.org\",\"@graph\":[{\"@type\":\"Article\",\"@id\":\"https:\/\/www.lejournalci.org\/index.php\/2025\/05\/17\/rdc-lhommage-de-felix-tshisekedi-a-g-a-forrest-pour-son-livre-lafrique-peut-nourrir-le-monde\/#article\",\"isPartOf\":{\"@id\":\"https:\/\/www.lejournalci.org\/index.php\/2025\/05\/17\/rdc-lhommage-de-felix-tshisekedi-a-g-a-forrest-pour-son-livre-lafrique-peut-nourrir-le-monde\/\"},\"author\":{\"name\":\"La R\u00e9daction CI\",\"@id\":\"https:\/\/www.lejournalci.org\/#\/schema\/person\/2efe42dc5459aaaf6d89cb27e736002b\"},\"headline\":\"RDC: L&#8217;hommage de F\u00e9lix Tshisekedi \u00e0 G.A Forrest pour son livre \u00ab L\u2019Afrique peut nourrir le monde \u00bb\",\"datePublished\":\"2025-05-17T11:36:05+00:00\",\"dateModified\":\"2025-05-17T11:36:07+00:00\",\"mainEntityOfPage\":{\"@id\":\"https:\/\/www.lejournalci.org\/index.php\/2025\/05\/17\/rdc-lhommage-de-felix-tshisekedi-a-g-a-forrest-pour-son-livre-lafrique-peut-nourrir-le-monde\/\"},\"wordCount\":425,\"publisher\":{\"@id\":\"https:\/\/www.lejournalci.org\/#organization\"},\"image\":{\"@id\":\"https:\/\/www.lejournalci.org\/index.php\/2025\/05\/17\/rdc-lhommage-de-felix-tshisekedi-a-g-a-forrest-pour-son-livre-lafrique-peut-nourrir-le-monde\/#primaryimage\"},\"thumbnailUrl\":\"https:\/\/www.lejournalci.org\/wp-content\/uploads\/2025\/05\/1000838365-edited.jpg\",\"articleSection\":[\"DIPLOMATIE\"],\"inLanguage\":\"fr-FR\"},{\"@type\":\"WebPage\",\"@id\":\"https:\/\/www.lejournalci.org\/index.php\/2025\/05\/17\/rdc-lhommage-de-felix-tshisekedi-a-g-a-forrest-pour-son-livre-lafrique-peut-nourrir-le-monde\/\",\"url\":\"https:\/\/www.lejournalci.org\/index.php\/2025\/05\/17\/rdc-lhommage-de-felix-tshisekedi-a-g-a-forrest-pour-son-livre-lafrique-peut-nourrir-le-monde\/\",\"name\":\"RDC: L'hommage de F\u00e9lix Tshisekedi \u00e0 G.A Forrest pour son livre \u00ab L\u2019Afrique peut nourrir le monde \u00bb - Cooperation Internationale\",\"isPartOf\":{\"@id\":\"https:\/\/www.lejournalci.org\/#website\"},\"primaryImageOfPage\":{\"@id\":\"https:\/\/www.lejournalci.org\/index.php\/2025\/05\/17\/rdc-lhommage-de-felix-tshisekedi-a-g-a-forrest-pour-son-livre-lafrique-peut-nourrir-le-monde\/#primaryimage\"},\"image\":{\"@id\":\"https:\/\/www.lejournalci.org\/index.php\/2025\/05\/17\/rdc-lhommage-de-felix-tshisekedi-a-g-a-forrest-pour-son-livre-lafrique-peut-nourrir-le-monde\/#primaryimage\"},\"thumbnailUrl\":\"https:\/\/www.lejournalci.org\/wp-content\/uploads\/2025\/05\/1000838365-edited.jpg\",\"datePublished\":\"2025-05-17T11:36:05+00:00\",\"dateModified\":\"2025-05-17T11:36:07+00:00\",\"breadcrumb\":{\"@id\":\"https:\/\/www.lejournalci.org\/index.php\/2025\/05\/17\/rdc-lhommage-de-felix-tshisekedi-a-g-a-forrest-pour-son-livre-lafrique-peut-nourrir-le-monde\/#breadcrumb\"},\"inLanguage\":\"fr-FR\",\"potentialAction\":[{\"@type\":\"ReadAction\",\"target\":[\"https:\/\/www.lejournalci.org\/index.php\/2025\/05\/17\/rdc-lhommage-de-felix-tshisekedi-a-g-a-forrest-pour-son-livre-lafrique-peut-nourrir-le-monde\/\"]}]},{\"@type\":\"ImageObject\",\"inLanguage\":\"fr-FR\",\"@id\":\"https:\/\/www.lejournalci.org\/index.php\/2025\/05\/17\/rdc-lhommage-de-felix-tshisekedi-a-g-a-forrest-pour-son-livre-lafrique-peut-nourrir-le-monde\/#primaryimage\",\"url\":\"https:\/\/www.lejournalci.org\/wp-content\/uploads\/2025\/05\/1000838365-edited.jpg\",\"contentUrl\":\"https:\/\/www.lejournalci.org\/wp-content\/uploads\/2025\/05\/1000838365-edited.jpg\",\"width\":976,\"height\":549},{\"@type\":\"BreadcrumbList\",\"@id\":\"https:\/\/www.lejournalci.org\/index.php\/2025\/05\/17\/rdc-lhommage-de-felix-tshisekedi-a-g-a-forrest-pour-son-livre-lafrique-peut-nourrir-le-monde\/#breadcrumb\",\"itemListElement\":[{\"@type\":\"ListItem\",\"position\":1,\"name\":\"Accueil\",\"item\":\"https:\/\/www.lejournalci.org\/\"},{\"@type\":\"ListItem\",\"position\":2,\"name\":\"RDC: L&#8217;hommage de F\u00e9lix Tshisekedi \u00e0 G.A Forrest pour son livre \u00ab L\u2019Afrique peut nourrir le monde \u00bb\"}]},{\"@type\":\"WebSite\",\"@id\":\"https:\/\/www.lejournalci.org\/#website\",\"url\":\"https:\/\/www.lejournalci.org\/\",\"name\":\"Cooperation Internationale\",\"description\":\"Faire de la Coop\u00e9ration un Puissant Instrument de D\u00e9veloppement\",\"publisher\":{\"@id\":\"https:\/\/www.lejournalci.org\/#organization\"},\"potentialAction\":[{\"@type\":\"SearchAction\",\"target\":{\"@type\":\"EntryPoint\",\"urlTemplate\":\"https:\/\/www.lejournalci.org\/?s={search_term_string}\"},\"query-input\":{\"@type\":\"PropertyValueSpecification\",\"valueRequired\":true,\"valueName\":\"search_term_string\"}}],\"inLanguage\":\"fr-FR\"},{\"@type\":\"Organization\",\"@id\":\"https:\/\/www.lejournalci.org\/#organization\",\"name\":\"Cooperation Internationale\",\"url\":\"https:\/\/www.lejournalci.org\/\",\"logo\":{\"@type\":\"ImageObject\",\"inLanguage\":\"fr-FR\",\"@id\":\"https:\/\/www.lejournalci.org\/#\/schema\/logo\/image\/\",\"url\":\"https:\/\/www.lejournalci.org\/wp-content\/uploads\/2024\/12\/logo-coopint_HD_3.jpg\",\"contentUrl\":\"https:\/\/www.lejournalci.org\/wp-content\/uploads\/2024\/12\/logo-coopint_HD_3.jpg\",\"width\":700,\"height\":214,\"caption\":\"Cooperation Internationale\"},\"image\":{\"@id\":\"https:\/\/www.lejournalci.org\/#\/schema\/logo\/image\/\"},\"sameAs\":[\"https:\/\/www.facebook.com\/journalCI\/\",\"https:\/\/x.com\/lejournalc\"]},{\"@type\":\"Person\",\"@id\":\"https:\/\/www.lejournalci.org\/#\/schema\/person\/2efe42dc5459aaaf6d89cb27e736002b\",\"name\":\"La R\u00e9daction CI\",\"image\":{\"@type\":\"ImageObject\",\"inLanguage\":\"fr-FR\",\"@id\":\"https:\/\/www.lejournalci.org\/#\/schema\/person\/image\/\",\"url\":\"https:\/\/secure.gravatar.com\/avatar\/e63ab2ab378e283740d8889fbe2ec43fdcee7ac714a480d705f61cb1e5675c4c?s=96&d=mm&r=g\",\"contentUrl\":\"https:\/\/secure.gravatar.com\/avatar\/e63ab2ab378e283740d8889fbe2ec43fdcee7ac714a480d705f61cb1e5675c4c?s=96&d=mm&r=g\",\"caption\":\"La R\u00e9daction CI\"},\"url\":\"https:\/\/www.lejournalci.org\/index.php\/author\/noebricendongyahoo-fr\/\"}]}<\/script>\n<!-- \/ Yoast SEO plugin. -->","yoast_head_json":{"title":"RDC: L'hommage de F\u00e9lix Tshisekedi \u00e0 G.A Forrest pour son livre \u00ab L\u2019Afrique peut nourrir le monde \u00bb - Cooperation Internationale","robots":{"index":"index","follow":"follow","max-snippet":"max-snippet:-1","max-image-preview":"max-image-preview:large","max-video-preview":"max-video-preview:-1"},"canonical":"https:\/\/www.lejournalci.org\/index.php\/2025\/05\/17\/rdc-lhommage-de-felix-tshisekedi-a-g-a-forrest-pour-son-livre-lafrique-peut-nourrir-le-monde\/","og_locale":"fr_FR","og_type":"article","og_title":"RDC: L'hommage de F\u00e9lix Tshisekedi \u00e0 G.A Forrest pour son livre \u00ab L\u2019Afrique peut nourrir le monde \u00bb - Cooperation Internationale","og_description":"Le mercredi 14 mai 2025 au Fleuve Congo H\u00f4tel, le Chef de l\u2019\u00c9tat F\u00e9lix Tshisekedi a pr\u00e9sid\u00e9 la c\u00e9r\u00e9monie de vernissage de l\u2019ouvrage intitul\u00e9 \u00ab l\u2019Afrique peut nourrir le monde \u00bb. Cette \u0153uvre litt\u00e9raire est une production de l\u2019entrepreneur belge George Arthur Forrest pour qui la souverainet\u00e9 alimentaire est un","og_url":"https:\/\/www.lejournalci.org\/index.php\/2025\/05\/17\/rdc-lhommage-de-felix-tshisekedi-a-g-a-forrest-pour-son-livre-lafrique-peut-nourrir-le-monde\/","og_site_name":"Cooperation Internationale","article_publisher":"https:\/\/www.facebook.com\/journalCI\/","article_published_time":"2025-05-17T11:36:05+00:00","article_modified_time":"2025-05-17T11:36:07+00:00","og_image":[{"width":976,"height":549,"url":"https:\/\/www.lejournalci.org\/wp-content\/uploads\/2025\/05\/1000838365-edited.jpg","type":"image\/jpeg"}],"author":"La R\u00e9daction CI","twitter_card":"summary_large_image","twitter_creator":"@lejournalc","twitter_site":"@lejournalc","twitter_misc":{"\u00c9crit par":"La R\u00e9daction CI","Dur\u00e9e de lecture estim\u00e9e":"3 minutes"},"schema":{"@context":"https:\/\/schema.org","@graph":[{"@type":"Article","@id":"https:\/\/www.lejournalci.org\/index.php\/2025\/05\/17\/rdc-lhommage-de-felix-tshisekedi-a-g-a-forrest-pour-son-livre-lafrique-peut-nourrir-le-monde\/#article","isPartOf":{"@id":"https:\/\/www.lejournalci.org\/index.php\/2025\/05\/17\/rdc-lhommage-de-felix-tshisekedi-a-g-a-forrest-pour-son-livre-lafrique-peut-nourrir-le-monde\/"},"author":{"name":"La R\u00e9daction CI","@id":"https:\/\/www.lejournalci.org\/#\/schema\/person\/2efe42dc5459aaaf6d89cb27e736002b"},"headline":"RDC: L&#8217;hommage de F\u00e9lix Tshisekedi \u00e0 G.A Forrest pour son livre \u00ab L\u2019Afrique peut nourrir le monde \u00bb","datePublished":"2025-05-17T11:36:05+00:00","dateModified":"2025-05-17T11:36:07+00:00","mainEntityOfPage":{"@id":"https:\/\/www.lejournalci.org\/index.php\/2025\/05\/17\/rdc-lhommage-de-felix-tshisekedi-a-g-a-forrest-pour-son-livre-lafrique-peut-nourrir-le-monde\/"},"wordCount":425,"publisher":{"@id":"https:\/\/www.lejournalci.org\/#organization"},"image":{"@id":"https:\/\/www.lejournalci.org\/index.php\/2025\/05\/17\/rdc-lhommage-de-felix-tshisekedi-a-g-a-forrest-pour-son-livre-lafrique-peut-nourrir-le-monde\/#primaryimage"},"thumbnailUrl":"https:\/\/www.lejournalci.org\/wp-content\/uploads\/2025\/05\/1000838365-edited.jpg","articleSection":["DIPLOMATIE"],"inLanguage":"fr-FR"},{"@type":"WebPage","@id":"https:\/\/www.lejournalci.org\/index.php\/2025\/05\/17\/rdc-lhommage-de-felix-tshisekedi-a-g-a-forrest-pour-son-livre-lafrique-peut-nourrir-le-monde\/","url":"https:\/\/www.lejournalci.org\/index.php\/2025\/05\/17\/rdc-lhommage-de-felix-tshisekedi-a-g-a-forrest-pour-son-livre-lafrique-peut-nourrir-le-monde\/","name":"RDC: L'hommage de F\u00e9lix Tshisekedi \u00e0 G.A Forrest pour son livre \u00ab L\u2019Afrique peut nourrir le monde \u00bb - Cooperation Internationale","isPartOf":{"@id":"https:\/\/www.lejournalci.org\/#website"},"primaryImageOfPage":{"@id":"https:\/\/www.lejournalci.org\/index.php\/2025\/05\/17\/rdc-lhommage-de-felix-tshisekedi-a-g-a-forrest-pour-son-livre-lafrique-peut-nourrir-le-monde\/#primaryimage"},"image":{"@id":"https:\/\/www.lejournalci.org\/index.php\/2025\/05\/17\/rdc-lhommage-de-felix-tshisekedi-a-g-a-forrest-pour-son-livre-lafrique-peut-nourrir-le-monde\/#primaryimage"},"thumbnailUrl":"https:\/\/www.lejournalci.org\/wp-content\/uploads\/2025\/05\/1000838365-edited.jpg","datePublished":"2025-05-17T11:36:05+00:00","dateModified":"2025-05-17T11:36:07+00:00","breadcrumb":{"@id":"https:\/\/www.lejournalci.org\/index.php\/2025\/05\/17\/rdc-lhommage-de-felix-tshisekedi-a-g-a-forrest-pour-son-livre-lafrique-peut-nourrir-le-monde\/#breadcrumb"},"inLanguage":"fr-FR","potentialAction":[{"@type":"ReadAction","target":["https:\/\/www.lejournalci.org\/index.php\/2025\/05\/17\/rdc-lhommage-de-felix-tshisekedi-a-g-a-forrest-pour-son-livre-lafrique-peut-nourrir-le-monde\/"]}]},{"@type":"ImageObject","inLanguage":"fr-FR","@id":"https:\/\/www.lejournalci.org\/index.php\/2025\/05\/17\/rdc-lhommage-de-felix-tshisekedi-a-g-a-forrest-pour-son-livre-lafrique-peut-nourrir-le-monde\/#primaryimage","url":"https:\/\/www.lejournalci.org\/wp-content\/uploads\/2025\/05\/1000838365-edited.jpg","contentUrl":"https:\/\/www.lejournalci.org\/wp-content\/uploads\/2025\/05\/1000838365-edited.jpg","width":976,"height":549},{"@type":"BreadcrumbList","@id":"https:\/\/www.lejournalci.org\/index.php\/2025\/05\/17\/rdc-lhommage-de-felix-tshisekedi-a-g-a-forrest-pour-son-livre-lafrique-peut-nourrir-le-monde\/#breadcrumb","itemListElement":[{"@type":"ListItem","position":1,"name":"Accueil","item":"https:\/\/www.lejournalci.org\/"},{"@type":"ListItem","position":2,"name":"RDC: L&#8217;hommage de F\u00e9lix Tshisekedi \u00e0 G.A Forrest pour son livre \u00ab L\u2019Afrique peut nourrir le monde \u00bb"}]},{"@type":"WebSite","@id":"https:\/\/www.lejournalci.org\/#website","url":"https:\/\/www.lejournalci.org\/","name":"Cooperation Internationale","description":"Faire de la Coop\u00e9ration un Puissant Instrument de D\u00e9veloppement","publisher":{"@id":"https:\/\/www.lejournalci.org\/#organization"},"potentialAction":[{"@type":"SearchAction","target":{"@type":"EntryPoint","urlTemplate":"https:\/\/www.lejournalci.org\/?s={search_term_string}"},"query-input":{"@type":"PropertyValueSpecification","valueRequired":true,"valueName":"search_term_string"}}],"inLanguage":"fr-FR"},{"@type":"Organization","@id":"https:\/\/www.lejournalci.org\/#organization","name":"Cooperation Internationale","url":"https:\/\/www.lejournalci.org\/","logo":{"@type":"ImageObject","inLanguage":"fr-FR","@id":"https:\/\/www.lejournalci.org\/#\/schema\/logo\/image\/","url":"https:\/\/www.lejournalci.org\/wp-content\/uploads\/2024\/12\/logo-coopint_HD_3.jpg","contentUrl":"https:\/\/www.lejournalci.org\/wp-content\/uploads\/2024\/12\/logo-coopint_HD_3.jpg","width":700,"height":214,"caption":"Cooperation Internationale"},"image":{"@id":"https:\/\/www.lejournalci.org\/#\/schema\/logo\/image\/"},"sameAs":["https:\/\/www.facebook.com\/journalCI\/","https:\/\/x.com\/lejournalc"]},{"@type":"Person","@id":"https:\/\/www.lejournalci.org\/#\/schema\/person\/2efe42dc5459aaaf6d89cb27e736002b","name":"La R\u00e9daction CI","image":{"@type":"ImageObject","inLanguage":"fr-FR","@id":"https:\/\/www.lejournalci.org\/#\/schema\/person\/image\/","url":"https:\/\/secure.gravatar.com\/avatar\/e63ab2ab378e283740d8889fbe2ec43fdcee7ac714a480d705f61cb1e5675c4c?s=96&d=mm&r=g","contentUrl":"https:\/\/secure.gravatar.com\/avatar\/e63ab2ab378e283740d8889fbe2ec43fdcee7ac714a480d705f61cb1e5675c4c?s=96&d=mm&r=g","caption":"La R\u00e9daction CI"},"url":"https:\/\/www.lejournalci.org\/index.php\/author\/noebricendongyahoo-fr\/"}]}},"jetpack_publicize_connections":[],"jetpack_featured_media_url":"https:\/\/www.lejournalci.org\/wp-content\/uploads\/2025\/05\/1000838365-edited.jpg","jetpack_sharing_enabled":true,"_links":{"self":[{"href":"https:\/\/www.lejournalci.org\/index.php\/wp-json\/wp\/v2\/posts\/6517","targetHints":{"allow":["GET"]}}],"collection":[{"href":"https:\/\/www.lejournalci.org\/index.php\/wp-json\/wp\/v2\/posts"}],"about":[{"href":"https:\/\/www.lejournalci.org\/index.php\/wp-json\/wp\/v2\/types\/post"}],"author":[{"embeddable":true,"href":"https:\/\/www.lejournalci.org\/index.php\/wp-json\/wp\/v2\/users\/3"}],"replies":[{"embeddable":true,"href":"https:\/\/www.lejournalci.org\/index.php\/wp-json\/wp\/v2\/comments?post=6517"}],"version-history":[{"count":1,"href":"https:\/\/www.lejournalci.org\/index.php\/wp-json\/wp\/v2\/posts\/6517\/revisions"}],"predecessor-version":[{"id":6524,"href":"https:\/\/www.lejournalci.org\/index.php\/wp-json\/wp\/v2\/posts\/6517\/revisions\/6524"}],"wp:featuredmedia":[{"embeddable":true,"href":"https:\/\/www.lejournalci.org\/index.php\/wp-json\/wp\/v2\/media\/6523"}],"wp:attachment":[{"href":"https:\/\/www.lejournalci.org\/index.php\/wp-json\/wp\/v2\/media?parent=6517"}],"wp:term":[{"taxonomy":"category","embeddable":true,"href":"https:\/\/www.lejournalci.org\/index.php\/wp-json\/wp\/v2\/categories?post=6517"},{"taxonomy":"post_tag","embeddable":true,"href":"https:\/\/www.lejournalci.org\/index.php\/wp-json\/wp\/v2\/tags?post=6517"}],"curies":[{"name":"wp","href":"https:\/\/api.w.org\/{rel}","templated":true}]}}