{"id":2527,"date":"2024-12-19T07:20:55","date_gmt":"2024-12-19T07:20:55","guid":{"rendered":"https:\/\/www.lejournalci.org\/?p=2527"},"modified":"2024-12-19T07:20:58","modified_gmt":"2024-12-19T07:20:58","slug":"le-chef-de-letat-procede-a-linauguration-de-la-banque-de-lentrepreneuriat","status":"publish","type":"post","link":"https:\/\/www.lejournalci.org\/index.php\/2024\/12\/19\/le-chef-de-letat-procede-a-linauguration-de-la-banque-de-lentrepreneuriat\/","title":{"rendered":"Le Chef de l\u2019Etat proc\u00e8de \u00e0 l\u2019inauguration de la Banque de l\u2019Entrepreneuriat"},"content":{"rendered":"\n<figure class=\"wp-block-image size-full\"><img loading=\"lazy\" decoding=\"async\" width=\"1080\" height=\"810\" src=\"https:\/\/www.lejournalci.org\/wp-content\/uploads\/2024\/12\/1000390842-edited.jpg\" alt=\"\" class=\"wp-image-2530\" srcset=\"https:\/\/www.lejournalci.org\/wp-content\/uploads\/2024\/12\/1000390842-edited.jpg 1080w, https:\/\/www.lejournalci.org\/wp-content\/uploads\/2024\/12\/1000390842-edited-300x225.jpg 300w, https:\/\/www.lejournalci.org\/wp-content\/uploads\/2024\/12\/1000390842-edited-1024x768.jpg 1024w, https:\/\/www.lejournalci.org\/wp-content\/uploads\/2024\/12\/1000390842-edited-768x576.jpg 768w\" sizes=\"auto, (max-width: 1080px) 100vw, 1080px\" \/><\/figure>\n\n\n\n<p>Le Pr\u00e9sident de la Transition, Pr\u00e9sident de la R\u00e9publique, Chef de l\u2019Etat, le\u00a0G\u00e9n\u00e9ral Brice Clotaire Oligui Nguema a proc\u00e9d\u00e9 ce jour \u00e0 l\u2019inauguration de la\u00a0Banque pour le Commerce et l\u2019Entrepreneuriat du Gabon (BCEG) en pr\u00e9sence\u00a0des membres du gouvernement et des acteurs de l\u2019\u00e9conomie nationale.<br><br>Au cours de cette c\u00e9r\u00e9monie marqu\u00e9e par les allocutions du ministre de\u00a0l\u2019\u00e9conomie et des participations ainsi que le Directeur g\u00e9n\u00e9ral de la BCEG, les\u00a0intervenants ont particuli\u00e8rement remerci\u00e9 les plus hautes autorit\u00e9s en t\u00eate\u00a0desquelles le Chef de l\u2019Etat pour la mat\u00e9rialisation de ce projet structurant qui\u00a0contribue fortement au d\u00e9veloppement de l\u2019\u00e9conomie nationale et \u00e0 la lutte contre\u00a0la pr\u00e9carit\u00e9.<br><br>D\u00e9di\u00e9e aux entreprises gabonaises, la mise en place de la BCEG avait \u00e9t\u00e9\u00a0annonc\u00e9e par le Chef de l\u2019Etat lors de son discours \u00e0 la nation le 31 d\u00e9cembre\u00a02023. <\/p>\n\n\n\n<blockquote class=\"wp-block-quote is-layout-flow wp-block-quote-is-layout-flow\">\n<p><em>Afin de soutenir l\u2019entreprenariat, le gouvernement devra me soumettre\u00a0tr\u00e8s rapidement les conditions de cr\u00e9ation d\u2019une banque nationale de\u00a0d\u00e9veloppement pour l\u2019entreprenariat des jeunes capables d\u2019accompagner les\u00a0PME-PMI \u00e0 travers les 9 provinces<\/em>\u00a0<\/p>\n<\/blockquote>\n\n\n\n<p>, avait-il d\u00e9clar\u00e9. En effet, le mod\u00e8le\u00a0\u00e9conomique d\u2019une fonction publique seule pourvoyeuse d\u2019emploi n\u2019est plus\u00a0adapt\u00e9e \u00e0 nos Etats.<br><br>Consid\u00e9r\u00e9e comme pionni\u00e8re dans le soutien aux Petites et Moyennes Entreprises\u00a0(PME), la BCEG dot\u00e9e d\u2019un capital de 17 milliards de FCFA et port\u00e9e par un\u00a0actionnariat enti\u00e8rement gabonais offre une gamme de produits adapt\u00e9s aux\u00a0besoins des entrepreneurs. Il s\u2019agit entre autres des cr\u00e9dits d\u2019investissement, des\u00a0facilit\u00e9s de tr\u00e9sorerie, des produits d\u2019\u00e9pargne personnalis\u00e9s ainsi qu\u2019un\u00a0accompagnement sp\u00e9cialis\u00e9 pour les entrepreneurs.<br><br>L\u2019\u00e9tablissement bancaire vient ainsi en appui \u00e0 l\u2019entrepreneuriat \u00e0 travers des\u00a0financements adapt\u00e9s aux secteurs porteurs de croissance et des partenariats\u00a0strat\u00e9giques.<br><br>La mise en place de cette structure financi\u00e8re qui vient renforcer le tissu\u00a0\u00e9conomique national s\u2019affirme ainsi comme un moteur du dynamisme\u00a0entrepreneurial et un acteur cl\u00e9 dans la promotion du d\u00e9veloppement inclusif et\u00a0durable. Elle consolide la vision du Chef de l\u2019Etat qui pr\u00f4ne un Gabon attractif\u00a0pour les affaires et les investissements. Son implantation sur l\u2019ensemble du\u00a0territoire national permettra de renforcer l\u2019inclusion financi\u00e8re, dynamiser les\u00a0\u00e9conomies locales et booster l\u2019entrepreneuriat rural.<\/p>\n\n\n\n<p><em>source : Pr\u00e9sidence de la R\u00e9publique gabonaise <\/em><\/p>\n","protected":false},"excerpt":{"rendered":"<p>Le Pr\u00e9sident de la Transition, Pr\u00e9sident de la R\u00e9publique, Chef de l\u2019Etat, le\u00a0G\u00e9n\u00e9ral Brice Clotaire Oligui Nguema a proc\u00e9d\u00e9 ce jour \u00e0 l\u2019inauguration de la\u00a0Banque pour le Commerce et l\u2019Entrepreneuriat du Gabon (BCEG) en pr\u00e9sence\u00a0des membres du gouvernement et des acteurs de l\u2019\u00e9conomie nationale. Au cours de cette c\u00e9r\u00e9monie marqu\u00e9e<\/p>\n","protected":false},"author":3,"featured_media":2528,"comment_status":"closed","ping_status":"open","sticky":false,"template":"","format":"standard","meta":{"colormag_page_container_layout":"default_layout","colormag_page_sidebar_layout":"default_layout","_jetpack_memberships_contains_paid_content":false,"footnotes":"","jetpack_publicize_message":"","jetpack_publicize_feature_enabled":true,"jetpack_social_post_already_shared":true,"jetpack_social_options":{"image_generator_settings":{"template":"highway","default_image_id":0,"font":"","enabled":false},"version":2}},"categories":[58],"tags":[],"class_list":["post-2527","post","type-post","status-publish","format-standard","has-post-thumbnail","hentry","category-national"],"magazineBlocksPostFeaturedMedia":{"thumbnail":"https:\/\/www.lejournalci.org\/wp-content\/uploads\/2024\/12\/1000390840-150x150.jpg","medium":"https:\/\/www.lejournalci.org\/wp-content\/uploads\/2024\/12\/1000390840-300x221.jpg","medium_large":"https:\/\/www.lejournalci.org\/wp-content\/uploads\/2024\/12\/1000390840-768x566.jpg","large":"https:\/\/www.lejournalci.org\/wp-content\/uploads\/2024\/12\/1000390840.jpg","1536x1536":"https:\/\/www.lejournalci.org\/wp-content\/uploads\/2024\/12\/1000390840.jpg","2048x2048":"https:\/\/www.lejournalci.org\/wp-content\/uploads\/2024\/12\/1000390840.jpg","colormag-highlighted-post":"https:\/\/www.lejournalci.org\/wp-content\/uploads\/2024\/12\/1000390840-392x272.jpg","colormag-featured-post-medium":"https:\/\/www.lejournalci.org\/wp-content\/uploads\/2024\/12\/1000390840-390x205.jpg","colormag-featured-post-small":"https:\/\/www.lejournalci.org\/wp-content\/uploads\/2024\/12\/1000390840-130x90.jpg","colormag-featured-image":"https:\/\/www.lejournalci.org\/wp-content\/uploads\/2024\/12\/1000390840-800x445.jpg","colormag-default-news":"https:\/\/www.lejournalci.org\/wp-content\/uploads\/2024\/12\/1000390840-150x150.jpg","colormag-featured-image-large":"https:\/\/www.lejournalci.org\/wp-content\/uploads\/2024\/12\/1000390840-945x600.jpg"},"magazineBlocksPostAuthor":{"name":"La R\u00e9daction CI","avatar":"https:\/\/secure.gravatar.com\/avatar\/e63ab2ab378e283740d8889fbe2ec43fdcee7ac714a480d705f61cb1e5675c4c?s=96&d=mm&r=g"},"magazineBlocksPostCommentsNumber":false,"magazineBlocksPostExcerpt":"Le Pr\u00e9sident de la Transition, Pr\u00e9sident de la R\u00e9publique, Chef de l\u2019Etat, le\u00a0G\u00e9n\u00e9ral Brice Clotaire Oligui Nguema a proc\u00e9d\u00e9 ce jour \u00e0 l\u2019inauguration de la\u00a0Banque pour le Commerce et l\u2019Entrepreneuriat du Gabon (BCEG) en pr\u00e9sence\u00a0des membres du gouvernement et des acteurs de l\u2019\u00e9conomie nationale. Au cours de cette c\u00e9r\u00e9monie marqu\u00e9e","magazineBlocksPostCategories":["NATIONAL"],"magazineBlocksPostViewCount":319,"magazineBlocksPostReadTime":3,"magazine_blocks_featured_image_url":{"full":["https:\/\/www.lejournalci.org\/wp-content\/uploads\/2024\/12\/1000390840.jpg",945,697,false],"medium":["https:\/\/www.lejournalci.org\/wp-content\/uploads\/2024\/12\/1000390840-300x221.jpg",300,221,true],"thumbnail":["https:\/\/www.lejournalci.org\/wp-content\/uploads\/2024\/12\/1000390840-150x150.jpg",150,150,true]},"magazine_blocks_author":{"display_name":"La R\u00e9daction CI","author_link":"https:\/\/www.lejournalci.org\/index.php\/author\/noebricendongyahoo-fr\/"},"magazine_blocks_comment":0,"magazine_blocks_author_image":"https:\/\/secure.gravatar.com\/avatar\/e63ab2ab378e283740d8889fbe2ec43fdcee7ac714a480d705f61cb1e5675c4c?s=96&d=mm&r=g","magazine_blocks_category":"<a href=\"#\" class=\"category-link category-link-58\">NATIONAL<\/a>","yoast_head":"<!-- This site is optimized with the Yoast SEO plugin v26.2 - https:\/\/yoast.com\/wordpress\/plugins\/seo\/ -->\n<title>Le Chef de l\u2019Etat proc\u00e8de \u00e0 l\u2019inauguration de la Banque de l\u2019Entrepreneuriat - Cooperation Internationale<\/title>\n<meta name=\"robots\" content=\"index, follow, max-snippet:-1, max-image-preview:large, max-video-preview:-1\" \/>\n<link rel=\"canonical\" href=\"https:\/\/www.lejournalci.org\/index.php\/2024\/12\/19\/le-chef-de-letat-procede-a-linauguration-de-la-banque-de-lentrepreneuriat\/\" \/>\n<meta property=\"og:locale\" content=\"fr_FR\" \/>\n<meta property=\"og:type\" content=\"article\" \/>\n<meta property=\"og:title\" content=\"Le Chef de l\u2019Etat proc\u00e8de \u00e0 l\u2019inauguration de la Banque de l\u2019Entrepreneuriat - Cooperation Internationale\" \/>\n<meta property=\"og:description\" content=\"Le Pr\u00e9sident de la Transition, Pr\u00e9sident de la R\u00e9publique, Chef de l\u2019Etat, le\u00a0G\u00e9n\u00e9ral Brice Clotaire Oligui Nguema a proc\u00e9d\u00e9 ce jour \u00e0 l\u2019inauguration de la\u00a0Banque pour le Commerce et l\u2019Entrepreneuriat du Gabon (BCEG) en pr\u00e9sence\u00a0des membres du gouvernement et des acteurs de l\u2019\u00e9conomie nationale. Au cours de cette c\u00e9r\u00e9monie marqu\u00e9e\" \/>\n<meta property=\"og:url\" content=\"https:\/\/www.lejournalci.org\/index.php\/2024\/12\/19\/le-chef-de-letat-procede-a-linauguration-de-la-banque-de-lentrepreneuriat\/\" \/>\n<meta property=\"og:site_name\" content=\"Cooperation Internationale\" \/>\n<meta property=\"article:publisher\" content=\"https:\/\/www.facebook.com\/journalCI\/\" \/>\n<meta property=\"article:published_time\" content=\"2024-12-19T07:20:55+00:00\" \/>\n<meta property=\"article:modified_time\" content=\"2024-12-19T07:20:58+00:00\" \/>\n<meta property=\"og:image\" content=\"https:\/\/www.lejournalci.org\/wp-content\/uploads\/2024\/12\/1000390840.jpg\" \/>\n\t<meta property=\"og:image:width\" content=\"945\" \/>\n\t<meta property=\"og:image:height\" content=\"697\" \/>\n\t<meta property=\"og:image:type\" content=\"image\/jpeg\" \/>\n<meta name=\"author\" content=\"La R\u00e9daction CI\" \/>\n<meta name=\"twitter:card\" content=\"summary_large_image\" \/>\n<meta name=\"twitter:creator\" content=\"@lejournalc\" \/>\n<meta name=\"twitter:site\" content=\"@lejournalc\" \/>\n<meta name=\"twitter:label1\" content=\"\u00c9crit par\" \/>\n\t<meta name=\"twitter:data1\" content=\"La R\u00e9daction CI\" \/>\n\t<meta name=\"twitter:label2\" content=\"Dur\u00e9e de lecture estim\u00e9e\" \/>\n\t<meta name=\"twitter:data2\" content=\"3 minutes\" \/>\n<script type=\"application\/ld+json\" class=\"yoast-schema-graph\">{\"@context\":\"https:\/\/schema.org\",\"@graph\":[{\"@type\":\"Article\",\"@id\":\"https:\/\/www.lejournalci.org\/index.php\/2024\/12\/19\/le-chef-de-letat-procede-a-linauguration-de-la-banque-de-lentrepreneuriat\/#article\",\"isPartOf\":{\"@id\":\"https:\/\/www.lejournalci.org\/index.php\/2024\/12\/19\/le-chef-de-letat-procede-a-linauguration-de-la-banque-de-lentrepreneuriat\/\"},\"author\":{\"name\":\"La R\u00e9daction CI\",\"@id\":\"https:\/\/www.lejournalci.org\/#\/schema\/person\/2efe42dc5459aaaf6d89cb27e736002b\"},\"headline\":\"Le Chef de l\u2019Etat proc\u00e8de \u00e0 l\u2019inauguration de la Banque de l\u2019Entrepreneuriat\",\"datePublished\":\"2024-12-19T07:20:55+00:00\",\"dateModified\":\"2024-12-19T07:20:58+00:00\",\"mainEntityOfPage\":{\"@id\":\"https:\/\/www.lejournalci.org\/index.php\/2024\/12\/19\/le-chef-de-letat-procede-a-linauguration-de-la-banque-de-lentrepreneuriat\/\"},\"wordCount\":433,\"publisher\":{\"@id\":\"https:\/\/www.lejournalci.org\/#organization\"},\"image\":{\"@id\":\"https:\/\/www.lejournalci.org\/index.php\/2024\/12\/19\/le-chef-de-letat-procede-a-linauguration-de-la-banque-de-lentrepreneuriat\/#primaryimage\"},\"thumbnailUrl\":\"https:\/\/www.lejournalci.org\/wp-content\/uploads\/2024\/12\/1000390840.jpg\",\"articleSection\":[\"NATIONAL\"],\"inLanguage\":\"fr-FR\"},{\"@type\":\"WebPage\",\"@id\":\"https:\/\/www.lejournalci.org\/index.php\/2024\/12\/19\/le-chef-de-letat-procede-a-linauguration-de-la-banque-de-lentrepreneuriat\/\",\"url\":\"https:\/\/www.lejournalci.org\/index.php\/2024\/12\/19\/le-chef-de-letat-procede-a-linauguration-de-la-banque-de-lentrepreneuriat\/\",\"name\":\"Le Chef de l\u2019Etat proc\u00e8de \u00e0 l\u2019inauguration de la Banque de l\u2019Entrepreneuriat - Cooperation Internationale\",\"isPartOf\":{\"@id\":\"https:\/\/www.lejournalci.org\/#website\"},\"primaryImageOfPage\":{\"@id\":\"https:\/\/www.lejournalci.org\/index.php\/2024\/12\/19\/le-chef-de-letat-procede-a-linauguration-de-la-banque-de-lentrepreneuriat\/#primaryimage\"},\"image\":{\"@id\":\"https:\/\/www.lejournalci.org\/index.php\/2024\/12\/19\/le-chef-de-letat-procede-a-linauguration-de-la-banque-de-lentrepreneuriat\/#primaryimage\"},\"thumbnailUrl\":\"https:\/\/www.lejournalci.org\/wp-content\/uploads\/2024\/12\/1000390840.jpg\",\"datePublished\":\"2024-12-19T07:20:55+00:00\",\"dateModified\":\"2024-12-19T07:20:58+00:00\",\"breadcrumb\":{\"@id\":\"https:\/\/www.lejournalci.org\/index.php\/2024\/12\/19\/le-chef-de-letat-procede-a-linauguration-de-la-banque-de-lentrepreneuriat\/#breadcrumb\"},\"inLanguage\":\"fr-FR\",\"potentialAction\":[{\"@type\":\"ReadAction\",\"target\":[\"https:\/\/www.lejournalci.org\/index.php\/2024\/12\/19\/le-chef-de-letat-procede-a-linauguration-de-la-banque-de-lentrepreneuriat\/\"]}]},{\"@type\":\"ImageObject\",\"inLanguage\":\"fr-FR\",\"@id\":\"https:\/\/www.lejournalci.org\/index.php\/2024\/12\/19\/le-chef-de-letat-procede-a-linauguration-de-la-banque-de-lentrepreneuriat\/#primaryimage\",\"url\":\"https:\/\/www.lejournalci.org\/wp-content\/uploads\/2024\/12\/1000390840.jpg\",\"contentUrl\":\"https:\/\/www.lejournalci.org\/wp-content\/uploads\/2024\/12\/1000390840.jpg\",\"width\":945,\"height\":697},{\"@type\":\"BreadcrumbList\",\"@id\":\"https:\/\/www.lejournalci.org\/index.php\/2024\/12\/19\/le-chef-de-letat-procede-a-linauguration-de-la-banque-de-lentrepreneuriat\/#breadcrumb\",\"itemListElement\":[{\"@type\":\"ListItem\",\"position\":1,\"name\":\"Accueil\",\"item\":\"https:\/\/www.lejournalci.org\/\"},{\"@type\":\"ListItem\",\"position\":2,\"name\":\"Le Chef de l\u2019Etat proc\u00e8de \u00e0 l\u2019inauguration de la Banque de l\u2019Entrepreneuriat\"}]},{\"@type\":\"WebSite\",\"@id\":\"https:\/\/www.lejournalci.org\/#website\",\"url\":\"https:\/\/www.lejournalci.org\/\",\"name\":\"Cooperation Internationale\",\"description\":\"Faire de la Coop\u00e9ration un Puissant Instrument de D\u00e9veloppement\",\"publisher\":{\"@id\":\"https:\/\/www.lejournalci.org\/#organization\"},\"potentialAction\":[{\"@type\":\"SearchAction\",\"target\":{\"@type\":\"EntryPoint\",\"urlTemplate\":\"https:\/\/www.lejournalci.org\/?s={search_term_string}\"},\"query-input\":{\"@type\":\"PropertyValueSpecification\",\"valueRequired\":true,\"valueName\":\"search_term_string\"}}],\"inLanguage\":\"fr-FR\"},{\"@type\":\"Organization\",\"@id\":\"https:\/\/www.lejournalci.org\/#organization\",\"name\":\"Cooperation Internationale\",\"url\":\"https:\/\/www.lejournalci.org\/\",\"logo\":{\"@type\":\"ImageObject\",\"inLanguage\":\"fr-FR\",\"@id\":\"https:\/\/www.lejournalci.org\/#\/schema\/logo\/image\/\",\"url\":\"https:\/\/www.lejournalci.org\/wp-content\/uploads\/2024\/12\/logo-coopint_HD_3.jpg\",\"contentUrl\":\"https:\/\/www.lejournalci.org\/wp-content\/uploads\/2024\/12\/logo-coopint_HD_3.jpg\",\"width\":700,\"height\":214,\"caption\":\"Cooperation Internationale\"},\"image\":{\"@id\":\"https:\/\/www.lejournalci.org\/#\/schema\/logo\/image\/\"},\"sameAs\":[\"https:\/\/www.facebook.com\/journalCI\/\",\"https:\/\/x.com\/lejournalc\"]},{\"@type\":\"Person\",\"@id\":\"https:\/\/www.lejournalci.org\/#\/schema\/person\/2efe42dc5459aaaf6d89cb27e736002b\",\"name\":\"La R\u00e9daction CI\",\"image\":{\"@type\":\"ImageObject\",\"inLanguage\":\"fr-FR\",\"@id\":\"https:\/\/www.lejournalci.org\/#\/schema\/person\/image\/\",\"url\":\"https:\/\/secure.gravatar.com\/avatar\/e63ab2ab378e283740d8889fbe2ec43fdcee7ac714a480d705f61cb1e5675c4c?s=96&d=mm&r=g\",\"contentUrl\":\"https:\/\/secure.gravatar.com\/avatar\/e63ab2ab378e283740d8889fbe2ec43fdcee7ac714a480d705f61cb1e5675c4c?s=96&d=mm&r=g\",\"caption\":\"La R\u00e9daction CI\"},\"url\":\"https:\/\/www.lejournalci.org\/index.php\/author\/noebricendongyahoo-fr\/\"}]}<\/script>\n<!-- \/ Yoast SEO plugin. -->","yoast_head_json":{"title":"Le Chef de l\u2019Etat proc\u00e8de \u00e0 l\u2019inauguration de la Banque de l\u2019Entrepreneuriat - Cooperation Internationale","robots":{"index":"index","follow":"follow","max-snippet":"max-snippet:-1","max-image-preview":"max-image-preview:large","max-video-preview":"max-video-preview:-1"},"canonical":"https:\/\/www.lejournalci.org\/index.php\/2024\/12\/19\/le-chef-de-letat-procede-a-linauguration-de-la-banque-de-lentrepreneuriat\/","og_locale":"fr_FR","og_type":"article","og_title":"Le Chef de l\u2019Etat proc\u00e8de \u00e0 l\u2019inauguration de la Banque de l\u2019Entrepreneuriat - Cooperation Internationale","og_description":"Le Pr\u00e9sident de la Transition, Pr\u00e9sident de la R\u00e9publique, Chef de l\u2019Etat, le\u00a0G\u00e9n\u00e9ral Brice Clotaire Oligui Nguema a proc\u00e9d\u00e9 ce jour \u00e0 l\u2019inauguration de la\u00a0Banque pour le Commerce et l\u2019Entrepreneuriat du Gabon (BCEG) en pr\u00e9sence\u00a0des membres du gouvernement et des acteurs de l\u2019\u00e9conomie nationale. Au cours de cette c\u00e9r\u00e9monie marqu\u00e9e","og_url":"https:\/\/www.lejournalci.org\/index.php\/2024\/12\/19\/le-chef-de-letat-procede-a-linauguration-de-la-banque-de-lentrepreneuriat\/","og_site_name":"Cooperation Internationale","article_publisher":"https:\/\/www.facebook.com\/journalCI\/","article_published_time":"2024-12-19T07:20:55+00:00","article_modified_time":"2024-12-19T07:20:58+00:00","og_image":[{"width":945,"height":697,"url":"https:\/\/www.lejournalci.org\/wp-content\/uploads\/2024\/12\/1000390840.jpg","type":"image\/jpeg"}],"author":"La R\u00e9daction CI","twitter_card":"summary_large_image","twitter_creator":"@lejournalc","twitter_site":"@lejournalc","twitter_misc":{"\u00c9crit par":"La R\u00e9daction CI","Dur\u00e9e de lecture estim\u00e9e":"3 minutes"},"schema":{"@context":"https:\/\/schema.org","@graph":[{"@type":"Article","@id":"https:\/\/www.lejournalci.org\/index.php\/2024\/12\/19\/le-chef-de-letat-procede-a-linauguration-de-la-banque-de-lentrepreneuriat\/#article","isPartOf":{"@id":"https:\/\/www.lejournalci.org\/index.php\/2024\/12\/19\/le-chef-de-letat-procede-a-linauguration-de-la-banque-de-lentrepreneuriat\/"},"author":{"name":"La R\u00e9daction CI","@id":"https:\/\/www.lejournalci.org\/#\/schema\/person\/2efe42dc5459aaaf6d89cb27e736002b"},"headline":"Le Chef de l\u2019Etat proc\u00e8de \u00e0 l\u2019inauguration de la Banque de l\u2019Entrepreneuriat","datePublished":"2024-12-19T07:20:55+00:00","dateModified":"2024-12-19T07:20:58+00:00","mainEntityOfPage":{"@id":"https:\/\/www.lejournalci.org\/index.php\/2024\/12\/19\/le-chef-de-letat-procede-a-linauguration-de-la-banque-de-lentrepreneuriat\/"},"wordCount":433,"publisher":{"@id":"https:\/\/www.lejournalci.org\/#organization"},"image":{"@id":"https:\/\/www.lejournalci.org\/index.php\/2024\/12\/19\/le-chef-de-letat-procede-a-linauguration-de-la-banque-de-lentrepreneuriat\/#primaryimage"},"thumbnailUrl":"https:\/\/www.lejournalci.org\/wp-content\/uploads\/2024\/12\/1000390840.jpg","articleSection":["NATIONAL"],"inLanguage":"fr-FR"},{"@type":"WebPage","@id":"https:\/\/www.lejournalci.org\/index.php\/2024\/12\/19\/le-chef-de-letat-procede-a-linauguration-de-la-banque-de-lentrepreneuriat\/","url":"https:\/\/www.lejournalci.org\/index.php\/2024\/12\/19\/le-chef-de-letat-procede-a-linauguration-de-la-banque-de-lentrepreneuriat\/","name":"Le Chef de l\u2019Etat proc\u00e8de \u00e0 l\u2019inauguration de la Banque de l\u2019Entrepreneuriat - Cooperation Internationale","isPartOf":{"@id":"https:\/\/www.lejournalci.org\/#website"},"primaryImageOfPage":{"@id":"https:\/\/www.lejournalci.org\/index.php\/2024\/12\/19\/le-chef-de-letat-procede-a-linauguration-de-la-banque-de-lentrepreneuriat\/#primaryimage"},"image":{"@id":"https:\/\/www.lejournalci.org\/index.php\/2024\/12\/19\/le-chef-de-letat-procede-a-linauguration-de-la-banque-de-lentrepreneuriat\/#primaryimage"},"thumbnailUrl":"https:\/\/www.lejournalci.org\/wp-content\/uploads\/2024\/12\/1000390840.jpg","datePublished":"2024-12-19T07:20:55+00:00","dateModified":"2024-12-19T07:20:58+00:00","breadcrumb":{"@id":"https:\/\/www.lejournalci.org\/index.php\/2024\/12\/19\/le-chef-de-letat-procede-a-linauguration-de-la-banque-de-lentrepreneuriat\/#breadcrumb"},"inLanguage":"fr-FR","potentialAction":[{"@type":"ReadAction","target":["https:\/\/www.lejournalci.org\/index.php\/2024\/12\/19\/le-chef-de-letat-procede-a-linauguration-de-la-banque-de-lentrepreneuriat\/"]}]},{"@type":"ImageObject","inLanguage":"fr-FR","@id":"https:\/\/www.lejournalci.org\/index.php\/2024\/12\/19\/le-chef-de-letat-procede-a-linauguration-de-la-banque-de-lentrepreneuriat\/#primaryimage","url":"https:\/\/www.lejournalci.org\/wp-content\/uploads\/2024\/12\/1000390840.jpg","contentUrl":"https:\/\/www.lejournalci.org\/wp-content\/uploads\/2024\/12\/1000390840.jpg","width":945,"height":697},{"@type":"BreadcrumbList","@id":"https:\/\/www.lejournalci.org\/index.php\/2024\/12\/19\/le-chef-de-letat-procede-a-linauguration-de-la-banque-de-lentrepreneuriat\/#breadcrumb","itemListElement":[{"@type":"ListItem","position":1,"name":"Accueil","item":"https:\/\/www.lejournalci.org\/"},{"@type":"ListItem","position":2,"name":"Le Chef de l\u2019Etat proc\u00e8de \u00e0 l\u2019inauguration de la Banque de l\u2019Entrepreneuriat"}]},{"@type":"WebSite","@id":"https:\/\/www.lejournalci.org\/#website","url":"https:\/\/www.lejournalci.org\/","name":"Cooperation Internationale","description":"Faire de la Coop\u00e9ration un Puissant Instrument de D\u00e9veloppement","publisher":{"@id":"https:\/\/www.lejournalci.org\/#organization"},"potentialAction":[{"@type":"SearchAction","target":{"@type":"EntryPoint","urlTemplate":"https:\/\/www.lejournalci.org\/?s={search_term_string}"},"query-input":{"@type":"PropertyValueSpecification","valueRequired":true,"valueName":"search_term_string"}}],"inLanguage":"fr-FR"},{"@type":"Organization","@id":"https:\/\/www.lejournalci.org\/#organization","name":"Cooperation Internationale","url":"https:\/\/www.lejournalci.org\/","logo":{"@type":"ImageObject","inLanguage":"fr-FR","@id":"https:\/\/www.lejournalci.org\/#\/schema\/logo\/image\/","url":"https:\/\/www.lejournalci.org\/wp-content\/uploads\/2024\/12\/logo-coopint_HD_3.jpg","contentUrl":"https:\/\/www.lejournalci.org\/wp-content\/uploads\/2024\/12\/logo-coopint_HD_3.jpg","width":700,"height":214,"caption":"Cooperation Internationale"},"image":{"@id":"https:\/\/www.lejournalci.org\/#\/schema\/logo\/image\/"},"sameAs":["https:\/\/www.facebook.com\/journalCI\/","https:\/\/x.com\/lejournalc"]},{"@type":"Person","@id":"https:\/\/www.lejournalci.org\/#\/schema\/person\/2efe42dc5459aaaf6d89cb27e736002b","name":"La R\u00e9daction CI","image":{"@type":"ImageObject","inLanguage":"fr-FR","@id":"https:\/\/www.lejournalci.org\/#\/schema\/person\/image\/","url":"https:\/\/secure.gravatar.com\/avatar\/e63ab2ab378e283740d8889fbe2ec43fdcee7ac714a480d705f61cb1e5675c4c?s=96&d=mm&r=g","contentUrl":"https:\/\/secure.gravatar.com\/avatar\/e63ab2ab378e283740d8889fbe2ec43fdcee7ac714a480d705f61cb1e5675c4c?s=96&d=mm&r=g","caption":"La R\u00e9daction CI"},"url":"https:\/\/www.lejournalci.org\/index.php\/author\/noebricendongyahoo-fr\/"}]}},"jetpack_publicize_connections":[],"jetpack_featured_media_url":"https:\/\/www.lejournalci.org\/wp-content\/uploads\/2024\/12\/1000390840.jpg","jetpack_sharing_enabled":true,"_links":{"self":[{"href":"https:\/\/www.lejournalci.org\/index.php\/wp-json\/wp\/v2\/posts\/2527","targetHints":{"allow":["GET"]}}],"collection":[{"href":"https:\/\/www.lejournalci.org\/index.php\/wp-json\/wp\/v2\/posts"}],"about":[{"href":"https:\/\/www.lejournalci.org\/index.php\/wp-json\/wp\/v2\/types\/post"}],"author":[{"embeddable":true,"href":"https:\/\/www.lejournalci.org\/index.php\/wp-json\/wp\/v2\/users\/3"}],"replies":[{"embeddable":true,"href":"https:\/\/www.lejournalci.org\/index.php\/wp-json\/wp\/v2\/comments?post=2527"}],"version-history":[{"count":1,"href":"https:\/\/www.lejournalci.org\/index.php\/wp-json\/wp\/v2\/posts\/2527\/revisions"}],"predecessor-version":[{"id":2531,"href":"https:\/\/www.lejournalci.org\/index.php\/wp-json\/wp\/v2\/posts\/2527\/revisions\/2531"}],"wp:featuredmedia":[{"embeddable":true,"href":"https:\/\/www.lejournalci.org\/index.php\/wp-json\/wp\/v2\/media\/2528"}],"wp:attachment":[{"href":"https:\/\/www.lejournalci.org\/index.php\/wp-json\/wp\/v2\/media?parent=2527"}],"wp:term":[{"taxonomy":"category","embeddable":true,"href":"https:\/\/www.lejournalci.org\/index.php\/wp-json\/wp\/v2\/categories?post=2527"},{"taxonomy":"post_tag","embeddable":true,"href":"https:\/\/www.lejournalci.org\/index.php\/wp-json\/wp\/v2\/tags?post=2527"}],"curies":[{"name":"wp","href":"https:\/\/api.w.org\/{rel}","templated":true}]}}