{"id":10737,"date":"2026-01-17T05:36:47","date_gmt":"2026-01-17T05:36:47","guid":{"rendered":"https:\/\/www.lejournalci.org\/?p=10737"},"modified":"2026-01-17T05:36:49","modified_gmt":"2026-01-17T05:36:49","slug":"bilan-de-mme-jessica-davis-ba-ambassadeur-des-etats-unis-en-cote-divoire-en-fin-de-mission","status":"publish","type":"post","link":"https:\/\/www.lejournalci.org\/index.php\/2026\/01\/17\/bilan-de-mme-jessica-davis-ba-ambassadeur-des-etats-unis-en-cote-divoire-en-fin-de-mission\/","title":{"rendered":"Bilan de Mme Jessica DAVIS BA , Ambassadeur des \u00c9tats-Unis en C\u00f4te d&#8217;Ivoire en fin de mission."},"content":{"rendered":"\n<p><strong>En fin de mission, la diplomate am\u00e9ricaine dresse le bilan de son action et les perspectives de coop\u00e9ration entre la C\u00f4te d&#8217;Ivoire et les \u00c9tats-Unis.<\/strong><\/p>\n\n\n\n<p><strong>Bonjour Madame l\u2019ambassadeur, vous quittez la C\u00f4te d&#8217;Ivoire au terme de 2 ans et demi de mission. Quelle est la raison de ce d\u00e9part un peu pr\u00e9cipit\u00e9 ?<\/strong><\/p>\n\n\n\n<p>En r\u00e9alit\u00e9, ma mission en C\u00f4te d\u2019Ivoire a dur\u00e9 plus de trois ans. Puisque j\u2019ai pr\u00eat\u00e9 serment \u00e0 Washington, capitale des \u00c9tats-Unis, devant le S\u00e9nat, en d\u00e9cembre 2022. Aux \u00c9tats-Unis, votre mission commence juste apr\u00e8s la prestation de serment. Je conviens avec vous que le temps passe vite. Mais ma mission est all\u00e9e au-del\u00e0 de trois ans. Ma pr\u00e9sence en C\u00f4te d\u2019Ivoire semble br\u00e8ve, mais c\u2019est la dur\u00e9e normale d\u2019un ambassadeur \u00e0 son poste. Souvent, un peu moins de trois ans ou un peu plus. En C\u00f4te d\u2019Ivoire, nos fonctions ont une dur\u00e9e de deux ans. Vous savez, plusieurs membres du personnel appr\u00e9cient tellement la C\u00f4te d\u2019Ivoire qu\u2019ils n\u2019h\u00e9sitent pas \u00e0 prolonger leur mission.<\/p>\n\n\n\n<p><strong>Quell bilan de vos actions ?<\/strong><\/p>\n\n\n\n<p>Je peux vous assurer que, pendant cette p\u00e9riode, les \u00c9tats-Unis et la C\u00f4te d\u2019Ivoire ont accompli \u00e9norm\u00e9ment de r\u00e9sultats concrets. Nous avons concr\u00e9tis\u00e9 des initiatives au service de nos int\u00e9r\u00eats communs. Durant ces trois ans, nos deux pays ont consid\u00e9rablement approfondi leur partenariat strat\u00e9gique, plus \u00e9quilibr\u00e9 et plus que jamais tourn\u00e9 vers l\u2019avenir. Nous sommes pass\u00e9s de l\u2019assistance \u00e0 un partenariat concret, pragmatique et solide, fond\u00e9 sur la cr\u00e9ation d\u2019opportunit\u00e9s. Nous avons travaill\u00e9 ensemble sur les questions d\u2019int\u00e9r\u00eat commun li\u00e9es \u00e0 la sant\u00e9, \u00e0 la s\u00e9curit\u00e9 et \u00e0 l\u2019\u00e9conomie.<\/p>\n\n\n\n<p><strong>Qu\u2019en est-il des r\u00e9sultats de ce partenariat ?<\/strong><\/p>\n\n\n\n<p>Nous avons obtenu, ensemble, des r\u00e9sultats tangibles et durables au profit de nos deux peuples. Nous avons travaill\u00e9 en fonction de ce qui a \u00e9t\u00e9 r\u00e9alis\u00e9 par nos pr\u00e9d\u00e9cesseurs, en essayant d\u2019apporter un plus. Je suis fi\u00e8re du bilan. Je disposais d\u2019une feuille de route bien pr\u00e9cise. D\u00e8s que j\u2019ai \u00e9t\u00e9 confirm\u00e9e par le S\u00e9nat, je me suis engag\u00e9e, avec les Am\u00e9ricains et les Ivoiriens, a prioriser les int\u00e9r\u00eats de la C\u00f4te d\u2019Ivoire. Notre orientation \u00e9tait bas\u00e9e sur trois piliers centraux : le peuple, la paix et la prosp\u00e9rit\u00e9. Avec le peuple, nous avons compl\u00e8tement red\u00e9fini notre partenariat dans plusieurs secteurs, notamment la sant\u00e9. De loin, les \u00c9tats-Unis sont aujourd\u2019hui le partenaire cl\u00e9 de la C\u00f4te d\u2019Ivoire dans ce domaine. Vous \u00eates d\u2019accord que, lorsqu\u2019on est en bonne sant\u00e9, il y a une forte incidence sur le d\u00e9veloppement nationale. Il s\u2019agissait d\u2019une priorit\u00e9 pour nos deux pays.<\/p>\n\n\n\n<p><strong>Est-ce pour cette raison que les \u00c9tats-Unis ont sign\u00e9 un important accord dans le domaine de la sant\u00e9 publique avec la C\u00f4te d\u2019Ivoire ?<\/strong><\/p>\n\n\n\n<p>Effectivement ! Il y a une semaine, nous avons sign\u00e9 un accord tr\u00e8s important de cinq ans pour assurer une meilleure coop\u00e9ration dans le domaine de la sant\u00e9 publique. Il est question de contribuer \u00e0 la consolidation du r\u00f4le souverain de la C\u00f4te d\u2019Ivoire sur son propre syst\u00e8me de sant\u00e9. Nous avons \u00e9galement renforc\u00e9 d\u2019autres partenariats pour la paix en C\u00f4te d\u2019Ivoire, dans la sous-r\u00e9gion et dans le monde entier.<\/p>\n\n\n\n<p><strong>\u00c0 vous entendre, votre bilan semble positif ?<\/strong><\/p>\n\n\n\n<p>Absolument ! Les nouvelles sont bonnes. Car je conclu cette mission avec fiert\u00e9 pour ce que nous avons fait ensemble. Fiert\u00e9 pour les \u00e9quipes fortes que nous avons mises en place au sein de notre ambassade, en collaboration avec le gouvernement, le secteur priv\u00e9, les institutions, la soci\u00e9t\u00e9 civile, les communaut\u00e9s et tout le peuple ivoirien. Fiert\u00e9 aussi pour les amiti\u00e9s durables et les progr\u00e8s r\u00e9alis\u00e9s ensemble. Le progr\u00e8s est toujours le fruit d\u2019un effort collectif. Ensemble, nous avons obtenu des r\u00e9sultats concrets qui rendent nos deux pays plus s\u00fbrs, plus forts et plus prosp\u00e8res.<\/p>\n\n\n\n<p><strong>Pouvez-vous nous donner quelques exemples ?<\/strong><\/p>\n\n\n\n<p>Nous avons formalis\u00e9 notre premier plan de coop\u00e9ration bilat\u00e9rale en mati\u00e8re de d\u00e9fense. L\u2019assistance am\u00e9ricaine a permis \u00e0 la C\u00f4te d\u2019Ivoire de devenir un acteur cl\u00e9 de la s\u00e9curit\u00e9 r\u00e9gionale en Afrique de l\u2019Ouest. L\u2019accueil par la C\u00f4te d\u2019Ivoire de l\u2019exercice Flintlock 2025, le plus grand des forces sp\u00e9ciales au monde r\u00e9unissant plus de 40 pays, illustre son leadership r\u00e9gional croissant. Aujourd\u2019hui, les pr\u00e9paratifs sont en cours pour Flintlock 2026.<\/p>\n\n\n\n<p>La croissance \u00e9conomique et le commerce ont aussi \u00e9t\u00e9 au c\u0153ur de notre partenariat. Les premiers bureaux, dans la r\u00e9gion francophone, du Service commercial am\u00e9ricain et du Development Finance Corporation (Dfc) ont ouvert \u00e0 Abidjan sous mon mandat. \u00c0 travers la Dfc, plus de 20 milliards de Fcfa d\u2019investissement ont renforc\u00e9 l\u2019engagement du secteur priv\u00e9 am\u00e9ricain \u00e0 l\u2019endroit de la C\u00f4te d\u2019Ivoire.<\/p>\n\n\n\n<p>La banque import-export des \u00c9tats-Unis (Exim Bank) soutient les partenariats commerciaux, gr\u00e2ce \u00e0 un cadre de financement d\u2019environ 280 milliards de Fcfa. J\u2019ai eu l\u2019honneur d\u2019accompagner une d\u00e9l\u00e9gation de dirigeants ivoiriens des secteurs public et priv\u00e9 dans la Silicon Valley, au c\u0153ur de l\u2019innovation technologique mondiale.<\/p>\n\n\n\n<p>Nous avons \u00e9galement lanc\u00e9 le dialogue commercial \u00c9tats-Unis\/C\u00f4te d\u2019Ivoire. Plus que jamais, les r\u00e9sultats sont concrets : 6 accords commerciaux ont \u00e9t\u00e9 sign\u00e9s, repr\u00e9sentant pr\u00e8s de 400 milliards de Fcfa. Ces accords r\u00e9sultent de la mission de la Chambre de commerce des \u00c9tats-Unis \u00e0 Abidjan, lors du Sommet r\u00e9gional de l\u2019American Chamber of Commerce (AmCham). La signature d\u2019un nouveau compact r\u00e9gional du Millennium Challenge Corporation (Mcc) va transformer le secteur de l\u2019\u00e9nergie en C\u00f4te d\u2019Ivoire. Plus important encore, nous avons renforc\u00e9 la confiance. Aujourd\u2019hui, les relations entre les \u00c9tats-Unis et la C\u00f4te d\u2019Ivoire, strat\u00e9giques et r\u00e9silientes, sont fond\u00e9es sur le respect mutuel.<\/p>\n\n\n\n<p><strong>N\u2019y a-t-il pas d\u2019autres pistes \u00e0 explorer, compte tenu des enjeux majeurs qui sous-tendent la coop\u00e9ration ?<\/strong><\/p>\n\n\n\n<p>En fait, il y aura toujours des pistes \u00e0 explorer. Toujours est-il que nous disposons d\u2019une fondation extr\u00eamement solide et importante. Par cons\u00e9quent, l\u2019\u00e9quipe qui prendra la rel\u00e8ve continuera \u00e0 travailler sur ces axes strat\u00e9giques \u00e0 explorer. Nous resterons constamment \u00e0 l\u2019\u00e9coute de nos partenaires ivoiriens pour explorer les opportunit\u00e9s. Nous continuerons \u00e0 travailler ensemble.<\/p>\n\n\n\n<p><strong>La C\u00f4te d\u2019Ivoire sort de deux scrutins importants: la pr\u00e9sidentielle et les l\u00e9gislatives. Quel regard les \u00c9tats-Unis portent-ils sur le pays ? Comment jugez-vous la d\u00e9mocratie ivoirienne ?<\/strong><\/p>\n\n\n\n<p>Nous avons f\u00e9licit\u00e9 le Pr\u00e9sident Ouattara pour sa r\u00e9\u00e9lection. Une d\u00e9l\u00e9gation importante de la Maison Blanche est venue participer \u00e0 sa c\u00e9r\u00e9monie d\u2019investiture. Les \u00c9tats-Unis accordent une grande importance \u00e0 leur partenariat de 65 ans avec la C\u00f4te d\u2019Ivoire et respectent pleinement les choix exprim\u00e9s par le peuple ivoirien. Nous avons accompagn\u00e9 le peuple ivoirien pour la r\u00e9alisation de ses aspirations. Notre priorit\u00e9 est de travailler ensemble pour faire avancer nos int\u00e9r\u00eats communs et renforcer un partenariat solide et productif dans les ann\u00e9es \u00e0 venir.<\/p>\n\n\n\n<p><strong>En ce qui concerne la restriction de la d\u00e9livrance des visas, la C\u00f4te d\u2019Ivoire dispose t-elle d\u2019une d\u00e9rogation sp\u00e9ciale, la Coupe du monde pointant le nez ?<\/strong><\/p>\n\n\n\n<p>Les \u00c9tats-Unis sont fiers de coorganiser la Coupe du monde de la Fifa cette ann\u00e9e. Notre pays se r\u00e9jouit d\u2019accueillir le monde entier afin de lui faire d\u00e9couvrir l\u2019hospitalit\u00e9 l\u00e9gendaire am\u00e9ricaine et l\u2019excellence sportive. Toutefois, la politique am\u00e9ricaine en mati\u00e8re de visas est guid\u00e9e par des imp\u00e9ratifs de s\u00e9curit\u00e9 nationale. Le Pr\u00e9sident Trump a sign\u00e9 une proclamation renfor\u00e7ant la s\u00e9curit\u00e9 des fronti\u00e8res et la s\u00e9curit\u00e9 nationale. La proclamation maintient les restrictions compl\u00e8tes et les limitations d\u2019entr\u00e9e sur le territoire pour les ressortissants de plusieurs pays, dont la C\u00f4te d\u2019Ivoire.<\/p>\n\n\n\n<p><strong>Vous avez r\u00e9cemment initi\u00e9 une caravane \u00e0 l\u2019endroit des \u00e9tudiants, les invitant \u00e0 revenir en C\u00f4te d\u2019Ivoire \u00e0 la fin de leur formation. Qu\u2019est-ce que cela sous-tend ?<\/strong><\/p>\n\n\n\n<p>Cette campagne de sensibilisation a \u00e9t\u00e9 men\u00e9e de commun accord avec le gouvernement de la C\u00f4te d\u2019Ivoire. Tout d\u2019abord, il s\u2019agit de montrer que de r\u00e9elles opportunit\u00e9s de formations (notamment, universitaires) existent pour les Ivoiriens qui prennent l\u2019initiative d\u2019aller se former aux \u00c9tats-Unis. L\u2019exemple de du Pr\u00e9sident Ouattara est \u00e9difiant. Le Chef de l\u2019\u00c9tat a montr\u00e9 qu\u2019on peut aller \u00e9tudier aux \u00c9tats-Unis, avoir une solide formation et revenir se mettre au service de son pays. Ce qu\u2019il faut noter, c\u2019est que, c\u2019est dans l\u2019int\u00e9r\u00eat des jeunes Ivoiriens d\u2019aller \u00e9tudier aux \u00c9tats-Unis et de faire profiter leur pays de toutes leurs connaissances. Au cours de la campagne, il y a eu donc des t\u00e9moignages d\u2019alumnis.<\/p>\n\n\n\n<p>Par ailleurs, cette initiative s\u2019inscrit dans la priorit\u00e9 absolue du gouvernement am\u00e9ricain de mettre fin \u00e0 l\u2019immigration irr\u00e9guli\u00e8re vers les \u00c9tats-Unis. On encourage aussi les \u00e9tudiants \u00e0 retourner au pays \u00e0 la fin de leurs \u00e9tudes pour contribuer \u00e0 la croissance, \u00e0 long terme, de la C\u00f4te d\u2019Ivoire. Autrement dit, un des objectifs importants, c\u2019\u00e9tait de freiner la fuite des cerveaux.<\/p>\n\n\n\n<p>Je peux vous assurer que parmi les pays francophones de la r\u00e9gion, la C\u00f4te d\u2019Ivoire compte le plus grand nombre d\u2019\u00e9tudiants qui \u00e9tudient aux \u00c9tats-Unis. Pour l\u2019ann\u00e9e universitaire \u00e9coul\u00e9e, on en a compt\u00e9 1 188. Je voudrais dire, avec fiert\u00e9, qu\u2019ils ont de tr\u00e8s bonnes exp\u00e9riences, car ils reviennent en C\u00f4te d\u2019Ivoire, au terme de leurs \u00e9tudes. J\u2019ai pu rencontrer de jeunes Ivoiriens qui ont \u00e9tudi\u00e9 aux \u00c9tats-Unis, il y a un moment et qui sont revenus en C\u00f4te d\u2019Ivoire pour travailler. J\u2019en ai rencontr\u00e9 au plus haut niveau de l\u2019\u00c9tat, dans le secteur priv\u00e9, dans des institutions&#8230;<\/p>\n\n\n\n<p><strong>Quels souvenirs gardez-vous de la C\u00f4te d\u2019Ivoire ?<\/strong><\/p>\n\n\n\n<p>Il y a tellement de souvenirs forts. Ce qui marque les esprits une fois en C\u00f4te d\u2019Ivoire, c\u2019est cette chaleur humaine ; c\u2019est aussi cette large ouverture d\u2019esprit, l\u2019amiti\u00e9 et la fraternit\u00e9 des Ivoiriens. En fait, j\u2019ai pu me rendre compte du l\u00e9gendaire \u00abAkwaba\u00bb des Ivoiriens d\u00e8s mon arriv\u00e9e en C\u00f4te d\u2019Ivoire. J\u2019ai eu l\u2019occasion de voyager dans diff\u00e9rentes r\u00e9gions, d\u2019aller hors d\u2019Abidjan pour d\u00e9couvrir le pays profond. J\u2019ai pu alors me rendre compte de la richesse et de la diversit\u00e9 des cultures, des danses, de la musique, de la nourriture, qu\u2019on retrouve dans toutes les communaut\u00e9s, dans chaque r\u00e9gion du pays. Et je crois que c\u2019\u00e9tait l\u2019occasion d\u2019apprendre, d\u2019\u00e9changer, de faire la connaissance de personnes \u00e0 tous les niveaux : fonctionnaires, artistes, membres de la soci\u00e9t\u00e9 civile, membres de la presse&#8230; Les Ivoiriens que j\u2019ai rencontr\u00e9s, et avec qui j\u2019ai \u00e9chang\u00e9 resteront \u00e0 jamais grav\u00e9s dans ma m\u00e9moire.<\/p>\n\n\n\n<p><strong>Au niveau culinaire ivoirien, quel est votre plat pr\u00e9f\u00e9r\u00e9 ?<\/strong><\/p>\n\n\n\n<p>Ouf ! Il est difficile de faire un choix. En fait, je crois que j\u2019ai d\u00e9gust\u00e9 la cuisine ivoirienne en commen\u00e7ant, bien s\u00fbr, par l\u2019atti\u00e9k\u00e9 et l\u2019alloco. Quelquefois, certaines personnes me posent la question de savoir ce que je pr\u00e9f\u00e8re parmi ces deux mets. Je leur demande si on peut op\u00e9rer un choix entre la main droite et la main gauche. On a besoin des deux. On a besoin de manger les deux ensemble, surtout avec un peu de piment. Je pense bien que tout \u00e7a va me manquer, ainsi qu\u2019\u00e0 toute ma famille. Je n\u2019oublie pas aussi le poulet et le poisson brais\u00e9s, le placali&#8230; Et tenez-vous bien, nous sommes aujourd\u2019hui devenus des experts en garba. Je voudrais aussi dire que j\u2019ai d\u00e9gust\u00e9 ces m\u00eames plats ivoiriens \u00e0 Washington ou dans d\u2019autres pays. Mais le go\u00fbt n\u2019est pas le m\u00eame.<\/p>\n\n\n\n<p><strong>Quelles perspectives de coop\u00e9ration entre la C\u00f4te d&#8217;Ivoire et les \u00c9tats-Unis ?<\/strong><\/p>\n\n\n\n<p>Je reste convaincue que la coop\u00e9ration va continuer. Je suis s\u00fbre qu\u2019il y aura de nouveaux chapitres qui vont s\u2019ouvrir. Bien \u00e9videmment, dans tous les domaines de la coop\u00e9ration. Je suis vraiment fi\u00e8re des membres de l\u2019\u00e9quipe avec qui nous avons collabor\u00e9, ici, au sein de l\u2019ambassade. Il y a eu aussi les \u00e9quipes que nous avons form\u00e9es avec les Ivoiriens&#8230; Nous saluons notre collaboration avec le gouvernement, le secteur priv\u00e9, les autres initiatives priv\u00e9es. Je suis s\u00fbre que nous avons construit des partenariats qui restent solides et durables. Parce que nous avons accompagn\u00e9 la C\u00f4te d\u2019Ivoire dans sa propre vision pour un avenir meilleur. Nous avons trouv\u00e9 des opportunit\u00e9s communes pour partager la m\u00eame vision et les m\u00eames aspirations. Et c\u2019est sur cette base que les relations, la collaboration et la coop\u00e9ration vont continuer.<\/p>\n\n\n\n<p>Je suis vraiment fi\u00e8re parce que, tout ce que nous avons fait, c\u2019est dans le respect mutuel. Et je sais que \u00e7a va continuer. Je note la grande ouverture de la C\u00f4te d\u2019Ivoire. Idem pour les \u00c9tats-Unis. Les peuples de nos deux pays vont continuer \u00e0 tisser les liens personnels, institutionnels et aussi nationaux. Parce que je sais que nous avons un partenariat solide et plus fort que jamais !<\/p>\n\n\n\n<p><strong>C.I2025<\/strong><\/p>\n\n\n\n<p><\/p>\n","protected":false},"excerpt":{"rendered":"<p>En fin de mission, la diplomate am\u00e9ricaine dresse le bilan de son action et les perspectives de coop\u00e9ration entre la C\u00f4te d&#8217;Ivoire et les \u00c9tats-Unis. Bonjour Madame l\u2019ambassadeur, vous quittez la C\u00f4te d&#8217;Ivoire au terme de 2 ans et demi de mission. Quelle est la raison de ce d\u00e9part un<\/p>\n","protected":false},"author":3,"featured_media":10743,"comment_status":"closed","ping_status":"open","sticky":false,"template":"","format":"standard","meta":{"colormag_page_container_layout":"default_layout","colormag_page_sidebar_layout":"default_layout","_jetpack_memberships_contains_paid_content":false,"footnotes":"","jetpack_publicize_message":"","jetpack_publicize_feature_enabled":true,"jetpack_social_post_already_shared":true,"jetpack_social_options":{"image_generator_settings":{"template":"highway","default_image_id":0,"font":"","enabled":false},"version":2}},"categories":[54],"tags":[],"class_list":["post-10737","post","type-post","status-publish","format-standard","has-post-thumbnail","hentry","category-interview"],"magazineBlocksPostFeaturedMedia":{"thumbnail":"https:\/\/www.lejournalci.org\/wp-content\/uploads\/2026\/01\/1001659075-150x150.jpg","medium":"https:\/\/www.lejournalci.org\/wp-content\/uploads\/2026\/01\/1001659075-300x169.jpg","medium_large":"https:\/\/www.lejournalci.org\/wp-content\/uploads\/2026\/01\/1001659075.jpg","large":"https:\/\/www.lejournalci.org\/wp-content\/uploads\/2026\/01\/1001659075.jpg","1536x1536":"https:\/\/www.lejournalci.org\/wp-content\/uploads\/2026\/01\/1001659075.jpg","2048x2048":"https:\/\/www.lejournalci.org\/wp-content\/uploads\/2026\/01\/1001659075.jpg","colormag-highlighted-post":"https:\/\/www.lejournalci.org\/wp-content\/uploads\/2026\/01\/1001659075-392x272.jpg","colormag-featured-post-medium":"https:\/\/www.lejournalci.org\/wp-content\/uploads\/2026\/01\/1001659075-390x205.jpg","colormag-featured-post-small":"https:\/\/www.lejournalci.org\/wp-content\/uploads\/2026\/01\/1001659075-130x90.jpg","colormag-featured-image":"https:\/\/www.lejournalci.org\/wp-content\/uploads\/2026\/01\/1001659075.jpg","colormag-default-news":"https:\/\/www.lejournalci.org\/wp-content\/uploads\/2026\/01\/1001659075-150x150.jpg","colormag-featured-image-large":"https:\/\/www.lejournalci.org\/wp-content\/uploads\/2026\/01\/1001659075.jpg"},"magazineBlocksPostAuthor":{"name":"La R\u00e9daction CI","avatar":"https:\/\/secure.gravatar.com\/avatar\/e63ab2ab378e283740d8889fbe2ec43fdcee7ac714a480d705f61cb1e5675c4c?s=96&d=mm&r=g"},"magazineBlocksPostCommentsNumber":false,"magazineBlocksPostExcerpt":"En fin de mission, la diplomate am\u00e9ricaine dresse le bilan de son action et les perspectives de coop\u00e9ration entre la C\u00f4te d&#8217;Ivoire et les \u00c9tats-Unis. Bonjour Madame l\u2019ambassadeur, vous quittez la C\u00f4te d&#8217;Ivoire au terme de 2 ans et demi de mission. Quelle est la raison de ce d\u00e9part un","magazineBlocksPostCategories":["INTERVIEW"],"magazineBlocksPostViewCount":441,"magazineBlocksPostReadTime":12,"magazine_blocks_featured_image_url":{"full":["https:\/\/www.lejournalci.org\/wp-content\/uploads\/2026\/01\/1001659075.jpg",720,405,false],"medium":["https:\/\/www.lejournalci.org\/wp-content\/uploads\/2026\/01\/1001659075-300x169.jpg",300,169,true],"thumbnail":["https:\/\/www.lejournalci.org\/wp-content\/uploads\/2026\/01\/1001659075-150x150.jpg",150,150,true]},"magazine_blocks_author":{"display_name":"La R\u00e9daction CI","author_link":"https:\/\/www.lejournalci.org\/index.php\/author\/noebricendongyahoo-fr\/"},"magazine_blocks_comment":0,"magazine_blocks_author_image":"https:\/\/secure.gravatar.com\/avatar\/e63ab2ab378e283740d8889fbe2ec43fdcee7ac714a480d705f61cb1e5675c4c?s=96&d=mm&r=g","magazine_blocks_category":"<a href=\"#\" class=\"category-link category-link-54\">INTERVIEW<\/a>","yoast_head":"<!-- This site is optimized with the Yoast SEO plugin v26.2 - https:\/\/yoast.com\/wordpress\/plugins\/seo\/ -->\n<title>Bilan de Mme Jessica DAVIS BA , Ambassadeur des \u00c9tats-Unis en C\u00f4te d&#039;Ivoire en fin de mission. - Cooperation Internationale<\/title>\n<meta name=\"robots\" content=\"index, follow, max-snippet:-1, max-image-preview:large, max-video-preview:-1\" \/>\n<link rel=\"canonical\" href=\"https:\/\/www.lejournalci.org\/index.php\/2026\/01\/17\/bilan-de-mme-jessica-davis-ba-ambassadeur-des-etats-unis-en-cote-divoire-en-fin-de-mission\/\" \/>\n<meta property=\"og:locale\" content=\"fr_FR\" \/>\n<meta property=\"og:type\" content=\"article\" \/>\n<meta property=\"og:title\" content=\"Bilan de Mme Jessica DAVIS BA , Ambassadeur des \u00c9tats-Unis en C\u00f4te d&#039;Ivoire en fin de mission. - Cooperation Internationale\" \/>\n<meta property=\"og:description\" content=\"En fin de mission, la diplomate am\u00e9ricaine dresse le bilan de son action et les perspectives de coop\u00e9ration entre la C\u00f4te d&#8217;Ivoire et les \u00c9tats-Unis. Bonjour Madame l\u2019ambassadeur, vous quittez la C\u00f4te d&#8217;Ivoire au terme de 2 ans et demi de mission. Quelle est la raison de ce d\u00e9part un\" \/>\n<meta property=\"og:url\" content=\"https:\/\/www.lejournalci.org\/index.php\/2026\/01\/17\/bilan-de-mme-jessica-davis-ba-ambassadeur-des-etats-unis-en-cote-divoire-en-fin-de-mission\/\" \/>\n<meta property=\"og:site_name\" content=\"Cooperation Internationale\" \/>\n<meta property=\"article:publisher\" content=\"https:\/\/www.facebook.com\/journalCI\/\" \/>\n<meta property=\"article:published_time\" content=\"2026-01-17T05:36:47+00:00\" \/>\n<meta property=\"article:modified_time\" content=\"2026-01-17T05:36:49+00:00\" \/>\n<meta property=\"og:image\" content=\"https:\/\/www.lejournalci.org\/wp-content\/uploads\/2026\/01\/1001659075.jpg\" \/>\n\t<meta property=\"og:image:width\" content=\"720\" \/>\n\t<meta property=\"og:image:height\" content=\"405\" \/>\n\t<meta property=\"og:image:type\" content=\"image\/jpeg\" \/>\n<meta name=\"author\" content=\"La R\u00e9daction CI\" \/>\n<meta name=\"twitter:card\" content=\"summary_large_image\" \/>\n<meta name=\"twitter:creator\" content=\"@lejournalc\" \/>\n<meta name=\"twitter:site\" content=\"@lejournalc\" \/>\n<meta name=\"twitter:label1\" content=\"\u00c9crit par\" \/>\n\t<meta name=\"twitter:data1\" content=\"La R\u00e9daction CI\" \/>\n\t<meta name=\"twitter:label2\" content=\"Dur\u00e9e de lecture estim\u00e9e\" \/>\n\t<meta name=\"twitter:data2\" content=\"11 minutes\" \/>\n<script type=\"application\/ld+json\" class=\"yoast-schema-graph\">{\"@context\":\"https:\/\/schema.org\",\"@graph\":[{\"@type\":\"Article\",\"@id\":\"https:\/\/www.lejournalci.org\/index.php\/2026\/01\/17\/bilan-de-mme-jessica-davis-ba-ambassadeur-des-etats-unis-en-cote-divoire-en-fin-de-mission\/#article\",\"isPartOf\":{\"@id\":\"https:\/\/www.lejournalci.org\/index.php\/2026\/01\/17\/bilan-de-mme-jessica-davis-ba-ambassadeur-des-etats-unis-en-cote-divoire-en-fin-de-mission\/\"},\"author\":{\"name\":\"La R\u00e9daction CI\",\"@id\":\"https:\/\/www.lejournalci.org\/#\/schema\/person\/2efe42dc5459aaaf6d89cb27e736002b\"},\"headline\":\"Bilan de Mme Jessica DAVIS BA , Ambassadeur des \u00c9tats-Unis en C\u00f4te d&#8217;Ivoire en fin de mission.\",\"datePublished\":\"2026-01-17T05:36:47+00:00\",\"dateModified\":\"2026-01-17T05:36:49+00:00\",\"mainEntityOfPage\":{\"@id\":\"https:\/\/www.lejournalci.org\/index.php\/2026\/01\/17\/bilan-de-mme-jessica-davis-ba-ambassadeur-des-etats-unis-en-cote-divoire-en-fin-de-mission\/\"},\"wordCount\":2341,\"publisher\":{\"@id\":\"https:\/\/www.lejournalci.org\/#organization\"},\"image\":{\"@id\":\"https:\/\/www.lejournalci.org\/index.php\/2026\/01\/17\/bilan-de-mme-jessica-davis-ba-ambassadeur-des-etats-unis-en-cote-divoire-en-fin-de-mission\/#primaryimage\"},\"thumbnailUrl\":\"https:\/\/www.lejournalci.org\/wp-content\/uploads\/2026\/01\/1001659075.jpg\",\"articleSection\":[\"INTERVIEW\"],\"inLanguage\":\"fr-FR\"},{\"@type\":\"WebPage\",\"@id\":\"https:\/\/www.lejournalci.org\/index.php\/2026\/01\/17\/bilan-de-mme-jessica-davis-ba-ambassadeur-des-etats-unis-en-cote-divoire-en-fin-de-mission\/\",\"url\":\"https:\/\/www.lejournalci.org\/index.php\/2026\/01\/17\/bilan-de-mme-jessica-davis-ba-ambassadeur-des-etats-unis-en-cote-divoire-en-fin-de-mission\/\",\"name\":\"Bilan de Mme Jessica DAVIS BA , Ambassadeur des \u00c9tats-Unis en C\u00f4te d'Ivoire en fin de mission. - Cooperation Internationale\",\"isPartOf\":{\"@id\":\"https:\/\/www.lejournalci.org\/#website\"},\"primaryImageOfPage\":{\"@id\":\"https:\/\/www.lejournalci.org\/index.php\/2026\/01\/17\/bilan-de-mme-jessica-davis-ba-ambassadeur-des-etats-unis-en-cote-divoire-en-fin-de-mission\/#primaryimage\"},\"image\":{\"@id\":\"https:\/\/www.lejournalci.org\/index.php\/2026\/01\/17\/bilan-de-mme-jessica-davis-ba-ambassadeur-des-etats-unis-en-cote-divoire-en-fin-de-mission\/#primaryimage\"},\"thumbnailUrl\":\"https:\/\/www.lejournalci.org\/wp-content\/uploads\/2026\/01\/1001659075.jpg\",\"datePublished\":\"2026-01-17T05:36:47+00:00\",\"dateModified\":\"2026-01-17T05:36:49+00:00\",\"breadcrumb\":{\"@id\":\"https:\/\/www.lejournalci.org\/index.php\/2026\/01\/17\/bilan-de-mme-jessica-davis-ba-ambassadeur-des-etats-unis-en-cote-divoire-en-fin-de-mission\/#breadcrumb\"},\"inLanguage\":\"fr-FR\",\"potentialAction\":[{\"@type\":\"ReadAction\",\"target\":[\"https:\/\/www.lejournalci.org\/index.php\/2026\/01\/17\/bilan-de-mme-jessica-davis-ba-ambassadeur-des-etats-unis-en-cote-divoire-en-fin-de-mission\/\"]}]},{\"@type\":\"ImageObject\",\"inLanguage\":\"fr-FR\",\"@id\":\"https:\/\/www.lejournalci.org\/index.php\/2026\/01\/17\/bilan-de-mme-jessica-davis-ba-ambassadeur-des-etats-unis-en-cote-divoire-en-fin-de-mission\/#primaryimage\",\"url\":\"https:\/\/www.lejournalci.org\/wp-content\/uploads\/2026\/01\/1001659075.jpg\",\"contentUrl\":\"https:\/\/www.lejournalci.org\/wp-content\/uploads\/2026\/01\/1001659075.jpg\",\"width\":720,\"height\":405},{\"@type\":\"BreadcrumbList\",\"@id\":\"https:\/\/www.lejournalci.org\/index.php\/2026\/01\/17\/bilan-de-mme-jessica-davis-ba-ambassadeur-des-etats-unis-en-cote-divoire-en-fin-de-mission\/#breadcrumb\",\"itemListElement\":[{\"@type\":\"ListItem\",\"position\":1,\"name\":\"Accueil\",\"item\":\"https:\/\/www.lejournalci.org\/\"},{\"@type\":\"ListItem\",\"position\":2,\"name\":\"Bilan de Mme Jessica DAVIS BA , Ambassadeur des \u00c9tats-Unis en C\u00f4te d&#8217;Ivoire en fin de mission.\"}]},{\"@type\":\"WebSite\",\"@id\":\"https:\/\/www.lejournalci.org\/#website\",\"url\":\"https:\/\/www.lejournalci.org\/\",\"name\":\"Cooperation Internationale\",\"description\":\"Faire de la Coop\u00e9ration un Puissant Instrument de D\u00e9veloppement\",\"publisher\":{\"@id\":\"https:\/\/www.lejournalci.org\/#organization\"},\"potentialAction\":[{\"@type\":\"SearchAction\",\"target\":{\"@type\":\"EntryPoint\",\"urlTemplate\":\"https:\/\/www.lejournalci.org\/?s={search_term_string}\"},\"query-input\":{\"@type\":\"PropertyValueSpecification\",\"valueRequired\":true,\"valueName\":\"search_term_string\"}}],\"inLanguage\":\"fr-FR\"},{\"@type\":\"Organization\",\"@id\":\"https:\/\/www.lejournalci.org\/#organization\",\"name\":\"Cooperation Internationale\",\"url\":\"https:\/\/www.lejournalci.org\/\",\"logo\":{\"@type\":\"ImageObject\",\"inLanguage\":\"fr-FR\",\"@id\":\"https:\/\/www.lejournalci.org\/#\/schema\/logo\/image\/\",\"url\":\"https:\/\/www.lejournalci.org\/wp-content\/uploads\/2024\/12\/logo-coopint_HD_3.jpg\",\"contentUrl\":\"https:\/\/www.lejournalci.org\/wp-content\/uploads\/2024\/12\/logo-coopint_HD_3.jpg\",\"width\":700,\"height\":214,\"caption\":\"Cooperation Internationale\"},\"image\":{\"@id\":\"https:\/\/www.lejournalci.org\/#\/schema\/logo\/image\/\"},\"sameAs\":[\"https:\/\/www.facebook.com\/journalCI\/\",\"https:\/\/x.com\/lejournalc\"]},{\"@type\":\"Person\",\"@id\":\"https:\/\/www.lejournalci.org\/#\/schema\/person\/2efe42dc5459aaaf6d89cb27e736002b\",\"name\":\"La R\u00e9daction CI\",\"image\":{\"@type\":\"ImageObject\",\"inLanguage\":\"fr-FR\",\"@id\":\"https:\/\/www.lejournalci.org\/#\/schema\/person\/image\/\",\"url\":\"https:\/\/secure.gravatar.com\/avatar\/e63ab2ab378e283740d8889fbe2ec43fdcee7ac714a480d705f61cb1e5675c4c?s=96&d=mm&r=g\",\"contentUrl\":\"https:\/\/secure.gravatar.com\/avatar\/e63ab2ab378e283740d8889fbe2ec43fdcee7ac714a480d705f61cb1e5675c4c?s=96&d=mm&r=g\",\"caption\":\"La R\u00e9daction CI\"},\"url\":\"https:\/\/www.lejournalci.org\/index.php\/author\/noebricendongyahoo-fr\/\"}]}<\/script>\n<!-- \/ Yoast SEO plugin. -->","yoast_head_json":{"title":"Bilan de Mme Jessica DAVIS BA , Ambassadeur des \u00c9tats-Unis en C\u00f4te d'Ivoire en fin de mission. - Cooperation Internationale","robots":{"index":"index","follow":"follow","max-snippet":"max-snippet:-1","max-image-preview":"max-image-preview:large","max-video-preview":"max-video-preview:-1"},"canonical":"https:\/\/www.lejournalci.org\/index.php\/2026\/01\/17\/bilan-de-mme-jessica-davis-ba-ambassadeur-des-etats-unis-en-cote-divoire-en-fin-de-mission\/","og_locale":"fr_FR","og_type":"article","og_title":"Bilan de Mme Jessica DAVIS BA , Ambassadeur des \u00c9tats-Unis en C\u00f4te d'Ivoire en fin de mission. - Cooperation Internationale","og_description":"En fin de mission, la diplomate am\u00e9ricaine dresse le bilan de son action et les perspectives de coop\u00e9ration entre la C\u00f4te d&#8217;Ivoire et les \u00c9tats-Unis. Bonjour Madame l\u2019ambassadeur, vous quittez la C\u00f4te d&#8217;Ivoire au terme de 2 ans et demi de mission. Quelle est la raison de ce d\u00e9part un","og_url":"https:\/\/www.lejournalci.org\/index.php\/2026\/01\/17\/bilan-de-mme-jessica-davis-ba-ambassadeur-des-etats-unis-en-cote-divoire-en-fin-de-mission\/","og_site_name":"Cooperation Internationale","article_publisher":"https:\/\/www.facebook.com\/journalCI\/","article_published_time":"2026-01-17T05:36:47+00:00","article_modified_time":"2026-01-17T05:36:49+00:00","og_image":[{"width":720,"height":405,"url":"https:\/\/www.lejournalci.org\/wp-content\/uploads\/2026\/01\/1001659075.jpg","type":"image\/jpeg"}],"author":"La R\u00e9daction CI","twitter_card":"summary_large_image","twitter_creator":"@lejournalc","twitter_site":"@lejournalc","twitter_misc":{"\u00c9crit par":"La R\u00e9daction CI","Dur\u00e9e de lecture estim\u00e9e":"11 minutes"},"schema":{"@context":"https:\/\/schema.org","@graph":[{"@type":"Article","@id":"https:\/\/www.lejournalci.org\/index.php\/2026\/01\/17\/bilan-de-mme-jessica-davis-ba-ambassadeur-des-etats-unis-en-cote-divoire-en-fin-de-mission\/#article","isPartOf":{"@id":"https:\/\/www.lejournalci.org\/index.php\/2026\/01\/17\/bilan-de-mme-jessica-davis-ba-ambassadeur-des-etats-unis-en-cote-divoire-en-fin-de-mission\/"},"author":{"name":"La R\u00e9daction CI","@id":"https:\/\/www.lejournalci.org\/#\/schema\/person\/2efe42dc5459aaaf6d89cb27e736002b"},"headline":"Bilan de Mme Jessica DAVIS BA , Ambassadeur des \u00c9tats-Unis en C\u00f4te d&#8217;Ivoire en fin de mission.","datePublished":"2026-01-17T05:36:47+00:00","dateModified":"2026-01-17T05:36:49+00:00","mainEntityOfPage":{"@id":"https:\/\/www.lejournalci.org\/index.php\/2026\/01\/17\/bilan-de-mme-jessica-davis-ba-ambassadeur-des-etats-unis-en-cote-divoire-en-fin-de-mission\/"},"wordCount":2341,"publisher":{"@id":"https:\/\/www.lejournalci.org\/#organization"},"image":{"@id":"https:\/\/www.lejournalci.org\/index.php\/2026\/01\/17\/bilan-de-mme-jessica-davis-ba-ambassadeur-des-etats-unis-en-cote-divoire-en-fin-de-mission\/#primaryimage"},"thumbnailUrl":"https:\/\/www.lejournalci.org\/wp-content\/uploads\/2026\/01\/1001659075.jpg","articleSection":["INTERVIEW"],"inLanguage":"fr-FR"},{"@type":"WebPage","@id":"https:\/\/www.lejournalci.org\/index.php\/2026\/01\/17\/bilan-de-mme-jessica-davis-ba-ambassadeur-des-etats-unis-en-cote-divoire-en-fin-de-mission\/","url":"https:\/\/www.lejournalci.org\/index.php\/2026\/01\/17\/bilan-de-mme-jessica-davis-ba-ambassadeur-des-etats-unis-en-cote-divoire-en-fin-de-mission\/","name":"Bilan de Mme Jessica DAVIS BA , Ambassadeur des \u00c9tats-Unis en C\u00f4te d'Ivoire en fin de mission. - Cooperation Internationale","isPartOf":{"@id":"https:\/\/www.lejournalci.org\/#website"},"primaryImageOfPage":{"@id":"https:\/\/www.lejournalci.org\/index.php\/2026\/01\/17\/bilan-de-mme-jessica-davis-ba-ambassadeur-des-etats-unis-en-cote-divoire-en-fin-de-mission\/#primaryimage"},"image":{"@id":"https:\/\/www.lejournalci.org\/index.php\/2026\/01\/17\/bilan-de-mme-jessica-davis-ba-ambassadeur-des-etats-unis-en-cote-divoire-en-fin-de-mission\/#primaryimage"},"thumbnailUrl":"https:\/\/www.lejournalci.org\/wp-content\/uploads\/2026\/01\/1001659075.jpg","datePublished":"2026-01-17T05:36:47+00:00","dateModified":"2026-01-17T05:36:49+00:00","breadcrumb":{"@id":"https:\/\/www.lejournalci.org\/index.php\/2026\/01\/17\/bilan-de-mme-jessica-davis-ba-ambassadeur-des-etats-unis-en-cote-divoire-en-fin-de-mission\/#breadcrumb"},"inLanguage":"fr-FR","potentialAction":[{"@type":"ReadAction","target":["https:\/\/www.lejournalci.org\/index.php\/2026\/01\/17\/bilan-de-mme-jessica-davis-ba-ambassadeur-des-etats-unis-en-cote-divoire-en-fin-de-mission\/"]}]},{"@type":"ImageObject","inLanguage":"fr-FR","@id":"https:\/\/www.lejournalci.org\/index.php\/2026\/01\/17\/bilan-de-mme-jessica-davis-ba-ambassadeur-des-etats-unis-en-cote-divoire-en-fin-de-mission\/#primaryimage","url":"https:\/\/www.lejournalci.org\/wp-content\/uploads\/2026\/01\/1001659075.jpg","contentUrl":"https:\/\/www.lejournalci.org\/wp-content\/uploads\/2026\/01\/1001659075.jpg","width":720,"height":405},{"@type":"BreadcrumbList","@id":"https:\/\/www.lejournalci.org\/index.php\/2026\/01\/17\/bilan-de-mme-jessica-davis-ba-ambassadeur-des-etats-unis-en-cote-divoire-en-fin-de-mission\/#breadcrumb","itemListElement":[{"@type":"ListItem","position":1,"name":"Accueil","item":"https:\/\/www.lejournalci.org\/"},{"@type":"ListItem","position":2,"name":"Bilan de Mme Jessica DAVIS BA , Ambassadeur des \u00c9tats-Unis en C\u00f4te d&#8217;Ivoire en fin de mission."}]},{"@type":"WebSite","@id":"https:\/\/www.lejournalci.org\/#website","url":"https:\/\/www.lejournalci.org\/","name":"Cooperation Internationale","description":"Faire de la Coop\u00e9ration un Puissant Instrument de D\u00e9veloppement","publisher":{"@id":"https:\/\/www.lejournalci.org\/#organization"},"potentialAction":[{"@type":"SearchAction","target":{"@type":"EntryPoint","urlTemplate":"https:\/\/www.lejournalci.org\/?s={search_term_string}"},"query-input":{"@type":"PropertyValueSpecification","valueRequired":true,"valueName":"search_term_string"}}],"inLanguage":"fr-FR"},{"@type":"Organization","@id":"https:\/\/www.lejournalci.org\/#organization","name":"Cooperation Internationale","url":"https:\/\/www.lejournalci.org\/","logo":{"@type":"ImageObject","inLanguage":"fr-FR","@id":"https:\/\/www.lejournalci.org\/#\/schema\/logo\/image\/","url":"https:\/\/www.lejournalci.org\/wp-content\/uploads\/2024\/12\/logo-coopint_HD_3.jpg","contentUrl":"https:\/\/www.lejournalci.org\/wp-content\/uploads\/2024\/12\/logo-coopint_HD_3.jpg","width":700,"height":214,"caption":"Cooperation Internationale"},"image":{"@id":"https:\/\/www.lejournalci.org\/#\/schema\/logo\/image\/"},"sameAs":["https:\/\/www.facebook.com\/journalCI\/","https:\/\/x.com\/lejournalc"]},{"@type":"Person","@id":"https:\/\/www.lejournalci.org\/#\/schema\/person\/2efe42dc5459aaaf6d89cb27e736002b","name":"La R\u00e9daction CI","image":{"@type":"ImageObject","inLanguage":"fr-FR","@id":"https:\/\/www.lejournalci.org\/#\/schema\/person\/image\/","url":"https:\/\/secure.gravatar.com\/avatar\/e63ab2ab378e283740d8889fbe2ec43fdcee7ac714a480d705f61cb1e5675c4c?s=96&d=mm&r=g","contentUrl":"https:\/\/secure.gravatar.com\/avatar\/e63ab2ab378e283740d8889fbe2ec43fdcee7ac714a480d705f61cb1e5675c4c?s=96&d=mm&r=g","caption":"La R\u00e9daction CI"},"url":"https:\/\/www.lejournalci.org\/index.php\/author\/noebricendongyahoo-fr\/"}]}},"jetpack_publicize_connections":[],"jetpack_featured_media_url":"https:\/\/www.lejournalci.org\/wp-content\/uploads\/2026\/01\/1001659075.jpg","jetpack_sharing_enabled":true,"_links":{"self":[{"href":"https:\/\/www.lejournalci.org\/index.php\/wp-json\/wp\/v2\/posts\/10737","targetHints":{"allow":["GET"]}}],"collection":[{"href":"https:\/\/www.lejournalci.org\/index.php\/wp-json\/wp\/v2\/posts"}],"about":[{"href":"https:\/\/www.lejournalci.org\/index.php\/wp-json\/wp\/v2\/types\/post"}],"author":[{"embeddable":true,"href":"https:\/\/www.lejournalci.org\/index.php\/wp-json\/wp\/v2\/users\/3"}],"replies":[{"embeddable":true,"href":"https:\/\/www.lejournalci.org\/index.php\/wp-json\/wp\/v2\/comments?post=10737"}],"version-history":[{"count":1,"href":"https:\/\/www.lejournalci.org\/index.php\/wp-json\/wp\/v2\/posts\/10737\/revisions"}],"predecessor-version":[{"id":10744,"href":"https:\/\/www.lejournalci.org\/index.php\/wp-json\/wp\/v2\/posts\/10737\/revisions\/10744"}],"wp:featuredmedia":[{"embeddable":true,"href":"https:\/\/www.lejournalci.org\/index.php\/wp-json\/wp\/v2\/media\/10743"}],"wp:attachment":[{"href":"https:\/\/www.lejournalci.org\/index.php\/wp-json\/wp\/v2\/media?parent=10737"}],"wp:term":[{"taxonomy":"category","embeddable":true,"href":"https:\/\/www.lejournalci.org\/index.php\/wp-json\/wp\/v2\/categories?post=10737"},{"taxonomy":"post_tag","embeddable":true,"href":"https:\/\/www.lejournalci.org\/index.php\/wp-json\/wp\/v2\/tags?post=10737"}],"curies":[{"name":"wp","href":"https:\/\/api.w.org\/{rel}","templated":true}]}}