{"id":10730,"date":"2026-01-16T11:44:04","date_gmt":"2026-01-16T11:44:04","guid":{"rendered":"https:\/\/www.lejournalci.org\/?p=10730"},"modified":"2026-01-16T11:44:06","modified_gmt":"2026-01-16T11:44:06","slug":"le-senegal-et-litalie-sengagent-vers-une-cooperation-pragmatique-et-strategique","status":"publish","type":"post","link":"https:\/\/www.lejournalci.org\/index.php\/2026\/01\/16\/le-senegal-et-litalie-sengagent-vers-une-cooperation-pragmatique-et-strategique\/","title":{"rendered":"Le S\u00e9n\u00e9gal et l&#8217;Italie s&#8217;engagent vers une coop\u00e9ration pragmatique et strat\u00e9gique."},"content":{"rendered":"\n<p><br>\u00c0 l\u2019heure o\u00f9 la g\u00e9opolitique mondiale impose une red\u00e9finition des alliances strat\u00e9giques, la diplomatie \u00e9conomique s&#8217;affirme plus que jamais comme le levier principal de la souverainet\u00e9 nationale et du d\u00e9veloppement endog\u00e8ne. C\u2019est dans cette dynamique de reconfiguration que s\u2019inscrit la rencontre de haut niveau tenue le 15 janvier 2026 \u00e0 Rome dans le bureau de l\u2019ambassade entre Monsieur Alessandro Bertoldi, Directeur Ex\u00e9cutif de la prestigieuse institution  Friedman, et Son Excellence Monsieur Ngor Ndiaye, Ambassadeur de la R\u00e9publique du S\u00e9n\u00e9gal en Italie. Cette concertation d\u00e9passe le cadre protocolaire pour jeter les bases d&#8217;une collaboration op\u00e9rationnelle et ambitieuse entre les deux nations.<\/p>\n\n\n\n<p>Au centre des \u00e9changes, la reconnaissance du<strong><em>&#8221; mod\u00e8le s\u00e9n\u00e9galais&#8221; <\/em><\/strong>a constitu\u00e9 un point d&#8217;ancrage majeur. Dans un environnement r\u00e9gional en profonde mutation, le S\u00e9n\u00e9gal confirme son statut de p\u00f4le de stabilit\u00e9 institutionnelle et de terre d&#8217;opportunit\u00e9s pour les investisseurs internationaux. L&#8217;Institut Friedman, voix autoris\u00e9e du lib\u00e9ralisme \u00e9conomique en Europe, a salu\u00e9 les efforts constants de Dakar pour promouvoir un \u00c9tat de droit favorable \u00e0 la libert\u00e9 d&#8217;entreprendre. Cette convergence de vues sur les vertus du march\u00e9 et de la s\u00e9curit\u00e9 juridique est le pr\u00e9requis indispensable pour attirer non seulement les capitaux, mais aussi les partenariats technologiques de l&#8217;industrie italienne vers notre tissu \u00e9conomique.<\/p>\n\n\n\n<p><\/p>\n\n\n\n<p><br>Toutefois, la vision partag\u00e9e \u00e0 Rome ne se limite pas \u00e0 l&#8217;attraction des flux financiers. Les discussions ont mis en exergue une priorit\u00e9 absolue : la valorisation du capital humain. La productivit\u00e9 locale, l&#8217;\u00e9ducation, le renforcement de l\u2019entreprenariat f\u00e9minin et la formation technique ont \u00e9t\u00e9 identifi\u00e9es comme les v\u00e9ritables moteurs d&#8217;une croissance durable.<br>L&#8217;Italie, riche de son savoir-faire industriel et de son r\u00e9seau de PME d&#8217;excellence, se positionne d\u00e8s lors comme un partenaire strat\u00e9gique pour accompagner la mont\u00e9e en comp\u00e9tence de la jeunesse s\u00e9n\u00e9galaise, transformant le d\u00e9fi d\u00e9mographique en dividende \u00e9conomique.<br>En d\u00e9finitive, cette rencontre marque le pr\u00e9lude d&#8217;un parcours structur\u00e9 et m\u00e9thodique. Loin des effets d&#8217;annonce, les parties ont convenu d&#8217;\u00e9laborer une feuille de route rigoureuse visant \u00e0 densifier les \u00e9changes entre les institutions et les entreprises des deux rives de la M\u00e9diterran\u00e9e.<br>L&#8217;axe Dakar-Rome se renforce ainsi, non dans une logique d&#8217;assistance, mais dans celle d&#8217;un co-d\u00e9veloppement respectueux et pragmatique. Il appartient d\u00e9sormais aux d\u00e9cideurs et aux capitaines d&#8217;industrie de saisir cette main tendue pour concr\u00e9tiser, par des projets tangibles, cette nouvelle \u00e8re de coop\u00e9ration.<\/p>\n","protected":false},"excerpt":{"rendered":"<p>\u00c0 l\u2019heure o\u00f9 la g\u00e9opolitique mondiale impose une red\u00e9finition des alliances strat\u00e9giques, la diplomatie \u00e9conomique s&#8217;affirme plus que jamais comme le levier principal de la souverainet\u00e9 nationale et du d\u00e9veloppement endog\u00e8ne. C\u2019est dans cette dynamique de reconfiguration que s\u2019inscrit la rencontre de haut niveau tenue le 15 janvier 2026 \u00e0<\/p>\n","protected":false},"author":3,"featured_media":10735,"comment_status":"closed","ping_status":"open","sticky":false,"template":"","format":"standard","meta":{"colormag_page_container_layout":"default_layout","colormag_page_sidebar_layout":"default_layout","_jetpack_memberships_contains_paid_content":false,"footnotes":"","jetpack_publicize_message":"","jetpack_publicize_feature_enabled":true,"jetpack_social_post_already_shared":true,"jetpack_social_options":{"image_generator_settings":{"template":"highway","default_image_id":0,"font":"","enabled":false},"version":2}},"categories":[51],"tags":[],"class_list":["post-10730","post","type-post","status-publish","format-standard","has-post-thumbnail","hentry","category-diplomatie"],"magazineBlocksPostFeaturedMedia":{"thumbnail":"https:\/\/www.lejournalci.org\/wp-content\/uploads\/2026\/01\/1001656393-edited-150x150.jpg","medium":"https:\/\/www.lejournalci.org\/wp-content\/uploads\/2026\/01\/1001656393-edited-300x169.jpg","medium_large":"https:\/\/www.lejournalci.org\/wp-content\/uploads\/2026\/01\/1001656393-edited-768x432.jpg","large":"https:\/\/www.lejournalci.org\/wp-content\/uploads\/2026\/01\/1001656393-edited-1024x576.jpg","1536x1536":"https:\/\/www.lejournalci.org\/wp-content\/uploads\/2026\/01\/1001656393-edited.jpg","2048x2048":"https:\/\/www.lejournalci.org\/wp-content\/uploads\/2026\/01\/1001656393-edited.jpg","colormag-highlighted-post":"https:\/\/www.lejournalci.org\/wp-content\/uploads\/2026\/01\/1001656393-edited-392x272.jpg","colormag-featured-post-medium":"https:\/\/www.lejournalci.org\/wp-content\/uploads\/2026\/01\/1001656393-edited-390x205.jpg","colormag-featured-post-small":"https:\/\/www.lejournalci.org\/wp-content\/uploads\/2026\/01\/1001656393-edited-130x90.jpg","colormag-featured-image":"https:\/\/www.lejournalci.org\/wp-content\/uploads\/2026\/01\/1001656393-edited-800x445.jpg","colormag-default-news":"https:\/\/www.lejournalci.org\/wp-content\/uploads\/2026\/01\/1001656393-edited-150x150.jpg","colormag-featured-image-large":"https:\/\/www.lejournalci.org\/wp-content\/uploads\/2026\/01\/1001656393-edited-1080x600.jpg"},"magazineBlocksPostAuthor":{"name":"La R\u00e9daction CI","avatar":"https:\/\/secure.gravatar.com\/avatar\/e63ab2ab378e283740d8889fbe2ec43fdcee7ac714a480d705f61cb1e5675c4c?s=96&d=mm&r=g"},"magazineBlocksPostCommentsNumber":false,"magazineBlocksPostExcerpt":"\u00c0 l\u2019heure o\u00f9 la g\u00e9opolitique mondiale impose une red\u00e9finition des alliances strat\u00e9giques, la diplomatie \u00e9conomique s&#8217;affirme plus que jamais comme le levier principal de la souverainet\u00e9 nationale et du d\u00e9veloppement endog\u00e8ne. C\u2019est dans cette dynamique de reconfiguration que s\u2019inscrit la rencontre de haut niveau tenue le 15 janvier 2026 \u00e0","magazineBlocksPostCategories":["DIPLOMATIE"],"magazineBlocksPostViewCount":358,"magazineBlocksPostReadTime":3,"magazine_blocks_featured_image_url":{"full":["https:\/\/www.lejournalci.org\/wp-content\/uploads\/2026\/01\/1001656393-edited.jpg",1080,607,false],"medium":["https:\/\/www.lejournalci.org\/wp-content\/uploads\/2026\/01\/1001656393-edited-300x169.jpg",300,169,true],"thumbnail":["https:\/\/www.lejournalci.org\/wp-content\/uploads\/2026\/01\/1001656393-edited-150x150.jpg",150,150,true]},"magazine_blocks_author":{"display_name":"La R\u00e9daction CI","author_link":"https:\/\/www.lejournalci.org\/index.php\/author\/noebricendongyahoo-fr\/"},"magazine_blocks_comment":0,"magazine_blocks_author_image":"https:\/\/secure.gravatar.com\/avatar\/e63ab2ab378e283740d8889fbe2ec43fdcee7ac714a480d705f61cb1e5675c4c?s=96&d=mm&r=g","magazine_blocks_category":"<a href=\"#\" class=\"category-link category-link-51\">DIPLOMATIE<\/a>","yoast_head":"<!-- This site is optimized with the Yoast SEO plugin v26.2 - https:\/\/yoast.com\/wordpress\/plugins\/seo\/ -->\n<title>Le S\u00e9n\u00e9gal et l&#039;Italie s&#039;engagent vers une coop\u00e9ration pragmatique et strat\u00e9gique. - Cooperation Internationale<\/title>\n<meta name=\"robots\" content=\"index, follow, max-snippet:-1, max-image-preview:large, max-video-preview:-1\" \/>\n<link rel=\"canonical\" href=\"https:\/\/www.lejournalci.org\/index.php\/2026\/01\/16\/le-senegal-et-litalie-sengagent-vers-une-cooperation-pragmatique-et-strategique\/\" \/>\n<meta property=\"og:locale\" content=\"fr_FR\" \/>\n<meta property=\"og:type\" content=\"article\" \/>\n<meta property=\"og:title\" content=\"Le S\u00e9n\u00e9gal et l&#039;Italie s&#039;engagent vers une coop\u00e9ration pragmatique et strat\u00e9gique. - Cooperation Internationale\" \/>\n<meta property=\"og:description\" content=\"\u00c0 l\u2019heure o\u00f9 la g\u00e9opolitique mondiale impose une red\u00e9finition des alliances strat\u00e9giques, la diplomatie \u00e9conomique s&#8217;affirme plus que jamais comme le levier principal de la souverainet\u00e9 nationale et du d\u00e9veloppement endog\u00e8ne. C\u2019est dans cette dynamique de reconfiguration que s\u2019inscrit la rencontre de haut niveau tenue le 15 janvier 2026 \u00e0\" \/>\n<meta property=\"og:url\" content=\"https:\/\/www.lejournalci.org\/index.php\/2026\/01\/16\/le-senegal-et-litalie-sengagent-vers-une-cooperation-pragmatique-et-strategique\/\" \/>\n<meta property=\"og:site_name\" content=\"Cooperation Internationale\" \/>\n<meta property=\"article:publisher\" content=\"https:\/\/www.facebook.com\/journalCI\/\" \/>\n<meta property=\"article:published_time\" content=\"2026-01-16T11:44:04+00:00\" \/>\n<meta property=\"article:modified_time\" content=\"2026-01-16T11:44:06+00:00\" \/>\n<meta property=\"og:image\" content=\"https:\/\/www.lejournalci.org\/wp-content\/uploads\/2026\/01\/1001656393-edited.jpg\" \/>\n\t<meta property=\"og:image:width\" content=\"1080\" \/>\n\t<meta property=\"og:image:height\" content=\"607\" \/>\n\t<meta property=\"og:image:type\" content=\"image\/jpeg\" \/>\n<meta name=\"author\" content=\"La R\u00e9daction CI\" \/>\n<meta name=\"twitter:card\" content=\"summary_large_image\" \/>\n<meta name=\"twitter:creator\" content=\"@lejournalc\" \/>\n<meta name=\"twitter:site\" content=\"@lejournalc\" \/>\n<meta name=\"twitter:label1\" content=\"\u00c9crit par\" \/>\n\t<meta name=\"twitter:data1\" content=\"La R\u00e9daction CI\" \/>\n\t<meta name=\"twitter:label2\" content=\"Dur\u00e9e de lecture estim\u00e9e\" \/>\n\t<meta name=\"twitter:data2\" content=\"3 minutes\" \/>\n<script type=\"application\/ld+json\" class=\"yoast-schema-graph\">{\"@context\":\"https:\/\/schema.org\",\"@graph\":[{\"@type\":\"Article\",\"@id\":\"https:\/\/www.lejournalci.org\/index.php\/2026\/01\/16\/le-senegal-et-litalie-sengagent-vers-une-cooperation-pragmatique-et-strategique\/#article\",\"isPartOf\":{\"@id\":\"https:\/\/www.lejournalci.org\/index.php\/2026\/01\/16\/le-senegal-et-litalie-sengagent-vers-une-cooperation-pragmatique-et-strategique\/\"},\"author\":{\"name\":\"La R\u00e9daction CI\",\"@id\":\"https:\/\/www.lejournalci.org\/#\/schema\/person\/2efe42dc5459aaaf6d89cb27e736002b\"},\"headline\":\"Le S\u00e9n\u00e9gal et l&#8217;Italie s&#8217;engagent vers une coop\u00e9ration pragmatique et strat\u00e9gique.\",\"datePublished\":\"2026-01-16T11:44:04+00:00\",\"dateModified\":\"2026-01-16T11:44:06+00:00\",\"mainEntityOfPage\":{\"@id\":\"https:\/\/www.lejournalci.org\/index.php\/2026\/01\/16\/le-senegal-et-litalie-sengagent-vers-une-cooperation-pragmatique-et-strategique\/\"},\"wordCount\":458,\"publisher\":{\"@id\":\"https:\/\/www.lejournalci.org\/#organization\"},\"image\":{\"@id\":\"https:\/\/www.lejournalci.org\/index.php\/2026\/01\/16\/le-senegal-et-litalie-sengagent-vers-une-cooperation-pragmatique-et-strategique\/#primaryimage\"},\"thumbnailUrl\":\"https:\/\/www.lejournalci.org\/wp-content\/uploads\/2026\/01\/1001656393-edited.jpg\",\"articleSection\":[\"DIPLOMATIE\"],\"inLanguage\":\"fr-FR\"},{\"@type\":\"WebPage\",\"@id\":\"https:\/\/www.lejournalci.org\/index.php\/2026\/01\/16\/le-senegal-et-litalie-sengagent-vers-une-cooperation-pragmatique-et-strategique\/\",\"url\":\"https:\/\/www.lejournalci.org\/index.php\/2026\/01\/16\/le-senegal-et-litalie-sengagent-vers-une-cooperation-pragmatique-et-strategique\/\",\"name\":\"Le S\u00e9n\u00e9gal et l'Italie s'engagent vers une coop\u00e9ration pragmatique et strat\u00e9gique. - Cooperation Internationale\",\"isPartOf\":{\"@id\":\"https:\/\/www.lejournalci.org\/#website\"},\"primaryImageOfPage\":{\"@id\":\"https:\/\/www.lejournalci.org\/index.php\/2026\/01\/16\/le-senegal-et-litalie-sengagent-vers-une-cooperation-pragmatique-et-strategique\/#primaryimage\"},\"image\":{\"@id\":\"https:\/\/www.lejournalci.org\/index.php\/2026\/01\/16\/le-senegal-et-litalie-sengagent-vers-une-cooperation-pragmatique-et-strategique\/#primaryimage\"},\"thumbnailUrl\":\"https:\/\/www.lejournalci.org\/wp-content\/uploads\/2026\/01\/1001656393-edited.jpg\",\"datePublished\":\"2026-01-16T11:44:04+00:00\",\"dateModified\":\"2026-01-16T11:44:06+00:00\",\"breadcrumb\":{\"@id\":\"https:\/\/www.lejournalci.org\/index.php\/2026\/01\/16\/le-senegal-et-litalie-sengagent-vers-une-cooperation-pragmatique-et-strategique\/#breadcrumb\"},\"inLanguage\":\"fr-FR\",\"potentialAction\":[{\"@type\":\"ReadAction\",\"target\":[\"https:\/\/www.lejournalci.org\/index.php\/2026\/01\/16\/le-senegal-et-litalie-sengagent-vers-une-cooperation-pragmatique-et-strategique\/\"]}]},{\"@type\":\"ImageObject\",\"inLanguage\":\"fr-FR\",\"@id\":\"https:\/\/www.lejournalci.org\/index.php\/2026\/01\/16\/le-senegal-et-litalie-sengagent-vers-une-cooperation-pragmatique-et-strategique\/#primaryimage\",\"url\":\"https:\/\/www.lejournalci.org\/wp-content\/uploads\/2026\/01\/1001656393-edited.jpg\",\"contentUrl\":\"https:\/\/www.lejournalci.org\/wp-content\/uploads\/2026\/01\/1001656393-edited.jpg\",\"width\":1080,\"height\":607},{\"@type\":\"BreadcrumbList\",\"@id\":\"https:\/\/www.lejournalci.org\/index.php\/2026\/01\/16\/le-senegal-et-litalie-sengagent-vers-une-cooperation-pragmatique-et-strategique\/#breadcrumb\",\"itemListElement\":[{\"@type\":\"ListItem\",\"position\":1,\"name\":\"Accueil\",\"item\":\"https:\/\/www.lejournalci.org\/\"},{\"@type\":\"ListItem\",\"position\":2,\"name\":\"Le S\u00e9n\u00e9gal et l&#8217;Italie s&#8217;engagent vers une coop\u00e9ration pragmatique et strat\u00e9gique.\"}]},{\"@type\":\"WebSite\",\"@id\":\"https:\/\/www.lejournalci.org\/#website\",\"url\":\"https:\/\/www.lejournalci.org\/\",\"name\":\"Cooperation Internationale\",\"description\":\"Faire de la Coop\u00e9ration un Puissant Instrument de D\u00e9veloppement\",\"publisher\":{\"@id\":\"https:\/\/www.lejournalci.org\/#organization\"},\"potentialAction\":[{\"@type\":\"SearchAction\",\"target\":{\"@type\":\"EntryPoint\",\"urlTemplate\":\"https:\/\/www.lejournalci.org\/?s={search_term_string}\"},\"query-input\":{\"@type\":\"PropertyValueSpecification\",\"valueRequired\":true,\"valueName\":\"search_term_string\"}}],\"inLanguage\":\"fr-FR\"},{\"@type\":\"Organization\",\"@id\":\"https:\/\/www.lejournalci.org\/#organization\",\"name\":\"Cooperation Internationale\",\"url\":\"https:\/\/www.lejournalci.org\/\",\"logo\":{\"@type\":\"ImageObject\",\"inLanguage\":\"fr-FR\",\"@id\":\"https:\/\/www.lejournalci.org\/#\/schema\/logo\/image\/\",\"url\":\"https:\/\/www.lejournalci.org\/wp-content\/uploads\/2024\/12\/logo-coopint_HD_3.jpg\",\"contentUrl\":\"https:\/\/www.lejournalci.org\/wp-content\/uploads\/2024\/12\/logo-coopint_HD_3.jpg\",\"width\":700,\"height\":214,\"caption\":\"Cooperation Internationale\"},\"image\":{\"@id\":\"https:\/\/www.lejournalci.org\/#\/schema\/logo\/image\/\"},\"sameAs\":[\"https:\/\/www.facebook.com\/journalCI\/\",\"https:\/\/x.com\/lejournalc\"]},{\"@type\":\"Person\",\"@id\":\"https:\/\/www.lejournalci.org\/#\/schema\/person\/2efe42dc5459aaaf6d89cb27e736002b\",\"name\":\"La R\u00e9daction CI\",\"image\":{\"@type\":\"ImageObject\",\"inLanguage\":\"fr-FR\",\"@id\":\"https:\/\/www.lejournalci.org\/#\/schema\/person\/image\/\",\"url\":\"https:\/\/secure.gravatar.com\/avatar\/e63ab2ab378e283740d8889fbe2ec43fdcee7ac714a480d705f61cb1e5675c4c?s=96&d=mm&r=g\",\"contentUrl\":\"https:\/\/secure.gravatar.com\/avatar\/e63ab2ab378e283740d8889fbe2ec43fdcee7ac714a480d705f61cb1e5675c4c?s=96&d=mm&r=g\",\"caption\":\"La R\u00e9daction CI\"},\"url\":\"https:\/\/www.lejournalci.org\/index.php\/author\/noebricendongyahoo-fr\/\"}]}<\/script>\n<!-- \/ Yoast SEO plugin. -->","yoast_head_json":{"title":"Le S\u00e9n\u00e9gal et l'Italie s'engagent vers une coop\u00e9ration pragmatique et strat\u00e9gique. - Cooperation Internationale","robots":{"index":"index","follow":"follow","max-snippet":"max-snippet:-1","max-image-preview":"max-image-preview:large","max-video-preview":"max-video-preview:-1"},"canonical":"https:\/\/www.lejournalci.org\/index.php\/2026\/01\/16\/le-senegal-et-litalie-sengagent-vers-une-cooperation-pragmatique-et-strategique\/","og_locale":"fr_FR","og_type":"article","og_title":"Le S\u00e9n\u00e9gal et l'Italie s'engagent vers une coop\u00e9ration pragmatique et strat\u00e9gique. - Cooperation Internationale","og_description":"\u00c0 l\u2019heure o\u00f9 la g\u00e9opolitique mondiale impose une red\u00e9finition des alliances strat\u00e9giques, la diplomatie \u00e9conomique s&#8217;affirme plus que jamais comme le levier principal de la souverainet\u00e9 nationale et du d\u00e9veloppement endog\u00e8ne. C\u2019est dans cette dynamique de reconfiguration que s\u2019inscrit la rencontre de haut niveau tenue le 15 janvier 2026 \u00e0","og_url":"https:\/\/www.lejournalci.org\/index.php\/2026\/01\/16\/le-senegal-et-litalie-sengagent-vers-une-cooperation-pragmatique-et-strategique\/","og_site_name":"Cooperation Internationale","article_publisher":"https:\/\/www.facebook.com\/journalCI\/","article_published_time":"2026-01-16T11:44:04+00:00","article_modified_time":"2026-01-16T11:44:06+00:00","og_image":[{"width":1080,"height":607,"url":"https:\/\/www.lejournalci.org\/wp-content\/uploads\/2026\/01\/1001656393-edited.jpg","type":"image\/jpeg"}],"author":"La R\u00e9daction CI","twitter_card":"summary_large_image","twitter_creator":"@lejournalc","twitter_site":"@lejournalc","twitter_misc":{"\u00c9crit par":"La R\u00e9daction CI","Dur\u00e9e de lecture estim\u00e9e":"3 minutes"},"schema":{"@context":"https:\/\/schema.org","@graph":[{"@type":"Article","@id":"https:\/\/www.lejournalci.org\/index.php\/2026\/01\/16\/le-senegal-et-litalie-sengagent-vers-une-cooperation-pragmatique-et-strategique\/#article","isPartOf":{"@id":"https:\/\/www.lejournalci.org\/index.php\/2026\/01\/16\/le-senegal-et-litalie-sengagent-vers-une-cooperation-pragmatique-et-strategique\/"},"author":{"name":"La R\u00e9daction CI","@id":"https:\/\/www.lejournalci.org\/#\/schema\/person\/2efe42dc5459aaaf6d89cb27e736002b"},"headline":"Le S\u00e9n\u00e9gal et l&#8217;Italie s&#8217;engagent vers une coop\u00e9ration pragmatique et strat\u00e9gique.","datePublished":"2026-01-16T11:44:04+00:00","dateModified":"2026-01-16T11:44:06+00:00","mainEntityOfPage":{"@id":"https:\/\/www.lejournalci.org\/index.php\/2026\/01\/16\/le-senegal-et-litalie-sengagent-vers-une-cooperation-pragmatique-et-strategique\/"},"wordCount":458,"publisher":{"@id":"https:\/\/www.lejournalci.org\/#organization"},"image":{"@id":"https:\/\/www.lejournalci.org\/index.php\/2026\/01\/16\/le-senegal-et-litalie-sengagent-vers-une-cooperation-pragmatique-et-strategique\/#primaryimage"},"thumbnailUrl":"https:\/\/www.lejournalci.org\/wp-content\/uploads\/2026\/01\/1001656393-edited.jpg","articleSection":["DIPLOMATIE"],"inLanguage":"fr-FR"},{"@type":"WebPage","@id":"https:\/\/www.lejournalci.org\/index.php\/2026\/01\/16\/le-senegal-et-litalie-sengagent-vers-une-cooperation-pragmatique-et-strategique\/","url":"https:\/\/www.lejournalci.org\/index.php\/2026\/01\/16\/le-senegal-et-litalie-sengagent-vers-une-cooperation-pragmatique-et-strategique\/","name":"Le S\u00e9n\u00e9gal et l'Italie s'engagent vers une coop\u00e9ration pragmatique et strat\u00e9gique. - Cooperation Internationale","isPartOf":{"@id":"https:\/\/www.lejournalci.org\/#website"},"primaryImageOfPage":{"@id":"https:\/\/www.lejournalci.org\/index.php\/2026\/01\/16\/le-senegal-et-litalie-sengagent-vers-une-cooperation-pragmatique-et-strategique\/#primaryimage"},"image":{"@id":"https:\/\/www.lejournalci.org\/index.php\/2026\/01\/16\/le-senegal-et-litalie-sengagent-vers-une-cooperation-pragmatique-et-strategique\/#primaryimage"},"thumbnailUrl":"https:\/\/www.lejournalci.org\/wp-content\/uploads\/2026\/01\/1001656393-edited.jpg","datePublished":"2026-01-16T11:44:04+00:00","dateModified":"2026-01-16T11:44:06+00:00","breadcrumb":{"@id":"https:\/\/www.lejournalci.org\/index.php\/2026\/01\/16\/le-senegal-et-litalie-sengagent-vers-une-cooperation-pragmatique-et-strategique\/#breadcrumb"},"inLanguage":"fr-FR","potentialAction":[{"@type":"ReadAction","target":["https:\/\/www.lejournalci.org\/index.php\/2026\/01\/16\/le-senegal-et-litalie-sengagent-vers-une-cooperation-pragmatique-et-strategique\/"]}]},{"@type":"ImageObject","inLanguage":"fr-FR","@id":"https:\/\/www.lejournalci.org\/index.php\/2026\/01\/16\/le-senegal-et-litalie-sengagent-vers-une-cooperation-pragmatique-et-strategique\/#primaryimage","url":"https:\/\/www.lejournalci.org\/wp-content\/uploads\/2026\/01\/1001656393-edited.jpg","contentUrl":"https:\/\/www.lejournalci.org\/wp-content\/uploads\/2026\/01\/1001656393-edited.jpg","width":1080,"height":607},{"@type":"BreadcrumbList","@id":"https:\/\/www.lejournalci.org\/index.php\/2026\/01\/16\/le-senegal-et-litalie-sengagent-vers-une-cooperation-pragmatique-et-strategique\/#breadcrumb","itemListElement":[{"@type":"ListItem","position":1,"name":"Accueil","item":"https:\/\/www.lejournalci.org\/"},{"@type":"ListItem","position":2,"name":"Le S\u00e9n\u00e9gal et l&#8217;Italie s&#8217;engagent vers une coop\u00e9ration pragmatique et strat\u00e9gique."}]},{"@type":"WebSite","@id":"https:\/\/www.lejournalci.org\/#website","url":"https:\/\/www.lejournalci.org\/","name":"Cooperation Internationale","description":"Faire de la Coop\u00e9ration un Puissant Instrument de D\u00e9veloppement","publisher":{"@id":"https:\/\/www.lejournalci.org\/#organization"},"potentialAction":[{"@type":"SearchAction","target":{"@type":"EntryPoint","urlTemplate":"https:\/\/www.lejournalci.org\/?s={search_term_string}"},"query-input":{"@type":"PropertyValueSpecification","valueRequired":true,"valueName":"search_term_string"}}],"inLanguage":"fr-FR"},{"@type":"Organization","@id":"https:\/\/www.lejournalci.org\/#organization","name":"Cooperation Internationale","url":"https:\/\/www.lejournalci.org\/","logo":{"@type":"ImageObject","inLanguage":"fr-FR","@id":"https:\/\/www.lejournalci.org\/#\/schema\/logo\/image\/","url":"https:\/\/www.lejournalci.org\/wp-content\/uploads\/2024\/12\/logo-coopint_HD_3.jpg","contentUrl":"https:\/\/www.lejournalci.org\/wp-content\/uploads\/2024\/12\/logo-coopint_HD_3.jpg","width":700,"height":214,"caption":"Cooperation Internationale"},"image":{"@id":"https:\/\/www.lejournalci.org\/#\/schema\/logo\/image\/"},"sameAs":["https:\/\/www.facebook.com\/journalCI\/","https:\/\/x.com\/lejournalc"]},{"@type":"Person","@id":"https:\/\/www.lejournalci.org\/#\/schema\/person\/2efe42dc5459aaaf6d89cb27e736002b","name":"La R\u00e9daction CI","image":{"@type":"ImageObject","inLanguage":"fr-FR","@id":"https:\/\/www.lejournalci.org\/#\/schema\/person\/image\/","url":"https:\/\/secure.gravatar.com\/avatar\/e63ab2ab378e283740d8889fbe2ec43fdcee7ac714a480d705f61cb1e5675c4c?s=96&d=mm&r=g","contentUrl":"https:\/\/secure.gravatar.com\/avatar\/e63ab2ab378e283740d8889fbe2ec43fdcee7ac714a480d705f61cb1e5675c4c?s=96&d=mm&r=g","caption":"La R\u00e9daction CI"},"url":"https:\/\/www.lejournalci.org\/index.php\/author\/noebricendongyahoo-fr\/"}]}},"jetpack_publicize_connections":[],"jetpack_featured_media_url":"https:\/\/www.lejournalci.org\/wp-content\/uploads\/2026\/01\/1001656393-edited.jpg","jetpack_sharing_enabled":true,"_links":{"self":[{"href":"https:\/\/www.lejournalci.org\/index.php\/wp-json\/wp\/v2\/posts\/10730","targetHints":{"allow":["GET"]}}],"collection":[{"href":"https:\/\/www.lejournalci.org\/index.php\/wp-json\/wp\/v2\/posts"}],"about":[{"href":"https:\/\/www.lejournalci.org\/index.php\/wp-json\/wp\/v2\/types\/post"}],"author":[{"embeddable":true,"href":"https:\/\/www.lejournalci.org\/index.php\/wp-json\/wp\/v2\/users\/3"}],"replies":[{"embeddable":true,"href":"https:\/\/www.lejournalci.org\/index.php\/wp-json\/wp\/v2\/comments?post=10730"}],"version-history":[{"count":1,"href":"https:\/\/www.lejournalci.org\/index.php\/wp-json\/wp\/v2\/posts\/10730\/revisions"}],"predecessor-version":[{"id":10736,"href":"https:\/\/www.lejournalci.org\/index.php\/wp-json\/wp\/v2\/posts\/10730\/revisions\/10736"}],"wp:featuredmedia":[{"embeddable":true,"href":"https:\/\/www.lejournalci.org\/index.php\/wp-json\/wp\/v2\/media\/10735"}],"wp:attachment":[{"href":"https:\/\/www.lejournalci.org\/index.php\/wp-json\/wp\/v2\/media?parent=10730"}],"wp:term":[{"taxonomy":"category","embeddable":true,"href":"https:\/\/www.lejournalci.org\/index.php\/wp-json\/wp\/v2\/categories?post=10730"},{"taxonomy":"post_tag","embeddable":true,"href":"https:\/\/www.lejournalci.org\/index.php\/wp-json\/wp\/v2\/tags?post=10730"}],"curies":[{"name":"wp","href":"https:\/\/api.w.org\/{rel}","templated":true}]}}