{"id":10726,"date":"2026-01-16T06:46:53","date_gmt":"2026-01-16T06:46:53","guid":{"rendered":"https:\/\/www.lejournalci.org\/?p=10726"},"modified":"2026-01-16T06:46:55","modified_gmt":"2026-01-16T06:46:55","slug":"rdc-les-experts-de-la-task-force-davos-passent-en-revue-les-derniers-details","status":"publish","type":"post","link":"https:\/\/www.lejournalci.org\/index.php\/2026\/01\/16\/rdc-les-experts-de-la-task-force-davos-passent-en-revue-les-derniers-details\/","title":{"rendered":"RDC: Les Experts de la &#8220;Task Force Davos&#8221; passent en revue les derniers d\u00e9tails."},"content":{"rendered":"\n<p>Le jeudi 15 janvier 2026 \u00e0 Kinshasa, les Experts de la &#8220;Task Force Davos&#8221; ont eu une fructueuse s\u00e9ance de travail autour du Vice-Premier Ministre, Ministre de l&#8217;\u00c9conomie Nationale, et en pr\u00e9sence des Ministres des Mines et du Portefeuille de la R\u00e9publique D\u00e9mocratique du Congo ( RDC). Une opportunit\u00e9 de passer en revue les derniers d\u00e9tails relatifs \u00e0 l&#8217;organisation de la Conf\u00e9rence de Presse et de la Soir\u00e9e de Gala &#8220;DRC Heart Of Africa&#8221; qui se tiendront \u00e0 Davos, en Suisse, mardi 20 janvier 2026.<br><br> Le Forum \u00c9conomique Mondial de Davos est une plateforme strat\u00e9gique pour la RDC : il offre une visibilit\u00e9 internationale, facilite l\u2019attraction d\u2019investissements \u00e9trangers directs, et permet de nouer des partenariats publics\u2011priv\u00e9s pour valoriser les ressources naturelles et la transition \u00e9nerg\u00e9tique \u2014 des enjeux que le gouvernement congolais a activement mis en avant lors de sa participation \u00e0 Davos 2025.<br><br>L&#8217;objectif principal pour la RDC  est de  transformer la visibilit\u00e9 diplomatique en projets concrets d\u2019investissement, d\u2019acc\u00e8s aux march\u00e9s et de coop\u00e9ration technologique. La pr\u00e9sence pr\u00e9sidentielle et minist\u00e9rielle \u00e0 Davos vise pr\u00e9cis\u00e9ment \u00e0 repositionner la RDCongo comme \u00ab pays\u2011solution \u00bb pour la transition \u00e9nerg\u00e9tique et l\u2019exploitation responsable des ressources.<\/p>\n\n\n\n<p>R\u00e9sum\u00e9 des objectifs de la RDC \u00e0 Davos: <\/p>\n\n\n\n<ul class=\"wp-block-list\">\n<li> B\u00e9n\u00e9fices strat\u00e9giques<\/li>\n\n\n\n<li>Visibilit\u00e9 et Image Internationale : Davos permet \u00e0 la RDC de corriger les perceptions n\u00e9gatives et de promouvoir un narratif ax\u00e9 sur la durabilit\u00e9 et l\u2019innovation.<\/li>\n\n\n\n<li>Attraction des Investissements : rencontres avec investisseurs, fonds souverains et entreprises mini\u00e8res\/technologiques susceptibles d\u2019engager des financements et des contrats.<\/li>\n\n\n\n<li> Partenariats Technologiques et Climatiques : opportunit\u00e9s pour accords sur l\u2019IA, la gestion foresti\u00e8re, la conservation du bassin du Congo et la transition \u00e9nerg\u00e9tique.<\/li>\n\n\n\n<li> Diplomatie \u00c9conomique : plateforme pour n\u00e9gocier accords bilat\u00e9raux, facilit\u00e9s d\u2019exportation et soutien institutionnel (garanties, cofinancements).<\/li>\n<\/ul>\n\n\n\n<p><strong>SOURCE: Gouvernement de la RDC<\/strong><\/p>\n","protected":false},"excerpt":{"rendered":"<p>Le jeudi 15 janvier 2026 \u00e0 Kinshasa, les Experts de la &#8220;Task Force Davos&#8221; ont eu une fructueuse s\u00e9ance de travail autour du Vice-Premier Ministre, Ministre de l&#8217;\u00c9conomie Nationale, et en pr\u00e9sence des Ministres des Mines et du Portefeuille de la R\u00e9publique D\u00e9mocratique du Congo ( RDC). Une opportunit\u00e9 de<\/p>\n","protected":false},"author":3,"featured_media":10728,"comment_status":"closed","ping_status":"open","sticky":false,"template":"","format":"standard","meta":{"colormag_page_container_layout":"default_layout","colormag_page_sidebar_layout":"default_layout","_jetpack_memberships_contains_paid_content":false,"footnotes":"","jetpack_publicize_message":"","jetpack_publicize_feature_enabled":true,"jetpack_social_post_already_shared":true,"jetpack_social_options":{"image_generator_settings":{"template":"highway","default_image_id":0,"font":"","enabled":false},"version":2}},"categories":[52],"tags":[],"class_list":["post-10726","post","type-post","status-publish","format-standard","has-post-thumbnail","hentry","category-economie"],"magazineBlocksPostFeaturedMedia":{"thumbnail":"https:\/\/www.lejournalci.org\/wp-content\/uploads\/2026\/01\/1768488562424-edited-150x150.jpg","medium":"https:\/\/www.lejournalci.org\/wp-content\/uploads\/2026\/01\/1768488562424-edited-300x169.jpg","medium_large":"https:\/\/www.lejournalci.org\/wp-content\/uploads\/2026\/01\/1768488562424-edited-768x432.jpg","large":"https:\/\/www.lejournalci.org\/wp-content\/uploads\/2026\/01\/1768488562424-edited-1024x576.jpg","1536x1536":"https:\/\/www.lejournalci.org\/wp-content\/uploads\/2026\/01\/1768488562424-edited-1536x864.jpg","2048x2048":"https:\/\/www.lejournalci.org\/wp-content\/uploads\/2026\/01\/1768488562424-edited.jpg","colormag-highlighted-post":"https:\/\/www.lejournalci.org\/wp-content\/uploads\/2026\/01\/1768488562424-edited-392x272.jpg","colormag-featured-post-medium":"https:\/\/www.lejournalci.org\/wp-content\/uploads\/2026\/01\/1768488562424-edited-390x205.jpg","colormag-featured-post-small":"https:\/\/www.lejournalci.org\/wp-content\/uploads\/2026\/01\/1768488562424-edited-130x90.jpg","colormag-featured-image":"https:\/\/www.lejournalci.org\/wp-content\/uploads\/2026\/01\/1768488562424-edited-800x445.jpg","colormag-default-news":"https:\/\/www.lejournalci.org\/wp-content\/uploads\/2026\/01\/1768488562424-edited-150x150.jpg","colormag-featured-image-large":"https:\/\/www.lejournalci.org\/wp-content\/uploads\/2026\/01\/1768488562424-edited-1400x600.jpg"},"magazineBlocksPostAuthor":{"name":"La R\u00e9daction CI","avatar":"https:\/\/secure.gravatar.com\/avatar\/e63ab2ab378e283740d8889fbe2ec43fdcee7ac714a480d705f61cb1e5675c4c?s=96&d=mm&r=g"},"magazineBlocksPostCommentsNumber":false,"magazineBlocksPostExcerpt":"Le jeudi 15 janvier 2026 \u00e0 Kinshasa, les Experts de la &#8220;Task Force Davos&#8221; ont eu une fructueuse s\u00e9ance de travail autour du Vice-Premier Ministre, Ministre de l&#8217;\u00c9conomie Nationale, et en pr\u00e9sence des Ministres des Mines et du Portefeuille de la R\u00e9publique D\u00e9mocratique du Congo ( RDC). Une opportunit\u00e9 de","magazineBlocksPostCategories":["ECONOMIE"],"magazineBlocksPostViewCount":398,"magazineBlocksPostReadTime":2,"magazine_blocks_featured_image_url":{"full":["https:\/\/www.lejournalci.org\/wp-content\/uploads\/2026\/01\/1768488562424-edited.jpg",2048,1152,false],"medium":["https:\/\/www.lejournalci.org\/wp-content\/uploads\/2026\/01\/1768488562424-edited-300x169.jpg",300,169,true],"thumbnail":["https:\/\/www.lejournalci.org\/wp-content\/uploads\/2026\/01\/1768488562424-edited-150x150.jpg",150,150,true]},"magazine_blocks_author":{"display_name":"La R\u00e9daction CI","author_link":"https:\/\/www.lejournalci.org\/index.php\/author\/noebricendongyahoo-fr\/"},"magazine_blocks_comment":0,"magazine_blocks_author_image":"https:\/\/secure.gravatar.com\/avatar\/e63ab2ab378e283740d8889fbe2ec43fdcee7ac714a480d705f61cb1e5675c4c?s=96&d=mm&r=g","magazine_blocks_category":"<a href=\"#\" class=\"category-link category-link-52\">ECONOMIE<\/a>","yoast_head":"<!-- This site is optimized with the Yoast SEO plugin v26.2 - https:\/\/yoast.com\/wordpress\/plugins\/seo\/ -->\n<title>RDC: Les Experts de la &quot;Task Force Davos&quot; passent en revue les derniers d\u00e9tails. - Cooperation Internationale<\/title>\n<meta name=\"robots\" content=\"index, follow, max-snippet:-1, max-image-preview:large, max-video-preview:-1\" \/>\n<link rel=\"canonical\" href=\"https:\/\/www.lejournalci.org\/index.php\/2026\/01\/16\/rdc-les-experts-de-la-task-force-davos-passent-en-revue-les-derniers-details\/\" \/>\n<meta property=\"og:locale\" content=\"fr_FR\" \/>\n<meta property=\"og:type\" content=\"article\" \/>\n<meta property=\"og:title\" content=\"RDC: Les Experts de la &quot;Task Force Davos&quot; passent en revue les derniers d\u00e9tails. - Cooperation Internationale\" \/>\n<meta property=\"og:description\" content=\"Le jeudi 15 janvier 2026 \u00e0 Kinshasa, les Experts de la &#8220;Task Force Davos&#8221; ont eu une fructueuse s\u00e9ance de travail autour du Vice-Premier Ministre, Ministre de l&#8217;\u00c9conomie Nationale, et en pr\u00e9sence des Ministres des Mines et du Portefeuille de la R\u00e9publique D\u00e9mocratique du Congo ( RDC). Une opportunit\u00e9 de\" \/>\n<meta property=\"og:url\" content=\"https:\/\/www.lejournalci.org\/index.php\/2026\/01\/16\/rdc-les-experts-de-la-task-force-davos-passent-en-revue-les-derniers-details\/\" \/>\n<meta property=\"og:site_name\" content=\"Cooperation Internationale\" \/>\n<meta property=\"article:publisher\" content=\"https:\/\/www.facebook.com\/journalCI\/\" \/>\n<meta property=\"article:published_time\" content=\"2026-01-16T06:46:53+00:00\" \/>\n<meta property=\"article:modified_time\" content=\"2026-01-16T06:46:55+00:00\" \/>\n<meta property=\"og:image\" content=\"https:\/\/www.lejournalci.org\/wp-content\/uploads\/2026\/01\/1768488562424-edited.jpg\" \/>\n\t<meta property=\"og:image:width\" content=\"2048\" \/>\n\t<meta property=\"og:image:height\" content=\"1152\" \/>\n\t<meta property=\"og:image:type\" content=\"image\/jpeg\" \/>\n<meta name=\"author\" content=\"La R\u00e9daction CI\" \/>\n<meta name=\"twitter:card\" content=\"summary_large_image\" \/>\n<meta name=\"twitter:creator\" content=\"@lejournalc\" \/>\n<meta name=\"twitter:site\" content=\"@lejournalc\" \/>\n<meta name=\"twitter:label1\" content=\"\u00c9crit par\" \/>\n\t<meta name=\"twitter:data1\" content=\"La R\u00e9daction CI\" \/>\n\t<meta name=\"twitter:label2\" content=\"Dur\u00e9e de lecture estim\u00e9e\" \/>\n\t<meta name=\"twitter:data2\" content=\"2 minutes\" \/>\n<script type=\"application\/ld+json\" class=\"yoast-schema-graph\">{\"@context\":\"https:\/\/schema.org\",\"@graph\":[{\"@type\":\"Article\",\"@id\":\"https:\/\/www.lejournalci.org\/index.php\/2026\/01\/16\/rdc-les-experts-de-la-task-force-davos-passent-en-revue-les-derniers-details\/#article\",\"isPartOf\":{\"@id\":\"https:\/\/www.lejournalci.org\/index.php\/2026\/01\/16\/rdc-les-experts-de-la-task-force-davos-passent-en-revue-les-derniers-details\/\"},\"author\":{\"name\":\"La R\u00e9daction CI\",\"@id\":\"https:\/\/www.lejournalci.org\/#\/schema\/person\/2efe42dc5459aaaf6d89cb27e736002b\"},\"headline\":\"RDC: Les Experts de la &#8220;Task Force Davos&#8221; passent en revue les derniers d\u00e9tails.\",\"datePublished\":\"2026-01-16T06:46:53+00:00\",\"dateModified\":\"2026-01-16T06:46:55+00:00\",\"mainEntityOfPage\":{\"@id\":\"https:\/\/www.lejournalci.org\/index.php\/2026\/01\/16\/rdc-les-experts-de-la-task-force-davos-passent-en-revue-les-derniers-details\/\"},\"wordCount\":329,\"publisher\":{\"@id\":\"https:\/\/www.lejournalci.org\/#organization\"},\"image\":{\"@id\":\"https:\/\/www.lejournalci.org\/index.php\/2026\/01\/16\/rdc-les-experts-de-la-task-force-davos-passent-en-revue-les-derniers-details\/#primaryimage\"},\"thumbnailUrl\":\"https:\/\/www.lejournalci.org\/wp-content\/uploads\/2026\/01\/1768488562424-edited.jpg\",\"articleSection\":[\"ECONOMIE\"],\"inLanguage\":\"fr-FR\"},{\"@type\":\"WebPage\",\"@id\":\"https:\/\/www.lejournalci.org\/index.php\/2026\/01\/16\/rdc-les-experts-de-la-task-force-davos-passent-en-revue-les-derniers-details\/\",\"url\":\"https:\/\/www.lejournalci.org\/index.php\/2026\/01\/16\/rdc-les-experts-de-la-task-force-davos-passent-en-revue-les-derniers-details\/\",\"name\":\"RDC: Les Experts de la \\\"Task Force Davos\\\" passent en revue les derniers d\u00e9tails. - Cooperation Internationale\",\"isPartOf\":{\"@id\":\"https:\/\/www.lejournalci.org\/#website\"},\"primaryImageOfPage\":{\"@id\":\"https:\/\/www.lejournalci.org\/index.php\/2026\/01\/16\/rdc-les-experts-de-la-task-force-davos-passent-en-revue-les-derniers-details\/#primaryimage\"},\"image\":{\"@id\":\"https:\/\/www.lejournalci.org\/index.php\/2026\/01\/16\/rdc-les-experts-de-la-task-force-davos-passent-en-revue-les-derniers-details\/#primaryimage\"},\"thumbnailUrl\":\"https:\/\/www.lejournalci.org\/wp-content\/uploads\/2026\/01\/1768488562424-edited.jpg\",\"datePublished\":\"2026-01-16T06:46:53+00:00\",\"dateModified\":\"2026-01-16T06:46:55+00:00\",\"breadcrumb\":{\"@id\":\"https:\/\/www.lejournalci.org\/index.php\/2026\/01\/16\/rdc-les-experts-de-la-task-force-davos-passent-en-revue-les-derniers-details\/#breadcrumb\"},\"inLanguage\":\"fr-FR\",\"potentialAction\":[{\"@type\":\"ReadAction\",\"target\":[\"https:\/\/www.lejournalci.org\/index.php\/2026\/01\/16\/rdc-les-experts-de-la-task-force-davos-passent-en-revue-les-derniers-details\/\"]}]},{\"@type\":\"ImageObject\",\"inLanguage\":\"fr-FR\",\"@id\":\"https:\/\/www.lejournalci.org\/index.php\/2026\/01\/16\/rdc-les-experts-de-la-task-force-davos-passent-en-revue-les-derniers-details\/#primaryimage\",\"url\":\"https:\/\/www.lejournalci.org\/wp-content\/uploads\/2026\/01\/1768488562424-edited.jpg\",\"contentUrl\":\"https:\/\/www.lejournalci.org\/wp-content\/uploads\/2026\/01\/1768488562424-edited.jpg\",\"width\":2048,\"height\":1152},{\"@type\":\"BreadcrumbList\",\"@id\":\"https:\/\/www.lejournalci.org\/index.php\/2026\/01\/16\/rdc-les-experts-de-la-task-force-davos-passent-en-revue-les-derniers-details\/#breadcrumb\",\"itemListElement\":[{\"@type\":\"ListItem\",\"position\":1,\"name\":\"Accueil\",\"item\":\"https:\/\/www.lejournalci.org\/\"},{\"@type\":\"ListItem\",\"position\":2,\"name\":\"RDC: Les Experts de la &#8220;Task Force Davos&#8221; passent en revue les derniers d\u00e9tails.\"}]},{\"@type\":\"WebSite\",\"@id\":\"https:\/\/www.lejournalci.org\/#website\",\"url\":\"https:\/\/www.lejournalci.org\/\",\"name\":\"Cooperation Internationale\",\"description\":\"Faire de la Coop\u00e9ration un Puissant Instrument de D\u00e9veloppement\",\"publisher\":{\"@id\":\"https:\/\/www.lejournalci.org\/#organization\"},\"potentialAction\":[{\"@type\":\"SearchAction\",\"target\":{\"@type\":\"EntryPoint\",\"urlTemplate\":\"https:\/\/www.lejournalci.org\/?s={search_term_string}\"},\"query-input\":{\"@type\":\"PropertyValueSpecification\",\"valueRequired\":true,\"valueName\":\"search_term_string\"}}],\"inLanguage\":\"fr-FR\"},{\"@type\":\"Organization\",\"@id\":\"https:\/\/www.lejournalci.org\/#organization\",\"name\":\"Cooperation Internationale\",\"url\":\"https:\/\/www.lejournalci.org\/\",\"logo\":{\"@type\":\"ImageObject\",\"inLanguage\":\"fr-FR\",\"@id\":\"https:\/\/www.lejournalci.org\/#\/schema\/logo\/image\/\",\"url\":\"https:\/\/www.lejournalci.org\/wp-content\/uploads\/2024\/12\/logo-coopint_HD_3.jpg\",\"contentUrl\":\"https:\/\/www.lejournalci.org\/wp-content\/uploads\/2024\/12\/logo-coopint_HD_3.jpg\",\"width\":700,\"height\":214,\"caption\":\"Cooperation Internationale\"},\"image\":{\"@id\":\"https:\/\/www.lejournalci.org\/#\/schema\/logo\/image\/\"},\"sameAs\":[\"https:\/\/www.facebook.com\/journalCI\/\",\"https:\/\/x.com\/lejournalc\"]},{\"@type\":\"Person\",\"@id\":\"https:\/\/www.lejournalci.org\/#\/schema\/person\/2efe42dc5459aaaf6d89cb27e736002b\",\"name\":\"La R\u00e9daction CI\",\"image\":{\"@type\":\"ImageObject\",\"inLanguage\":\"fr-FR\",\"@id\":\"https:\/\/www.lejournalci.org\/#\/schema\/person\/image\/\",\"url\":\"https:\/\/secure.gravatar.com\/avatar\/e63ab2ab378e283740d8889fbe2ec43fdcee7ac714a480d705f61cb1e5675c4c?s=96&d=mm&r=g\",\"contentUrl\":\"https:\/\/secure.gravatar.com\/avatar\/e63ab2ab378e283740d8889fbe2ec43fdcee7ac714a480d705f61cb1e5675c4c?s=96&d=mm&r=g\",\"caption\":\"La R\u00e9daction CI\"},\"url\":\"https:\/\/www.lejournalci.org\/index.php\/author\/noebricendongyahoo-fr\/\"}]}<\/script>\n<!-- \/ Yoast SEO plugin. -->","yoast_head_json":{"title":"RDC: Les Experts de la \"Task Force Davos\" passent en revue les derniers d\u00e9tails. - Cooperation Internationale","robots":{"index":"index","follow":"follow","max-snippet":"max-snippet:-1","max-image-preview":"max-image-preview:large","max-video-preview":"max-video-preview:-1"},"canonical":"https:\/\/www.lejournalci.org\/index.php\/2026\/01\/16\/rdc-les-experts-de-la-task-force-davos-passent-en-revue-les-derniers-details\/","og_locale":"fr_FR","og_type":"article","og_title":"RDC: Les Experts de la \"Task Force Davos\" passent en revue les derniers d\u00e9tails. - Cooperation Internationale","og_description":"Le jeudi 15 janvier 2026 \u00e0 Kinshasa, les Experts de la &#8220;Task Force Davos&#8221; ont eu une fructueuse s\u00e9ance de travail autour du Vice-Premier Ministre, Ministre de l&#8217;\u00c9conomie Nationale, et en pr\u00e9sence des Ministres des Mines et du Portefeuille de la R\u00e9publique D\u00e9mocratique du Congo ( RDC). Une opportunit\u00e9 de","og_url":"https:\/\/www.lejournalci.org\/index.php\/2026\/01\/16\/rdc-les-experts-de-la-task-force-davos-passent-en-revue-les-derniers-details\/","og_site_name":"Cooperation Internationale","article_publisher":"https:\/\/www.facebook.com\/journalCI\/","article_published_time":"2026-01-16T06:46:53+00:00","article_modified_time":"2026-01-16T06:46:55+00:00","og_image":[{"width":2048,"height":1152,"url":"https:\/\/www.lejournalci.org\/wp-content\/uploads\/2026\/01\/1768488562424-edited.jpg","type":"image\/jpeg"}],"author":"La R\u00e9daction CI","twitter_card":"summary_large_image","twitter_creator":"@lejournalc","twitter_site":"@lejournalc","twitter_misc":{"\u00c9crit par":"La R\u00e9daction CI","Dur\u00e9e de lecture estim\u00e9e":"2 minutes"},"schema":{"@context":"https:\/\/schema.org","@graph":[{"@type":"Article","@id":"https:\/\/www.lejournalci.org\/index.php\/2026\/01\/16\/rdc-les-experts-de-la-task-force-davos-passent-en-revue-les-derniers-details\/#article","isPartOf":{"@id":"https:\/\/www.lejournalci.org\/index.php\/2026\/01\/16\/rdc-les-experts-de-la-task-force-davos-passent-en-revue-les-derniers-details\/"},"author":{"name":"La R\u00e9daction CI","@id":"https:\/\/www.lejournalci.org\/#\/schema\/person\/2efe42dc5459aaaf6d89cb27e736002b"},"headline":"RDC: Les Experts de la &#8220;Task Force Davos&#8221; passent en revue les derniers d\u00e9tails.","datePublished":"2026-01-16T06:46:53+00:00","dateModified":"2026-01-16T06:46:55+00:00","mainEntityOfPage":{"@id":"https:\/\/www.lejournalci.org\/index.php\/2026\/01\/16\/rdc-les-experts-de-la-task-force-davos-passent-en-revue-les-derniers-details\/"},"wordCount":329,"publisher":{"@id":"https:\/\/www.lejournalci.org\/#organization"},"image":{"@id":"https:\/\/www.lejournalci.org\/index.php\/2026\/01\/16\/rdc-les-experts-de-la-task-force-davos-passent-en-revue-les-derniers-details\/#primaryimage"},"thumbnailUrl":"https:\/\/www.lejournalci.org\/wp-content\/uploads\/2026\/01\/1768488562424-edited.jpg","articleSection":["ECONOMIE"],"inLanguage":"fr-FR"},{"@type":"WebPage","@id":"https:\/\/www.lejournalci.org\/index.php\/2026\/01\/16\/rdc-les-experts-de-la-task-force-davos-passent-en-revue-les-derniers-details\/","url":"https:\/\/www.lejournalci.org\/index.php\/2026\/01\/16\/rdc-les-experts-de-la-task-force-davos-passent-en-revue-les-derniers-details\/","name":"RDC: Les Experts de la \"Task Force Davos\" passent en revue les derniers d\u00e9tails. - Cooperation Internationale","isPartOf":{"@id":"https:\/\/www.lejournalci.org\/#website"},"primaryImageOfPage":{"@id":"https:\/\/www.lejournalci.org\/index.php\/2026\/01\/16\/rdc-les-experts-de-la-task-force-davos-passent-en-revue-les-derniers-details\/#primaryimage"},"image":{"@id":"https:\/\/www.lejournalci.org\/index.php\/2026\/01\/16\/rdc-les-experts-de-la-task-force-davos-passent-en-revue-les-derniers-details\/#primaryimage"},"thumbnailUrl":"https:\/\/www.lejournalci.org\/wp-content\/uploads\/2026\/01\/1768488562424-edited.jpg","datePublished":"2026-01-16T06:46:53+00:00","dateModified":"2026-01-16T06:46:55+00:00","breadcrumb":{"@id":"https:\/\/www.lejournalci.org\/index.php\/2026\/01\/16\/rdc-les-experts-de-la-task-force-davos-passent-en-revue-les-derniers-details\/#breadcrumb"},"inLanguage":"fr-FR","potentialAction":[{"@type":"ReadAction","target":["https:\/\/www.lejournalci.org\/index.php\/2026\/01\/16\/rdc-les-experts-de-la-task-force-davos-passent-en-revue-les-derniers-details\/"]}]},{"@type":"ImageObject","inLanguage":"fr-FR","@id":"https:\/\/www.lejournalci.org\/index.php\/2026\/01\/16\/rdc-les-experts-de-la-task-force-davos-passent-en-revue-les-derniers-details\/#primaryimage","url":"https:\/\/www.lejournalci.org\/wp-content\/uploads\/2026\/01\/1768488562424-edited.jpg","contentUrl":"https:\/\/www.lejournalci.org\/wp-content\/uploads\/2026\/01\/1768488562424-edited.jpg","width":2048,"height":1152},{"@type":"BreadcrumbList","@id":"https:\/\/www.lejournalci.org\/index.php\/2026\/01\/16\/rdc-les-experts-de-la-task-force-davos-passent-en-revue-les-derniers-details\/#breadcrumb","itemListElement":[{"@type":"ListItem","position":1,"name":"Accueil","item":"https:\/\/www.lejournalci.org\/"},{"@type":"ListItem","position":2,"name":"RDC: Les Experts de la &#8220;Task Force Davos&#8221; passent en revue les derniers d\u00e9tails."}]},{"@type":"WebSite","@id":"https:\/\/www.lejournalci.org\/#website","url":"https:\/\/www.lejournalci.org\/","name":"Cooperation Internationale","description":"Faire de la Coop\u00e9ration un Puissant Instrument de D\u00e9veloppement","publisher":{"@id":"https:\/\/www.lejournalci.org\/#organization"},"potentialAction":[{"@type":"SearchAction","target":{"@type":"EntryPoint","urlTemplate":"https:\/\/www.lejournalci.org\/?s={search_term_string}"},"query-input":{"@type":"PropertyValueSpecification","valueRequired":true,"valueName":"search_term_string"}}],"inLanguage":"fr-FR"},{"@type":"Organization","@id":"https:\/\/www.lejournalci.org\/#organization","name":"Cooperation Internationale","url":"https:\/\/www.lejournalci.org\/","logo":{"@type":"ImageObject","inLanguage":"fr-FR","@id":"https:\/\/www.lejournalci.org\/#\/schema\/logo\/image\/","url":"https:\/\/www.lejournalci.org\/wp-content\/uploads\/2024\/12\/logo-coopint_HD_3.jpg","contentUrl":"https:\/\/www.lejournalci.org\/wp-content\/uploads\/2024\/12\/logo-coopint_HD_3.jpg","width":700,"height":214,"caption":"Cooperation Internationale"},"image":{"@id":"https:\/\/www.lejournalci.org\/#\/schema\/logo\/image\/"},"sameAs":["https:\/\/www.facebook.com\/journalCI\/","https:\/\/x.com\/lejournalc"]},{"@type":"Person","@id":"https:\/\/www.lejournalci.org\/#\/schema\/person\/2efe42dc5459aaaf6d89cb27e736002b","name":"La R\u00e9daction CI","image":{"@type":"ImageObject","inLanguage":"fr-FR","@id":"https:\/\/www.lejournalci.org\/#\/schema\/person\/image\/","url":"https:\/\/secure.gravatar.com\/avatar\/e63ab2ab378e283740d8889fbe2ec43fdcee7ac714a480d705f61cb1e5675c4c?s=96&d=mm&r=g","contentUrl":"https:\/\/secure.gravatar.com\/avatar\/e63ab2ab378e283740d8889fbe2ec43fdcee7ac714a480d705f61cb1e5675c4c?s=96&d=mm&r=g","caption":"La R\u00e9daction CI"},"url":"https:\/\/www.lejournalci.org\/index.php\/author\/noebricendongyahoo-fr\/"}]}},"jetpack_publicize_connections":[],"jetpack_featured_media_url":"https:\/\/www.lejournalci.org\/wp-content\/uploads\/2026\/01\/1768488562424-edited.jpg","jetpack_sharing_enabled":true,"_links":{"self":[{"href":"https:\/\/www.lejournalci.org\/index.php\/wp-json\/wp\/v2\/posts\/10726","targetHints":{"allow":["GET"]}}],"collection":[{"href":"https:\/\/www.lejournalci.org\/index.php\/wp-json\/wp\/v2\/posts"}],"about":[{"href":"https:\/\/www.lejournalci.org\/index.php\/wp-json\/wp\/v2\/types\/post"}],"author":[{"embeddable":true,"href":"https:\/\/www.lejournalci.org\/index.php\/wp-json\/wp\/v2\/users\/3"}],"replies":[{"embeddable":true,"href":"https:\/\/www.lejournalci.org\/index.php\/wp-json\/wp\/v2\/comments?post=10726"}],"version-history":[{"count":1,"href":"https:\/\/www.lejournalci.org\/index.php\/wp-json\/wp\/v2\/posts\/10726\/revisions"}],"predecessor-version":[{"id":10729,"href":"https:\/\/www.lejournalci.org\/index.php\/wp-json\/wp\/v2\/posts\/10726\/revisions\/10729"}],"wp:featuredmedia":[{"embeddable":true,"href":"https:\/\/www.lejournalci.org\/index.php\/wp-json\/wp\/v2\/media\/10728"}],"wp:attachment":[{"href":"https:\/\/www.lejournalci.org\/index.php\/wp-json\/wp\/v2\/media?parent=10726"}],"wp:term":[{"taxonomy":"category","embeddable":true,"href":"https:\/\/www.lejournalci.org\/index.php\/wp-json\/wp\/v2\/categories?post=10726"},{"taxonomy":"post_tag","embeddable":true,"href":"https:\/\/www.lejournalci.org\/index.php\/wp-json\/wp\/v2\/tags?post=10726"}],"curies":[{"name":"wp","href":"https:\/\/api.w.org\/{rel}","templated":true}]}}