{"id":10710,"date":"2026-01-14T21:10:47","date_gmt":"2026-01-14T21:10:47","guid":{"rendered":"https:\/\/www.lejournalci.org\/?p=10710"},"modified":"2026-01-14T21:10:49","modified_gmt":"2026-01-14T21:10:49","slug":"gabon-lambassadeur-de-france-fait-le-point-des-projets-avec-le-ministre-detat-aux-transports-manfoumbi","status":"publish","type":"post","link":"https:\/\/www.lejournalci.org\/index.php\/2026\/01\/14\/gabon-lambassadeur-de-france-fait-le-point-des-projets-avec-le-ministre-detat-aux-transports-manfoumbi\/","title":{"rendered":"Gabon: l&#8217;Ambassadeur de France fait le point des projets avec le Ministre d&#8217;Etat aux transports MANFOUMBI"},"content":{"rendered":"\n<p>Le Ministre d&#8217;\u00c9tat, Ministre des Transports, de la Marine marchande, charg\u00e9 de la Logistique, Monsieur Ulrich MANFOUMBI MANFOUMBI, a re\u00e7u en audience Fabrice Mauri\u00e8s, Haut Repr\u00e9sentant de la R\u00e9publique Fran\u00e7aise pr\u00e8s la R\u00e9publique Gabonaise.<\/p>\n\n\n\n<p>Cette rencontre a permis d&#8217;aborder plusieurs dossiers d&#8217;int\u00e9r\u00eat commun relatifs aux secteurs ferroviaire, a\u00e9rien et maritime, piliers essentiels de la coop\u00e9ration entre la R\u00e9publique Gabonaise et la R\u00e9publique Fran\u00e7aise.<\/p>\n\n\n\n<p>\u00c0 cette occasion, le diplomate fran\u00e7ais a adress\u00e9 ses f\u00e9licitations au Ministre d&#8217;\u00c9tat \u00e0 la suite de sa reconduction \u00e0 la t\u00eate du d\u00e9partement minist\u00e9riel des Transports.<\/p>\n\n\n\n<p>Concernant le transport ferroviaire, les travaux ont port\u00e9 sur l&#8217;op\u00e9rationnalisation des conventions relatives \u00e0 la r\u00e9habilitation du chemin de fer gabonais, conclues entre la partie gabonaise, repr\u00e9sent\u00e9e par la Soci\u00e9t\u00e9 d&#8217;Exploitation du Transgabonais (SETRAG), et les partenaires techniques et financiers, notamment l&#8217;Union Europ\u00e9enne (UE) et l&#8217;Agence Fran\u00e7aise de D\u00e9veloppement (AFD), \u00e0 l&#8217;occasion de la demi\u00e8re visite officielle au Gabon du Pr\u00e9sident de la R\u00e9publique Fran\u00e7aise, Emmanuel MACRON.<\/p>\n\n\n\n<p>S&#8217;agissant du transport a\u00e9rien, le Ministre d&#8217;\u00c9tat a de nouveau port\u00e9 \u00e0 l&#8217;attention de son interlocuteur les pr\u00e9occupations majeures du Gouvernement gabonais relatives \u00e0 la desserte nationale assur\u00e9e par Air France, en particulier sur l&#8217;axe Libreville-Paris. Les points \u00e9voqu\u00e9s ont notamment concern\u00e9 l&#8217;\u00e9tat des appareils, la qualit\u00e9 des services offerts aux passagers ainsi que le niveau des tarifs appliqu\u00e9s.<\/p>\n\n\n\n<p>A cet \u00e9gard, la partie fran\u00e7aise a soulign\u00e9 la n\u00e9cessit\u00e9 d&#8217;identifier, de mani\u00e8re concert\u00e9e, des solutions permettant une am\u00e9lioration durable de loffre a\u00e9rienne \u00e0 destination du Gabon.<\/p>\n\n\n\n<p>Les \u00e9changes ont \u00e9galement port\u00e9 sur les enjeux de s\u00e9curit\u00e9 maritime, notamment la lutte contre la piraterie dans les eaux gabonaises et leurs abords, \u00e0 la suite d&#8217;incidents r\u00e9cemment enregistr\u00e9s. Sur ce volet, la France a r\u00e9affirm\u00e9 sa disponibilit\u00e9 \u00e0 accompagner le Gabon dans le renforcement de ses capacit\u00e9s de s\u00e9curisation maritime.<\/p>\n\n\n\n<p><strong><em>SOURCE: <\/em><\/strong>Gouvernement <\/p>\n\n\n\n<p><br><\/p>\n","protected":false},"excerpt":{"rendered":"<p>Le Ministre d&#8217;\u00c9tat, Ministre des Transports, de la Marine marchande, charg\u00e9 de la Logistique, Monsieur Ulrich MANFOUMBI MANFOUMBI, a re\u00e7u en audience Fabrice Mauri\u00e8s, Haut Repr\u00e9sentant de la R\u00e9publique Fran\u00e7aise pr\u00e8s la R\u00e9publique Gabonaise. Cette rencontre a permis d&#8217;aborder plusieurs dossiers d&#8217;int\u00e9r\u00eat commun relatifs aux secteurs ferroviaire, a\u00e9rien et maritime,<\/p>\n","protected":false},"author":3,"featured_media":10712,"comment_status":"closed","ping_status":"open","sticky":false,"template":"","format":"standard","meta":{"colormag_page_container_layout":"default_layout","colormag_page_sidebar_layout":"default_layout","_jetpack_memberships_contains_paid_content":false,"footnotes":"","jetpack_publicize_message":"","jetpack_publicize_feature_enabled":true,"jetpack_social_post_already_shared":true,"jetpack_social_options":{"image_generator_settings":{"template":"highway","default_image_id":0,"font":"","enabled":false},"version":2}},"categories":[57],"tags":[],"class_list":["post-10710","post","type-post","status-publish","format-standard","has-post-thumbnail","hentry","category-transport"],"magazineBlocksPostFeaturedMedia":{"thumbnail":"https:\/\/www.lejournalci.org\/wp-content\/uploads\/2026\/01\/1001649819-edited-150x150.jpg","medium":"https:\/\/www.lejournalci.org\/wp-content\/uploads\/2026\/01\/1001649819-edited-300x169.jpg","medium_large":"https:\/\/www.lejournalci.org\/wp-content\/uploads\/2026\/01\/1001649819-edited-768x432.jpg","large":"https:\/\/www.lejournalci.org\/wp-content\/uploads\/2026\/01\/1001649819-edited-1024x576.jpg","1536x1536":"https:\/\/www.lejournalci.org\/wp-content\/uploads\/2026\/01\/1001649819-edited-1536x863.jpg","2048x2048":"https:\/\/www.lejournalci.org\/wp-content\/uploads\/2026\/01\/1001649819-edited.jpg","colormag-highlighted-post":"https:\/\/www.lejournalci.org\/wp-content\/uploads\/2026\/01\/1001649819-edited-392x272.jpg","colormag-featured-post-medium":"https:\/\/www.lejournalci.org\/wp-content\/uploads\/2026\/01\/1001649819-edited-390x205.jpg","colormag-featured-post-small":"https:\/\/www.lejournalci.org\/wp-content\/uploads\/2026\/01\/1001649819-edited-130x90.jpg","colormag-featured-image":"https:\/\/www.lejournalci.org\/wp-content\/uploads\/2026\/01\/1001649819-edited-800x445.jpg","colormag-default-news":"https:\/\/www.lejournalci.org\/wp-content\/uploads\/2026\/01\/1001649819-edited-150x150.jpg","colormag-featured-image-large":"https:\/\/www.lejournalci.org\/wp-content\/uploads\/2026\/01\/1001649819-edited-1400x600.jpg"},"magazineBlocksPostAuthor":{"name":"La R\u00e9daction CI","avatar":"https:\/\/secure.gravatar.com\/avatar\/e63ab2ab378e283740d8889fbe2ec43fdcee7ac714a480d705f61cb1e5675c4c?s=96&d=mm&r=g"},"magazineBlocksPostCommentsNumber":false,"magazineBlocksPostExcerpt":"Le Ministre d&#8217;\u00c9tat, Ministre des Transports, de la Marine marchande, charg\u00e9 de la Logistique, Monsieur Ulrich MANFOUMBI MANFOUMBI, a re\u00e7u en audience Fabrice Mauri\u00e8s, Haut Repr\u00e9sentant de la R\u00e9publique Fran\u00e7aise pr\u00e8s la R\u00e9publique Gabonaise. Cette rencontre a permis d&#8217;aborder plusieurs dossiers d&#8217;int\u00e9r\u00eat commun relatifs aux secteurs ferroviaire, a\u00e9rien et maritime,","magazineBlocksPostCategories":["TRANSPORT"],"magazineBlocksPostViewCount":288,"magazineBlocksPostReadTime":2,"magazine_blocks_featured_image_url":{"full":["https:\/\/www.lejournalci.org\/wp-content\/uploads\/2026\/01\/1001649819-edited.jpg",2048,1151,false],"medium":["https:\/\/www.lejournalci.org\/wp-content\/uploads\/2026\/01\/1001649819-edited-300x169.jpg",300,169,true],"thumbnail":["https:\/\/www.lejournalci.org\/wp-content\/uploads\/2026\/01\/1001649819-edited-150x150.jpg",150,150,true]},"magazine_blocks_author":{"display_name":"La R\u00e9daction CI","author_link":"https:\/\/www.lejournalci.org\/index.php\/author\/noebricendongyahoo-fr\/"},"magazine_blocks_comment":0,"magazine_blocks_author_image":"https:\/\/secure.gravatar.com\/avatar\/e63ab2ab378e283740d8889fbe2ec43fdcee7ac714a480d705f61cb1e5675c4c?s=96&d=mm&r=g","magazine_blocks_category":"<a href=\"#\" class=\"category-link category-link-57\">TRANSPORT<\/a>","yoast_head":"<!-- This site is optimized with the Yoast SEO plugin v26.2 - https:\/\/yoast.com\/wordpress\/plugins\/seo\/ -->\n<title>Gabon: l&#039;Ambassadeur de France fait le point des projets avec le Ministre d&#039;Etat aux transports MANFOUMBI - Cooperation Internationale<\/title>\n<meta name=\"robots\" content=\"index, follow, max-snippet:-1, max-image-preview:large, max-video-preview:-1\" \/>\n<link rel=\"canonical\" href=\"https:\/\/www.lejournalci.org\/index.php\/2026\/01\/14\/gabon-lambassadeur-de-france-fait-le-point-des-projets-avec-le-ministre-detat-aux-transports-manfoumbi\/\" \/>\n<meta property=\"og:locale\" content=\"fr_FR\" \/>\n<meta property=\"og:type\" content=\"article\" \/>\n<meta property=\"og:title\" content=\"Gabon: l&#039;Ambassadeur de France fait le point des projets avec le Ministre d&#039;Etat aux transports MANFOUMBI - Cooperation Internationale\" \/>\n<meta property=\"og:description\" content=\"Le Ministre d&#8217;\u00c9tat, Ministre des Transports, de la Marine marchande, charg\u00e9 de la Logistique, Monsieur Ulrich MANFOUMBI MANFOUMBI, a re\u00e7u en audience Fabrice Mauri\u00e8s, Haut Repr\u00e9sentant de la R\u00e9publique Fran\u00e7aise pr\u00e8s la R\u00e9publique Gabonaise. Cette rencontre a permis d&#8217;aborder plusieurs dossiers d&#8217;int\u00e9r\u00eat commun relatifs aux secteurs ferroviaire, a\u00e9rien et maritime,\" \/>\n<meta property=\"og:url\" content=\"https:\/\/www.lejournalci.org\/index.php\/2026\/01\/14\/gabon-lambassadeur-de-france-fait-le-point-des-projets-avec-le-ministre-detat-aux-transports-manfoumbi\/\" \/>\n<meta property=\"og:site_name\" content=\"Cooperation Internationale\" \/>\n<meta property=\"article:publisher\" content=\"https:\/\/www.facebook.com\/journalCI\/\" \/>\n<meta property=\"article:published_time\" content=\"2026-01-14T21:10:47+00:00\" \/>\n<meta property=\"article:modified_time\" content=\"2026-01-14T21:10:49+00:00\" \/>\n<meta property=\"og:image\" content=\"https:\/\/www.lejournalci.org\/wp-content\/uploads\/2026\/01\/1001649819-edited.jpg\" \/>\n\t<meta property=\"og:image:width\" content=\"2048\" \/>\n\t<meta property=\"og:image:height\" content=\"1151\" \/>\n\t<meta property=\"og:image:type\" content=\"image\/jpeg\" \/>\n<meta name=\"author\" content=\"La R\u00e9daction CI\" \/>\n<meta name=\"twitter:card\" content=\"summary_large_image\" \/>\n<meta name=\"twitter:creator\" content=\"@lejournalc\" \/>\n<meta name=\"twitter:site\" content=\"@lejournalc\" \/>\n<meta name=\"twitter:label1\" content=\"\u00c9crit par\" \/>\n\t<meta name=\"twitter:data1\" content=\"La R\u00e9daction CI\" \/>\n\t<meta name=\"twitter:label2\" content=\"Dur\u00e9e de lecture estim\u00e9e\" \/>\n\t<meta name=\"twitter:data2\" content=\"2 minutes\" \/>\n<script type=\"application\/ld+json\" class=\"yoast-schema-graph\">{\"@context\":\"https:\/\/schema.org\",\"@graph\":[{\"@type\":\"Article\",\"@id\":\"https:\/\/www.lejournalci.org\/index.php\/2026\/01\/14\/gabon-lambassadeur-de-france-fait-le-point-des-projets-avec-le-ministre-detat-aux-transports-manfoumbi\/#article\",\"isPartOf\":{\"@id\":\"https:\/\/www.lejournalci.org\/index.php\/2026\/01\/14\/gabon-lambassadeur-de-france-fait-le-point-des-projets-avec-le-ministre-detat-aux-transports-manfoumbi\/\"},\"author\":{\"name\":\"La R\u00e9daction CI\",\"@id\":\"https:\/\/www.lejournalci.org\/#\/schema\/person\/2efe42dc5459aaaf6d89cb27e736002b\"},\"headline\":\"Gabon: l&#8217;Ambassadeur de France fait le point des projets avec le Ministre d&#8217;Etat aux transports MANFOUMBI\",\"datePublished\":\"2026-01-14T21:10:47+00:00\",\"dateModified\":\"2026-01-14T21:10:49+00:00\",\"mainEntityOfPage\":{\"@id\":\"https:\/\/www.lejournalci.org\/index.php\/2026\/01\/14\/gabon-lambassadeur-de-france-fait-le-point-des-projets-avec-le-ministre-detat-aux-transports-manfoumbi\/\"},\"wordCount\":369,\"publisher\":{\"@id\":\"https:\/\/www.lejournalci.org\/#organization\"},\"image\":{\"@id\":\"https:\/\/www.lejournalci.org\/index.php\/2026\/01\/14\/gabon-lambassadeur-de-france-fait-le-point-des-projets-avec-le-ministre-detat-aux-transports-manfoumbi\/#primaryimage\"},\"thumbnailUrl\":\"https:\/\/www.lejournalci.org\/wp-content\/uploads\/2026\/01\/1001649819-edited.jpg\",\"articleSection\":[\"TRANSPORT\"],\"inLanguage\":\"fr-FR\"},{\"@type\":\"WebPage\",\"@id\":\"https:\/\/www.lejournalci.org\/index.php\/2026\/01\/14\/gabon-lambassadeur-de-france-fait-le-point-des-projets-avec-le-ministre-detat-aux-transports-manfoumbi\/\",\"url\":\"https:\/\/www.lejournalci.org\/index.php\/2026\/01\/14\/gabon-lambassadeur-de-france-fait-le-point-des-projets-avec-le-ministre-detat-aux-transports-manfoumbi\/\",\"name\":\"Gabon: l'Ambassadeur de France fait le point des projets avec le Ministre d'Etat aux transports MANFOUMBI - Cooperation Internationale\",\"isPartOf\":{\"@id\":\"https:\/\/www.lejournalci.org\/#website\"},\"primaryImageOfPage\":{\"@id\":\"https:\/\/www.lejournalci.org\/index.php\/2026\/01\/14\/gabon-lambassadeur-de-france-fait-le-point-des-projets-avec-le-ministre-detat-aux-transports-manfoumbi\/#primaryimage\"},\"image\":{\"@id\":\"https:\/\/www.lejournalci.org\/index.php\/2026\/01\/14\/gabon-lambassadeur-de-france-fait-le-point-des-projets-avec-le-ministre-detat-aux-transports-manfoumbi\/#primaryimage\"},\"thumbnailUrl\":\"https:\/\/www.lejournalci.org\/wp-content\/uploads\/2026\/01\/1001649819-edited.jpg\",\"datePublished\":\"2026-01-14T21:10:47+00:00\",\"dateModified\":\"2026-01-14T21:10:49+00:00\",\"breadcrumb\":{\"@id\":\"https:\/\/www.lejournalci.org\/index.php\/2026\/01\/14\/gabon-lambassadeur-de-france-fait-le-point-des-projets-avec-le-ministre-detat-aux-transports-manfoumbi\/#breadcrumb\"},\"inLanguage\":\"fr-FR\",\"potentialAction\":[{\"@type\":\"ReadAction\",\"target\":[\"https:\/\/www.lejournalci.org\/index.php\/2026\/01\/14\/gabon-lambassadeur-de-france-fait-le-point-des-projets-avec-le-ministre-detat-aux-transports-manfoumbi\/\"]}]},{\"@type\":\"ImageObject\",\"inLanguage\":\"fr-FR\",\"@id\":\"https:\/\/www.lejournalci.org\/index.php\/2026\/01\/14\/gabon-lambassadeur-de-france-fait-le-point-des-projets-avec-le-ministre-detat-aux-transports-manfoumbi\/#primaryimage\",\"url\":\"https:\/\/www.lejournalci.org\/wp-content\/uploads\/2026\/01\/1001649819-edited.jpg\",\"contentUrl\":\"https:\/\/www.lejournalci.org\/wp-content\/uploads\/2026\/01\/1001649819-edited.jpg\",\"width\":2048,\"height\":1151},{\"@type\":\"BreadcrumbList\",\"@id\":\"https:\/\/www.lejournalci.org\/index.php\/2026\/01\/14\/gabon-lambassadeur-de-france-fait-le-point-des-projets-avec-le-ministre-detat-aux-transports-manfoumbi\/#breadcrumb\",\"itemListElement\":[{\"@type\":\"ListItem\",\"position\":1,\"name\":\"Accueil\",\"item\":\"https:\/\/www.lejournalci.org\/\"},{\"@type\":\"ListItem\",\"position\":2,\"name\":\"Gabon: l&#8217;Ambassadeur de France fait le point des projets avec le Ministre d&#8217;Etat aux transports MANFOUMBI\"}]},{\"@type\":\"WebSite\",\"@id\":\"https:\/\/www.lejournalci.org\/#website\",\"url\":\"https:\/\/www.lejournalci.org\/\",\"name\":\"Cooperation Internationale\",\"description\":\"Faire de la Coop\u00e9ration un Puissant Instrument de D\u00e9veloppement\",\"publisher\":{\"@id\":\"https:\/\/www.lejournalci.org\/#organization\"},\"potentialAction\":[{\"@type\":\"SearchAction\",\"target\":{\"@type\":\"EntryPoint\",\"urlTemplate\":\"https:\/\/www.lejournalci.org\/?s={search_term_string}\"},\"query-input\":{\"@type\":\"PropertyValueSpecification\",\"valueRequired\":true,\"valueName\":\"search_term_string\"}}],\"inLanguage\":\"fr-FR\"},{\"@type\":\"Organization\",\"@id\":\"https:\/\/www.lejournalci.org\/#organization\",\"name\":\"Cooperation Internationale\",\"url\":\"https:\/\/www.lejournalci.org\/\",\"logo\":{\"@type\":\"ImageObject\",\"inLanguage\":\"fr-FR\",\"@id\":\"https:\/\/www.lejournalci.org\/#\/schema\/logo\/image\/\",\"url\":\"https:\/\/www.lejournalci.org\/wp-content\/uploads\/2024\/12\/logo-coopint_HD_3.jpg\",\"contentUrl\":\"https:\/\/www.lejournalci.org\/wp-content\/uploads\/2024\/12\/logo-coopint_HD_3.jpg\",\"width\":700,\"height\":214,\"caption\":\"Cooperation Internationale\"},\"image\":{\"@id\":\"https:\/\/www.lejournalci.org\/#\/schema\/logo\/image\/\"},\"sameAs\":[\"https:\/\/www.facebook.com\/journalCI\/\",\"https:\/\/x.com\/lejournalc\"]},{\"@type\":\"Person\",\"@id\":\"https:\/\/www.lejournalci.org\/#\/schema\/person\/2efe42dc5459aaaf6d89cb27e736002b\",\"name\":\"La R\u00e9daction CI\",\"image\":{\"@type\":\"ImageObject\",\"inLanguage\":\"fr-FR\",\"@id\":\"https:\/\/www.lejournalci.org\/#\/schema\/person\/image\/\",\"url\":\"https:\/\/secure.gravatar.com\/avatar\/e63ab2ab378e283740d8889fbe2ec43fdcee7ac714a480d705f61cb1e5675c4c?s=96&d=mm&r=g\",\"contentUrl\":\"https:\/\/secure.gravatar.com\/avatar\/e63ab2ab378e283740d8889fbe2ec43fdcee7ac714a480d705f61cb1e5675c4c?s=96&d=mm&r=g\",\"caption\":\"La R\u00e9daction CI\"},\"url\":\"https:\/\/www.lejournalci.org\/index.php\/author\/noebricendongyahoo-fr\/\"}]}<\/script>\n<!-- \/ Yoast SEO plugin. -->","yoast_head_json":{"title":"Gabon: l'Ambassadeur de France fait le point des projets avec le Ministre d'Etat aux transports MANFOUMBI - Cooperation Internationale","robots":{"index":"index","follow":"follow","max-snippet":"max-snippet:-1","max-image-preview":"max-image-preview:large","max-video-preview":"max-video-preview:-1"},"canonical":"https:\/\/www.lejournalci.org\/index.php\/2026\/01\/14\/gabon-lambassadeur-de-france-fait-le-point-des-projets-avec-le-ministre-detat-aux-transports-manfoumbi\/","og_locale":"fr_FR","og_type":"article","og_title":"Gabon: l'Ambassadeur de France fait le point des projets avec le Ministre d'Etat aux transports MANFOUMBI - Cooperation Internationale","og_description":"Le Ministre d&#8217;\u00c9tat, Ministre des Transports, de la Marine marchande, charg\u00e9 de la Logistique, Monsieur Ulrich MANFOUMBI MANFOUMBI, a re\u00e7u en audience Fabrice Mauri\u00e8s, Haut Repr\u00e9sentant de la R\u00e9publique Fran\u00e7aise pr\u00e8s la R\u00e9publique Gabonaise. Cette rencontre a permis d&#8217;aborder plusieurs dossiers d&#8217;int\u00e9r\u00eat commun relatifs aux secteurs ferroviaire, a\u00e9rien et maritime,","og_url":"https:\/\/www.lejournalci.org\/index.php\/2026\/01\/14\/gabon-lambassadeur-de-france-fait-le-point-des-projets-avec-le-ministre-detat-aux-transports-manfoumbi\/","og_site_name":"Cooperation Internationale","article_publisher":"https:\/\/www.facebook.com\/journalCI\/","article_published_time":"2026-01-14T21:10:47+00:00","article_modified_time":"2026-01-14T21:10:49+00:00","og_image":[{"width":2048,"height":1151,"url":"https:\/\/www.lejournalci.org\/wp-content\/uploads\/2026\/01\/1001649819-edited.jpg","type":"image\/jpeg"}],"author":"La R\u00e9daction CI","twitter_card":"summary_large_image","twitter_creator":"@lejournalc","twitter_site":"@lejournalc","twitter_misc":{"\u00c9crit par":"La R\u00e9daction CI","Dur\u00e9e de lecture estim\u00e9e":"2 minutes"},"schema":{"@context":"https:\/\/schema.org","@graph":[{"@type":"Article","@id":"https:\/\/www.lejournalci.org\/index.php\/2026\/01\/14\/gabon-lambassadeur-de-france-fait-le-point-des-projets-avec-le-ministre-detat-aux-transports-manfoumbi\/#article","isPartOf":{"@id":"https:\/\/www.lejournalci.org\/index.php\/2026\/01\/14\/gabon-lambassadeur-de-france-fait-le-point-des-projets-avec-le-ministre-detat-aux-transports-manfoumbi\/"},"author":{"name":"La R\u00e9daction CI","@id":"https:\/\/www.lejournalci.org\/#\/schema\/person\/2efe42dc5459aaaf6d89cb27e736002b"},"headline":"Gabon: l&#8217;Ambassadeur de France fait le point des projets avec le Ministre d&#8217;Etat aux transports MANFOUMBI","datePublished":"2026-01-14T21:10:47+00:00","dateModified":"2026-01-14T21:10:49+00:00","mainEntityOfPage":{"@id":"https:\/\/www.lejournalci.org\/index.php\/2026\/01\/14\/gabon-lambassadeur-de-france-fait-le-point-des-projets-avec-le-ministre-detat-aux-transports-manfoumbi\/"},"wordCount":369,"publisher":{"@id":"https:\/\/www.lejournalci.org\/#organization"},"image":{"@id":"https:\/\/www.lejournalci.org\/index.php\/2026\/01\/14\/gabon-lambassadeur-de-france-fait-le-point-des-projets-avec-le-ministre-detat-aux-transports-manfoumbi\/#primaryimage"},"thumbnailUrl":"https:\/\/www.lejournalci.org\/wp-content\/uploads\/2026\/01\/1001649819-edited.jpg","articleSection":["TRANSPORT"],"inLanguage":"fr-FR"},{"@type":"WebPage","@id":"https:\/\/www.lejournalci.org\/index.php\/2026\/01\/14\/gabon-lambassadeur-de-france-fait-le-point-des-projets-avec-le-ministre-detat-aux-transports-manfoumbi\/","url":"https:\/\/www.lejournalci.org\/index.php\/2026\/01\/14\/gabon-lambassadeur-de-france-fait-le-point-des-projets-avec-le-ministre-detat-aux-transports-manfoumbi\/","name":"Gabon: l'Ambassadeur de France fait le point des projets avec le Ministre d'Etat aux transports MANFOUMBI - Cooperation Internationale","isPartOf":{"@id":"https:\/\/www.lejournalci.org\/#website"},"primaryImageOfPage":{"@id":"https:\/\/www.lejournalci.org\/index.php\/2026\/01\/14\/gabon-lambassadeur-de-france-fait-le-point-des-projets-avec-le-ministre-detat-aux-transports-manfoumbi\/#primaryimage"},"image":{"@id":"https:\/\/www.lejournalci.org\/index.php\/2026\/01\/14\/gabon-lambassadeur-de-france-fait-le-point-des-projets-avec-le-ministre-detat-aux-transports-manfoumbi\/#primaryimage"},"thumbnailUrl":"https:\/\/www.lejournalci.org\/wp-content\/uploads\/2026\/01\/1001649819-edited.jpg","datePublished":"2026-01-14T21:10:47+00:00","dateModified":"2026-01-14T21:10:49+00:00","breadcrumb":{"@id":"https:\/\/www.lejournalci.org\/index.php\/2026\/01\/14\/gabon-lambassadeur-de-france-fait-le-point-des-projets-avec-le-ministre-detat-aux-transports-manfoumbi\/#breadcrumb"},"inLanguage":"fr-FR","potentialAction":[{"@type":"ReadAction","target":["https:\/\/www.lejournalci.org\/index.php\/2026\/01\/14\/gabon-lambassadeur-de-france-fait-le-point-des-projets-avec-le-ministre-detat-aux-transports-manfoumbi\/"]}]},{"@type":"ImageObject","inLanguage":"fr-FR","@id":"https:\/\/www.lejournalci.org\/index.php\/2026\/01\/14\/gabon-lambassadeur-de-france-fait-le-point-des-projets-avec-le-ministre-detat-aux-transports-manfoumbi\/#primaryimage","url":"https:\/\/www.lejournalci.org\/wp-content\/uploads\/2026\/01\/1001649819-edited.jpg","contentUrl":"https:\/\/www.lejournalci.org\/wp-content\/uploads\/2026\/01\/1001649819-edited.jpg","width":2048,"height":1151},{"@type":"BreadcrumbList","@id":"https:\/\/www.lejournalci.org\/index.php\/2026\/01\/14\/gabon-lambassadeur-de-france-fait-le-point-des-projets-avec-le-ministre-detat-aux-transports-manfoumbi\/#breadcrumb","itemListElement":[{"@type":"ListItem","position":1,"name":"Accueil","item":"https:\/\/www.lejournalci.org\/"},{"@type":"ListItem","position":2,"name":"Gabon: l&#8217;Ambassadeur de France fait le point des projets avec le Ministre d&#8217;Etat aux transports MANFOUMBI"}]},{"@type":"WebSite","@id":"https:\/\/www.lejournalci.org\/#website","url":"https:\/\/www.lejournalci.org\/","name":"Cooperation Internationale","description":"Faire de la Coop\u00e9ration un Puissant Instrument de D\u00e9veloppement","publisher":{"@id":"https:\/\/www.lejournalci.org\/#organization"},"potentialAction":[{"@type":"SearchAction","target":{"@type":"EntryPoint","urlTemplate":"https:\/\/www.lejournalci.org\/?s={search_term_string}"},"query-input":{"@type":"PropertyValueSpecification","valueRequired":true,"valueName":"search_term_string"}}],"inLanguage":"fr-FR"},{"@type":"Organization","@id":"https:\/\/www.lejournalci.org\/#organization","name":"Cooperation Internationale","url":"https:\/\/www.lejournalci.org\/","logo":{"@type":"ImageObject","inLanguage":"fr-FR","@id":"https:\/\/www.lejournalci.org\/#\/schema\/logo\/image\/","url":"https:\/\/www.lejournalci.org\/wp-content\/uploads\/2024\/12\/logo-coopint_HD_3.jpg","contentUrl":"https:\/\/www.lejournalci.org\/wp-content\/uploads\/2024\/12\/logo-coopint_HD_3.jpg","width":700,"height":214,"caption":"Cooperation Internationale"},"image":{"@id":"https:\/\/www.lejournalci.org\/#\/schema\/logo\/image\/"},"sameAs":["https:\/\/www.facebook.com\/journalCI\/","https:\/\/x.com\/lejournalc"]},{"@type":"Person","@id":"https:\/\/www.lejournalci.org\/#\/schema\/person\/2efe42dc5459aaaf6d89cb27e736002b","name":"La R\u00e9daction CI","image":{"@type":"ImageObject","inLanguage":"fr-FR","@id":"https:\/\/www.lejournalci.org\/#\/schema\/person\/image\/","url":"https:\/\/secure.gravatar.com\/avatar\/e63ab2ab378e283740d8889fbe2ec43fdcee7ac714a480d705f61cb1e5675c4c?s=96&d=mm&r=g","contentUrl":"https:\/\/secure.gravatar.com\/avatar\/e63ab2ab378e283740d8889fbe2ec43fdcee7ac714a480d705f61cb1e5675c4c?s=96&d=mm&r=g","caption":"La R\u00e9daction CI"},"url":"https:\/\/www.lejournalci.org\/index.php\/author\/noebricendongyahoo-fr\/"}]}},"jetpack_publicize_connections":[],"jetpack_featured_media_url":"https:\/\/www.lejournalci.org\/wp-content\/uploads\/2026\/01\/1001649819-edited.jpg","jetpack_sharing_enabled":true,"_links":{"self":[{"href":"https:\/\/www.lejournalci.org\/index.php\/wp-json\/wp\/v2\/posts\/10710","targetHints":{"allow":["GET"]}}],"collection":[{"href":"https:\/\/www.lejournalci.org\/index.php\/wp-json\/wp\/v2\/posts"}],"about":[{"href":"https:\/\/www.lejournalci.org\/index.php\/wp-json\/wp\/v2\/types\/post"}],"author":[{"embeddable":true,"href":"https:\/\/www.lejournalci.org\/index.php\/wp-json\/wp\/v2\/users\/3"}],"replies":[{"embeddable":true,"href":"https:\/\/www.lejournalci.org\/index.php\/wp-json\/wp\/v2\/comments?post=10710"}],"version-history":[{"count":1,"href":"https:\/\/www.lejournalci.org\/index.php\/wp-json\/wp\/v2\/posts\/10710\/revisions"}],"predecessor-version":[{"id":10713,"href":"https:\/\/www.lejournalci.org\/index.php\/wp-json\/wp\/v2\/posts\/10710\/revisions\/10713"}],"wp:featuredmedia":[{"embeddable":true,"href":"https:\/\/www.lejournalci.org\/index.php\/wp-json\/wp\/v2\/media\/10712"}],"wp:attachment":[{"href":"https:\/\/www.lejournalci.org\/index.php\/wp-json\/wp\/v2\/media?parent=10710"}],"wp:term":[{"taxonomy":"category","embeddable":true,"href":"https:\/\/www.lejournalci.org\/index.php\/wp-json\/wp\/v2\/categories?post=10710"},{"taxonomy":"post_tag","embeddable":true,"href":"https:\/\/www.lejournalci.org\/index.php\/wp-json\/wp\/v2\/tags?post=10710"}],"curies":[{"name":"wp","href":"https:\/\/api.w.org\/{rel}","templated":true}]}}