{"id":10705,"date":"2026-01-14T16:45:48","date_gmt":"2026-01-14T16:45:48","guid":{"rendered":"https:\/\/www.lejournalci.org\/?p=10705"},"modified":"2026-01-14T16:45:49","modified_gmt":"2026-01-14T16:45:49","slug":"cote-divoire-le-nouveau-representant-du-fnuap-presente-ses-lettres-de-cabinet","status":"publish","type":"post","link":"https:\/\/www.lejournalci.org\/index.php\/2026\/01\/14\/cote-divoire-le-nouveau-representant-du-fnuap-presente-ses-lettres-de-cabinet\/","title":{"rendered":"C\u00f4te d&#8217;Ivoire : Le nouveau Repr\u00e9sentant du FNUAP pr\u00e9sente ses lettres de Cabinet."},"content":{"rendered":"\n<p>La c\u00e9r\u00e9monie officielle de pr\u00e9sentation des Lettres de cabinet de Monsieur KABORE Sa\u00efdou, Repr\u00e9sentant R\u00e9sident d\u00e9sign\u00e9 du Fonds des Nations Unies pour la Population (FNUAP) en C\u00f4te d\u2019Ivoire, s\u2019est tenue le mercredi 14 janvier 2026 au cabinet du Ministre des Affaires \u00e9trang\u00e8res, de l\u2019Int\u00e9gration africaine et des Ivoiriens de l\u2019ext\u00e9rieur.<\/p>\n\n\n\n<p>L\u2019\u00e9v\u00e9nement s\u2019est d\u00e9roul\u00e9 en pr\u00e9sence des collaborateurs des deux personnalit\u00e9s, t\u00e9moignant de l\u2019importance accord\u00e9e \u00e0 cette \u00e9tape protocolaire qui marque l\u2019entr\u00e9e en fonction officielle du diplomate onusien.<\/p>\n\n\n\n<p>Dans son allocution, le Ministre L\u00e9on Kacou-ADOM a exprim\u00e9 <strong><em>\u00ab beaucoup d\u2019int\u00e9r\u00eat et d\u2019empressement \u00bb <\/em><\/strong>\u00e0 recevoir ces Lettres de cabinet. Il a adress\u00e9 ses v\u0153ux de plein succ\u00e8s \u00e0 Monsieur KABORE Sa\u00efdou pour la conduite de sa mission en C\u00f4te d\u2019Ivoire.<\/p>\n\n\n\n<p>Le Ministre a \u00e9galement traduit la gratitude des autorit\u00e9s ivoiriennes au FNUAP pour les nouveaux programmes r\u00e9alis\u00e9s dans le pays, avant de r\u00e9affirmer la disponibilit\u00e9 du gouvernement ivoirien, ainsi que celle de l\u2019ensemble de ses collaborateurs, \u00e0 accompagner le Repr\u00e9sentant R\u00e9sident dans l\u2019accomplissement de ses fonctions.<\/p>\n\n\n\n<p>Prenant la parole \u00e0 son tour, Monsieur KABORE Sa\u00efdou a remerci\u00e9 les autorit\u00e9s ivoiriennes pour l\u2019accueil chaleureux qui lui a \u00e9t\u00e9 r\u00e9serv\u00e9. Il a indiqu\u00e9 \u00eatre pr\u00eat \u00e0 accomplir sa mission dans le cadre des priorit\u00e9s d\u00e9finies conjointement par les deux parties, et ce, dans l\u2019int\u00e9r\u00eat sup\u00e9rieur des populations ivoiriennes.<\/p>\n\n\n\n<p>Il convient de pr\u00e9ciser qu\u2019avant son affectation en C\u00f4te d\u2019Ivoire, Monsieur KABORE a successivement occup\u00e9 les m\u00eames fonctions en Ha\u00efti et au Niger.<\/p>\n\n\n\n<p>SOURCE: Gouvernement de C\u00f4te d&#8217;Ivoire.<\/p>\n\n\n\n<p><\/p>\n","protected":false},"excerpt":{"rendered":"<p>La c\u00e9r\u00e9monie officielle de pr\u00e9sentation des Lettres de cabinet de Monsieur KABORE Sa\u00efdou, Repr\u00e9sentant R\u00e9sident d\u00e9sign\u00e9 du Fonds des Nations Unies pour la Population (FNUAP) en C\u00f4te d\u2019Ivoire, s\u2019est tenue le mercredi 14 janvier 2026 au cabinet du Ministre des Affaires \u00e9trang\u00e8res, de l\u2019Int\u00e9gration africaine et des Ivoiriens de l\u2019ext\u00e9rieur.<\/p>\n","protected":false},"author":3,"featured_media":10707,"comment_status":"closed","ping_status":"open","sticky":false,"template":"","format":"standard","meta":{"colormag_page_container_layout":"default_layout","colormag_page_sidebar_layout":"default_layout","_jetpack_memberships_contains_paid_content":false,"footnotes":"","jetpack_publicize_message":"","jetpack_publicize_feature_enabled":true,"jetpack_social_post_already_shared":true,"jetpack_social_options":{"image_generator_settings":{"template":"highway","default_image_id":0,"font":"","enabled":false},"version":2}},"categories":[51],"tags":[],"class_list":["post-10705","post","type-post","status-publish","format-standard","has-post-thumbnail","hentry","category-diplomatie"],"magazineBlocksPostFeaturedMedia":{"thumbnail":"https:\/\/www.lejournalci.org\/wp-content\/uploads\/2026\/01\/1001648936-edited-150x150.jpg","medium":"https:\/\/www.lejournalci.org\/wp-content\/uploads\/2026\/01\/1001648936-edited-300x169.jpg","medium_large":"https:\/\/www.lejournalci.org\/wp-content\/uploads\/2026\/01\/1001648936-edited-768x432.jpg","large":"https:\/\/www.lejournalci.org\/wp-content\/uploads\/2026\/01\/1001648936-edited-1024x576.jpg","1536x1536":"https:\/\/www.lejournalci.org\/wp-content\/uploads\/2026\/01\/1001648936-edited-1536x864.jpg","2048x2048":"https:\/\/www.lejournalci.org\/wp-content\/uploads\/2026\/01\/1001648936-edited.jpg","colormag-highlighted-post":"https:\/\/www.lejournalci.org\/wp-content\/uploads\/2026\/01\/1001648936-edited-392x272.jpg","colormag-featured-post-medium":"https:\/\/www.lejournalci.org\/wp-content\/uploads\/2026\/01\/1001648936-edited-390x205.jpg","colormag-featured-post-small":"https:\/\/www.lejournalci.org\/wp-content\/uploads\/2026\/01\/1001648936-edited-130x90.jpg","colormag-featured-image":"https:\/\/www.lejournalci.org\/wp-content\/uploads\/2026\/01\/1001648936-edited-800x445.jpg","colormag-default-news":"https:\/\/www.lejournalci.org\/wp-content\/uploads\/2026\/01\/1001648936-edited-150x150.jpg","colormag-featured-image-large":"https:\/\/www.lejournalci.org\/wp-content\/uploads\/2026\/01\/1001648936-edited-1400x600.jpg"},"magazineBlocksPostAuthor":{"name":"La R\u00e9daction CI","avatar":"https:\/\/secure.gravatar.com\/avatar\/e63ab2ab378e283740d8889fbe2ec43fdcee7ac714a480d705f61cb1e5675c4c?s=96&d=mm&r=g"},"magazineBlocksPostCommentsNumber":false,"magazineBlocksPostExcerpt":"La c\u00e9r\u00e9monie officielle de pr\u00e9sentation des Lettres de cabinet de Monsieur KABORE Sa\u00efdou, Repr\u00e9sentant R\u00e9sident d\u00e9sign\u00e9 du Fonds des Nations Unies pour la Population (FNUAP) en C\u00f4te d\u2019Ivoire, s\u2019est tenue le mercredi 14 janvier 2026 au cabinet du Ministre des Affaires \u00e9trang\u00e8res, de l\u2019Int\u00e9gration africaine et des Ivoiriens de l\u2019ext\u00e9rieur.","magazineBlocksPostCategories":["DIPLOMATIE"],"magazineBlocksPostViewCount":397,"magazineBlocksPostReadTime":2,"magazine_blocks_featured_image_url":{"full":["https:\/\/www.lejournalci.org\/wp-content\/uploads\/2026\/01\/1001648936-edited.jpg",1600,900,false],"medium":["https:\/\/www.lejournalci.org\/wp-content\/uploads\/2026\/01\/1001648936-edited-300x169.jpg",300,169,true],"thumbnail":["https:\/\/www.lejournalci.org\/wp-content\/uploads\/2026\/01\/1001648936-edited-150x150.jpg",150,150,true]},"magazine_blocks_author":{"display_name":"La R\u00e9daction CI","author_link":"https:\/\/www.lejournalci.org\/index.php\/author\/noebricendongyahoo-fr\/"},"magazine_blocks_comment":0,"magazine_blocks_author_image":"https:\/\/secure.gravatar.com\/avatar\/e63ab2ab378e283740d8889fbe2ec43fdcee7ac714a480d705f61cb1e5675c4c?s=96&d=mm&r=g","magazine_blocks_category":"<a href=\"#\" class=\"category-link category-link-51\">DIPLOMATIE<\/a>","yoast_head":"<!-- This site is optimized with the Yoast SEO plugin v26.2 - https:\/\/yoast.com\/wordpress\/plugins\/seo\/ -->\n<title>C\u00f4te d&#039;Ivoire : Le nouveau Repr\u00e9sentant du FNUAP pr\u00e9sente ses lettres de Cabinet. - Cooperation Internationale<\/title>\n<meta name=\"robots\" content=\"index, follow, max-snippet:-1, max-image-preview:large, max-video-preview:-1\" \/>\n<link rel=\"canonical\" href=\"https:\/\/www.lejournalci.org\/index.php\/2026\/01\/14\/cote-divoire-le-nouveau-representant-du-fnuap-presente-ses-lettres-de-cabinet\/\" \/>\n<meta property=\"og:locale\" content=\"fr_FR\" \/>\n<meta property=\"og:type\" content=\"article\" \/>\n<meta property=\"og:title\" content=\"C\u00f4te d&#039;Ivoire : Le nouveau Repr\u00e9sentant du FNUAP pr\u00e9sente ses lettres de Cabinet. - Cooperation Internationale\" \/>\n<meta property=\"og:description\" content=\"La c\u00e9r\u00e9monie officielle de pr\u00e9sentation des Lettres de cabinet de Monsieur KABORE Sa\u00efdou, Repr\u00e9sentant R\u00e9sident d\u00e9sign\u00e9 du Fonds des Nations Unies pour la Population (FNUAP) en C\u00f4te d\u2019Ivoire, s\u2019est tenue le mercredi 14 janvier 2026 au cabinet du Ministre des Affaires \u00e9trang\u00e8res, de l\u2019Int\u00e9gration africaine et des Ivoiriens de l\u2019ext\u00e9rieur.\" \/>\n<meta property=\"og:url\" content=\"https:\/\/www.lejournalci.org\/index.php\/2026\/01\/14\/cote-divoire-le-nouveau-representant-du-fnuap-presente-ses-lettres-de-cabinet\/\" \/>\n<meta property=\"og:site_name\" content=\"Cooperation Internationale\" \/>\n<meta property=\"article:publisher\" content=\"https:\/\/www.facebook.com\/journalCI\/\" \/>\n<meta property=\"article:published_time\" content=\"2026-01-14T16:45:48+00:00\" \/>\n<meta property=\"article:modified_time\" content=\"2026-01-14T16:45:49+00:00\" \/>\n<meta property=\"og:image\" content=\"https:\/\/www.lejournalci.org\/wp-content\/uploads\/2026\/01\/1001648936-edited.jpg\" \/>\n\t<meta property=\"og:image:width\" content=\"1600\" \/>\n\t<meta property=\"og:image:height\" content=\"900\" \/>\n\t<meta property=\"og:image:type\" content=\"image\/jpeg\" \/>\n<meta name=\"author\" content=\"La R\u00e9daction CI\" \/>\n<meta name=\"twitter:card\" content=\"summary_large_image\" \/>\n<meta name=\"twitter:creator\" content=\"@lejournalc\" \/>\n<meta name=\"twitter:site\" content=\"@lejournalc\" \/>\n<meta name=\"twitter:label1\" content=\"\u00c9crit par\" \/>\n\t<meta name=\"twitter:data1\" content=\"La R\u00e9daction CI\" \/>\n\t<meta name=\"twitter:label2\" content=\"Dur\u00e9e de lecture estim\u00e9e\" \/>\n\t<meta name=\"twitter:data2\" content=\"2 minutes\" \/>\n<script type=\"application\/ld+json\" class=\"yoast-schema-graph\">{\"@context\":\"https:\/\/schema.org\",\"@graph\":[{\"@type\":\"Article\",\"@id\":\"https:\/\/www.lejournalci.org\/index.php\/2026\/01\/14\/cote-divoire-le-nouveau-representant-du-fnuap-presente-ses-lettres-de-cabinet\/#article\",\"isPartOf\":{\"@id\":\"https:\/\/www.lejournalci.org\/index.php\/2026\/01\/14\/cote-divoire-le-nouveau-representant-du-fnuap-presente-ses-lettres-de-cabinet\/\"},\"author\":{\"name\":\"La R\u00e9daction CI\",\"@id\":\"https:\/\/www.lejournalci.org\/#\/schema\/person\/2efe42dc5459aaaf6d89cb27e736002b\"},\"headline\":\"C\u00f4te d&#8217;Ivoire : Le nouveau Repr\u00e9sentant du FNUAP pr\u00e9sente ses lettres de Cabinet.\",\"datePublished\":\"2026-01-14T16:45:48+00:00\",\"dateModified\":\"2026-01-14T16:45:49+00:00\",\"mainEntityOfPage\":{\"@id\":\"https:\/\/www.lejournalci.org\/index.php\/2026\/01\/14\/cote-divoire-le-nouveau-representant-du-fnuap-presente-ses-lettres-de-cabinet\/\"},\"wordCount\":312,\"publisher\":{\"@id\":\"https:\/\/www.lejournalci.org\/#organization\"},\"image\":{\"@id\":\"https:\/\/www.lejournalci.org\/index.php\/2026\/01\/14\/cote-divoire-le-nouveau-representant-du-fnuap-presente-ses-lettres-de-cabinet\/#primaryimage\"},\"thumbnailUrl\":\"https:\/\/www.lejournalci.org\/wp-content\/uploads\/2026\/01\/1001648936-edited.jpg\",\"articleSection\":[\"DIPLOMATIE\"],\"inLanguage\":\"fr-FR\"},{\"@type\":\"WebPage\",\"@id\":\"https:\/\/www.lejournalci.org\/index.php\/2026\/01\/14\/cote-divoire-le-nouveau-representant-du-fnuap-presente-ses-lettres-de-cabinet\/\",\"url\":\"https:\/\/www.lejournalci.org\/index.php\/2026\/01\/14\/cote-divoire-le-nouveau-representant-du-fnuap-presente-ses-lettres-de-cabinet\/\",\"name\":\"C\u00f4te d'Ivoire : Le nouveau Repr\u00e9sentant du FNUAP pr\u00e9sente ses lettres de Cabinet. - Cooperation Internationale\",\"isPartOf\":{\"@id\":\"https:\/\/www.lejournalci.org\/#website\"},\"primaryImageOfPage\":{\"@id\":\"https:\/\/www.lejournalci.org\/index.php\/2026\/01\/14\/cote-divoire-le-nouveau-representant-du-fnuap-presente-ses-lettres-de-cabinet\/#primaryimage\"},\"image\":{\"@id\":\"https:\/\/www.lejournalci.org\/index.php\/2026\/01\/14\/cote-divoire-le-nouveau-representant-du-fnuap-presente-ses-lettres-de-cabinet\/#primaryimage\"},\"thumbnailUrl\":\"https:\/\/www.lejournalci.org\/wp-content\/uploads\/2026\/01\/1001648936-edited.jpg\",\"datePublished\":\"2026-01-14T16:45:48+00:00\",\"dateModified\":\"2026-01-14T16:45:49+00:00\",\"breadcrumb\":{\"@id\":\"https:\/\/www.lejournalci.org\/index.php\/2026\/01\/14\/cote-divoire-le-nouveau-representant-du-fnuap-presente-ses-lettres-de-cabinet\/#breadcrumb\"},\"inLanguage\":\"fr-FR\",\"potentialAction\":[{\"@type\":\"ReadAction\",\"target\":[\"https:\/\/www.lejournalci.org\/index.php\/2026\/01\/14\/cote-divoire-le-nouveau-representant-du-fnuap-presente-ses-lettres-de-cabinet\/\"]}]},{\"@type\":\"ImageObject\",\"inLanguage\":\"fr-FR\",\"@id\":\"https:\/\/www.lejournalci.org\/index.php\/2026\/01\/14\/cote-divoire-le-nouveau-representant-du-fnuap-presente-ses-lettres-de-cabinet\/#primaryimage\",\"url\":\"https:\/\/www.lejournalci.org\/wp-content\/uploads\/2026\/01\/1001648936-edited.jpg\",\"contentUrl\":\"https:\/\/www.lejournalci.org\/wp-content\/uploads\/2026\/01\/1001648936-edited.jpg\",\"width\":1600,\"height\":900},{\"@type\":\"BreadcrumbList\",\"@id\":\"https:\/\/www.lejournalci.org\/index.php\/2026\/01\/14\/cote-divoire-le-nouveau-representant-du-fnuap-presente-ses-lettres-de-cabinet\/#breadcrumb\",\"itemListElement\":[{\"@type\":\"ListItem\",\"position\":1,\"name\":\"Accueil\",\"item\":\"https:\/\/www.lejournalci.org\/\"},{\"@type\":\"ListItem\",\"position\":2,\"name\":\"C\u00f4te d&#8217;Ivoire : Le nouveau Repr\u00e9sentant du FNUAP pr\u00e9sente ses lettres de Cabinet.\"}]},{\"@type\":\"WebSite\",\"@id\":\"https:\/\/www.lejournalci.org\/#website\",\"url\":\"https:\/\/www.lejournalci.org\/\",\"name\":\"Cooperation Internationale\",\"description\":\"Faire de la Coop\u00e9ration un Puissant Instrument de D\u00e9veloppement\",\"publisher\":{\"@id\":\"https:\/\/www.lejournalci.org\/#organization\"},\"potentialAction\":[{\"@type\":\"SearchAction\",\"target\":{\"@type\":\"EntryPoint\",\"urlTemplate\":\"https:\/\/www.lejournalci.org\/?s={search_term_string}\"},\"query-input\":{\"@type\":\"PropertyValueSpecification\",\"valueRequired\":true,\"valueName\":\"search_term_string\"}}],\"inLanguage\":\"fr-FR\"},{\"@type\":\"Organization\",\"@id\":\"https:\/\/www.lejournalci.org\/#organization\",\"name\":\"Cooperation Internationale\",\"url\":\"https:\/\/www.lejournalci.org\/\",\"logo\":{\"@type\":\"ImageObject\",\"inLanguage\":\"fr-FR\",\"@id\":\"https:\/\/www.lejournalci.org\/#\/schema\/logo\/image\/\",\"url\":\"https:\/\/www.lejournalci.org\/wp-content\/uploads\/2024\/12\/logo-coopint_HD_3.jpg\",\"contentUrl\":\"https:\/\/www.lejournalci.org\/wp-content\/uploads\/2024\/12\/logo-coopint_HD_3.jpg\",\"width\":700,\"height\":214,\"caption\":\"Cooperation Internationale\"},\"image\":{\"@id\":\"https:\/\/www.lejournalci.org\/#\/schema\/logo\/image\/\"},\"sameAs\":[\"https:\/\/www.facebook.com\/journalCI\/\",\"https:\/\/x.com\/lejournalc\"]},{\"@type\":\"Person\",\"@id\":\"https:\/\/www.lejournalci.org\/#\/schema\/person\/2efe42dc5459aaaf6d89cb27e736002b\",\"name\":\"La R\u00e9daction CI\",\"image\":{\"@type\":\"ImageObject\",\"inLanguage\":\"fr-FR\",\"@id\":\"https:\/\/www.lejournalci.org\/#\/schema\/person\/image\/\",\"url\":\"https:\/\/secure.gravatar.com\/avatar\/e63ab2ab378e283740d8889fbe2ec43fdcee7ac714a480d705f61cb1e5675c4c?s=96&d=mm&r=g\",\"contentUrl\":\"https:\/\/secure.gravatar.com\/avatar\/e63ab2ab378e283740d8889fbe2ec43fdcee7ac714a480d705f61cb1e5675c4c?s=96&d=mm&r=g\",\"caption\":\"La R\u00e9daction CI\"},\"url\":\"https:\/\/www.lejournalci.org\/index.php\/author\/noebricendongyahoo-fr\/\"}]}<\/script>\n<!-- \/ Yoast SEO plugin. -->","yoast_head_json":{"title":"C\u00f4te d'Ivoire : Le nouveau Repr\u00e9sentant du FNUAP pr\u00e9sente ses lettres de Cabinet. - Cooperation Internationale","robots":{"index":"index","follow":"follow","max-snippet":"max-snippet:-1","max-image-preview":"max-image-preview:large","max-video-preview":"max-video-preview:-1"},"canonical":"https:\/\/www.lejournalci.org\/index.php\/2026\/01\/14\/cote-divoire-le-nouveau-representant-du-fnuap-presente-ses-lettres-de-cabinet\/","og_locale":"fr_FR","og_type":"article","og_title":"C\u00f4te d'Ivoire : Le nouveau Repr\u00e9sentant du FNUAP pr\u00e9sente ses lettres de Cabinet. - Cooperation Internationale","og_description":"La c\u00e9r\u00e9monie officielle de pr\u00e9sentation des Lettres de cabinet de Monsieur KABORE Sa\u00efdou, Repr\u00e9sentant R\u00e9sident d\u00e9sign\u00e9 du Fonds des Nations Unies pour la Population (FNUAP) en C\u00f4te d\u2019Ivoire, s\u2019est tenue le mercredi 14 janvier 2026 au cabinet du Ministre des Affaires \u00e9trang\u00e8res, de l\u2019Int\u00e9gration africaine et des Ivoiriens de l\u2019ext\u00e9rieur.","og_url":"https:\/\/www.lejournalci.org\/index.php\/2026\/01\/14\/cote-divoire-le-nouveau-representant-du-fnuap-presente-ses-lettres-de-cabinet\/","og_site_name":"Cooperation Internationale","article_publisher":"https:\/\/www.facebook.com\/journalCI\/","article_published_time":"2026-01-14T16:45:48+00:00","article_modified_time":"2026-01-14T16:45:49+00:00","og_image":[{"width":1600,"height":900,"url":"https:\/\/www.lejournalci.org\/wp-content\/uploads\/2026\/01\/1001648936-edited.jpg","type":"image\/jpeg"}],"author":"La R\u00e9daction CI","twitter_card":"summary_large_image","twitter_creator":"@lejournalc","twitter_site":"@lejournalc","twitter_misc":{"\u00c9crit par":"La R\u00e9daction CI","Dur\u00e9e de lecture estim\u00e9e":"2 minutes"},"schema":{"@context":"https:\/\/schema.org","@graph":[{"@type":"Article","@id":"https:\/\/www.lejournalci.org\/index.php\/2026\/01\/14\/cote-divoire-le-nouveau-representant-du-fnuap-presente-ses-lettres-de-cabinet\/#article","isPartOf":{"@id":"https:\/\/www.lejournalci.org\/index.php\/2026\/01\/14\/cote-divoire-le-nouveau-representant-du-fnuap-presente-ses-lettres-de-cabinet\/"},"author":{"name":"La R\u00e9daction CI","@id":"https:\/\/www.lejournalci.org\/#\/schema\/person\/2efe42dc5459aaaf6d89cb27e736002b"},"headline":"C\u00f4te d&#8217;Ivoire : Le nouveau Repr\u00e9sentant du FNUAP pr\u00e9sente ses lettres de Cabinet.","datePublished":"2026-01-14T16:45:48+00:00","dateModified":"2026-01-14T16:45:49+00:00","mainEntityOfPage":{"@id":"https:\/\/www.lejournalci.org\/index.php\/2026\/01\/14\/cote-divoire-le-nouveau-representant-du-fnuap-presente-ses-lettres-de-cabinet\/"},"wordCount":312,"publisher":{"@id":"https:\/\/www.lejournalci.org\/#organization"},"image":{"@id":"https:\/\/www.lejournalci.org\/index.php\/2026\/01\/14\/cote-divoire-le-nouveau-representant-du-fnuap-presente-ses-lettres-de-cabinet\/#primaryimage"},"thumbnailUrl":"https:\/\/www.lejournalci.org\/wp-content\/uploads\/2026\/01\/1001648936-edited.jpg","articleSection":["DIPLOMATIE"],"inLanguage":"fr-FR"},{"@type":"WebPage","@id":"https:\/\/www.lejournalci.org\/index.php\/2026\/01\/14\/cote-divoire-le-nouveau-representant-du-fnuap-presente-ses-lettres-de-cabinet\/","url":"https:\/\/www.lejournalci.org\/index.php\/2026\/01\/14\/cote-divoire-le-nouveau-representant-du-fnuap-presente-ses-lettres-de-cabinet\/","name":"C\u00f4te d'Ivoire : Le nouveau Repr\u00e9sentant du FNUAP pr\u00e9sente ses lettres de Cabinet. - Cooperation Internationale","isPartOf":{"@id":"https:\/\/www.lejournalci.org\/#website"},"primaryImageOfPage":{"@id":"https:\/\/www.lejournalci.org\/index.php\/2026\/01\/14\/cote-divoire-le-nouveau-representant-du-fnuap-presente-ses-lettres-de-cabinet\/#primaryimage"},"image":{"@id":"https:\/\/www.lejournalci.org\/index.php\/2026\/01\/14\/cote-divoire-le-nouveau-representant-du-fnuap-presente-ses-lettres-de-cabinet\/#primaryimage"},"thumbnailUrl":"https:\/\/www.lejournalci.org\/wp-content\/uploads\/2026\/01\/1001648936-edited.jpg","datePublished":"2026-01-14T16:45:48+00:00","dateModified":"2026-01-14T16:45:49+00:00","breadcrumb":{"@id":"https:\/\/www.lejournalci.org\/index.php\/2026\/01\/14\/cote-divoire-le-nouveau-representant-du-fnuap-presente-ses-lettres-de-cabinet\/#breadcrumb"},"inLanguage":"fr-FR","potentialAction":[{"@type":"ReadAction","target":["https:\/\/www.lejournalci.org\/index.php\/2026\/01\/14\/cote-divoire-le-nouveau-representant-du-fnuap-presente-ses-lettres-de-cabinet\/"]}]},{"@type":"ImageObject","inLanguage":"fr-FR","@id":"https:\/\/www.lejournalci.org\/index.php\/2026\/01\/14\/cote-divoire-le-nouveau-representant-du-fnuap-presente-ses-lettres-de-cabinet\/#primaryimage","url":"https:\/\/www.lejournalci.org\/wp-content\/uploads\/2026\/01\/1001648936-edited.jpg","contentUrl":"https:\/\/www.lejournalci.org\/wp-content\/uploads\/2026\/01\/1001648936-edited.jpg","width":1600,"height":900},{"@type":"BreadcrumbList","@id":"https:\/\/www.lejournalci.org\/index.php\/2026\/01\/14\/cote-divoire-le-nouveau-representant-du-fnuap-presente-ses-lettres-de-cabinet\/#breadcrumb","itemListElement":[{"@type":"ListItem","position":1,"name":"Accueil","item":"https:\/\/www.lejournalci.org\/"},{"@type":"ListItem","position":2,"name":"C\u00f4te d&#8217;Ivoire : Le nouveau Repr\u00e9sentant du FNUAP pr\u00e9sente ses lettres de Cabinet."}]},{"@type":"WebSite","@id":"https:\/\/www.lejournalci.org\/#website","url":"https:\/\/www.lejournalci.org\/","name":"Cooperation Internationale","description":"Faire de la Coop\u00e9ration un Puissant Instrument de D\u00e9veloppement","publisher":{"@id":"https:\/\/www.lejournalci.org\/#organization"},"potentialAction":[{"@type":"SearchAction","target":{"@type":"EntryPoint","urlTemplate":"https:\/\/www.lejournalci.org\/?s={search_term_string}"},"query-input":{"@type":"PropertyValueSpecification","valueRequired":true,"valueName":"search_term_string"}}],"inLanguage":"fr-FR"},{"@type":"Organization","@id":"https:\/\/www.lejournalci.org\/#organization","name":"Cooperation Internationale","url":"https:\/\/www.lejournalci.org\/","logo":{"@type":"ImageObject","inLanguage":"fr-FR","@id":"https:\/\/www.lejournalci.org\/#\/schema\/logo\/image\/","url":"https:\/\/www.lejournalci.org\/wp-content\/uploads\/2024\/12\/logo-coopint_HD_3.jpg","contentUrl":"https:\/\/www.lejournalci.org\/wp-content\/uploads\/2024\/12\/logo-coopint_HD_3.jpg","width":700,"height":214,"caption":"Cooperation Internationale"},"image":{"@id":"https:\/\/www.lejournalci.org\/#\/schema\/logo\/image\/"},"sameAs":["https:\/\/www.facebook.com\/journalCI\/","https:\/\/x.com\/lejournalc"]},{"@type":"Person","@id":"https:\/\/www.lejournalci.org\/#\/schema\/person\/2efe42dc5459aaaf6d89cb27e736002b","name":"La R\u00e9daction CI","image":{"@type":"ImageObject","inLanguage":"fr-FR","@id":"https:\/\/www.lejournalci.org\/#\/schema\/person\/image\/","url":"https:\/\/secure.gravatar.com\/avatar\/e63ab2ab378e283740d8889fbe2ec43fdcee7ac714a480d705f61cb1e5675c4c?s=96&d=mm&r=g","contentUrl":"https:\/\/secure.gravatar.com\/avatar\/e63ab2ab378e283740d8889fbe2ec43fdcee7ac714a480d705f61cb1e5675c4c?s=96&d=mm&r=g","caption":"La R\u00e9daction CI"},"url":"https:\/\/www.lejournalci.org\/index.php\/author\/noebricendongyahoo-fr\/"}]}},"jetpack_publicize_connections":[],"jetpack_featured_media_url":"https:\/\/www.lejournalci.org\/wp-content\/uploads\/2026\/01\/1001648936-edited.jpg","jetpack_sharing_enabled":true,"_links":{"self":[{"href":"https:\/\/www.lejournalci.org\/index.php\/wp-json\/wp\/v2\/posts\/10705","targetHints":{"allow":["GET"]}}],"collection":[{"href":"https:\/\/www.lejournalci.org\/index.php\/wp-json\/wp\/v2\/posts"}],"about":[{"href":"https:\/\/www.lejournalci.org\/index.php\/wp-json\/wp\/v2\/types\/post"}],"author":[{"embeddable":true,"href":"https:\/\/www.lejournalci.org\/index.php\/wp-json\/wp\/v2\/users\/3"}],"replies":[{"embeddable":true,"href":"https:\/\/www.lejournalci.org\/index.php\/wp-json\/wp\/v2\/comments?post=10705"}],"version-history":[{"count":1,"href":"https:\/\/www.lejournalci.org\/index.php\/wp-json\/wp\/v2\/posts\/10705\/revisions"}],"predecessor-version":[{"id":10708,"href":"https:\/\/www.lejournalci.org\/index.php\/wp-json\/wp\/v2\/posts\/10705\/revisions\/10708"}],"wp:featuredmedia":[{"embeddable":true,"href":"https:\/\/www.lejournalci.org\/index.php\/wp-json\/wp\/v2\/media\/10707"}],"wp:attachment":[{"href":"https:\/\/www.lejournalci.org\/index.php\/wp-json\/wp\/v2\/media?parent=10705"}],"wp:term":[{"taxonomy":"category","embeddable":true,"href":"https:\/\/www.lejournalci.org\/index.php\/wp-json\/wp\/v2\/categories?post=10705"},{"taxonomy":"post_tag","embeddable":true,"href":"https:\/\/www.lejournalci.org\/index.php\/wp-json\/wp\/v2\/tags?post=10705"}],"curies":[{"name":"wp","href":"https:\/\/api.w.org\/{rel}","templated":true}]}}