{"id":10376,"date":"2025-12-05T07:12:31","date_gmt":"2025-12-05T07:12:31","guid":{"rendered":"https:\/\/www.lejournalci.org\/?p=10376"},"modified":"2025-12-05T07:12:32","modified_gmt":"2025-12-05T07:12:32","slug":"congo-lexpansion-en-amont-annonce-une-nouvelle-ere-pour-lavenir-energetique-de-lafrique-centrale","status":"publish","type":"post","link":"https:\/\/www.lejournalci.org\/index.php\/2025\/12\/05\/congo-lexpansion-en-amont-annonce-une-nouvelle-ere-pour-lavenir-energetique-de-lafrique-centrale\/","title":{"rendered":"Congo: L&#8217;expansion en amont annonce une nouvelle \u00e8re pour l&#8217;avenir \u00e9nerg\u00e9tique de l&#8217;Afrique centrale"},"content":{"rendered":"\n<p><strong><em>Avec le d\u00e9marrage de la phase 2 du projet Congo LNG, le Congo se pr\u00e9pare \u00e0 une croissance acc\u00e9l\u00e9r\u00e9e en amont<\/em><\/strong>.<\/p>\n\n\n\n<p>La R\u00e9publique du Congo entre dans une p\u00e9riode de croissance rapide, avec une expansion en amont dans les secteurs du p\u00e9trole et du gaz naturel qui positionne le pays comme un pilier strat\u00e9gique du d\u00e9veloppement \u00e9nerg\u00e9tique de l&#8217;Afrique centrale. Avec le d\u00e9marrage de la phase 2 du projet Congo LNG, l&#8217;objectif d&#8217;atteindre une production p\u00e9troli\u00e8re de 500 000 barils par jour (bpj) et les r\u00e9formes audacieuses de son cadre r\u00e9glementaire, la R\u00e9publique du Congo envoie un message fort aux investisseurs \u00e9trangers : l&#8217;Afrique centrale est ouverte aux affaires et d\u00e9termin\u00e9e \u00e0 r\u00e9aliser des projets \u00e0 grande \u00e9chelle.<\/p>\n\n\n\n<p><strong>Le gaz naturel : pierre angulaire de la strat\u00e9gie \u00e9nerg\u00e9tique du Congo<\/strong><\/p>\n\n\n\n<p>Le gaz naturel est devenu la pierre angulaire de la strat\u00e9gie \u00e9nerg\u00e9tique du Congo, les r\u00e9centes avanc\u00e9es dans le d\u00e9veloppement du GNL refl\u00e9tant l&#8217;engagement du pays \u00e0 mettre en \u0153uvre des projets de mani\u00e8re efficace et rapide. Mis en service six mois avant la date pr\u00e9vue et 35 mois apr\u00e8s le d\u00e9but de la construction, le projet Congo LNG Phase 2 a d\u00e9marr\u00e9 ses op\u00e9rations en d\u00e9cembre 2025. S&#8217;inscrivant dans le cadre plus large du d\u00e9veloppement du GNL au Congo, la phase 2 augmente la capacit\u00e9 du projet de 2,4 millions de tonnes par an (mtpa), portant la production totale \u00e0 3 mtpa. La phase 2 comprend trois plateformes de production ainsi que l&#8217;unit\u00e9 Scarabeo 5, d\u00e9di\u00e9e au traitement et \u00e0 la compression du gaz, et l&#8217;unit\u00e9 Nguya FLNG. La premi\u00e8re cargaison devrait \u00eatre export\u00e9e d\u00e9but 2026.<\/p>\n\n\n\n<p>Cette \u00e9tape importante intervient peu apr\u00e8s que le pays soit devenu exportateur de GNL, avec le lancement de la phase 1 du projet Congo LNG, le premier grand projet de d\u00e9veloppement gazier offshore du pays, achev\u00e9 fin 2023. La mise en service de la phase deux marque une acc\u00e9l\u00e9ration extraordinaire, refl\u00e9tant la volont\u00e9 nationale de positionner le gaz comme un catalyseur de croissance. Au-del\u00e0 de Congo LNG, des progr\u00e8s sont r\u00e9alis\u00e9s dans le cadre du projet Bango Kayo, men\u00e9 par la soci\u00e9t\u00e9 chinoise Wing Wah et int\u00e9grant un volet de mon\u00e9tisation du gaz. D\u00e9velopp\u00e9 en plusieurs phases, le projet produira du GNL, du GPL, du butane et du propane pour le march\u00e9 int\u00e9rieur, avec une infrastructure gazi\u00e8re \u00e9volutive permettant de d\u00e9bloquer jusqu&#8217;\u00e0 30 milliards de m\u00e8tres cubes de gaz sur 25 ans.<\/p>\n\n\n\n<p><strong>\u00c0 la conqu\u00eate des 500 000 barils par jour<\/strong><\/p>\n\n\n\n<p>Le secteur p\u00e9trolier congolais contribue depuis longtemps de mani\u00e8re d\u00e9cisive \u00e0 l&#8217;\u00e9conomie r\u00e9gionale, mais l&#8217;objectif de 500 000 bpj repr\u00e9sente un nouveau niveau d&#8217;ambition. Plusieurs d\u00e9veloppements sont en cours pour atteindre cet objectif. TotalEnergies investit 600 millions de dollars dans l&#8217;exploration et la production, en se concentrant sur le champ Moho Nord. Trident Energy \u00e9largit son portefeuille apr\u00e8s avoir acquis les actifs congolais de Chevron en 2024, tandis que Perenco fait progresser la plate-forme Kombi 2, dont l&#8217;exploitation devrait d\u00e9marrer d\u00e9but 2026.<\/p>\n\n\n\n<p>Wing Wah se pr\u00e9pare \u00e9galement \u00e0 augmenter sa production avec la signature en septembre 2025 d&#8217;un accord de 23 milliards de dollars sur les hydrocarbures pour le d\u00e9veloppement des permis Bango Kayo, Holmoni et Cayo. L&#8217;accord vise \u00e0 porter la production de l&#8217;ensemble des permis \u00e0 plus de 1,3 milliard de barils d&#8217;ici 2050. Cette reprise en amont intervient \u00e0 un moment o\u00f9 l&#8217;Afrique centrale est confront\u00e9e \u00e0 une demande croissante en approvisionnement \u00e9nerg\u00e9tique s\u00fbr. La croissance de la production du Congo renforce la capacit\u00e9 de la r\u00e9gion \u00e0 respecter ses engagements en mati\u00e8re d&#8217;exportation et \u00e0 r\u00e9pondre aux besoins nationaux.<\/p>\n\n\n\n<p><strong>La r\u00e9glementation stimule les opportunit\u00e9s<\/strong><\/p>\n\n\n\n<p>La dynamique en amont de la R\u00e9publique du Congo est aliment\u00e9e par des cadres politiques. Dans le secteur gazier, le pays est en train d&#8217;\u00e9laborer un plan directeur pour le gaz, qui offre un cadre de d\u00e9veloppement clair pour ce secteur. S&#8217;exprimant lors de l&#8217;African Energy Week (AEW) 2025, le ministre des Hydrocarbures du pays, Bruno Jean-Richard Itoua, a \u00e9galement annonc\u00e9 que le nouveau code gazier du Congo serait lanc\u00e9 cette ann\u00e9e, apportant plus de clart\u00e9 et assurant une gouvernance \u00e0 long terme. Ces politiques compl\u00e8tent le lancement pr\u00e9vu d&#8217;un cycle d&#8217;octroi de licences. Bien qu&#8217;il ait pris du retard, le prochain cycle devrait offrir des opportunit\u00e9s strat\u00e9giques, favorisant les incursions des acteurs internationaux. Des plateformes telles que l&#8217;AEW, qui revient au Cap du 12 au 16 octobre 2026, soutiennent davantage les investissements \u00e9trangers en promouvant les opportunit\u00e9s, en mettant en relation les acteurs et en pr\u00e9sentant la strat\u00e9gie \u00e9nerg\u00e9tique du Congo \u00e0 un public mondial.<\/p>\n\n\n\n<p>\u00ab La R\u00e9publique du Congo montre au continent ce qu&#8217;il est possible de r\u00e9aliser lorsque l&#8217;on combine la volont\u00e9 politique, des partenariats solides et un engagement \u00e0 mon\u00e9tiser les ressources dont on dispose aujourd&#8217;hui, et non dans dix ans. Des milliards de dollars d&#8217;opportunit\u00e9s dans le secteur du p\u00e9trole et du gaz sont en train d&#8217;\u00eatre d\u00e9bloqu\u00e9s et le succ\u00e8s du Congo renforce l&#8217;ensemble de la r\u00e9gion d&#8217;Afrique centrale. C&#8217;est le type de d\u00e9veloppement audacieux dont l&#8217;Afrique a besoin \u00bb, d\u00e9clare NJ Ayuk, pr\u00e9sident ex\u00e9cutif de la Chambre africaine de l&#8217;\u00e9nergie.<\/p>\n\n\n\n<p><strong>SOURCE<br>African Energy Chamber<\/strong><\/p>\n","protected":false},"excerpt":{"rendered":"<p>Avec le d\u00e9marrage de la phase 2 du projet Congo LNG, le Congo se pr\u00e9pare \u00e0 une croissance acc\u00e9l\u00e9r\u00e9e en amont. La R\u00e9publique du Congo entre dans une p\u00e9riode de croissance rapide, avec une expansion en amont dans les secteurs du p\u00e9trole et du gaz naturel qui positionne le pays<\/p>\n","protected":false},"author":3,"featured_media":10377,"comment_status":"closed","ping_status":"open","sticky":false,"template":"","format":"standard","meta":{"colormag_page_container_layout":"default_layout","colormag_page_sidebar_layout":"default_layout","_jetpack_memberships_contains_paid_content":false,"footnotes":"","jetpack_publicize_message":"","jetpack_publicize_feature_enabled":true,"jetpack_social_post_already_shared":true,"jetpack_social_options":{"image_generator_settings":{"template":"highway","default_image_id":0,"font":"","enabled":false},"version":2}},"categories":[52],"tags":[],"class_list":["post-10376","post","type-post","status-publish","format-standard","has-post-thumbnail","hentry","category-economie"],"magazineBlocksPostFeaturedMedia":{"thumbnail":"https:\/\/www.lejournalci.org\/wp-content\/uploads\/2025\/12\/hero-congo-lng-1_horizontal-16-9-150x150.jpg","medium":"https:\/\/www.lejournalci.org\/wp-content\/uploads\/2025\/12\/hero-congo-lng-1_horizontal-16-9-300x169.jpg","medium_large":"https:\/\/www.lejournalci.org\/wp-content\/uploads\/2025\/12\/hero-congo-lng-1_horizontal-16-9-768x432.jpg","large":"https:\/\/www.lejournalci.org\/wp-content\/uploads\/2025\/12\/hero-congo-lng-1_horizontal-16-9-1024x576.jpg","1536x1536":"https:\/\/www.lejournalci.org\/wp-content\/uploads\/2025\/12\/hero-congo-lng-1_horizontal-16-9-1536x864.jpg","2048x2048":"https:\/\/www.lejournalci.org\/wp-content\/uploads\/2025\/12\/hero-congo-lng-1_horizontal-16-9.jpg","colormag-highlighted-post":"https:\/\/www.lejournalci.org\/wp-content\/uploads\/2025\/12\/hero-congo-lng-1_horizontal-16-9-392x272.jpg","colormag-featured-post-medium":"https:\/\/www.lejournalci.org\/wp-content\/uploads\/2025\/12\/hero-congo-lng-1_horizontal-16-9-390x205.jpg","colormag-featured-post-small":"https:\/\/www.lejournalci.org\/wp-content\/uploads\/2025\/12\/hero-congo-lng-1_horizontal-16-9-130x90.jpg","colormag-featured-image":"https:\/\/www.lejournalci.org\/wp-content\/uploads\/2025\/12\/hero-congo-lng-1_horizontal-16-9-800x445.jpg","colormag-default-news":"https:\/\/www.lejournalci.org\/wp-content\/uploads\/2025\/12\/hero-congo-lng-1_horizontal-16-9-150x150.jpg","colormag-featured-image-large":"https:\/\/www.lejournalci.org\/wp-content\/uploads\/2025\/12\/hero-congo-lng-1_horizontal-16-9-1400x600.jpg"},"magazineBlocksPostAuthor":{"name":"La R\u00e9daction CI","avatar":"https:\/\/secure.gravatar.com\/avatar\/e63ab2ab378e283740d8889fbe2ec43fdcee7ac714a480d705f61cb1e5675c4c?s=96&d=mm&r=g"},"magazineBlocksPostCommentsNumber":false,"magazineBlocksPostExcerpt":"Avec le d\u00e9marrage de la phase 2 du projet Congo LNG, le Congo se pr\u00e9pare \u00e0 une croissance acc\u00e9l\u00e9r\u00e9e en amont. La R\u00e9publique du Congo entre dans une p\u00e9riode de croissance rapide, avec une expansion en amont dans les secteurs du p\u00e9trole et du gaz naturel qui positionne le pays","magazineBlocksPostCategories":["ECONOMIE"],"magazineBlocksPostViewCount":363,"magazineBlocksPostReadTime":5,"magazine_blocks_featured_image_url":{"full":["https:\/\/www.lejournalci.org\/wp-content\/uploads\/2025\/12\/hero-congo-lng-1_horizontal-16-9.jpg",1920,1080,false],"medium":["https:\/\/www.lejournalci.org\/wp-content\/uploads\/2025\/12\/hero-congo-lng-1_horizontal-16-9-300x169.jpg",300,169,true],"thumbnail":["https:\/\/www.lejournalci.org\/wp-content\/uploads\/2025\/12\/hero-congo-lng-1_horizontal-16-9-150x150.jpg",150,150,true]},"magazine_blocks_author":{"display_name":"La R\u00e9daction CI","author_link":"https:\/\/www.lejournalci.org\/index.php\/author\/noebricendongyahoo-fr\/"},"magazine_blocks_comment":0,"magazine_blocks_author_image":"https:\/\/secure.gravatar.com\/avatar\/e63ab2ab378e283740d8889fbe2ec43fdcee7ac714a480d705f61cb1e5675c4c?s=96&d=mm&r=g","magazine_blocks_category":"<a href=\"#\" class=\"category-link category-link-52\">ECONOMIE<\/a>","yoast_head":"<!-- This site is optimized with the Yoast SEO plugin v26.2 - https:\/\/yoast.com\/wordpress\/plugins\/seo\/ -->\n<title>Congo: L&#039;expansion en amont annonce une nouvelle \u00e8re pour l&#039;avenir \u00e9nerg\u00e9tique de l&#039;Afrique centrale - Cooperation Internationale<\/title>\n<meta name=\"robots\" content=\"index, follow, max-snippet:-1, max-image-preview:large, max-video-preview:-1\" \/>\n<link rel=\"canonical\" href=\"https:\/\/www.lejournalci.org\/index.php\/2025\/12\/05\/congo-lexpansion-en-amont-annonce-une-nouvelle-ere-pour-lavenir-energetique-de-lafrique-centrale\/\" \/>\n<meta property=\"og:locale\" content=\"fr_FR\" \/>\n<meta property=\"og:type\" content=\"article\" \/>\n<meta property=\"og:title\" content=\"Congo: L&#039;expansion en amont annonce une nouvelle \u00e8re pour l&#039;avenir \u00e9nerg\u00e9tique de l&#039;Afrique centrale - Cooperation Internationale\" \/>\n<meta property=\"og:description\" content=\"Avec le d\u00e9marrage de la phase 2 du projet Congo LNG, le Congo se pr\u00e9pare \u00e0 une croissance acc\u00e9l\u00e9r\u00e9e en amont. La R\u00e9publique du Congo entre dans une p\u00e9riode de croissance rapide, avec une expansion en amont dans les secteurs du p\u00e9trole et du gaz naturel qui positionne le pays\" \/>\n<meta property=\"og:url\" content=\"https:\/\/www.lejournalci.org\/index.php\/2025\/12\/05\/congo-lexpansion-en-amont-annonce-une-nouvelle-ere-pour-lavenir-energetique-de-lafrique-centrale\/\" \/>\n<meta property=\"og:site_name\" content=\"Cooperation Internationale\" \/>\n<meta property=\"article:publisher\" content=\"https:\/\/www.facebook.com\/journalCI\/\" \/>\n<meta property=\"article:published_time\" content=\"2025-12-05T07:12:31+00:00\" \/>\n<meta property=\"article:modified_time\" content=\"2025-12-05T07:12:32+00:00\" \/>\n<meta property=\"og:image\" content=\"https:\/\/www.lejournalci.org\/wp-content\/uploads\/2025\/12\/hero-congo-lng-1_horizontal-16-9.jpg\" \/>\n\t<meta property=\"og:image:width\" content=\"1920\" \/>\n\t<meta property=\"og:image:height\" content=\"1080\" \/>\n\t<meta property=\"og:image:type\" content=\"image\/jpeg\" \/>\n<meta name=\"author\" content=\"La R\u00e9daction CI\" \/>\n<meta name=\"twitter:card\" content=\"summary_large_image\" \/>\n<meta name=\"twitter:creator\" content=\"@lejournalc\" \/>\n<meta name=\"twitter:site\" content=\"@lejournalc\" \/>\n<meta name=\"twitter:label1\" content=\"\u00c9crit par\" \/>\n\t<meta name=\"twitter:data1\" content=\"La R\u00e9daction CI\" \/>\n\t<meta name=\"twitter:label2\" content=\"Dur\u00e9e de lecture estim\u00e9e\" \/>\n\t<meta name=\"twitter:data2\" content=\"5 minutes\" \/>\n<script type=\"application\/ld+json\" class=\"yoast-schema-graph\">{\"@context\":\"https:\/\/schema.org\",\"@graph\":[{\"@type\":\"Article\",\"@id\":\"https:\/\/www.lejournalci.org\/index.php\/2025\/12\/05\/congo-lexpansion-en-amont-annonce-une-nouvelle-ere-pour-lavenir-energetique-de-lafrique-centrale\/#article\",\"isPartOf\":{\"@id\":\"https:\/\/www.lejournalci.org\/index.php\/2025\/12\/05\/congo-lexpansion-en-amont-annonce-une-nouvelle-ere-pour-lavenir-energetique-de-lafrique-centrale\/\"},\"author\":{\"name\":\"La R\u00e9daction CI\",\"@id\":\"https:\/\/www.lejournalci.org\/#\/schema\/person\/2efe42dc5459aaaf6d89cb27e736002b\"},\"headline\":\"Congo: L&#8217;expansion en amont annonce une nouvelle \u00e8re pour l&#8217;avenir \u00e9nerg\u00e9tique de l&#8217;Afrique centrale\",\"datePublished\":\"2025-12-05T07:12:31+00:00\",\"dateModified\":\"2025-12-05T07:12:32+00:00\",\"mainEntityOfPage\":{\"@id\":\"https:\/\/www.lejournalci.org\/index.php\/2025\/12\/05\/congo-lexpansion-en-amont-annonce-une-nouvelle-ere-pour-lavenir-energetique-de-lafrique-centrale\/\"},\"wordCount\":947,\"publisher\":{\"@id\":\"https:\/\/www.lejournalci.org\/#organization\"},\"image\":{\"@id\":\"https:\/\/www.lejournalci.org\/index.php\/2025\/12\/05\/congo-lexpansion-en-amont-annonce-une-nouvelle-ere-pour-lavenir-energetique-de-lafrique-centrale\/#primaryimage\"},\"thumbnailUrl\":\"https:\/\/www.lejournalci.org\/wp-content\/uploads\/2025\/12\/hero-congo-lng-1_horizontal-16-9.jpg\",\"articleSection\":[\"ECONOMIE\"],\"inLanguage\":\"fr-FR\"},{\"@type\":\"WebPage\",\"@id\":\"https:\/\/www.lejournalci.org\/index.php\/2025\/12\/05\/congo-lexpansion-en-amont-annonce-une-nouvelle-ere-pour-lavenir-energetique-de-lafrique-centrale\/\",\"url\":\"https:\/\/www.lejournalci.org\/index.php\/2025\/12\/05\/congo-lexpansion-en-amont-annonce-une-nouvelle-ere-pour-lavenir-energetique-de-lafrique-centrale\/\",\"name\":\"Congo: L'expansion en amont annonce une nouvelle \u00e8re pour l'avenir \u00e9nerg\u00e9tique de l'Afrique centrale - Cooperation Internationale\",\"isPartOf\":{\"@id\":\"https:\/\/www.lejournalci.org\/#website\"},\"primaryImageOfPage\":{\"@id\":\"https:\/\/www.lejournalci.org\/index.php\/2025\/12\/05\/congo-lexpansion-en-amont-annonce-une-nouvelle-ere-pour-lavenir-energetique-de-lafrique-centrale\/#primaryimage\"},\"image\":{\"@id\":\"https:\/\/www.lejournalci.org\/index.php\/2025\/12\/05\/congo-lexpansion-en-amont-annonce-une-nouvelle-ere-pour-lavenir-energetique-de-lafrique-centrale\/#primaryimage\"},\"thumbnailUrl\":\"https:\/\/www.lejournalci.org\/wp-content\/uploads\/2025\/12\/hero-congo-lng-1_horizontal-16-9.jpg\",\"datePublished\":\"2025-12-05T07:12:31+00:00\",\"dateModified\":\"2025-12-05T07:12:32+00:00\",\"breadcrumb\":{\"@id\":\"https:\/\/www.lejournalci.org\/index.php\/2025\/12\/05\/congo-lexpansion-en-amont-annonce-une-nouvelle-ere-pour-lavenir-energetique-de-lafrique-centrale\/#breadcrumb\"},\"inLanguage\":\"fr-FR\",\"potentialAction\":[{\"@type\":\"ReadAction\",\"target\":[\"https:\/\/www.lejournalci.org\/index.php\/2025\/12\/05\/congo-lexpansion-en-amont-annonce-une-nouvelle-ere-pour-lavenir-energetique-de-lafrique-centrale\/\"]}]},{\"@type\":\"ImageObject\",\"inLanguage\":\"fr-FR\",\"@id\":\"https:\/\/www.lejournalci.org\/index.php\/2025\/12\/05\/congo-lexpansion-en-amont-annonce-une-nouvelle-ere-pour-lavenir-energetique-de-lafrique-centrale\/#primaryimage\",\"url\":\"https:\/\/www.lejournalci.org\/wp-content\/uploads\/2025\/12\/hero-congo-lng-1_horizontal-16-9.jpg\",\"contentUrl\":\"https:\/\/www.lejournalci.org\/wp-content\/uploads\/2025\/12\/hero-congo-lng-1_horizontal-16-9.jpg\",\"width\":1920,\"height\":1080},{\"@type\":\"BreadcrumbList\",\"@id\":\"https:\/\/www.lejournalci.org\/index.php\/2025\/12\/05\/congo-lexpansion-en-amont-annonce-une-nouvelle-ere-pour-lavenir-energetique-de-lafrique-centrale\/#breadcrumb\",\"itemListElement\":[{\"@type\":\"ListItem\",\"position\":1,\"name\":\"Accueil\",\"item\":\"https:\/\/www.lejournalci.org\/\"},{\"@type\":\"ListItem\",\"position\":2,\"name\":\"Congo: L&#8217;expansion en amont annonce une nouvelle \u00e8re pour l&#8217;avenir \u00e9nerg\u00e9tique de l&#8217;Afrique centrale\"}]},{\"@type\":\"WebSite\",\"@id\":\"https:\/\/www.lejournalci.org\/#website\",\"url\":\"https:\/\/www.lejournalci.org\/\",\"name\":\"Cooperation Internationale\",\"description\":\"Faire de la Coop\u00e9ration un Puissant Instrument de D\u00e9veloppement\",\"publisher\":{\"@id\":\"https:\/\/www.lejournalci.org\/#organization\"},\"potentialAction\":[{\"@type\":\"SearchAction\",\"target\":{\"@type\":\"EntryPoint\",\"urlTemplate\":\"https:\/\/www.lejournalci.org\/?s={search_term_string}\"},\"query-input\":{\"@type\":\"PropertyValueSpecification\",\"valueRequired\":true,\"valueName\":\"search_term_string\"}}],\"inLanguage\":\"fr-FR\"},{\"@type\":\"Organization\",\"@id\":\"https:\/\/www.lejournalci.org\/#organization\",\"name\":\"Cooperation Internationale\",\"url\":\"https:\/\/www.lejournalci.org\/\",\"logo\":{\"@type\":\"ImageObject\",\"inLanguage\":\"fr-FR\",\"@id\":\"https:\/\/www.lejournalci.org\/#\/schema\/logo\/image\/\",\"url\":\"https:\/\/www.lejournalci.org\/wp-content\/uploads\/2024\/12\/logo-coopint_HD_3.jpg\",\"contentUrl\":\"https:\/\/www.lejournalci.org\/wp-content\/uploads\/2024\/12\/logo-coopint_HD_3.jpg\",\"width\":700,\"height\":214,\"caption\":\"Cooperation Internationale\"},\"image\":{\"@id\":\"https:\/\/www.lejournalci.org\/#\/schema\/logo\/image\/\"},\"sameAs\":[\"https:\/\/www.facebook.com\/journalCI\/\",\"https:\/\/x.com\/lejournalc\"]},{\"@type\":\"Person\",\"@id\":\"https:\/\/www.lejournalci.org\/#\/schema\/person\/2efe42dc5459aaaf6d89cb27e736002b\",\"name\":\"La R\u00e9daction CI\",\"image\":{\"@type\":\"ImageObject\",\"inLanguage\":\"fr-FR\",\"@id\":\"https:\/\/www.lejournalci.org\/#\/schema\/person\/image\/\",\"url\":\"https:\/\/secure.gravatar.com\/avatar\/e63ab2ab378e283740d8889fbe2ec43fdcee7ac714a480d705f61cb1e5675c4c?s=96&d=mm&r=g\",\"contentUrl\":\"https:\/\/secure.gravatar.com\/avatar\/e63ab2ab378e283740d8889fbe2ec43fdcee7ac714a480d705f61cb1e5675c4c?s=96&d=mm&r=g\",\"caption\":\"La R\u00e9daction CI\"},\"url\":\"https:\/\/www.lejournalci.org\/index.php\/author\/noebricendongyahoo-fr\/\"}]}<\/script>\n<!-- \/ Yoast SEO plugin. -->","yoast_head_json":{"title":"Congo: L'expansion en amont annonce une nouvelle \u00e8re pour l'avenir \u00e9nerg\u00e9tique de l'Afrique centrale - Cooperation Internationale","robots":{"index":"index","follow":"follow","max-snippet":"max-snippet:-1","max-image-preview":"max-image-preview:large","max-video-preview":"max-video-preview:-1"},"canonical":"https:\/\/www.lejournalci.org\/index.php\/2025\/12\/05\/congo-lexpansion-en-amont-annonce-une-nouvelle-ere-pour-lavenir-energetique-de-lafrique-centrale\/","og_locale":"fr_FR","og_type":"article","og_title":"Congo: L'expansion en amont annonce une nouvelle \u00e8re pour l'avenir \u00e9nerg\u00e9tique de l'Afrique centrale - Cooperation Internationale","og_description":"Avec le d\u00e9marrage de la phase 2 du projet Congo LNG, le Congo se pr\u00e9pare \u00e0 une croissance acc\u00e9l\u00e9r\u00e9e en amont. La R\u00e9publique du Congo entre dans une p\u00e9riode de croissance rapide, avec une expansion en amont dans les secteurs du p\u00e9trole et du gaz naturel qui positionne le pays","og_url":"https:\/\/www.lejournalci.org\/index.php\/2025\/12\/05\/congo-lexpansion-en-amont-annonce-une-nouvelle-ere-pour-lavenir-energetique-de-lafrique-centrale\/","og_site_name":"Cooperation Internationale","article_publisher":"https:\/\/www.facebook.com\/journalCI\/","article_published_time":"2025-12-05T07:12:31+00:00","article_modified_time":"2025-12-05T07:12:32+00:00","og_image":[{"width":1920,"height":1080,"url":"https:\/\/www.lejournalci.org\/wp-content\/uploads\/2025\/12\/hero-congo-lng-1_horizontal-16-9.jpg","type":"image\/jpeg"}],"author":"La R\u00e9daction CI","twitter_card":"summary_large_image","twitter_creator":"@lejournalc","twitter_site":"@lejournalc","twitter_misc":{"\u00c9crit par":"La R\u00e9daction CI","Dur\u00e9e de lecture estim\u00e9e":"5 minutes"},"schema":{"@context":"https:\/\/schema.org","@graph":[{"@type":"Article","@id":"https:\/\/www.lejournalci.org\/index.php\/2025\/12\/05\/congo-lexpansion-en-amont-annonce-une-nouvelle-ere-pour-lavenir-energetique-de-lafrique-centrale\/#article","isPartOf":{"@id":"https:\/\/www.lejournalci.org\/index.php\/2025\/12\/05\/congo-lexpansion-en-amont-annonce-une-nouvelle-ere-pour-lavenir-energetique-de-lafrique-centrale\/"},"author":{"name":"La R\u00e9daction CI","@id":"https:\/\/www.lejournalci.org\/#\/schema\/person\/2efe42dc5459aaaf6d89cb27e736002b"},"headline":"Congo: L&#8217;expansion en amont annonce une nouvelle \u00e8re pour l&#8217;avenir \u00e9nerg\u00e9tique de l&#8217;Afrique centrale","datePublished":"2025-12-05T07:12:31+00:00","dateModified":"2025-12-05T07:12:32+00:00","mainEntityOfPage":{"@id":"https:\/\/www.lejournalci.org\/index.php\/2025\/12\/05\/congo-lexpansion-en-amont-annonce-une-nouvelle-ere-pour-lavenir-energetique-de-lafrique-centrale\/"},"wordCount":947,"publisher":{"@id":"https:\/\/www.lejournalci.org\/#organization"},"image":{"@id":"https:\/\/www.lejournalci.org\/index.php\/2025\/12\/05\/congo-lexpansion-en-amont-annonce-une-nouvelle-ere-pour-lavenir-energetique-de-lafrique-centrale\/#primaryimage"},"thumbnailUrl":"https:\/\/www.lejournalci.org\/wp-content\/uploads\/2025\/12\/hero-congo-lng-1_horizontal-16-9.jpg","articleSection":["ECONOMIE"],"inLanguage":"fr-FR"},{"@type":"WebPage","@id":"https:\/\/www.lejournalci.org\/index.php\/2025\/12\/05\/congo-lexpansion-en-amont-annonce-une-nouvelle-ere-pour-lavenir-energetique-de-lafrique-centrale\/","url":"https:\/\/www.lejournalci.org\/index.php\/2025\/12\/05\/congo-lexpansion-en-amont-annonce-une-nouvelle-ere-pour-lavenir-energetique-de-lafrique-centrale\/","name":"Congo: L'expansion en amont annonce une nouvelle \u00e8re pour l'avenir \u00e9nerg\u00e9tique de l'Afrique centrale - Cooperation Internationale","isPartOf":{"@id":"https:\/\/www.lejournalci.org\/#website"},"primaryImageOfPage":{"@id":"https:\/\/www.lejournalci.org\/index.php\/2025\/12\/05\/congo-lexpansion-en-amont-annonce-une-nouvelle-ere-pour-lavenir-energetique-de-lafrique-centrale\/#primaryimage"},"image":{"@id":"https:\/\/www.lejournalci.org\/index.php\/2025\/12\/05\/congo-lexpansion-en-amont-annonce-une-nouvelle-ere-pour-lavenir-energetique-de-lafrique-centrale\/#primaryimage"},"thumbnailUrl":"https:\/\/www.lejournalci.org\/wp-content\/uploads\/2025\/12\/hero-congo-lng-1_horizontal-16-9.jpg","datePublished":"2025-12-05T07:12:31+00:00","dateModified":"2025-12-05T07:12:32+00:00","breadcrumb":{"@id":"https:\/\/www.lejournalci.org\/index.php\/2025\/12\/05\/congo-lexpansion-en-amont-annonce-une-nouvelle-ere-pour-lavenir-energetique-de-lafrique-centrale\/#breadcrumb"},"inLanguage":"fr-FR","potentialAction":[{"@type":"ReadAction","target":["https:\/\/www.lejournalci.org\/index.php\/2025\/12\/05\/congo-lexpansion-en-amont-annonce-une-nouvelle-ere-pour-lavenir-energetique-de-lafrique-centrale\/"]}]},{"@type":"ImageObject","inLanguage":"fr-FR","@id":"https:\/\/www.lejournalci.org\/index.php\/2025\/12\/05\/congo-lexpansion-en-amont-annonce-une-nouvelle-ere-pour-lavenir-energetique-de-lafrique-centrale\/#primaryimage","url":"https:\/\/www.lejournalci.org\/wp-content\/uploads\/2025\/12\/hero-congo-lng-1_horizontal-16-9.jpg","contentUrl":"https:\/\/www.lejournalci.org\/wp-content\/uploads\/2025\/12\/hero-congo-lng-1_horizontal-16-9.jpg","width":1920,"height":1080},{"@type":"BreadcrumbList","@id":"https:\/\/www.lejournalci.org\/index.php\/2025\/12\/05\/congo-lexpansion-en-amont-annonce-une-nouvelle-ere-pour-lavenir-energetique-de-lafrique-centrale\/#breadcrumb","itemListElement":[{"@type":"ListItem","position":1,"name":"Accueil","item":"https:\/\/www.lejournalci.org\/"},{"@type":"ListItem","position":2,"name":"Congo: L&#8217;expansion en amont annonce une nouvelle \u00e8re pour l&#8217;avenir \u00e9nerg\u00e9tique de l&#8217;Afrique centrale"}]},{"@type":"WebSite","@id":"https:\/\/www.lejournalci.org\/#website","url":"https:\/\/www.lejournalci.org\/","name":"Cooperation Internationale","description":"Faire de la Coop\u00e9ration un Puissant Instrument de D\u00e9veloppement","publisher":{"@id":"https:\/\/www.lejournalci.org\/#organization"},"potentialAction":[{"@type":"SearchAction","target":{"@type":"EntryPoint","urlTemplate":"https:\/\/www.lejournalci.org\/?s={search_term_string}"},"query-input":{"@type":"PropertyValueSpecification","valueRequired":true,"valueName":"search_term_string"}}],"inLanguage":"fr-FR"},{"@type":"Organization","@id":"https:\/\/www.lejournalci.org\/#organization","name":"Cooperation Internationale","url":"https:\/\/www.lejournalci.org\/","logo":{"@type":"ImageObject","inLanguage":"fr-FR","@id":"https:\/\/www.lejournalci.org\/#\/schema\/logo\/image\/","url":"https:\/\/www.lejournalci.org\/wp-content\/uploads\/2024\/12\/logo-coopint_HD_3.jpg","contentUrl":"https:\/\/www.lejournalci.org\/wp-content\/uploads\/2024\/12\/logo-coopint_HD_3.jpg","width":700,"height":214,"caption":"Cooperation Internationale"},"image":{"@id":"https:\/\/www.lejournalci.org\/#\/schema\/logo\/image\/"},"sameAs":["https:\/\/www.facebook.com\/journalCI\/","https:\/\/x.com\/lejournalc"]},{"@type":"Person","@id":"https:\/\/www.lejournalci.org\/#\/schema\/person\/2efe42dc5459aaaf6d89cb27e736002b","name":"La R\u00e9daction CI","image":{"@type":"ImageObject","inLanguage":"fr-FR","@id":"https:\/\/www.lejournalci.org\/#\/schema\/person\/image\/","url":"https:\/\/secure.gravatar.com\/avatar\/e63ab2ab378e283740d8889fbe2ec43fdcee7ac714a480d705f61cb1e5675c4c?s=96&d=mm&r=g","contentUrl":"https:\/\/secure.gravatar.com\/avatar\/e63ab2ab378e283740d8889fbe2ec43fdcee7ac714a480d705f61cb1e5675c4c?s=96&d=mm&r=g","caption":"La R\u00e9daction CI"},"url":"https:\/\/www.lejournalci.org\/index.php\/author\/noebricendongyahoo-fr\/"}]}},"jetpack_publicize_connections":[],"jetpack_featured_media_url":"https:\/\/www.lejournalci.org\/wp-content\/uploads\/2025\/12\/hero-congo-lng-1_horizontal-16-9.jpg","jetpack_sharing_enabled":true,"_links":{"self":[{"href":"https:\/\/www.lejournalci.org\/index.php\/wp-json\/wp\/v2\/posts\/10376","targetHints":{"allow":["GET"]}}],"collection":[{"href":"https:\/\/www.lejournalci.org\/index.php\/wp-json\/wp\/v2\/posts"}],"about":[{"href":"https:\/\/www.lejournalci.org\/index.php\/wp-json\/wp\/v2\/types\/post"}],"author":[{"embeddable":true,"href":"https:\/\/www.lejournalci.org\/index.php\/wp-json\/wp\/v2\/users\/3"}],"replies":[{"embeddable":true,"href":"https:\/\/www.lejournalci.org\/index.php\/wp-json\/wp\/v2\/comments?post=10376"}],"version-history":[{"count":1,"href":"https:\/\/www.lejournalci.org\/index.php\/wp-json\/wp\/v2\/posts\/10376\/revisions"}],"predecessor-version":[{"id":10378,"href":"https:\/\/www.lejournalci.org\/index.php\/wp-json\/wp\/v2\/posts\/10376\/revisions\/10378"}],"wp:featuredmedia":[{"embeddable":true,"href":"https:\/\/www.lejournalci.org\/index.php\/wp-json\/wp\/v2\/media\/10377"}],"wp:attachment":[{"href":"https:\/\/www.lejournalci.org\/index.php\/wp-json\/wp\/v2\/media?parent=10376"}],"wp:term":[{"taxonomy":"category","embeddable":true,"href":"https:\/\/www.lejournalci.org\/index.php\/wp-json\/wp\/v2\/categories?post=10376"},{"taxonomy":"post_tag","embeddable":true,"href":"https:\/\/www.lejournalci.org\/index.php\/wp-json\/wp\/v2\/tags?post=10376"}],"curies":[{"name":"wp","href":"https:\/\/api.w.org\/{rel}","templated":true}]}}