{"id":10368,"date":"2025-12-05T04:47:32","date_gmt":"2025-12-05T04:47:32","guid":{"rendered":"https:\/\/www.lejournalci.org\/?p=10368"},"modified":"2025-12-05T04:47:34","modified_gmt":"2025-12-05T04:47:34","slug":"rdc-rwanda-tshisekedi-et-kagame-signent-un-accord-de-paix-a-washington","status":"publish","type":"post","link":"https:\/\/www.lejournalci.org\/index.php\/2025\/12\/05\/rdc-rwanda-tshisekedi-et-kagame-signent-un-accord-de-paix-a-washington\/","title":{"rendered":"RDC-Rwanda: Tshisekedi et Kagame signent un accord de paix \u00e0 Washington"},"content":{"rendered":"\n<p>La R\u00e9publique D\u00e9mocratique du Congo et le Rwanda ont sign\u00e9 ce jeudi \u00e0 Washington un accord de paix historique destin\u00e9 \u00e0 mettre fin \u00e0 la guerre et \u00e0 ouvrir des nouvelles perspectives de coop\u00e9ration r\u00e9gionale. Cette c\u00e9r\u00e9monie s\u2019est tenue sous l\u2019\u00e9gide du Pr\u00e9sident am\u00e9ricain Donald Trump.<\/p>\n\n\n\n<p>\u00ab La R\u00e9publique D\u00e9mocratique du Congo prend ici l\u2019engagement solennel de mettre en \u0153uvre, en toute sinc\u00e9rit\u00e9, l\u2019ensemble des obligations qui d\u00e9coulent de ces Accords. Nous le ferons avec s\u00e9rieux, avec rigueur et avec le souci constant de la paix, de la s\u00e9curit\u00e9 de nos populations, de l\u2019unit\u00e9 et de l\u2019int\u00e9grit\u00e9 de notre territoire. Nous esp\u00e9rons, avec le m\u00eame s\u00e9rieux, que la R\u00e9publique du Rwanda respectera, elle aussi, pleinement la lettre et l\u2019esprit des engagements pris\u00bb, a d\u00e9clar\u00e9 le Pr\u00e9sident de la R\u00e9publique F\u00e9lix-Antoine Tshisekedi Tshilombo.<\/p>\n\n\n\n<h2 class=\"wp-block-heading\"><strong>Une c\u00e9r\u00e9monie marqu\u00e9e par une forte pr\u00e9sence africaine et internationale<\/strong><\/h2>\n\n\n\n<p>La c\u00e9r\u00e9monie de signature des Accords de Washington s\u2019est d\u00e9roul\u00e9e en pr\u00e9sence d\u2019une large d\u00e9l\u00e9gation africaine et internationale. Parmi les dirigeants figuraient les pr\u00e9sidents de l\u2019Angola, du Burundi et du Kenya, William Ruto, le pr\u00e9sident du Conseil des ministres du Togo, le vice-pr\u00e9sident de l\u2019Ouganda, ainsi que les ministres des Affaires \u00e9trang\u00e8res du Qatar et des \u00c9mirats arabes unis. Le pr\u00e9sident de la Commission de l\u2019Union africaine y a \u00e9galement pris part.<\/p>\n\n\n\n<p>C\u00f4t\u00e9 am\u00e9ricain, \u00e9taient pr\u00e9sents le secr\u00e9taire d\u2019\u00c9tat Marco Rubio, le conseiller principal pour l\u2019Afrique Massad Boulos, les s\u00e9nateurs Mike Rounds et Lindsey Graham, les repr\u00e9sentants Ronny Jackson, Chris Smith et Trent Kelly, ainsi que Darren Beattie, pr\u00e9sident par int\u00e9rim de l\u2019Institut pour la paix.<\/p>\n\n\n\n<h2 class=\"wp-block-heading\"><strong>Trump salue un \u00ab succ\u00e8s historique \u00bb<\/strong><\/h2>\n\n\n\n<p>Dans son allocution, Donald Trump a salu\u00e9 la port\u00e9e de l\u2019accord qui met fin \u00e0 un conflit vieux de plus de 30 ans. \u00ab&nbsp;<em>Des familles ont \u00e9t\u00e9 d\u00e9truites. Cela a \u00e9t\u00e9 un d\u00e9sastre<\/em>&nbsp;\u00bb, a-t-il d\u00e9clar\u00e9, soulignant que de nombreuses administrations avaient tent\u00e9, sans succ\u00e8s, de r\u00e9soudre cette crise.<\/p>\n\n\n\n<p>Le pr\u00e9sident am\u00e9ricain a pr\u00e9sent\u00e9 ces Accords de Washington comme \u00ab&nbsp;<em>la huiti\u00e8me guerre que nous avons termin\u00e9e en moins d\u2019un an<\/em>&nbsp;\u00bb, rendant hommage aux pr\u00e9sidents F\u00e9lix Tshisekedi et Paul Kagame, qu\u2019il a qualifi\u00e9s de \u00ab&nbsp;<em>leaders courageux<\/em>&nbsp;\u00bb. Trump a ajout\u00e9 que cet accord formalisait les engagements pris en juin dernier gr\u00e2ce aux efforts du secr\u00e9taire d\u2019\u00c9tat Marco Rubio et de son conseiller Massad Boulos.<\/p>\n\n\n\n<h2 class=\"wp-block-heading\"><strong>Kagame rend hommage \u00e0 l\u2019initiative am\u00e9ricaine<\/strong><\/h2>\n\n\n\n<p>Le pr\u00e9sident rwandais Paul Kagame a exprim\u00e9 sa profonde gratitude envers Donald Trump, estimant qu\u2019aucune administration avant lui n\u2019avait r\u00e9ussi \u00e0 amener les parties \u00e0 un accord. \u00ab&nbsp;<em>Notre r\u00e9gion est loin des gros titres<\/em>&nbsp;\u00bb, a-t-il observ\u00e9, tout en saluant \u00ab&nbsp;<em>l\u2019approche \u00e9quitable et pragmatique<\/em>&nbsp;\u00bb de Trump.<\/p>\n\n\n\n<p>Kagame a reconnu que le conflit avait r\u00e9sist\u00e9 \u00e0 \u00ab&nbsp;<em>un nombre incalculable de m\u00e9diations<\/em>&nbsp;\u00bb, avant de souligner que cette fois, \u00ab&nbsp;<em>les choses ont \u00e9t\u00e9 faites autrement<\/em>&nbsp;\u00bb. Il a \u00e9galement remerci\u00e9 Marco Rubio et Massad Boulos, affirmant que leurs efforts avaient \u00e9t\u00e9 d\u00e9terminants.<\/p>\n\n\n\n<figure class=\"wp-block-image size-full\"><img loading=\"lazy\" decoding=\"async\" width=\"854\" height=\"480\" src=\"https:\/\/www.lejournalci.org\/wp-content\/uploads\/2025\/12\/1001514952-edited.jpg\" alt=\"\" class=\"wp-image-10371\" srcset=\"https:\/\/www.lejournalci.org\/wp-content\/uploads\/2025\/12\/1001514952-edited.jpg 854w, https:\/\/www.lejournalci.org\/wp-content\/uploads\/2025\/12\/1001514952-edited-300x169.jpg 300w, https:\/\/www.lejournalci.org\/wp-content\/uploads\/2025\/12\/1001514952-edited-768x432.jpg 768w\" sizes=\"auto, (max-width: 854px) 100vw, 854px\" \/><figcaption class=\"wp-element-caption\">F\u00e9lix Tshisekedi, Trump et Kagame \u00e0 la Maison Blanche 04\/12\/2025\u00a9 Photo RDC<\/figcaption><\/figure>\n\n\n\n<p>Peu avant la signature de l\u2019Accord de Paix , le pr\u00e9sident de la R\u00e9publique D\u00e9mocratique du Congo  a \u00e9t\u00e9 re\u00e7u \u00e0 la Maison Blanche par son homologue Donald Trump.<\/p>\n\n\n\n<p>Les deux chefs d\u2019Etat ont \u00e9chang\u00e9 sur les contours de l\u2019Accord de Paix de Washington et sur le partenariat strat\u00e9gique entre la RDC et les USA.<br>Dans le bureau oval de la Maison Blanche , F\u00e9lix Tshisekedi a aussi particip\u00e9 \u00e0 une rencontre trilat\u00e9rale aux c\u00f4t\u00e9s des pr\u00e9sidents Donald J Trump et Paul Kagame.<\/p>\n","protected":false},"excerpt":{"rendered":"<p>La R\u00e9publique D\u00e9mocratique du Congo et le Rwanda ont sign\u00e9 ce jeudi \u00e0 Washington un accord de paix historique destin\u00e9 \u00e0 mettre fin \u00e0 la guerre et \u00e0 ouvrir des nouvelles perspectives de coop\u00e9ration r\u00e9gionale. Cette c\u00e9r\u00e9monie s\u2019est tenue sous l\u2019\u00e9gide du Pr\u00e9sident am\u00e9ricain Donald Trump. \u00ab La R\u00e9publique D\u00e9mocratique<\/p>\n","protected":false},"author":3,"featured_media":10374,"comment_status":"closed","ping_status":"open","sticky":false,"template":"","format":"standard","meta":{"colormag_page_container_layout":"default_layout","colormag_page_sidebar_layout":"default_layout","_jetpack_memberships_contains_paid_content":false,"footnotes":"","jetpack_publicize_message":"","jetpack_publicize_feature_enabled":true,"jetpack_social_post_already_shared":true,"jetpack_social_options":{"image_generator_settings":{"template":"highway","default_image_id":0,"font":"","enabled":false},"version":2}},"categories":[51],"tags":[],"class_list":["post-10368","post","type-post","status-publish","format-standard","has-post-thumbnail","hentry","category-diplomatie"],"magazineBlocksPostFeaturedMedia":{"thumbnail":"https:\/\/www.lejournalci.org\/wp-content\/uploads\/2025\/12\/1001514937-edited-1-150x150.jpg","medium":"https:\/\/www.lejournalci.org\/wp-content\/uploads\/2025\/12\/1001514937-edited-1-300x169.jpg","medium_large":"https:\/\/www.lejournalci.org\/wp-content\/uploads\/2025\/12\/1001514937-edited-1-768x432.jpg","large":"https:\/\/www.lejournalci.org\/wp-content\/uploads\/2025\/12\/1001514937-edited-1-1024x576.jpg","1536x1536":"https:\/\/www.lejournalci.org\/wp-content\/uploads\/2025\/12\/1001514937-edited-1.jpg","2048x2048":"https:\/\/www.lejournalci.org\/wp-content\/uploads\/2025\/12\/1001514937-edited-1.jpg","colormag-highlighted-post":"https:\/\/www.lejournalci.org\/wp-content\/uploads\/2025\/12\/1001514937-edited-1-392x272.jpg","colormag-featured-post-medium":"https:\/\/www.lejournalci.org\/wp-content\/uploads\/2025\/12\/1001514937-edited-1-390x205.jpg","colormag-featured-post-small":"https:\/\/www.lejournalci.org\/wp-content\/uploads\/2025\/12\/1001514937-edited-1-130x90.jpg","colormag-featured-image":"https:\/\/www.lejournalci.org\/wp-content\/uploads\/2025\/12\/1001514937-edited-1-800x445.jpg","colormag-default-news":"https:\/\/www.lejournalci.org\/wp-content\/uploads\/2025\/12\/1001514937-edited-1-150x150.jpg","colormag-featured-image-large":"https:\/\/www.lejournalci.org\/wp-content\/uploads\/2025\/12\/1001514937-edited-1-1364x600.jpg"},"magazineBlocksPostAuthor":{"name":"La R\u00e9daction CI","avatar":"https:\/\/secure.gravatar.com\/avatar\/e63ab2ab378e283740d8889fbe2ec43fdcee7ac714a480d705f61cb1e5675c4c?s=96&d=mm&r=g"},"magazineBlocksPostCommentsNumber":false,"magazineBlocksPostExcerpt":"La R\u00e9publique D\u00e9mocratique du Congo et le Rwanda ont sign\u00e9 ce jeudi \u00e0 Washington un accord de paix historique destin\u00e9 \u00e0 mettre fin \u00e0 la guerre et \u00e0 ouvrir des nouvelles perspectives de coop\u00e9ration r\u00e9gionale. Cette c\u00e9r\u00e9monie s\u2019est tenue sous l\u2019\u00e9gide du Pr\u00e9sident am\u00e9ricain Donald Trump. \u00ab La R\u00e9publique D\u00e9mocratique","magazineBlocksPostCategories":["DIPLOMATIE"],"magazineBlocksPostViewCount":1357,"magazineBlocksPostReadTime":4,"magazine_blocks_featured_image_url":{"full":["https:\/\/www.lejournalci.org\/wp-content\/uploads\/2025\/12\/1001514937-edited-1.jpg",1364,767,false],"medium":["https:\/\/www.lejournalci.org\/wp-content\/uploads\/2025\/12\/1001514937-edited-1-300x169.jpg",300,169,true],"thumbnail":["https:\/\/www.lejournalci.org\/wp-content\/uploads\/2025\/12\/1001514937-edited-1-150x150.jpg",150,150,true]},"magazine_blocks_author":{"display_name":"La R\u00e9daction CI","author_link":"https:\/\/www.lejournalci.org\/index.php\/author\/noebricendongyahoo-fr\/"},"magazine_blocks_comment":0,"magazine_blocks_author_image":"https:\/\/secure.gravatar.com\/avatar\/e63ab2ab378e283740d8889fbe2ec43fdcee7ac714a480d705f61cb1e5675c4c?s=96&d=mm&r=g","magazine_blocks_category":"<a href=\"#\" class=\"category-link category-link-51\">DIPLOMATIE<\/a>","yoast_head":"<!-- This site is optimized with the Yoast SEO plugin v26.2 - https:\/\/yoast.com\/wordpress\/plugins\/seo\/ -->\n<title>RDC-Rwanda: Tshisekedi et Kagame signent un accord de paix \u00e0 Washington - Cooperation Internationale<\/title>\n<meta name=\"robots\" content=\"index, follow, max-snippet:-1, max-image-preview:large, max-video-preview:-1\" \/>\n<link rel=\"canonical\" href=\"https:\/\/www.lejournalci.org\/index.php\/2025\/12\/05\/rdc-rwanda-tshisekedi-et-kagame-signent-un-accord-de-paix-a-washington\/\" \/>\n<meta property=\"og:locale\" content=\"fr_FR\" \/>\n<meta property=\"og:type\" content=\"article\" \/>\n<meta property=\"og:title\" content=\"RDC-Rwanda: Tshisekedi et Kagame signent un accord de paix \u00e0 Washington - Cooperation Internationale\" \/>\n<meta property=\"og:description\" content=\"La R\u00e9publique D\u00e9mocratique du Congo et le Rwanda ont sign\u00e9 ce jeudi \u00e0 Washington un accord de paix historique destin\u00e9 \u00e0 mettre fin \u00e0 la guerre et \u00e0 ouvrir des nouvelles perspectives de coop\u00e9ration r\u00e9gionale. Cette c\u00e9r\u00e9monie s\u2019est tenue sous l\u2019\u00e9gide du Pr\u00e9sident am\u00e9ricain Donald Trump. \u00ab La R\u00e9publique D\u00e9mocratique\" \/>\n<meta property=\"og:url\" content=\"https:\/\/www.lejournalci.org\/index.php\/2025\/12\/05\/rdc-rwanda-tshisekedi-et-kagame-signent-un-accord-de-paix-a-washington\/\" \/>\n<meta property=\"og:site_name\" content=\"Cooperation Internationale\" \/>\n<meta property=\"article:publisher\" content=\"https:\/\/www.facebook.com\/journalCI\/\" \/>\n<meta property=\"article:published_time\" content=\"2025-12-05T04:47:32+00:00\" \/>\n<meta property=\"article:modified_time\" content=\"2025-12-05T04:47:34+00:00\" \/>\n<meta property=\"og:image\" content=\"https:\/\/www.lejournalci.org\/wp-content\/uploads\/2025\/12\/1001514937-edited-1.jpg\" \/>\n\t<meta property=\"og:image:width\" content=\"1364\" \/>\n\t<meta property=\"og:image:height\" content=\"767\" \/>\n\t<meta property=\"og:image:type\" content=\"image\/jpeg\" \/>\n<meta name=\"author\" content=\"La R\u00e9daction CI\" \/>\n<meta name=\"twitter:card\" content=\"summary_large_image\" \/>\n<meta name=\"twitter:creator\" content=\"@lejournalc\" \/>\n<meta name=\"twitter:site\" content=\"@lejournalc\" \/>\n<meta name=\"twitter:label1\" content=\"\u00c9crit par\" \/>\n\t<meta name=\"twitter:data1\" content=\"La R\u00e9daction CI\" \/>\n\t<meta name=\"twitter:label2\" content=\"Dur\u00e9e de lecture estim\u00e9e\" \/>\n\t<meta name=\"twitter:data2\" content=\"4 minutes\" \/>\n<script type=\"application\/ld+json\" class=\"yoast-schema-graph\">{\"@context\":\"https:\/\/schema.org\",\"@graph\":[{\"@type\":\"Article\",\"@id\":\"https:\/\/www.lejournalci.org\/index.php\/2025\/12\/05\/rdc-rwanda-tshisekedi-et-kagame-signent-un-accord-de-paix-a-washington\/#article\",\"isPartOf\":{\"@id\":\"https:\/\/www.lejournalci.org\/index.php\/2025\/12\/05\/rdc-rwanda-tshisekedi-et-kagame-signent-un-accord-de-paix-a-washington\/\"},\"author\":{\"name\":\"La R\u00e9daction CI\",\"@id\":\"https:\/\/www.lejournalci.org\/#\/schema\/person\/2efe42dc5459aaaf6d89cb27e736002b\"},\"headline\":\"RDC-Rwanda: Tshisekedi et Kagame signent un accord de paix \u00e0 Washington\",\"datePublished\":\"2025-12-05T04:47:32+00:00\",\"dateModified\":\"2025-12-05T04:47:34+00:00\",\"mainEntityOfPage\":{\"@id\":\"https:\/\/www.lejournalci.org\/index.php\/2025\/12\/05\/rdc-rwanda-tshisekedi-et-kagame-signent-un-accord-de-paix-a-washington\/\"},\"wordCount\":677,\"publisher\":{\"@id\":\"https:\/\/www.lejournalci.org\/#organization\"},\"image\":{\"@id\":\"https:\/\/www.lejournalci.org\/index.php\/2025\/12\/05\/rdc-rwanda-tshisekedi-et-kagame-signent-un-accord-de-paix-a-washington\/#primaryimage\"},\"thumbnailUrl\":\"https:\/\/www.lejournalci.org\/wp-content\/uploads\/2025\/12\/1001514937-edited-1.jpg\",\"articleSection\":[\"DIPLOMATIE\"],\"inLanguage\":\"fr-FR\"},{\"@type\":\"WebPage\",\"@id\":\"https:\/\/www.lejournalci.org\/index.php\/2025\/12\/05\/rdc-rwanda-tshisekedi-et-kagame-signent-un-accord-de-paix-a-washington\/\",\"url\":\"https:\/\/www.lejournalci.org\/index.php\/2025\/12\/05\/rdc-rwanda-tshisekedi-et-kagame-signent-un-accord-de-paix-a-washington\/\",\"name\":\"RDC-Rwanda: Tshisekedi et Kagame signent un accord de paix \u00e0 Washington - Cooperation Internationale\",\"isPartOf\":{\"@id\":\"https:\/\/www.lejournalci.org\/#website\"},\"primaryImageOfPage\":{\"@id\":\"https:\/\/www.lejournalci.org\/index.php\/2025\/12\/05\/rdc-rwanda-tshisekedi-et-kagame-signent-un-accord-de-paix-a-washington\/#primaryimage\"},\"image\":{\"@id\":\"https:\/\/www.lejournalci.org\/index.php\/2025\/12\/05\/rdc-rwanda-tshisekedi-et-kagame-signent-un-accord-de-paix-a-washington\/#primaryimage\"},\"thumbnailUrl\":\"https:\/\/www.lejournalci.org\/wp-content\/uploads\/2025\/12\/1001514937-edited-1.jpg\",\"datePublished\":\"2025-12-05T04:47:32+00:00\",\"dateModified\":\"2025-12-05T04:47:34+00:00\",\"breadcrumb\":{\"@id\":\"https:\/\/www.lejournalci.org\/index.php\/2025\/12\/05\/rdc-rwanda-tshisekedi-et-kagame-signent-un-accord-de-paix-a-washington\/#breadcrumb\"},\"inLanguage\":\"fr-FR\",\"potentialAction\":[{\"@type\":\"ReadAction\",\"target\":[\"https:\/\/www.lejournalci.org\/index.php\/2025\/12\/05\/rdc-rwanda-tshisekedi-et-kagame-signent-un-accord-de-paix-a-washington\/\"]}]},{\"@type\":\"ImageObject\",\"inLanguage\":\"fr-FR\",\"@id\":\"https:\/\/www.lejournalci.org\/index.php\/2025\/12\/05\/rdc-rwanda-tshisekedi-et-kagame-signent-un-accord-de-paix-a-washington\/#primaryimage\",\"url\":\"https:\/\/www.lejournalci.org\/wp-content\/uploads\/2025\/12\/1001514937-edited-1.jpg\",\"contentUrl\":\"https:\/\/www.lejournalci.org\/wp-content\/uploads\/2025\/12\/1001514937-edited-1.jpg\",\"width\":1364,\"height\":767},{\"@type\":\"BreadcrumbList\",\"@id\":\"https:\/\/www.lejournalci.org\/index.php\/2025\/12\/05\/rdc-rwanda-tshisekedi-et-kagame-signent-un-accord-de-paix-a-washington\/#breadcrumb\",\"itemListElement\":[{\"@type\":\"ListItem\",\"position\":1,\"name\":\"Accueil\",\"item\":\"https:\/\/www.lejournalci.org\/\"},{\"@type\":\"ListItem\",\"position\":2,\"name\":\"RDC-Rwanda: Tshisekedi et Kagame signent un accord de paix \u00e0 Washington\"}]},{\"@type\":\"WebSite\",\"@id\":\"https:\/\/www.lejournalci.org\/#website\",\"url\":\"https:\/\/www.lejournalci.org\/\",\"name\":\"Cooperation Internationale\",\"description\":\"Faire de la Coop\u00e9ration un Puissant Instrument de D\u00e9veloppement\",\"publisher\":{\"@id\":\"https:\/\/www.lejournalci.org\/#organization\"},\"potentialAction\":[{\"@type\":\"SearchAction\",\"target\":{\"@type\":\"EntryPoint\",\"urlTemplate\":\"https:\/\/www.lejournalci.org\/?s={search_term_string}\"},\"query-input\":{\"@type\":\"PropertyValueSpecification\",\"valueRequired\":true,\"valueName\":\"search_term_string\"}}],\"inLanguage\":\"fr-FR\"},{\"@type\":\"Organization\",\"@id\":\"https:\/\/www.lejournalci.org\/#organization\",\"name\":\"Cooperation Internationale\",\"url\":\"https:\/\/www.lejournalci.org\/\",\"logo\":{\"@type\":\"ImageObject\",\"inLanguage\":\"fr-FR\",\"@id\":\"https:\/\/www.lejournalci.org\/#\/schema\/logo\/image\/\",\"url\":\"https:\/\/www.lejournalci.org\/wp-content\/uploads\/2024\/12\/logo-coopint_HD_3.jpg\",\"contentUrl\":\"https:\/\/www.lejournalci.org\/wp-content\/uploads\/2024\/12\/logo-coopint_HD_3.jpg\",\"width\":700,\"height\":214,\"caption\":\"Cooperation Internationale\"},\"image\":{\"@id\":\"https:\/\/www.lejournalci.org\/#\/schema\/logo\/image\/\"},\"sameAs\":[\"https:\/\/www.facebook.com\/journalCI\/\",\"https:\/\/x.com\/lejournalc\"]},{\"@type\":\"Person\",\"@id\":\"https:\/\/www.lejournalci.org\/#\/schema\/person\/2efe42dc5459aaaf6d89cb27e736002b\",\"name\":\"La R\u00e9daction CI\",\"image\":{\"@type\":\"ImageObject\",\"inLanguage\":\"fr-FR\",\"@id\":\"https:\/\/www.lejournalci.org\/#\/schema\/person\/image\/\",\"url\":\"https:\/\/secure.gravatar.com\/avatar\/e63ab2ab378e283740d8889fbe2ec43fdcee7ac714a480d705f61cb1e5675c4c?s=96&d=mm&r=g\",\"contentUrl\":\"https:\/\/secure.gravatar.com\/avatar\/e63ab2ab378e283740d8889fbe2ec43fdcee7ac714a480d705f61cb1e5675c4c?s=96&d=mm&r=g\",\"caption\":\"La R\u00e9daction CI\"},\"url\":\"https:\/\/www.lejournalci.org\/index.php\/author\/noebricendongyahoo-fr\/\"}]}<\/script>\n<!-- \/ Yoast SEO plugin. -->","yoast_head_json":{"title":"RDC-Rwanda: Tshisekedi et Kagame signent un accord de paix \u00e0 Washington - Cooperation Internationale","robots":{"index":"index","follow":"follow","max-snippet":"max-snippet:-1","max-image-preview":"max-image-preview:large","max-video-preview":"max-video-preview:-1"},"canonical":"https:\/\/www.lejournalci.org\/index.php\/2025\/12\/05\/rdc-rwanda-tshisekedi-et-kagame-signent-un-accord-de-paix-a-washington\/","og_locale":"fr_FR","og_type":"article","og_title":"RDC-Rwanda: Tshisekedi et Kagame signent un accord de paix \u00e0 Washington - Cooperation Internationale","og_description":"La R\u00e9publique D\u00e9mocratique du Congo et le Rwanda ont sign\u00e9 ce jeudi \u00e0 Washington un accord de paix historique destin\u00e9 \u00e0 mettre fin \u00e0 la guerre et \u00e0 ouvrir des nouvelles perspectives de coop\u00e9ration r\u00e9gionale. Cette c\u00e9r\u00e9monie s\u2019est tenue sous l\u2019\u00e9gide du Pr\u00e9sident am\u00e9ricain Donald Trump. \u00ab La R\u00e9publique D\u00e9mocratique","og_url":"https:\/\/www.lejournalci.org\/index.php\/2025\/12\/05\/rdc-rwanda-tshisekedi-et-kagame-signent-un-accord-de-paix-a-washington\/","og_site_name":"Cooperation Internationale","article_publisher":"https:\/\/www.facebook.com\/journalCI\/","article_published_time":"2025-12-05T04:47:32+00:00","article_modified_time":"2025-12-05T04:47:34+00:00","og_image":[{"width":1364,"height":767,"url":"https:\/\/www.lejournalci.org\/wp-content\/uploads\/2025\/12\/1001514937-edited-1.jpg","type":"image\/jpeg"}],"author":"La R\u00e9daction CI","twitter_card":"summary_large_image","twitter_creator":"@lejournalc","twitter_site":"@lejournalc","twitter_misc":{"\u00c9crit par":"La R\u00e9daction CI","Dur\u00e9e de lecture estim\u00e9e":"4 minutes"},"schema":{"@context":"https:\/\/schema.org","@graph":[{"@type":"Article","@id":"https:\/\/www.lejournalci.org\/index.php\/2025\/12\/05\/rdc-rwanda-tshisekedi-et-kagame-signent-un-accord-de-paix-a-washington\/#article","isPartOf":{"@id":"https:\/\/www.lejournalci.org\/index.php\/2025\/12\/05\/rdc-rwanda-tshisekedi-et-kagame-signent-un-accord-de-paix-a-washington\/"},"author":{"name":"La R\u00e9daction CI","@id":"https:\/\/www.lejournalci.org\/#\/schema\/person\/2efe42dc5459aaaf6d89cb27e736002b"},"headline":"RDC-Rwanda: Tshisekedi et Kagame signent un accord de paix \u00e0 Washington","datePublished":"2025-12-05T04:47:32+00:00","dateModified":"2025-12-05T04:47:34+00:00","mainEntityOfPage":{"@id":"https:\/\/www.lejournalci.org\/index.php\/2025\/12\/05\/rdc-rwanda-tshisekedi-et-kagame-signent-un-accord-de-paix-a-washington\/"},"wordCount":677,"publisher":{"@id":"https:\/\/www.lejournalci.org\/#organization"},"image":{"@id":"https:\/\/www.lejournalci.org\/index.php\/2025\/12\/05\/rdc-rwanda-tshisekedi-et-kagame-signent-un-accord-de-paix-a-washington\/#primaryimage"},"thumbnailUrl":"https:\/\/www.lejournalci.org\/wp-content\/uploads\/2025\/12\/1001514937-edited-1.jpg","articleSection":["DIPLOMATIE"],"inLanguage":"fr-FR"},{"@type":"WebPage","@id":"https:\/\/www.lejournalci.org\/index.php\/2025\/12\/05\/rdc-rwanda-tshisekedi-et-kagame-signent-un-accord-de-paix-a-washington\/","url":"https:\/\/www.lejournalci.org\/index.php\/2025\/12\/05\/rdc-rwanda-tshisekedi-et-kagame-signent-un-accord-de-paix-a-washington\/","name":"RDC-Rwanda: Tshisekedi et Kagame signent un accord de paix \u00e0 Washington - Cooperation Internationale","isPartOf":{"@id":"https:\/\/www.lejournalci.org\/#website"},"primaryImageOfPage":{"@id":"https:\/\/www.lejournalci.org\/index.php\/2025\/12\/05\/rdc-rwanda-tshisekedi-et-kagame-signent-un-accord-de-paix-a-washington\/#primaryimage"},"image":{"@id":"https:\/\/www.lejournalci.org\/index.php\/2025\/12\/05\/rdc-rwanda-tshisekedi-et-kagame-signent-un-accord-de-paix-a-washington\/#primaryimage"},"thumbnailUrl":"https:\/\/www.lejournalci.org\/wp-content\/uploads\/2025\/12\/1001514937-edited-1.jpg","datePublished":"2025-12-05T04:47:32+00:00","dateModified":"2025-12-05T04:47:34+00:00","breadcrumb":{"@id":"https:\/\/www.lejournalci.org\/index.php\/2025\/12\/05\/rdc-rwanda-tshisekedi-et-kagame-signent-un-accord-de-paix-a-washington\/#breadcrumb"},"inLanguage":"fr-FR","potentialAction":[{"@type":"ReadAction","target":["https:\/\/www.lejournalci.org\/index.php\/2025\/12\/05\/rdc-rwanda-tshisekedi-et-kagame-signent-un-accord-de-paix-a-washington\/"]}]},{"@type":"ImageObject","inLanguage":"fr-FR","@id":"https:\/\/www.lejournalci.org\/index.php\/2025\/12\/05\/rdc-rwanda-tshisekedi-et-kagame-signent-un-accord-de-paix-a-washington\/#primaryimage","url":"https:\/\/www.lejournalci.org\/wp-content\/uploads\/2025\/12\/1001514937-edited-1.jpg","contentUrl":"https:\/\/www.lejournalci.org\/wp-content\/uploads\/2025\/12\/1001514937-edited-1.jpg","width":1364,"height":767},{"@type":"BreadcrumbList","@id":"https:\/\/www.lejournalci.org\/index.php\/2025\/12\/05\/rdc-rwanda-tshisekedi-et-kagame-signent-un-accord-de-paix-a-washington\/#breadcrumb","itemListElement":[{"@type":"ListItem","position":1,"name":"Accueil","item":"https:\/\/www.lejournalci.org\/"},{"@type":"ListItem","position":2,"name":"RDC-Rwanda: Tshisekedi et Kagame signent un accord de paix \u00e0 Washington"}]},{"@type":"WebSite","@id":"https:\/\/www.lejournalci.org\/#website","url":"https:\/\/www.lejournalci.org\/","name":"Cooperation Internationale","description":"Faire de la Coop\u00e9ration un Puissant Instrument de D\u00e9veloppement","publisher":{"@id":"https:\/\/www.lejournalci.org\/#organization"},"potentialAction":[{"@type":"SearchAction","target":{"@type":"EntryPoint","urlTemplate":"https:\/\/www.lejournalci.org\/?s={search_term_string}"},"query-input":{"@type":"PropertyValueSpecification","valueRequired":true,"valueName":"search_term_string"}}],"inLanguage":"fr-FR"},{"@type":"Organization","@id":"https:\/\/www.lejournalci.org\/#organization","name":"Cooperation Internationale","url":"https:\/\/www.lejournalci.org\/","logo":{"@type":"ImageObject","inLanguage":"fr-FR","@id":"https:\/\/www.lejournalci.org\/#\/schema\/logo\/image\/","url":"https:\/\/www.lejournalci.org\/wp-content\/uploads\/2024\/12\/logo-coopint_HD_3.jpg","contentUrl":"https:\/\/www.lejournalci.org\/wp-content\/uploads\/2024\/12\/logo-coopint_HD_3.jpg","width":700,"height":214,"caption":"Cooperation Internationale"},"image":{"@id":"https:\/\/www.lejournalci.org\/#\/schema\/logo\/image\/"},"sameAs":["https:\/\/www.facebook.com\/journalCI\/","https:\/\/x.com\/lejournalc"]},{"@type":"Person","@id":"https:\/\/www.lejournalci.org\/#\/schema\/person\/2efe42dc5459aaaf6d89cb27e736002b","name":"La R\u00e9daction CI","image":{"@type":"ImageObject","inLanguage":"fr-FR","@id":"https:\/\/www.lejournalci.org\/#\/schema\/person\/image\/","url":"https:\/\/secure.gravatar.com\/avatar\/e63ab2ab378e283740d8889fbe2ec43fdcee7ac714a480d705f61cb1e5675c4c?s=96&d=mm&r=g","contentUrl":"https:\/\/secure.gravatar.com\/avatar\/e63ab2ab378e283740d8889fbe2ec43fdcee7ac714a480d705f61cb1e5675c4c?s=96&d=mm&r=g","caption":"La R\u00e9daction CI"},"url":"https:\/\/www.lejournalci.org\/index.php\/author\/noebricendongyahoo-fr\/"}]}},"jetpack_publicize_connections":[],"jetpack_featured_media_url":"https:\/\/www.lejournalci.org\/wp-content\/uploads\/2025\/12\/1001514937-edited-1.jpg","jetpack_sharing_enabled":true,"_links":{"self":[{"href":"https:\/\/www.lejournalci.org\/index.php\/wp-json\/wp\/v2\/posts\/10368","targetHints":{"allow":["GET"]}}],"collection":[{"href":"https:\/\/www.lejournalci.org\/index.php\/wp-json\/wp\/v2\/posts"}],"about":[{"href":"https:\/\/www.lejournalci.org\/index.php\/wp-json\/wp\/v2\/types\/post"}],"author":[{"embeddable":true,"href":"https:\/\/www.lejournalci.org\/index.php\/wp-json\/wp\/v2\/users\/3"}],"replies":[{"embeddable":true,"href":"https:\/\/www.lejournalci.org\/index.php\/wp-json\/wp\/v2\/comments?post=10368"}],"version-history":[{"count":1,"href":"https:\/\/www.lejournalci.org\/index.php\/wp-json\/wp\/v2\/posts\/10368\/revisions"}],"predecessor-version":[{"id":10375,"href":"https:\/\/www.lejournalci.org\/index.php\/wp-json\/wp\/v2\/posts\/10368\/revisions\/10375"}],"wp:featuredmedia":[{"embeddable":true,"href":"https:\/\/www.lejournalci.org\/index.php\/wp-json\/wp\/v2\/media\/10374"}],"wp:attachment":[{"href":"https:\/\/www.lejournalci.org\/index.php\/wp-json\/wp\/v2\/media?parent=10368"}],"wp:term":[{"taxonomy":"category","embeddable":true,"href":"https:\/\/www.lejournalci.org\/index.php\/wp-json\/wp\/v2\/categories?post=10368"},{"taxonomy":"post_tag","embeddable":true,"href":"https:\/\/www.lejournalci.org\/index.php\/wp-json\/wp\/v2\/tags?post=10368"}],"curies":[{"name":"wp","href":"https:\/\/api.w.org\/{rel}","templated":true}]}}