{"id":10364,"date":"2025-12-04T10:51:49","date_gmt":"2025-12-04T10:51:49","guid":{"rendered":"https:\/\/www.lejournalci.org\/?p=10364"},"modified":"2025-12-04T10:51:51","modified_gmt":"2025-12-04T10:51:51","slug":"la-cote-divoire-signe-un-accord-dadhesion-au-programme-arab-africa-trade-bridges-aatb","status":"publish","type":"post","link":"https:\/\/www.lejournalci.org\/index.php\/2025\/12\/04\/la-cote-divoire-signe-un-accord-dadhesion-au-programme-arab-africa-trade-bridges-aatb\/","title":{"rendered":"La C\u00f4te d&#8217;Ivoire signe un accord d&#8217;adh\u00e9sion au programme Arab Africa Trade Bridges (AATB)"},"content":{"rendered":"\n<p><strong><em>Cette adh\u00e9sion refl\u00e8te l\u2019engagement strat\u00e9gique de la C\u00f4te d\u2019Ivoire \u00e0 renforcer ses relations \u00e9conomiques avec les pays arabes et africains, ainsi qu\u2019\u00e0 approfondir sa participation aux cadres d\u2019int\u00e9gration r\u00e9gionale<\/em><\/strong>.<\/p>\n\n\n\n<p><strong>Le programme Arab Africa Trade Bridges (AATB)<\/strong>&nbsp;a sign\u00e9 l&#8217;accord d&#8217;adh\u00e9sion avec&nbsp;<strong>la R\u00e9publique de C\u00f4te d&#8217;Ivoire<\/strong>, accueillant officiellement le pays en tant que nouveau membre. La c\u00e9r\u00e9monie de signature s&#8217;est d\u00e9roul\u00e9e \u00e0 Abuja en marge de la 5\u1d49 R\u00e9union du Conseil des Gouverneurs de l&#8217;AATB, organis\u00e9e par le Gouvernement F\u00e9d\u00e9ral du Nig\u00e9ria.&nbsp;<\/p>\n\n\n\n<p>L\u2019Accord a \u00e9t\u00e9 sign\u00e9 entre&nbsp;<strong>M. Nasser Al-Thekair<\/strong>&nbsp;Directeur du Commerce et du D\u00e9veloppement des Affaires \u00e0 la Soci\u00e9t\u00e9 Internationale Islamique de Financement du Commerce (ITFC), et&nbsp;<strong>M. Clement Kouakou,<\/strong>&nbsp;Directeur Adjoint du Cabinet Minist\u00e9riel, Minist\u00e8re de l\u2019\u00c9conomie, du Plan et du D\u00e9veloppement de la C\u00f4te d\u2019Ivoire.&nbsp;Cette adh\u00e9sion refl\u00e8te l\u2019engagement strat\u00e9gique de la C\u00f4te d\u2019Ivoire \u00e0 renforcer ses relations \u00e9conomiques avec les pays arabes et africains, ainsi qu\u2019\u00e0 approfondir sa participation aux cadres d\u2019int\u00e9gration r\u00e9gionale.&nbsp;<\/p>\n\n\n\n<p>Dans le cadre de cette adh\u00e9sion, les deux parties travailleront ensemble \u00e0 l&#8217;\u00e9laboration du programme national pour la C\u00f4te d&#8217;Ivoire, qui fournira un cadre structur\u00e9 pour soutenir la promotion du commerce et des investissements, la comp\u00e9titivit\u00e9 des exportations, la modernisation industrielle, le d\u00e9veloppement des capacit\u00e9s logistiques, les infrastructures de qualit\u00e9 et la pr\u00e9paration au commerce num\u00e9rique. Le programme devrait inclure des interventions pratiques telles que des \u00e9tudes de faisabilit\u00e9 pour des laboratoires de contr\u00f4le qualit\u00e9, un appui aux plateformes d\u2019e-commerce d\u00e9di\u00e9es aux produits d\u2019exportation, des initiatives de renforcement des comp\u00e9tences dans le secteur logistique, ainsi que des actions de mise en relation B2B dans les cha\u00eenes de valeur prioritaires, notamment la construction et l\u2019agro-alimentaire.&nbsp;<\/p>\n\n\n\n<p>L\u2019adh\u00e9sion de la C\u00f4te d\u2019Ivoire repr\u00e9sente une nouvelle \u00e9tape dans l\u2019engagement croissant de l\u2019AATB aupr\u00e8s des pays africains souhaitant renforcer le d\u00e9veloppement ax\u00e9 sur le commerce, l&#8217;int\u00e9gration des cha\u00eenes de valeur et la connectivit\u00e9 r\u00e9gionale.&nbsp;<\/p>\n\n\n\n<p><strong>\u00c0 propos du programme Arab-Africa Trade Bridges (AATB) :<\/strong><br>Le programme AATB est un programme multi-donateurs, multi-pays et multi-organisations soutenu par la Banque africaine d&#8217;import-export (Afreximbank), la Banque arabe pour le d\u00e9veloppement \u00e9conomique en Afrique (BADEA), la Banque islamique de d\u00e9veloppement, la Soci\u00e9t\u00e9 islamique internationale de financement du commerce (ITFC), la Soci\u00e9t\u00e9 islamique d&#8217;assurance des investissements et des cr\u00e9dits \u00e0 l&#8217;exportation (ICIEC) et la Soci\u00e9t\u00e9 islamique pour le d\u00e9veloppement du secteur priv\u00e9 (ICD). Le programme vise \u00e0 promouvoir et \u00e0 accro\u00eetre les flux commerciaux et d&#8217;investissement entre les pays africains et arabes membres de l&#8217;OCI, \u00e0 fournir et \u00e0 soutenir le financement du commerce et l&#8217;assurance-cr\u00e9dit \u00e0 l&#8217;exportation, et \u00e0 renforcer les outils existants de renforcement des capacit\u00e9s en mati\u00e8re de commerce. Le programme se concentre sp\u00e9cifiquement sur le soutien aux secteurs cl\u00e9s de l&#8217;agriculture et des industries connexes, notamment le textile, l&#8217;industrie de la sant\u00e9, y compris les produits pharmaceutiques, les infrastructures et les transports, ainsi que la p\u00e9trochimie, les mat\u00e9riaux de construction et la technologie.&nbsp;<\/p>\n\n\n\n<p><strong>SOURCE<br>The Arab Africa Trade Bridges Program (AATB)<\/strong><\/p>\n","protected":false},"excerpt":{"rendered":"<p>Cette adh\u00e9sion refl\u00e8te l\u2019engagement strat\u00e9gique de la C\u00f4te d\u2019Ivoire \u00e0 renforcer ses relations \u00e9conomiques avec les pays arabes et africains, ainsi qu\u2019\u00e0 approfondir sa participation aux cadres d\u2019int\u00e9gration r\u00e9gionale. Le programme Arab Africa Trade Bridges (AATB)&nbsp;a sign\u00e9 l&#8217;accord d&#8217;adh\u00e9sion avec&nbsp;la R\u00e9publique de C\u00f4te d&#8217;Ivoire, accueillant officiellement le pays en tant<\/p>\n","protected":false},"author":3,"featured_media":10366,"comment_status":"closed","ping_status":"open","sticky":false,"template":"","format":"standard","meta":{"colormag_page_container_layout":"default_layout","colormag_page_sidebar_layout":"default_layout","_jetpack_memberships_contains_paid_content":false,"footnotes":"","jetpack_publicize_message":"","jetpack_publicize_feature_enabled":true,"jetpack_social_post_already_shared":true,"jetpack_social_options":{"image_generator_settings":{"template":"highway","default_image_id":0,"font":"","enabled":false},"version":2}},"categories":[50],"tags":[],"class_list":["post-10364","post","type-post","status-publish","format-standard","has-post-thumbnail","hentry","category-cooperation"],"magazineBlocksPostFeaturedMedia":{"thumbnail":"https:\/\/www.lejournalci.org\/wp-content\/uploads\/2025\/12\/e31c5822dc7e5fa-edited-150x150.jpg","medium":"https:\/\/www.lejournalci.org\/wp-content\/uploads\/2025\/12\/e31c5822dc7e5fa-edited-300x169.jpg","medium_large":"https:\/\/www.lejournalci.org\/wp-content\/uploads\/2025\/12\/e31c5822dc7e5fa-edited-768x432.jpg","large":"https:\/\/www.lejournalci.org\/wp-content\/uploads\/2025\/12\/e31c5822dc7e5fa-edited-1024x576.jpg","1536x1536":"https:\/\/www.lejournalci.org\/wp-content\/uploads\/2025\/12\/e31c5822dc7e5fa-edited-1536x863.jpg","2048x2048":"https:\/\/www.lejournalci.org\/wp-content\/uploads\/2025\/12\/e31c5822dc7e5fa-edited-2048x1151.jpg","colormag-highlighted-post":"https:\/\/www.lejournalci.org\/wp-content\/uploads\/2025\/12\/e31c5822dc7e5fa-edited-392x272.jpg","colormag-featured-post-medium":"https:\/\/www.lejournalci.org\/wp-content\/uploads\/2025\/12\/e31c5822dc7e5fa-edited-390x205.jpg","colormag-featured-post-small":"https:\/\/www.lejournalci.org\/wp-content\/uploads\/2025\/12\/e31c5822dc7e5fa-edited-130x90.jpg","colormag-featured-image":"https:\/\/www.lejournalci.org\/wp-content\/uploads\/2025\/12\/e31c5822dc7e5fa-edited-800x445.jpg","colormag-default-news":"https:\/\/www.lejournalci.org\/wp-content\/uploads\/2025\/12\/e31c5822dc7e5fa-edited-150x150.jpg","colormag-featured-image-large":"https:\/\/www.lejournalci.org\/wp-content\/uploads\/2025\/12\/e31c5822dc7e5fa-edited-1400x600.jpg"},"magazineBlocksPostAuthor":{"name":"La R\u00e9daction CI","avatar":"https:\/\/secure.gravatar.com\/avatar\/e63ab2ab378e283740d8889fbe2ec43fdcee7ac714a480d705f61cb1e5675c4c?s=96&d=mm&r=g"},"magazineBlocksPostCommentsNumber":false,"magazineBlocksPostExcerpt":"Cette adh\u00e9sion refl\u00e8te l\u2019engagement strat\u00e9gique de la C\u00f4te d\u2019Ivoire \u00e0 renforcer ses relations \u00e9conomiques avec les pays arabes et africains, ainsi qu\u2019\u00e0 approfondir sa participation aux cadres d\u2019int\u00e9gration r\u00e9gionale. Le programme Arab Africa Trade Bridges (AATB)&nbsp;a sign\u00e9 l&#8217;accord d&#8217;adh\u00e9sion avec&nbsp;la R\u00e9publique de C\u00f4te d&#8217;Ivoire, accueillant officiellement le pays en tant","magazineBlocksPostCategories":["COOPERATION"],"magazineBlocksPostViewCount":494,"magazineBlocksPostReadTime":3,"magazine_blocks_featured_image_url":{"full":["https:\/\/www.lejournalci.org\/wp-content\/uploads\/2025\/12\/e31c5822dc7e5fa-edited-scaled.jpg",2560,1439,false],"medium":["https:\/\/www.lejournalci.org\/wp-content\/uploads\/2025\/12\/e31c5822dc7e5fa-edited-300x169.jpg",300,169,true],"thumbnail":["https:\/\/www.lejournalci.org\/wp-content\/uploads\/2025\/12\/e31c5822dc7e5fa-edited-150x150.jpg",150,150,true]},"magazine_blocks_author":{"display_name":"La R\u00e9daction CI","author_link":"https:\/\/www.lejournalci.org\/index.php\/author\/noebricendongyahoo-fr\/"},"magazine_blocks_comment":0,"magazine_blocks_author_image":"https:\/\/secure.gravatar.com\/avatar\/e63ab2ab378e283740d8889fbe2ec43fdcee7ac714a480d705f61cb1e5675c4c?s=96&d=mm&r=g","magazine_blocks_category":"<a href=\"#\" class=\"category-link category-link-50\">COOPERATION<\/a>","yoast_head":"<!-- This site is optimized with the Yoast SEO plugin v26.2 - https:\/\/yoast.com\/wordpress\/plugins\/seo\/ -->\n<title>La C\u00f4te d&#039;Ivoire signe un accord d&#039;adh\u00e9sion au programme Arab Africa Trade Bridges (AATB) - Cooperation Internationale<\/title>\n<meta name=\"robots\" content=\"index, follow, max-snippet:-1, max-image-preview:large, max-video-preview:-1\" \/>\n<link rel=\"canonical\" href=\"https:\/\/www.lejournalci.org\/index.php\/2025\/12\/04\/la-cote-divoire-signe-un-accord-dadhesion-au-programme-arab-africa-trade-bridges-aatb\/\" \/>\n<meta property=\"og:locale\" content=\"fr_FR\" \/>\n<meta property=\"og:type\" content=\"article\" \/>\n<meta property=\"og:title\" content=\"La C\u00f4te d&#039;Ivoire signe un accord d&#039;adh\u00e9sion au programme Arab Africa Trade Bridges (AATB) - Cooperation Internationale\" \/>\n<meta property=\"og:description\" content=\"Cette adh\u00e9sion refl\u00e8te l\u2019engagement strat\u00e9gique de la C\u00f4te d\u2019Ivoire \u00e0 renforcer ses relations \u00e9conomiques avec les pays arabes et africains, ainsi qu\u2019\u00e0 approfondir sa participation aux cadres d\u2019int\u00e9gration r\u00e9gionale. Le programme Arab Africa Trade Bridges (AATB)&nbsp;a sign\u00e9 l&#8217;accord d&#8217;adh\u00e9sion avec&nbsp;la R\u00e9publique de C\u00f4te d&#8217;Ivoire, accueillant officiellement le pays en tant\" \/>\n<meta property=\"og:url\" content=\"https:\/\/www.lejournalci.org\/index.php\/2025\/12\/04\/la-cote-divoire-signe-un-accord-dadhesion-au-programme-arab-africa-trade-bridges-aatb\/\" \/>\n<meta property=\"og:site_name\" content=\"Cooperation Internationale\" \/>\n<meta property=\"article:publisher\" content=\"https:\/\/www.facebook.com\/journalCI\/\" \/>\n<meta property=\"article:published_time\" content=\"2025-12-04T10:51:49+00:00\" \/>\n<meta property=\"article:modified_time\" content=\"2025-12-04T10:51:51+00:00\" \/>\n<meta property=\"og:image\" content=\"https:\/\/www.lejournalci.org\/wp-content\/uploads\/2025\/12\/e31c5822dc7e5fa-edited-scaled.jpg\" \/>\n\t<meta property=\"og:image:width\" content=\"2560\" \/>\n\t<meta property=\"og:image:height\" content=\"1439\" \/>\n\t<meta property=\"og:image:type\" content=\"image\/jpeg\" \/>\n<meta name=\"author\" content=\"La R\u00e9daction CI\" \/>\n<meta name=\"twitter:card\" content=\"summary_large_image\" \/>\n<meta name=\"twitter:creator\" content=\"@lejournalc\" \/>\n<meta name=\"twitter:site\" content=\"@lejournalc\" \/>\n<meta name=\"twitter:label1\" content=\"\u00c9crit par\" \/>\n\t<meta name=\"twitter:data1\" content=\"La R\u00e9daction CI\" \/>\n\t<meta name=\"twitter:label2\" content=\"Dur\u00e9e de lecture estim\u00e9e\" \/>\n\t<meta name=\"twitter:data2\" content=\"3 minutes\" \/>\n<script type=\"application\/ld+json\" class=\"yoast-schema-graph\">{\"@context\":\"https:\/\/schema.org\",\"@graph\":[{\"@type\":\"Article\",\"@id\":\"https:\/\/www.lejournalci.org\/index.php\/2025\/12\/04\/la-cote-divoire-signe-un-accord-dadhesion-au-programme-arab-africa-trade-bridges-aatb\/#article\",\"isPartOf\":{\"@id\":\"https:\/\/www.lejournalci.org\/index.php\/2025\/12\/04\/la-cote-divoire-signe-un-accord-dadhesion-au-programme-arab-africa-trade-bridges-aatb\/\"},\"author\":{\"name\":\"La R\u00e9daction CI\",\"@id\":\"https:\/\/www.lejournalci.org\/#\/schema\/person\/2efe42dc5459aaaf6d89cb27e736002b\"},\"headline\":\"La C\u00f4te d&#8217;Ivoire signe un accord d&#8217;adh\u00e9sion au programme Arab Africa Trade Bridges (AATB)\",\"datePublished\":\"2025-12-04T10:51:49+00:00\",\"dateModified\":\"2025-12-04T10:51:51+00:00\",\"mainEntityOfPage\":{\"@id\":\"https:\/\/www.lejournalci.org\/index.php\/2025\/12\/04\/la-cote-divoire-signe-un-accord-dadhesion-au-programme-arab-africa-trade-bridges-aatb\/\"},\"wordCount\":595,\"publisher\":{\"@id\":\"https:\/\/www.lejournalci.org\/#organization\"},\"image\":{\"@id\":\"https:\/\/www.lejournalci.org\/index.php\/2025\/12\/04\/la-cote-divoire-signe-un-accord-dadhesion-au-programme-arab-africa-trade-bridges-aatb\/#primaryimage\"},\"thumbnailUrl\":\"https:\/\/www.lejournalci.org\/wp-content\/uploads\/2025\/12\/e31c5822dc7e5fa-edited-scaled.jpg\",\"articleSection\":[\"COOPERATION\"],\"inLanguage\":\"fr-FR\"},{\"@type\":\"WebPage\",\"@id\":\"https:\/\/www.lejournalci.org\/index.php\/2025\/12\/04\/la-cote-divoire-signe-un-accord-dadhesion-au-programme-arab-africa-trade-bridges-aatb\/\",\"url\":\"https:\/\/www.lejournalci.org\/index.php\/2025\/12\/04\/la-cote-divoire-signe-un-accord-dadhesion-au-programme-arab-africa-trade-bridges-aatb\/\",\"name\":\"La C\u00f4te d'Ivoire signe un accord d'adh\u00e9sion au programme Arab Africa Trade Bridges (AATB) - Cooperation Internationale\",\"isPartOf\":{\"@id\":\"https:\/\/www.lejournalci.org\/#website\"},\"primaryImageOfPage\":{\"@id\":\"https:\/\/www.lejournalci.org\/index.php\/2025\/12\/04\/la-cote-divoire-signe-un-accord-dadhesion-au-programme-arab-africa-trade-bridges-aatb\/#primaryimage\"},\"image\":{\"@id\":\"https:\/\/www.lejournalci.org\/index.php\/2025\/12\/04\/la-cote-divoire-signe-un-accord-dadhesion-au-programme-arab-africa-trade-bridges-aatb\/#primaryimage\"},\"thumbnailUrl\":\"https:\/\/www.lejournalci.org\/wp-content\/uploads\/2025\/12\/e31c5822dc7e5fa-edited-scaled.jpg\",\"datePublished\":\"2025-12-04T10:51:49+00:00\",\"dateModified\":\"2025-12-04T10:51:51+00:00\",\"breadcrumb\":{\"@id\":\"https:\/\/www.lejournalci.org\/index.php\/2025\/12\/04\/la-cote-divoire-signe-un-accord-dadhesion-au-programme-arab-africa-trade-bridges-aatb\/#breadcrumb\"},\"inLanguage\":\"fr-FR\",\"potentialAction\":[{\"@type\":\"ReadAction\",\"target\":[\"https:\/\/www.lejournalci.org\/index.php\/2025\/12\/04\/la-cote-divoire-signe-un-accord-dadhesion-au-programme-arab-africa-trade-bridges-aatb\/\"]}]},{\"@type\":\"ImageObject\",\"inLanguage\":\"fr-FR\",\"@id\":\"https:\/\/www.lejournalci.org\/index.php\/2025\/12\/04\/la-cote-divoire-signe-un-accord-dadhesion-au-programme-arab-africa-trade-bridges-aatb\/#primaryimage\",\"url\":\"https:\/\/www.lejournalci.org\/wp-content\/uploads\/2025\/12\/e31c5822dc7e5fa-edited-scaled.jpg\",\"contentUrl\":\"https:\/\/www.lejournalci.org\/wp-content\/uploads\/2025\/12\/e31c5822dc7e5fa-edited-scaled.jpg\",\"width\":2560,\"height\":1439},{\"@type\":\"BreadcrumbList\",\"@id\":\"https:\/\/www.lejournalci.org\/index.php\/2025\/12\/04\/la-cote-divoire-signe-un-accord-dadhesion-au-programme-arab-africa-trade-bridges-aatb\/#breadcrumb\",\"itemListElement\":[{\"@type\":\"ListItem\",\"position\":1,\"name\":\"Accueil\",\"item\":\"https:\/\/www.lejournalci.org\/\"},{\"@type\":\"ListItem\",\"position\":2,\"name\":\"La C\u00f4te d&#8217;Ivoire signe un accord d&#8217;adh\u00e9sion au programme Arab Africa Trade Bridges (AATB)\"}]},{\"@type\":\"WebSite\",\"@id\":\"https:\/\/www.lejournalci.org\/#website\",\"url\":\"https:\/\/www.lejournalci.org\/\",\"name\":\"Cooperation Internationale\",\"description\":\"Faire de la Coop\u00e9ration un Puissant Instrument de D\u00e9veloppement\",\"publisher\":{\"@id\":\"https:\/\/www.lejournalci.org\/#organization\"},\"potentialAction\":[{\"@type\":\"SearchAction\",\"target\":{\"@type\":\"EntryPoint\",\"urlTemplate\":\"https:\/\/www.lejournalci.org\/?s={search_term_string}\"},\"query-input\":{\"@type\":\"PropertyValueSpecification\",\"valueRequired\":true,\"valueName\":\"search_term_string\"}}],\"inLanguage\":\"fr-FR\"},{\"@type\":\"Organization\",\"@id\":\"https:\/\/www.lejournalci.org\/#organization\",\"name\":\"Cooperation Internationale\",\"url\":\"https:\/\/www.lejournalci.org\/\",\"logo\":{\"@type\":\"ImageObject\",\"inLanguage\":\"fr-FR\",\"@id\":\"https:\/\/www.lejournalci.org\/#\/schema\/logo\/image\/\",\"url\":\"https:\/\/www.lejournalci.org\/wp-content\/uploads\/2024\/12\/logo-coopint_HD_3.jpg\",\"contentUrl\":\"https:\/\/www.lejournalci.org\/wp-content\/uploads\/2024\/12\/logo-coopint_HD_3.jpg\",\"width\":700,\"height\":214,\"caption\":\"Cooperation Internationale\"},\"image\":{\"@id\":\"https:\/\/www.lejournalci.org\/#\/schema\/logo\/image\/\"},\"sameAs\":[\"https:\/\/www.facebook.com\/journalCI\/\",\"https:\/\/x.com\/lejournalc\"]},{\"@type\":\"Person\",\"@id\":\"https:\/\/www.lejournalci.org\/#\/schema\/person\/2efe42dc5459aaaf6d89cb27e736002b\",\"name\":\"La R\u00e9daction CI\",\"image\":{\"@type\":\"ImageObject\",\"inLanguage\":\"fr-FR\",\"@id\":\"https:\/\/www.lejournalci.org\/#\/schema\/person\/image\/\",\"url\":\"https:\/\/secure.gravatar.com\/avatar\/e63ab2ab378e283740d8889fbe2ec43fdcee7ac714a480d705f61cb1e5675c4c?s=96&d=mm&r=g\",\"contentUrl\":\"https:\/\/secure.gravatar.com\/avatar\/e63ab2ab378e283740d8889fbe2ec43fdcee7ac714a480d705f61cb1e5675c4c?s=96&d=mm&r=g\",\"caption\":\"La R\u00e9daction CI\"},\"url\":\"https:\/\/www.lejournalci.org\/index.php\/author\/noebricendongyahoo-fr\/\"}]}<\/script>\n<!-- \/ Yoast SEO plugin. -->","yoast_head_json":{"title":"La C\u00f4te d'Ivoire signe un accord d'adh\u00e9sion au programme Arab Africa Trade Bridges (AATB) - Cooperation Internationale","robots":{"index":"index","follow":"follow","max-snippet":"max-snippet:-1","max-image-preview":"max-image-preview:large","max-video-preview":"max-video-preview:-1"},"canonical":"https:\/\/www.lejournalci.org\/index.php\/2025\/12\/04\/la-cote-divoire-signe-un-accord-dadhesion-au-programme-arab-africa-trade-bridges-aatb\/","og_locale":"fr_FR","og_type":"article","og_title":"La C\u00f4te d'Ivoire signe un accord d'adh\u00e9sion au programme Arab Africa Trade Bridges (AATB) - Cooperation Internationale","og_description":"Cette adh\u00e9sion refl\u00e8te l\u2019engagement strat\u00e9gique de la C\u00f4te d\u2019Ivoire \u00e0 renforcer ses relations \u00e9conomiques avec les pays arabes et africains, ainsi qu\u2019\u00e0 approfondir sa participation aux cadres d\u2019int\u00e9gration r\u00e9gionale. Le programme Arab Africa Trade Bridges (AATB)&nbsp;a sign\u00e9 l&#8217;accord d&#8217;adh\u00e9sion avec&nbsp;la R\u00e9publique de C\u00f4te d&#8217;Ivoire, accueillant officiellement le pays en tant","og_url":"https:\/\/www.lejournalci.org\/index.php\/2025\/12\/04\/la-cote-divoire-signe-un-accord-dadhesion-au-programme-arab-africa-trade-bridges-aatb\/","og_site_name":"Cooperation Internationale","article_publisher":"https:\/\/www.facebook.com\/journalCI\/","article_published_time":"2025-12-04T10:51:49+00:00","article_modified_time":"2025-12-04T10:51:51+00:00","og_image":[{"width":2560,"height":1439,"url":"https:\/\/www.lejournalci.org\/wp-content\/uploads\/2025\/12\/e31c5822dc7e5fa-edited-scaled.jpg","type":"image\/jpeg"}],"author":"La R\u00e9daction CI","twitter_card":"summary_large_image","twitter_creator":"@lejournalc","twitter_site":"@lejournalc","twitter_misc":{"\u00c9crit par":"La R\u00e9daction CI","Dur\u00e9e de lecture estim\u00e9e":"3 minutes"},"schema":{"@context":"https:\/\/schema.org","@graph":[{"@type":"Article","@id":"https:\/\/www.lejournalci.org\/index.php\/2025\/12\/04\/la-cote-divoire-signe-un-accord-dadhesion-au-programme-arab-africa-trade-bridges-aatb\/#article","isPartOf":{"@id":"https:\/\/www.lejournalci.org\/index.php\/2025\/12\/04\/la-cote-divoire-signe-un-accord-dadhesion-au-programme-arab-africa-trade-bridges-aatb\/"},"author":{"name":"La R\u00e9daction CI","@id":"https:\/\/www.lejournalci.org\/#\/schema\/person\/2efe42dc5459aaaf6d89cb27e736002b"},"headline":"La C\u00f4te d&#8217;Ivoire signe un accord d&#8217;adh\u00e9sion au programme Arab Africa Trade Bridges (AATB)","datePublished":"2025-12-04T10:51:49+00:00","dateModified":"2025-12-04T10:51:51+00:00","mainEntityOfPage":{"@id":"https:\/\/www.lejournalci.org\/index.php\/2025\/12\/04\/la-cote-divoire-signe-un-accord-dadhesion-au-programme-arab-africa-trade-bridges-aatb\/"},"wordCount":595,"publisher":{"@id":"https:\/\/www.lejournalci.org\/#organization"},"image":{"@id":"https:\/\/www.lejournalci.org\/index.php\/2025\/12\/04\/la-cote-divoire-signe-un-accord-dadhesion-au-programme-arab-africa-trade-bridges-aatb\/#primaryimage"},"thumbnailUrl":"https:\/\/www.lejournalci.org\/wp-content\/uploads\/2025\/12\/e31c5822dc7e5fa-edited-scaled.jpg","articleSection":["COOPERATION"],"inLanguage":"fr-FR"},{"@type":"WebPage","@id":"https:\/\/www.lejournalci.org\/index.php\/2025\/12\/04\/la-cote-divoire-signe-un-accord-dadhesion-au-programme-arab-africa-trade-bridges-aatb\/","url":"https:\/\/www.lejournalci.org\/index.php\/2025\/12\/04\/la-cote-divoire-signe-un-accord-dadhesion-au-programme-arab-africa-trade-bridges-aatb\/","name":"La C\u00f4te d'Ivoire signe un accord d'adh\u00e9sion au programme Arab Africa Trade Bridges (AATB) - Cooperation Internationale","isPartOf":{"@id":"https:\/\/www.lejournalci.org\/#website"},"primaryImageOfPage":{"@id":"https:\/\/www.lejournalci.org\/index.php\/2025\/12\/04\/la-cote-divoire-signe-un-accord-dadhesion-au-programme-arab-africa-trade-bridges-aatb\/#primaryimage"},"image":{"@id":"https:\/\/www.lejournalci.org\/index.php\/2025\/12\/04\/la-cote-divoire-signe-un-accord-dadhesion-au-programme-arab-africa-trade-bridges-aatb\/#primaryimage"},"thumbnailUrl":"https:\/\/www.lejournalci.org\/wp-content\/uploads\/2025\/12\/e31c5822dc7e5fa-edited-scaled.jpg","datePublished":"2025-12-04T10:51:49+00:00","dateModified":"2025-12-04T10:51:51+00:00","breadcrumb":{"@id":"https:\/\/www.lejournalci.org\/index.php\/2025\/12\/04\/la-cote-divoire-signe-un-accord-dadhesion-au-programme-arab-africa-trade-bridges-aatb\/#breadcrumb"},"inLanguage":"fr-FR","potentialAction":[{"@type":"ReadAction","target":["https:\/\/www.lejournalci.org\/index.php\/2025\/12\/04\/la-cote-divoire-signe-un-accord-dadhesion-au-programme-arab-africa-trade-bridges-aatb\/"]}]},{"@type":"ImageObject","inLanguage":"fr-FR","@id":"https:\/\/www.lejournalci.org\/index.php\/2025\/12\/04\/la-cote-divoire-signe-un-accord-dadhesion-au-programme-arab-africa-trade-bridges-aatb\/#primaryimage","url":"https:\/\/www.lejournalci.org\/wp-content\/uploads\/2025\/12\/e31c5822dc7e5fa-edited-scaled.jpg","contentUrl":"https:\/\/www.lejournalci.org\/wp-content\/uploads\/2025\/12\/e31c5822dc7e5fa-edited-scaled.jpg","width":2560,"height":1439},{"@type":"BreadcrumbList","@id":"https:\/\/www.lejournalci.org\/index.php\/2025\/12\/04\/la-cote-divoire-signe-un-accord-dadhesion-au-programme-arab-africa-trade-bridges-aatb\/#breadcrumb","itemListElement":[{"@type":"ListItem","position":1,"name":"Accueil","item":"https:\/\/www.lejournalci.org\/"},{"@type":"ListItem","position":2,"name":"La C\u00f4te d&#8217;Ivoire signe un accord d&#8217;adh\u00e9sion au programme Arab Africa Trade Bridges (AATB)"}]},{"@type":"WebSite","@id":"https:\/\/www.lejournalci.org\/#website","url":"https:\/\/www.lejournalci.org\/","name":"Cooperation Internationale","description":"Faire de la Coop\u00e9ration un Puissant Instrument de D\u00e9veloppement","publisher":{"@id":"https:\/\/www.lejournalci.org\/#organization"},"potentialAction":[{"@type":"SearchAction","target":{"@type":"EntryPoint","urlTemplate":"https:\/\/www.lejournalci.org\/?s={search_term_string}"},"query-input":{"@type":"PropertyValueSpecification","valueRequired":true,"valueName":"search_term_string"}}],"inLanguage":"fr-FR"},{"@type":"Organization","@id":"https:\/\/www.lejournalci.org\/#organization","name":"Cooperation Internationale","url":"https:\/\/www.lejournalci.org\/","logo":{"@type":"ImageObject","inLanguage":"fr-FR","@id":"https:\/\/www.lejournalci.org\/#\/schema\/logo\/image\/","url":"https:\/\/www.lejournalci.org\/wp-content\/uploads\/2024\/12\/logo-coopint_HD_3.jpg","contentUrl":"https:\/\/www.lejournalci.org\/wp-content\/uploads\/2024\/12\/logo-coopint_HD_3.jpg","width":700,"height":214,"caption":"Cooperation Internationale"},"image":{"@id":"https:\/\/www.lejournalci.org\/#\/schema\/logo\/image\/"},"sameAs":["https:\/\/www.facebook.com\/journalCI\/","https:\/\/x.com\/lejournalc"]},{"@type":"Person","@id":"https:\/\/www.lejournalci.org\/#\/schema\/person\/2efe42dc5459aaaf6d89cb27e736002b","name":"La R\u00e9daction CI","image":{"@type":"ImageObject","inLanguage":"fr-FR","@id":"https:\/\/www.lejournalci.org\/#\/schema\/person\/image\/","url":"https:\/\/secure.gravatar.com\/avatar\/e63ab2ab378e283740d8889fbe2ec43fdcee7ac714a480d705f61cb1e5675c4c?s=96&d=mm&r=g","contentUrl":"https:\/\/secure.gravatar.com\/avatar\/e63ab2ab378e283740d8889fbe2ec43fdcee7ac714a480d705f61cb1e5675c4c?s=96&d=mm&r=g","caption":"La R\u00e9daction CI"},"url":"https:\/\/www.lejournalci.org\/index.php\/author\/noebricendongyahoo-fr\/"}]}},"jetpack_publicize_connections":[],"jetpack_featured_media_url":"https:\/\/www.lejournalci.org\/wp-content\/uploads\/2025\/12\/e31c5822dc7e5fa-edited-scaled.jpg","jetpack_sharing_enabled":true,"_links":{"self":[{"href":"https:\/\/www.lejournalci.org\/index.php\/wp-json\/wp\/v2\/posts\/10364","targetHints":{"allow":["GET"]}}],"collection":[{"href":"https:\/\/www.lejournalci.org\/index.php\/wp-json\/wp\/v2\/posts"}],"about":[{"href":"https:\/\/www.lejournalci.org\/index.php\/wp-json\/wp\/v2\/types\/post"}],"author":[{"embeddable":true,"href":"https:\/\/www.lejournalci.org\/index.php\/wp-json\/wp\/v2\/users\/3"}],"replies":[{"embeddable":true,"href":"https:\/\/www.lejournalci.org\/index.php\/wp-json\/wp\/v2\/comments?post=10364"}],"version-history":[{"count":1,"href":"https:\/\/www.lejournalci.org\/index.php\/wp-json\/wp\/v2\/posts\/10364\/revisions"}],"predecessor-version":[{"id":10367,"href":"https:\/\/www.lejournalci.org\/index.php\/wp-json\/wp\/v2\/posts\/10364\/revisions\/10367"}],"wp:featuredmedia":[{"embeddable":true,"href":"https:\/\/www.lejournalci.org\/index.php\/wp-json\/wp\/v2\/media\/10366"}],"wp:attachment":[{"href":"https:\/\/www.lejournalci.org\/index.php\/wp-json\/wp\/v2\/media?parent=10364"}],"wp:term":[{"taxonomy":"category","embeddable":true,"href":"https:\/\/www.lejournalci.org\/index.php\/wp-json\/wp\/v2\/categories?post=10364"},{"taxonomy":"post_tag","embeddable":true,"href":"https:\/\/www.lejournalci.org\/index.php\/wp-json\/wp\/v2\/tags?post=10364"}],"curies":[{"name":"wp","href":"https:\/\/api.w.org\/{rel}","templated":true}]}}