{"id":10345,"date":"2025-12-03T15:18:31","date_gmt":"2025-12-03T15:18:31","guid":{"rendered":"https:\/\/www.lejournalci.org\/?p=10345"},"modified":"2025-12-03T18:05:25","modified_gmt":"2025-12-03T18:05:25","slug":"ceeac-securite-le-president-obiang-nguema-mbasogo-preside-le-8e-conseil-de-paix-et-de-securite-communautaire","status":"publish","type":"post","link":"https:\/\/www.lejournalci.org\/index.php\/2025\/12\/03\/ceeac-securite-le-president-obiang-nguema-mbasogo-preside-le-8e-conseil-de-paix-et-de-securite-communautaire\/","title":{"rendered":"CEEAC : Obiang Nguema Mbasogo pr\u00e9side le 8e Conseil de Paix et de S\u00e9curit\u00e9 Communautaire"},"content":{"rendered":"\n<p>Le Pr\u00e9sident de la R\u00e9publique de Guin\u00e9e \u00c9quatoriale , Pr\u00e9sident en exercice de la Communaut\u00e9 \u00c9conomique des Etats de l&#8217;Afrique Centrale, CEEAC,  Obiang Nguema Mbasogo, a pr\u00e9sid\u00e9 le lundi 1er d\u00e9cembre 2025 la huiti\u00e8me Conf\u00e9rence extraordinaire du Conseil de paix et de s\u00e9curit\u00e9 communautaire. Le sommet s&#8217;est d\u00e9roul\u00e9 par visioconf\u00e9rence.<\/p>\n\n\n\n<p><\/p>\n\n\n\n<p>Le sommet a \u00e9t\u00e9 convoqu\u00e9 dans un contexte marqu\u00e9 par de grands d\u00e9fis persistants . li\u00e9s aux foyers d&#8217;instabilit\u00e9 politique, aux tensions sociales et aux menaces transfrontali\u00e8res telles que le terrorisme, les r\u00e9bellions, la piraterie maritime, le trafic d&#8217;armes et l&#8217;ins\u00e9curit\u00e9 frontali\u00e8re. Des r\u00e9alit\u00e9s qui mettent \u00e0 l&#8217;\u00e9preuve la capacit\u00e9  des  gouvernements et des institutions et la solidarit\u00e9 des \u00c9tats membres.<\/p>\n\n\n\n<p>Lors de son allocution d&#8217;ouverture de ces travaux, le Pr\u00e9sident Obiang Nguema a clairement exprim\u00e9 l&#8217;engagement de la Guin\u00e9e \u00c9quatoriale pour la cause africaine.<\/p>\n\n\n\n<p>Le souhait de l&#8217;actuel dirigeant en exercice de la CEEAC est que ce sommet extraordinaire soit un espace de dialogue sinc\u00e8re, de concertation strat\u00e9gique et de d\u00e9cisions courageuses qui renforceront la coop\u00e9ration r\u00e9gionale. C&#8217;est pourquoi il a invit\u00e9 ses homologues \u00e0 travailler dans un esprit fraternel avec la ferme  conviction  que l&#8217;unit\u00e9 et la paix sont la voie vers un avenir meilleur pour l&#8217;Afrique centrale.<\/p>\n\n\n\n<p>Apr\u00e8s des travaux \u00e0 huis clos,  Obiang Nguema Mbasogo a r\u00e9affirm\u00e9 la d\u00e9termination commune de l&#8217;organisation sous-r\u00e9gionale \u00e0 consolider la paix, la s\u00e9curit\u00e9 et la stabilit\u00e9 en Afrique centrale.<\/p>\n\n\n\n<p>Le sommet extraordinaire s&#8217;est cl\u00f4tur\u00e9 avec le souhait que les r\u00e9sultats de cette rencontre virtuelle contribueront \u00e0 un avenir plus s\u00fbr et plus prosp\u00e8re pour les peuples de la communaut\u00e9.<\/p>\n\n\n\n<blockquote class=\"wp-block-quote is-layout-flow wp-block-quote-is-layout-flow\">\n<p>En convoquant ce sommet, la Guin\u00e9e \u00e9quatoriale r\u00e9affirme sa volont\u00e9 de continuer \u00e0 collaborer activement \u00e0 toutes les initiatives visant \u00e0 renforcer l&#8217;unit\u00e9 et la s\u00e9curit\u00e9 collectives de l&#8217;Afrique centrale \u00bb, a d\u00e9clar\u00e9 le chef de l&#8217;\u00c9tat Equatoguin\u00e9en.<\/p>\n<\/blockquote>\n\n\n\n<p><strong><em>SOURCE: Pr\u00e9sidence de la R\u00e9publique de Guin\u00e9e \u00c9quatoriale.<\/em><\/strong><\/p>\n","protected":false},"excerpt":{"rendered":"<p>Le Pr\u00e9sident de la R\u00e9publique de Guin\u00e9e \u00c9quatoriale , Pr\u00e9sident en exercice de la Communaut\u00e9 \u00c9conomique des Etats de l&#8217;Afrique Centrale, CEEAC, Obiang Nguema Mbasogo, a pr\u00e9sid\u00e9 le lundi 1er d\u00e9cembre 2025 la huiti\u00e8me Conf\u00e9rence extraordinaire du Conseil de paix et de s\u00e9curit\u00e9 communautaire. Le sommet s&#8217;est d\u00e9roul\u00e9 par visioconf\u00e9rence.<\/p>\n","protected":false},"author":3,"featured_media":10347,"comment_status":"closed","ping_status":"open","sticky":false,"template":"","format":"standard","meta":{"colormag_page_container_layout":"default_layout","colormag_page_sidebar_layout":"default_layout","_jetpack_memberships_contains_paid_content":false,"footnotes":"","jetpack_publicize_message":"","jetpack_publicize_feature_enabled":true,"jetpack_social_post_already_shared":true,"jetpack_social_options":{"image_generator_settings":{"template":"highway","default_image_id":0,"font":"","enabled":false},"version":2}},"categories":[51],"tags":[],"class_list":["post-10345","post","type-post","status-publish","format-standard","has-post-thumbnail","hentry","category-diplomatie"],"magazineBlocksPostFeaturedMedia":{"thumbnail":"https:\/\/www.lejournalci.org\/wp-content\/uploads\/2025\/12\/1001509887-edited-150x150.jpg","medium":"https:\/\/www.lejournalci.org\/wp-content\/uploads\/2025\/12\/1001509887-edited-300x169.jpg","medium_large":"https:\/\/www.lejournalci.org\/wp-content\/uploads\/2025\/12\/1001509887-edited-768x432.jpg","large":"https:\/\/www.lejournalci.org\/wp-content\/uploads\/2025\/12\/1001509887-edited-1024x576.jpg","1536x1536":"https:\/\/www.lejournalci.org\/wp-content\/uploads\/2025\/12\/1001509887-edited-1536x863.jpg","2048x2048":"https:\/\/www.lejournalci.org\/wp-content\/uploads\/2025\/12\/1001509887-edited.jpg","colormag-highlighted-post":"https:\/\/www.lejournalci.org\/wp-content\/uploads\/2025\/12\/1001509887-edited-392x272.jpg","colormag-featured-post-medium":"https:\/\/www.lejournalci.org\/wp-content\/uploads\/2025\/12\/1001509887-edited-390x205.jpg","colormag-featured-post-small":"https:\/\/www.lejournalci.org\/wp-content\/uploads\/2025\/12\/1001509887-edited-130x90.jpg","colormag-featured-image":"https:\/\/www.lejournalci.org\/wp-content\/uploads\/2025\/12\/1001509887-edited-800x445.jpg","colormag-default-news":"https:\/\/www.lejournalci.org\/wp-content\/uploads\/2025\/12\/1001509887-edited-150x150.jpg","colormag-featured-image-large":"https:\/\/www.lejournalci.org\/wp-content\/uploads\/2025\/12\/1001509887-edited-1400x600.jpg"},"magazineBlocksPostAuthor":{"name":"La R\u00e9daction CI","avatar":"https:\/\/secure.gravatar.com\/avatar\/e63ab2ab378e283740d8889fbe2ec43fdcee7ac714a480d705f61cb1e5675c4c?s=96&d=mm&r=g"},"magazineBlocksPostCommentsNumber":false,"magazineBlocksPostExcerpt":"Le Pr\u00e9sident de la R\u00e9publique de Guin\u00e9e \u00c9quatoriale , Pr\u00e9sident en exercice de la Communaut\u00e9 \u00c9conomique des Etats de l&#8217;Afrique Centrale, CEEAC, Obiang Nguema Mbasogo, a pr\u00e9sid\u00e9 le lundi 1er d\u00e9cembre 2025 la huiti\u00e8me Conf\u00e9rence extraordinaire du Conseil de paix et de s\u00e9curit\u00e9 communautaire. Le sommet s&#8217;est d\u00e9roul\u00e9 par visioconf\u00e9rence.","magazineBlocksPostCategories":["DIPLOMATIE"],"magazineBlocksPostViewCount":576,"magazineBlocksPostReadTime":2,"magazine_blocks_featured_image_url":{"full":["https:\/\/www.lejournalci.org\/wp-content\/uploads\/2025\/12\/1001509887-edited.jpg",2048,1151,false],"medium":["https:\/\/www.lejournalci.org\/wp-content\/uploads\/2025\/12\/1001509887-edited-300x169.jpg",300,169,true],"thumbnail":["https:\/\/www.lejournalci.org\/wp-content\/uploads\/2025\/12\/1001509887-edited-150x150.jpg",150,150,true]},"magazine_blocks_author":{"display_name":"La R\u00e9daction CI","author_link":"https:\/\/www.lejournalci.org\/index.php\/author\/noebricendongyahoo-fr\/"},"magazine_blocks_comment":0,"magazine_blocks_author_image":"https:\/\/secure.gravatar.com\/avatar\/e63ab2ab378e283740d8889fbe2ec43fdcee7ac714a480d705f61cb1e5675c4c?s=96&d=mm&r=g","magazine_blocks_category":"<a href=\"#\" class=\"category-link category-link-51\">DIPLOMATIE<\/a>","yoast_head":"<!-- This site is optimized with the Yoast SEO plugin v26.2 - https:\/\/yoast.com\/wordpress\/plugins\/seo\/ -->\n<title>CEEAC : Obiang Nguema Mbasogo pr\u00e9side le 8e Conseil de Paix et de S\u00e9curit\u00e9 Communautaire - Cooperation Internationale<\/title>\n<meta name=\"robots\" content=\"index, follow, max-snippet:-1, max-image-preview:large, max-video-preview:-1\" \/>\n<link rel=\"canonical\" href=\"https:\/\/www.lejournalci.org\/index.php\/2025\/12\/03\/ceeac-securite-le-president-obiang-nguema-mbasogo-preside-le-8e-conseil-de-paix-et-de-securite-communautaire\/\" \/>\n<meta property=\"og:locale\" content=\"fr_FR\" \/>\n<meta property=\"og:type\" content=\"article\" \/>\n<meta property=\"og:title\" content=\"CEEAC : Obiang Nguema Mbasogo pr\u00e9side le 8e Conseil de Paix et de S\u00e9curit\u00e9 Communautaire - Cooperation Internationale\" \/>\n<meta property=\"og:description\" content=\"Le Pr\u00e9sident de la R\u00e9publique de Guin\u00e9e \u00c9quatoriale , Pr\u00e9sident en exercice de la Communaut\u00e9 \u00c9conomique des Etats de l&#8217;Afrique Centrale, CEEAC, Obiang Nguema Mbasogo, a pr\u00e9sid\u00e9 le lundi 1er d\u00e9cembre 2025 la huiti\u00e8me Conf\u00e9rence extraordinaire du Conseil de paix et de s\u00e9curit\u00e9 communautaire. Le sommet s&#8217;est d\u00e9roul\u00e9 par visioconf\u00e9rence.\" \/>\n<meta property=\"og:url\" content=\"https:\/\/www.lejournalci.org\/index.php\/2025\/12\/03\/ceeac-securite-le-president-obiang-nguema-mbasogo-preside-le-8e-conseil-de-paix-et-de-securite-communautaire\/\" \/>\n<meta property=\"og:site_name\" content=\"Cooperation Internationale\" \/>\n<meta property=\"article:publisher\" content=\"https:\/\/www.facebook.com\/journalCI\/\" \/>\n<meta property=\"article:published_time\" content=\"2025-12-03T15:18:31+00:00\" \/>\n<meta property=\"article:modified_time\" content=\"2025-12-03T18:05:25+00:00\" \/>\n<meta property=\"og:image\" content=\"https:\/\/www.lejournalci.org\/wp-content\/uploads\/2025\/12\/1001509887-edited.jpg\" \/>\n\t<meta property=\"og:image:width\" content=\"2048\" \/>\n\t<meta property=\"og:image:height\" content=\"1151\" \/>\n\t<meta property=\"og:image:type\" content=\"image\/jpeg\" \/>\n<meta name=\"author\" content=\"La R\u00e9daction CI\" \/>\n<meta name=\"twitter:card\" content=\"summary_large_image\" \/>\n<meta name=\"twitter:creator\" content=\"@lejournalc\" \/>\n<meta name=\"twitter:site\" content=\"@lejournalc\" \/>\n<meta name=\"twitter:label1\" content=\"\u00c9crit par\" \/>\n\t<meta name=\"twitter:data1\" content=\"La R\u00e9daction CI\" \/>\n\t<meta name=\"twitter:label2\" content=\"Dur\u00e9e de lecture estim\u00e9e\" \/>\n\t<meta name=\"twitter:data2\" content=\"2 minutes\" \/>\n<script type=\"application\/ld+json\" class=\"yoast-schema-graph\">{\"@context\":\"https:\/\/schema.org\",\"@graph\":[{\"@type\":\"Article\",\"@id\":\"https:\/\/www.lejournalci.org\/index.php\/2025\/12\/03\/ceeac-securite-le-president-obiang-nguema-mbasogo-preside-le-8e-conseil-de-paix-et-de-securite-communautaire\/#article\",\"isPartOf\":{\"@id\":\"https:\/\/www.lejournalci.org\/index.php\/2025\/12\/03\/ceeac-securite-le-president-obiang-nguema-mbasogo-preside-le-8e-conseil-de-paix-et-de-securite-communautaire\/\"},\"author\":{\"name\":\"La R\u00e9daction CI\",\"@id\":\"https:\/\/www.lejournalci.org\/#\/schema\/person\/2efe42dc5459aaaf6d89cb27e736002b\"},\"headline\":\"CEEAC : Obiang Nguema Mbasogo pr\u00e9side le 8e Conseil de Paix et de S\u00e9curit\u00e9 Communautaire\",\"datePublished\":\"2025-12-03T15:18:31+00:00\",\"dateModified\":\"2025-12-03T18:05:25+00:00\",\"mainEntityOfPage\":{\"@id\":\"https:\/\/www.lejournalci.org\/index.php\/2025\/12\/03\/ceeac-securite-le-president-obiang-nguema-mbasogo-preside-le-8e-conseil-de-paix-et-de-securite-communautaire\/\"},\"wordCount\":369,\"publisher\":{\"@id\":\"https:\/\/www.lejournalci.org\/#organization\"},\"image\":{\"@id\":\"https:\/\/www.lejournalci.org\/index.php\/2025\/12\/03\/ceeac-securite-le-president-obiang-nguema-mbasogo-preside-le-8e-conseil-de-paix-et-de-securite-communautaire\/#primaryimage\"},\"thumbnailUrl\":\"https:\/\/www.lejournalci.org\/wp-content\/uploads\/2025\/12\/1001509887-edited.jpg\",\"articleSection\":[\"DIPLOMATIE\"],\"inLanguage\":\"fr-FR\"},{\"@type\":\"WebPage\",\"@id\":\"https:\/\/www.lejournalci.org\/index.php\/2025\/12\/03\/ceeac-securite-le-president-obiang-nguema-mbasogo-preside-le-8e-conseil-de-paix-et-de-securite-communautaire\/\",\"url\":\"https:\/\/www.lejournalci.org\/index.php\/2025\/12\/03\/ceeac-securite-le-president-obiang-nguema-mbasogo-preside-le-8e-conseil-de-paix-et-de-securite-communautaire\/\",\"name\":\"CEEAC : Obiang Nguema Mbasogo pr\u00e9side le 8e Conseil de Paix et de S\u00e9curit\u00e9 Communautaire - Cooperation Internationale\",\"isPartOf\":{\"@id\":\"https:\/\/www.lejournalci.org\/#website\"},\"primaryImageOfPage\":{\"@id\":\"https:\/\/www.lejournalci.org\/index.php\/2025\/12\/03\/ceeac-securite-le-president-obiang-nguema-mbasogo-preside-le-8e-conseil-de-paix-et-de-securite-communautaire\/#primaryimage\"},\"image\":{\"@id\":\"https:\/\/www.lejournalci.org\/index.php\/2025\/12\/03\/ceeac-securite-le-president-obiang-nguema-mbasogo-preside-le-8e-conseil-de-paix-et-de-securite-communautaire\/#primaryimage\"},\"thumbnailUrl\":\"https:\/\/www.lejournalci.org\/wp-content\/uploads\/2025\/12\/1001509887-edited.jpg\",\"datePublished\":\"2025-12-03T15:18:31+00:00\",\"dateModified\":\"2025-12-03T18:05:25+00:00\",\"breadcrumb\":{\"@id\":\"https:\/\/www.lejournalci.org\/index.php\/2025\/12\/03\/ceeac-securite-le-president-obiang-nguema-mbasogo-preside-le-8e-conseil-de-paix-et-de-securite-communautaire\/#breadcrumb\"},\"inLanguage\":\"fr-FR\",\"potentialAction\":[{\"@type\":\"ReadAction\",\"target\":[\"https:\/\/www.lejournalci.org\/index.php\/2025\/12\/03\/ceeac-securite-le-president-obiang-nguema-mbasogo-preside-le-8e-conseil-de-paix-et-de-securite-communautaire\/\"]}]},{\"@type\":\"ImageObject\",\"inLanguage\":\"fr-FR\",\"@id\":\"https:\/\/www.lejournalci.org\/index.php\/2025\/12\/03\/ceeac-securite-le-president-obiang-nguema-mbasogo-preside-le-8e-conseil-de-paix-et-de-securite-communautaire\/#primaryimage\",\"url\":\"https:\/\/www.lejournalci.org\/wp-content\/uploads\/2025\/12\/1001509887-edited.jpg\",\"contentUrl\":\"https:\/\/www.lejournalci.org\/wp-content\/uploads\/2025\/12\/1001509887-edited.jpg\",\"width\":2048,\"height\":1151},{\"@type\":\"BreadcrumbList\",\"@id\":\"https:\/\/www.lejournalci.org\/index.php\/2025\/12\/03\/ceeac-securite-le-president-obiang-nguema-mbasogo-preside-le-8e-conseil-de-paix-et-de-securite-communautaire\/#breadcrumb\",\"itemListElement\":[{\"@type\":\"ListItem\",\"position\":1,\"name\":\"Accueil\",\"item\":\"https:\/\/www.lejournalci.org\/\"},{\"@type\":\"ListItem\",\"position\":2,\"name\":\"CEEAC : Obiang Nguema Mbasogo pr\u00e9side le 8e Conseil de Paix et de S\u00e9curit\u00e9 Communautaire\"}]},{\"@type\":\"WebSite\",\"@id\":\"https:\/\/www.lejournalci.org\/#website\",\"url\":\"https:\/\/www.lejournalci.org\/\",\"name\":\"Cooperation Internationale\",\"description\":\"Faire de la Coop\u00e9ration un Puissant Instrument de D\u00e9veloppement\",\"publisher\":{\"@id\":\"https:\/\/www.lejournalci.org\/#organization\"},\"potentialAction\":[{\"@type\":\"SearchAction\",\"target\":{\"@type\":\"EntryPoint\",\"urlTemplate\":\"https:\/\/www.lejournalci.org\/?s={search_term_string}\"},\"query-input\":{\"@type\":\"PropertyValueSpecification\",\"valueRequired\":true,\"valueName\":\"search_term_string\"}}],\"inLanguage\":\"fr-FR\"},{\"@type\":\"Organization\",\"@id\":\"https:\/\/www.lejournalci.org\/#organization\",\"name\":\"Cooperation Internationale\",\"url\":\"https:\/\/www.lejournalci.org\/\",\"logo\":{\"@type\":\"ImageObject\",\"inLanguage\":\"fr-FR\",\"@id\":\"https:\/\/www.lejournalci.org\/#\/schema\/logo\/image\/\",\"url\":\"https:\/\/www.lejournalci.org\/wp-content\/uploads\/2024\/12\/logo-coopint_HD_3.jpg\",\"contentUrl\":\"https:\/\/www.lejournalci.org\/wp-content\/uploads\/2024\/12\/logo-coopint_HD_3.jpg\",\"width\":700,\"height\":214,\"caption\":\"Cooperation Internationale\"},\"image\":{\"@id\":\"https:\/\/www.lejournalci.org\/#\/schema\/logo\/image\/\"},\"sameAs\":[\"https:\/\/www.facebook.com\/journalCI\/\",\"https:\/\/x.com\/lejournalc\"]},{\"@type\":\"Person\",\"@id\":\"https:\/\/www.lejournalci.org\/#\/schema\/person\/2efe42dc5459aaaf6d89cb27e736002b\",\"name\":\"La R\u00e9daction CI\",\"image\":{\"@type\":\"ImageObject\",\"inLanguage\":\"fr-FR\",\"@id\":\"https:\/\/www.lejournalci.org\/#\/schema\/person\/image\/\",\"url\":\"https:\/\/secure.gravatar.com\/avatar\/e63ab2ab378e283740d8889fbe2ec43fdcee7ac714a480d705f61cb1e5675c4c?s=96&d=mm&r=g\",\"contentUrl\":\"https:\/\/secure.gravatar.com\/avatar\/e63ab2ab378e283740d8889fbe2ec43fdcee7ac714a480d705f61cb1e5675c4c?s=96&d=mm&r=g\",\"caption\":\"La R\u00e9daction CI\"},\"url\":\"https:\/\/www.lejournalci.org\/index.php\/author\/noebricendongyahoo-fr\/\"}]}<\/script>\n<!-- \/ Yoast SEO plugin. -->","yoast_head_json":{"title":"CEEAC : Obiang Nguema Mbasogo pr\u00e9side le 8e Conseil de Paix et de S\u00e9curit\u00e9 Communautaire - Cooperation Internationale","robots":{"index":"index","follow":"follow","max-snippet":"max-snippet:-1","max-image-preview":"max-image-preview:large","max-video-preview":"max-video-preview:-1"},"canonical":"https:\/\/www.lejournalci.org\/index.php\/2025\/12\/03\/ceeac-securite-le-president-obiang-nguema-mbasogo-preside-le-8e-conseil-de-paix-et-de-securite-communautaire\/","og_locale":"fr_FR","og_type":"article","og_title":"CEEAC : Obiang Nguema Mbasogo pr\u00e9side le 8e Conseil de Paix et de S\u00e9curit\u00e9 Communautaire - Cooperation Internationale","og_description":"Le Pr\u00e9sident de la R\u00e9publique de Guin\u00e9e \u00c9quatoriale , Pr\u00e9sident en exercice de la Communaut\u00e9 \u00c9conomique des Etats de l&#8217;Afrique Centrale, CEEAC, Obiang Nguema Mbasogo, a pr\u00e9sid\u00e9 le lundi 1er d\u00e9cembre 2025 la huiti\u00e8me Conf\u00e9rence extraordinaire du Conseil de paix et de s\u00e9curit\u00e9 communautaire. Le sommet s&#8217;est d\u00e9roul\u00e9 par visioconf\u00e9rence.","og_url":"https:\/\/www.lejournalci.org\/index.php\/2025\/12\/03\/ceeac-securite-le-president-obiang-nguema-mbasogo-preside-le-8e-conseil-de-paix-et-de-securite-communautaire\/","og_site_name":"Cooperation Internationale","article_publisher":"https:\/\/www.facebook.com\/journalCI\/","article_published_time":"2025-12-03T15:18:31+00:00","article_modified_time":"2025-12-03T18:05:25+00:00","og_image":[{"width":2048,"height":1151,"url":"https:\/\/www.lejournalci.org\/wp-content\/uploads\/2025\/12\/1001509887-edited.jpg","type":"image\/jpeg"}],"author":"La R\u00e9daction CI","twitter_card":"summary_large_image","twitter_creator":"@lejournalc","twitter_site":"@lejournalc","twitter_misc":{"\u00c9crit par":"La R\u00e9daction CI","Dur\u00e9e de lecture estim\u00e9e":"2 minutes"},"schema":{"@context":"https:\/\/schema.org","@graph":[{"@type":"Article","@id":"https:\/\/www.lejournalci.org\/index.php\/2025\/12\/03\/ceeac-securite-le-president-obiang-nguema-mbasogo-preside-le-8e-conseil-de-paix-et-de-securite-communautaire\/#article","isPartOf":{"@id":"https:\/\/www.lejournalci.org\/index.php\/2025\/12\/03\/ceeac-securite-le-president-obiang-nguema-mbasogo-preside-le-8e-conseil-de-paix-et-de-securite-communautaire\/"},"author":{"name":"La R\u00e9daction CI","@id":"https:\/\/www.lejournalci.org\/#\/schema\/person\/2efe42dc5459aaaf6d89cb27e736002b"},"headline":"CEEAC : Obiang Nguema Mbasogo pr\u00e9side le 8e Conseil de Paix et de S\u00e9curit\u00e9 Communautaire","datePublished":"2025-12-03T15:18:31+00:00","dateModified":"2025-12-03T18:05:25+00:00","mainEntityOfPage":{"@id":"https:\/\/www.lejournalci.org\/index.php\/2025\/12\/03\/ceeac-securite-le-president-obiang-nguema-mbasogo-preside-le-8e-conseil-de-paix-et-de-securite-communautaire\/"},"wordCount":369,"publisher":{"@id":"https:\/\/www.lejournalci.org\/#organization"},"image":{"@id":"https:\/\/www.lejournalci.org\/index.php\/2025\/12\/03\/ceeac-securite-le-president-obiang-nguema-mbasogo-preside-le-8e-conseil-de-paix-et-de-securite-communautaire\/#primaryimage"},"thumbnailUrl":"https:\/\/www.lejournalci.org\/wp-content\/uploads\/2025\/12\/1001509887-edited.jpg","articleSection":["DIPLOMATIE"],"inLanguage":"fr-FR"},{"@type":"WebPage","@id":"https:\/\/www.lejournalci.org\/index.php\/2025\/12\/03\/ceeac-securite-le-president-obiang-nguema-mbasogo-preside-le-8e-conseil-de-paix-et-de-securite-communautaire\/","url":"https:\/\/www.lejournalci.org\/index.php\/2025\/12\/03\/ceeac-securite-le-president-obiang-nguema-mbasogo-preside-le-8e-conseil-de-paix-et-de-securite-communautaire\/","name":"CEEAC : Obiang Nguema Mbasogo pr\u00e9side le 8e Conseil de Paix et de S\u00e9curit\u00e9 Communautaire - Cooperation Internationale","isPartOf":{"@id":"https:\/\/www.lejournalci.org\/#website"},"primaryImageOfPage":{"@id":"https:\/\/www.lejournalci.org\/index.php\/2025\/12\/03\/ceeac-securite-le-president-obiang-nguema-mbasogo-preside-le-8e-conseil-de-paix-et-de-securite-communautaire\/#primaryimage"},"image":{"@id":"https:\/\/www.lejournalci.org\/index.php\/2025\/12\/03\/ceeac-securite-le-president-obiang-nguema-mbasogo-preside-le-8e-conseil-de-paix-et-de-securite-communautaire\/#primaryimage"},"thumbnailUrl":"https:\/\/www.lejournalci.org\/wp-content\/uploads\/2025\/12\/1001509887-edited.jpg","datePublished":"2025-12-03T15:18:31+00:00","dateModified":"2025-12-03T18:05:25+00:00","breadcrumb":{"@id":"https:\/\/www.lejournalci.org\/index.php\/2025\/12\/03\/ceeac-securite-le-president-obiang-nguema-mbasogo-preside-le-8e-conseil-de-paix-et-de-securite-communautaire\/#breadcrumb"},"inLanguage":"fr-FR","potentialAction":[{"@type":"ReadAction","target":["https:\/\/www.lejournalci.org\/index.php\/2025\/12\/03\/ceeac-securite-le-president-obiang-nguema-mbasogo-preside-le-8e-conseil-de-paix-et-de-securite-communautaire\/"]}]},{"@type":"ImageObject","inLanguage":"fr-FR","@id":"https:\/\/www.lejournalci.org\/index.php\/2025\/12\/03\/ceeac-securite-le-president-obiang-nguema-mbasogo-preside-le-8e-conseil-de-paix-et-de-securite-communautaire\/#primaryimage","url":"https:\/\/www.lejournalci.org\/wp-content\/uploads\/2025\/12\/1001509887-edited.jpg","contentUrl":"https:\/\/www.lejournalci.org\/wp-content\/uploads\/2025\/12\/1001509887-edited.jpg","width":2048,"height":1151},{"@type":"BreadcrumbList","@id":"https:\/\/www.lejournalci.org\/index.php\/2025\/12\/03\/ceeac-securite-le-president-obiang-nguema-mbasogo-preside-le-8e-conseil-de-paix-et-de-securite-communautaire\/#breadcrumb","itemListElement":[{"@type":"ListItem","position":1,"name":"Accueil","item":"https:\/\/www.lejournalci.org\/"},{"@type":"ListItem","position":2,"name":"CEEAC : Obiang Nguema Mbasogo pr\u00e9side le 8e Conseil de Paix et de S\u00e9curit\u00e9 Communautaire"}]},{"@type":"WebSite","@id":"https:\/\/www.lejournalci.org\/#website","url":"https:\/\/www.lejournalci.org\/","name":"Cooperation Internationale","description":"Faire de la Coop\u00e9ration un Puissant Instrument de D\u00e9veloppement","publisher":{"@id":"https:\/\/www.lejournalci.org\/#organization"},"potentialAction":[{"@type":"SearchAction","target":{"@type":"EntryPoint","urlTemplate":"https:\/\/www.lejournalci.org\/?s={search_term_string}"},"query-input":{"@type":"PropertyValueSpecification","valueRequired":true,"valueName":"search_term_string"}}],"inLanguage":"fr-FR"},{"@type":"Organization","@id":"https:\/\/www.lejournalci.org\/#organization","name":"Cooperation Internationale","url":"https:\/\/www.lejournalci.org\/","logo":{"@type":"ImageObject","inLanguage":"fr-FR","@id":"https:\/\/www.lejournalci.org\/#\/schema\/logo\/image\/","url":"https:\/\/www.lejournalci.org\/wp-content\/uploads\/2024\/12\/logo-coopint_HD_3.jpg","contentUrl":"https:\/\/www.lejournalci.org\/wp-content\/uploads\/2024\/12\/logo-coopint_HD_3.jpg","width":700,"height":214,"caption":"Cooperation Internationale"},"image":{"@id":"https:\/\/www.lejournalci.org\/#\/schema\/logo\/image\/"},"sameAs":["https:\/\/www.facebook.com\/journalCI\/","https:\/\/x.com\/lejournalc"]},{"@type":"Person","@id":"https:\/\/www.lejournalci.org\/#\/schema\/person\/2efe42dc5459aaaf6d89cb27e736002b","name":"La R\u00e9daction CI","image":{"@type":"ImageObject","inLanguage":"fr-FR","@id":"https:\/\/www.lejournalci.org\/#\/schema\/person\/image\/","url":"https:\/\/secure.gravatar.com\/avatar\/e63ab2ab378e283740d8889fbe2ec43fdcee7ac714a480d705f61cb1e5675c4c?s=96&d=mm&r=g","contentUrl":"https:\/\/secure.gravatar.com\/avatar\/e63ab2ab378e283740d8889fbe2ec43fdcee7ac714a480d705f61cb1e5675c4c?s=96&d=mm&r=g","caption":"La R\u00e9daction CI"},"url":"https:\/\/www.lejournalci.org\/index.php\/author\/noebricendongyahoo-fr\/"}]}},"jetpack_publicize_connections":[],"jetpack_featured_media_url":"https:\/\/www.lejournalci.org\/wp-content\/uploads\/2025\/12\/1001509887-edited.jpg","jetpack_sharing_enabled":true,"_links":{"self":[{"href":"https:\/\/www.lejournalci.org\/index.php\/wp-json\/wp\/v2\/posts\/10345","targetHints":{"allow":["GET"]}}],"collection":[{"href":"https:\/\/www.lejournalci.org\/index.php\/wp-json\/wp\/v2\/posts"}],"about":[{"href":"https:\/\/www.lejournalci.org\/index.php\/wp-json\/wp\/v2\/types\/post"}],"author":[{"embeddable":true,"href":"https:\/\/www.lejournalci.org\/index.php\/wp-json\/wp\/v2\/users\/3"}],"replies":[{"embeddable":true,"href":"https:\/\/www.lejournalci.org\/index.php\/wp-json\/wp\/v2\/comments?post=10345"}],"version-history":[{"count":2,"href":"https:\/\/www.lejournalci.org\/index.php\/wp-json\/wp\/v2\/posts\/10345\/revisions"}],"predecessor-version":[{"id":10357,"href":"https:\/\/www.lejournalci.org\/index.php\/wp-json\/wp\/v2\/posts\/10345\/revisions\/10357"}],"wp:featuredmedia":[{"embeddable":true,"href":"https:\/\/www.lejournalci.org\/index.php\/wp-json\/wp\/v2\/media\/10347"}],"wp:attachment":[{"href":"https:\/\/www.lejournalci.org\/index.php\/wp-json\/wp\/v2\/media?parent=10345"}],"wp:term":[{"taxonomy":"category","embeddable":true,"href":"https:\/\/www.lejournalci.org\/index.php\/wp-json\/wp\/v2\/categories?post=10345"},{"taxonomy":"post_tag","embeddable":true,"href":"https:\/\/www.lejournalci.org\/index.php\/wp-json\/wp\/v2\/tags?post=10345"}],"curies":[{"name":"wp","href":"https:\/\/api.w.org\/{rel}","templated":true}]}}