{"id":10332,"date":"2025-12-03T09:55:44","date_gmt":"2025-12-03T09:55:44","guid":{"rendered":"https:\/\/www.lejournalci.org\/?p=10332"},"modified":"2025-12-03T09:55:45","modified_gmt":"2025-12-03T09:55:45","slug":"mines-le-groupe-ivoirien-atlantic-acquiert-la-mine-dor-de-tongon","status":"publish","type":"post","link":"https:\/\/www.lejournalci.org\/index.php\/2025\/12\/03\/mines-le-groupe-ivoirien-atlantic-acquiert-la-mine-dor-de-tongon\/","title":{"rendered":"Mines: Le Groupe Ivoirien Atlantic acquiert la mine d&#8217;or de Tongon"},"content":{"rendered":"\n<p>Atlantic Group a annonc\u00e9 la finalisation de l\u2019acquisition des participations du groupe Barrick dans la mine d\u2019or de Tongon, apr\u00e8s l\u2019obtention de toutes les autorisations r\u00e9glementaires n\u00e9cessaires. Cette op\u00e9ration marque une \u00e9tape majeure pour le conglom\u00e9rat ivoirien, qui fait son entr\u00e9e dans l\u2019industrie aurif\u00e8re tout en renfor\u00e7ant sa strat\u00e9gie de croissance ma\u00eetris\u00e9e.<\/p>\n\n\n\n<p>Pour soutenir cette acquisition strat\u00e9gique, Atlantic Group a conclu un financement de 150 millions USD, soit environ 93 milliards FCFA, avec Appian Capital Advisory, important investisseur international dans le secteur minier. En plus du financement, Appian fournira une expertise technique pour accompagner l\u2019exploration et l\u2019exploitation de la mine.<\/p>\n\n\n\n<p>\u00ab Nous sommes heureux d\u2019accompagner Atlantic Group dans l\u2019acquisition de la mine d\u2019or de Tongon, un actif dot\u00e9 d\u2019un fort potentiel de croissance et d\u2019extension de sa dur\u00e9e de vie \u00bb, a d\u00e9clar\u00e9 Michael W. Scherb, fondateur et CEO d\u2019Appian.<\/p>\n\n\n\n<p>Kon\u00e9 Dossongui, fondateur et pr\u00e9sident d\u2019Atlantic Group, a salu\u00e9 un partenariat strat\u00e9gique de premier plan : \u00ab bien plus qu\u2019un financier, Appian est pour nous un partenaire strat\u00e9gique engag\u00e9, dot\u00e9 d&#8217;une solide expertise et d\u2019une renomm\u00e9e mondiale dans le secteur minier \u00bb.<\/p>\n\n\n\n<p>Avec une pr\u00e9sence dans plus de 15 pays africains, le groupe cr\u00e9e par l\u2019homme d\u2019affaires ivoirien poursuit sa vision d\u2019excellence et de souverainet\u00e9 \u00e9conomique, tandis qu\u2019Appian confirme son positionnement global dans l\u2019investissement minier.<\/p>\n","protected":false},"excerpt":{"rendered":"<p>Atlantic Group a annonc\u00e9 la finalisation de l\u2019acquisition des participations du groupe Barrick dans la mine d\u2019or de Tongon, apr\u00e8s l\u2019obtention de toutes les autorisations r\u00e9glementaires n\u00e9cessaires. Cette op\u00e9ration marque une \u00e9tape majeure pour le conglom\u00e9rat ivoirien, qui fait son entr\u00e9e dans l\u2019industrie aurif\u00e8re tout en renfor\u00e7ant sa strat\u00e9gie de<\/p>\n","protected":false},"author":3,"featured_media":10335,"comment_status":"closed","ping_status":"open","sticky":false,"template":"","format":"standard","meta":{"colormag_page_container_layout":"default_layout","colormag_page_sidebar_layout":"default_layout","_jetpack_memberships_contains_paid_content":false,"footnotes":"","jetpack_publicize_message":"","jetpack_publicize_feature_enabled":true,"jetpack_social_post_already_shared":true,"jetpack_social_options":{"image_generator_settings":{"template":"highway","default_image_id":0,"font":"","enabled":false},"version":2}},"categories":[52],"tags":[],"class_list":["post-10332","post","type-post","status-publish","format-standard","has-post-thumbnail","hentry","category-economie"],"magazineBlocksPostFeaturedMedia":{"thumbnail":"https:\/\/www.lejournalci.org\/wp-content\/uploads\/2025\/12\/1001508695-edited-150x150.jpg","medium":"https:\/\/www.lejournalci.org\/wp-content\/uploads\/2025\/12\/1001508695-edited-300x200.jpg","medium_large":"https:\/\/www.lejournalci.org\/wp-content\/uploads\/2025\/12\/1001508695-edited-768x512.jpg","large":"https:\/\/www.lejournalci.org\/wp-content\/uploads\/2025\/12\/1001508695-edited.jpg","1536x1536":"https:\/\/www.lejournalci.org\/wp-content\/uploads\/2025\/12\/1001508695-edited.jpg","2048x2048":"https:\/\/www.lejournalci.org\/wp-content\/uploads\/2025\/12\/1001508695-edited.jpg","colormag-highlighted-post":"https:\/\/www.lejournalci.org\/wp-content\/uploads\/2025\/12\/1001508695-edited-392x272.jpg","colormag-featured-post-medium":"https:\/\/www.lejournalci.org\/wp-content\/uploads\/2025\/12\/1001508695-edited-390x205.jpg","colormag-featured-post-small":"https:\/\/www.lejournalci.org\/wp-content\/uploads\/2025\/12\/1001508695-edited-130x90.jpg","colormag-featured-image":"https:\/\/www.lejournalci.org\/wp-content\/uploads\/2025\/12\/1001508695-edited-795x445.jpg","colormag-default-news":"https:\/\/www.lejournalci.org\/wp-content\/uploads\/2025\/12\/1001508695-edited-150x150.jpg","colormag-featured-image-large":"https:\/\/www.lejournalci.org\/wp-content\/uploads\/2025\/12\/1001508695-edited.jpg"},"magazineBlocksPostAuthor":{"name":"La R\u00e9daction CI","avatar":"https:\/\/secure.gravatar.com\/avatar\/e63ab2ab378e283740d8889fbe2ec43fdcee7ac714a480d705f61cb1e5675c4c?s=96&d=mm&r=g"},"magazineBlocksPostCommentsNumber":false,"magazineBlocksPostExcerpt":"Atlantic Group a annonc\u00e9 la finalisation de l\u2019acquisition des participations du groupe Barrick dans la mine d\u2019or de Tongon, apr\u00e8s l\u2019obtention de toutes les autorisations r\u00e9glementaires n\u00e9cessaires. Cette op\u00e9ration marque une \u00e9tape majeure pour le conglom\u00e9rat ivoirien, qui fait son entr\u00e9e dans l\u2019industrie aurif\u00e8re tout en renfor\u00e7ant sa strat\u00e9gie de","magazineBlocksPostCategories":["ECONOMIE"],"magazineBlocksPostViewCount":510,"magazineBlocksPostReadTime":2,"magazine_blocks_featured_image_url":{"full":["https:\/\/www.lejournalci.org\/wp-content\/uploads\/2025\/12\/1001508695-edited.jpg",795,530,false],"medium":["https:\/\/www.lejournalci.org\/wp-content\/uploads\/2025\/12\/1001508695-edited-300x200.jpg",300,200,true],"thumbnail":["https:\/\/www.lejournalci.org\/wp-content\/uploads\/2025\/12\/1001508695-edited-150x150.jpg",150,150,true]},"magazine_blocks_author":{"display_name":"La R\u00e9daction CI","author_link":"https:\/\/www.lejournalci.org\/index.php\/author\/noebricendongyahoo-fr\/"},"magazine_blocks_comment":0,"magazine_blocks_author_image":"https:\/\/secure.gravatar.com\/avatar\/e63ab2ab378e283740d8889fbe2ec43fdcee7ac714a480d705f61cb1e5675c4c?s=96&d=mm&r=g","magazine_blocks_category":"<a href=\"#\" class=\"category-link category-link-52\">ECONOMIE<\/a>","yoast_head":"<!-- This site is optimized with the Yoast SEO plugin v26.2 - https:\/\/yoast.com\/wordpress\/plugins\/seo\/ -->\n<title>Mines: Le Groupe Ivoirien Atlantic acquiert la mine d&#039;or de Tongon - Cooperation Internationale<\/title>\n<meta name=\"robots\" content=\"index, follow, max-snippet:-1, max-image-preview:large, max-video-preview:-1\" \/>\n<link rel=\"canonical\" href=\"https:\/\/www.lejournalci.org\/index.php\/2025\/12\/03\/mines-le-groupe-ivoirien-atlantic-acquiert-la-mine-dor-de-tongon\/\" \/>\n<meta property=\"og:locale\" content=\"fr_FR\" \/>\n<meta property=\"og:type\" content=\"article\" \/>\n<meta property=\"og:title\" content=\"Mines: Le Groupe Ivoirien Atlantic acquiert la mine d&#039;or de Tongon - Cooperation Internationale\" \/>\n<meta property=\"og:description\" content=\"Atlantic Group a annonc\u00e9 la finalisation de l\u2019acquisition des participations du groupe Barrick dans la mine d\u2019or de Tongon, apr\u00e8s l\u2019obtention de toutes les autorisations r\u00e9glementaires n\u00e9cessaires. Cette op\u00e9ration marque une \u00e9tape majeure pour le conglom\u00e9rat ivoirien, qui fait son entr\u00e9e dans l\u2019industrie aurif\u00e8re tout en renfor\u00e7ant sa strat\u00e9gie de\" \/>\n<meta property=\"og:url\" content=\"https:\/\/www.lejournalci.org\/index.php\/2025\/12\/03\/mines-le-groupe-ivoirien-atlantic-acquiert-la-mine-dor-de-tongon\/\" \/>\n<meta property=\"og:site_name\" content=\"Cooperation Internationale\" \/>\n<meta property=\"article:publisher\" content=\"https:\/\/www.facebook.com\/journalCI\/\" \/>\n<meta property=\"article:published_time\" content=\"2025-12-03T09:55:44+00:00\" \/>\n<meta property=\"article:modified_time\" content=\"2025-12-03T09:55:45+00:00\" \/>\n<meta property=\"og:image\" content=\"https:\/\/www.lejournalci.org\/wp-content\/uploads\/2025\/12\/1001508695-edited.jpg\" \/>\n\t<meta property=\"og:image:width\" content=\"795\" \/>\n\t<meta property=\"og:image:height\" content=\"530\" \/>\n\t<meta property=\"og:image:type\" content=\"image\/jpeg\" \/>\n<meta name=\"author\" content=\"La R\u00e9daction CI\" \/>\n<meta name=\"twitter:card\" content=\"summary_large_image\" \/>\n<meta name=\"twitter:creator\" content=\"@lejournalc\" \/>\n<meta name=\"twitter:site\" content=\"@lejournalc\" \/>\n<meta name=\"twitter:label1\" content=\"\u00c9crit par\" \/>\n\t<meta name=\"twitter:data1\" content=\"La R\u00e9daction CI\" \/>\n\t<meta name=\"twitter:label2\" content=\"Dur\u00e9e de lecture estim\u00e9e\" \/>\n\t<meta name=\"twitter:data2\" content=\"2 minutes\" \/>\n<script type=\"application\/ld+json\" class=\"yoast-schema-graph\">{\"@context\":\"https:\/\/schema.org\",\"@graph\":[{\"@type\":\"Article\",\"@id\":\"https:\/\/www.lejournalci.org\/index.php\/2025\/12\/03\/mines-le-groupe-ivoirien-atlantic-acquiert-la-mine-dor-de-tongon\/#article\",\"isPartOf\":{\"@id\":\"https:\/\/www.lejournalci.org\/index.php\/2025\/12\/03\/mines-le-groupe-ivoirien-atlantic-acquiert-la-mine-dor-de-tongon\/\"},\"author\":{\"name\":\"La R\u00e9daction CI\",\"@id\":\"https:\/\/www.lejournalci.org\/#\/schema\/person\/2efe42dc5459aaaf6d89cb27e736002b\"},\"headline\":\"Mines: Le Groupe Ivoirien Atlantic acquiert la mine d&#8217;or de Tongon\",\"datePublished\":\"2025-12-03T09:55:44+00:00\",\"dateModified\":\"2025-12-03T09:55:45+00:00\",\"mainEntityOfPage\":{\"@id\":\"https:\/\/www.lejournalci.org\/index.php\/2025\/12\/03\/mines-le-groupe-ivoirien-atlantic-acquiert-la-mine-dor-de-tongon\/\"},\"wordCount\":260,\"publisher\":{\"@id\":\"https:\/\/www.lejournalci.org\/#organization\"},\"image\":{\"@id\":\"https:\/\/www.lejournalci.org\/index.php\/2025\/12\/03\/mines-le-groupe-ivoirien-atlantic-acquiert-la-mine-dor-de-tongon\/#primaryimage\"},\"thumbnailUrl\":\"https:\/\/www.lejournalci.org\/wp-content\/uploads\/2025\/12\/1001508695-edited.jpg\",\"articleSection\":[\"ECONOMIE\"],\"inLanguage\":\"fr-FR\"},{\"@type\":\"WebPage\",\"@id\":\"https:\/\/www.lejournalci.org\/index.php\/2025\/12\/03\/mines-le-groupe-ivoirien-atlantic-acquiert-la-mine-dor-de-tongon\/\",\"url\":\"https:\/\/www.lejournalci.org\/index.php\/2025\/12\/03\/mines-le-groupe-ivoirien-atlantic-acquiert-la-mine-dor-de-tongon\/\",\"name\":\"Mines: Le Groupe Ivoirien Atlantic acquiert la mine d'or de Tongon - Cooperation Internationale\",\"isPartOf\":{\"@id\":\"https:\/\/www.lejournalci.org\/#website\"},\"primaryImageOfPage\":{\"@id\":\"https:\/\/www.lejournalci.org\/index.php\/2025\/12\/03\/mines-le-groupe-ivoirien-atlantic-acquiert-la-mine-dor-de-tongon\/#primaryimage\"},\"image\":{\"@id\":\"https:\/\/www.lejournalci.org\/index.php\/2025\/12\/03\/mines-le-groupe-ivoirien-atlantic-acquiert-la-mine-dor-de-tongon\/#primaryimage\"},\"thumbnailUrl\":\"https:\/\/www.lejournalci.org\/wp-content\/uploads\/2025\/12\/1001508695-edited.jpg\",\"datePublished\":\"2025-12-03T09:55:44+00:00\",\"dateModified\":\"2025-12-03T09:55:45+00:00\",\"breadcrumb\":{\"@id\":\"https:\/\/www.lejournalci.org\/index.php\/2025\/12\/03\/mines-le-groupe-ivoirien-atlantic-acquiert-la-mine-dor-de-tongon\/#breadcrumb\"},\"inLanguage\":\"fr-FR\",\"potentialAction\":[{\"@type\":\"ReadAction\",\"target\":[\"https:\/\/www.lejournalci.org\/index.php\/2025\/12\/03\/mines-le-groupe-ivoirien-atlantic-acquiert-la-mine-dor-de-tongon\/\"]}]},{\"@type\":\"ImageObject\",\"inLanguage\":\"fr-FR\",\"@id\":\"https:\/\/www.lejournalci.org\/index.php\/2025\/12\/03\/mines-le-groupe-ivoirien-atlantic-acquiert-la-mine-dor-de-tongon\/#primaryimage\",\"url\":\"https:\/\/www.lejournalci.org\/wp-content\/uploads\/2025\/12\/1001508695-edited.jpg\",\"contentUrl\":\"https:\/\/www.lejournalci.org\/wp-content\/uploads\/2025\/12\/1001508695-edited.jpg\",\"width\":795,\"height\":530},{\"@type\":\"BreadcrumbList\",\"@id\":\"https:\/\/www.lejournalci.org\/index.php\/2025\/12\/03\/mines-le-groupe-ivoirien-atlantic-acquiert-la-mine-dor-de-tongon\/#breadcrumb\",\"itemListElement\":[{\"@type\":\"ListItem\",\"position\":1,\"name\":\"Accueil\",\"item\":\"https:\/\/www.lejournalci.org\/\"},{\"@type\":\"ListItem\",\"position\":2,\"name\":\"Mines: Le Groupe Ivoirien Atlantic acquiert la mine d&#8217;or de Tongon\"}]},{\"@type\":\"WebSite\",\"@id\":\"https:\/\/www.lejournalci.org\/#website\",\"url\":\"https:\/\/www.lejournalci.org\/\",\"name\":\"Cooperation Internationale\",\"description\":\"Faire de la Coop\u00e9ration un Puissant Instrument de D\u00e9veloppement\",\"publisher\":{\"@id\":\"https:\/\/www.lejournalci.org\/#organization\"},\"potentialAction\":[{\"@type\":\"SearchAction\",\"target\":{\"@type\":\"EntryPoint\",\"urlTemplate\":\"https:\/\/www.lejournalci.org\/?s={search_term_string}\"},\"query-input\":{\"@type\":\"PropertyValueSpecification\",\"valueRequired\":true,\"valueName\":\"search_term_string\"}}],\"inLanguage\":\"fr-FR\"},{\"@type\":\"Organization\",\"@id\":\"https:\/\/www.lejournalci.org\/#organization\",\"name\":\"Cooperation Internationale\",\"url\":\"https:\/\/www.lejournalci.org\/\",\"logo\":{\"@type\":\"ImageObject\",\"inLanguage\":\"fr-FR\",\"@id\":\"https:\/\/www.lejournalci.org\/#\/schema\/logo\/image\/\",\"url\":\"https:\/\/www.lejournalci.org\/wp-content\/uploads\/2024\/12\/logo-coopint_HD_3.jpg\",\"contentUrl\":\"https:\/\/www.lejournalci.org\/wp-content\/uploads\/2024\/12\/logo-coopint_HD_3.jpg\",\"width\":700,\"height\":214,\"caption\":\"Cooperation Internationale\"},\"image\":{\"@id\":\"https:\/\/www.lejournalci.org\/#\/schema\/logo\/image\/\"},\"sameAs\":[\"https:\/\/www.facebook.com\/journalCI\/\",\"https:\/\/x.com\/lejournalc\"]},{\"@type\":\"Person\",\"@id\":\"https:\/\/www.lejournalci.org\/#\/schema\/person\/2efe42dc5459aaaf6d89cb27e736002b\",\"name\":\"La R\u00e9daction CI\",\"image\":{\"@type\":\"ImageObject\",\"inLanguage\":\"fr-FR\",\"@id\":\"https:\/\/www.lejournalci.org\/#\/schema\/person\/image\/\",\"url\":\"https:\/\/secure.gravatar.com\/avatar\/e63ab2ab378e283740d8889fbe2ec43fdcee7ac714a480d705f61cb1e5675c4c?s=96&d=mm&r=g\",\"contentUrl\":\"https:\/\/secure.gravatar.com\/avatar\/e63ab2ab378e283740d8889fbe2ec43fdcee7ac714a480d705f61cb1e5675c4c?s=96&d=mm&r=g\",\"caption\":\"La R\u00e9daction CI\"},\"url\":\"https:\/\/www.lejournalci.org\/index.php\/author\/noebricendongyahoo-fr\/\"}]}<\/script>\n<!-- \/ Yoast SEO plugin. -->","yoast_head_json":{"title":"Mines: Le Groupe Ivoirien Atlantic acquiert la mine d'or de Tongon - Cooperation Internationale","robots":{"index":"index","follow":"follow","max-snippet":"max-snippet:-1","max-image-preview":"max-image-preview:large","max-video-preview":"max-video-preview:-1"},"canonical":"https:\/\/www.lejournalci.org\/index.php\/2025\/12\/03\/mines-le-groupe-ivoirien-atlantic-acquiert-la-mine-dor-de-tongon\/","og_locale":"fr_FR","og_type":"article","og_title":"Mines: Le Groupe Ivoirien Atlantic acquiert la mine d'or de Tongon - Cooperation Internationale","og_description":"Atlantic Group a annonc\u00e9 la finalisation de l\u2019acquisition des participations du groupe Barrick dans la mine d\u2019or de Tongon, apr\u00e8s l\u2019obtention de toutes les autorisations r\u00e9glementaires n\u00e9cessaires. Cette op\u00e9ration marque une \u00e9tape majeure pour le conglom\u00e9rat ivoirien, qui fait son entr\u00e9e dans l\u2019industrie aurif\u00e8re tout en renfor\u00e7ant sa strat\u00e9gie de","og_url":"https:\/\/www.lejournalci.org\/index.php\/2025\/12\/03\/mines-le-groupe-ivoirien-atlantic-acquiert-la-mine-dor-de-tongon\/","og_site_name":"Cooperation Internationale","article_publisher":"https:\/\/www.facebook.com\/journalCI\/","article_published_time":"2025-12-03T09:55:44+00:00","article_modified_time":"2025-12-03T09:55:45+00:00","og_image":[{"width":795,"height":530,"url":"https:\/\/www.lejournalci.org\/wp-content\/uploads\/2025\/12\/1001508695-edited.jpg","type":"image\/jpeg"}],"author":"La R\u00e9daction CI","twitter_card":"summary_large_image","twitter_creator":"@lejournalc","twitter_site":"@lejournalc","twitter_misc":{"\u00c9crit par":"La R\u00e9daction CI","Dur\u00e9e de lecture estim\u00e9e":"2 minutes"},"schema":{"@context":"https:\/\/schema.org","@graph":[{"@type":"Article","@id":"https:\/\/www.lejournalci.org\/index.php\/2025\/12\/03\/mines-le-groupe-ivoirien-atlantic-acquiert-la-mine-dor-de-tongon\/#article","isPartOf":{"@id":"https:\/\/www.lejournalci.org\/index.php\/2025\/12\/03\/mines-le-groupe-ivoirien-atlantic-acquiert-la-mine-dor-de-tongon\/"},"author":{"name":"La R\u00e9daction CI","@id":"https:\/\/www.lejournalci.org\/#\/schema\/person\/2efe42dc5459aaaf6d89cb27e736002b"},"headline":"Mines: Le Groupe Ivoirien Atlantic acquiert la mine d&#8217;or de Tongon","datePublished":"2025-12-03T09:55:44+00:00","dateModified":"2025-12-03T09:55:45+00:00","mainEntityOfPage":{"@id":"https:\/\/www.lejournalci.org\/index.php\/2025\/12\/03\/mines-le-groupe-ivoirien-atlantic-acquiert-la-mine-dor-de-tongon\/"},"wordCount":260,"publisher":{"@id":"https:\/\/www.lejournalci.org\/#organization"},"image":{"@id":"https:\/\/www.lejournalci.org\/index.php\/2025\/12\/03\/mines-le-groupe-ivoirien-atlantic-acquiert-la-mine-dor-de-tongon\/#primaryimage"},"thumbnailUrl":"https:\/\/www.lejournalci.org\/wp-content\/uploads\/2025\/12\/1001508695-edited.jpg","articleSection":["ECONOMIE"],"inLanguage":"fr-FR"},{"@type":"WebPage","@id":"https:\/\/www.lejournalci.org\/index.php\/2025\/12\/03\/mines-le-groupe-ivoirien-atlantic-acquiert-la-mine-dor-de-tongon\/","url":"https:\/\/www.lejournalci.org\/index.php\/2025\/12\/03\/mines-le-groupe-ivoirien-atlantic-acquiert-la-mine-dor-de-tongon\/","name":"Mines: Le Groupe Ivoirien Atlantic acquiert la mine d'or de Tongon - Cooperation Internationale","isPartOf":{"@id":"https:\/\/www.lejournalci.org\/#website"},"primaryImageOfPage":{"@id":"https:\/\/www.lejournalci.org\/index.php\/2025\/12\/03\/mines-le-groupe-ivoirien-atlantic-acquiert-la-mine-dor-de-tongon\/#primaryimage"},"image":{"@id":"https:\/\/www.lejournalci.org\/index.php\/2025\/12\/03\/mines-le-groupe-ivoirien-atlantic-acquiert-la-mine-dor-de-tongon\/#primaryimage"},"thumbnailUrl":"https:\/\/www.lejournalci.org\/wp-content\/uploads\/2025\/12\/1001508695-edited.jpg","datePublished":"2025-12-03T09:55:44+00:00","dateModified":"2025-12-03T09:55:45+00:00","breadcrumb":{"@id":"https:\/\/www.lejournalci.org\/index.php\/2025\/12\/03\/mines-le-groupe-ivoirien-atlantic-acquiert-la-mine-dor-de-tongon\/#breadcrumb"},"inLanguage":"fr-FR","potentialAction":[{"@type":"ReadAction","target":["https:\/\/www.lejournalci.org\/index.php\/2025\/12\/03\/mines-le-groupe-ivoirien-atlantic-acquiert-la-mine-dor-de-tongon\/"]}]},{"@type":"ImageObject","inLanguage":"fr-FR","@id":"https:\/\/www.lejournalci.org\/index.php\/2025\/12\/03\/mines-le-groupe-ivoirien-atlantic-acquiert-la-mine-dor-de-tongon\/#primaryimage","url":"https:\/\/www.lejournalci.org\/wp-content\/uploads\/2025\/12\/1001508695-edited.jpg","contentUrl":"https:\/\/www.lejournalci.org\/wp-content\/uploads\/2025\/12\/1001508695-edited.jpg","width":795,"height":530},{"@type":"BreadcrumbList","@id":"https:\/\/www.lejournalci.org\/index.php\/2025\/12\/03\/mines-le-groupe-ivoirien-atlantic-acquiert-la-mine-dor-de-tongon\/#breadcrumb","itemListElement":[{"@type":"ListItem","position":1,"name":"Accueil","item":"https:\/\/www.lejournalci.org\/"},{"@type":"ListItem","position":2,"name":"Mines: Le Groupe Ivoirien Atlantic acquiert la mine d&#8217;or de Tongon"}]},{"@type":"WebSite","@id":"https:\/\/www.lejournalci.org\/#website","url":"https:\/\/www.lejournalci.org\/","name":"Cooperation Internationale","description":"Faire de la Coop\u00e9ration un Puissant Instrument de D\u00e9veloppement","publisher":{"@id":"https:\/\/www.lejournalci.org\/#organization"},"potentialAction":[{"@type":"SearchAction","target":{"@type":"EntryPoint","urlTemplate":"https:\/\/www.lejournalci.org\/?s={search_term_string}"},"query-input":{"@type":"PropertyValueSpecification","valueRequired":true,"valueName":"search_term_string"}}],"inLanguage":"fr-FR"},{"@type":"Organization","@id":"https:\/\/www.lejournalci.org\/#organization","name":"Cooperation Internationale","url":"https:\/\/www.lejournalci.org\/","logo":{"@type":"ImageObject","inLanguage":"fr-FR","@id":"https:\/\/www.lejournalci.org\/#\/schema\/logo\/image\/","url":"https:\/\/www.lejournalci.org\/wp-content\/uploads\/2024\/12\/logo-coopint_HD_3.jpg","contentUrl":"https:\/\/www.lejournalci.org\/wp-content\/uploads\/2024\/12\/logo-coopint_HD_3.jpg","width":700,"height":214,"caption":"Cooperation Internationale"},"image":{"@id":"https:\/\/www.lejournalci.org\/#\/schema\/logo\/image\/"},"sameAs":["https:\/\/www.facebook.com\/journalCI\/","https:\/\/x.com\/lejournalc"]},{"@type":"Person","@id":"https:\/\/www.lejournalci.org\/#\/schema\/person\/2efe42dc5459aaaf6d89cb27e736002b","name":"La R\u00e9daction CI","image":{"@type":"ImageObject","inLanguage":"fr-FR","@id":"https:\/\/www.lejournalci.org\/#\/schema\/person\/image\/","url":"https:\/\/secure.gravatar.com\/avatar\/e63ab2ab378e283740d8889fbe2ec43fdcee7ac714a480d705f61cb1e5675c4c?s=96&d=mm&r=g","contentUrl":"https:\/\/secure.gravatar.com\/avatar\/e63ab2ab378e283740d8889fbe2ec43fdcee7ac714a480d705f61cb1e5675c4c?s=96&d=mm&r=g","caption":"La R\u00e9daction CI"},"url":"https:\/\/www.lejournalci.org\/index.php\/author\/noebricendongyahoo-fr\/"}]}},"jetpack_publicize_connections":[],"jetpack_featured_media_url":"https:\/\/www.lejournalci.org\/wp-content\/uploads\/2025\/12\/1001508695-edited.jpg","jetpack_sharing_enabled":true,"_links":{"self":[{"href":"https:\/\/www.lejournalci.org\/index.php\/wp-json\/wp\/v2\/posts\/10332","targetHints":{"allow":["GET"]}}],"collection":[{"href":"https:\/\/www.lejournalci.org\/index.php\/wp-json\/wp\/v2\/posts"}],"about":[{"href":"https:\/\/www.lejournalci.org\/index.php\/wp-json\/wp\/v2\/types\/post"}],"author":[{"embeddable":true,"href":"https:\/\/www.lejournalci.org\/index.php\/wp-json\/wp\/v2\/users\/3"}],"replies":[{"embeddable":true,"href":"https:\/\/www.lejournalci.org\/index.php\/wp-json\/wp\/v2\/comments?post=10332"}],"version-history":[{"count":1,"href":"https:\/\/www.lejournalci.org\/index.php\/wp-json\/wp\/v2\/posts\/10332\/revisions"}],"predecessor-version":[{"id":10336,"href":"https:\/\/www.lejournalci.org\/index.php\/wp-json\/wp\/v2\/posts\/10332\/revisions\/10336"}],"wp:featuredmedia":[{"embeddable":true,"href":"https:\/\/www.lejournalci.org\/index.php\/wp-json\/wp\/v2\/media\/10335"}],"wp:attachment":[{"href":"https:\/\/www.lejournalci.org\/index.php\/wp-json\/wp\/v2\/media?parent=10332"}],"wp:term":[{"taxonomy":"category","embeddable":true,"href":"https:\/\/www.lejournalci.org\/index.php\/wp-json\/wp\/v2\/categories?post=10332"},{"taxonomy":"post_tag","embeddable":true,"href":"https:\/\/www.lejournalci.org\/index.php\/wp-json\/wp\/v2\/tags?post=10332"}],"curies":[{"name":"wp","href":"https:\/\/api.w.org\/{rel}","templated":true}]}}