{"id":10328,"date":"2025-12-03T09:32:36","date_gmt":"2025-12-03T09:32:36","guid":{"rendered":"https:\/\/www.lejournalci.org\/?p=10328"},"modified":"2025-12-03T09:32:38","modified_gmt":"2025-12-03T09:32:38","slug":"royal-air-maroc-offre-des-tarifs-exceptionnels-pour-la-can-2025","status":"publish","type":"post","link":"https:\/\/www.lejournalci.org\/index.php\/2025\/12\/03\/royal-air-maroc-offre-des-tarifs-exceptionnels-pour-la-can-2025\/","title":{"rendered":"Royal Air Maroc offre des tarifs exceptionnels pour la CAN 2025"},"content":{"rendered":"\n<p>Royal Air Maroc a d\u00e9voil\u00e9 des tarifs sp\u00e9ciaux pour les vols destin\u00e9s aux supporters africains souhaitant se rendre \u00e0 la Coupe d&#8217;Afrique des nations 2025.<\/p>\n\n\n\n<p>Un signal fort de la compagnie nationale marocaine qui indique que ces offres promotionnelles concernent des vols aller-retours au d\u00e9part de plusieurs capitales africaines vers Casablanca, hub principal pour les d\u00e9placements vers les stades h\u00f4tes de la comp\u00e9tition.<\/p>\n\n\n\n<p>L&#8217;objectif est selon la RAM, d&#8217;encourager le plus grand nombre possible de supporters \u00e0 se rendre au royaume pour vivre la CAN.<\/p>\n\n\n\n<p>Les supporters du Gabon en l&#8217;occurrence  pourront ainsi acheter un billet aller-retour \u00e0 seulement 423 000 FCFA, leur permettant de suivre en direct les rencontres de leurs \u00e9quipes favorites. Mais ce n\u2019est pas tout : d\u2019autres nations b\u00e9n\u00e9ficient de tarifs encore plus avantageux, avec 249 000 FCFA pour les Ivoiriens et 280 000 FCFA pour les S\u00e9n\u00e9galais.<\/p>\n\n\n\n<p>Royal Air Maroc, partenaire officiel de la Conf\u00e9d\u00e9ration Africaine de Football (CAF) pour cette \u00e9dition, a \u00e9galement pr\u00e9vu 660 vols suppl\u00e9mentaires, soit une hausse de plus de 50 %, pour absorber l&#8217;afflux de visiteurs attendus.<\/p>\n\n\n\n<p><\/p>\n\n\n\n<p><br><br><br><\/p>\n","protected":false},"excerpt":{"rendered":"<p>Royal Air Maroc a d\u00e9voil\u00e9 des tarifs sp\u00e9ciaux pour les vols destin\u00e9s aux supporters africains souhaitant se rendre \u00e0 la Coupe d&#8217;Afrique des nations 2025. Un signal fort de la compagnie nationale marocaine qui indique que ces offres promotionnelles concernent des vols aller-retours au d\u00e9part de plusieurs capitales africaines vers<\/p>\n","protected":false},"author":3,"featured_media":10330,"comment_status":"closed","ping_status":"open","sticky":false,"template":"","format":"standard","meta":{"colormag_page_container_layout":"default_layout","colormag_page_sidebar_layout":"default_layout","_jetpack_memberships_contains_paid_content":false,"footnotes":"","jetpack_publicize_message":"","jetpack_publicize_feature_enabled":true,"jetpack_social_post_already_shared":true,"jetpack_social_options":{"image_generator_settings":{"template":"highway","default_image_id":0,"font":"","enabled":false},"version":2}},"categories":[57],"tags":[],"class_list":["post-10328","post","type-post","status-publish","format-standard","has-post-thumbnail","hentry","category-transport"],"magazineBlocksPostFeaturedMedia":{"thumbnail":"https:\/\/www.lejournalci.org\/wp-content\/uploads\/2025\/12\/1001508605-edited-150x150.jpg","medium":"https:\/\/www.lejournalci.org\/wp-content\/uploads\/2025\/12\/1001508605-edited-300x169.jpg","medium_large":"https:\/\/www.lejournalci.org\/wp-content\/uploads\/2025\/12\/1001508605-edited-768x432.jpg","large":"https:\/\/www.lejournalci.org\/wp-content\/uploads\/2025\/12\/1001508605-edited.jpg","1536x1536":"https:\/\/www.lejournalci.org\/wp-content\/uploads\/2025\/12\/1001508605-edited.jpg","2048x2048":"https:\/\/www.lejournalci.org\/wp-content\/uploads\/2025\/12\/1001508605-edited.jpg","colormag-highlighted-post":"https:\/\/www.lejournalci.org\/wp-content\/uploads\/2025\/12\/1001508605-edited-392x272.jpg","colormag-featured-post-medium":"https:\/\/www.lejournalci.org\/wp-content\/uploads\/2025\/12\/1001508605-edited-390x205.jpg","colormag-featured-post-small":"https:\/\/www.lejournalci.org\/wp-content\/uploads\/2025\/12\/1001508605-edited-130x90.jpg","colormag-featured-image":"https:\/\/www.lejournalci.org\/wp-content\/uploads\/2025\/12\/1001508605-edited-800x445.jpg","colormag-default-news":"https:\/\/www.lejournalci.org\/wp-content\/uploads\/2025\/12\/1001508605-edited-150x150.jpg","colormag-featured-image-large":"https:\/\/www.lejournalci.org\/wp-content\/uploads\/2025\/12\/1001508605-edited.jpg"},"magazineBlocksPostAuthor":{"name":"La R\u00e9daction CI","avatar":"https:\/\/secure.gravatar.com\/avatar\/e63ab2ab378e283740d8889fbe2ec43fdcee7ac714a480d705f61cb1e5675c4c?s=96&d=mm&r=g"},"magazineBlocksPostCommentsNumber":false,"magazineBlocksPostExcerpt":"Royal Air Maroc a d\u00e9voil\u00e9 des tarifs sp\u00e9ciaux pour les vols destin\u00e9s aux supporters africains souhaitant se rendre \u00e0 la Coupe d&#8217;Afrique des nations 2025. Un signal fort de la compagnie nationale marocaine qui indique que ces offres promotionnelles concernent des vols aller-retours au d\u00e9part de plusieurs capitales africaines vers","magazineBlocksPostCategories":["TRANSPORT"],"magazineBlocksPostViewCount":521,"magazineBlocksPostReadTime":1,"magazine_blocks_featured_image_url":{"full":["https:\/\/www.lejournalci.org\/wp-content\/uploads\/2025\/12\/1001508605-edited.jpg",950,534,false],"medium":["https:\/\/www.lejournalci.org\/wp-content\/uploads\/2025\/12\/1001508605-edited-300x169.jpg",300,169,true],"thumbnail":["https:\/\/www.lejournalci.org\/wp-content\/uploads\/2025\/12\/1001508605-edited-150x150.jpg",150,150,true]},"magazine_blocks_author":{"display_name":"La R\u00e9daction CI","author_link":"https:\/\/www.lejournalci.org\/index.php\/author\/noebricendongyahoo-fr\/"},"magazine_blocks_comment":0,"magazine_blocks_author_image":"https:\/\/secure.gravatar.com\/avatar\/e63ab2ab378e283740d8889fbe2ec43fdcee7ac714a480d705f61cb1e5675c4c?s=96&d=mm&r=g","magazine_blocks_category":"<a href=\"#\" class=\"category-link category-link-57\">TRANSPORT<\/a>","yoast_head":"<!-- This site is optimized with the Yoast SEO plugin v26.2 - https:\/\/yoast.com\/wordpress\/plugins\/seo\/ -->\n<title>Royal Air Maroc offre des tarifs exceptionnels pour la CAN 2025 - Cooperation Internationale<\/title>\n<meta name=\"robots\" content=\"index, follow, max-snippet:-1, max-image-preview:large, max-video-preview:-1\" \/>\n<link rel=\"canonical\" href=\"https:\/\/www.lejournalci.org\/index.php\/2025\/12\/03\/royal-air-maroc-offre-des-tarifs-exceptionnels-pour-la-can-2025\/\" \/>\n<meta property=\"og:locale\" content=\"fr_FR\" \/>\n<meta property=\"og:type\" content=\"article\" \/>\n<meta property=\"og:title\" content=\"Royal Air Maroc offre des tarifs exceptionnels pour la CAN 2025 - Cooperation Internationale\" \/>\n<meta property=\"og:description\" content=\"Royal Air Maroc a d\u00e9voil\u00e9 des tarifs sp\u00e9ciaux pour les vols destin\u00e9s aux supporters africains souhaitant se rendre \u00e0 la Coupe d&#8217;Afrique des nations 2025. Un signal fort de la compagnie nationale marocaine qui indique que ces offres promotionnelles concernent des vols aller-retours au d\u00e9part de plusieurs capitales africaines vers\" \/>\n<meta property=\"og:url\" content=\"https:\/\/www.lejournalci.org\/index.php\/2025\/12\/03\/royal-air-maroc-offre-des-tarifs-exceptionnels-pour-la-can-2025\/\" \/>\n<meta property=\"og:site_name\" content=\"Cooperation Internationale\" \/>\n<meta property=\"article:publisher\" content=\"https:\/\/www.facebook.com\/journalCI\/\" \/>\n<meta property=\"article:published_time\" content=\"2025-12-03T09:32:36+00:00\" \/>\n<meta property=\"article:modified_time\" content=\"2025-12-03T09:32:38+00:00\" \/>\n<meta property=\"og:image\" content=\"https:\/\/www.lejournalci.org\/wp-content\/uploads\/2025\/12\/1001508605-edited.jpg\" \/>\n\t<meta property=\"og:image:width\" content=\"950\" \/>\n\t<meta property=\"og:image:height\" content=\"534\" \/>\n\t<meta property=\"og:image:type\" content=\"image\/jpeg\" \/>\n<meta name=\"author\" content=\"La R\u00e9daction CI\" \/>\n<meta name=\"twitter:card\" content=\"summary_large_image\" \/>\n<meta name=\"twitter:creator\" content=\"@lejournalc\" \/>\n<meta name=\"twitter:site\" content=\"@lejournalc\" \/>\n<meta name=\"twitter:label1\" content=\"\u00c9crit par\" \/>\n\t<meta name=\"twitter:data1\" content=\"La R\u00e9daction CI\" \/>\n\t<meta name=\"twitter:label2\" content=\"Dur\u00e9e de lecture estim\u00e9e\" \/>\n\t<meta name=\"twitter:data2\" content=\"2 minutes\" \/>\n<script type=\"application\/ld+json\" class=\"yoast-schema-graph\">{\"@context\":\"https:\/\/schema.org\",\"@graph\":[{\"@type\":\"Article\",\"@id\":\"https:\/\/www.lejournalci.org\/index.php\/2025\/12\/03\/royal-air-maroc-offre-des-tarifs-exceptionnels-pour-la-can-2025\/#article\",\"isPartOf\":{\"@id\":\"https:\/\/www.lejournalci.org\/index.php\/2025\/12\/03\/royal-air-maroc-offre-des-tarifs-exceptionnels-pour-la-can-2025\/\"},\"author\":{\"name\":\"La R\u00e9daction CI\",\"@id\":\"https:\/\/www.lejournalci.org\/#\/schema\/person\/2efe42dc5459aaaf6d89cb27e736002b\"},\"headline\":\"Royal Air Maroc offre des tarifs exceptionnels pour la CAN 2025\",\"datePublished\":\"2025-12-03T09:32:36+00:00\",\"dateModified\":\"2025-12-03T09:32:38+00:00\",\"mainEntityOfPage\":{\"@id\":\"https:\/\/www.lejournalci.org\/index.php\/2025\/12\/03\/royal-air-maroc-offre-des-tarifs-exceptionnels-pour-la-can-2025\/\"},\"wordCount\":195,\"publisher\":{\"@id\":\"https:\/\/www.lejournalci.org\/#organization\"},\"image\":{\"@id\":\"https:\/\/www.lejournalci.org\/index.php\/2025\/12\/03\/royal-air-maroc-offre-des-tarifs-exceptionnels-pour-la-can-2025\/#primaryimage\"},\"thumbnailUrl\":\"https:\/\/www.lejournalci.org\/wp-content\/uploads\/2025\/12\/1001508605-edited.jpg\",\"articleSection\":[\"TRANSPORT\"],\"inLanguage\":\"fr-FR\"},{\"@type\":\"WebPage\",\"@id\":\"https:\/\/www.lejournalci.org\/index.php\/2025\/12\/03\/royal-air-maroc-offre-des-tarifs-exceptionnels-pour-la-can-2025\/\",\"url\":\"https:\/\/www.lejournalci.org\/index.php\/2025\/12\/03\/royal-air-maroc-offre-des-tarifs-exceptionnels-pour-la-can-2025\/\",\"name\":\"Royal Air Maroc offre des tarifs exceptionnels pour la CAN 2025 - Cooperation Internationale\",\"isPartOf\":{\"@id\":\"https:\/\/www.lejournalci.org\/#website\"},\"primaryImageOfPage\":{\"@id\":\"https:\/\/www.lejournalci.org\/index.php\/2025\/12\/03\/royal-air-maroc-offre-des-tarifs-exceptionnels-pour-la-can-2025\/#primaryimage\"},\"image\":{\"@id\":\"https:\/\/www.lejournalci.org\/index.php\/2025\/12\/03\/royal-air-maroc-offre-des-tarifs-exceptionnels-pour-la-can-2025\/#primaryimage\"},\"thumbnailUrl\":\"https:\/\/www.lejournalci.org\/wp-content\/uploads\/2025\/12\/1001508605-edited.jpg\",\"datePublished\":\"2025-12-03T09:32:36+00:00\",\"dateModified\":\"2025-12-03T09:32:38+00:00\",\"breadcrumb\":{\"@id\":\"https:\/\/www.lejournalci.org\/index.php\/2025\/12\/03\/royal-air-maroc-offre-des-tarifs-exceptionnels-pour-la-can-2025\/#breadcrumb\"},\"inLanguage\":\"fr-FR\",\"potentialAction\":[{\"@type\":\"ReadAction\",\"target\":[\"https:\/\/www.lejournalci.org\/index.php\/2025\/12\/03\/royal-air-maroc-offre-des-tarifs-exceptionnels-pour-la-can-2025\/\"]}]},{\"@type\":\"ImageObject\",\"inLanguage\":\"fr-FR\",\"@id\":\"https:\/\/www.lejournalci.org\/index.php\/2025\/12\/03\/royal-air-maroc-offre-des-tarifs-exceptionnels-pour-la-can-2025\/#primaryimage\",\"url\":\"https:\/\/www.lejournalci.org\/wp-content\/uploads\/2025\/12\/1001508605-edited.jpg\",\"contentUrl\":\"https:\/\/www.lejournalci.org\/wp-content\/uploads\/2025\/12\/1001508605-edited.jpg\",\"width\":950,\"height\":534},{\"@type\":\"BreadcrumbList\",\"@id\":\"https:\/\/www.lejournalci.org\/index.php\/2025\/12\/03\/royal-air-maroc-offre-des-tarifs-exceptionnels-pour-la-can-2025\/#breadcrumb\",\"itemListElement\":[{\"@type\":\"ListItem\",\"position\":1,\"name\":\"Accueil\",\"item\":\"https:\/\/www.lejournalci.org\/\"},{\"@type\":\"ListItem\",\"position\":2,\"name\":\"Royal Air Maroc offre des tarifs exceptionnels pour la CAN 2025\"}]},{\"@type\":\"WebSite\",\"@id\":\"https:\/\/www.lejournalci.org\/#website\",\"url\":\"https:\/\/www.lejournalci.org\/\",\"name\":\"Cooperation Internationale\",\"description\":\"Faire de la Coop\u00e9ration un Puissant Instrument de D\u00e9veloppement\",\"publisher\":{\"@id\":\"https:\/\/www.lejournalci.org\/#organization\"},\"potentialAction\":[{\"@type\":\"SearchAction\",\"target\":{\"@type\":\"EntryPoint\",\"urlTemplate\":\"https:\/\/www.lejournalci.org\/?s={search_term_string}\"},\"query-input\":{\"@type\":\"PropertyValueSpecification\",\"valueRequired\":true,\"valueName\":\"search_term_string\"}}],\"inLanguage\":\"fr-FR\"},{\"@type\":\"Organization\",\"@id\":\"https:\/\/www.lejournalci.org\/#organization\",\"name\":\"Cooperation Internationale\",\"url\":\"https:\/\/www.lejournalci.org\/\",\"logo\":{\"@type\":\"ImageObject\",\"inLanguage\":\"fr-FR\",\"@id\":\"https:\/\/www.lejournalci.org\/#\/schema\/logo\/image\/\",\"url\":\"https:\/\/www.lejournalci.org\/wp-content\/uploads\/2024\/12\/logo-coopint_HD_3.jpg\",\"contentUrl\":\"https:\/\/www.lejournalci.org\/wp-content\/uploads\/2024\/12\/logo-coopint_HD_3.jpg\",\"width\":700,\"height\":214,\"caption\":\"Cooperation Internationale\"},\"image\":{\"@id\":\"https:\/\/www.lejournalci.org\/#\/schema\/logo\/image\/\"},\"sameAs\":[\"https:\/\/www.facebook.com\/journalCI\/\",\"https:\/\/x.com\/lejournalc\"]},{\"@type\":\"Person\",\"@id\":\"https:\/\/www.lejournalci.org\/#\/schema\/person\/2efe42dc5459aaaf6d89cb27e736002b\",\"name\":\"La R\u00e9daction CI\",\"image\":{\"@type\":\"ImageObject\",\"inLanguage\":\"fr-FR\",\"@id\":\"https:\/\/www.lejournalci.org\/#\/schema\/person\/image\/\",\"url\":\"https:\/\/secure.gravatar.com\/avatar\/e63ab2ab378e283740d8889fbe2ec43fdcee7ac714a480d705f61cb1e5675c4c?s=96&d=mm&r=g\",\"contentUrl\":\"https:\/\/secure.gravatar.com\/avatar\/e63ab2ab378e283740d8889fbe2ec43fdcee7ac714a480d705f61cb1e5675c4c?s=96&d=mm&r=g\",\"caption\":\"La R\u00e9daction CI\"},\"url\":\"https:\/\/www.lejournalci.org\/index.php\/author\/noebricendongyahoo-fr\/\"}]}<\/script>\n<!-- \/ Yoast SEO plugin. -->","yoast_head_json":{"title":"Royal Air Maroc offre des tarifs exceptionnels pour la CAN 2025 - Cooperation Internationale","robots":{"index":"index","follow":"follow","max-snippet":"max-snippet:-1","max-image-preview":"max-image-preview:large","max-video-preview":"max-video-preview:-1"},"canonical":"https:\/\/www.lejournalci.org\/index.php\/2025\/12\/03\/royal-air-maroc-offre-des-tarifs-exceptionnels-pour-la-can-2025\/","og_locale":"fr_FR","og_type":"article","og_title":"Royal Air Maroc offre des tarifs exceptionnels pour la CAN 2025 - Cooperation Internationale","og_description":"Royal Air Maroc a d\u00e9voil\u00e9 des tarifs sp\u00e9ciaux pour les vols destin\u00e9s aux supporters africains souhaitant se rendre \u00e0 la Coupe d&#8217;Afrique des nations 2025. Un signal fort de la compagnie nationale marocaine qui indique que ces offres promotionnelles concernent des vols aller-retours au d\u00e9part de plusieurs capitales africaines vers","og_url":"https:\/\/www.lejournalci.org\/index.php\/2025\/12\/03\/royal-air-maroc-offre-des-tarifs-exceptionnels-pour-la-can-2025\/","og_site_name":"Cooperation Internationale","article_publisher":"https:\/\/www.facebook.com\/journalCI\/","article_published_time":"2025-12-03T09:32:36+00:00","article_modified_time":"2025-12-03T09:32:38+00:00","og_image":[{"width":950,"height":534,"url":"https:\/\/www.lejournalci.org\/wp-content\/uploads\/2025\/12\/1001508605-edited.jpg","type":"image\/jpeg"}],"author":"La R\u00e9daction CI","twitter_card":"summary_large_image","twitter_creator":"@lejournalc","twitter_site":"@lejournalc","twitter_misc":{"\u00c9crit par":"La R\u00e9daction CI","Dur\u00e9e de lecture estim\u00e9e":"2 minutes"},"schema":{"@context":"https:\/\/schema.org","@graph":[{"@type":"Article","@id":"https:\/\/www.lejournalci.org\/index.php\/2025\/12\/03\/royal-air-maroc-offre-des-tarifs-exceptionnels-pour-la-can-2025\/#article","isPartOf":{"@id":"https:\/\/www.lejournalci.org\/index.php\/2025\/12\/03\/royal-air-maroc-offre-des-tarifs-exceptionnels-pour-la-can-2025\/"},"author":{"name":"La R\u00e9daction CI","@id":"https:\/\/www.lejournalci.org\/#\/schema\/person\/2efe42dc5459aaaf6d89cb27e736002b"},"headline":"Royal Air Maroc offre des tarifs exceptionnels pour la CAN 2025","datePublished":"2025-12-03T09:32:36+00:00","dateModified":"2025-12-03T09:32:38+00:00","mainEntityOfPage":{"@id":"https:\/\/www.lejournalci.org\/index.php\/2025\/12\/03\/royal-air-maroc-offre-des-tarifs-exceptionnels-pour-la-can-2025\/"},"wordCount":195,"publisher":{"@id":"https:\/\/www.lejournalci.org\/#organization"},"image":{"@id":"https:\/\/www.lejournalci.org\/index.php\/2025\/12\/03\/royal-air-maroc-offre-des-tarifs-exceptionnels-pour-la-can-2025\/#primaryimage"},"thumbnailUrl":"https:\/\/www.lejournalci.org\/wp-content\/uploads\/2025\/12\/1001508605-edited.jpg","articleSection":["TRANSPORT"],"inLanguage":"fr-FR"},{"@type":"WebPage","@id":"https:\/\/www.lejournalci.org\/index.php\/2025\/12\/03\/royal-air-maroc-offre-des-tarifs-exceptionnels-pour-la-can-2025\/","url":"https:\/\/www.lejournalci.org\/index.php\/2025\/12\/03\/royal-air-maroc-offre-des-tarifs-exceptionnels-pour-la-can-2025\/","name":"Royal Air Maroc offre des tarifs exceptionnels pour la CAN 2025 - Cooperation Internationale","isPartOf":{"@id":"https:\/\/www.lejournalci.org\/#website"},"primaryImageOfPage":{"@id":"https:\/\/www.lejournalci.org\/index.php\/2025\/12\/03\/royal-air-maroc-offre-des-tarifs-exceptionnels-pour-la-can-2025\/#primaryimage"},"image":{"@id":"https:\/\/www.lejournalci.org\/index.php\/2025\/12\/03\/royal-air-maroc-offre-des-tarifs-exceptionnels-pour-la-can-2025\/#primaryimage"},"thumbnailUrl":"https:\/\/www.lejournalci.org\/wp-content\/uploads\/2025\/12\/1001508605-edited.jpg","datePublished":"2025-12-03T09:32:36+00:00","dateModified":"2025-12-03T09:32:38+00:00","breadcrumb":{"@id":"https:\/\/www.lejournalci.org\/index.php\/2025\/12\/03\/royal-air-maroc-offre-des-tarifs-exceptionnels-pour-la-can-2025\/#breadcrumb"},"inLanguage":"fr-FR","potentialAction":[{"@type":"ReadAction","target":["https:\/\/www.lejournalci.org\/index.php\/2025\/12\/03\/royal-air-maroc-offre-des-tarifs-exceptionnels-pour-la-can-2025\/"]}]},{"@type":"ImageObject","inLanguage":"fr-FR","@id":"https:\/\/www.lejournalci.org\/index.php\/2025\/12\/03\/royal-air-maroc-offre-des-tarifs-exceptionnels-pour-la-can-2025\/#primaryimage","url":"https:\/\/www.lejournalci.org\/wp-content\/uploads\/2025\/12\/1001508605-edited.jpg","contentUrl":"https:\/\/www.lejournalci.org\/wp-content\/uploads\/2025\/12\/1001508605-edited.jpg","width":950,"height":534},{"@type":"BreadcrumbList","@id":"https:\/\/www.lejournalci.org\/index.php\/2025\/12\/03\/royal-air-maroc-offre-des-tarifs-exceptionnels-pour-la-can-2025\/#breadcrumb","itemListElement":[{"@type":"ListItem","position":1,"name":"Accueil","item":"https:\/\/www.lejournalci.org\/"},{"@type":"ListItem","position":2,"name":"Royal Air Maroc offre des tarifs exceptionnels pour la CAN 2025"}]},{"@type":"WebSite","@id":"https:\/\/www.lejournalci.org\/#website","url":"https:\/\/www.lejournalci.org\/","name":"Cooperation Internationale","description":"Faire de la Coop\u00e9ration un Puissant Instrument de D\u00e9veloppement","publisher":{"@id":"https:\/\/www.lejournalci.org\/#organization"},"potentialAction":[{"@type":"SearchAction","target":{"@type":"EntryPoint","urlTemplate":"https:\/\/www.lejournalci.org\/?s={search_term_string}"},"query-input":{"@type":"PropertyValueSpecification","valueRequired":true,"valueName":"search_term_string"}}],"inLanguage":"fr-FR"},{"@type":"Organization","@id":"https:\/\/www.lejournalci.org\/#organization","name":"Cooperation Internationale","url":"https:\/\/www.lejournalci.org\/","logo":{"@type":"ImageObject","inLanguage":"fr-FR","@id":"https:\/\/www.lejournalci.org\/#\/schema\/logo\/image\/","url":"https:\/\/www.lejournalci.org\/wp-content\/uploads\/2024\/12\/logo-coopint_HD_3.jpg","contentUrl":"https:\/\/www.lejournalci.org\/wp-content\/uploads\/2024\/12\/logo-coopint_HD_3.jpg","width":700,"height":214,"caption":"Cooperation Internationale"},"image":{"@id":"https:\/\/www.lejournalci.org\/#\/schema\/logo\/image\/"},"sameAs":["https:\/\/www.facebook.com\/journalCI\/","https:\/\/x.com\/lejournalc"]},{"@type":"Person","@id":"https:\/\/www.lejournalci.org\/#\/schema\/person\/2efe42dc5459aaaf6d89cb27e736002b","name":"La R\u00e9daction CI","image":{"@type":"ImageObject","inLanguage":"fr-FR","@id":"https:\/\/www.lejournalci.org\/#\/schema\/person\/image\/","url":"https:\/\/secure.gravatar.com\/avatar\/e63ab2ab378e283740d8889fbe2ec43fdcee7ac714a480d705f61cb1e5675c4c?s=96&d=mm&r=g","contentUrl":"https:\/\/secure.gravatar.com\/avatar\/e63ab2ab378e283740d8889fbe2ec43fdcee7ac714a480d705f61cb1e5675c4c?s=96&d=mm&r=g","caption":"La R\u00e9daction CI"},"url":"https:\/\/www.lejournalci.org\/index.php\/author\/noebricendongyahoo-fr\/"}]}},"jetpack_publicize_connections":[],"jetpack_featured_media_url":"https:\/\/www.lejournalci.org\/wp-content\/uploads\/2025\/12\/1001508605-edited.jpg","jetpack_sharing_enabled":true,"_links":{"self":[{"href":"https:\/\/www.lejournalci.org\/index.php\/wp-json\/wp\/v2\/posts\/10328","targetHints":{"allow":["GET"]}}],"collection":[{"href":"https:\/\/www.lejournalci.org\/index.php\/wp-json\/wp\/v2\/posts"}],"about":[{"href":"https:\/\/www.lejournalci.org\/index.php\/wp-json\/wp\/v2\/types\/post"}],"author":[{"embeddable":true,"href":"https:\/\/www.lejournalci.org\/index.php\/wp-json\/wp\/v2\/users\/3"}],"replies":[{"embeddable":true,"href":"https:\/\/www.lejournalci.org\/index.php\/wp-json\/wp\/v2\/comments?post=10328"}],"version-history":[{"count":1,"href":"https:\/\/www.lejournalci.org\/index.php\/wp-json\/wp\/v2\/posts\/10328\/revisions"}],"predecessor-version":[{"id":10331,"href":"https:\/\/www.lejournalci.org\/index.php\/wp-json\/wp\/v2\/posts\/10328\/revisions\/10331"}],"wp:featuredmedia":[{"embeddable":true,"href":"https:\/\/www.lejournalci.org\/index.php\/wp-json\/wp\/v2\/media\/10330"}],"wp:attachment":[{"href":"https:\/\/www.lejournalci.org\/index.php\/wp-json\/wp\/v2\/media?parent=10328"}],"wp:term":[{"taxonomy":"category","embeddable":true,"href":"https:\/\/www.lejournalci.org\/index.php\/wp-json\/wp\/v2\/categories?post=10328"},{"taxonomy":"post_tag","embeddable":true,"href":"https:\/\/www.lejournalci.org\/index.php\/wp-json\/wp\/v2\/tags?post=10328"}],"curies":[{"name":"wp","href":"https:\/\/api.w.org\/{rel}","templated":true}]}}