{"id":10324,"date":"2025-12-03T09:03:59","date_gmt":"2025-12-03T09:03:59","guid":{"rendered":"https:\/\/www.lejournalci.org\/?p=10324"},"modified":"2025-12-03T09:04:01","modified_gmt":"2025-12-03T09:04:01","slug":"ceeac-rdc-des-avancees-tangibles-dans-le-processus-dinstallation-de-la-correac","status":"publish","type":"post","link":"https:\/\/www.lejournalci.org\/index.php\/2025\/12\/03\/ceeac-rdc-des-avancees-tangibles-dans-le-processus-dinstallation-de-la-correac\/","title":{"rendered":"CEEAC\/RDC : Des avanc\u00e9es tangibles dans le processus d\u2019installation de la (CORREAC)"},"content":{"rendered":"\n<p>Kinshasa(R\u00e9p. D\u00e9mocratique du Congo), le 28 novembre 2025 \u2013 Une mission officielle de la Commission de la Communaut\u00e9 \u00c9conomique des \u00c9tats de l\u2019Afrique Centrale (CEEAC) a s\u00e9journ\u00e9 dans la capitale congolaise- Kinshasa du 24 au 28 novembre 2025. Mandat\u00e9e par le Pr\u00e9sident de la Commission de la CEEAC, SEM. Ez\u00e9chiel NIBIGIRA, la d\u00e9l\u00e9gation \u00e9tait conduite par le Directeur de l\u2019\u00c9nergie M. D\u00e9sir\u00e9 Armand NDEMAZAGOA BACKOTTA, qu\u2019accompagnait le Consultant Expert Juriste, Monsieur NDONG ANGUE Santiago \u2013 Nsue.<\/p>\n\n\n\n<p>L\u2019objectif de cette mission \u00e9tait d\u2019\u00e9valuer l\u2019\u00e9tat d\u2019avancement de la feuille de route relative \u00e0 l\u2019installation de la Commission R\u00e9gionale de R\u00e9gulation de l\u2019Electricit\u00e9 de l\u2019Afrique Centrale (CORREAC) en R\u00e9publique D\u00e9mocratique du Congo (RDC).<\/p>\n\n\n\n<p>Re\u00e7ue par les autorit\u00e9s Congolaise notamment par le Ministre des Ressources Hydrauliques et de l\u2019\u00c9lectricit\u00e9 SEM. Aim\u00e9 Molendo Sakombi, la d\u00e9l\u00e9gation a constat\u00e9 d\u2019importantes avanc\u00e9es autour des deux axes prioritaires ci-apr\u00e8s de ladite feuille de route :<\/p>\n\n\n\n<ol class=\"wp-block-list\">\n<li>D\u00e9signation officielle de la RDC comme pays h\u00f4te<\/li>\n<\/ol>\n\n\n\n<ul class=\"wp-block-list\">\n<li>La correspondance officialisant la volont\u00e9 de la RDC d\u2019abriter le si\u00e8ge de la CORREAC sera transmise \u00e0 la Commission de la CEEAC comme indiqu\u00e9 dans la feuille de route.<\/li>\n\n\n\n<li>Les projets d\u2019Accord portant \u00e9tablissement du si\u00e8ge ainsi que le projet de cahier des charges ont \u00e9t\u00e9 examin\u00e9s. Un chronogramme de finalisation a \u00e9t\u00e9 arr\u00eat\u00e9, en vue de leur signature d\u2019ici fin d\u00e9cembre 2025.<\/li>\n\n\n\n<li>L\u2019\u00e9valuation des co\u00fbts li\u00e9s \u00e0 la mise \u00e0 disposition du si\u00e8ge et \u00e0 son fonctionnement durant la phase de d\u00e9marrage a \u00e9t\u00e9 effectu\u00e9e.<\/li>\n<\/ul>\n\n\n\n<ol class=\"wp-block-list\">\n<li>Mise en place de l\u2019Unit\u00e9 de D\u00e9marrage de la CORREAC<br>Le processus de recrutement du Chef de l\u2019Unit\u00e9 de D\u00e9marrage et de l\u2019Expert Juriste est d\u00e9sormais achev\u00e9, comme en t\u00e9moigne la signature des contrats. Leur prise de fonction \u00e0 Kinshasa est pr\u00e9vue pour le mois de janvier 2026.<br>\u00c9tapes \u00e0 venir<br>La d\u00e9l\u00e9gation de la Commission de la CEEAC et ses h\u00f4tes ont retenu trois \u00e9tapes pr\u00e9cises, \u00e0 savoir :<\/li>\n<\/ol>\n\n\n\n<ul class=\"wp-block-list\">\n<li>Signature de l\u2019accord de si\u00e8ge avant le 31 d\u00e9cembre 2025 ;<\/li>\n\n\n\n<li>Installation du Chef de l\u2019Unit\u00e9 de D\u00e9marrage et de l\u2019Expert Juriste en janvier 2026 ;<\/li>\n\n\n\n<li>Inauguration officielle du si\u00e8ge de la CORREAC au cours du premier trimestre 2026.<\/li>\n<\/ul>\n\n\n\n<p>La CEEAC se f\u00e9licite de l\u2019engagement constant des autorit\u00e9s congolaises et r\u00e9affirme son appui total \u00e0 la r\u00e9ussite de ce processus strat\u00e9gique, essentiel pour le renforcement de l\u2019int\u00e9gration \u00e9nerg\u00e9tique r\u00e9gionale dans le secteur de l\u2019\u00e9lectricit\u00e9.<br>Rappelons que la CORREAC a \u00e9t\u00e9 Cr\u00e9\u00e9e par D\u00e9cision n\u00b0008\/CEEAC\/CCEG\/XXV\/24 du 18 octobre 2025. Elle est charg\u00e9e de contribuer et de soutenir le d\u00e9veloppement du March\u00e9 r\u00e9gional de l\u2019\u00e9lectricit\u00e9 de la CEEAC.<\/p>\n\n\n\n<p><strong>COMMUNIQUE DE PRESSE DE LA COMMUNAUTE \u00c9CONOMIQUE DES \u00c9TATS DE L&#8217;AFRIQUE CENTRALE.<\/strong><\/p>\n","protected":false},"excerpt":{"rendered":"<p>Kinshasa(R\u00e9p. D\u00e9mocratique du Congo), le 28 novembre 2025 \u2013 Une mission officielle de la Commission de la Communaut\u00e9 \u00c9conomique des \u00c9tats de l\u2019Afrique Centrale (CEEAC) a s\u00e9journ\u00e9 dans la capitale congolaise- Kinshasa du 24 au 28 novembre 2025. Mandat\u00e9e par le Pr\u00e9sident de la Commission de la CEEAC, SEM. Ez\u00e9chiel<\/p>\n","protected":false},"author":3,"featured_media":10326,"comment_status":"closed","ping_status":"open","sticky":false,"template":"","format":"standard","meta":{"colormag_page_container_layout":"default_layout","colormag_page_sidebar_layout":"default_layout","_jetpack_memberships_contains_paid_content":false,"footnotes":"","jetpack_publicize_message":"","jetpack_publicize_feature_enabled":true,"jetpack_social_post_already_shared":true,"jetpack_social_options":{"image_generator_settings":{"template":"highway","default_image_id":0,"font":"","enabled":false},"version":2}},"categories":[50],"tags":[],"class_list":["post-10324","post","type-post","status-publish","format-standard","has-post-thumbnail","hentry","category-cooperation"],"magazineBlocksPostFeaturedMedia":{"thumbnail":"https:\/\/www.lejournalci.org\/wp-content\/uploads\/2025\/12\/1001508452-edited-150x150.jpg","medium":"https:\/\/www.lejournalci.org\/wp-content\/uploads\/2025\/12\/1001508452-edited-300x169.jpg","medium_large":"https:\/\/www.lejournalci.org\/wp-content\/uploads\/2025\/12\/1001508452-edited-768x432.jpg","large":"https:\/\/www.lejournalci.org\/wp-content\/uploads\/2025\/12\/1001508452-edited-1024x576.jpg","1536x1536":"https:\/\/www.lejournalci.org\/wp-content\/uploads\/2025\/12\/1001508452-edited.jpg","2048x2048":"https:\/\/www.lejournalci.org\/wp-content\/uploads\/2025\/12\/1001508452-edited.jpg","colormag-highlighted-post":"https:\/\/www.lejournalci.org\/wp-content\/uploads\/2025\/12\/1001508452-edited-392x272.jpg","colormag-featured-post-medium":"https:\/\/www.lejournalci.org\/wp-content\/uploads\/2025\/12\/1001508452-edited-390x205.jpg","colormag-featured-post-small":"https:\/\/www.lejournalci.org\/wp-content\/uploads\/2025\/12\/1001508452-edited-130x90.jpg","colormag-featured-image":"https:\/\/www.lejournalci.org\/wp-content\/uploads\/2025\/12\/1001508452-edited-800x445.jpg","colormag-default-news":"https:\/\/www.lejournalci.org\/wp-content\/uploads\/2025\/12\/1001508452-edited-150x150.jpg","colormag-featured-image-large":"https:\/\/www.lejournalci.org\/wp-content\/uploads\/2025\/12\/1001508452-edited-1080x600.jpg"},"magazineBlocksPostAuthor":{"name":"La R\u00e9daction CI","avatar":"https:\/\/secure.gravatar.com\/avatar\/e63ab2ab378e283740d8889fbe2ec43fdcee7ac714a480d705f61cb1e5675c4c?s=96&d=mm&r=g"},"magazineBlocksPostCommentsNumber":false,"magazineBlocksPostExcerpt":"Kinshasa(R\u00e9p. D\u00e9mocratique du Congo), le 28 novembre 2025 \u2013 Une mission officielle de la Commission de la Communaut\u00e9 \u00c9conomique des \u00c9tats de l\u2019Afrique Centrale (CEEAC) a s\u00e9journ\u00e9 dans la capitale congolaise- Kinshasa du 24 au 28 novembre 2025. Mandat\u00e9e par le Pr\u00e9sident de la Commission de la CEEAC, SEM. Ez\u00e9chiel","magazineBlocksPostCategories":["COOPERATION"],"magazineBlocksPostViewCount":491,"magazineBlocksPostReadTime":3,"magazine_blocks_featured_image_url":{"full":["https:\/\/www.lejournalci.org\/wp-content\/uploads\/2025\/12\/1001508452-edited.jpg",1080,608,false],"medium":["https:\/\/www.lejournalci.org\/wp-content\/uploads\/2025\/12\/1001508452-edited-300x169.jpg",300,169,true],"thumbnail":["https:\/\/www.lejournalci.org\/wp-content\/uploads\/2025\/12\/1001508452-edited-150x150.jpg",150,150,true]},"magazine_blocks_author":{"display_name":"La R\u00e9daction CI","author_link":"https:\/\/www.lejournalci.org\/index.php\/author\/noebricendongyahoo-fr\/"},"magazine_blocks_comment":0,"magazine_blocks_author_image":"https:\/\/secure.gravatar.com\/avatar\/e63ab2ab378e283740d8889fbe2ec43fdcee7ac714a480d705f61cb1e5675c4c?s=96&d=mm&r=g","magazine_blocks_category":"<a href=\"#\" class=\"category-link category-link-50\">COOPERATION<\/a>","yoast_head":"<!-- This site is optimized with the Yoast SEO plugin v26.2 - https:\/\/yoast.com\/wordpress\/plugins\/seo\/ -->\n<title>CEEAC\/RDC : Des avanc\u00e9es tangibles dans le processus d\u2019installation de la (CORREAC) - Cooperation Internationale<\/title>\n<meta name=\"robots\" content=\"index, follow, max-snippet:-1, max-image-preview:large, max-video-preview:-1\" \/>\n<link rel=\"canonical\" href=\"https:\/\/www.lejournalci.org\/index.php\/2025\/12\/03\/ceeac-rdc-des-avancees-tangibles-dans-le-processus-dinstallation-de-la-correac\/\" \/>\n<meta property=\"og:locale\" content=\"fr_FR\" \/>\n<meta property=\"og:type\" content=\"article\" \/>\n<meta property=\"og:title\" content=\"CEEAC\/RDC : Des avanc\u00e9es tangibles dans le processus d\u2019installation de la (CORREAC) - Cooperation Internationale\" \/>\n<meta property=\"og:description\" content=\"Kinshasa(R\u00e9p. D\u00e9mocratique du Congo), le 28 novembre 2025 \u2013 Une mission officielle de la Commission de la Communaut\u00e9 \u00c9conomique des \u00c9tats de l\u2019Afrique Centrale (CEEAC) a s\u00e9journ\u00e9 dans la capitale congolaise- Kinshasa du 24 au 28 novembre 2025. Mandat\u00e9e par le Pr\u00e9sident de la Commission de la CEEAC, SEM. Ez\u00e9chiel\" \/>\n<meta property=\"og:url\" content=\"https:\/\/www.lejournalci.org\/index.php\/2025\/12\/03\/ceeac-rdc-des-avancees-tangibles-dans-le-processus-dinstallation-de-la-correac\/\" \/>\n<meta property=\"og:site_name\" content=\"Cooperation Internationale\" \/>\n<meta property=\"article:publisher\" content=\"https:\/\/www.facebook.com\/journalCI\/\" \/>\n<meta property=\"article:published_time\" content=\"2025-12-03T09:03:59+00:00\" \/>\n<meta property=\"article:modified_time\" content=\"2025-12-03T09:04:01+00:00\" \/>\n<meta property=\"og:image\" content=\"https:\/\/www.lejournalci.org\/wp-content\/uploads\/2025\/12\/1001508452-edited.jpg\" \/>\n\t<meta property=\"og:image:width\" content=\"1080\" \/>\n\t<meta property=\"og:image:height\" content=\"608\" \/>\n\t<meta property=\"og:image:type\" content=\"image\/jpeg\" \/>\n<meta name=\"author\" content=\"La R\u00e9daction CI\" \/>\n<meta name=\"twitter:card\" content=\"summary_large_image\" \/>\n<meta name=\"twitter:creator\" content=\"@lejournalc\" \/>\n<meta name=\"twitter:site\" content=\"@lejournalc\" \/>\n<meta name=\"twitter:label1\" content=\"\u00c9crit par\" \/>\n\t<meta name=\"twitter:data1\" content=\"La R\u00e9daction CI\" \/>\n\t<meta name=\"twitter:label2\" content=\"Dur\u00e9e de lecture estim\u00e9e\" \/>\n\t<meta name=\"twitter:data2\" content=\"3 minutes\" \/>\n<script type=\"application\/ld+json\" class=\"yoast-schema-graph\">{\"@context\":\"https:\/\/schema.org\",\"@graph\":[{\"@type\":\"Article\",\"@id\":\"https:\/\/www.lejournalci.org\/index.php\/2025\/12\/03\/ceeac-rdc-des-avancees-tangibles-dans-le-processus-dinstallation-de-la-correac\/#article\",\"isPartOf\":{\"@id\":\"https:\/\/www.lejournalci.org\/index.php\/2025\/12\/03\/ceeac-rdc-des-avancees-tangibles-dans-le-processus-dinstallation-de-la-correac\/\"},\"author\":{\"name\":\"La R\u00e9daction CI\",\"@id\":\"https:\/\/www.lejournalci.org\/#\/schema\/person\/2efe42dc5459aaaf6d89cb27e736002b\"},\"headline\":\"CEEAC\/RDC : Des avanc\u00e9es tangibles dans le processus d\u2019installation de la (CORREAC)\",\"datePublished\":\"2025-12-03T09:03:59+00:00\",\"dateModified\":\"2025-12-03T09:04:01+00:00\",\"mainEntityOfPage\":{\"@id\":\"https:\/\/www.lejournalci.org\/index.php\/2025\/12\/03\/ceeac-rdc-des-avancees-tangibles-dans-le-processus-dinstallation-de-la-correac\/\"},\"wordCount\":501,\"publisher\":{\"@id\":\"https:\/\/www.lejournalci.org\/#organization\"},\"image\":{\"@id\":\"https:\/\/www.lejournalci.org\/index.php\/2025\/12\/03\/ceeac-rdc-des-avancees-tangibles-dans-le-processus-dinstallation-de-la-correac\/#primaryimage\"},\"thumbnailUrl\":\"https:\/\/www.lejournalci.org\/wp-content\/uploads\/2025\/12\/1001508452-edited.jpg\",\"articleSection\":[\"COOPERATION\"],\"inLanguage\":\"fr-FR\"},{\"@type\":\"WebPage\",\"@id\":\"https:\/\/www.lejournalci.org\/index.php\/2025\/12\/03\/ceeac-rdc-des-avancees-tangibles-dans-le-processus-dinstallation-de-la-correac\/\",\"url\":\"https:\/\/www.lejournalci.org\/index.php\/2025\/12\/03\/ceeac-rdc-des-avancees-tangibles-dans-le-processus-dinstallation-de-la-correac\/\",\"name\":\"CEEAC\/RDC : Des avanc\u00e9es tangibles dans le processus d\u2019installation de la (CORREAC) - Cooperation Internationale\",\"isPartOf\":{\"@id\":\"https:\/\/www.lejournalci.org\/#website\"},\"primaryImageOfPage\":{\"@id\":\"https:\/\/www.lejournalci.org\/index.php\/2025\/12\/03\/ceeac-rdc-des-avancees-tangibles-dans-le-processus-dinstallation-de-la-correac\/#primaryimage\"},\"image\":{\"@id\":\"https:\/\/www.lejournalci.org\/index.php\/2025\/12\/03\/ceeac-rdc-des-avancees-tangibles-dans-le-processus-dinstallation-de-la-correac\/#primaryimage\"},\"thumbnailUrl\":\"https:\/\/www.lejournalci.org\/wp-content\/uploads\/2025\/12\/1001508452-edited.jpg\",\"datePublished\":\"2025-12-03T09:03:59+00:00\",\"dateModified\":\"2025-12-03T09:04:01+00:00\",\"breadcrumb\":{\"@id\":\"https:\/\/www.lejournalci.org\/index.php\/2025\/12\/03\/ceeac-rdc-des-avancees-tangibles-dans-le-processus-dinstallation-de-la-correac\/#breadcrumb\"},\"inLanguage\":\"fr-FR\",\"potentialAction\":[{\"@type\":\"ReadAction\",\"target\":[\"https:\/\/www.lejournalci.org\/index.php\/2025\/12\/03\/ceeac-rdc-des-avancees-tangibles-dans-le-processus-dinstallation-de-la-correac\/\"]}]},{\"@type\":\"ImageObject\",\"inLanguage\":\"fr-FR\",\"@id\":\"https:\/\/www.lejournalci.org\/index.php\/2025\/12\/03\/ceeac-rdc-des-avancees-tangibles-dans-le-processus-dinstallation-de-la-correac\/#primaryimage\",\"url\":\"https:\/\/www.lejournalci.org\/wp-content\/uploads\/2025\/12\/1001508452-edited.jpg\",\"contentUrl\":\"https:\/\/www.lejournalci.org\/wp-content\/uploads\/2025\/12\/1001508452-edited.jpg\",\"width\":1080,\"height\":608},{\"@type\":\"BreadcrumbList\",\"@id\":\"https:\/\/www.lejournalci.org\/index.php\/2025\/12\/03\/ceeac-rdc-des-avancees-tangibles-dans-le-processus-dinstallation-de-la-correac\/#breadcrumb\",\"itemListElement\":[{\"@type\":\"ListItem\",\"position\":1,\"name\":\"Accueil\",\"item\":\"https:\/\/www.lejournalci.org\/\"},{\"@type\":\"ListItem\",\"position\":2,\"name\":\"CEEAC\/RDC : Des avanc\u00e9es tangibles dans le processus d\u2019installation de la (CORREAC)\"}]},{\"@type\":\"WebSite\",\"@id\":\"https:\/\/www.lejournalci.org\/#website\",\"url\":\"https:\/\/www.lejournalci.org\/\",\"name\":\"Cooperation Internationale\",\"description\":\"Faire de la Coop\u00e9ration un Puissant Instrument de D\u00e9veloppement\",\"publisher\":{\"@id\":\"https:\/\/www.lejournalci.org\/#organization\"},\"potentialAction\":[{\"@type\":\"SearchAction\",\"target\":{\"@type\":\"EntryPoint\",\"urlTemplate\":\"https:\/\/www.lejournalci.org\/?s={search_term_string}\"},\"query-input\":{\"@type\":\"PropertyValueSpecification\",\"valueRequired\":true,\"valueName\":\"search_term_string\"}}],\"inLanguage\":\"fr-FR\"},{\"@type\":\"Organization\",\"@id\":\"https:\/\/www.lejournalci.org\/#organization\",\"name\":\"Cooperation Internationale\",\"url\":\"https:\/\/www.lejournalci.org\/\",\"logo\":{\"@type\":\"ImageObject\",\"inLanguage\":\"fr-FR\",\"@id\":\"https:\/\/www.lejournalci.org\/#\/schema\/logo\/image\/\",\"url\":\"https:\/\/www.lejournalci.org\/wp-content\/uploads\/2024\/12\/logo-coopint_HD_3.jpg\",\"contentUrl\":\"https:\/\/www.lejournalci.org\/wp-content\/uploads\/2024\/12\/logo-coopint_HD_3.jpg\",\"width\":700,\"height\":214,\"caption\":\"Cooperation Internationale\"},\"image\":{\"@id\":\"https:\/\/www.lejournalci.org\/#\/schema\/logo\/image\/\"},\"sameAs\":[\"https:\/\/www.facebook.com\/journalCI\/\",\"https:\/\/x.com\/lejournalc\"]},{\"@type\":\"Person\",\"@id\":\"https:\/\/www.lejournalci.org\/#\/schema\/person\/2efe42dc5459aaaf6d89cb27e736002b\",\"name\":\"La R\u00e9daction CI\",\"image\":{\"@type\":\"ImageObject\",\"inLanguage\":\"fr-FR\",\"@id\":\"https:\/\/www.lejournalci.org\/#\/schema\/person\/image\/\",\"url\":\"https:\/\/secure.gravatar.com\/avatar\/e63ab2ab378e283740d8889fbe2ec43fdcee7ac714a480d705f61cb1e5675c4c?s=96&d=mm&r=g\",\"contentUrl\":\"https:\/\/secure.gravatar.com\/avatar\/e63ab2ab378e283740d8889fbe2ec43fdcee7ac714a480d705f61cb1e5675c4c?s=96&d=mm&r=g\",\"caption\":\"La R\u00e9daction CI\"},\"url\":\"https:\/\/www.lejournalci.org\/index.php\/author\/noebricendongyahoo-fr\/\"}]}<\/script>\n<!-- \/ Yoast SEO plugin. -->","yoast_head_json":{"title":"CEEAC\/RDC : Des avanc\u00e9es tangibles dans le processus d\u2019installation de la (CORREAC) - Cooperation Internationale","robots":{"index":"index","follow":"follow","max-snippet":"max-snippet:-1","max-image-preview":"max-image-preview:large","max-video-preview":"max-video-preview:-1"},"canonical":"https:\/\/www.lejournalci.org\/index.php\/2025\/12\/03\/ceeac-rdc-des-avancees-tangibles-dans-le-processus-dinstallation-de-la-correac\/","og_locale":"fr_FR","og_type":"article","og_title":"CEEAC\/RDC : Des avanc\u00e9es tangibles dans le processus d\u2019installation de la (CORREAC) - Cooperation Internationale","og_description":"Kinshasa(R\u00e9p. D\u00e9mocratique du Congo), le 28 novembre 2025 \u2013 Une mission officielle de la Commission de la Communaut\u00e9 \u00c9conomique des \u00c9tats de l\u2019Afrique Centrale (CEEAC) a s\u00e9journ\u00e9 dans la capitale congolaise- Kinshasa du 24 au 28 novembre 2025. Mandat\u00e9e par le Pr\u00e9sident de la Commission de la CEEAC, SEM. Ez\u00e9chiel","og_url":"https:\/\/www.lejournalci.org\/index.php\/2025\/12\/03\/ceeac-rdc-des-avancees-tangibles-dans-le-processus-dinstallation-de-la-correac\/","og_site_name":"Cooperation Internationale","article_publisher":"https:\/\/www.facebook.com\/journalCI\/","article_published_time":"2025-12-03T09:03:59+00:00","article_modified_time":"2025-12-03T09:04:01+00:00","og_image":[{"width":1080,"height":608,"url":"https:\/\/www.lejournalci.org\/wp-content\/uploads\/2025\/12\/1001508452-edited.jpg","type":"image\/jpeg"}],"author":"La R\u00e9daction CI","twitter_card":"summary_large_image","twitter_creator":"@lejournalc","twitter_site":"@lejournalc","twitter_misc":{"\u00c9crit par":"La R\u00e9daction CI","Dur\u00e9e de lecture estim\u00e9e":"3 minutes"},"schema":{"@context":"https:\/\/schema.org","@graph":[{"@type":"Article","@id":"https:\/\/www.lejournalci.org\/index.php\/2025\/12\/03\/ceeac-rdc-des-avancees-tangibles-dans-le-processus-dinstallation-de-la-correac\/#article","isPartOf":{"@id":"https:\/\/www.lejournalci.org\/index.php\/2025\/12\/03\/ceeac-rdc-des-avancees-tangibles-dans-le-processus-dinstallation-de-la-correac\/"},"author":{"name":"La R\u00e9daction CI","@id":"https:\/\/www.lejournalci.org\/#\/schema\/person\/2efe42dc5459aaaf6d89cb27e736002b"},"headline":"CEEAC\/RDC : Des avanc\u00e9es tangibles dans le processus d\u2019installation de la (CORREAC)","datePublished":"2025-12-03T09:03:59+00:00","dateModified":"2025-12-03T09:04:01+00:00","mainEntityOfPage":{"@id":"https:\/\/www.lejournalci.org\/index.php\/2025\/12\/03\/ceeac-rdc-des-avancees-tangibles-dans-le-processus-dinstallation-de-la-correac\/"},"wordCount":501,"publisher":{"@id":"https:\/\/www.lejournalci.org\/#organization"},"image":{"@id":"https:\/\/www.lejournalci.org\/index.php\/2025\/12\/03\/ceeac-rdc-des-avancees-tangibles-dans-le-processus-dinstallation-de-la-correac\/#primaryimage"},"thumbnailUrl":"https:\/\/www.lejournalci.org\/wp-content\/uploads\/2025\/12\/1001508452-edited.jpg","articleSection":["COOPERATION"],"inLanguage":"fr-FR"},{"@type":"WebPage","@id":"https:\/\/www.lejournalci.org\/index.php\/2025\/12\/03\/ceeac-rdc-des-avancees-tangibles-dans-le-processus-dinstallation-de-la-correac\/","url":"https:\/\/www.lejournalci.org\/index.php\/2025\/12\/03\/ceeac-rdc-des-avancees-tangibles-dans-le-processus-dinstallation-de-la-correac\/","name":"CEEAC\/RDC : Des avanc\u00e9es tangibles dans le processus d\u2019installation de la (CORREAC) - Cooperation Internationale","isPartOf":{"@id":"https:\/\/www.lejournalci.org\/#website"},"primaryImageOfPage":{"@id":"https:\/\/www.lejournalci.org\/index.php\/2025\/12\/03\/ceeac-rdc-des-avancees-tangibles-dans-le-processus-dinstallation-de-la-correac\/#primaryimage"},"image":{"@id":"https:\/\/www.lejournalci.org\/index.php\/2025\/12\/03\/ceeac-rdc-des-avancees-tangibles-dans-le-processus-dinstallation-de-la-correac\/#primaryimage"},"thumbnailUrl":"https:\/\/www.lejournalci.org\/wp-content\/uploads\/2025\/12\/1001508452-edited.jpg","datePublished":"2025-12-03T09:03:59+00:00","dateModified":"2025-12-03T09:04:01+00:00","breadcrumb":{"@id":"https:\/\/www.lejournalci.org\/index.php\/2025\/12\/03\/ceeac-rdc-des-avancees-tangibles-dans-le-processus-dinstallation-de-la-correac\/#breadcrumb"},"inLanguage":"fr-FR","potentialAction":[{"@type":"ReadAction","target":["https:\/\/www.lejournalci.org\/index.php\/2025\/12\/03\/ceeac-rdc-des-avancees-tangibles-dans-le-processus-dinstallation-de-la-correac\/"]}]},{"@type":"ImageObject","inLanguage":"fr-FR","@id":"https:\/\/www.lejournalci.org\/index.php\/2025\/12\/03\/ceeac-rdc-des-avancees-tangibles-dans-le-processus-dinstallation-de-la-correac\/#primaryimage","url":"https:\/\/www.lejournalci.org\/wp-content\/uploads\/2025\/12\/1001508452-edited.jpg","contentUrl":"https:\/\/www.lejournalci.org\/wp-content\/uploads\/2025\/12\/1001508452-edited.jpg","width":1080,"height":608},{"@type":"BreadcrumbList","@id":"https:\/\/www.lejournalci.org\/index.php\/2025\/12\/03\/ceeac-rdc-des-avancees-tangibles-dans-le-processus-dinstallation-de-la-correac\/#breadcrumb","itemListElement":[{"@type":"ListItem","position":1,"name":"Accueil","item":"https:\/\/www.lejournalci.org\/"},{"@type":"ListItem","position":2,"name":"CEEAC\/RDC : Des avanc\u00e9es tangibles dans le processus d\u2019installation de la (CORREAC)"}]},{"@type":"WebSite","@id":"https:\/\/www.lejournalci.org\/#website","url":"https:\/\/www.lejournalci.org\/","name":"Cooperation Internationale","description":"Faire de la Coop\u00e9ration un Puissant Instrument de D\u00e9veloppement","publisher":{"@id":"https:\/\/www.lejournalci.org\/#organization"},"potentialAction":[{"@type":"SearchAction","target":{"@type":"EntryPoint","urlTemplate":"https:\/\/www.lejournalci.org\/?s={search_term_string}"},"query-input":{"@type":"PropertyValueSpecification","valueRequired":true,"valueName":"search_term_string"}}],"inLanguage":"fr-FR"},{"@type":"Organization","@id":"https:\/\/www.lejournalci.org\/#organization","name":"Cooperation Internationale","url":"https:\/\/www.lejournalci.org\/","logo":{"@type":"ImageObject","inLanguage":"fr-FR","@id":"https:\/\/www.lejournalci.org\/#\/schema\/logo\/image\/","url":"https:\/\/www.lejournalci.org\/wp-content\/uploads\/2024\/12\/logo-coopint_HD_3.jpg","contentUrl":"https:\/\/www.lejournalci.org\/wp-content\/uploads\/2024\/12\/logo-coopint_HD_3.jpg","width":700,"height":214,"caption":"Cooperation Internationale"},"image":{"@id":"https:\/\/www.lejournalci.org\/#\/schema\/logo\/image\/"},"sameAs":["https:\/\/www.facebook.com\/journalCI\/","https:\/\/x.com\/lejournalc"]},{"@type":"Person","@id":"https:\/\/www.lejournalci.org\/#\/schema\/person\/2efe42dc5459aaaf6d89cb27e736002b","name":"La R\u00e9daction CI","image":{"@type":"ImageObject","inLanguage":"fr-FR","@id":"https:\/\/www.lejournalci.org\/#\/schema\/person\/image\/","url":"https:\/\/secure.gravatar.com\/avatar\/e63ab2ab378e283740d8889fbe2ec43fdcee7ac714a480d705f61cb1e5675c4c?s=96&d=mm&r=g","contentUrl":"https:\/\/secure.gravatar.com\/avatar\/e63ab2ab378e283740d8889fbe2ec43fdcee7ac714a480d705f61cb1e5675c4c?s=96&d=mm&r=g","caption":"La R\u00e9daction CI"},"url":"https:\/\/www.lejournalci.org\/index.php\/author\/noebricendongyahoo-fr\/"}]}},"jetpack_publicize_connections":[],"jetpack_featured_media_url":"https:\/\/www.lejournalci.org\/wp-content\/uploads\/2025\/12\/1001508452-edited.jpg","jetpack_sharing_enabled":true,"_links":{"self":[{"href":"https:\/\/www.lejournalci.org\/index.php\/wp-json\/wp\/v2\/posts\/10324","targetHints":{"allow":["GET"]}}],"collection":[{"href":"https:\/\/www.lejournalci.org\/index.php\/wp-json\/wp\/v2\/posts"}],"about":[{"href":"https:\/\/www.lejournalci.org\/index.php\/wp-json\/wp\/v2\/types\/post"}],"author":[{"embeddable":true,"href":"https:\/\/www.lejournalci.org\/index.php\/wp-json\/wp\/v2\/users\/3"}],"replies":[{"embeddable":true,"href":"https:\/\/www.lejournalci.org\/index.php\/wp-json\/wp\/v2\/comments?post=10324"}],"version-history":[{"count":1,"href":"https:\/\/www.lejournalci.org\/index.php\/wp-json\/wp\/v2\/posts\/10324\/revisions"}],"predecessor-version":[{"id":10327,"href":"https:\/\/www.lejournalci.org\/index.php\/wp-json\/wp\/v2\/posts\/10324\/revisions\/10327"}],"wp:featuredmedia":[{"embeddable":true,"href":"https:\/\/www.lejournalci.org\/index.php\/wp-json\/wp\/v2\/media\/10326"}],"wp:attachment":[{"href":"https:\/\/www.lejournalci.org\/index.php\/wp-json\/wp\/v2\/media?parent=10324"}],"wp:term":[{"taxonomy":"category","embeddable":true,"href":"https:\/\/www.lejournalci.org\/index.php\/wp-json\/wp\/v2\/categories?post=10324"},{"taxonomy":"post_tag","embeddable":true,"href":"https:\/\/www.lejournalci.org\/index.php\/wp-json\/wp\/v2\/tags?post=10324"}],"curies":[{"name":"wp","href":"https:\/\/api.w.org\/{rel}","templated":true}]}}