{"id":10318,"date":"2025-12-02T08:21:40","date_gmt":"2025-12-02T08:21:40","guid":{"rendered":"https:\/\/www.lejournalci.org\/?p=10318"},"modified":"2025-12-02T08:21:42","modified_gmt":"2025-12-02T08:21:42","slug":"rdc-jean-pierre-mbemba-annonce-la-modernisation-des-aeroports-du-congo-ndjili-sera-le-premier-aeroport-en-afrique-qui-aura-la-certification-gold-au-niveau-securitaire","status":"publish","type":"post","link":"https:\/\/www.lejournalci.org\/index.php\/2025\/12\/02\/rdc-jean-pierre-mbemba-annonce-la-modernisation-des-aeroports-du-congo-ndjili-sera-le-premier-aeroport-en-afrique-qui-aura-la-certification-gold-au-niveau-securitaire\/","title":{"rendered":"RDC: Jean Pierre Mbemba annonce la modernisation des a\u00e9roports du Congo.\u00ab\u00a0N\u2019djili sera le premier a\u00e9roport en Afrique qui aura la certification Gold au niveau s\u00e9curitaire\u00a0\u00bb"},"content":{"rendered":"\n<p>Le vice-premier ministre des Transports et Voies de communication, Jean-Pierre Bemba a d\u00e9taill\u00e9 un \u00e9ventail des projets de modernisation dans cinq a\u00e9roports dans diff\u00e9rentes provinces du pays.<\/p>\n\n\n\n<p>Lors du Forum Makutano, Bemba a r\u00e9v\u00e9l\u00e9 que l\u2019a\u00e9roport de Kananga, pr\u00e9vu pour une livraison fin mars 2026, sera dot\u00e9 d\u2019une nouvelle a\u00e9rogare et d\u2019une piste moderne, permettant l\u2019atterrissage d\u2019avions \u00e0 r\u00e9acteurs tandis que celui de Bunia, attendu fin mars, aura une nouvelle piste et son a\u00e9rogare permettront d\u00e9sormais l\u2019atterrissage des avions \u00e0 r\u00e9acteurs, ce qui n\u2019\u00e9tait pas le cas auparavant.&nbsp;<\/p>\n\n\n\n<blockquote class=\"wp-block-quote is-layout-flow wp-block-quote-is-layout-flow\">\n<p>En ce moment, nous avons 5 a\u00e9roports qui sont en construction. Il y a Mbuji Mayi, il y a Kananga. Mbuji Mayi, la piste est termin\u00e9e. Kananga, les travaux vont se terminer et pourraient \u00eatre inaugur\u00e9s fin mars. Je crois m\u00eame que la date du 31 mars pourrait \u00eatre retenue pour \u00eatre inaugur\u00e9e par le chef de l\u2019Etat avec un nouvel a\u00e9rogare, piste et \u00e9galement tarmac. Et avec deux bretelles qui seront au niveau de l\u2019a\u00e9rogare. Mbuji-mayi \u00e9galement, les travaux de la piste sont termin\u00e9s. Mais l\u2019a\u00e9rogare est en train de se finaliser aussi. Je pense qu\u2019\u00e0 partir du mois d\u2019avril, on pourrait \u00e9galement inaugurer l\u2019ensemble des infrastructures de l\u2019a\u00e9roport de Mbuji Mayi\u00a0\u00bb, a-t-il indiqu\u00e9.<\/p>\n<\/blockquote>\n\n\n\n<p>Par ailleurs, le ministre a fait le point sur l\u2019\u00e9volution des travaux de modernisation de l\u2019a\u00e9roport de \u200bLuano \u00e0 Lubumbashi. A le croire, l\u2019avancement des travaux \u00e9tant rapide, devrait \u00eatre inaugur\u00e9 en d\u00e9cembre 2026 avec une nouvelle a\u00e9rogare et un tarmac \u00e0 six bretelles.<\/p>\n\n\n\n<p>&nbsp;\u00ab C\u2019est un a\u00e9roport aussi international avec une nouvelle a\u00e9rogare, une nouvelle piste, une nouvelle piste \u00e9galement \u00e0 r\u00e9fectionner et \u00e9galement Tarmac avec six bretelles au niveau de l\u2019a\u00e9rogare, ce qui va glisser prochainement, Luano \u00e9galement, sur des a\u00e9roports qui sont totalement modernes, dont le niveau de s\u00e9curit\u00e9 va monter parce que nous avons des \u00e9quipements l\u00e0-bas que nous avons mis pour les d\u00e9tections des \u00e9quipements, des m\u00e9taux, \u00e9galement pour la s\u00e9curit\u00e9, qui va \u00e9lever le niveau de s\u00e9curit\u00e9 de tous nos a\u00e9roports internationaux&nbsp;\u00bb, a soulign\u00e9 Bemba.<\/p>\n\n\n\n<p>\u00c0 Kinshasa, l\u2019a\u00e9roport international de N\u2019djili conna\u00eetra une transformation significative, avec une a\u00e9rogare visant la certification Gold de s\u00e9curit\u00e9. Pr\u00e9vue pour s\u2019achever en d\u00e9cembre 2027, cette infrastructure comprendra une a\u00e9rogare de 45 000 m\u00b2 visant la certification Gold de s\u00e9curit\u00e9, une nouvelle piste parall\u00e8le de 4 000 m\u00e8tres capable d\u2019accueillir les tr\u00e8s gros-porteurs comme l\u2019Airbus A380 (dont Emirates est dot\u00e9), tandis que la piste actuelle sera r\u00e9habilit\u00e9e pour servir de taxi.&nbsp;<\/p>\n\n\n\n<p>Entre temps, le gouvernement planifie de lancer de moderniser les a\u00e9roports de Mbandaka, Gemena, Lisala, Bumba et Matadi avec l\u2019asphaltage des pistes et de construction d\u2019a\u00e9rogares (3 000 m\u00b2). Les pistes de Kikwit et Bandundu-ville sont \u00e9galement en cours de r\u00e9fection.<\/p>\n","protected":false},"excerpt":{"rendered":"<p>Le vice-premier ministre des Transports et Voies de communication, Jean-Pierre Bemba a d\u00e9taill\u00e9 un \u00e9ventail des projets de modernisation dans cinq a\u00e9roports dans diff\u00e9rentes provinces du pays. Lors du Forum Makutano, Bemba a r\u00e9v\u00e9l\u00e9 que l\u2019a\u00e9roport de Kananga, pr\u00e9vu pour une livraison fin mars 2026, sera dot\u00e9 d\u2019une nouvelle a\u00e9rogare<\/p>\n","protected":false},"author":3,"featured_media":10320,"comment_status":"closed","ping_status":"open","sticky":false,"template":"","format":"standard","meta":{"colormag_page_container_layout":"default_layout","colormag_page_sidebar_layout":"default_layout","_jetpack_memberships_contains_paid_content":false,"footnotes":"","jetpack_publicize_message":"","jetpack_publicize_feature_enabled":true,"jetpack_social_post_already_shared":true,"jetpack_social_options":{"image_generator_settings":{"template":"highway","default_image_id":0,"font":"","enabled":false},"version":2}},"categories":[57],"tags":[],"class_list":["post-10318","post","type-post","status-publish","format-standard","has-post-thumbnail","hentry","category-transport"],"magazineBlocksPostFeaturedMedia":{"thumbnail":"https:\/\/www.lejournalci.org\/wp-content\/uploads\/2025\/12\/1001504764-edited-150x150.jpg","medium":"https:\/\/www.lejournalci.org\/wp-content\/uploads\/2025\/12\/1001504764-edited-300x169.jpg","medium_large":"https:\/\/www.lejournalci.org\/wp-content\/uploads\/2025\/12\/1001504764-edited.jpg","large":"https:\/\/www.lejournalci.org\/wp-content\/uploads\/2025\/12\/1001504764-edited.jpg","1536x1536":"https:\/\/www.lejournalci.org\/wp-content\/uploads\/2025\/12\/1001504764-edited.jpg","2048x2048":"https:\/\/www.lejournalci.org\/wp-content\/uploads\/2025\/12\/1001504764-edited.jpg","colormag-highlighted-post":"https:\/\/www.lejournalci.org\/wp-content\/uploads\/2025\/12\/1001504764-edited-392x272.jpg","colormag-featured-post-medium":"https:\/\/www.lejournalci.org\/wp-content\/uploads\/2025\/12\/1001504764-edited-390x205.jpg","colormag-featured-post-small":"https:\/\/www.lejournalci.org\/wp-content\/uploads\/2025\/12\/1001504764-edited-130x90.jpg","colormag-featured-image":"https:\/\/www.lejournalci.org\/wp-content\/uploads\/2025\/12\/1001504764-edited.jpg","colormag-default-news":"https:\/\/www.lejournalci.org\/wp-content\/uploads\/2025\/12\/1001504764-edited-150x150.jpg","colormag-featured-image-large":"https:\/\/www.lejournalci.org\/wp-content\/uploads\/2025\/12\/1001504764-edited.jpg"},"magazineBlocksPostAuthor":{"name":"La R\u00e9daction CI","avatar":"https:\/\/secure.gravatar.com\/avatar\/e63ab2ab378e283740d8889fbe2ec43fdcee7ac714a480d705f61cb1e5675c4c?s=96&d=mm&r=g"},"magazineBlocksPostCommentsNumber":false,"magazineBlocksPostExcerpt":"Le vice-premier ministre des Transports et Voies de communication, Jean-Pierre Bemba a d\u00e9taill\u00e9 un \u00e9ventail des projets de modernisation dans cinq a\u00e9roports dans diff\u00e9rentes provinces du pays. Lors du Forum Makutano, Bemba a r\u00e9v\u00e9l\u00e9 que l\u2019a\u00e9roport de Kananga, pr\u00e9vu pour une livraison fin mars 2026, sera dot\u00e9 d\u2019une nouvelle a\u00e9rogare","magazineBlocksPostCategories":["TRANSPORT"],"magazineBlocksPostViewCount":727,"magazineBlocksPostReadTime":3,"magazine_blocks_featured_image_url":{"full":["https:\/\/www.lejournalci.org\/wp-content\/uploads\/2025\/12\/1001504764-edited.jpg",605,340,false],"medium":["https:\/\/www.lejournalci.org\/wp-content\/uploads\/2025\/12\/1001504764-edited-300x169.jpg",300,169,true],"thumbnail":["https:\/\/www.lejournalci.org\/wp-content\/uploads\/2025\/12\/1001504764-edited-150x150.jpg",150,150,true]},"magazine_blocks_author":{"display_name":"La R\u00e9daction CI","author_link":"https:\/\/www.lejournalci.org\/index.php\/author\/noebricendongyahoo-fr\/"},"magazine_blocks_comment":0,"magazine_blocks_author_image":"https:\/\/secure.gravatar.com\/avatar\/e63ab2ab378e283740d8889fbe2ec43fdcee7ac714a480d705f61cb1e5675c4c?s=96&d=mm&r=g","magazine_blocks_category":"<a href=\"#\" class=\"category-link category-link-57\">TRANSPORT<\/a>","yoast_head":"<!-- This site is optimized with the Yoast SEO plugin v26.2 - https:\/\/yoast.com\/wordpress\/plugins\/seo\/ -->\n<title>RDC: Jean Pierre Mbemba annonce la modernisation des a\u00e9roports du Congo.\u00ab\u00a0N\u2019djili sera le premier a\u00e9roport en Afrique qui aura la certification Gold au niveau s\u00e9curitaire\u00a0\u00bb - Cooperation Internationale<\/title>\n<meta name=\"robots\" content=\"index, follow, max-snippet:-1, max-image-preview:large, max-video-preview:-1\" \/>\n<link rel=\"canonical\" href=\"https:\/\/www.lejournalci.org\/index.php\/2025\/12\/02\/rdc-jean-pierre-mbemba-annonce-la-modernisation-des-aeroports-du-congo-ndjili-sera-le-premier-aeroport-en-afrique-qui-aura-la-certification-gold-au-niveau-securitaire\/\" \/>\n<meta property=\"og:locale\" content=\"fr_FR\" \/>\n<meta property=\"og:type\" content=\"article\" \/>\n<meta property=\"og:title\" content=\"RDC: Jean Pierre Mbemba annonce la modernisation des a\u00e9roports du Congo.\u00ab\u00a0N\u2019djili sera le premier a\u00e9roport en Afrique qui aura la certification Gold au niveau s\u00e9curitaire\u00a0\u00bb - Cooperation Internationale\" \/>\n<meta property=\"og:description\" content=\"Le vice-premier ministre des Transports et Voies de communication, Jean-Pierre Bemba a d\u00e9taill\u00e9 un \u00e9ventail des projets de modernisation dans cinq a\u00e9roports dans diff\u00e9rentes provinces du pays. Lors du Forum Makutano, Bemba a r\u00e9v\u00e9l\u00e9 que l\u2019a\u00e9roport de Kananga, pr\u00e9vu pour une livraison fin mars 2026, sera dot\u00e9 d\u2019une nouvelle a\u00e9rogare\" \/>\n<meta property=\"og:url\" content=\"https:\/\/www.lejournalci.org\/index.php\/2025\/12\/02\/rdc-jean-pierre-mbemba-annonce-la-modernisation-des-aeroports-du-congo-ndjili-sera-le-premier-aeroport-en-afrique-qui-aura-la-certification-gold-au-niveau-securitaire\/\" \/>\n<meta property=\"og:site_name\" content=\"Cooperation Internationale\" \/>\n<meta property=\"article:publisher\" content=\"https:\/\/www.facebook.com\/journalCI\/\" \/>\n<meta property=\"article:published_time\" content=\"2025-12-02T08:21:40+00:00\" \/>\n<meta property=\"article:modified_time\" content=\"2025-12-02T08:21:42+00:00\" \/>\n<meta property=\"og:image\" content=\"https:\/\/www.lejournalci.org\/wp-content\/uploads\/2025\/12\/1001504764-edited.jpg\" \/>\n\t<meta property=\"og:image:width\" content=\"605\" \/>\n\t<meta property=\"og:image:height\" content=\"340\" \/>\n\t<meta property=\"og:image:type\" content=\"image\/jpeg\" \/>\n<meta name=\"author\" content=\"La R\u00e9daction CI\" \/>\n<meta name=\"twitter:card\" content=\"summary_large_image\" \/>\n<meta name=\"twitter:creator\" content=\"@lejournalc\" \/>\n<meta name=\"twitter:site\" content=\"@lejournalc\" \/>\n<meta name=\"twitter:label1\" content=\"\u00c9crit par\" \/>\n\t<meta name=\"twitter:data1\" content=\"La R\u00e9daction CI\" \/>\n\t<meta name=\"twitter:label2\" content=\"Dur\u00e9e de lecture estim\u00e9e\" \/>\n\t<meta name=\"twitter:data2\" content=\"2 minutes\" \/>\n<script type=\"application\/ld+json\" class=\"yoast-schema-graph\">{\"@context\":\"https:\/\/schema.org\",\"@graph\":[{\"@type\":\"Article\",\"@id\":\"https:\/\/www.lejournalci.org\/index.php\/2025\/12\/02\/rdc-jean-pierre-mbemba-annonce-la-modernisation-des-aeroports-du-congo-ndjili-sera-le-premier-aeroport-en-afrique-qui-aura-la-certification-gold-au-niveau-securitaire\/#article\",\"isPartOf\":{\"@id\":\"https:\/\/www.lejournalci.org\/index.php\/2025\/12\/02\/rdc-jean-pierre-mbemba-annonce-la-modernisation-des-aeroports-du-congo-ndjili-sera-le-premier-aeroport-en-afrique-qui-aura-la-certification-gold-au-niveau-securitaire\/\"},\"author\":{\"name\":\"La R\u00e9daction CI\",\"@id\":\"https:\/\/www.lejournalci.org\/#\/schema\/person\/2efe42dc5459aaaf6d89cb27e736002b\"},\"headline\":\"RDC: Jean Pierre Mbemba annonce la modernisation des a\u00e9roports du Congo.\u00ab\u00a0N\u2019djili sera le premier a\u00e9roport en Afrique qui aura la certification Gold au niveau s\u00e9curitaire\u00a0\u00bb\",\"datePublished\":\"2025-12-02T08:21:40+00:00\",\"dateModified\":\"2025-12-02T08:21:42+00:00\",\"mainEntityOfPage\":{\"@id\":\"https:\/\/www.lejournalci.org\/index.php\/2025\/12\/02\/rdc-jean-pierre-mbemba-annonce-la-modernisation-des-aeroports-du-congo-ndjili-sera-le-premier-aeroport-en-afrique-qui-aura-la-certification-gold-au-niveau-securitaire\/\"},\"wordCount\":540,\"publisher\":{\"@id\":\"https:\/\/www.lejournalci.org\/#organization\"},\"image\":{\"@id\":\"https:\/\/www.lejournalci.org\/index.php\/2025\/12\/02\/rdc-jean-pierre-mbemba-annonce-la-modernisation-des-aeroports-du-congo-ndjili-sera-le-premier-aeroport-en-afrique-qui-aura-la-certification-gold-au-niveau-securitaire\/#primaryimage\"},\"thumbnailUrl\":\"https:\/\/www.lejournalci.org\/wp-content\/uploads\/2025\/12\/1001504764-edited.jpg\",\"articleSection\":[\"TRANSPORT\"],\"inLanguage\":\"fr-FR\"},{\"@type\":\"WebPage\",\"@id\":\"https:\/\/www.lejournalci.org\/index.php\/2025\/12\/02\/rdc-jean-pierre-mbemba-annonce-la-modernisation-des-aeroports-du-congo-ndjili-sera-le-premier-aeroport-en-afrique-qui-aura-la-certification-gold-au-niveau-securitaire\/\",\"url\":\"https:\/\/www.lejournalci.org\/index.php\/2025\/12\/02\/rdc-jean-pierre-mbemba-annonce-la-modernisation-des-aeroports-du-congo-ndjili-sera-le-premier-aeroport-en-afrique-qui-aura-la-certification-gold-au-niveau-securitaire\/\",\"name\":\"RDC: Jean Pierre Mbemba annonce la modernisation des a\u00e9roports du Congo.\u00ab\u00a0N\u2019djili sera le premier a\u00e9roport en Afrique qui aura la certification Gold au niveau s\u00e9curitaire\u00a0\u00bb - Cooperation Internationale\",\"isPartOf\":{\"@id\":\"https:\/\/www.lejournalci.org\/#website\"},\"primaryImageOfPage\":{\"@id\":\"https:\/\/www.lejournalci.org\/index.php\/2025\/12\/02\/rdc-jean-pierre-mbemba-annonce-la-modernisation-des-aeroports-du-congo-ndjili-sera-le-premier-aeroport-en-afrique-qui-aura-la-certification-gold-au-niveau-securitaire\/#primaryimage\"},\"image\":{\"@id\":\"https:\/\/www.lejournalci.org\/index.php\/2025\/12\/02\/rdc-jean-pierre-mbemba-annonce-la-modernisation-des-aeroports-du-congo-ndjili-sera-le-premier-aeroport-en-afrique-qui-aura-la-certification-gold-au-niveau-securitaire\/#primaryimage\"},\"thumbnailUrl\":\"https:\/\/www.lejournalci.org\/wp-content\/uploads\/2025\/12\/1001504764-edited.jpg\",\"datePublished\":\"2025-12-02T08:21:40+00:00\",\"dateModified\":\"2025-12-02T08:21:42+00:00\",\"breadcrumb\":{\"@id\":\"https:\/\/www.lejournalci.org\/index.php\/2025\/12\/02\/rdc-jean-pierre-mbemba-annonce-la-modernisation-des-aeroports-du-congo-ndjili-sera-le-premier-aeroport-en-afrique-qui-aura-la-certification-gold-au-niveau-securitaire\/#breadcrumb\"},\"inLanguage\":\"fr-FR\",\"potentialAction\":[{\"@type\":\"ReadAction\",\"target\":[\"https:\/\/www.lejournalci.org\/index.php\/2025\/12\/02\/rdc-jean-pierre-mbemba-annonce-la-modernisation-des-aeroports-du-congo-ndjili-sera-le-premier-aeroport-en-afrique-qui-aura-la-certification-gold-au-niveau-securitaire\/\"]}]},{\"@type\":\"ImageObject\",\"inLanguage\":\"fr-FR\",\"@id\":\"https:\/\/www.lejournalci.org\/index.php\/2025\/12\/02\/rdc-jean-pierre-mbemba-annonce-la-modernisation-des-aeroports-du-congo-ndjili-sera-le-premier-aeroport-en-afrique-qui-aura-la-certification-gold-au-niveau-securitaire\/#primaryimage\",\"url\":\"https:\/\/www.lejournalci.org\/wp-content\/uploads\/2025\/12\/1001504764-edited.jpg\",\"contentUrl\":\"https:\/\/www.lejournalci.org\/wp-content\/uploads\/2025\/12\/1001504764-edited.jpg\",\"width\":605,\"height\":340},{\"@type\":\"BreadcrumbList\",\"@id\":\"https:\/\/www.lejournalci.org\/index.php\/2025\/12\/02\/rdc-jean-pierre-mbemba-annonce-la-modernisation-des-aeroports-du-congo-ndjili-sera-le-premier-aeroport-en-afrique-qui-aura-la-certification-gold-au-niveau-securitaire\/#breadcrumb\",\"itemListElement\":[{\"@type\":\"ListItem\",\"position\":1,\"name\":\"Accueil\",\"item\":\"https:\/\/www.lejournalci.org\/\"},{\"@type\":\"ListItem\",\"position\":2,\"name\":\"RDC: Jean Pierre Mbemba annonce la modernisation des a\u00e9roports du Congo.\u00ab\u00a0N\u2019djili sera le premier a\u00e9roport en Afrique qui aura la certification Gold au niveau s\u00e9curitaire\u00a0\u00bb\"}]},{\"@type\":\"WebSite\",\"@id\":\"https:\/\/www.lejournalci.org\/#website\",\"url\":\"https:\/\/www.lejournalci.org\/\",\"name\":\"Cooperation Internationale\",\"description\":\"Faire de la Coop\u00e9ration un Puissant Instrument de D\u00e9veloppement\",\"publisher\":{\"@id\":\"https:\/\/www.lejournalci.org\/#organization\"},\"potentialAction\":[{\"@type\":\"SearchAction\",\"target\":{\"@type\":\"EntryPoint\",\"urlTemplate\":\"https:\/\/www.lejournalci.org\/?s={search_term_string}\"},\"query-input\":{\"@type\":\"PropertyValueSpecification\",\"valueRequired\":true,\"valueName\":\"search_term_string\"}}],\"inLanguage\":\"fr-FR\"},{\"@type\":\"Organization\",\"@id\":\"https:\/\/www.lejournalci.org\/#organization\",\"name\":\"Cooperation Internationale\",\"url\":\"https:\/\/www.lejournalci.org\/\",\"logo\":{\"@type\":\"ImageObject\",\"inLanguage\":\"fr-FR\",\"@id\":\"https:\/\/www.lejournalci.org\/#\/schema\/logo\/image\/\",\"url\":\"https:\/\/www.lejournalci.org\/wp-content\/uploads\/2024\/12\/logo-coopint_HD_3.jpg\",\"contentUrl\":\"https:\/\/www.lejournalci.org\/wp-content\/uploads\/2024\/12\/logo-coopint_HD_3.jpg\",\"width\":700,\"height\":214,\"caption\":\"Cooperation Internationale\"},\"image\":{\"@id\":\"https:\/\/www.lejournalci.org\/#\/schema\/logo\/image\/\"},\"sameAs\":[\"https:\/\/www.facebook.com\/journalCI\/\",\"https:\/\/x.com\/lejournalc\"]},{\"@type\":\"Person\",\"@id\":\"https:\/\/www.lejournalci.org\/#\/schema\/person\/2efe42dc5459aaaf6d89cb27e736002b\",\"name\":\"La R\u00e9daction CI\",\"image\":{\"@type\":\"ImageObject\",\"inLanguage\":\"fr-FR\",\"@id\":\"https:\/\/www.lejournalci.org\/#\/schema\/person\/image\/\",\"url\":\"https:\/\/secure.gravatar.com\/avatar\/e63ab2ab378e283740d8889fbe2ec43fdcee7ac714a480d705f61cb1e5675c4c?s=96&d=mm&r=g\",\"contentUrl\":\"https:\/\/secure.gravatar.com\/avatar\/e63ab2ab378e283740d8889fbe2ec43fdcee7ac714a480d705f61cb1e5675c4c?s=96&d=mm&r=g\",\"caption\":\"La R\u00e9daction CI\"},\"url\":\"https:\/\/www.lejournalci.org\/index.php\/author\/noebricendongyahoo-fr\/\"}]}<\/script>\n<!-- \/ Yoast SEO plugin. -->","yoast_head_json":{"title":"RDC: Jean Pierre Mbemba annonce la modernisation des a\u00e9roports du Congo.\u00ab\u00a0N\u2019djili sera le premier a\u00e9roport en Afrique qui aura la certification Gold au niveau s\u00e9curitaire\u00a0\u00bb - Cooperation Internationale","robots":{"index":"index","follow":"follow","max-snippet":"max-snippet:-1","max-image-preview":"max-image-preview:large","max-video-preview":"max-video-preview:-1"},"canonical":"https:\/\/www.lejournalci.org\/index.php\/2025\/12\/02\/rdc-jean-pierre-mbemba-annonce-la-modernisation-des-aeroports-du-congo-ndjili-sera-le-premier-aeroport-en-afrique-qui-aura-la-certification-gold-au-niveau-securitaire\/","og_locale":"fr_FR","og_type":"article","og_title":"RDC: Jean Pierre Mbemba annonce la modernisation des a\u00e9roports du Congo.\u00ab\u00a0N\u2019djili sera le premier a\u00e9roport en Afrique qui aura la certification Gold au niveau s\u00e9curitaire\u00a0\u00bb - Cooperation Internationale","og_description":"Le vice-premier ministre des Transports et Voies de communication, Jean-Pierre Bemba a d\u00e9taill\u00e9 un \u00e9ventail des projets de modernisation dans cinq a\u00e9roports dans diff\u00e9rentes provinces du pays. Lors du Forum Makutano, Bemba a r\u00e9v\u00e9l\u00e9 que l\u2019a\u00e9roport de Kananga, pr\u00e9vu pour une livraison fin mars 2026, sera dot\u00e9 d\u2019une nouvelle a\u00e9rogare","og_url":"https:\/\/www.lejournalci.org\/index.php\/2025\/12\/02\/rdc-jean-pierre-mbemba-annonce-la-modernisation-des-aeroports-du-congo-ndjili-sera-le-premier-aeroport-en-afrique-qui-aura-la-certification-gold-au-niveau-securitaire\/","og_site_name":"Cooperation Internationale","article_publisher":"https:\/\/www.facebook.com\/journalCI\/","article_published_time":"2025-12-02T08:21:40+00:00","article_modified_time":"2025-12-02T08:21:42+00:00","og_image":[{"width":605,"height":340,"url":"https:\/\/www.lejournalci.org\/wp-content\/uploads\/2025\/12\/1001504764-edited.jpg","type":"image\/jpeg"}],"author":"La R\u00e9daction CI","twitter_card":"summary_large_image","twitter_creator":"@lejournalc","twitter_site":"@lejournalc","twitter_misc":{"\u00c9crit par":"La R\u00e9daction CI","Dur\u00e9e de lecture estim\u00e9e":"2 minutes"},"schema":{"@context":"https:\/\/schema.org","@graph":[{"@type":"Article","@id":"https:\/\/www.lejournalci.org\/index.php\/2025\/12\/02\/rdc-jean-pierre-mbemba-annonce-la-modernisation-des-aeroports-du-congo-ndjili-sera-le-premier-aeroport-en-afrique-qui-aura-la-certification-gold-au-niveau-securitaire\/#article","isPartOf":{"@id":"https:\/\/www.lejournalci.org\/index.php\/2025\/12\/02\/rdc-jean-pierre-mbemba-annonce-la-modernisation-des-aeroports-du-congo-ndjili-sera-le-premier-aeroport-en-afrique-qui-aura-la-certification-gold-au-niveau-securitaire\/"},"author":{"name":"La R\u00e9daction CI","@id":"https:\/\/www.lejournalci.org\/#\/schema\/person\/2efe42dc5459aaaf6d89cb27e736002b"},"headline":"RDC: Jean Pierre Mbemba annonce la modernisation des a\u00e9roports du Congo.\u00ab\u00a0N\u2019djili sera le premier a\u00e9roport en Afrique qui aura la certification Gold au niveau s\u00e9curitaire\u00a0\u00bb","datePublished":"2025-12-02T08:21:40+00:00","dateModified":"2025-12-02T08:21:42+00:00","mainEntityOfPage":{"@id":"https:\/\/www.lejournalci.org\/index.php\/2025\/12\/02\/rdc-jean-pierre-mbemba-annonce-la-modernisation-des-aeroports-du-congo-ndjili-sera-le-premier-aeroport-en-afrique-qui-aura-la-certification-gold-au-niveau-securitaire\/"},"wordCount":540,"publisher":{"@id":"https:\/\/www.lejournalci.org\/#organization"},"image":{"@id":"https:\/\/www.lejournalci.org\/index.php\/2025\/12\/02\/rdc-jean-pierre-mbemba-annonce-la-modernisation-des-aeroports-du-congo-ndjili-sera-le-premier-aeroport-en-afrique-qui-aura-la-certification-gold-au-niveau-securitaire\/#primaryimage"},"thumbnailUrl":"https:\/\/www.lejournalci.org\/wp-content\/uploads\/2025\/12\/1001504764-edited.jpg","articleSection":["TRANSPORT"],"inLanguage":"fr-FR"},{"@type":"WebPage","@id":"https:\/\/www.lejournalci.org\/index.php\/2025\/12\/02\/rdc-jean-pierre-mbemba-annonce-la-modernisation-des-aeroports-du-congo-ndjili-sera-le-premier-aeroport-en-afrique-qui-aura-la-certification-gold-au-niveau-securitaire\/","url":"https:\/\/www.lejournalci.org\/index.php\/2025\/12\/02\/rdc-jean-pierre-mbemba-annonce-la-modernisation-des-aeroports-du-congo-ndjili-sera-le-premier-aeroport-en-afrique-qui-aura-la-certification-gold-au-niveau-securitaire\/","name":"RDC: Jean Pierre Mbemba annonce la modernisation des a\u00e9roports du Congo.\u00ab\u00a0N\u2019djili sera le premier a\u00e9roport en Afrique qui aura la certification Gold au niveau s\u00e9curitaire\u00a0\u00bb - Cooperation Internationale","isPartOf":{"@id":"https:\/\/www.lejournalci.org\/#website"},"primaryImageOfPage":{"@id":"https:\/\/www.lejournalci.org\/index.php\/2025\/12\/02\/rdc-jean-pierre-mbemba-annonce-la-modernisation-des-aeroports-du-congo-ndjili-sera-le-premier-aeroport-en-afrique-qui-aura-la-certification-gold-au-niveau-securitaire\/#primaryimage"},"image":{"@id":"https:\/\/www.lejournalci.org\/index.php\/2025\/12\/02\/rdc-jean-pierre-mbemba-annonce-la-modernisation-des-aeroports-du-congo-ndjili-sera-le-premier-aeroport-en-afrique-qui-aura-la-certification-gold-au-niveau-securitaire\/#primaryimage"},"thumbnailUrl":"https:\/\/www.lejournalci.org\/wp-content\/uploads\/2025\/12\/1001504764-edited.jpg","datePublished":"2025-12-02T08:21:40+00:00","dateModified":"2025-12-02T08:21:42+00:00","breadcrumb":{"@id":"https:\/\/www.lejournalci.org\/index.php\/2025\/12\/02\/rdc-jean-pierre-mbemba-annonce-la-modernisation-des-aeroports-du-congo-ndjili-sera-le-premier-aeroport-en-afrique-qui-aura-la-certification-gold-au-niveau-securitaire\/#breadcrumb"},"inLanguage":"fr-FR","potentialAction":[{"@type":"ReadAction","target":["https:\/\/www.lejournalci.org\/index.php\/2025\/12\/02\/rdc-jean-pierre-mbemba-annonce-la-modernisation-des-aeroports-du-congo-ndjili-sera-le-premier-aeroport-en-afrique-qui-aura-la-certification-gold-au-niveau-securitaire\/"]}]},{"@type":"ImageObject","inLanguage":"fr-FR","@id":"https:\/\/www.lejournalci.org\/index.php\/2025\/12\/02\/rdc-jean-pierre-mbemba-annonce-la-modernisation-des-aeroports-du-congo-ndjili-sera-le-premier-aeroport-en-afrique-qui-aura-la-certification-gold-au-niveau-securitaire\/#primaryimage","url":"https:\/\/www.lejournalci.org\/wp-content\/uploads\/2025\/12\/1001504764-edited.jpg","contentUrl":"https:\/\/www.lejournalci.org\/wp-content\/uploads\/2025\/12\/1001504764-edited.jpg","width":605,"height":340},{"@type":"BreadcrumbList","@id":"https:\/\/www.lejournalci.org\/index.php\/2025\/12\/02\/rdc-jean-pierre-mbemba-annonce-la-modernisation-des-aeroports-du-congo-ndjili-sera-le-premier-aeroport-en-afrique-qui-aura-la-certification-gold-au-niveau-securitaire\/#breadcrumb","itemListElement":[{"@type":"ListItem","position":1,"name":"Accueil","item":"https:\/\/www.lejournalci.org\/"},{"@type":"ListItem","position":2,"name":"RDC: Jean Pierre Mbemba annonce la modernisation des a\u00e9roports du Congo.\u00ab\u00a0N\u2019djili sera le premier a\u00e9roport en Afrique qui aura la certification Gold au niveau s\u00e9curitaire\u00a0\u00bb"}]},{"@type":"WebSite","@id":"https:\/\/www.lejournalci.org\/#website","url":"https:\/\/www.lejournalci.org\/","name":"Cooperation Internationale","description":"Faire de la Coop\u00e9ration un Puissant Instrument de D\u00e9veloppement","publisher":{"@id":"https:\/\/www.lejournalci.org\/#organization"},"potentialAction":[{"@type":"SearchAction","target":{"@type":"EntryPoint","urlTemplate":"https:\/\/www.lejournalci.org\/?s={search_term_string}"},"query-input":{"@type":"PropertyValueSpecification","valueRequired":true,"valueName":"search_term_string"}}],"inLanguage":"fr-FR"},{"@type":"Organization","@id":"https:\/\/www.lejournalci.org\/#organization","name":"Cooperation Internationale","url":"https:\/\/www.lejournalci.org\/","logo":{"@type":"ImageObject","inLanguage":"fr-FR","@id":"https:\/\/www.lejournalci.org\/#\/schema\/logo\/image\/","url":"https:\/\/www.lejournalci.org\/wp-content\/uploads\/2024\/12\/logo-coopint_HD_3.jpg","contentUrl":"https:\/\/www.lejournalci.org\/wp-content\/uploads\/2024\/12\/logo-coopint_HD_3.jpg","width":700,"height":214,"caption":"Cooperation Internationale"},"image":{"@id":"https:\/\/www.lejournalci.org\/#\/schema\/logo\/image\/"},"sameAs":["https:\/\/www.facebook.com\/journalCI\/","https:\/\/x.com\/lejournalc"]},{"@type":"Person","@id":"https:\/\/www.lejournalci.org\/#\/schema\/person\/2efe42dc5459aaaf6d89cb27e736002b","name":"La R\u00e9daction CI","image":{"@type":"ImageObject","inLanguage":"fr-FR","@id":"https:\/\/www.lejournalci.org\/#\/schema\/person\/image\/","url":"https:\/\/secure.gravatar.com\/avatar\/e63ab2ab378e283740d8889fbe2ec43fdcee7ac714a480d705f61cb1e5675c4c?s=96&d=mm&r=g","contentUrl":"https:\/\/secure.gravatar.com\/avatar\/e63ab2ab378e283740d8889fbe2ec43fdcee7ac714a480d705f61cb1e5675c4c?s=96&d=mm&r=g","caption":"La R\u00e9daction CI"},"url":"https:\/\/www.lejournalci.org\/index.php\/author\/noebricendongyahoo-fr\/"}]}},"jetpack_publicize_connections":[],"jetpack_featured_media_url":"https:\/\/www.lejournalci.org\/wp-content\/uploads\/2025\/12\/1001504764-edited.jpg","jetpack_sharing_enabled":true,"_links":{"self":[{"href":"https:\/\/www.lejournalci.org\/index.php\/wp-json\/wp\/v2\/posts\/10318","targetHints":{"allow":["GET"]}}],"collection":[{"href":"https:\/\/www.lejournalci.org\/index.php\/wp-json\/wp\/v2\/posts"}],"about":[{"href":"https:\/\/www.lejournalci.org\/index.php\/wp-json\/wp\/v2\/types\/post"}],"author":[{"embeddable":true,"href":"https:\/\/www.lejournalci.org\/index.php\/wp-json\/wp\/v2\/users\/3"}],"replies":[{"embeddable":true,"href":"https:\/\/www.lejournalci.org\/index.php\/wp-json\/wp\/v2\/comments?post=10318"}],"version-history":[{"count":1,"href":"https:\/\/www.lejournalci.org\/index.php\/wp-json\/wp\/v2\/posts\/10318\/revisions"}],"predecessor-version":[{"id":10321,"href":"https:\/\/www.lejournalci.org\/index.php\/wp-json\/wp\/v2\/posts\/10318\/revisions\/10321"}],"wp:featuredmedia":[{"embeddable":true,"href":"https:\/\/www.lejournalci.org\/index.php\/wp-json\/wp\/v2\/media\/10320"}],"wp:attachment":[{"href":"https:\/\/www.lejournalci.org\/index.php\/wp-json\/wp\/v2\/media?parent=10318"}],"wp:term":[{"taxonomy":"category","embeddable":true,"href":"https:\/\/www.lejournalci.org\/index.php\/wp-json\/wp\/v2\/categories?post=10318"},{"taxonomy":"post_tag","embeddable":true,"href":"https:\/\/www.lejournalci.org\/index.php\/wp-json\/wp\/v2\/tags?post=10318"}],"curies":[{"name":"wp","href":"https:\/\/api.w.org\/{rel}","templated":true}]}}