{"id":10302,"date":"2025-11-30T18:10:01","date_gmt":"2025-11-30T18:10:01","guid":{"rendered":"https:\/\/www.lejournalci.org\/?p=10302"},"modified":"2025-11-30T18:11:53","modified_gmt":"2025-11-30T18:11:53","slug":"rd-congo-le-gouvernement-et-la-banque-africaine-de-developpement-adoptent-un-plan-damelioration-de-la-performance-du-portefeuille","status":"publish","type":"post","link":"https:\/\/www.lejournalci.org\/index.php\/2025\/11\/30\/rd-congo-le-gouvernement-et-la-banque-africaine-de-developpement-adoptent-un-plan-damelioration-de-la-performance-du-portefeuille\/","title":{"rendered":"(RD Congo) : le gouvernement et la Banque africaine de d\u00e9veloppement adoptent un plan d\u2019am\u00e9lioration de la performance du portefeuille"},"content":{"rendered":"\n<p><strong><em>Ce plan met l\u2019accent sur une appropriation renforc\u00e9e des projets par les minist\u00e8res sectoriels, une meilleure maturation des op\u00e9rations et une programmation plus coordonn\u00e9e des investissements<\/em><\/strong>.<\/p>\n\n\n\n<p>Le gouvernement de la R\u00e9publique d\u00e9mocratique du Congo (RDC) et le Groupe de la Banque africaine de d\u00e9veloppement\u00a0 ont valid\u00e9 un plan commun d\u2019am\u00e9lioration de la performance du portefeuille des projets de l\u2019institution au terme d\u2019une revue de portefeuille organis\u00e9e du 17 au 20 novembre \u00e0 Kinshasa.<\/p>\n\n\n\n<p>Ce plan met l\u2019accent sur une appropriation renforc\u00e9e des projets par les minist\u00e8res sectoriels, une meilleure maturation des op\u00e9rations et une programmation plus coordonn\u00e9e des investissements. Il pr\u00e9voit \u00e9galement la digitalisation des processus de mise en \u0153uvre et de rapportage, le renforcement des capacit\u00e9s des \u00e9quipes et une collaboration plus proactive pour r\u00e9duire les d\u00e9lais d\u2019ex\u00e9cution. Enfin, il introduit un dispositif d\u2019\u00e9valuation de la performance des Unit\u00e9s de gestion assorti de m\u00e9canismes d\u2019incitation enfin d\u2019acc\u00e9l\u00e9rer la mise en \u0153uvre des projets et d\u2019en optimiser l\u2019impact.<\/p>\n\n\n\n<p><strong><em>\u00ab La performance des projets financ\u00e9s par la Banque africaine de d\u00e9veloppement est essentielle pour r\u00e9pondre aux attentes l\u00e9gitimes de notre population\u00a0\u00bb, a d\u00e9clar\u00e9 la vice-ministre des Finances de la RDC, Yamba Kazadi Gracia. Avant d\u2019ajouter\u00a0: \u00ab\u00a0Chaque dollar non utilis\u00e9 repr\u00e9sente une \u00e9cole non construite, une route non r\u00e9habilit\u00e9e, un centre de sant\u00e9 non \u00e9quip\u00e9. Nous avons le devoir moral et politique de transformer ces financements en r\u00e9sultats tangibles pour le d\u00e9veloppement de notre pays \u00bb.<\/em><\/strong><\/p>\n\n\n\n<p>Le directeur g\u00e9n\u00e9ral adjoint du Groupe de la Banque pour l\u2019Afrique centrale, Mohamed Ch\u00e9rif, a salu\u00e9 la qualit\u00e9 du dialogue avec les autorit\u00e9s congolaises et r\u00e9affirm\u00e9 l\u2019engagement de l\u2019institution panafricaine \u00e0 accompagner le pays dans la r\u00e9alisation de ses priorit\u00e9s nationales.<\/p>\n\n\n\n<p>Pour M. Ch\u00e9rif, \u00ab cette rencontre t\u00e9moigne de notre engagement commun \u00e0 accompagner la vision nationale et r\u00e9affirme notre soutien aux grandes priorit\u00e9s nationales (\u2026). C\u2019est pour cette raison que nous nous devons de travailler davantage ensemble pour am\u00e9liorer l\u2019efficacit\u00e9 de nos projets et programmes et de renforcer leur impact sur le d\u00e9veloppement et le bien-\u00eatre des populations congolaises. \u00bb<\/p>\n\n\n\n<p>La revue de la performance du portefeuille pays, qui constitue un moment cl\u00e9 du dialogue strat\u00e9gique et op\u00e9rationnel entre le Groupe de la Banque et le gouvernement congolais, visait \u00e0 \u00e9valuer l\u2019\u00e9tat d\u2019avancement des op\u00e9rations financ\u00e9es par l\u2019institution, \u00e0 identifier les contraintes qui freinent leur mise en \u0153uvre et \u00e0 convenir d\u2019actions prioritaires pour am\u00e9liorer la performance globale du portefeuille.<\/p>\n\n\n\n<p>Pendant trois jours, les \u00e9quipes techniques du gouvernement, \u00e0 travers la Cellule de suivi des projets et programmes du minist\u00e8re des Finances, des Unit\u00e9s de gestion des projets du Groupe de la Banque ont travaill\u00e9 en ateliers th\u00e9matiques afin d\u2019examiner en d\u00e9tail chaque op\u00e9ration, d\u2019\u00e9valuer les progr\u00e8s r\u00e9alis\u00e9s, de relever les d\u00e9fis, d\u2019en proposer des mesures correctives adapt\u00e9es et les actions concr\u00e8tes pour une mise en \u0153uvre efficace.<\/p>\n\n\n\n<p>Le portefeuille actif du Groupe de la Banque africaine de d\u00e9veloppement en R\u00e9publique d\u00e9mocratique du Congo s\u2019\u00e9l\u00e8ve \u00e0 plus de 1,6 milliard de dollars, couvrant les secteurs de l\u2019agriculture, des transports, de l\u2019\u00e9nergie, des r\u00e9seaux d\u2019eau potable et d\u2019assainissement, de la gouvernance, du capital humain et du num\u00e9rique. Le portefeuille de la Banque en RDC est l\u2019un des plus importants du Groupe de la Banque en Afrique centrale en termes d\u2019engagement.<\/p>\n\n\n\n<p><strong>\u00c0 propos du Groupe de la Banque africaine de d\u00e9veloppement :<\/strong><br>Groupe de la Banque africaine de d\u00e9veloppement est la principale institution du financement du d\u00e9veloppement en Afrique. Il comprend trois entit\u00e9s distinctes : la Banque africaine de d\u00e9veloppement (BAD), le Fonds africain de d\u00e9veloppement (FAD) et le Fonds sp\u00e9cial du Nigeria (FSN). Repr\u00e9sent\u00e9e dans 41 pays africains, avec un bureau ext\u00e9rieur au Japon, la Banque contribue au d\u00e9veloppement \u00e9conomique et au progr\u00e8s social de ses 54 Etats membres r\u00e9gionaux.\u00a0<\/p>\n\n\n\n<p><em><strong>L\u00e9gende Photo<\/strong>: Au centre : Mme Yamba Kawadi Gracia, vice-ministre des finances, \u00e0 sa droite M. Mohamed Coulibaly, charg\u00e9 de programmes pays pour la RDC ; \u00e0 gauche de Mme la vice_ministre, M. Mutshail Mutomb Gr\u00e9goire, ministre d\u2019Etat, ministre du d\u00e9veloppement rural ; Mme Miakukila Jos\u00e9e, coordonnatrice de la Cellule de suivi des projets et programmes du minist\u00e8re des finances ; M. Mohamed Ch\u00e9rif, directeur g\u00e9n\u00e9ral adjoint du Groupe pour l\u2019Afrique centrale et des participants<\/em><\/p>\n\n\n\n<p><strong>SOURCE<br>African Development Bank Group (AfDB)<\/strong><\/p>\n","protected":false},"excerpt":{"rendered":"<p>Ce plan met l\u2019accent sur une appropriation renforc\u00e9e des projets par les minist\u00e8res sectoriels, une meilleure maturation des op\u00e9rations et une programmation plus coordonn\u00e9e des investissements. Le gouvernement de la R\u00e9publique d\u00e9mocratique du Congo (RDC) et le Groupe de la Banque africaine de d\u00e9veloppement\u00a0 ont valid\u00e9 un plan commun d\u2019am\u00e9lioration<\/p>\n","protected":false},"author":3,"featured_media":10304,"comment_status":"closed","ping_status":"open","sticky":false,"template":"","format":"standard","meta":{"colormag_page_container_layout":"default_layout","colormag_page_sidebar_layout":"default_layout","_jetpack_memberships_contains_paid_content":false,"footnotes":"","jetpack_publicize_message":"","jetpack_publicize_feature_enabled":true,"jetpack_social_post_already_shared":true,"jetpack_social_options":{"image_generator_settings":{"template":"highway","default_image_id":0,"font":"","enabled":false},"version":2}},"categories":[52],"tags":[],"class_list":["post-10302","post","type-post","status-publish","format-standard","has-post-thumbnail","hentry","category-economie"],"magazineBlocksPostFeaturedMedia":{"thumbnail":"https:\/\/www.lejournalci.org\/wp-content\/uploads\/2025\/11\/2283b6bcfe99d2f-edited-150x150.jpg","medium":"https:\/\/www.lejournalci.org\/wp-content\/uploads\/2025\/11\/2283b6bcfe99d2f-edited-300x169.jpg","medium_large":"https:\/\/www.lejournalci.org\/wp-content\/uploads\/2025\/11\/2283b6bcfe99d2f-edited-768x432.jpg","large":"https:\/\/www.lejournalci.org\/wp-content\/uploads\/2025\/11\/2283b6bcfe99d2f-edited-1024x576.jpg","1536x1536":"https:\/\/www.lejournalci.org\/wp-content\/uploads\/2025\/11\/2283b6bcfe99d2f-edited-1536x864.jpg","2048x2048":"https:\/\/www.lejournalci.org\/wp-content\/uploads\/2025\/11\/2283b6bcfe99d2f-edited-2048x1152.jpg","colormag-highlighted-post":"https:\/\/www.lejournalci.org\/wp-content\/uploads\/2025\/11\/2283b6bcfe99d2f-edited-392x272.jpg","colormag-featured-post-medium":"https:\/\/www.lejournalci.org\/wp-content\/uploads\/2025\/11\/2283b6bcfe99d2f-edited-390x205.jpg","colormag-featured-post-small":"https:\/\/www.lejournalci.org\/wp-content\/uploads\/2025\/11\/2283b6bcfe99d2f-edited-130x90.jpg","colormag-featured-image":"https:\/\/www.lejournalci.org\/wp-content\/uploads\/2025\/11\/2283b6bcfe99d2f-edited-800x445.jpg","colormag-default-news":"https:\/\/www.lejournalci.org\/wp-content\/uploads\/2025\/11\/2283b6bcfe99d2f-edited-150x150.jpg","colormag-featured-image-large":"https:\/\/www.lejournalci.org\/wp-content\/uploads\/2025\/11\/2283b6bcfe99d2f-edited-1400x600.jpg"},"magazineBlocksPostAuthor":{"name":"La R\u00e9daction CI","avatar":"https:\/\/secure.gravatar.com\/avatar\/e63ab2ab378e283740d8889fbe2ec43fdcee7ac714a480d705f61cb1e5675c4c?s=96&d=mm&r=g"},"magazineBlocksPostCommentsNumber":false,"magazineBlocksPostExcerpt":"Ce plan met l\u2019accent sur une appropriation renforc\u00e9e des projets par les minist\u00e8res sectoriels, une meilleure maturation des op\u00e9rations et une programmation plus coordonn\u00e9e des investissements. Le gouvernement de la R\u00e9publique d\u00e9mocratique du Congo (RDC) et le Groupe de la Banque africaine de d\u00e9veloppement\u00a0 ont valid\u00e9 un plan commun d\u2019am\u00e9lioration","magazineBlocksPostCategories":["ECONOMIE"],"magazineBlocksPostViewCount":290,"magazineBlocksPostReadTime":4,"magazine_blocks_featured_image_url":{"full":["https:\/\/www.lejournalci.org\/wp-content\/uploads\/2025\/11\/2283b6bcfe99d2f-edited-scaled.jpg",2560,1441,false],"medium":["https:\/\/www.lejournalci.org\/wp-content\/uploads\/2025\/11\/2283b6bcfe99d2f-edited-300x169.jpg",300,169,true],"thumbnail":["https:\/\/www.lejournalci.org\/wp-content\/uploads\/2025\/11\/2283b6bcfe99d2f-edited-150x150.jpg",150,150,true]},"magazine_blocks_author":{"display_name":"La R\u00e9daction CI","author_link":"https:\/\/www.lejournalci.org\/index.php\/author\/noebricendongyahoo-fr\/"},"magazine_blocks_comment":0,"magazine_blocks_author_image":"https:\/\/secure.gravatar.com\/avatar\/e63ab2ab378e283740d8889fbe2ec43fdcee7ac714a480d705f61cb1e5675c4c?s=96&d=mm&r=g","magazine_blocks_category":"<a href=\"#\" class=\"category-link category-link-52\">ECONOMIE<\/a>","yoast_head":"<!-- This site is optimized with the Yoast SEO plugin v26.2 - https:\/\/yoast.com\/wordpress\/plugins\/seo\/ -->\n<title>(RD Congo) : le gouvernement et la Banque africaine de d\u00e9veloppement adoptent un plan d\u2019am\u00e9lioration de la performance du portefeuille - Cooperation Internationale<\/title>\n<meta name=\"robots\" content=\"index, follow, max-snippet:-1, max-image-preview:large, max-video-preview:-1\" \/>\n<link rel=\"canonical\" href=\"https:\/\/www.lejournalci.org\/index.php\/2025\/11\/30\/rd-congo-le-gouvernement-et-la-banque-africaine-de-developpement-adoptent-un-plan-damelioration-de-la-performance-du-portefeuille\/\" \/>\n<meta property=\"og:locale\" content=\"fr_FR\" \/>\n<meta property=\"og:type\" content=\"article\" \/>\n<meta property=\"og:title\" content=\"(RD Congo) : le gouvernement et la Banque africaine de d\u00e9veloppement adoptent un plan d\u2019am\u00e9lioration de la performance du portefeuille - Cooperation Internationale\" \/>\n<meta property=\"og:description\" content=\"Ce plan met l\u2019accent sur une appropriation renforc\u00e9e des projets par les minist\u00e8res sectoriels, une meilleure maturation des op\u00e9rations et une programmation plus coordonn\u00e9e des investissements. Le gouvernement de la R\u00e9publique d\u00e9mocratique du Congo (RDC) et le Groupe de la Banque africaine de d\u00e9veloppement\u00a0 ont valid\u00e9 un plan commun d\u2019am\u00e9lioration\" \/>\n<meta property=\"og:url\" content=\"https:\/\/www.lejournalci.org\/index.php\/2025\/11\/30\/rd-congo-le-gouvernement-et-la-banque-africaine-de-developpement-adoptent-un-plan-damelioration-de-la-performance-du-portefeuille\/\" \/>\n<meta property=\"og:site_name\" content=\"Cooperation Internationale\" \/>\n<meta property=\"article:publisher\" content=\"https:\/\/www.facebook.com\/journalCI\/\" \/>\n<meta property=\"article:published_time\" content=\"2025-11-30T18:10:01+00:00\" \/>\n<meta property=\"article:modified_time\" content=\"2025-11-30T18:11:53+00:00\" \/>\n<meta property=\"og:image\" content=\"https:\/\/www.lejournalci.org\/wp-content\/uploads\/2025\/11\/2283b6bcfe99d2f-edited-scaled.jpg\" \/>\n\t<meta property=\"og:image:width\" content=\"2560\" \/>\n\t<meta property=\"og:image:height\" content=\"1441\" \/>\n\t<meta property=\"og:image:type\" content=\"image\/jpeg\" \/>\n<meta name=\"author\" content=\"La R\u00e9daction CI\" \/>\n<meta name=\"twitter:card\" content=\"summary_large_image\" \/>\n<meta name=\"twitter:creator\" content=\"@lejournalc\" \/>\n<meta name=\"twitter:site\" content=\"@lejournalc\" \/>\n<meta name=\"twitter:label1\" content=\"\u00c9crit par\" \/>\n\t<meta name=\"twitter:data1\" content=\"La R\u00e9daction CI\" \/>\n\t<meta name=\"twitter:label2\" content=\"Dur\u00e9e de lecture estim\u00e9e\" \/>\n\t<meta name=\"twitter:data2\" content=\"4 minutes\" \/>\n<script type=\"application\/ld+json\" class=\"yoast-schema-graph\">{\"@context\":\"https:\/\/schema.org\",\"@graph\":[{\"@type\":\"Article\",\"@id\":\"https:\/\/www.lejournalci.org\/index.php\/2025\/11\/30\/rd-congo-le-gouvernement-et-la-banque-africaine-de-developpement-adoptent-un-plan-damelioration-de-la-performance-du-portefeuille\/#article\",\"isPartOf\":{\"@id\":\"https:\/\/www.lejournalci.org\/index.php\/2025\/11\/30\/rd-congo-le-gouvernement-et-la-banque-africaine-de-developpement-adoptent-un-plan-damelioration-de-la-performance-du-portefeuille\/\"},\"author\":{\"name\":\"La R\u00e9daction CI\",\"@id\":\"https:\/\/www.lejournalci.org\/#\/schema\/person\/2efe42dc5459aaaf6d89cb27e736002b\"},\"headline\":\"(RD Congo) : le gouvernement et la Banque africaine de d\u00e9veloppement adoptent un plan d\u2019am\u00e9lioration de la performance du portefeuille\",\"datePublished\":\"2025-11-30T18:10:01+00:00\",\"dateModified\":\"2025-11-30T18:11:53+00:00\",\"mainEntityOfPage\":{\"@id\":\"https:\/\/www.lejournalci.org\/index.php\/2025\/11\/30\/rd-congo-le-gouvernement-et-la-banque-africaine-de-developpement-adoptent-un-plan-damelioration-de-la-performance-du-portefeuille\/\"},\"wordCount\":812,\"publisher\":{\"@id\":\"https:\/\/www.lejournalci.org\/#organization\"},\"image\":{\"@id\":\"https:\/\/www.lejournalci.org\/index.php\/2025\/11\/30\/rd-congo-le-gouvernement-et-la-banque-africaine-de-developpement-adoptent-un-plan-damelioration-de-la-performance-du-portefeuille\/#primaryimage\"},\"thumbnailUrl\":\"https:\/\/www.lejournalci.org\/wp-content\/uploads\/2025\/11\/2283b6bcfe99d2f-edited-scaled.jpg\",\"articleSection\":[\"ECONOMIE\"],\"inLanguage\":\"fr-FR\"},{\"@type\":\"WebPage\",\"@id\":\"https:\/\/www.lejournalci.org\/index.php\/2025\/11\/30\/rd-congo-le-gouvernement-et-la-banque-africaine-de-developpement-adoptent-un-plan-damelioration-de-la-performance-du-portefeuille\/\",\"url\":\"https:\/\/www.lejournalci.org\/index.php\/2025\/11\/30\/rd-congo-le-gouvernement-et-la-banque-africaine-de-developpement-adoptent-un-plan-damelioration-de-la-performance-du-portefeuille\/\",\"name\":\"(RD Congo) : le gouvernement et la Banque africaine de d\u00e9veloppement adoptent un plan d\u2019am\u00e9lioration de la performance du portefeuille - Cooperation Internationale\",\"isPartOf\":{\"@id\":\"https:\/\/www.lejournalci.org\/#website\"},\"primaryImageOfPage\":{\"@id\":\"https:\/\/www.lejournalci.org\/index.php\/2025\/11\/30\/rd-congo-le-gouvernement-et-la-banque-africaine-de-developpement-adoptent-un-plan-damelioration-de-la-performance-du-portefeuille\/#primaryimage\"},\"image\":{\"@id\":\"https:\/\/www.lejournalci.org\/index.php\/2025\/11\/30\/rd-congo-le-gouvernement-et-la-banque-africaine-de-developpement-adoptent-un-plan-damelioration-de-la-performance-du-portefeuille\/#primaryimage\"},\"thumbnailUrl\":\"https:\/\/www.lejournalci.org\/wp-content\/uploads\/2025\/11\/2283b6bcfe99d2f-edited-scaled.jpg\",\"datePublished\":\"2025-11-30T18:10:01+00:00\",\"dateModified\":\"2025-11-30T18:11:53+00:00\",\"breadcrumb\":{\"@id\":\"https:\/\/www.lejournalci.org\/index.php\/2025\/11\/30\/rd-congo-le-gouvernement-et-la-banque-africaine-de-developpement-adoptent-un-plan-damelioration-de-la-performance-du-portefeuille\/#breadcrumb\"},\"inLanguage\":\"fr-FR\",\"potentialAction\":[{\"@type\":\"ReadAction\",\"target\":[\"https:\/\/www.lejournalci.org\/index.php\/2025\/11\/30\/rd-congo-le-gouvernement-et-la-banque-africaine-de-developpement-adoptent-un-plan-damelioration-de-la-performance-du-portefeuille\/\"]}]},{\"@type\":\"ImageObject\",\"inLanguage\":\"fr-FR\",\"@id\":\"https:\/\/www.lejournalci.org\/index.php\/2025\/11\/30\/rd-congo-le-gouvernement-et-la-banque-africaine-de-developpement-adoptent-un-plan-damelioration-de-la-performance-du-portefeuille\/#primaryimage\",\"url\":\"https:\/\/www.lejournalci.org\/wp-content\/uploads\/2025\/11\/2283b6bcfe99d2f-edited-scaled.jpg\",\"contentUrl\":\"https:\/\/www.lejournalci.org\/wp-content\/uploads\/2025\/11\/2283b6bcfe99d2f-edited-scaled.jpg\",\"width\":2560,\"height\":1441},{\"@type\":\"BreadcrumbList\",\"@id\":\"https:\/\/www.lejournalci.org\/index.php\/2025\/11\/30\/rd-congo-le-gouvernement-et-la-banque-africaine-de-developpement-adoptent-un-plan-damelioration-de-la-performance-du-portefeuille\/#breadcrumb\",\"itemListElement\":[{\"@type\":\"ListItem\",\"position\":1,\"name\":\"Accueil\",\"item\":\"https:\/\/www.lejournalci.org\/\"},{\"@type\":\"ListItem\",\"position\":2,\"name\":\"(RD Congo) : le gouvernement et la Banque africaine de d\u00e9veloppement adoptent un plan d\u2019am\u00e9lioration de la performance du portefeuille\"}]},{\"@type\":\"WebSite\",\"@id\":\"https:\/\/www.lejournalci.org\/#website\",\"url\":\"https:\/\/www.lejournalci.org\/\",\"name\":\"Cooperation Internationale\",\"description\":\"Faire de la Coop\u00e9ration un Puissant Instrument de D\u00e9veloppement\",\"publisher\":{\"@id\":\"https:\/\/www.lejournalci.org\/#organization\"},\"potentialAction\":[{\"@type\":\"SearchAction\",\"target\":{\"@type\":\"EntryPoint\",\"urlTemplate\":\"https:\/\/www.lejournalci.org\/?s={search_term_string}\"},\"query-input\":{\"@type\":\"PropertyValueSpecification\",\"valueRequired\":true,\"valueName\":\"search_term_string\"}}],\"inLanguage\":\"fr-FR\"},{\"@type\":\"Organization\",\"@id\":\"https:\/\/www.lejournalci.org\/#organization\",\"name\":\"Cooperation Internationale\",\"url\":\"https:\/\/www.lejournalci.org\/\",\"logo\":{\"@type\":\"ImageObject\",\"inLanguage\":\"fr-FR\",\"@id\":\"https:\/\/www.lejournalci.org\/#\/schema\/logo\/image\/\",\"url\":\"https:\/\/www.lejournalci.org\/wp-content\/uploads\/2024\/12\/logo-coopint_HD_3.jpg\",\"contentUrl\":\"https:\/\/www.lejournalci.org\/wp-content\/uploads\/2024\/12\/logo-coopint_HD_3.jpg\",\"width\":700,\"height\":214,\"caption\":\"Cooperation Internationale\"},\"image\":{\"@id\":\"https:\/\/www.lejournalci.org\/#\/schema\/logo\/image\/\"},\"sameAs\":[\"https:\/\/www.facebook.com\/journalCI\/\",\"https:\/\/x.com\/lejournalc\"]},{\"@type\":\"Person\",\"@id\":\"https:\/\/www.lejournalci.org\/#\/schema\/person\/2efe42dc5459aaaf6d89cb27e736002b\",\"name\":\"La R\u00e9daction CI\",\"image\":{\"@type\":\"ImageObject\",\"inLanguage\":\"fr-FR\",\"@id\":\"https:\/\/www.lejournalci.org\/#\/schema\/person\/image\/\",\"url\":\"https:\/\/secure.gravatar.com\/avatar\/e63ab2ab378e283740d8889fbe2ec43fdcee7ac714a480d705f61cb1e5675c4c?s=96&d=mm&r=g\",\"contentUrl\":\"https:\/\/secure.gravatar.com\/avatar\/e63ab2ab378e283740d8889fbe2ec43fdcee7ac714a480d705f61cb1e5675c4c?s=96&d=mm&r=g\",\"caption\":\"La R\u00e9daction CI\"},\"url\":\"https:\/\/www.lejournalci.org\/index.php\/author\/noebricendongyahoo-fr\/\"}]}<\/script>\n<!-- \/ Yoast SEO plugin. -->","yoast_head_json":{"title":"(RD Congo) : le gouvernement et la Banque africaine de d\u00e9veloppement adoptent un plan d\u2019am\u00e9lioration de la performance du portefeuille - Cooperation Internationale","robots":{"index":"index","follow":"follow","max-snippet":"max-snippet:-1","max-image-preview":"max-image-preview:large","max-video-preview":"max-video-preview:-1"},"canonical":"https:\/\/www.lejournalci.org\/index.php\/2025\/11\/30\/rd-congo-le-gouvernement-et-la-banque-africaine-de-developpement-adoptent-un-plan-damelioration-de-la-performance-du-portefeuille\/","og_locale":"fr_FR","og_type":"article","og_title":"(RD Congo) : le gouvernement et la Banque africaine de d\u00e9veloppement adoptent un plan d\u2019am\u00e9lioration de la performance du portefeuille - Cooperation Internationale","og_description":"Ce plan met l\u2019accent sur une appropriation renforc\u00e9e des projets par les minist\u00e8res sectoriels, une meilleure maturation des op\u00e9rations et une programmation plus coordonn\u00e9e des investissements. Le gouvernement de la R\u00e9publique d\u00e9mocratique du Congo (RDC) et le Groupe de la Banque africaine de d\u00e9veloppement\u00a0 ont valid\u00e9 un plan commun d\u2019am\u00e9lioration","og_url":"https:\/\/www.lejournalci.org\/index.php\/2025\/11\/30\/rd-congo-le-gouvernement-et-la-banque-africaine-de-developpement-adoptent-un-plan-damelioration-de-la-performance-du-portefeuille\/","og_site_name":"Cooperation Internationale","article_publisher":"https:\/\/www.facebook.com\/journalCI\/","article_published_time":"2025-11-30T18:10:01+00:00","article_modified_time":"2025-11-30T18:11:53+00:00","og_image":[{"width":2560,"height":1441,"url":"https:\/\/www.lejournalci.org\/wp-content\/uploads\/2025\/11\/2283b6bcfe99d2f-edited-scaled.jpg","type":"image\/jpeg"}],"author":"La R\u00e9daction CI","twitter_card":"summary_large_image","twitter_creator":"@lejournalc","twitter_site":"@lejournalc","twitter_misc":{"\u00c9crit par":"La R\u00e9daction CI","Dur\u00e9e de lecture estim\u00e9e":"4 minutes"},"schema":{"@context":"https:\/\/schema.org","@graph":[{"@type":"Article","@id":"https:\/\/www.lejournalci.org\/index.php\/2025\/11\/30\/rd-congo-le-gouvernement-et-la-banque-africaine-de-developpement-adoptent-un-plan-damelioration-de-la-performance-du-portefeuille\/#article","isPartOf":{"@id":"https:\/\/www.lejournalci.org\/index.php\/2025\/11\/30\/rd-congo-le-gouvernement-et-la-banque-africaine-de-developpement-adoptent-un-plan-damelioration-de-la-performance-du-portefeuille\/"},"author":{"name":"La R\u00e9daction CI","@id":"https:\/\/www.lejournalci.org\/#\/schema\/person\/2efe42dc5459aaaf6d89cb27e736002b"},"headline":"(RD Congo) : le gouvernement et la Banque africaine de d\u00e9veloppement adoptent un plan d\u2019am\u00e9lioration de la performance du portefeuille","datePublished":"2025-11-30T18:10:01+00:00","dateModified":"2025-11-30T18:11:53+00:00","mainEntityOfPage":{"@id":"https:\/\/www.lejournalci.org\/index.php\/2025\/11\/30\/rd-congo-le-gouvernement-et-la-banque-africaine-de-developpement-adoptent-un-plan-damelioration-de-la-performance-du-portefeuille\/"},"wordCount":812,"publisher":{"@id":"https:\/\/www.lejournalci.org\/#organization"},"image":{"@id":"https:\/\/www.lejournalci.org\/index.php\/2025\/11\/30\/rd-congo-le-gouvernement-et-la-banque-africaine-de-developpement-adoptent-un-plan-damelioration-de-la-performance-du-portefeuille\/#primaryimage"},"thumbnailUrl":"https:\/\/www.lejournalci.org\/wp-content\/uploads\/2025\/11\/2283b6bcfe99d2f-edited-scaled.jpg","articleSection":["ECONOMIE"],"inLanguage":"fr-FR"},{"@type":"WebPage","@id":"https:\/\/www.lejournalci.org\/index.php\/2025\/11\/30\/rd-congo-le-gouvernement-et-la-banque-africaine-de-developpement-adoptent-un-plan-damelioration-de-la-performance-du-portefeuille\/","url":"https:\/\/www.lejournalci.org\/index.php\/2025\/11\/30\/rd-congo-le-gouvernement-et-la-banque-africaine-de-developpement-adoptent-un-plan-damelioration-de-la-performance-du-portefeuille\/","name":"(RD Congo) : le gouvernement et la Banque africaine de d\u00e9veloppement adoptent un plan d\u2019am\u00e9lioration de la performance du portefeuille - Cooperation Internationale","isPartOf":{"@id":"https:\/\/www.lejournalci.org\/#website"},"primaryImageOfPage":{"@id":"https:\/\/www.lejournalci.org\/index.php\/2025\/11\/30\/rd-congo-le-gouvernement-et-la-banque-africaine-de-developpement-adoptent-un-plan-damelioration-de-la-performance-du-portefeuille\/#primaryimage"},"image":{"@id":"https:\/\/www.lejournalci.org\/index.php\/2025\/11\/30\/rd-congo-le-gouvernement-et-la-banque-africaine-de-developpement-adoptent-un-plan-damelioration-de-la-performance-du-portefeuille\/#primaryimage"},"thumbnailUrl":"https:\/\/www.lejournalci.org\/wp-content\/uploads\/2025\/11\/2283b6bcfe99d2f-edited-scaled.jpg","datePublished":"2025-11-30T18:10:01+00:00","dateModified":"2025-11-30T18:11:53+00:00","breadcrumb":{"@id":"https:\/\/www.lejournalci.org\/index.php\/2025\/11\/30\/rd-congo-le-gouvernement-et-la-banque-africaine-de-developpement-adoptent-un-plan-damelioration-de-la-performance-du-portefeuille\/#breadcrumb"},"inLanguage":"fr-FR","potentialAction":[{"@type":"ReadAction","target":["https:\/\/www.lejournalci.org\/index.php\/2025\/11\/30\/rd-congo-le-gouvernement-et-la-banque-africaine-de-developpement-adoptent-un-plan-damelioration-de-la-performance-du-portefeuille\/"]}]},{"@type":"ImageObject","inLanguage":"fr-FR","@id":"https:\/\/www.lejournalci.org\/index.php\/2025\/11\/30\/rd-congo-le-gouvernement-et-la-banque-africaine-de-developpement-adoptent-un-plan-damelioration-de-la-performance-du-portefeuille\/#primaryimage","url":"https:\/\/www.lejournalci.org\/wp-content\/uploads\/2025\/11\/2283b6bcfe99d2f-edited-scaled.jpg","contentUrl":"https:\/\/www.lejournalci.org\/wp-content\/uploads\/2025\/11\/2283b6bcfe99d2f-edited-scaled.jpg","width":2560,"height":1441},{"@type":"BreadcrumbList","@id":"https:\/\/www.lejournalci.org\/index.php\/2025\/11\/30\/rd-congo-le-gouvernement-et-la-banque-africaine-de-developpement-adoptent-un-plan-damelioration-de-la-performance-du-portefeuille\/#breadcrumb","itemListElement":[{"@type":"ListItem","position":1,"name":"Accueil","item":"https:\/\/www.lejournalci.org\/"},{"@type":"ListItem","position":2,"name":"(RD Congo) : le gouvernement et la Banque africaine de d\u00e9veloppement adoptent un plan d\u2019am\u00e9lioration de la performance du portefeuille"}]},{"@type":"WebSite","@id":"https:\/\/www.lejournalci.org\/#website","url":"https:\/\/www.lejournalci.org\/","name":"Cooperation Internationale","description":"Faire de la Coop\u00e9ration un Puissant Instrument de D\u00e9veloppement","publisher":{"@id":"https:\/\/www.lejournalci.org\/#organization"},"potentialAction":[{"@type":"SearchAction","target":{"@type":"EntryPoint","urlTemplate":"https:\/\/www.lejournalci.org\/?s={search_term_string}"},"query-input":{"@type":"PropertyValueSpecification","valueRequired":true,"valueName":"search_term_string"}}],"inLanguage":"fr-FR"},{"@type":"Organization","@id":"https:\/\/www.lejournalci.org\/#organization","name":"Cooperation Internationale","url":"https:\/\/www.lejournalci.org\/","logo":{"@type":"ImageObject","inLanguage":"fr-FR","@id":"https:\/\/www.lejournalci.org\/#\/schema\/logo\/image\/","url":"https:\/\/www.lejournalci.org\/wp-content\/uploads\/2024\/12\/logo-coopint_HD_3.jpg","contentUrl":"https:\/\/www.lejournalci.org\/wp-content\/uploads\/2024\/12\/logo-coopint_HD_3.jpg","width":700,"height":214,"caption":"Cooperation Internationale"},"image":{"@id":"https:\/\/www.lejournalci.org\/#\/schema\/logo\/image\/"},"sameAs":["https:\/\/www.facebook.com\/journalCI\/","https:\/\/x.com\/lejournalc"]},{"@type":"Person","@id":"https:\/\/www.lejournalci.org\/#\/schema\/person\/2efe42dc5459aaaf6d89cb27e736002b","name":"La R\u00e9daction CI","image":{"@type":"ImageObject","inLanguage":"fr-FR","@id":"https:\/\/www.lejournalci.org\/#\/schema\/person\/image\/","url":"https:\/\/secure.gravatar.com\/avatar\/e63ab2ab378e283740d8889fbe2ec43fdcee7ac714a480d705f61cb1e5675c4c?s=96&d=mm&r=g","contentUrl":"https:\/\/secure.gravatar.com\/avatar\/e63ab2ab378e283740d8889fbe2ec43fdcee7ac714a480d705f61cb1e5675c4c?s=96&d=mm&r=g","caption":"La R\u00e9daction CI"},"url":"https:\/\/www.lejournalci.org\/index.php\/author\/noebricendongyahoo-fr\/"}]}},"jetpack_publicize_connections":[],"jetpack_featured_media_url":"https:\/\/www.lejournalci.org\/wp-content\/uploads\/2025\/11\/2283b6bcfe99d2f-edited-scaled.jpg","jetpack_sharing_enabled":true,"_links":{"self":[{"href":"https:\/\/www.lejournalci.org\/index.php\/wp-json\/wp\/v2\/posts\/10302","targetHints":{"allow":["GET"]}}],"collection":[{"href":"https:\/\/www.lejournalci.org\/index.php\/wp-json\/wp\/v2\/posts"}],"about":[{"href":"https:\/\/www.lejournalci.org\/index.php\/wp-json\/wp\/v2\/types\/post"}],"author":[{"embeddable":true,"href":"https:\/\/www.lejournalci.org\/index.php\/wp-json\/wp\/v2\/users\/3"}],"replies":[{"embeddable":true,"href":"https:\/\/www.lejournalci.org\/index.php\/wp-json\/wp\/v2\/comments?post=10302"}],"version-history":[{"count":1,"href":"https:\/\/www.lejournalci.org\/index.php\/wp-json\/wp\/v2\/posts\/10302\/revisions"}],"predecessor-version":[{"id":10305,"href":"https:\/\/www.lejournalci.org\/index.php\/wp-json\/wp\/v2\/posts\/10302\/revisions\/10305"}],"wp:featuredmedia":[{"embeddable":true,"href":"https:\/\/www.lejournalci.org\/index.php\/wp-json\/wp\/v2\/media\/10304"}],"wp:attachment":[{"href":"https:\/\/www.lejournalci.org\/index.php\/wp-json\/wp\/v2\/media?parent=10302"}],"wp:term":[{"taxonomy":"category","embeddable":true,"href":"https:\/\/www.lejournalci.org\/index.php\/wp-json\/wp\/v2\/categories?post=10302"},{"taxonomy":"post_tag","embeddable":true,"href":"https:\/\/www.lejournalci.org\/index.php\/wp-json\/wp\/v2\/tags?post=10302"}],"curies":[{"name":"wp","href":"https:\/\/api.w.org\/{rel}","templated":true}]}}