{"id":10293,"date":"2025-11-30T10:48:54","date_gmt":"2025-11-30T10:48:54","guid":{"rendered":"https:\/\/www.lejournalci.org\/?p=10293"},"modified":"2025-11-30T10:48:56","modified_gmt":"2025-11-30T10:48:56","slug":"transgabonais-desormais-la-part-revenant-a-letat-devra-etre-versee-directement-au-tresor-public","status":"publish","type":"post","link":"https:\/\/www.lejournalci.org\/index.php\/2025\/11\/30\/transgabonais-desormais-la-part-revenant-a-letat-devra-etre-versee-directement-au-tresor-public\/","title":{"rendered":"Transgabonais : D\u00e9sormais, la part revenant \u00e0 l\u2019\u00c9tat devra \u00eatre vers\u00e9e directement au Tr\u00e9sor public"},"content":{"rendered":"\n<p><strong>Le Pr\u00e9sident de la R\u00e9publique gabonaise, Brice Clotaire Oligui Nguema s\u2019est entretenu vendredi 28 novembre au Palais R\u00e9novation avec une d\u00e9l\u00e9gation des responsables de Setrag et Eramet conduite par monsieur Christian Magni, Directeur G\u00e9n\u00e9ral de la Setrag.<br><\/strong><br>Ces discussions font suite au r\u00e9cent s\u00e9jour du Pr\u00e9sident de la R\u00e9publique Fran\u00e7aise \u00e0 Libreville, au cours duquel une convention d\u2019aide au d\u00e9veloppement \u00e0 \u00e9t\u00e9 sign\u00e9e entre l\u2019Agence Fran\u00e7aise de D\u00e9veloppement (AFD) et l\u2019 \u00c9tat gabonais. Ladite convention portait entre autres sur la r\u00e9habilitation de la voie ferroviaire et autres projets structurants y relatifs.<\/p>\n\n\n\n<p>Face aux d\u00e9fis persistants de la Setrag, un diagnostic lucide et responsable a \u00e9t\u00e9 \u00e9tabli. La situation financi\u00e8re pr\u00e9occupante de la Setrag, qui affecte directement la qualit\u00e9 du service public ferroviaire, impose des mesures fortes.<\/p>\n\n\n\n<p>Dans ce contexte, il appara\u00eet indispensable de repenser l\u2019actionnariat de l\u2019\u00c9tat. Au regard des investissements consid\u00e9rables consentis pour la r\u00e9habilitation et la modernisation de la voie ferr\u00e9e, une r\u00e9vision en profondeur des participations \u00e9tatiques s\u2019impose, afin de restaurer un \u00e9quilibre juste entre l\u2019effort public et la gouvernance de l\u2019entreprise.<\/p>\n\n\n\n<p>Par ailleurs, il a \u00e9galement \u00e9t\u00e9 relev\u00e9 que les recettes de la Setrag ne contribuent actuellement en rien au budget national. Une situation jug\u00e9e inacceptable et insoutenable. D\u00e9sormais, la part revenant \u00e0 l\u2019\u00c9tat devra \u00eatre vers\u00e9e directement au Tr\u00e9sor public, dans le respect strict des principes de transparence et de bonne gouvernance.<\/p>\n\n\n\n<p>En outre, le mod\u00e8le \u00e9conomique de la Setrag, marqu\u00e9 par des distorsions structurelles, fragilise l\u2019ensemble du secteur ferroviaire. Sa refonte appara\u00eet donc indispensable pour garantir efficacit\u00e9, \u00e9quit\u00e9 et durabilit\u00e9. Cette d\u00e9marche inclura notamment une r\u00e9vision des tarifs, mieux align\u00e9e sur les r\u00e9alit\u00e9s op\u00e9rationnelles et les besoins d\u2019investissement.<\/p>\n\n\n\n<p><strong>SOURCE: Pr\u00e9sidence de la R\u00e9publique gabonaise.<\/strong><\/p>\n","protected":false},"excerpt":{"rendered":"<p>Le Pr\u00e9sident de la R\u00e9publique gabonaise, Brice Clotaire Oligui Nguema s\u2019est entretenu vendredi 28 novembre au Palais R\u00e9novation avec une d\u00e9l\u00e9gation des responsables de Setrag et Eramet conduite par monsieur Christian Magni, Directeur G\u00e9n\u00e9ral de la Setrag.Ces discussions font suite au r\u00e9cent s\u00e9jour du Pr\u00e9sident de la R\u00e9publique Fran\u00e7aise \u00e0<\/p>\n","protected":false},"author":3,"featured_media":10295,"comment_status":"closed","ping_status":"open","sticky":false,"template":"","format":"standard","meta":{"colormag_page_container_layout":"default_layout","colormag_page_sidebar_layout":"default_layout","_jetpack_memberships_contains_paid_content":false,"footnotes":"","jetpack_publicize_message":"","jetpack_publicize_feature_enabled":true,"jetpack_social_post_already_shared":true,"jetpack_social_options":{"image_generator_settings":{"template":"highway","default_image_id":0,"font":"","enabled":false},"version":2}},"categories":[52],"tags":[],"class_list":["post-10293","post","type-post","status-publish","format-standard","has-post-thumbnail","hentry","category-economie"],"magazineBlocksPostFeaturedMedia":{"thumbnail":"https:\/\/www.lejournalci.org\/wp-content\/uploads\/2025\/11\/1001498489-edited-150x150.jpg","medium":"https:\/\/www.lejournalci.org\/wp-content\/uploads\/2025\/11\/1001498489-edited-300x169.jpg","medium_large":"https:\/\/www.lejournalci.org\/wp-content\/uploads\/2025\/11\/1001498489-edited-768x432.jpg","large":"https:\/\/www.lejournalci.org\/wp-content\/uploads\/2025\/11\/1001498489-edited-1024x576.jpg","1536x1536":"https:\/\/www.lejournalci.org\/wp-content\/uploads\/2025\/11\/1001498489-edited-1536x863.jpg","2048x2048":"https:\/\/www.lejournalci.org\/wp-content\/uploads\/2025\/11\/1001498489-edited.jpg","colormag-highlighted-post":"https:\/\/www.lejournalci.org\/wp-content\/uploads\/2025\/11\/1001498489-edited-392x272.jpg","colormag-featured-post-medium":"https:\/\/www.lejournalci.org\/wp-content\/uploads\/2025\/11\/1001498489-edited-390x205.jpg","colormag-featured-post-small":"https:\/\/www.lejournalci.org\/wp-content\/uploads\/2025\/11\/1001498489-edited-130x90.jpg","colormag-featured-image":"https:\/\/www.lejournalci.org\/wp-content\/uploads\/2025\/11\/1001498489-edited-800x445.jpg","colormag-default-news":"https:\/\/www.lejournalci.org\/wp-content\/uploads\/2025\/11\/1001498489-edited-150x150.jpg","colormag-featured-image-large":"https:\/\/www.lejournalci.org\/wp-content\/uploads\/2025\/11\/1001498489-edited-1400x600.jpg"},"magazineBlocksPostAuthor":{"name":"La R\u00e9daction CI","avatar":"https:\/\/secure.gravatar.com\/avatar\/e63ab2ab378e283740d8889fbe2ec43fdcee7ac714a480d705f61cb1e5675c4c?s=96&d=mm&r=g"},"magazineBlocksPostCommentsNumber":false,"magazineBlocksPostExcerpt":"Le Pr\u00e9sident de la R\u00e9publique gabonaise, Brice Clotaire Oligui Nguema s\u2019est entretenu vendredi 28 novembre au Palais R\u00e9novation avec une d\u00e9l\u00e9gation des responsables de Setrag et Eramet conduite par monsieur Christian Magni, Directeur G\u00e9n\u00e9ral de la Setrag.Ces discussions font suite au r\u00e9cent s\u00e9jour du Pr\u00e9sident de la R\u00e9publique Fran\u00e7aise \u00e0","magazineBlocksPostCategories":["ECONOMIE"],"magazineBlocksPostViewCount":427,"magazineBlocksPostReadTime":2,"magazine_blocks_featured_image_url":{"full":["https:\/\/www.lejournalci.org\/wp-content\/uploads\/2025\/11\/1001498489-edited.jpg",2048,1151,false],"medium":["https:\/\/www.lejournalci.org\/wp-content\/uploads\/2025\/11\/1001498489-edited-300x169.jpg",300,169,true],"thumbnail":["https:\/\/www.lejournalci.org\/wp-content\/uploads\/2025\/11\/1001498489-edited-150x150.jpg",150,150,true]},"magazine_blocks_author":{"display_name":"La R\u00e9daction CI","author_link":"https:\/\/www.lejournalci.org\/index.php\/author\/noebricendongyahoo-fr\/"},"magazine_blocks_comment":0,"magazine_blocks_author_image":"https:\/\/secure.gravatar.com\/avatar\/e63ab2ab378e283740d8889fbe2ec43fdcee7ac714a480d705f61cb1e5675c4c?s=96&d=mm&r=g","magazine_blocks_category":"<a href=\"#\" class=\"category-link category-link-52\">ECONOMIE<\/a>","yoast_head":"<!-- This site is optimized with the Yoast SEO plugin v26.2 - https:\/\/yoast.com\/wordpress\/plugins\/seo\/ -->\n<title>Transgabonais : D\u00e9sormais, la part revenant \u00e0 l\u2019\u00c9tat devra \u00eatre vers\u00e9e directement au Tr\u00e9sor public - Cooperation Internationale<\/title>\n<meta name=\"robots\" content=\"index, follow, max-snippet:-1, max-image-preview:large, max-video-preview:-1\" \/>\n<link rel=\"canonical\" href=\"https:\/\/www.lejournalci.org\/index.php\/2025\/11\/30\/transgabonais-desormais-la-part-revenant-a-letat-devra-etre-versee-directement-au-tresor-public\/\" \/>\n<meta property=\"og:locale\" content=\"fr_FR\" \/>\n<meta property=\"og:type\" content=\"article\" \/>\n<meta property=\"og:title\" content=\"Transgabonais : D\u00e9sormais, la part revenant \u00e0 l\u2019\u00c9tat devra \u00eatre vers\u00e9e directement au Tr\u00e9sor public - Cooperation Internationale\" \/>\n<meta property=\"og:description\" content=\"Le Pr\u00e9sident de la R\u00e9publique gabonaise, Brice Clotaire Oligui Nguema s\u2019est entretenu vendredi 28 novembre au Palais R\u00e9novation avec une d\u00e9l\u00e9gation des responsables de Setrag et Eramet conduite par monsieur Christian Magni, Directeur G\u00e9n\u00e9ral de la Setrag.Ces discussions font suite au r\u00e9cent s\u00e9jour du Pr\u00e9sident de la R\u00e9publique Fran\u00e7aise \u00e0\" \/>\n<meta property=\"og:url\" content=\"https:\/\/www.lejournalci.org\/index.php\/2025\/11\/30\/transgabonais-desormais-la-part-revenant-a-letat-devra-etre-versee-directement-au-tresor-public\/\" \/>\n<meta property=\"og:site_name\" content=\"Cooperation Internationale\" \/>\n<meta property=\"article:publisher\" content=\"https:\/\/www.facebook.com\/journalCI\/\" \/>\n<meta property=\"article:published_time\" content=\"2025-11-30T10:48:54+00:00\" \/>\n<meta property=\"article:modified_time\" content=\"2025-11-30T10:48:56+00:00\" \/>\n<meta property=\"og:image\" content=\"https:\/\/www.lejournalci.org\/wp-content\/uploads\/2025\/11\/1001498489-edited.jpg\" \/>\n\t<meta property=\"og:image:width\" content=\"2048\" \/>\n\t<meta property=\"og:image:height\" content=\"1151\" \/>\n\t<meta property=\"og:image:type\" content=\"image\/jpeg\" \/>\n<meta name=\"author\" content=\"La R\u00e9daction CI\" \/>\n<meta name=\"twitter:card\" content=\"summary_large_image\" \/>\n<meta name=\"twitter:creator\" content=\"@lejournalc\" \/>\n<meta name=\"twitter:site\" content=\"@lejournalc\" \/>\n<meta name=\"twitter:label1\" content=\"\u00c9crit par\" \/>\n\t<meta name=\"twitter:data1\" content=\"La R\u00e9daction CI\" \/>\n\t<meta name=\"twitter:label2\" content=\"Dur\u00e9e de lecture estim\u00e9e\" \/>\n\t<meta name=\"twitter:data2\" content=\"2 minutes\" \/>\n<script type=\"application\/ld+json\" class=\"yoast-schema-graph\">{\"@context\":\"https:\/\/schema.org\",\"@graph\":[{\"@type\":\"Article\",\"@id\":\"https:\/\/www.lejournalci.org\/index.php\/2025\/11\/30\/transgabonais-desormais-la-part-revenant-a-letat-devra-etre-versee-directement-au-tresor-public\/#article\",\"isPartOf\":{\"@id\":\"https:\/\/www.lejournalci.org\/index.php\/2025\/11\/30\/transgabonais-desormais-la-part-revenant-a-letat-devra-etre-versee-directement-au-tresor-public\/\"},\"author\":{\"name\":\"La R\u00e9daction CI\",\"@id\":\"https:\/\/www.lejournalci.org\/#\/schema\/person\/2efe42dc5459aaaf6d89cb27e736002b\"},\"headline\":\"Transgabonais : D\u00e9sormais, la part revenant \u00e0 l\u2019\u00c9tat devra \u00eatre vers\u00e9e directement au Tr\u00e9sor public\",\"datePublished\":\"2025-11-30T10:48:54+00:00\",\"dateModified\":\"2025-11-30T10:48:56+00:00\",\"mainEntityOfPage\":{\"@id\":\"https:\/\/www.lejournalci.org\/index.php\/2025\/11\/30\/transgabonais-desormais-la-part-revenant-a-letat-devra-etre-versee-directement-au-tresor-public\/\"},\"wordCount\":343,\"publisher\":{\"@id\":\"https:\/\/www.lejournalci.org\/#organization\"},\"image\":{\"@id\":\"https:\/\/www.lejournalci.org\/index.php\/2025\/11\/30\/transgabonais-desormais-la-part-revenant-a-letat-devra-etre-versee-directement-au-tresor-public\/#primaryimage\"},\"thumbnailUrl\":\"https:\/\/www.lejournalci.org\/wp-content\/uploads\/2025\/11\/1001498489-edited.jpg\",\"articleSection\":[\"ECONOMIE\"],\"inLanguage\":\"fr-FR\"},{\"@type\":\"WebPage\",\"@id\":\"https:\/\/www.lejournalci.org\/index.php\/2025\/11\/30\/transgabonais-desormais-la-part-revenant-a-letat-devra-etre-versee-directement-au-tresor-public\/\",\"url\":\"https:\/\/www.lejournalci.org\/index.php\/2025\/11\/30\/transgabonais-desormais-la-part-revenant-a-letat-devra-etre-versee-directement-au-tresor-public\/\",\"name\":\"Transgabonais : D\u00e9sormais, la part revenant \u00e0 l\u2019\u00c9tat devra \u00eatre vers\u00e9e directement au Tr\u00e9sor public - Cooperation Internationale\",\"isPartOf\":{\"@id\":\"https:\/\/www.lejournalci.org\/#website\"},\"primaryImageOfPage\":{\"@id\":\"https:\/\/www.lejournalci.org\/index.php\/2025\/11\/30\/transgabonais-desormais-la-part-revenant-a-letat-devra-etre-versee-directement-au-tresor-public\/#primaryimage\"},\"image\":{\"@id\":\"https:\/\/www.lejournalci.org\/index.php\/2025\/11\/30\/transgabonais-desormais-la-part-revenant-a-letat-devra-etre-versee-directement-au-tresor-public\/#primaryimage\"},\"thumbnailUrl\":\"https:\/\/www.lejournalci.org\/wp-content\/uploads\/2025\/11\/1001498489-edited.jpg\",\"datePublished\":\"2025-11-30T10:48:54+00:00\",\"dateModified\":\"2025-11-30T10:48:56+00:00\",\"breadcrumb\":{\"@id\":\"https:\/\/www.lejournalci.org\/index.php\/2025\/11\/30\/transgabonais-desormais-la-part-revenant-a-letat-devra-etre-versee-directement-au-tresor-public\/#breadcrumb\"},\"inLanguage\":\"fr-FR\",\"potentialAction\":[{\"@type\":\"ReadAction\",\"target\":[\"https:\/\/www.lejournalci.org\/index.php\/2025\/11\/30\/transgabonais-desormais-la-part-revenant-a-letat-devra-etre-versee-directement-au-tresor-public\/\"]}]},{\"@type\":\"ImageObject\",\"inLanguage\":\"fr-FR\",\"@id\":\"https:\/\/www.lejournalci.org\/index.php\/2025\/11\/30\/transgabonais-desormais-la-part-revenant-a-letat-devra-etre-versee-directement-au-tresor-public\/#primaryimage\",\"url\":\"https:\/\/www.lejournalci.org\/wp-content\/uploads\/2025\/11\/1001498489-edited.jpg\",\"contentUrl\":\"https:\/\/www.lejournalci.org\/wp-content\/uploads\/2025\/11\/1001498489-edited.jpg\",\"width\":2048,\"height\":1151},{\"@type\":\"BreadcrumbList\",\"@id\":\"https:\/\/www.lejournalci.org\/index.php\/2025\/11\/30\/transgabonais-desormais-la-part-revenant-a-letat-devra-etre-versee-directement-au-tresor-public\/#breadcrumb\",\"itemListElement\":[{\"@type\":\"ListItem\",\"position\":1,\"name\":\"Accueil\",\"item\":\"https:\/\/www.lejournalci.org\/\"},{\"@type\":\"ListItem\",\"position\":2,\"name\":\"Transgabonais : D\u00e9sormais, la part revenant \u00e0 l\u2019\u00c9tat devra \u00eatre vers\u00e9e directement au Tr\u00e9sor public\"}]},{\"@type\":\"WebSite\",\"@id\":\"https:\/\/www.lejournalci.org\/#website\",\"url\":\"https:\/\/www.lejournalci.org\/\",\"name\":\"Cooperation Internationale\",\"description\":\"Faire de la Coop\u00e9ration un Puissant Instrument de D\u00e9veloppement\",\"publisher\":{\"@id\":\"https:\/\/www.lejournalci.org\/#organization\"},\"potentialAction\":[{\"@type\":\"SearchAction\",\"target\":{\"@type\":\"EntryPoint\",\"urlTemplate\":\"https:\/\/www.lejournalci.org\/?s={search_term_string}\"},\"query-input\":{\"@type\":\"PropertyValueSpecification\",\"valueRequired\":true,\"valueName\":\"search_term_string\"}}],\"inLanguage\":\"fr-FR\"},{\"@type\":\"Organization\",\"@id\":\"https:\/\/www.lejournalci.org\/#organization\",\"name\":\"Cooperation Internationale\",\"url\":\"https:\/\/www.lejournalci.org\/\",\"logo\":{\"@type\":\"ImageObject\",\"inLanguage\":\"fr-FR\",\"@id\":\"https:\/\/www.lejournalci.org\/#\/schema\/logo\/image\/\",\"url\":\"https:\/\/www.lejournalci.org\/wp-content\/uploads\/2024\/12\/logo-coopint_HD_3.jpg\",\"contentUrl\":\"https:\/\/www.lejournalci.org\/wp-content\/uploads\/2024\/12\/logo-coopint_HD_3.jpg\",\"width\":700,\"height\":214,\"caption\":\"Cooperation Internationale\"},\"image\":{\"@id\":\"https:\/\/www.lejournalci.org\/#\/schema\/logo\/image\/\"},\"sameAs\":[\"https:\/\/www.facebook.com\/journalCI\/\",\"https:\/\/x.com\/lejournalc\"]},{\"@type\":\"Person\",\"@id\":\"https:\/\/www.lejournalci.org\/#\/schema\/person\/2efe42dc5459aaaf6d89cb27e736002b\",\"name\":\"La R\u00e9daction CI\",\"image\":{\"@type\":\"ImageObject\",\"inLanguage\":\"fr-FR\",\"@id\":\"https:\/\/www.lejournalci.org\/#\/schema\/person\/image\/\",\"url\":\"https:\/\/secure.gravatar.com\/avatar\/e63ab2ab378e283740d8889fbe2ec43fdcee7ac714a480d705f61cb1e5675c4c?s=96&d=mm&r=g\",\"contentUrl\":\"https:\/\/secure.gravatar.com\/avatar\/e63ab2ab378e283740d8889fbe2ec43fdcee7ac714a480d705f61cb1e5675c4c?s=96&d=mm&r=g\",\"caption\":\"La R\u00e9daction CI\"},\"url\":\"https:\/\/www.lejournalci.org\/index.php\/author\/noebricendongyahoo-fr\/\"}]}<\/script>\n<!-- \/ Yoast SEO plugin. -->","yoast_head_json":{"title":"Transgabonais : D\u00e9sormais, la part revenant \u00e0 l\u2019\u00c9tat devra \u00eatre vers\u00e9e directement au Tr\u00e9sor public - Cooperation Internationale","robots":{"index":"index","follow":"follow","max-snippet":"max-snippet:-1","max-image-preview":"max-image-preview:large","max-video-preview":"max-video-preview:-1"},"canonical":"https:\/\/www.lejournalci.org\/index.php\/2025\/11\/30\/transgabonais-desormais-la-part-revenant-a-letat-devra-etre-versee-directement-au-tresor-public\/","og_locale":"fr_FR","og_type":"article","og_title":"Transgabonais : D\u00e9sormais, la part revenant \u00e0 l\u2019\u00c9tat devra \u00eatre vers\u00e9e directement au Tr\u00e9sor public - Cooperation Internationale","og_description":"Le Pr\u00e9sident de la R\u00e9publique gabonaise, Brice Clotaire Oligui Nguema s\u2019est entretenu vendredi 28 novembre au Palais R\u00e9novation avec une d\u00e9l\u00e9gation des responsables de Setrag et Eramet conduite par monsieur Christian Magni, Directeur G\u00e9n\u00e9ral de la Setrag.Ces discussions font suite au r\u00e9cent s\u00e9jour du Pr\u00e9sident de la R\u00e9publique Fran\u00e7aise \u00e0","og_url":"https:\/\/www.lejournalci.org\/index.php\/2025\/11\/30\/transgabonais-desormais-la-part-revenant-a-letat-devra-etre-versee-directement-au-tresor-public\/","og_site_name":"Cooperation Internationale","article_publisher":"https:\/\/www.facebook.com\/journalCI\/","article_published_time":"2025-11-30T10:48:54+00:00","article_modified_time":"2025-11-30T10:48:56+00:00","og_image":[{"width":2048,"height":1151,"url":"https:\/\/www.lejournalci.org\/wp-content\/uploads\/2025\/11\/1001498489-edited.jpg","type":"image\/jpeg"}],"author":"La R\u00e9daction CI","twitter_card":"summary_large_image","twitter_creator":"@lejournalc","twitter_site":"@lejournalc","twitter_misc":{"\u00c9crit par":"La R\u00e9daction CI","Dur\u00e9e de lecture estim\u00e9e":"2 minutes"},"schema":{"@context":"https:\/\/schema.org","@graph":[{"@type":"Article","@id":"https:\/\/www.lejournalci.org\/index.php\/2025\/11\/30\/transgabonais-desormais-la-part-revenant-a-letat-devra-etre-versee-directement-au-tresor-public\/#article","isPartOf":{"@id":"https:\/\/www.lejournalci.org\/index.php\/2025\/11\/30\/transgabonais-desormais-la-part-revenant-a-letat-devra-etre-versee-directement-au-tresor-public\/"},"author":{"name":"La R\u00e9daction CI","@id":"https:\/\/www.lejournalci.org\/#\/schema\/person\/2efe42dc5459aaaf6d89cb27e736002b"},"headline":"Transgabonais : D\u00e9sormais, la part revenant \u00e0 l\u2019\u00c9tat devra \u00eatre vers\u00e9e directement au Tr\u00e9sor public","datePublished":"2025-11-30T10:48:54+00:00","dateModified":"2025-11-30T10:48:56+00:00","mainEntityOfPage":{"@id":"https:\/\/www.lejournalci.org\/index.php\/2025\/11\/30\/transgabonais-desormais-la-part-revenant-a-letat-devra-etre-versee-directement-au-tresor-public\/"},"wordCount":343,"publisher":{"@id":"https:\/\/www.lejournalci.org\/#organization"},"image":{"@id":"https:\/\/www.lejournalci.org\/index.php\/2025\/11\/30\/transgabonais-desormais-la-part-revenant-a-letat-devra-etre-versee-directement-au-tresor-public\/#primaryimage"},"thumbnailUrl":"https:\/\/www.lejournalci.org\/wp-content\/uploads\/2025\/11\/1001498489-edited.jpg","articleSection":["ECONOMIE"],"inLanguage":"fr-FR"},{"@type":"WebPage","@id":"https:\/\/www.lejournalci.org\/index.php\/2025\/11\/30\/transgabonais-desormais-la-part-revenant-a-letat-devra-etre-versee-directement-au-tresor-public\/","url":"https:\/\/www.lejournalci.org\/index.php\/2025\/11\/30\/transgabonais-desormais-la-part-revenant-a-letat-devra-etre-versee-directement-au-tresor-public\/","name":"Transgabonais : D\u00e9sormais, la part revenant \u00e0 l\u2019\u00c9tat devra \u00eatre vers\u00e9e directement au Tr\u00e9sor public - Cooperation Internationale","isPartOf":{"@id":"https:\/\/www.lejournalci.org\/#website"},"primaryImageOfPage":{"@id":"https:\/\/www.lejournalci.org\/index.php\/2025\/11\/30\/transgabonais-desormais-la-part-revenant-a-letat-devra-etre-versee-directement-au-tresor-public\/#primaryimage"},"image":{"@id":"https:\/\/www.lejournalci.org\/index.php\/2025\/11\/30\/transgabonais-desormais-la-part-revenant-a-letat-devra-etre-versee-directement-au-tresor-public\/#primaryimage"},"thumbnailUrl":"https:\/\/www.lejournalci.org\/wp-content\/uploads\/2025\/11\/1001498489-edited.jpg","datePublished":"2025-11-30T10:48:54+00:00","dateModified":"2025-11-30T10:48:56+00:00","breadcrumb":{"@id":"https:\/\/www.lejournalci.org\/index.php\/2025\/11\/30\/transgabonais-desormais-la-part-revenant-a-letat-devra-etre-versee-directement-au-tresor-public\/#breadcrumb"},"inLanguage":"fr-FR","potentialAction":[{"@type":"ReadAction","target":["https:\/\/www.lejournalci.org\/index.php\/2025\/11\/30\/transgabonais-desormais-la-part-revenant-a-letat-devra-etre-versee-directement-au-tresor-public\/"]}]},{"@type":"ImageObject","inLanguage":"fr-FR","@id":"https:\/\/www.lejournalci.org\/index.php\/2025\/11\/30\/transgabonais-desormais-la-part-revenant-a-letat-devra-etre-versee-directement-au-tresor-public\/#primaryimage","url":"https:\/\/www.lejournalci.org\/wp-content\/uploads\/2025\/11\/1001498489-edited.jpg","contentUrl":"https:\/\/www.lejournalci.org\/wp-content\/uploads\/2025\/11\/1001498489-edited.jpg","width":2048,"height":1151},{"@type":"BreadcrumbList","@id":"https:\/\/www.lejournalci.org\/index.php\/2025\/11\/30\/transgabonais-desormais-la-part-revenant-a-letat-devra-etre-versee-directement-au-tresor-public\/#breadcrumb","itemListElement":[{"@type":"ListItem","position":1,"name":"Accueil","item":"https:\/\/www.lejournalci.org\/"},{"@type":"ListItem","position":2,"name":"Transgabonais : D\u00e9sormais, la part revenant \u00e0 l\u2019\u00c9tat devra \u00eatre vers\u00e9e directement au Tr\u00e9sor public"}]},{"@type":"WebSite","@id":"https:\/\/www.lejournalci.org\/#website","url":"https:\/\/www.lejournalci.org\/","name":"Cooperation Internationale","description":"Faire de la Coop\u00e9ration un Puissant Instrument de D\u00e9veloppement","publisher":{"@id":"https:\/\/www.lejournalci.org\/#organization"},"potentialAction":[{"@type":"SearchAction","target":{"@type":"EntryPoint","urlTemplate":"https:\/\/www.lejournalci.org\/?s={search_term_string}"},"query-input":{"@type":"PropertyValueSpecification","valueRequired":true,"valueName":"search_term_string"}}],"inLanguage":"fr-FR"},{"@type":"Organization","@id":"https:\/\/www.lejournalci.org\/#organization","name":"Cooperation Internationale","url":"https:\/\/www.lejournalci.org\/","logo":{"@type":"ImageObject","inLanguage":"fr-FR","@id":"https:\/\/www.lejournalci.org\/#\/schema\/logo\/image\/","url":"https:\/\/www.lejournalci.org\/wp-content\/uploads\/2024\/12\/logo-coopint_HD_3.jpg","contentUrl":"https:\/\/www.lejournalci.org\/wp-content\/uploads\/2024\/12\/logo-coopint_HD_3.jpg","width":700,"height":214,"caption":"Cooperation Internationale"},"image":{"@id":"https:\/\/www.lejournalci.org\/#\/schema\/logo\/image\/"},"sameAs":["https:\/\/www.facebook.com\/journalCI\/","https:\/\/x.com\/lejournalc"]},{"@type":"Person","@id":"https:\/\/www.lejournalci.org\/#\/schema\/person\/2efe42dc5459aaaf6d89cb27e736002b","name":"La R\u00e9daction CI","image":{"@type":"ImageObject","inLanguage":"fr-FR","@id":"https:\/\/www.lejournalci.org\/#\/schema\/person\/image\/","url":"https:\/\/secure.gravatar.com\/avatar\/e63ab2ab378e283740d8889fbe2ec43fdcee7ac714a480d705f61cb1e5675c4c?s=96&d=mm&r=g","contentUrl":"https:\/\/secure.gravatar.com\/avatar\/e63ab2ab378e283740d8889fbe2ec43fdcee7ac714a480d705f61cb1e5675c4c?s=96&d=mm&r=g","caption":"La R\u00e9daction CI"},"url":"https:\/\/www.lejournalci.org\/index.php\/author\/noebricendongyahoo-fr\/"}]}},"jetpack_publicize_connections":[],"jetpack_featured_media_url":"https:\/\/www.lejournalci.org\/wp-content\/uploads\/2025\/11\/1001498489-edited.jpg","jetpack_sharing_enabled":true,"_links":{"self":[{"href":"https:\/\/www.lejournalci.org\/index.php\/wp-json\/wp\/v2\/posts\/10293","targetHints":{"allow":["GET"]}}],"collection":[{"href":"https:\/\/www.lejournalci.org\/index.php\/wp-json\/wp\/v2\/posts"}],"about":[{"href":"https:\/\/www.lejournalci.org\/index.php\/wp-json\/wp\/v2\/types\/post"}],"author":[{"embeddable":true,"href":"https:\/\/www.lejournalci.org\/index.php\/wp-json\/wp\/v2\/users\/3"}],"replies":[{"embeddable":true,"href":"https:\/\/www.lejournalci.org\/index.php\/wp-json\/wp\/v2\/comments?post=10293"}],"version-history":[{"count":1,"href":"https:\/\/www.lejournalci.org\/index.php\/wp-json\/wp\/v2\/posts\/10293\/revisions"}],"predecessor-version":[{"id":10297,"href":"https:\/\/www.lejournalci.org\/index.php\/wp-json\/wp\/v2\/posts\/10293\/revisions\/10297"}],"wp:featuredmedia":[{"embeddable":true,"href":"https:\/\/www.lejournalci.org\/index.php\/wp-json\/wp\/v2\/media\/10295"}],"wp:attachment":[{"href":"https:\/\/www.lejournalci.org\/index.php\/wp-json\/wp\/v2\/media?parent=10293"}],"wp:term":[{"taxonomy":"category","embeddable":true,"href":"https:\/\/www.lejournalci.org\/index.php\/wp-json\/wp\/v2\/categories?post=10293"},{"taxonomy":"post_tag","embeddable":true,"href":"https:\/\/www.lejournalci.org\/index.php\/wp-json\/wp\/v2\/tags?post=10293"}],"curies":[{"name":"wp","href":"https:\/\/api.w.org\/{rel}","templated":true}]}}