{"id":10284,"date":"2025-11-30T07:54:24","date_gmt":"2025-11-30T07:54:24","guid":{"rendered":"https:\/\/www.lejournalci.org\/?p=10284"},"modified":"2025-11-30T08:23:54","modified_gmt":"2025-11-30T08:23:54","slug":"la-rdc-et-la-serbie-renforcent-leur-cooperation-par-de-signature-de-nouveaux-accords-dans-divers-secteurs","status":"publish","type":"post","link":"https:\/\/www.lejournalci.org\/index.php\/2025\/11\/30\/la-rdc-et-la-serbie-renforcent-leur-cooperation-par-de-signature-de-nouveaux-accords-dans-divers-secteurs\/","title":{"rendered":"La RDC et la Serbie renforcent leur coop\u00e9ration par de signature de nouveaux accords dans divers secteurs"},"content":{"rendered":"\n<p><strong>A l\u2019issue de leur t\u00eate-\u00e0-t\u00eate vendredi 28 novembre 2025 \u00e0 Belgrade (Serbie), les Pr\u00e9sidents congolais, F\u00e9lix Tshisekedi, et serbe, Aleksandar Vu\u010di\u0107, ont r\u00e9affirm\u00e9 leur engagement d\u2019\u00e9largir la coop\u00e9ration entre leurs pays par le d\u00e9veloppement des secteurs tels que l&#8217;agriculture, la d\u00e9fense, l&#8217;\u00e9ducation, la sant\u00e9, et la jeunesse.<\/strong><\/p>\n\n\n\n<p>L\u2019\u00e9change a port\u00e9, selon Aleksandar Vu\u010di\u0107, \u00ab<em>&nbsp;sur l&#8217;\u00e9largissement de la coop\u00e9ration R\u00e9publique d\u00e9mocratique du Congo (RDC)- Serbie, par l&#8217;int\u00e9gration de l&#8217;agriculture, (&#8230;) la coop\u00e9ration militaire, et l&#8217;encadrement de la jeunesse&nbsp;<\/em>\u00bb.<\/p>\n\n\n\n<p>La coop\u00e9ration dans le secteur de l&#8217;\u00e9ducation implique notamment l&#8217;octroi des bourses d&#8217;\u00e9tudes aux \u00e9tudiants congolais. A cela s\u2019ajoutent le transfert de technologies, la formation et la modernisation des pratiques agricoles.<\/p>\n\n\n\n<p>\u00ab&nbsp;<em>Nous avons abord\u00e9 plusieurs sujets qui vont de la s\u00e9curit\u00e9 et de la d\u00e9fense jusqu&#8217;au secteur agricole, passant \u00e9videmment par l&#8217;\u00e9ducation, la sant\u00e9 et les infrastructures. Mon pays, la R\u00e9publique d\u00e9mocratique du Congo, offre plusieurs opportunit\u00e9s aux pays qui voudraient partager un partenariat avec nous<\/em>&nbsp;\u00bb, a rench\u00e9ri F\u00e9lix Tshisekedi.<\/p>\n\n\n\n<p>Le Chef de l&#8217;Etat congolais et son \u00e9pouse sont arriv\u00e9s jeudi \u00e0&nbsp;Belgrade, pour une visite officielle de trois jours \u00e0 l\u2019invitation de son homologue serbe.En plus d\u2019un entretien en t\u00eate-\u00e0-t\u00eate entre les deux chefs d\u2019\u00c9tat, une s\u00e9ance pl\u00e9ni\u00e8re r\u00e9unissant les membres des d\u00e9l\u00e9gations serbe et congolaise s\u2019est tenue au Palais de Serbie. Elle s\u2019est conclue par la signature de plusieurs accords bilat\u00e9raux.<\/p>\n\n\n\n<figure class=\"wp-block-image size-large\"><img loading=\"lazy\" decoding=\"async\" width=\"1080\" height=\"607\" src=\"https:\/\/www.lejournalci.org\/wp-content\/uploads\/2025\/11\/1001497939-edited.jpg\" alt=\"\" class=\"wp-image-10286\" srcset=\"https:\/\/www.lejournalci.org\/wp-content\/uploads\/2025\/11\/1001497939-edited.jpg 1080w, https:\/\/www.lejournalci.org\/wp-content\/uploads\/2025\/11\/1001497939-edited-300x169.jpg 300w, https:\/\/www.lejournalci.org\/wp-content\/uploads\/2025\/11\/1001497939-edited-1024x576.jpg 1024w, https:\/\/www.lejournalci.org\/wp-content\/uploads\/2025\/11\/1001497939-edited-768x432.jpg 768w\" sizes=\"auto, (max-width: 1080px) 100vw, 1080px\" \/><\/figure>\n\n\n\n<p>Cette visite intervient alors que la RDC cherche \u00e0 diversifier et \u00e9largir ses partenariats internationaux. Au cours de leur derni\u00e8re rencontre lors de la 79e session de l&#8217;Assembl\u00e9e g\u00e9n\u00e9rale des Nations-Unies, \u00e0 New-York, en septembre 2024, F\u00e9lix Tshisekedi Tshilombo et Aleksandar Vu\u010di\u010d s&#8217;\u00e9taient engag\u00e9s \u00e0 approfondir les relations d&#8217;amiti\u00e9 et de coop\u00e9ration qui lient leurs pays sur des questions d&#8217;int\u00e9r\u00eat commun.<\/p>\n\n\n\n<p><strong>SUIVRE LA VID\u00c9O DE LA D\u00c9CLARATION DES DEUX CHEFS D&#8217;\u00c9TATS <\/strong><\/p>\n\n\n\n<figure class=\"wp-block-embed is-type-video is-provider-youtube wp-block-embed-youtube wp-embed-aspect-16-9 wp-has-aspect-ratio\"><div class=\"wp-block-embed__wrapper\">\n<iframe loading=\"lazy\" title=\"D\u00e9claration : Visite officielle du Chef de l\u2019\u00c9tat de la RDC F\u00e9lix TSHISEKEDI en Serbie\" width=\"800\" height=\"450\" src=\"https:\/\/www.youtube.com\/embed\/61dgj3uAifU?feature=oembed\" frameborder=\"0\" allow=\"accelerometer; autoplay; clipboard-write; encrypted-media; gyroscope; picture-in-picture; web-share\" referrerpolicy=\"strict-origin-when-cross-origin\" allowfullscreen><\/iframe>\n<\/div><\/figure>\n\n\n\n<p><strong>SOURCE: Pr\u00e9sidence de la RDC.<\/strong><\/p>\n","protected":false},"excerpt":{"rendered":"<p>A l\u2019issue de leur t\u00eate-\u00e0-t\u00eate vendredi 28 novembre 2025 \u00e0 Belgrade (Serbie), les Pr\u00e9sidents congolais, F\u00e9lix Tshisekedi, et serbe, Aleksandar Vu\u010di\u0107, ont r\u00e9affirm\u00e9 leur engagement d\u2019\u00e9largir la coop\u00e9ration entre leurs pays par le d\u00e9veloppement des secteurs tels que l&#8217;agriculture, la d\u00e9fense, l&#8217;\u00e9ducation, la sant\u00e9, et la jeunesse. L\u2019\u00e9change a port\u00e9,<\/p>\n","protected":false},"author":3,"featured_media":10288,"comment_status":"closed","ping_status":"open","sticky":false,"template":"","format":"standard","meta":{"colormag_page_container_layout":"default_layout","colormag_page_sidebar_layout":"default_layout","_jetpack_memberships_contains_paid_content":false,"footnotes":"","jetpack_publicize_message":"","jetpack_publicize_feature_enabled":true,"jetpack_social_post_already_shared":true,"jetpack_social_options":{"image_generator_settings":{"template":"highway","default_image_id":0,"font":"","enabled":false},"version":2}},"categories":[51],"tags":[],"class_list":["post-10284","post","type-post","status-publish","format-standard","has-post-thumbnail","hentry","category-diplomatie"],"magazineBlocksPostFeaturedMedia":{"thumbnail":"https:\/\/www.lejournalci.org\/wp-content\/uploads\/2025\/11\/1001497800-edited-150x150.jpg","medium":"https:\/\/www.lejournalci.org\/wp-content\/uploads\/2025\/11\/1001497800-edited-300x169.jpg","medium_large":"https:\/\/www.lejournalci.org\/wp-content\/uploads\/2025\/11\/1001497800-edited-768x432.jpg","large":"https:\/\/www.lejournalci.org\/wp-content\/uploads\/2025\/11\/1001497800-edited.jpg","1536x1536":"https:\/\/www.lejournalci.org\/wp-content\/uploads\/2025\/11\/1001497800-edited.jpg","2048x2048":"https:\/\/www.lejournalci.org\/wp-content\/uploads\/2025\/11\/1001497800-edited.jpg","colormag-highlighted-post":"https:\/\/www.lejournalci.org\/wp-content\/uploads\/2025\/11\/1001497800-edited-392x272.jpg","colormag-featured-post-medium":"https:\/\/www.lejournalci.org\/wp-content\/uploads\/2025\/11\/1001497800-edited-390x205.jpg","colormag-featured-post-small":"https:\/\/www.lejournalci.org\/wp-content\/uploads\/2025\/11\/1001497800-edited-130x90.jpg","colormag-featured-image":"https:\/\/www.lejournalci.org\/wp-content\/uploads\/2025\/11\/1001497800-edited-800x445.jpg","colormag-default-news":"https:\/\/www.lejournalci.org\/wp-content\/uploads\/2025\/11\/1001497800-edited-150x150.jpg","colormag-featured-image-large":"https:\/\/www.lejournalci.org\/wp-content\/uploads\/2025\/11\/1001497800-edited.jpg"},"magazineBlocksPostAuthor":{"name":"La R\u00e9daction CI","avatar":"https:\/\/secure.gravatar.com\/avatar\/e63ab2ab378e283740d8889fbe2ec43fdcee7ac714a480d705f61cb1e5675c4c?s=96&d=mm&r=g"},"magazineBlocksPostCommentsNumber":false,"magazineBlocksPostExcerpt":"A l\u2019issue de leur t\u00eate-\u00e0-t\u00eate vendredi 28 novembre 2025 \u00e0 Belgrade (Serbie), les Pr\u00e9sidents congolais, F\u00e9lix Tshisekedi, et serbe, Aleksandar Vu\u010di\u0107, ont r\u00e9affirm\u00e9 leur engagement d\u2019\u00e9largir la coop\u00e9ration entre leurs pays par le d\u00e9veloppement des secteurs tels que l&#8217;agriculture, la d\u00e9fense, l&#8217;\u00e9ducation, la sant\u00e9, et la jeunesse. L\u2019\u00e9change a port\u00e9,","magazineBlocksPostCategories":["DIPLOMATIE"],"magazineBlocksPostViewCount":504,"magazineBlocksPostReadTime":2,"magazine_blocks_featured_image_url":{"full":["https:\/\/www.lejournalci.org\/wp-content\/uploads\/2025\/11\/1001497800-edited.jpg",854,480,false],"medium":["https:\/\/www.lejournalci.org\/wp-content\/uploads\/2025\/11\/1001497800-edited-300x169.jpg",300,169,true],"thumbnail":["https:\/\/www.lejournalci.org\/wp-content\/uploads\/2025\/11\/1001497800-edited-150x150.jpg",150,150,true]},"magazine_blocks_author":{"display_name":"La R\u00e9daction CI","author_link":"https:\/\/www.lejournalci.org\/index.php\/author\/noebricendongyahoo-fr\/"},"magazine_blocks_comment":0,"magazine_blocks_author_image":"https:\/\/secure.gravatar.com\/avatar\/e63ab2ab378e283740d8889fbe2ec43fdcee7ac714a480d705f61cb1e5675c4c?s=96&d=mm&r=g","magazine_blocks_category":"<a href=\"#\" class=\"category-link category-link-51\">DIPLOMATIE<\/a>","yoast_head":"<!-- This site is optimized with the Yoast SEO plugin v26.2 - https:\/\/yoast.com\/wordpress\/plugins\/seo\/ -->\n<title>La RDC et la Serbie renforcent leur coop\u00e9ration par de signature de nouveaux accords dans divers secteurs - Cooperation Internationale<\/title>\n<meta name=\"robots\" content=\"index, follow, max-snippet:-1, max-image-preview:large, max-video-preview:-1\" \/>\n<link rel=\"canonical\" href=\"https:\/\/www.lejournalci.org\/index.php\/2025\/11\/30\/la-rdc-et-la-serbie-renforcent-leur-cooperation-par-de-signature-de-nouveaux-accords-dans-divers-secteurs\/\" \/>\n<meta property=\"og:locale\" content=\"fr_FR\" \/>\n<meta property=\"og:type\" content=\"article\" \/>\n<meta property=\"og:title\" content=\"La RDC et la Serbie renforcent leur coop\u00e9ration par de signature de nouveaux accords dans divers secteurs - Cooperation Internationale\" \/>\n<meta property=\"og:description\" content=\"A l\u2019issue de leur t\u00eate-\u00e0-t\u00eate vendredi 28 novembre 2025 \u00e0 Belgrade (Serbie), les Pr\u00e9sidents congolais, F\u00e9lix Tshisekedi, et serbe, Aleksandar Vu\u010di\u0107, ont r\u00e9affirm\u00e9 leur engagement d\u2019\u00e9largir la coop\u00e9ration entre leurs pays par le d\u00e9veloppement des secteurs tels que l&#8217;agriculture, la d\u00e9fense, l&#8217;\u00e9ducation, la sant\u00e9, et la jeunesse. L\u2019\u00e9change a port\u00e9,\" \/>\n<meta property=\"og:url\" content=\"https:\/\/www.lejournalci.org\/index.php\/2025\/11\/30\/la-rdc-et-la-serbie-renforcent-leur-cooperation-par-de-signature-de-nouveaux-accords-dans-divers-secteurs\/\" \/>\n<meta property=\"og:site_name\" content=\"Cooperation Internationale\" \/>\n<meta property=\"article:publisher\" content=\"https:\/\/www.facebook.com\/journalCI\/\" \/>\n<meta property=\"article:published_time\" content=\"2025-11-30T07:54:24+00:00\" \/>\n<meta property=\"article:modified_time\" content=\"2025-11-30T08:23:54+00:00\" \/>\n<meta property=\"og:image\" content=\"https:\/\/www.lejournalci.org\/wp-content\/uploads\/2025\/11\/1001497800-edited.jpg\" \/>\n\t<meta property=\"og:image:width\" content=\"854\" \/>\n\t<meta property=\"og:image:height\" content=\"480\" \/>\n\t<meta property=\"og:image:type\" content=\"image\/jpeg\" \/>\n<meta name=\"author\" content=\"La R\u00e9daction CI\" \/>\n<meta name=\"twitter:card\" content=\"summary_large_image\" \/>\n<meta name=\"twitter:creator\" content=\"@lejournalc\" \/>\n<meta name=\"twitter:site\" content=\"@lejournalc\" \/>\n<meta name=\"twitter:label1\" content=\"\u00c9crit par\" \/>\n\t<meta name=\"twitter:data1\" content=\"La R\u00e9daction CI\" \/>\n\t<meta name=\"twitter:label2\" content=\"Dur\u00e9e de lecture estim\u00e9e\" \/>\n\t<meta name=\"twitter:data2\" content=\"2 minutes\" \/>\n<script type=\"application\/ld+json\" class=\"yoast-schema-graph\">{\"@context\":\"https:\/\/schema.org\",\"@graph\":[{\"@type\":\"Article\",\"@id\":\"https:\/\/www.lejournalci.org\/index.php\/2025\/11\/30\/la-rdc-et-la-serbie-renforcent-leur-cooperation-par-de-signature-de-nouveaux-accords-dans-divers-secteurs\/#article\",\"isPartOf\":{\"@id\":\"https:\/\/www.lejournalci.org\/index.php\/2025\/11\/30\/la-rdc-et-la-serbie-renforcent-leur-cooperation-par-de-signature-de-nouveaux-accords-dans-divers-secteurs\/\"},\"author\":{\"name\":\"La R\u00e9daction CI\",\"@id\":\"https:\/\/www.lejournalci.org\/#\/schema\/person\/2efe42dc5459aaaf6d89cb27e736002b\"},\"headline\":\"La RDC et la Serbie renforcent leur coop\u00e9ration par de signature de nouveaux accords dans divers secteurs\",\"datePublished\":\"2025-11-30T07:54:24+00:00\",\"dateModified\":\"2025-11-30T08:23:54+00:00\",\"mainEntityOfPage\":{\"@id\":\"https:\/\/www.lejournalci.org\/index.php\/2025\/11\/30\/la-rdc-et-la-serbie-renforcent-leur-cooperation-par-de-signature-de-nouveaux-accords-dans-divers-secteurs\/\"},\"wordCount\":392,\"publisher\":{\"@id\":\"https:\/\/www.lejournalci.org\/#organization\"},\"image\":{\"@id\":\"https:\/\/www.lejournalci.org\/index.php\/2025\/11\/30\/la-rdc-et-la-serbie-renforcent-leur-cooperation-par-de-signature-de-nouveaux-accords-dans-divers-secteurs\/#primaryimage\"},\"thumbnailUrl\":\"https:\/\/www.lejournalci.org\/wp-content\/uploads\/2025\/11\/1001497800-edited.jpg\",\"articleSection\":[\"DIPLOMATIE\"],\"inLanguage\":\"fr-FR\"},{\"@type\":\"WebPage\",\"@id\":\"https:\/\/www.lejournalci.org\/index.php\/2025\/11\/30\/la-rdc-et-la-serbie-renforcent-leur-cooperation-par-de-signature-de-nouveaux-accords-dans-divers-secteurs\/\",\"url\":\"https:\/\/www.lejournalci.org\/index.php\/2025\/11\/30\/la-rdc-et-la-serbie-renforcent-leur-cooperation-par-de-signature-de-nouveaux-accords-dans-divers-secteurs\/\",\"name\":\"La RDC et la Serbie renforcent leur coop\u00e9ration par de signature de nouveaux accords dans divers secteurs - Cooperation Internationale\",\"isPartOf\":{\"@id\":\"https:\/\/www.lejournalci.org\/#website\"},\"primaryImageOfPage\":{\"@id\":\"https:\/\/www.lejournalci.org\/index.php\/2025\/11\/30\/la-rdc-et-la-serbie-renforcent-leur-cooperation-par-de-signature-de-nouveaux-accords-dans-divers-secteurs\/#primaryimage\"},\"image\":{\"@id\":\"https:\/\/www.lejournalci.org\/index.php\/2025\/11\/30\/la-rdc-et-la-serbie-renforcent-leur-cooperation-par-de-signature-de-nouveaux-accords-dans-divers-secteurs\/#primaryimage\"},\"thumbnailUrl\":\"https:\/\/www.lejournalci.org\/wp-content\/uploads\/2025\/11\/1001497800-edited.jpg\",\"datePublished\":\"2025-11-30T07:54:24+00:00\",\"dateModified\":\"2025-11-30T08:23:54+00:00\",\"breadcrumb\":{\"@id\":\"https:\/\/www.lejournalci.org\/index.php\/2025\/11\/30\/la-rdc-et-la-serbie-renforcent-leur-cooperation-par-de-signature-de-nouveaux-accords-dans-divers-secteurs\/#breadcrumb\"},\"inLanguage\":\"fr-FR\",\"potentialAction\":[{\"@type\":\"ReadAction\",\"target\":[\"https:\/\/www.lejournalci.org\/index.php\/2025\/11\/30\/la-rdc-et-la-serbie-renforcent-leur-cooperation-par-de-signature-de-nouveaux-accords-dans-divers-secteurs\/\"]}]},{\"@type\":\"ImageObject\",\"inLanguage\":\"fr-FR\",\"@id\":\"https:\/\/www.lejournalci.org\/index.php\/2025\/11\/30\/la-rdc-et-la-serbie-renforcent-leur-cooperation-par-de-signature-de-nouveaux-accords-dans-divers-secteurs\/#primaryimage\",\"url\":\"https:\/\/www.lejournalci.org\/wp-content\/uploads\/2025\/11\/1001497800-edited.jpg\",\"contentUrl\":\"https:\/\/www.lejournalci.org\/wp-content\/uploads\/2025\/11\/1001497800-edited.jpg\",\"width\":854,\"height\":480},{\"@type\":\"BreadcrumbList\",\"@id\":\"https:\/\/www.lejournalci.org\/index.php\/2025\/11\/30\/la-rdc-et-la-serbie-renforcent-leur-cooperation-par-de-signature-de-nouveaux-accords-dans-divers-secteurs\/#breadcrumb\",\"itemListElement\":[{\"@type\":\"ListItem\",\"position\":1,\"name\":\"Accueil\",\"item\":\"https:\/\/www.lejournalci.org\/\"},{\"@type\":\"ListItem\",\"position\":2,\"name\":\"La RDC et la Serbie renforcent leur coop\u00e9ration par de signature de nouveaux accords dans divers secteurs\"}]},{\"@type\":\"WebSite\",\"@id\":\"https:\/\/www.lejournalci.org\/#website\",\"url\":\"https:\/\/www.lejournalci.org\/\",\"name\":\"Cooperation Internationale\",\"description\":\"Faire de la Coop\u00e9ration un Puissant Instrument de D\u00e9veloppement\",\"publisher\":{\"@id\":\"https:\/\/www.lejournalci.org\/#organization\"},\"potentialAction\":[{\"@type\":\"SearchAction\",\"target\":{\"@type\":\"EntryPoint\",\"urlTemplate\":\"https:\/\/www.lejournalci.org\/?s={search_term_string}\"},\"query-input\":{\"@type\":\"PropertyValueSpecification\",\"valueRequired\":true,\"valueName\":\"search_term_string\"}}],\"inLanguage\":\"fr-FR\"},{\"@type\":\"Organization\",\"@id\":\"https:\/\/www.lejournalci.org\/#organization\",\"name\":\"Cooperation Internationale\",\"url\":\"https:\/\/www.lejournalci.org\/\",\"logo\":{\"@type\":\"ImageObject\",\"inLanguage\":\"fr-FR\",\"@id\":\"https:\/\/www.lejournalci.org\/#\/schema\/logo\/image\/\",\"url\":\"https:\/\/www.lejournalci.org\/wp-content\/uploads\/2024\/12\/logo-coopint_HD_3.jpg\",\"contentUrl\":\"https:\/\/www.lejournalci.org\/wp-content\/uploads\/2024\/12\/logo-coopint_HD_3.jpg\",\"width\":700,\"height\":214,\"caption\":\"Cooperation Internationale\"},\"image\":{\"@id\":\"https:\/\/www.lejournalci.org\/#\/schema\/logo\/image\/\"},\"sameAs\":[\"https:\/\/www.facebook.com\/journalCI\/\",\"https:\/\/x.com\/lejournalc\"]},{\"@type\":\"Person\",\"@id\":\"https:\/\/www.lejournalci.org\/#\/schema\/person\/2efe42dc5459aaaf6d89cb27e736002b\",\"name\":\"La R\u00e9daction CI\",\"image\":{\"@type\":\"ImageObject\",\"inLanguage\":\"fr-FR\",\"@id\":\"https:\/\/www.lejournalci.org\/#\/schema\/person\/image\/\",\"url\":\"https:\/\/secure.gravatar.com\/avatar\/e63ab2ab378e283740d8889fbe2ec43fdcee7ac714a480d705f61cb1e5675c4c?s=96&d=mm&r=g\",\"contentUrl\":\"https:\/\/secure.gravatar.com\/avatar\/e63ab2ab378e283740d8889fbe2ec43fdcee7ac714a480d705f61cb1e5675c4c?s=96&d=mm&r=g\",\"caption\":\"La R\u00e9daction CI\"},\"url\":\"https:\/\/www.lejournalci.org\/index.php\/author\/noebricendongyahoo-fr\/\"}]}<\/script>\n<!-- \/ Yoast SEO plugin. -->","yoast_head_json":{"title":"La RDC et la Serbie renforcent leur coop\u00e9ration par de signature de nouveaux accords dans divers secteurs - Cooperation Internationale","robots":{"index":"index","follow":"follow","max-snippet":"max-snippet:-1","max-image-preview":"max-image-preview:large","max-video-preview":"max-video-preview:-1"},"canonical":"https:\/\/www.lejournalci.org\/index.php\/2025\/11\/30\/la-rdc-et-la-serbie-renforcent-leur-cooperation-par-de-signature-de-nouveaux-accords-dans-divers-secteurs\/","og_locale":"fr_FR","og_type":"article","og_title":"La RDC et la Serbie renforcent leur coop\u00e9ration par de signature de nouveaux accords dans divers secteurs - Cooperation Internationale","og_description":"A l\u2019issue de leur t\u00eate-\u00e0-t\u00eate vendredi 28 novembre 2025 \u00e0 Belgrade (Serbie), les Pr\u00e9sidents congolais, F\u00e9lix Tshisekedi, et serbe, Aleksandar Vu\u010di\u0107, ont r\u00e9affirm\u00e9 leur engagement d\u2019\u00e9largir la coop\u00e9ration entre leurs pays par le d\u00e9veloppement des secteurs tels que l&#8217;agriculture, la d\u00e9fense, l&#8217;\u00e9ducation, la sant\u00e9, et la jeunesse. L\u2019\u00e9change a port\u00e9,","og_url":"https:\/\/www.lejournalci.org\/index.php\/2025\/11\/30\/la-rdc-et-la-serbie-renforcent-leur-cooperation-par-de-signature-de-nouveaux-accords-dans-divers-secteurs\/","og_site_name":"Cooperation Internationale","article_publisher":"https:\/\/www.facebook.com\/journalCI\/","article_published_time":"2025-11-30T07:54:24+00:00","article_modified_time":"2025-11-30T08:23:54+00:00","og_image":[{"width":854,"height":480,"url":"https:\/\/www.lejournalci.org\/wp-content\/uploads\/2025\/11\/1001497800-edited.jpg","type":"image\/jpeg"}],"author":"La R\u00e9daction CI","twitter_card":"summary_large_image","twitter_creator":"@lejournalc","twitter_site":"@lejournalc","twitter_misc":{"\u00c9crit par":"La R\u00e9daction CI","Dur\u00e9e de lecture estim\u00e9e":"2 minutes"},"schema":{"@context":"https:\/\/schema.org","@graph":[{"@type":"Article","@id":"https:\/\/www.lejournalci.org\/index.php\/2025\/11\/30\/la-rdc-et-la-serbie-renforcent-leur-cooperation-par-de-signature-de-nouveaux-accords-dans-divers-secteurs\/#article","isPartOf":{"@id":"https:\/\/www.lejournalci.org\/index.php\/2025\/11\/30\/la-rdc-et-la-serbie-renforcent-leur-cooperation-par-de-signature-de-nouveaux-accords-dans-divers-secteurs\/"},"author":{"name":"La R\u00e9daction CI","@id":"https:\/\/www.lejournalci.org\/#\/schema\/person\/2efe42dc5459aaaf6d89cb27e736002b"},"headline":"La RDC et la Serbie renforcent leur coop\u00e9ration par de signature de nouveaux accords dans divers secteurs","datePublished":"2025-11-30T07:54:24+00:00","dateModified":"2025-11-30T08:23:54+00:00","mainEntityOfPage":{"@id":"https:\/\/www.lejournalci.org\/index.php\/2025\/11\/30\/la-rdc-et-la-serbie-renforcent-leur-cooperation-par-de-signature-de-nouveaux-accords-dans-divers-secteurs\/"},"wordCount":392,"publisher":{"@id":"https:\/\/www.lejournalci.org\/#organization"},"image":{"@id":"https:\/\/www.lejournalci.org\/index.php\/2025\/11\/30\/la-rdc-et-la-serbie-renforcent-leur-cooperation-par-de-signature-de-nouveaux-accords-dans-divers-secteurs\/#primaryimage"},"thumbnailUrl":"https:\/\/www.lejournalci.org\/wp-content\/uploads\/2025\/11\/1001497800-edited.jpg","articleSection":["DIPLOMATIE"],"inLanguage":"fr-FR"},{"@type":"WebPage","@id":"https:\/\/www.lejournalci.org\/index.php\/2025\/11\/30\/la-rdc-et-la-serbie-renforcent-leur-cooperation-par-de-signature-de-nouveaux-accords-dans-divers-secteurs\/","url":"https:\/\/www.lejournalci.org\/index.php\/2025\/11\/30\/la-rdc-et-la-serbie-renforcent-leur-cooperation-par-de-signature-de-nouveaux-accords-dans-divers-secteurs\/","name":"La RDC et la Serbie renforcent leur coop\u00e9ration par de signature de nouveaux accords dans divers secteurs - Cooperation Internationale","isPartOf":{"@id":"https:\/\/www.lejournalci.org\/#website"},"primaryImageOfPage":{"@id":"https:\/\/www.lejournalci.org\/index.php\/2025\/11\/30\/la-rdc-et-la-serbie-renforcent-leur-cooperation-par-de-signature-de-nouveaux-accords-dans-divers-secteurs\/#primaryimage"},"image":{"@id":"https:\/\/www.lejournalci.org\/index.php\/2025\/11\/30\/la-rdc-et-la-serbie-renforcent-leur-cooperation-par-de-signature-de-nouveaux-accords-dans-divers-secteurs\/#primaryimage"},"thumbnailUrl":"https:\/\/www.lejournalci.org\/wp-content\/uploads\/2025\/11\/1001497800-edited.jpg","datePublished":"2025-11-30T07:54:24+00:00","dateModified":"2025-11-30T08:23:54+00:00","breadcrumb":{"@id":"https:\/\/www.lejournalci.org\/index.php\/2025\/11\/30\/la-rdc-et-la-serbie-renforcent-leur-cooperation-par-de-signature-de-nouveaux-accords-dans-divers-secteurs\/#breadcrumb"},"inLanguage":"fr-FR","potentialAction":[{"@type":"ReadAction","target":["https:\/\/www.lejournalci.org\/index.php\/2025\/11\/30\/la-rdc-et-la-serbie-renforcent-leur-cooperation-par-de-signature-de-nouveaux-accords-dans-divers-secteurs\/"]}]},{"@type":"ImageObject","inLanguage":"fr-FR","@id":"https:\/\/www.lejournalci.org\/index.php\/2025\/11\/30\/la-rdc-et-la-serbie-renforcent-leur-cooperation-par-de-signature-de-nouveaux-accords-dans-divers-secteurs\/#primaryimage","url":"https:\/\/www.lejournalci.org\/wp-content\/uploads\/2025\/11\/1001497800-edited.jpg","contentUrl":"https:\/\/www.lejournalci.org\/wp-content\/uploads\/2025\/11\/1001497800-edited.jpg","width":854,"height":480},{"@type":"BreadcrumbList","@id":"https:\/\/www.lejournalci.org\/index.php\/2025\/11\/30\/la-rdc-et-la-serbie-renforcent-leur-cooperation-par-de-signature-de-nouveaux-accords-dans-divers-secteurs\/#breadcrumb","itemListElement":[{"@type":"ListItem","position":1,"name":"Accueil","item":"https:\/\/www.lejournalci.org\/"},{"@type":"ListItem","position":2,"name":"La RDC et la Serbie renforcent leur coop\u00e9ration par de signature de nouveaux accords dans divers secteurs"}]},{"@type":"WebSite","@id":"https:\/\/www.lejournalci.org\/#website","url":"https:\/\/www.lejournalci.org\/","name":"Cooperation Internationale","description":"Faire de la Coop\u00e9ration un Puissant Instrument de D\u00e9veloppement","publisher":{"@id":"https:\/\/www.lejournalci.org\/#organization"},"potentialAction":[{"@type":"SearchAction","target":{"@type":"EntryPoint","urlTemplate":"https:\/\/www.lejournalci.org\/?s={search_term_string}"},"query-input":{"@type":"PropertyValueSpecification","valueRequired":true,"valueName":"search_term_string"}}],"inLanguage":"fr-FR"},{"@type":"Organization","@id":"https:\/\/www.lejournalci.org\/#organization","name":"Cooperation Internationale","url":"https:\/\/www.lejournalci.org\/","logo":{"@type":"ImageObject","inLanguage":"fr-FR","@id":"https:\/\/www.lejournalci.org\/#\/schema\/logo\/image\/","url":"https:\/\/www.lejournalci.org\/wp-content\/uploads\/2024\/12\/logo-coopint_HD_3.jpg","contentUrl":"https:\/\/www.lejournalci.org\/wp-content\/uploads\/2024\/12\/logo-coopint_HD_3.jpg","width":700,"height":214,"caption":"Cooperation Internationale"},"image":{"@id":"https:\/\/www.lejournalci.org\/#\/schema\/logo\/image\/"},"sameAs":["https:\/\/www.facebook.com\/journalCI\/","https:\/\/x.com\/lejournalc"]},{"@type":"Person","@id":"https:\/\/www.lejournalci.org\/#\/schema\/person\/2efe42dc5459aaaf6d89cb27e736002b","name":"La R\u00e9daction CI","image":{"@type":"ImageObject","inLanguage":"fr-FR","@id":"https:\/\/www.lejournalci.org\/#\/schema\/person\/image\/","url":"https:\/\/secure.gravatar.com\/avatar\/e63ab2ab378e283740d8889fbe2ec43fdcee7ac714a480d705f61cb1e5675c4c?s=96&d=mm&r=g","contentUrl":"https:\/\/secure.gravatar.com\/avatar\/e63ab2ab378e283740d8889fbe2ec43fdcee7ac714a480d705f61cb1e5675c4c?s=96&d=mm&r=g","caption":"La R\u00e9daction CI"},"url":"https:\/\/www.lejournalci.org\/index.php\/author\/noebricendongyahoo-fr\/"}]}},"jetpack_publicize_connections":[],"jetpack_featured_media_url":"https:\/\/www.lejournalci.org\/wp-content\/uploads\/2025\/11\/1001497800-edited.jpg","jetpack_sharing_enabled":true,"_links":{"self":[{"href":"https:\/\/www.lejournalci.org\/index.php\/wp-json\/wp\/v2\/posts\/10284","targetHints":{"allow":["GET"]}}],"collection":[{"href":"https:\/\/www.lejournalci.org\/index.php\/wp-json\/wp\/v2\/posts"}],"about":[{"href":"https:\/\/www.lejournalci.org\/index.php\/wp-json\/wp\/v2\/types\/post"}],"author":[{"embeddable":true,"href":"https:\/\/www.lejournalci.org\/index.php\/wp-json\/wp\/v2\/users\/3"}],"replies":[{"embeddable":true,"href":"https:\/\/www.lejournalci.org\/index.php\/wp-json\/wp\/v2\/comments?post=10284"}],"version-history":[{"count":2,"href":"https:\/\/www.lejournalci.org\/index.php\/wp-json\/wp\/v2\/posts\/10284\/revisions"}],"predecessor-version":[{"id":10292,"href":"https:\/\/www.lejournalci.org\/index.php\/wp-json\/wp\/v2\/posts\/10284\/revisions\/10292"}],"wp:featuredmedia":[{"embeddable":true,"href":"https:\/\/www.lejournalci.org\/index.php\/wp-json\/wp\/v2\/media\/10288"}],"wp:attachment":[{"href":"https:\/\/www.lejournalci.org\/index.php\/wp-json\/wp\/v2\/media?parent=10284"}],"wp:term":[{"taxonomy":"category","embeddable":true,"href":"https:\/\/www.lejournalci.org\/index.php\/wp-json\/wp\/v2\/categories?post=10284"},{"taxonomy":"post_tag","embeddable":true,"href":"https:\/\/www.lejournalci.org\/index.php\/wp-json\/wp\/v2\/tags?post=10284"}],"curies":[{"name":"wp","href":"https:\/\/api.w.org\/{rel}","templated":true}]}}